{"id":613,"date":"2016-10-25T09:18:49","date_gmt":"2016-10-25T07:18:49","guid":{"rendered":"http:\/\/dev.m-q.ch\/?p=613"},"modified":"2017-02-28T09:10:01","modified_gmt":"2017-02-28T08:10:01","slug":"mittels-lasertechnologie-kommunizieren","status":"publish","type":"post","link":"https:\/\/www.m-q.ch\/de\/mittels-lasertechnologie-kommunizieren\/","title":{"rendered":"Mittels Lasertechnologie kommunizieren"},"content":{"rendered":"<figure id=\"attachment_174\" aria-describedby=\"caption-attachment-174\" style=\"width: 680px\" class=\"wp-caption alignnone\"><a href=\"https:\/\/m-q.ch\/wp-content\/uploads\/2016\/12\/Mittels-Lasertechnologie-kommunizieren-management-und-qualitaet.jpg\"><img loading=\"lazy\" decoding=\"async\" class=\"wp-image-174 size-medium\" src=\"https:\/\/www.m-q.ch\/wp-content\/uploads\/2016\/12\/Mittels-Lasertechnologie-kommunizieren-management-und-qualitaet-680x510.jpg\" width=\"680\" height=\"510\" srcset=\"https:\/\/www.m-q.ch\/wp-content\/uploads\/2016\/12\/Mittels-Lasertechnologie-kommunizieren-management-und-qualitaet-680x510.jpg 680w, https:\/\/www.m-q.ch\/wp-content\/uploads\/2016\/12\/Mittels-Lasertechnologie-kommunizieren-management-und-qualitaet-768x576.jpg 768w, https:\/\/www.m-q.ch\/wp-content\/uploads\/2016\/12\/Mittels-Lasertechnologie-kommunizieren-management-und-qualitaet-1536x1152.jpg 1536w, https:\/\/www.m-q.ch\/wp-content\/uploads\/2016\/12\/Mittels-Lasertechnologie-kommunizieren-management-und-qualitaet-16x12.jpg 16w, https:\/\/www.m-q.ch\/wp-content\/uploads\/2016\/12\/Mittels-Lasertechnologie-kommunizieren-management-und-qualitaet-233x175.jpg 233w, https:\/\/www.m-q.ch\/wp-content\/uploads\/2016\/12\/Mittels-Lasertechnologie-kommunizieren-management-und-qualitaet-467x350.jpg 467w, https:\/\/www.m-q.ch\/wp-content\/uploads\/2016\/12\/Mittels-Lasertechnologie-kommunizieren-management-und-qualitaet-1067x800.jpg 1067w, https:\/\/www.m-q.ch\/wp-content\/uploads\/2016\/12\/Mittels-Lasertechnologie-kommunizieren-management-und-qualitaet-920x690.jpg 920w, https:\/\/www.m-q.ch\/wp-content\/uploads\/2016\/12\/Mittels-Lasertechnologie-kommunizieren-management-und-qualitaet-1400x1050.jpg 1400w, https:\/\/www.m-q.ch\/wp-content\/uploads\/2016\/12\/Mittels-Lasertechnologie-kommunizieren-management-und-qualitaet-1867x1400.jpg 1867w, https:\/\/www.m-q.ch\/wp-content\/uploads\/2016\/12\/Mittels-Lasertechnologie-kommunizieren-management-und-qualitaet-300x225.jpg 300w, https:\/\/www.m-q.ch\/wp-content\/uploads\/2016\/12\/Mittels-Lasertechnologie-kommunizieren-management-und-qualitaet-1024x768.jpg 1024w, https:\/\/www.m-q.ch\/wp-content\/uploads\/2016\/12\/Mittels-Lasertechnologie-kommunizieren-management-und-qualitaet-624x468.jpg 624w, https:\/\/www.m-q.ch\/wp-content\/uploads\/2016\/12\/Mittels-Lasertechnologie-kommunizieren-management-und-qualitaet.jpg 2000w\" sizes=\"auto, (max-width: 680px) 100vw, 680px\" \/><\/a><figcaption id=\"caption-attachment-174\" class=\"wp-caption-text\">In den USA laufen erste Tests mit Laser-Kommunikations- und SD-WAN-Equipments. (Bild: Depositphotos_gubh83)<\/figcaption><\/figure>\n<p>Laser Light Communications (USA) und seine Tochtergesellschaft Laser Light Global LTD (Grossbritannien) haben sich f\u00fcr eine partnerschaftliche Zusammenarbeit mit Equinix, Inc., einem globalen Anbieter von Interconnection- und Rechenzentrumsdienstleistungen, entschieden. Equinix wird sich als strategischer Interconnection-Partner f\u00fcr Laser Lights All Optical Hybrid Global Network (HALO) engagieren, dem weltweit ersten hybriden optischen Netzwerk, das ausschliesslich Lasertechnologie nutzt.<\/p>\n<p><strong>Markteinf\u00fchrung \u00a0 <\/strong><\/p>\n<p>Startschuss der Zusammenarbeit ist die Etablierung des ersten globalen Point of Presence (PoP) von Laser Light im Equinix International Business Exchange\u2122 (IBX\u00ae) Rechenzentrum DC11 im US-Bundesstaat Washington. Weitere PoPs von Laser Light sind an Equinix-Standorten in Europa, Japan, Brasilien, Australien und im Nahen Osten geplant.<\/p>\n<p>Im DC11 wird Laser Light mit der Installation, den Tests und der Demonstration seines zukunftsweisenden Laser-Kommunikations- und SD-WAN-Equipments beginnen.<\/p>\n<p>Sobald diese Infrastruktur zuverl\u00e4ssig einsatzbereit ist, wird Laser Light \u00fcber die HALO-Satelliten seine Leistungen im Rahmen von Optical Satellite as a Service (OSaaS) anbieten. Die SpaceCable\u2122-Services werden als rein optisches Kommunikationssystem f\u00fcr Carrier, Unternehmen und Regierungsbeh\u00f6rden in den weltweiten Rechenzentren von Equinix zur Verf\u00fcgung stehen.<\/p>\n<p>Dieses hybride Netzwerk aus nahtlos verbundenen terrestrischen und Satelliten-Netzen erlaubt dann die schnelle und kosteneffiziente Verbindung zweier beliebiger Punkte auf dem Globus mit 100 Gbit\/s.<\/p>\n<p><em>Mehr Informationen \u00fcber das HALO Kommunikationssystems finden Sie unter <a href=\"http:\/\/www.laserlightcomms.com\" target=\"_blank\" rel=\"noreferrer\" data-cke-saved-href=\"http:\/\/www.laserlightcomms.com\">www.laserlightcomms.com<\/a> und <a href=\"http:\/\/www.equinix.com\" target=\"_blank\" rel=\"noreferrer\" data-cke-saved-href=\"http:\/\/www.equinix.com\">www.equinix.com<\/a><\/em><\/p>\n","protected":false},"excerpt":{"rendered":"<p>Laser Light Communications (USA) und seine Tochtergesellschaft Laser Light Global LTD (Grossbritannien) haben sich f\u00fcr eine partnerschaftliche Zusammenarbeit mit Equinix, Inc., einem globalen Anbieter von Interconnection- und Rechenzentrumsdienstleistungen, entschieden. Equinix wird sich als strategischer Interconnection-Partner f\u00fcr Laser Lights All Optical Hybrid Global Network (HALO) engagieren, dem weltweit ersten hybriden optischen Netzwerk, das ausschliesslich Lasertechnologie nutzt. [&hellip;]<\/p>\n","protected":false},"author":1,"featured_media":174,"comment_status":"open","ping_status":"open","sticky":false,"template":"","format":"standard","meta":{"_acf_changed":false,"footnotes":""},"categories":[2],"tags":[3329],"class_list":["post-613","post","type-post","status-publish","format-standard","has-post-thumbnail","hentry","category-produktenews","tag-produkte"],"acf":[],"yoast_head":"<!-- This site is optimized with the Yoast SEO plugin v26.2 - https:\/\/yoast.com\/wordpress\/plugins\/seo\/ -->\n<title>Mittels Lasertechnologie kommunizieren - MQ Management und Qualit\u00e4t<\/title>\n<meta name=\"description\" content=\"Lasertechnologie: Diesen Oktober wurde die \u201eLaser Lights All Optical Hybrid Global Network\u201c, abgek\u00fcrzt HALO-Technologie pr\u00e4sentiert.\" \/>\n<meta name=\"robots\" content=\"index, follow, max-snippet:-1, max-image-preview:large, max-video-preview:-1\" \/>\n<link rel=\"canonical\" href=\"https:\/\/www.m-q.ch\/de\/mittels-lasertechnologie-kommunizieren\/\" \/>\n<meta property=\"og:locale\" content=\"de_DE\" \/>\n<meta property=\"og:type\" content=\"article\" \/>\n<meta property=\"og:title\" content=\"Mittels Lasertechnologie kommunizieren - MQ Management und Qualit\u00e4t\" \/>\n<meta property=\"og:description\" content=\"Lasertechnologie: Diesen Oktober wurde die \u201eLaser Lights All Optical Hybrid Global Network\u201c, abgek\u00fcrzt HALO-Technologie pr\u00e4sentiert.\" \/>\n<meta property=\"og:url\" content=\"https:\/\/www.m-q.ch\/de\/mittels-lasertechnologie-kommunizieren\/\" \/>\n<meta property=\"og:site_name\" content=\"MQ Management und Qualit\u00e4t\" \/>\n<meta property=\"article:publisher\" content=\"https:\/\/www.facebook.com\/ManagementUndQualitaet\" \/>\n<meta property=\"article:published_time\" content=\"2016-10-25T07:18:49+00:00\" \/>\n<meta property=\"article:modified_time\" content=\"2017-02-28T08:10:01+00:00\" \/>\n<meta property=\"og:image\" content=\"https:\/\/www.m-q.ch\/wp-content\/uploads\/2016\/12\/Mittels-Lasertechnologie-kommunizieren-management-und-qualitaet.jpg\" \/>\n\t<meta property=\"og:image:width\" content=\"2000\" \/>\n\t<meta property=\"og:image:height\" content=\"1500\" \/>\n\t<meta property=\"og:image:type\" content=\"image\/jpeg\" \/>\n<meta name=\"author\" content=\"galledia\" \/>\n<meta name=\"twitter:card\" content=\"summary_large_image\" \/>\n<meta name=\"twitter:label1\" content=\"Verfasst von\" \/>\n\t<meta name=\"twitter:data1\" content=\"galledia\" \/>\n\t<meta name=\"twitter:label2\" content=\"Gesch\u00e4tzte Lesezeit\" \/>\n\t<meta name=\"twitter:data2\" content=\"1\u00a0Minute\" \/>\n<script type=\"application\/ld+json\" class=\"yoast-schema-graph\">{\"@context\":\"https:\/\/schema.org\",\"@graph\":[{\"@type\":\"Article\",\"@id\":\"https:\/\/www.m-q.ch\/mittels-lasertechnologie-kommunizieren\/#article\",\"isPartOf\":{\"@id\":\"https:\/\/www.m-q.ch\/mittels-lasertechnologie-kommunizieren\/\"},\"author\":{\"name\":\"galledia\",\"@id\":\"https:\/\/www.m-q.ch\/fr\/#\/schema\/person\/c0139a2c55a374db6df2cde78ec87148\"},\"headline\":\"Mittels Lasertechnologie kommunizieren\",\"datePublished\":\"2016-10-25T07:18:49+00:00\",\"dateModified\":\"2017-02-28T08:10:01+00:00\",\"mainEntityOfPage\":{\"@id\":\"https:\/\/www.m-q.ch\/mittels-lasertechnologie-kommunizieren\/\"},\"wordCount\":237,\"commentCount\":0,\"publisher\":{\"@id\":\"https:\/\/www.m-q.ch\/fr\/#organization\"},\"image\":{\"@id\":\"https:\/\/www.m-q.ch\/mittels-lasertechnologie-kommunizieren\/#primaryimage\"},\"thumbnailUrl\":\"https:\/\/www.m-q.ch\/wp-content\/uploads\/2016\/12\/Mittels-Lasertechnologie-kommunizieren-management-und-qualitaet.jpg\",\"keywords\":[\"Produkte\"],\"articleSection\":[\"Produktenews\"],\"inLanguage\":\"de\"},{\"@type\":\"WebPage\",\"@id\":\"https:\/\/www.m-q.ch\/mittels-lasertechnologie-kommunizieren\/\",\"url\":\"https:\/\/www.m-q.ch\/mittels-lasertechnologie-kommunizieren\/\",\"name\":\"Mittels Lasertechnologie kommunizieren - MQ Management und Qualit\u00e4t\",\"isPartOf\":{\"@id\":\"https:\/\/www.m-q.ch\/fr\/#website\"},\"primaryImageOfPage\":{\"@id\":\"https:\/\/www.m-q.ch\/mittels-lasertechnologie-kommunizieren\/#primaryimage\"},\"image\":{\"@id\":\"https:\/\/www.m-q.ch\/mittels-lasertechnologie-kommunizieren\/#primaryimage\"},\"thumbnailUrl\":\"https:\/\/www.m-q.ch\/wp-content\/uploads\/2016\/12\/Mittels-Lasertechnologie-kommunizieren-management-und-qualitaet.jpg\",\"datePublished\":\"2016-10-25T07:18:49+00:00\",\"dateModified\":\"2017-02-28T08:10:01+00:00\",\"description\":\"Lasertechnologie: Diesen Oktober wurde die \u201eLaser Lights All Optical Hybrid Global Network\u201c, abgek\u00fcrzt HALO-Technologie pr\u00e4sentiert.\",\"breadcrumb\":{\"@id\":\"https:\/\/www.m-q.ch\/mittels-lasertechnologie-kommunizieren\/#breadcrumb\"},\"inLanguage\":\"de\",\"potentialAction\":[{\"@type\":\"ReadAction\",\"target\":[\"https:\/\/www.m-q.ch\/mittels-lasertechnologie-kommunizieren\/\"]}]},{\"@type\":\"ImageObject\",\"inLanguage\":\"de\",\"@id\":\"https:\/\/www.m-q.ch\/mittels-lasertechnologie-kommunizieren\/#primaryimage\",\"url\":\"https:\/\/www.m-q.ch\/wp-content\/uploads\/2016\/12\/Mittels-Lasertechnologie-kommunizieren-management-und-qualitaet.jpg\",\"contentUrl\":\"https:\/\/www.m-q.ch\/wp-content\/uploads\/2016\/12\/Mittels-Lasertechnologie-kommunizieren-management-und-qualitaet.jpg\",\"width\":2000,\"height\":1500,\"caption\":\"In den USA laufen erste Tests mit Laser-Kommunikations- und SD-WAN-Equipments. (Bild: Depositphotos_gubh83)\"},{\"@type\":\"BreadcrumbList\",\"@id\":\"https:\/\/www.m-q.ch\/mittels-lasertechnologie-kommunizieren\/#breadcrumb\",\"itemListElement\":[{\"@type\":\"ListItem\",\"position\":1,\"name\":\"Produktenews\",\"item\":\"https:\/\/www.m-q.ch\/kategorie\/produktenews\/\"},{\"@type\":\"ListItem\",\"position\":2,\"name\":\"Mittels Lasertechnologie kommunizieren\"}]},{\"@type\":\"WebSite\",\"@id\":\"https:\/\/www.m-q.ch\/fr\/#website\",\"url\":\"https:\/\/www.m-q.ch\/fr\/\",\"name\":\"MQ Management und Qualit\u00e4t\",\"description\":\"Plattform f\u00fcr integrierte Managementsysteme.\",\"publisher\":{\"@id\":\"https:\/\/www.m-q.ch\/fr\/#organization\"},\"potentialAction\":[{\"@type\":\"SearchAction\",\"target\":{\"@type\":\"EntryPoint\",\"urlTemplate\":\"https:\/\/www.m-q.ch\/fr\/?s={search_term_string}\"},\"query-input\":{\"@type\":\"PropertyValueSpecification\",\"valueRequired\":true,\"valueName\":\"search_term_string\"}}],\"inLanguage\":\"de\"},{\"@type\":\"Organization\",\"@id\":\"https:\/\/www.m-q.ch\/fr\/#organization\",\"name\":\"Galledia Fachmedien AG\",\"url\":\"https:\/\/www.m-q.ch\/fr\/\",\"logo\":{\"@type\":\"ImageObject\",\"inLanguage\":\"de\",\"@id\":\"https:\/\/www.m-q.ch\/fr\/#\/schema\/logo\/image\/\",\"url\":\"https:\/\/www.m-q.ch\/wp-content\/uploads\/2020\/12\/cropped-logo_small.png\",\"contentUrl\":\"https:\/\/www.m-q.ch\/wp-content\/uploads\/2020\/12\/cropped-logo_small.png\",\"width\":512,\"height\":512,\"caption\":\"Galledia Fachmedien AG\"},\"image\":{\"@id\":\"https:\/\/www.m-q.ch\/fr\/#\/schema\/logo\/image\/\"},\"sameAs\":[\"https:\/\/www.facebook.com\/ManagementUndQualitaet\",\"https:\/\/www.linkedin.com\/showcase\/17982321\/admin\/\"]},{\"@type\":\"Person\",\"@id\":\"https:\/\/www.m-q.ch\/fr\/#\/schema\/person\/c0139a2c55a374db6df2cde78ec87148\",\"name\":\"galledia\",\"image\":{\"@type\":\"ImageObject\",\"inLanguage\":\"de\",\"@id\":\"https:\/\/www.m-q.ch\/fr\/#\/schema\/person\/image\/\",\"url\":\"https:\/\/secure.gravatar.com\/avatar\/66edf527eac29e9a5eb25bcada01f61a?s=96&d=mm&r=g\",\"contentUrl\":\"https:\/\/secure.gravatar.com\/avatar\/66edf527eac29e9a5eb25bcada01f61a?s=96&d=mm&r=g\",\"caption\":\"galledia\"},\"url\":\"https:\/\/www.m-q.ch\/de\/author\/galledia\/\"}]}<\/script>\n<!-- \/ Yoast SEO plugin. -->","yoast_head_json":{"title":"Mittels Lasertechnologie kommunizieren - MQ Management und Qualit\u00e4t","description":"Lasertechnologie: Diesen Oktober wurde die \u201eLaser Lights All Optical Hybrid Global Network\u201c, abgek\u00fcrzt HALO-Technologie pr\u00e4sentiert.","robots":{"index":"index","follow":"follow","max-snippet":"max-snippet:-1","max-image-preview":"max-image-preview:large","max-video-preview":"max-video-preview:-1"},"canonical":"https:\/\/www.m-q.ch\/de\/mittels-lasertechnologie-kommunizieren\/","og_locale":"de_DE","og_type":"article","og_title":"Mittels Lasertechnologie kommunizieren - MQ Management und Qualit\u00e4t","og_description":"Lasertechnologie: Diesen Oktober wurde die \u201eLaser Lights All Optical Hybrid Global Network\u201c, abgek\u00fcrzt HALO-Technologie pr\u00e4sentiert.","og_url":"https:\/\/www.m-q.ch\/de\/mittels-lasertechnologie-kommunizieren\/","og_site_name":"MQ Management und Qualit\u00e4t","article_publisher":"https:\/\/www.facebook.com\/ManagementUndQualitaet","article_published_time":"2016-10-25T07:18:49+00:00","article_modified_time":"2017-02-28T08:10:01+00:00","og_image":[{"width":2000,"height":1500,"url":"https:\/\/www.m-q.ch\/wp-content\/uploads\/2016\/12\/Mittels-Lasertechnologie-kommunizieren-management-und-qualitaet.jpg","type":"image\/jpeg"}],"author":"galledia","twitter_card":"summary_large_image","twitter_misc":{"Verfasst von":"galledia","Gesch\u00e4tzte Lesezeit":"1\u00a0Minute"},"schema":{"@context":"https:\/\/schema.org","@graph":[{"@type":"Article","@id":"https:\/\/www.m-q.ch\/mittels-lasertechnologie-kommunizieren\/#article","isPartOf":{"@id":"https:\/\/www.m-q.ch\/mittels-lasertechnologie-kommunizieren\/"},"author":{"name":"galledia","@id":"https:\/\/www.m-q.ch\/fr\/#\/schema\/person\/c0139a2c55a374db6df2cde78ec87148"},"headline":"Mittels Lasertechnologie kommunizieren","datePublished":"2016-10-25T07:18:49+00:00","dateModified":"2017-02-28T08:10:01+00:00","mainEntityOfPage":{"@id":"https:\/\/www.m-q.ch\/mittels-lasertechnologie-kommunizieren\/"},"wordCount":237,"commentCount":0,"publisher":{"@id":"https:\/\/www.m-q.ch\/fr\/#organization"},"image":{"@id":"https:\/\/www.m-q.ch\/mittels-lasertechnologie-kommunizieren\/#primaryimage"},"thumbnailUrl":"https:\/\/www.m-q.ch\/wp-content\/uploads\/2016\/12\/Mittels-Lasertechnologie-kommunizieren-management-und-qualitaet.jpg","keywords":["Produkte"],"articleSection":["Produktenews"],"inLanguage":"de"},{"@type":"WebPage","@id":"https:\/\/www.m-q.ch\/mittels-lasertechnologie-kommunizieren\/","url":"https:\/\/www.m-q.ch\/mittels-lasertechnologie-kommunizieren\/","name":"Mittels Lasertechnologie kommunizieren - MQ Management und Qualit\u00e4t","isPartOf":{"@id":"https:\/\/www.m-q.ch\/fr\/#website"},"primaryImageOfPage":{"@id":"https:\/\/www.m-q.ch\/mittels-lasertechnologie-kommunizieren\/#primaryimage"},"image":{"@id":"https:\/\/www.m-q.ch\/mittels-lasertechnologie-kommunizieren\/#primaryimage"},"thumbnailUrl":"https:\/\/www.m-q.ch\/wp-content\/uploads\/2016\/12\/Mittels-Lasertechnologie-kommunizieren-management-und-qualitaet.jpg","datePublished":"2016-10-25T07:18:49+00:00","dateModified":"2017-02-28T08:10:01+00:00","description":"Lasertechnologie: Diesen Oktober wurde die \u201eLaser Lights All Optical Hybrid Global Network\u201c, abgek\u00fcrzt HALO-Technologie pr\u00e4sentiert.","breadcrumb":{"@id":"https:\/\/www.m-q.ch\/mittels-lasertechnologie-kommunizieren\/#breadcrumb"},"inLanguage":"de","potentialAction":[{"@type":"ReadAction","target":["https:\/\/www.m-q.ch\/mittels-lasertechnologie-kommunizieren\/"]}]},{"@type":"ImageObject","inLanguage":"de","@id":"https:\/\/www.m-q.ch\/mittels-lasertechnologie-kommunizieren\/#primaryimage","url":"https:\/\/www.m-q.ch\/wp-content\/uploads\/2016\/12\/Mittels-Lasertechnologie-kommunizieren-management-und-qualitaet.jpg","contentUrl":"https:\/\/www.m-q.ch\/wp-content\/uploads\/2016\/12\/Mittels-Lasertechnologie-kommunizieren-management-und-qualitaet.jpg","width":2000,"height":1500,"caption":"In den USA laufen erste Tests mit Laser-Kommunikations- und SD-WAN-Equipments. (Bild: Depositphotos_gubh83)"},{"@type":"BreadcrumbList","@id":"https:\/\/www.m-q.ch\/mittels-lasertechnologie-kommunizieren\/#breadcrumb","itemListElement":[{"@type":"ListItem","position":1,"name":"Produktenews","item":"https:\/\/www.m-q.ch\/kategorie\/produktenews\/"},{"@type":"ListItem","position":2,"name":"Mittels Lasertechnologie kommunizieren"}]},{"@type":"WebSite","@id":"https:\/\/www.m-q.ch\/fr\/#website","url":"https:\/\/www.m-q.ch\/fr\/","name":"MQ Management und Qualit\u00e4t","description":"Plattform f\u00fcr integrierte Managementsysteme.","publisher":{"@id":"https:\/\/www.m-q.ch\/fr\/#organization"},"potentialAction":[{"@type":"SearchAction","target":{"@type":"EntryPoint","urlTemplate":"https:\/\/www.m-q.ch\/fr\/?s={search_term_string}"},"query-input":{"@type":"PropertyValueSpecification","valueRequired":true,"valueName":"search_term_string"}}],"inLanguage":"de"},{"@type":"Organization","@id":"https:\/\/www.m-q.ch\/fr\/#organization","name":"Galledia Fachmedien AG","url":"https:\/\/www.m-q.ch\/fr\/","logo":{"@type":"ImageObject","inLanguage":"de","@id":"https:\/\/www.m-q.ch\/fr\/#\/schema\/logo\/image\/","url":"https:\/\/www.m-q.ch\/wp-content\/uploads\/2020\/12\/cropped-logo_small.png","contentUrl":"https:\/\/www.m-q.ch\/wp-content\/uploads\/2020\/12\/cropped-logo_small.png","width":512,"height":512,"caption":"Galledia Fachmedien AG"},"image":{"@id":"https:\/\/www.m-q.ch\/fr\/#\/schema\/logo\/image\/"},"sameAs":["https:\/\/www.facebook.com\/ManagementUndQualitaet","https:\/\/www.linkedin.com\/showcase\/17982321\/admin\/"]},{"@type":"Person","@id":"https:\/\/www.m-q.ch\/fr\/#\/schema\/person\/c0139a2c55a374db6df2cde78ec87148","name":"galledia","image":{"@type":"ImageObject","inLanguage":"de","@id":"https:\/\/www.m-q.ch\/fr\/#\/schema\/person\/image\/","url":"https:\/\/secure.gravatar.com\/avatar\/66edf527eac29e9a5eb25bcada01f61a?s=96&d=mm&r=g","contentUrl":"https:\/\/secure.gravatar.com\/avatar\/66edf527eac29e9a5eb25bcada01f61a?s=96&d=mm&r=g","caption":"galledia"},"url":"https:\/\/www.m-q.ch\/de\/author\/galledia\/"}]}},"_links":{"self":[{"href":"https:\/\/www.m-q.ch\/de\/wp-json\/wp\/v2\/posts\/613","targetHints":{"allow":["GET"]}}],"collection":[{"href":"https:\/\/www.m-q.ch\/de\/wp-json\/wp\/v2\/posts"}],"about":[{"href":"https:\/\/www.m-q.ch\/de\/wp-json\/wp\/v2\/types\/post"}],"author":[{"embeddable":true,"href":"https:\/\/www.m-q.ch\/de\/wp-json\/wp\/v2\/users\/1"}],"replies":[{"embeddable":true,"href":"https:\/\/www.m-q.ch\/de\/wp-json\/wp\/v2\/comments?post=613"}],"version-history":[{"count":2,"href":"https:\/\/www.m-q.ch\/de\/wp-json\/wp\/v2\/posts\/613\/revisions"}],"predecessor-version":[{"id":1015,"href":"https:\/\/www.m-q.ch\/de\/wp-json\/wp\/v2\/posts\/613\/revisions\/1015"}],"wp:featuredmedia":[{"embeddable":true,"href":"https:\/\/www.m-q.ch\/de\/wp-json\/wp\/v2\/media\/174"}],"wp:attachment":[{"href":"https:\/\/www.m-q.ch\/de\/wp-json\/wp\/v2\/media?parent=613"}],"wp:term":[{"taxonomy":"category","embeddable":true,"href":"https:\/\/www.m-q.ch\/de\/wp-json\/wp\/v2\/categories?post=613"},{"taxonomy":"post_tag","embeddable":true,"href":"https:\/\/www.m-q.ch\/de\/wp-json\/wp\/v2\/tags?post=613"}],"curies":[{"name":"wp","href":"https:\/\/api.w.org\/{rel}","templated":true}]}}