{"id":619,"date":"2016-10-26T09:21:20","date_gmt":"2016-10-26T07:21:20","guid":{"rendered":"http:\/\/dev.m-q.ch\/?p=619"},"modified":"2017-02-28T09:05:04","modified_gmt":"2017-02-28T08:05:04","slug":"25-jahre-efqm-die-award-feier-in-mailand","status":"publish","type":"post","link":"https:\/\/www.m-q.ch\/de\/25-jahre-efqm-die-award-feier-in-mailand\/","title":{"rendered":"25 Jahre EFQM: Die Award Feier in Mailand"},"content":{"rendered":"<figure id=\"attachment_50\" aria-describedby=\"caption-attachment-50\" style=\"width: 640px\" class=\"wp-caption alignnone\"><a href=\"https:\/\/m-q.ch\/wp-content\/uploads\/2016\/12\/25-Jahre-EFQM-Die-Award-Feier-in-Mailand-management-und-qualitaet.jpg\"><img loading=\"lazy\" decoding=\"async\" class=\"wp-image-50 size-full\" src=\"https:\/\/www.m-q.ch\/wp-content\/uploads\/2016\/12\/25-Jahre-EFQM-Die-Award-Feier-in-Mailand-management-und-qualitaet.jpg\" width=\"640\" height=\"426\" srcset=\"https:\/\/www.m-q.ch\/wp-content\/uploads\/2016\/12\/25-Jahre-EFQM-Die-Award-Feier-in-Mailand-management-und-qualitaet.jpg 640w, https:\/\/www.m-q.ch\/wp-content\/uploads\/2016\/12\/25-Jahre-EFQM-Die-Award-Feier-in-Mailand-management-und-qualitaet-16x12.jpg 16w, https:\/\/www.m-q.ch\/wp-content\/uploads\/2016\/12\/25-Jahre-EFQM-Die-Award-Feier-in-Mailand-management-und-qualitaet-263x175.jpg 263w, https:\/\/www.m-q.ch\/wp-content\/uploads\/2016\/12\/25-Jahre-EFQM-Die-Award-Feier-in-Mailand-management-und-qualitaet-526x350.jpg 526w, https:\/\/www.m-q.ch\/wp-content\/uploads\/2016\/12\/25-Jahre-EFQM-Die-Award-Feier-in-Mailand-management-und-qualitaet-300x200.jpg 300w, https:\/\/www.m-q.ch\/wp-content\/uploads\/2016\/12\/25-Jahre-EFQM-Die-Award-Feier-in-Mailand-management-und-qualitaet-624x415.jpg 624w\" sizes=\"auto, (max-width: 640px) 100vw, 640px\" \/><\/a><figcaption id=\"caption-attachment-50\" class=\"wp-caption-text\">EFQM Prize Winner in Sustaining Outstanding Results: Vertreter und Vertreterinnen des City of Glasgow College, United Kingdom. (Bild: zVg)<\/figcaption><\/figure>\n<p>Die EFQM Organisation feiert dieses Jahr ihr 25 j\u00e4hriges Jubil\u00e4um. Am Jubil\u00e4ums-Forum vom 29. Und 30. September 2016 in Mailand haben sich 15 Unternehmen um den European Excellence Award beworben. \u00a0Darunter waren grosse Institutionen, respektive Unternehmen wie die Stavropol State Agrarian University Russia oder die Robert Bosch GmbH (Blaichach Plant) Deutschland.<\/p>\n<p>Mit Ayuntamiento de Alcobendas wurde eine Stadt in der N\u00e4he von Madrid (Spanien) verdienter EFQM European Award Winner 2016. Gefolgt von nicht weniger als acht EFQM Prize Winners und sechs EFQM Finalisten. Die glanzvolle Verleihung war der H\u00f6hepunkt des zwei Tage dauernden Kongresses mit Teilnehmenden aus vielen europ\u00e4ischen L\u00e4ndern, Vertretern aus dem Mittleren Osten, Kolumbien, Ecuador und erstmals auch aus China.<\/p>\n<p><strong>Prominente Exponenten<\/strong><\/p>\n<p>Im Rahmen des EFQM Excellence Award 2016 Milano traf Priska Wyser, Gesch\u00e4ftsf\u00fchrerin ESPRIX Excellence Suisse, den ehemaligen finnischen Formel 1 Weltmeister Mikka H\u00e4kkinen. Die G\u00e4ste der Jubil\u00e4umsverleihung erfuhren von H\u00e4kkinen viel Interessantes zum Thema \u201eBeyond the limits\u201c aus seiner aktiven Formel 1-Zeit. Die EFQM Preistr\u00e4ger durften ihre verdienten Auszeichnungen aus seiner Hand entgegennehmen, was sicher eine besondere Ehre war.<\/p>\n<p><em><a href=\"http:\/\/www.esprix.ch\/partnernetzwerke\/strategische_partner\/efqm\/?utm_source=newsletter-september&amp;utm_medium=e-mail&amp;utm_campaign=newsletter\" target=\"_blank\" rel=\"noreferrer\" data-cke-saved-href=\"http:\/\/www.esprix.ch\/partnernetzwerke\/strategische_partner\/efqm\/?utm_source=newsletter-september&amp;utm_medium=e-mail&amp;utm_campaign=newsletter\">Hier<\/a> finden Sie mehr zu den europ\u00e4ischen Award-Gewinnern, Preistr\u00e4gerinnen und Finalisten.<\/em><\/p>\n<p>&nbsp;<\/p>\n","protected":false},"excerpt":{"rendered":"<p>Die EFQM Organisation feiert dieses Jahr ihr 25 j\u00e4hriges Jubil\u00e4um. Am Jubil\u00e4ums-Forum vom 29. Und 30. September 2016 in Mailand haben sich 15 Unternehmen um den European Excellence Award beworben. \u00a0Darunter waren grosse Institutionen, respektive Unternehmen wie die Stavropol State Agrarian University Russia oder die Robert Bosch GmbH (Blaichach Plant) Deutschland. Mit Ayuntamiento de Alcobendas [&hellip;]<\/p>\n","protected":false},"author":1,"featured_media":50,"comment_status":"open","ping_status":"open","sticky":false,"template":"","format":"standard","meta":{"_acf_changed":false,"footnotes":""},"categories":[1],"tags":[3359],"class_list":["post-619","post","type-post","status-publish","format-standard","has-post-thumbnail","hentry","category-unkategorisiert","tag-vereineverbaendeinstitutionen"],"acf":[],"yoast_head":"<!-- This site is optimized with the Yoast SEO plugin v26.2 - https:\/\/yoast.com\/wordpress\/plugins\/seo\/ -->\n<title>25 Jahre EFQM: Die Award Feier in Mailand - MQ Management und Qualit\u00e4t<\/title>\n<meta name=\"description\" content=\"Die EFQM feierte in Mailand ihr 25-j\u00e4hriges Jubil\u00e4um. Sechzehn Finalisten durften die EFQM-Auszeichnungen aus den H\u00e4nden von Mika H\u00e4kkinen entgegennehmen.\" \/>\n<meta name=\"robots\" content=\"index, follow, max-snippet:-1, max-image-preview:large, max-video-preview:-1\" \/>\n<link rel=\"canonical\" href=\"https:\/\/www.m-q.ch\/de\/25-jahre-efqm-die-award-feier-in-mailand\/\" \/>\n<meta property=\"og:locale\" content=\"de_DE\" \/>\n<meta property=\"og:type\" content=\"article\" \/>\n<meta property=\"og:title\" content=\"25 Jahre EFQM: Die Award Feier in Mailand - MQ Management und Qualit\u00e4t\" \/>\n<meta property=\"og:description\" content=\"Die EFQM feierte in Mailand ihr 25-j\u00e4hriges Jubil\u00e4um. Sechzehn Finalisten durften die EFQM-Auszeichnungen aus den H\u00e4nden von Mika H\u00e4kkinen entgegennehmen.\" \/>\n<meta property=\"og:url\" content=\"https:\/\/www.m-q.ch\/de\/25-jahre-efqm-die-award-feier-in-mailand\/\" \/>\n<meta property=\"og:site_name\" content=\"MQ Management und Qualit\u00e4t\" \/>\n<meta property=\"article:publisher\" content=\"https:\/\/www.facebook.com\/ManagementUndQualitaet\" \/>\n<meta property=\"article:published_time\" content=\"2016-10-26T07:21:20+00:00\" \/>\n<meta property=\"article:modified_time\" content=\"2017-02-28T08:05:04+00:00\" \/>\n<meta property=\"og:image\" content=\"https:\/\/www.m-q.ch\/wp-content\/uploads\/2016\/12\/25-Jahre-EFQM-Die-Award-Feier-in-Mailand-management-und-qualitaet.jpg\" \/>\n\t<meta property=\"og:image:width\" content=\"640\" \/>\n\t<meta property=\"og:image:height\" content=\"426\" \/>\n\t<meta property=\"og:image:type\" content=\"image\/jpeg\" \/>\n<meta name=\"author\" content=\"galledia\" \/>\n<meta name=\"twitter:card\" content=\"summary_large_image\" \/>\n<meta name=\"twitter:label1\" content=\"Verfasst von\" \/>\n\t<meta name=\"twitter:data1\" content=\"galledia\" \/>\n\t<meta name=\"twitter:label2\" content=\"Gesch\u00e4tzte Lesezeit\" \/>\n\t<meta name=\"twitter:data2\" content=\"1\u00a0Minute\" \/>\n<script type=\"application\/ld+json\" class=\"yoast-schema-graph\">{\"@context\":\"https:\/\/schema.org\",\"@graph\":[{\"@type\":\"Article\",\"@id\":\"https:\/\/www.m-q.ch\/de\/25-jahre-efqm-die-award-feier-in-mailand\/#article\",\"isPartOf\":{\"@id\":\"https:\/\/www.m-q.ch\/de\/25-jahre-efqm-die-award-feier-in-mailand\/\"},\"author\":{\"name\":\"galledia\",\"@id\":\"https:\/\/www.m-q.ch\/fr\/#\/schema\/person\/c0139a2c55a374db6df2cde78ec87148\"},\"headline\":\"25 Jahre EFQM: Die Award Feier in Mailand\",\"datePublished\":\"2016-10-26T07:21:20+00:00\",\"dateModified\":\"2017-02-28T08:05:04+00:00\",\"mainEntityOfPage\":{\"@id\":\"https:\/\/www.m-q.ch\/de\/25-jahre-efqm-die-award-feier-in-mailand\/\"},\"wordCount\":226,\"commentCount\":0,\"publisher\":{\"@id\":\"https:\/\/www.m-q.ch\/fr\/#organization\"},\"image\":{\"@id\":\"https:\/\/www.m-q.ch\/de\/25-jahre-efqm-die-award-feier-in-mailand\/#primaryimage\"},\"thumbnailUrl\":\"https:\/\/www.m-q.ch\/wp-content\/uploads\/2016\/12\/25-Jahre-EFQM-Die-Award-Feier-in-Mailand-management-und-qualitaet.jpg\",\"keywords\":[\"Vereine\/Verb\u00e4nde\/Institutionen\"],\"articleSection\":[\"Unkategorisiert\"],\"inLanguage\":\"de\"},{\"@type\":\"WebPage\",\"@id\":\"https:\/\/www.m-q.ch\/de\/25-jahre-efqm-die-award-feier-in-mailand\/\",\"url\":\"https:\/\/www.m-q.ch\/de\/25-jahre-efqm-die-award-feier-in-mailand\/\",\"name\":\"25 Jahre EFQM: Die Award Feier in Mailand - MQ Management und Qualit\u00e4t\",\"isPartOf\":{\"@id\":\"https:\/\/www.m-q.ch\/fr\/#website\"},\"primaryImageOfPage\":{\"@id\":\"https:\/\/www.m-q.ch\/de\/25-jahre-efqm-die-award-feier-in-mailand\/#primaryimage\"},\"image\":{\"@id\":\"https:\/\/www.m-q.ch\/de\/25-jahre-efqm-die-award-feier-in-mailand\/#primaryimage\"},\"thumbnailUrl\":\"https:\/\/www.m-q.ch\/wp-content\/uploads\/2016\/12\/25-Jahre-EFQM-Die-Award-Feier-in-Mailand-management-und-qualitaet.jpg\",\"datePublished\":\"2016-10-26T07:21:20+00:00\",\"dateModified\":\"2017-02-28T08:05:04+00:00\",\"description\":\"Die EFQM feierte in Mailand ihr 25-j\u00e4hriges Jubil\u00e4um. Sechzehn Finalisten durften die EFQM-Auszeichnungen aus den H\u00e4nden von Mika H\u00e4kkinen entgegennehmen.\",\"breadcrumb\":{\"@id\":\"https:\/\/www.m-q.ch\/de\/25-jahre-efqm-die-award-feier-in-mailand\/#breadcrumb\"},\"inLanguage\":\"de\",\"potentialAction\":[{\"@type\":\"ReadAction\",\"target\":[\"https:\/\/www.m-q.ch\/de\/25-jahre-efqm-die-award-feier-in-mailand\/\"]}]},{\"@type\":\"ImageObject\",\"inLanguage\":\"de\",\"@id\":\"https:\/\/www.m-q.ch\/de\/25-jahre-efqm-die-award-feier-in-mailand\/#primaryimage\",\"url\":\"https:\/\/www.m-q.ch\/wp-content\/uploads\/2016\/12\/25-Jahre-EFQM-Die-Award-Feier-in-Mailand-management-und-qualitaet.jpg\",\"contentUrl\":\"https:\/\/www.m-q.ch\/wp-content\/uploads\/2016\/12\/25-Jahre-EFQM-Die-Award-Feier-in-Mailand-management-und-qualitaet.jpg\",\"width\":640,\"height\":426,\"caption\":\"EFQM Prize Winner in Sustaining Outstanding Results: Vertreter und Vertreterinnen des City of Glasgow College, United Kingdom. (Bild: zVg)\"},{\"@type\":\"BreadcrumbList\",\"@id\":\"https:\/\/www.m-q.ch\/de\/25-jahre-efqm-die-award-feier-in-mailand\/#breadcrumb\",\"itemListElement\":[{\"@type\":\"ListItem\",\"position\":1,\"name\":\"Unkategorisiert\",\"item\":\"https:\/\/www.m-q.ch\/it\/categoria\/senza-categoria\/\"},{\"@type\":\"ListItem\",\"position\":2,\"name\":\"25 Jahre EFQM: Die Award Feier in Mailand\"}]},{\"@type\":\"WebSite\",\"@id\":\"https:\/\/www.m-q.ch\/fr\/#website\",\"url\":\"https:\/\/www.m-q.ch\/fr\/\",\"name\":\"MQ Management und Qualit\u00e4t\",\"description\":\"Plattform f\u00fcr integrierte Managementsysteme.\",\"publisher\":{\"@id\":\"https:\/\/www.m-q.ch\/fr\/#organization\"},\"potentialAction\":[{\"@type\":\"SearchAction\",\"target\":{\"@type\":\"EntryPoint\",\"urlTemplate\":\"https:\/\/www.m-q.ch\/fr\/?s={search_term_string}\"},\"query-input\":{\"@type\":\"PropertyValueSpecification\",\"valueRequired\":true,\"valueName\":\"search_term_string\"}}],\"inLanguage\":\"de\"},{\"@type\":\"Organization\",\"@id\":\"https:\/\/www.m-q.ch\/fr\/#organization\",\"name\":\"Galledia Fachmedien AG\",\"url\":\"https:\/\/www.m-q.ch\/fr\/\",\"logo\":{\"@type\":\"ImageObject\",\"inLanguage\":\"de\",\"@id\":\"https:\/\/www.m-q.ch\/fr\/#\/schema\/logo\/image\/\",\"url\":\"https:\/\/www.m-q.ch\/wp-content\/uploads\/2020\/12\/cropped-logo_small.png\",\"contentUrl\":\"https:\/\/www.m-q.ch\/wp-content\/uploads\/2020\/12\/cropped-logo_small.png\",\"width\":512,\"height\":512,\"caption\":\"Galledia Fachmedien AG\"},\"image\":{\"@id\":\"https:\/\/www.m-q.ch\/fr\/#\/schema\/logo\/image\/\"},\"sameAs\":[\"https:\/\/www.facebook.com\/ManagementUndQualitaet\",\"https:\/\/www.linkedin.com\/showcase\/17982321\/admin\/\"]},{\"@type\":\"Person\",\"@id\":\"https:\/\/www.m-q.ch\/fr\/#\/schema\/person\/c0139a2c55a374db6df2cde78ec87148\",\"name\":\"galledia\",\"image\":{\"@type\":\"ImageObject\",\"inLanguage\":\"de\",\"@id\":\"https:\/\/www.m-q.ch\/fr\/#\/schema\/person\/image\/\",\"url\":\"https:\/\/secure.gravatar.com\/avatar\/66edf527eac29e9a5eb25bcada01f61a?s=96&d=mm&r=g\",\"contentUrl\":\"https:\/\/secure.gravatar.com\/avatar\/66edf527eac29e9a5eb25bcada01f61a?s=96&d=mm&r=g\",\"caption\":\"galledia\"},\"url\":\"https:\/\/www.m-q.ch\/de\/author\/galledia\/\"}]}<\/script>\n<!-- \/ Yoast SEO plugin. -->","yoast_head_json":{"title":"25 Jahre EFQM: Die Award Feier in Mailand - MQ Management und Qualit\u00e4t","description":"Die EFQM feierte in Mailand ihr 25-j\u00e4hriges Jubil\u00e4um. Sechzehn Finalisten durften die EFQM-Auszeichnungen aus den H\u00e4nden von Mika H\u00e4kkinen entgegennehmen.","robots":{"index":"index","follow":"follow","max-snippet":"max-snippet:-1","max-image-preview":"max-image-preview:large","max-video-preview":"max-video-preview:-1"},"canonical":"https:\/\/www.m-q.ch\/de\/25-jahre-efqm-die-award-feier-in-mailand\/","og_locale":"de_DE","og_type":"article","og_title":"25 Jahre EFQM: Die Award Feier in Mailand - MQ Management und Qualit\u00e4t","og_description":"Die EFQM feierte in Mailand ihr 25-j\u00e4hriges Jubil\u00e4um. Sechzehn Finalisten durften die EFQM-Auszeichnungen aus den H\u00e4nden von Mika H\u00e4kkinen entgegennehmen.","og_url":"https:\/\/www.m-q.ch\/de\/25-jahre-efqm-die-award-feier-in-mailand\/","og_site_name":"MQ Management und Qualit\u00e4t","article_publisher":"https:\/\/www.facebook.com\/ManagementUndQualitaet","article_published_time":"2016-10-26T07:21:20+00:00","article_modified_time":"2017-02-28T08:05:04+00:00","og_image":[{"width":640,"height":426,"url":"https:\/\/www.m-q.ch\/wp-content\/uploads\/2016\/12\/25-Jahre-EFQM-Die-Award-Feier-in-Mailand-management-und-qualitaet.jpg","type":"image\/jpeg"}],"author":"galledia","twitter_card":"summary_large_image","twitter_misc":{"Verfasst von":"galledia","Gesch\u00e4tzte Lesezeit":"1\u00a0Minute"},"schema":{"@context":"https:\/\/schema.org","@graph":[{"@type":"Article","@id":"https:\/\/www.m-q.ch\/de\/25-jahre-efqm-die-award-feier-in-mailand\/#article","isPartOf":{"@id":"https:\/\/www.m-q.ch\/de\/25-jahre-efqm-die-award-feier-in-mailand\/"},"author":{"name":"galledia","@id":"https:\/\/www.m-q.ch\/fr\/#\/schema\/person\/c0139a2c55a374db6df2cde78ec87148"},"headline":"25 Jahre EFQM: Die Award Feier in Mailand","datePublished":"2016-10-26T07:21:20+00:00","dateModified":"2017-02-28T08:05:04+00:00","mainEntityOfPage":{"@id":"https:\/\/www.m-q.ch\/de\/25-jahre-efqm-die-award-feier-in-mailand\/"},"wordCount":226,"commentCount":0,"publisher":{"@id":"https:\/\/www.m-q.ch\/fr\/#organization"},"image":{"@id":"https:\/\/www.m-q.ch\/de\/25-jahre-efqm-die-award-feier-in-mailand\/#primaryimage"},"thumbnailUrl":"https:\/\/www.m-q.ch\/wp-content\/uploads\/2016\/12\/25-Jahre-EFQM-Die-Award-Feier-in-Mailand-management-und-qualitaet.jpg","keywords":["Vereine\/Verb\u00e4nde\/Institutionen"],"articleSection":["Unkategorisiert"],"inLanguage":"de"},{"@type":"WebPage","@id":"https:\/\/www.m-q.ch\/de\/25-jahre-efqm-die-award-feier-in-mailand\/","url":"https:\/\/www.m-q.ch\/de\/25-jahre-efqm-die-award-feier-in-mailand\/","name":"25 Jahre EFQM: Die Award Feier in Mailand - MQ Management und Qualit\u00e4t","isPartOf":{"@id":"https:\/\/www.m-q.ch\/fr\/#website"},"primaryImageOfPage":{"@id":"https:\/\/www.m-q.ch\/de\/25-jahre-efqm-die-award-feier-in-mailand\/#primaryimage"},"image":{"@id":"https:\/\/www.m-q.ch\/de\/25-jahre-efqm-die-award-feier-in-mailand\/#primaryimage"},"thumbnailUrl":"https:\/\/www.m-q.ch\/wp-content\/uploads\/2016\/12\/25-Jahre-EFQM-Die-Award-Feier-in-Mailand-management-und-qualitaet.jpg","datePublished":"2016-10-26T07:21:20+00:00","dateModified":"2017-02-28T08:05:04+00:00","description":"Die EFQM feierte in Mailand ihr 25-j\u00e4hriges Jubil\u00e4um. Sechzehn Finalisten durften die EFQM-Auszeichnungen aus den H\u00e4nden von Mika H\u00e4kkinen entgegennehmen.","breadcrumb":{"@id":"https:\/\/www.m-q.ch\/de\/25-jahre-efqm-die-award-feier-in-mailand\/#breadcrumb"},"inLanguage":"de","potentialAction":[{"@type":"ReadAction","target":["https:\/\/www.m-q.ch\/de\/25-jahre-efqm-die-award-feier-in-mailand\/"]}]},{"@type":"ImageObject","inLanguage":"de","@id":"https:\/\/www.m-q.ch\/de\/25-jahre-efqm-die-award-feier-in-mailand\/#primaryimage","url":"https:\/\/www.m-q.ch\/wp-content\/uploads\/2016\/12\/25-Jahre-EFQM-Die-Award-Feier-in-Mailand-management-und-qualitaet.jpg","contentUrl":"https:\/\/www.m-q.ch\/wp-content\/uploads\/2016\/12\/25-Jahre-EFQM-Die-Award-Feier-in-Mailand-management-und-qualitaet.jpg","width":640,"height":426,"caption":"EFQM Prize Winner in Sustaining Outstanding Results: Vertreter und Vertreterinnen des City of Glasgow College, United Kingdom. (Bild: zVg)"},{"@type":"BreadcrumbList","@id":"https:\/\/www.m-q.ch\/de\/25-jahre-efqm-die-award-feier-in-mailand\/#breadcrumb","itemListElement":[{"@type":"ListItem","position":1,"name":"Unkategorisiert","item":"https:\/\/www.m-q.ch\/it\/categoria\/senza-categoria\/"},{"@type":"ListItem","position":2,"name":"25 Jahre EFQM: Die Award Feier in Mailand"}]},{"@type":"WebSite","@id":"https:\/\/www.m-q.ch\/fr\/#website","url":"https:\/\/www.m-q.ch\/fr\/","name":"MQ Management und Qualit\u00e4t","description":"Plattform f\u00fcr integrierte Managementsysteme.","publisher":{"@id":"https:\/\/www.m-q.ch\/fr\/#organization"},"potentialAction":[{"@type":"SearchAction","target":{"@type":"EntryPoint","urlTemplate":"https:\/\/www.m-q.ch\/fr\/?s={search_term_string}"},"query-input":{"@type":"PropertyValueSpecification","valueRequired":true,"valueName":"search_term_string"}}],"inLanguage":"de"},{"@type":"Organization","@id":"https:\/\/www.m-q.ch\/fr\/#organization","name":"Galledia Fachmedien AG","url":"https:\/\/www.m-q.ch\/fr\/","logo":{"@type":"ImageObject","inLanguage":"de","@id":"https:\/\/www.m-q.ch\/fr\/#\/schema\/logo\/image\/","url":"https:\/\/www.m-q.ch\/wp-content\/uploads\/2020\/12\/cropped-logo_small.png","contentUrl":"https:\/\/www.m-q.ch\/wp-content\/uploads\/2020\/12\/cropped-logo_small.png","width":512,"height":512,"caption":"Galledia Fachmedien AG"},"image":{"@id":"https:\/\/www.m-q.ch\/fr\/#\/schema\/logo\/image\/"},"sameAs":["https:\/\/www.facebook.com\/ManagementUndQualitaet","https:\/\/www.linkedin.com\/showcase\/17982321\/admin\/"]},{"@type":"Person","@id":"https:\/\/www.m-q.ch\/fr\/#\/schema\/person\/c0139a2c55a374db6df2cde78ec87148","name":"galledia","image":{"@type":"ImageObject","inLanguage":"de","@id":"https:\/\/www.m-q.ch\/fr\/#\/schema\/person\/image\/","url":"https:\/\/secure.gravatar.com\/avatar\/66edf527eac29e9a5eb25bcada01f61a?s=96&d=mm&r=g","contentUrl":"https:\/\/secure.gravatar.com\/avatar\/66edf527eac29e9a5eb25bcada01f61a?s=96&d=mm&r=g","caption":"galledia"},"url":"https:\/\/www.m-q.ch\/de\/author\/galledia\/"}]}},"_links":{"self":[{"href":"https:\/\/www.m-q.ch\/de\/wp-json\/wp\/v2\/posts\/619","targetHints":{"allow":["GET"]}}],"collection":[{"href":"https:\/\/www.m-q.ch\/de\/wp-json\/wp\/v2\/posts"}],"about":[{"href":"https:\/\/www.m-q.ch\/de\/wp-json\/wp\/v2\/types\/post"}],"author":[{"embeddable":true,"href":"https:\/\/www.m-q.ch\/de\/wp-json\/wp\/v2\/users\/1"}],"replies":[{"embeddable":true,"href":"https:\/\/www.m-q.ch\/de\/wp-json\/wp\/v2\/comments?post=619"}],"version-history":[{"count":3,"href":"https:\/\/www.m-q.ch\/de\/wp-json\/wp\/v2\/posts\/619\/revisions"}],"predecessor-version":[{"id":1011,"href":"https:\/\/www.m-q.ch\/de\/wp-json\/wp\/v2\/posts\/619\/revisions\/1011"}],"wp:featuredmedia":[{"embeddable":true,"href":"https:\/\/www.m-q.ch\/de\/wp-json\/wp\/v2\/media\/50"}],"wp:attachment":[{"href":"https:\/\/www.m-q.ch\/de\/wp-json\/wp\/v2\/media?parent=619"}],"wp:term":[{"taxonomy":"category","embeddable":true,"href":"https:\/\/www.m-q.ch\/de\/wp-json\/wp\/v2\/categories?post=619"},{"taxonomy":"post_tag","embeddable":true,"href":"https:\/\/www.m-q.ch\/de\/wp-json\/wp\/v2\/tags?post=619"}],"curies":[{"name":"wp","href":"https:\/\/api.w.org\/{rel}","templated":true}]}}