{"id":629,"date":"2016-11-02T09:25:28","date_gmt":"2016-11-02T08:25:28","guid":{"rendered":"http:\/\/dev.m-q.ch\/?p=629"},"modified":"2017-02-28T08:57:50","modified_gmt":"2017-02-28T07:57:50","slug":"untersuchung-der-so-genannten-yahoo-datenschutz-apokalypse","status":"publish","type":"post","link":"https:\/\/www.m-q.ch\/de\/untersuchung-der-so-genannten-yahoo-datenschutz-apokalypse\/","title":{"rendered":"Untersuchung der so genannten Yahoo-Datenschutz-Apokalypse"},"content":{"rendered":"<p><em><strong>Nachgerechnet: Strafen nach DSGVO<\/strong><\/em><\/p>\n<p><em>W\u00e4re die DSGVO bereits anwendbar \u2013 was erst ab dem 25. Mai 2018 der Fall sein wird \u2013 und Yahoo h\u00e4tte den Diebstahl pers\u00f6nlicher Daten von 500 Millionen Nutzern nicht innerhalb von 72 Stunden an eine Datenschutzbeh\u00f6rde gemeldet, w\u00fcrden dem Unternehmen massive Strafen drohen.<\/em><\/p>\n<p><em>Ein Verstoss gegen die in Artikel 33 der DS-GVO verankerte Meldepflicht kann Strafen in H\u00f6he von zwei Prozent des weltweiten Jahresumsatzes nach sich ziehen. Der Umsatz von Yahoo lag in den letzten Jahren jenseits der 4,5 Milliarden US-Dollar-Grenze.<\/em><\/p>\n<p><em>Unter der Geltungspflicht der DSGVO m\u00fcsste Yahoo also mindestens 90 Millionen US-Dollar an die EU \u00fcberweisen.<\/em><\/p>\n<p><em>Und dann ist noch Verizon mit einem Jahresumsatz von mehr als 130 Milliarden US-Dollar gerade dabei, Yahoo zu kaufen. W\u00e4re die \u00dcbernahme bereits vollzogen, dann m\u00fcsste Verizon mit einer Strafe von zwei Prozent der 134 Milliarden, also etwa 268 Millionen US-Dollar, rechnen.<\/em><\/p>\n<p><em>Was lernen wir daraus? Gro\u00dfe multinationale und US-Unternehmen mit einer weltweiten Internetpr\u00e4senz sollten jetzt f\u00fcr den Fall eines Yahoo-\u00e4hnlichen Sicherheitsvorfalls nach dem 25. Mai 2018 vorsorgen.<\/em><\/p>\n<p><em><a href=\"http:\/\/blog.varonis.de\/eu-datenschutz-grundverordnung-5-punkte-die-sie-kennen-sollten\/\" target=\"_blank\" rel=\"noreferrer\" data-cke-saved-href=\"http:\/\/blog.varonis.de\/eu-datenschutz-grundverordnung-5-punkte-die-sie-kennen-sollten\/\">Hier <\/a>noch ein Link zu wichtigen Punkten betreffs dem DSGVO<\/em><\/p>\n<p><em>(Quelle: Varonis)<\/em><\/p>\n<p><a href=\"https:\/\/m-q.ch\/wp-content\/uploads\/2016\/12\/Untersuchung-der-so-genannten-Yahoo-Datenschutz-Apokalypse-management-und-qualitaet.jpg\"><img loading=\"lazy\" decoding=\"async\" class=\"alignnone wp-image-245 size-full\" src=\"https:\/\/www.m-q.ch\/wp-content\/uploads\/2016\/12\/Untersuchung-der-so-genannten-Yahoo-Datenschutz-Apokalypse-management-und-qualitaet.jpg\" width=\"548\" height=\"480\" srcset=\"https:\/\/www.m-q.ch\/wp-content\/uploads\/2016\/12\/Untersuchung-der-so-genannten-Yahoo-Datenschutz-Apokalypse-management-und-qualitaet.jpg 548w, https:\/\/www.m-q.ch\/wp-content\/uploads\/2016\/12\/Untersuchung-der-so-genannten-Yahoo-Datenschutz-Apokalypse-management-und-qualitaet-14x12.jpg 14w, https:\/\/www.m-q.ch\/wp-content\/uploads\/2016\/12\/Untersuchung-der-so-genannten-Yahoo-Datenschutz-Apokalypse-management-und-qualitaet-200x175.jpg 200w, https:\/\/www.m-q.ch\/wp-content\/uploads\/2016\/12\/Untersuchung-der-so-genannten-Yahoo-Datenschutz-Apokalypse-management-und-qualitaet-400x350.jpg 400w, https:\/\/www.m-q.ch\/wp-content\/uploads\/2016\/12\/Untersuchung-der-so-genannten-Yahoo-Datenschutz-Apokalypse-management-und-qualitaet-300x263.jpg 300w\" sizes=\"auto, (max-width: 548px) 100vw, 548px\" \/><\/a><\/p>\n<p>Neben vielen anderen Unstimmigkeiten bei diesem Vorfall ist es durchaus verwunderlich, dass Yahoo schon im Sommer von diesem Sicherheitsvorfall wusste. Nachdem n\u00e4mlich die Nutzerdaten bereits im Darknet zum Verkauf angeboten wurden. Die gestohlenen Daten scheinen auf einen Angriff zur\u00fcckzugehen, der sich bereits 2014 ereignete. Es handelt sich also um eine offensichtliche Verletzung der Meldepflicht.<\/p>\n<p><strong>Nat\u00fcrliche Personen betroffen?<\/strong><\/p>\n<p>Das einzige US-amerikanische Gesetz auf Bundesebene, das eine strikte Meldepflicht vorschreibt, gilt nur f\u00fcr personenbezogene medizinische Daten, die von \u201eunter das Gesetz fallenden Einrichtungen\u201c wie Versicherungsgesellschaften, Krankenh\u00e4usern und Gesundheitsdienstleistern gespeichert werden. Dieses Gesetz ist der Health Insurance Portability and Accountability Act, kurz HIPAA.<\/p>\n<p>Die US-Regierung hat also keine M\u00f6glichkeit, Yahoo aufgrund der extrem versp\u00e4teten Meldung des Sicherheitsvorfalls zu sanktionieren. In 47 US-Bundesstaaten gibt es Gesetze, die eine Meldepflicht vorschreiben. Diese w\u00fcrden hier zwar greifen, doch die Strafe h\u00e4ngt in der Regel vom jeweiligen Schaden f\u00fcr die Verbraucher ab, der sich konkret nur schwer nachweisen l\u00e4sst.<\/p>\n<p>Die einzige Ausnahme bildet wie immer Kalifornien, wo sich der Unternehmenssitz von Yahoo befindet. Dort m\u00fcssen unbefugte Datenzugriffe sofort nach Bekanntwerden gemeldet werden. Yahoo steht also ein Besuch des Attorney General von Kalifornien ins Haus.<\/p>\n<p><strong>Kontrolle durch Europ\u00e4ische Union?<\/strong><\/p>\n<p>Man w\u00fcrde meinen, dass die Europ\u00e4ische Union Datenschutzverletzungen strenger ahndet als die USA. Doch die aktuell g\u00fcltige EU-Datenschutzrichtlinie schreibt keine Meldepflicht f\u00fcr Sicherheitsvorf\u00e4lle vor. Dies war auch einer der Gr\u00fcnde f\u00fcr die Ausarbeitung der Datenschutz-Grundverordnung, die ab Mai 2018 gilt.<\/p>\n<p><strong>Rechtliche Konsequenzen<\/strong><\/p>\n<p>M\u00f6glicherweise wird Yahoo dennoch auch in der EU nicht ganz ungeschoren davonkommen: Die Datenschutzrichtlinie verlangt n\u00e4mlich angemessene Sicherheitsmassnahmen (Artikel 16). Yahoo k\u00f6nnte also theoretisch aufgrund unzureichender Datenschutzvorkehrungen belangt werden.<\/p>\n<p>Allerdings handelt es sich bei Yahoo um ein US-Unternehmen, dessen Datenerfassungsserver sich haupts\u00e4chlich ausserhalb der EU befinden. Es kann also durchaus sein, dass der lange Arm der Datenschutzrichtlinie doch nicht lang genug ist. Die Lage ist also alles andere als eindeutig.<\/p>\n<p>Wenn Sie mehr dazu wissen wollen, inwieweit die aktuelle Datenschutzrichtlinie auch f\u00fcr Nicht-EU-Unternehmen gilt, dann finden Sie in diesen Blog-Eintrag eine gute Analyse der Rechtslage.<\/p>\n<p>\u00dcberblick \u00fcber die Datenschutzvorschriften in der EU, finden Sie auch im <a href=\"https:\/\/info.varonis.com\/wp-eu-regulation-de\" target=\"_blank\" rel=\"noreferrer\" data-cke-saved-href=\"https:\/\/info.varonis.com\/wp-eu-regulation-de\">Whitepaper<\/a> von Varonis.<\/p>\n<p>&nbsp;<\/p>\n","protected":false},"excerpt":{"rendered":"<p>Nachgerechnet: Strafen nach DSGVO W\u00e4re die DSGVO bereits anwendbar \u2013 was erst ab dem 25. Mai 2018 der Fall sein wird \u2013 und Yahoo h\u00e4tte den Diebstahl pers\u00f6nlicher Daten von 500 Millionen Nutzern nicht innerhalb von 72 Stunden an eine Datenschutzbeh\u00f6rde gemeldet, w\u00fcrden dem Unternehmen massive Strafen drohen. Ein Verstoss gegen die in Artikel 33 [&hellip;]<\/p>\n","protected":false},"author":1,"featured_media":245,"comment_status":"open","ping_status":"open","sticky":false,"template":"","format":"standard","meta":{"_acf_changed":false,"footnotes":""},"categories":[1],"tags":[3384],"class_list":["post-629","post","type-post","status-publish","format-standard","has-post-thumbnail","hentry","category-unkategorisiert","tag-korruptionwhistleblowing"],"acf":[],"yoast_head":"<!-- This site is optimized with the Yoast SEO plugin v26.2 - https:\/\/yoast.com\/wordpress\/plugins\/seo\/ -->\n<title>Untersuchung der so genannten Yahoo-Datenschutz-Apokalypse - MQ Management und Qualit\u00e4t<\/title>\n<meta name=\"description\" content=\"Datenschutz: Yahoo wird nun von zwei EU-Datenschutzbeh\u00f6rden unter die Lupe genommen.\" \/>\n<meta name=\"robots\" content=\"index, follow, max-snippet:-1, max-image-preview:large, max-video-preview:-1\" \/>\n<link rel=\"canonical\" href=\"https:\/\/www.m-q.ch\/de\/untersuchung-der-so-genannten-yahoo-datenschutz-apokalypse\/\" \/>\n<meta property=\"og:locale\" content=\"de_DE\" \/>\n<meta property=\"og:type\" content=\"article\" \/>\n<meta property=\"og:title\" content=\"Untersuchung der so genannten Yahoo-Datenschutz-Apokalypse - MQ Management und Qualit\u00e4t\" \/>\n<meta property=\"og:description\" content=\"Datenschutz: Yahoo wird nun von zwei EU-Datenschutzbeh\u00f6rden unter die Lupe genommen.\" \/>\n<meta property=\"og:url\" content=\"https:\/\/www.m-q.ch\/de\/untersuchung-der-so-genannten-yahoo-datenschutz-apokalypse\/\" \/>\n<meta property=\"og:site_name\" content=\"MQ Management und Qualit\u00e4t\" \/>\n<meta property=\"article:publisher\" content=\"https:\/\/www.facebook.com\/ManagementUndQualitaet\" \/>\n<meta property=\"article:published_time\" content=\"2016-11-02T08:25:28+00:00\" \/>\n<meta property=\"article:modified_time\" content=\"2017-02-28T07:57:50+00:00\" \/>\n<meta property=\"og:image\" content=\"https:\/\/www.m-q.ch\/wp-content\/uploads\/2016\/12\/Untersuchung-der-so-genannten-Yahoo-Datenschutz-Apokalypse-management-und-qualitaet.jpg\" \/>\n\t<meta property=\"og:image:width\" content=\"548\" \/>\n\t<meta property=\"og:image:height\" content=\"480\" \/>\n\t<meta property=\"og:image:type\" content=\"image\/jpeg\" \/>\n<meta name=\"author\" content=\"galledia\" \/>\n<meta name=\"twitter:card\" content=\"summary_large_image\" \/>\n<meta name=\"twitter:label1\" content=\"Verfasst von\" \/>\n\t<meta name=\"twitter:data1\" content=\"galledia\" \/>\n\t<meta name=\"twitter:label2\" content=\"Gesch\u00e4tzte Lesezeit\" \/>\n\t<meta name=\"twitter:data2\" content=\"3\u00a0Minuten\" \/>\n<script type=\"application\/ld+json\" class=\"yoast-schema-graph\">{\"@context\":\"https:\/\/schema.org\",\"@graph\":[{\"@type\":\"Article\",\"@id\":\"https:\/\/www.m-q.ch\/de\/untersuchung-der-so-genannten-yahoo-datenschutz-apokalypse\/#article\",\"isPartOf\":{\"@id\":\"https:\/\/www.m-q.ch\/de\/untersuchung-der-so-genannten-yahoo-datenschutz-apokalypse\/\"},\"author\":{\"name\":\"galledia\",\"@id\":\"https:\/\/www.m-q.ch\/fr\/#\/schema\/person\/c0139a2c55a374db6df2cde78ec87148\"},\"headline\":\"Untersuchung der so genannten Yahoo-Datenschutz-Apokalypse\",\"datePublished\":\"2016-11-02T08:25:28+00:00\",\"dateModified\":\"2017-02-28T07:57:50+00:00\",\"mainEntityOfPage\":{\"@id\":\"https:\/\/www.m-q.ch\/de\/untersuchung-der-so-genannten-yahoo-datenschutz-apokalypse\/\"},\"wordCount\":550,\"commentCount\":0,\"publisher\":{\"@id\":\"https:\/\/www.m-q.ch\/fr\/#organization\"},\"image\":{\"@id\":\"https:\/\/www.m-q.ch\/de\/untersuchung-der-so-genannten-yahoo-datenschutz-apokalypse\/#primaryimage\"},\"thumbnailUrl\":\"https:\/\/www.m-q.ch\/wp-content\/uploads\/2016\/12\/Untersuchung-der-so-genannten-Yahoo-Datenschutz-Apokalypse-management-und-qualitaet.jpg\",\"keywords\":[\"Korruption\/Whistleblowing\"],\"articleSection\":[\"Unkategorisiert\"],\"inLanguage\":\"de\"},{\"@type\":\"WebPage\",\"@id\":\"https:\/\/www.m-q.ch\/de\/untersuchung-der-so-genannten-yahoo-datenschutz-apokalypse\/\",\"url\":\"https:\/\/www.m-q.ch\/de\/untersuchung-der-so-genannten-yahoo-datenschutz-apokalypse\/\",\"name\":\"Untersuchung der so genannten Yahoo-Datenschutz-Apokalypse - MQ Management und Qualit\u00e4t\",\"isPartOf\":{\"@id\":\"https:\/\/www.m-q.ch\/fr\/#website\"},\"primaryImageOfPage\":{\"@id\":\"https:\/\/www.m-q.ch\/de\/untersuchung-der-so-genannten-yahoo-datenschutz-apokalypse\/#primaryimage\"},\"image\":{\"@id\":\"https:\/\/www.m-q.ch\/de\/untersuchung-der-so-genannten-yahoo-datenschutz-apokalypse\/#primaryimage\"},\"thumbnailUrl\":\"https:\/\/www.m-q.ch\/wp-content\/uploads\/2016\/12\/Untersuchung-der-so-genannten-Yahoo-Datenschutz-Apokalypse-management-und-qualitaet.jpg\",\"datePublished\":\"2016-11-02T08:25:28+00:00\",\"dateModified\":\"2017-02-28T07:57:50+00:00\",\"description\":\"Datenschutz: Yahoo wird nun von zwei EU-Datenschutzbeh\u00f6rden unter die Lupe genommen.\",\"breadcrumb\":{\"@id\":\"https:\/\/www.m-q.ch\/de\/untersuchung-der-so-genannten-yahoo-datenschutz-apokalypse\/#breadcrumb\"},\"inLanguage\":\"de\",\"potentialAction\":[{\"@type\":\"ReadAction\",\"target\":[\"https:\/\/www.m-q.ch\/de\/untersuchung-der-so-genannten-yahoo-datenschutz-apokalypse\/\"]}]},{\"@type\":\"ImageObject\",\"inLanguage\":\"de\",\"@id\":\"https:\/\/www.m-q.ch\/de\/untersuchung-der-so-genannten-yahoo-datenschutz-apokalypse\/#primaryimage\",\"url\":\"https:\/\/www.m-q.ch\/wp-content\/uploads\/2016\/12\/Untersuchung-der-so-genannten-Yahoo-Datenschutz-Apokalypse-management-und-qualitaet.jpg\",\"contentUrl\":\"https:\/\/www.m-q.ch\/wp-content\/uploads\/2016\/12\/Untersuchung-der-so-genannten-Yahoo-Datenschutz-Apokalypse-management-und-qualitaet.jpg\",\"width\":548,\"height\":480},{\"@type\":\"BreadcrumbList\",\"@id\":\"https:\/\/www.m-q.ch\/de\/untersuchung-der-so-genannten-yahoo-datenschutz-apokalypse\/#breadcrumb\",\"itemListElement\":[{\"@type\":\"ListItem\",\"position\":1,\"name\":\"Unkategorisiert\",\"item\":\"https:\/\/www.m-q.ch\/it\/categoria\/senza-categoria\/\"},{\"@type\":\"ListItem\",\"position\":2,\"name\":\"Untersuchung der so genannten Yahoo-Datenschutz-Apokalypse\"}]},{\"@type\":\"WebSite\",\"@id\":\"https:\/\/www.m-q.ch\/fr\/#website\",\"url\":\"https:\/\/www.m-q.ch\/fr\/\",\"name\":\"MQ Management und Qualit\u00e4t\",\"description\":\"Plattform f\u00fcr integrierte Managementsysteme.\",\"publisher\":{\"@id\":\"https:\/\/www.m-q.ch\/fr\/#organization\"},\"potentialAction\":[{\"@type\":\"SearchAction\",\"target\":{\"@type\":\"EntryPoint\",\"urlTemplate\":\"https:\/\/www.m-q.ch\/fr\/?s={search_term_string}\"},\"query-input\":{\"@type\":\"PropertyValueSpecification\",\"valueRequired\":true,\"valueName\":\"search_term_string\"}}],\"inLanguage\":\"de\"},{\"@type\":\"Organization\",\"@id\":\"https:\/\/www.m-q.ch\/fr\/#organization\",\"name\":\"Galledia Fachmedien AG\",\"url\":\"https:\/\/www.m-q.ch\/fr\/\",\"logo\":{\"@type\":\"ImageObject\",\"inLanguage\":\"de\",\"@id\":\"https:\/\/www.m-q.ch\/fr\/#\/schema\/logo\/image\/\",\"url\":\"https:\/\/www.m-q.ch\/wp-content\/uploads\/2020\/12\/cropped-logo_small.png\",\"contentUrl\":\"https:\/\/www.m-q.ch\/wp-content\/uploads\/2020\/12\/cropped-logo_small.png\",\"width\":512,\"height\":512,\"caption\":\"Galledia Fachmedien AG\"},\"image\":{\"@id\":\"https:\/\/www.m-q.ch\/fr\/#\/schema\/logo\/image\/\"},\"sameAs\":[\"https:\/\/www.facebook.com\/ManagementUndQualitaet\",\"https:\/\/www.linkedin.com\/showcase\/17982321\/admin\/\"]},{\"@type\":\"Person\",\"@id\":\"https:\/\/www.m-q.ch\/fr\/#\/schema\/person\/c0139a2c55a374db6df2cde78ec87148\",\"name\":\"galledia\",\"image\":{\"@type\":\"ImageObject\",\"inLanguage\":\"de\",\"@id\":\"https:\/\/www.m-q.ch\/fr\/#\/schema\/person\/image\/\",\"url\":\"https:\/\/secure.gravatar.com\/avatar\/66edf527eac29e9a5eb25bcada01f61a?s=96&d=mm&r=g\",\"contentUrl\":\"https:\/\/secure.gravatar.com\/avatar\/66edf527eac29e9a5eb25bcada01f61a?s=96&d=mm&r=g\",\"caption\":\"galledia\"},\"url\":\"https:\/\/www.m-q.ch\/de\/author\/galledia\/\"}]}<\/script>\n<!-- \/ Yoast SEO plugin. -->","yoast_head_json":{"title":"Untersuchung der so genannten Yahoo-Datenschutz-Apokalypse - MQ Management und Qualit\u00e4t","description":"Datenschutz: Yahoo wird nun von zwei EU-Datenschutzbeh\u00f6rden unter die Lupe genommen.","robots":{"index":"index","follow":"follow","max-snippet":"max-snippet:-1","max-image-preview":"max-image-preview:large","max-video-preview":"max-video-preview:-1"},"canonical":"https:\/\/www.m-q.ch\/de\/untersuchung-der-so-genannten-yahoo-datenschutz-apokalypse\/","og_locale":"de_DE","og_type":"article","og_title":"Untersuchung der so genannten Yahoo-Datenschutz-Apokalypse - MQ Management und Qualit\u00e4t","og_description":"Datenschutz: Yahoo wird nun von zwei EU-Datenschutzbeh\u00f6rden unter die Lupe genommen.","og_url":"https:\/\/www.m-q.ch\/de\/untersuchung-der-so-genannten-yahoo-datenschutz-apokalypse\/","og_site_name":"MQ Management und Qualit\u00e4t","article_publisher":"https:\/\/www.facebook.com\/ManagementUndQualitaet","article_published_time":"2016-11-02T08:25:28+00:00","article_modified_time":"2017-02-28T07:57:50+00:00","og_image":[{"width":548,"height":480,"url":"https:\/\/www.m-q.ch\/wp-content\/uploads\/2016\/12\/Untersuchung-der-so-genannten-Yahoo-Datenschutz-Apokalypse-management-und-qualitaet.jpg","type":"image\/jpeg"}],"author":"galledia","twitter_card":"summary_large_image","twitter_misc":{"Verfasst von":"galledia","Gesch\u00e4tzte Lesezeit":"3\u00a0Minuten"},"schema":{"@context":"https:\/\/schema.org","@graph":[{"@type":"Article","@id":"https:\/\/www.m-q.ch\/de\/untersuchung-der-so-genannten-yahoo-datenschutz-apokalypse\/#article","isPartOf":{"@id":"https:\/\/www.m-q.ch\/de\/untersuchung-der-so-genannten-yahoo-datenschutz-apokalypse\/"},"author":{"name":"galledia","@id":"https:\/\/www.m-q.ch\/fr\/#\/schema\/person\/c0139a2c55a374db6df2cde78ec87148"},"headline":"Untersuchung der so genannten Yahoo-Datenschutz-Apokalypse","datePublished":"2016-11-02T08:25:28+00:00","dateModified":"2017-02-28T07:57:50+00:00","mainEntityOfPage":{"@id":"https:\/\/www.m-q.ch\/de\/untersuchung-der-so-genannten-yahoo-datenschutz-apokalypse\/"},"wordCount":550,"commentCount":0,"publisher":{"@id":"https:\/\/www.m-q.ch\/fr\/#organization"},"image":{"@id":"https:\/\/www.m-q.ch\/de\/untersuchung-der-so-genannten-yahoo-datenschutz-apokalypse\/#primaryimage"},"thumbnailUrl":"https:\/\/www.m-q.ch\/wp-content\/uploads\/2016\/12\/Untersuchung-der-so-genannten-Yahoo-Datenschutz-Apokalypse-management-und-qualitaet.jpg","keywords":["Korruption\/Whistleblowing"],"articleSection":["Unkategorisiert"],"inLanguage":"de"},{"@type":"WebPage","@id":"https:\/\/www.m-q.ch\/de\/untersuchung-der-so-genannten-yahoo-datenschutz-apokalypse\/","url":"https:\/\/www.m-q.ch\/de\/untersuchung-der-so-genannten-yahoo-datenschutz-apokalypse\/","name":"Untersuchung der so genannten Yahoo-Datenschutz-Apokalypse - MQ Management und Qualit\u00e4t","isPartOf":{"@id":"https:\/\/www.m-q.ch\/fr\/#website"},"primaryImageOfPage":{"@id":"https:\/\/www.m-q.ch\/de\/untersuchung-der-so-genannten-yahoo-datenschutz-apokalypse\/#primaryimage"},"image":{"@id":"https:\/\/www.m-q.ch\/de\/untersuchung-der-so-genannten-yahoo-datenschutz-apokalypse\/#primaryimage"},"thumbnailUrl":"https:\/\/www.m-q.ch\/wp-content\/uploads\/2016\/12\/Untersuchung-der-so-genannten-Yahoo-Datenschutz-Apokalypse-management-und-qualitaet.jpg","datePublished":"2016-11-02T08:25:28+00:00","dateModified":"2017-02-28T07:57:50+00:00","description":"Datenschutz: Yahoo wird nun von zwei EU-Datenschutzbeh\u00f6rden unter die Lupe genommen.","breadcrumb":{"@id":"https:\/\/www.m-q.ch\/de\/untersuchung-der-so-genannten-yahoo-datenschutz-apokalypse\/#breadcrumb"},"inLanguage":"de","potentialAction":[{"@type":"ReadAction","target":["https:\/\/www.m-q.ch\/de\/untersuchung-der-so-genannten-yahoo-datenschutz-apokalypse\/"]}]},{"@type":"ImageObject","inLanguage":"de","@id":"https:\/\/www.m-q.ch\/de\/untersuchung-der-so-genannten-yahoo-datenschutz-apokalypse\/#primaryimage","url":"https:\/\/www.m-q.ch\/wp-content\/uploads\/2016\/12\/Untersuchung-der-so-genannten-Yahoo-Datenschutz-Apokalypse-management-und-qualitaet.jpg","contentUrl":"https:\/\/www.m-q.ch\/wp-content\/uploads\/2016\/12\/Untersuchung-der-so-genannten-Yahoo-Datenschutz-Apokalypse-management-und-qualitaet.jpg","width":548,"height":480},{"@type":"BreadcrumbList","@id":"https:\/\/www.m-q.ch\/de\/untersuchung-der-so-genannten-yahoo-datenschutz-apokalypse\/#breadcrumb","itemListElement":[{"@type":"ListItem","position":1,"name":"Unkategorisiert","item":"https:\/\/www.m-q.ch\/it\/categoria\/senza-categoria\/"},{"@type":"ListItem","position":2,"name":"Untersuchung der so genannten Yahoo-Datenschutz-Apokalypse"}]},{"@type":"WebSite","@id":"https:\/\/www.m-q.ch\/fr\/#website","url":"https:\/\/www.m-q.ch\/fr\/","name":"MQ Management und Qualit\u00e4t","description":"Plattform f\u00fcr integrierte Managementsysteme.","publisher":{"@id":"https:\/\/www.m-q.ch\/fr\/#organization"},"potentialAction":[{"@type":"SearchAction","target":{"@type":"EntryPoint","urlTemplate":"https:\/\/www.m-q.ch\/fr\/?s={search_term_string}"},"query-input":{"@type":"PropertyValueSpecification","valueRequired":true,"valueName":"search_term_string"}}],"inLanguage":"de"},{"@type":"Organization","@id":"https:\/\/www.m-q.ch\/fr\/#organization","name":"Galledia Fachmedien AG","url":"https:\/\/www.m-q.ch\/fr\/","logo":{"@type":"ImageObject","inLanguage":"de","@id":"https:\/\/www.m-q.ch\/fr\/#\/schema\/logo\/image\/","url":"https:\/\/www.m-q.ch\/wp-content\/uploads\/2020\/12\/cropped-logo_small.png","contentUrl":"https:\/\/www.m-q.ch\/wp-content\/uploads\/2020\/12\/cropped-logo_small.png","width":512,"height":512,"caption":"Galledia Fachmedien AG"},"image":{"@id":"https:\/\/www.m-q.ch\/fr\/#\/schema\/logo\/image\/"},"sameAs":["https:\/\/www.facebook.com\/ManagementUndQualitaet","https:\/\/www.linkedin.com\/showcase\/17982321\/admin\/"]},{"@type":"Person","@id":"https:\/\/www.m-q.ch\/fr\/#\/schema\/person\/c0139a2c55a374db6df2cde78ec87148","name":"galledia","image":{"@type":"ImageObject","inLanguage":"de","@id":"https:\/\/www.m-q.ch\/fr\/#\/schema\/person\/image\/","url":"https:\/\/secure.gravatar.com\/avatar\/66edf527eac29e9a5eb25bcada01f61a?s=96&d=mm&r=g","contentUrl":"https:\/\/secure.gravatar.com\/avatar\/66edf527eac29e9a5eb25bcada01f61a?s=96&d=mm&r=g","caption":"galledia"},"url":"https:\/\/www.m-q.ch\/de\/author\/galledia\/"}]}},"_links":{"self":[{"href":"https:\/\/www.m-q.ch\/de\/wp-json\/wp\/v2\/posts\/629","targetHints":{"allow":["GET"]}}],"collection":[{"href":"https:\/\/www.m-q.ch\/de\/wp-json\/wp\/v2\/posts"}],"about":[{"href":"https:\/\/www.m-q.ch\/de\/wp-json\/wp\/v2\/types\/post"}],"author":[{"embeddable":true,"href":"https:\/\/www.m-q.ch\/de\/wp-json\/wp\/v2\/users\/1"}],"replies":[{"embeddable":true,"href":"https:\/\/www.m-q.ch\/de\/wp-json\/wp\/v2\/comments?post=629"}],"version-history":[{"count":4,"href":"https:\/\/www.m-q.ch\/de\/wp-json\/wp\/v2\/posts\/629\/revisions"}],"predecessor-version":[{"id":1004,"href":"https:\/\/www.m-q.ch\/de\/wp-json\/wp\/v2\/posts\/629\/revisions\/1004"}],"wp:featuredmedia":[{"embeddable":true,"href":"https:\/\/www.m-q.ch\/de\/wp-json\/wp\/v2\/media\/245"}],"wp:attachment":[{"href":"https:\/\/www.m-q.ch\/de\/wp-json\/wp\/v2\/media?parent=629"}],"wp:term":[{"taxonomy":"category","embeddable":true,"href":"https:\/\/www.m-q.ch\/de\/wp-json\/wp\/v2\/categories?post=629"},{"taxonomy":"post_tag","embeddable":true,"href":"https:\/\/www.m-q.ch\/de\/wp-json\/wp\/v2\/tags?post=629"}],"curies":[{"name":"wp","href":"https:\/\/api.w.org\/{rel}","templated":true}]}}