{"id":669,"date":"2016-12-06T10:27:15","date_gmt":"2016-12-06T09:27:15","guid":{"rendered":"http:\/\/dev.m-q.ch\/?p=669"},"modified":"2017-02-24T15:05:31","modified_gmt":"2017-02-24T14:05:31","slug":"digitale-transformation-management-abstimmungen-noetig","status":"publish","type":"post","link":"https:\/\/www.m-q.ch\/de\/digitale-transformation-management-abstimmungen-noetig\/","title":{"rendered":"Digitale Transformation: Management-Abstimmungen n\u00f6tig"},"content":{"rendered":"<figure id=\"attachment_95\" aria-describedby=\"caption-attachment-95\" style=\"width: 680px\" class=\"wp-caption alignnone\"><a href=\"https:\/\/m-q.ch\/wp-content\/uploads\/2016\/12\/Digitale-Transformation-Management-Abstimmungen-n\u00f6tig-management-und-qualitaet.jpg\"><img loading=\"lazy\" decoding=\"async\" class=\"wp-image-95 size-medium\" src=\"https:\/\/www.m-q.ch\/wp-content\/uploads\/2016\/12\/Digitale-Transformation-Management-Abstimmungen-n\u00f6tig-management-und-qualitaet-680x453.jpg\" width=\"680\" height=\"453\" srcset=\"https:\/\/www.m-q.ch\/wp-content\/uploads\/2016\/12\/Digitale-Transformation-Management-Abstimmungen-n\u00f6tig-management-und-qualitaet-680x453.jpg 680w, https:\/\/www.m-q.ch\/wp-content\/uploads\/2016\/12\/Digitale-Transformation-Management-Abstimmungen-n\u00f6tig-management-und-qualitaet-768x512.jpg 768w, https:\/\/www.m-q.ch\/wp-content\/uploads\/2016\/12\/Digitale-Transformation-Management-Abstimmungen-n\u00f6tig-management-und-qualitaet-16x12.jpg 16w, https:\/\/www.m-q.ch\/wp-content\/uploads\/2016\/12\/Digitale-Transformation-Management-Abstimmungen-n\u00f6tig-management-und-qualitaet-263x175.jpg 263w, https:\/\/www.m-q.ch\/wp-content\/uploads\/2016\/12\/Digitale-Transformation-Management-Abstimmungen-n\u00f6tig-management-und-qualitaet-525x350.jpg 525w, https:\/\/www.m-q.ch\/wp-content\/uploads\/2016\/12\/Digitale-Transformation-Management-Abstimmungen-n\u00f6tig-management-und-qualitaet-300x200.jpg 300w, https:\/\/www.m-q.ch\/wp-content\/uploads\/2016\/12\/Digitale-Transformation-Management-Abstimmungen-n\u00f6tig-management-und-qualitaet-624x416.jpg 624w, https:\/\/www.m-q.ch\/wp-content\/uploads\/2016\/12\/Digitale-Transformation-Management-Abstimmungen-n\u00f6tig-management-und-qualitaet.jpg 800w\" sizes=\"auto, (max-width: 680px) 100vw, 680px\" \/><\/a><figcaption id=\"caption-attachment-95\" class=\"wp-caption-text\">(Bild: depositphotos)<\/figcaption><\/figure>\n<p>Die Unternehmungskultur ist das R\u00fcckgrat jeder digitalen Transformation. Nur mit einer agilen und flexiblen Kultur sind Unternehmen in der Lage, sich erfolgreich zu transformieren. Wenn diese Werte auch in der Struktur widerspiegelt und vom Management geschlossen gelebt werden, k\u00f6nnen Unternehmen von der Digitalisierung profitieren.<\/p>\n<p><strong>Vier Implikationen konnten von der Studie abgeleitet werden:<\/strong><\/p>\n<p><em><strong>1. Harmonisierung<\/strong><\/em><\/p>\n<p><em>\u00dcber alle Branchen hinweg mangelt es an einem gemeinsamen Verst\u00e4ndnis des immer schneller stattfindenden digitalen Wandels. Um firmenintern auf den gleichen Nenner zu kommen, m\u00fcssen das Topmanagement (Strategiedefinition), das mittlere Management (Strategieausf\u00fchrung) sowie letztlich der Kunde \u2013 dessen Bed\u00fcrfnisse befriedigt werden sollen \u2013 alle die gleiche Vorstellung davon haben, was unter der Digitalisierung verstanden wird.<\/em><\/p>\n<p><em><strong>2. Kundenorientierung<\/strong><\/em><\/p>\n<p><em>Die sich immer schneller entwickelnden Kundenbed\u00fcrfnisse werden von neuen digitalen Produkten und Dienstleistungen oftmals nicht befriedigt. Um dem Kunden einen Mehrwert zu bieten, ist es notwendig, diesen in das Zentrum des Handelns zu stellen.<\/em><\/p>\n<p><em><strong>3. Externe Perspektiven<\/strong><\/em><\/p>\n<p><em>Mit bestehenden Ressourcen innovativ zu sein, ist eine der gr\u00f6ssten Herausforderungen. Entsprechend zentral ist es, frische Perspektiven und neue Talente mit neuen Herangehensweisen in das Unternehmen zu bringen.<\/em><\/p>\n<p><em><strong>4. &#8222;Eigendisruption&#8220;<\/strong><\/em><\/p>\n<p><em>Unternehmen m\u00fcssen gewillt sein, umzudenken und sich einer Fehlerkultur anzunehmen. Nur wer aus den eigenen Fehlern lernt, kann schnell Erfolg haben. Neue Gesch\u00e4ftsmodelle zu verfolgen und den eigenen Erfolg zu hinterfragen, ist nicht nur eine Art und Weise, um sich selber herauszufordern, sondern auch, um den digitalen Wandel voranzutreiben.<\/em><\/p>\n<p><strong>Digitale Strategien umsetzen und in messbare Initiativen umwandeln<\/strong><\/p>\n<p>Noch nie war es so relevant, die erw\u00e4hnten Faktoren in eine digitale Strategie umzuwandeln. &#8222;Nur wenn Management und Kundenerwartungen abgestimmt sind, k\u00f6nnen Unternehmen Mehrwert im digitalen Bereich generieren. Aufgrund der stark zunehmenden Kundenerwartungen an digitale L\u00f6sungen steigt der Druck, \u2039digital\u203a in eine erfolgreiche Strategie umzuwandeln erst recht.&#8220;, erl\u00e4utert Holger Greif, Leiter Digitale Transformation bei PwC Schweiz.<\/p>\n<p><a href=\"http:\/\/www.pwc.ch\" target=\"_blank\" rel=\"noreferrer\" data-cke-saved-href=\"http:\/\/www.pwc.ch\">www.pwc.ch<\/a><\/p>\n","protected":false},"excerpt":{"rendered":"<p>Die Unternehmungskultur ist das R\u00fcckgrat jeder digitalen Transformation. Nur mit einer agilen und flexiblen Kultur sind Unternehmen in der Lage, sich erfolgreich zu transformieren. Wenn diese Werte auch in der Struktur widerspiegelt und vom Management geschlossen gelebt werden, k\u00f6nnen Unternehmen von der Digitalisierung profitieren. Vier Implikationen konnten von der Studie abgeleitet werden: 1. Harmonisierung \u00dcber [&hellip;]<\/p>\n","protected":false},"author":1,"featured_media":95,"comment_status":"open","ping_status":"open","sticky":false,"template":"","format":"standard","meta":{"_acf_changed":false,"footnotes":""},"categories":[1],"tags":[3372],"class_list":["post-669","post","type-post","status-publish","format-standard","has-post-thumbnail","hentry","category-unkategorisiert","tag-digitalisierung"],"acf":[],"yoast_head":"<!-- This site is optimized with the Yoast SEO plugin v26.2 - https:\/\/yoast.com\/wordpress\/plugins\/seo\/ -->\n<title>Digitale Transformation: Management-Abstimmungen n\u00f6tig - MQ Management und Qualit\u00e4t<\/title>\n<meta name=\"description\" content=\"Digitale Transformation: Wie fortgeschritten sind Schweizer Unternehmen im digitalen Bereich wirklich?\" \/>\n<meta name=\"robots\" content=\"index, follow, max-snippet:-1, max-image-preview:large, max-video-preview:-1\" \/>\n<link rel=\"canonical\" href=\"https:\/\/www.m-q.ch\/de\/digitale-transformation-management-abstimmungen-noetig\/\" \/>\n<meta property=\"og:locale\" content=\"de_DE\" \/>\n<meta property=\"og:type\" content=\"article\" \/>\n<meta property=\"og:title\" content=\"Digitale Transformation: Management-Abstimmungen n\u00f6tig - MQ Management und Qualit\u00e4t\" \/>\n<meta property=\"og:description\" content=\"Digitale Transformation: Wie fortgeschritten sind Schweizer Unternehmen im digitalen Bereich wirklich?\" \/>\n<meta property=\"og:url\" content=\"https:\/\/www.m-q.ch\/de\/digitale-transformation-management-abstimmungen-noetig\/\" \/>\n<meta property=\"og:site_name\" content=\"MQ Management und Qualit\u00e4t\" \/>\n<meta property=\"article:publisher\" content=\"https:\/\/www.facebook.com\/ManagementUndQualitaet\" \/>\n<meta property=\"article:published_time\" content=\"2016-12-06T09:27:15+00:00\" \/>\n<meta property=\"article:modified_time\" content=\"2017-02-24T14:05:31+00:00\" \/>\n<meta property=\"og:image\" content=\"https:\/\/www.m-q.ch\/wp-content\/uploads\/2016\/12\/Digitale-Transformation-Management-Abstimmungen-n\u00f6tig-management-und-qualitaet.jpg\" \/>\n\t<meta property=\"og:image:width\" content=\"800\" \/>\n\t<meta property=\"og:image:height\" content=\"533\" \/>\n\t<meta property=\"og:image:type\" content=\"image\/jpeg\" \/>\n<meta name=\"author\" content=\"galledia\" \/>\n<meta name=\"twitter:card\" content=\"summary_large_image\" \/>\n<meta name=\"twitter:label1\" content=\"Verfasst von\" \/>\n\t<meta name=\"twitter:data1\" content=\"galledia\" \/>\n\t<meta name=\"twitter:label2\" content=\"Gesch\u00e4tzte Lesezeit\" \/>\n\t<meta name=\"twitter:data2\" content=\"2\u00a0Minuten\" \/>\n<script type=\"application\/ld+json\" class=\"yoast-schema-graph\">{\"@context\":\"https:\/\/schema.org\",\"@graph\":[{\"@type\":\"Article\",\"@id\":\"https:\/\/www.m-q.ch\/en\/digital-transformation-management-votes-necessary\/#article\",\"isPartOf\":{\"@id\":\"https:\/\/www.m-q.ch\/en\/digital-transformation-management-votes-necessary\/\"},\"author\":{\"name\":\"galledia\",\"@id\":\"https:\/\/www.m-q.ch\/fr\/#\/schema\/person\/c0139a2c55a374db6df2cde78ec87148\"},\"headline\":\"Digitale Transformation: Management-Abstimmungen n\u00f6tig\",\"datePublished\":\"2016-12-06T09:27:15+00:00\",\"dateModified\":\"2017-02-24T14:05:31+00:00\",\"mainEntityOfPage\":{\"@id\":\"https:\/\/www.m-q.ch\/en\/digital-transformation-management-votes-necessary\/\"},\"wordCount\":316,\"commentCount\":0,\"publisher\":{\"@id\":\"https:\/\/www.m-q.ch\/fr\/#organization\"},\"image\":{\"@id\":\"https:\/\/www.m-q.ch\/en\/digital-transformation-management-votes-necessary\/#primaryimage\"},\"thumbnailUrl\":\"https:\/\/www.m-q.ch\/wp-content\/uploads\/2016\/12\/Digitale-Transformation-Management-Abstimmungen-n\u00f6tig-management-und-qualitaet.jpg\",\"keywords\":[\"Digitalisierung\"],\"articleSection\":[\"Unkategorisiert\"],\"inLanguage\":\"de\"},{\"@type\":\"WebPage\",\"@id\":\"https:\/\/www.m-q.ch\/en\/digital-transformation-management-votes-necessary\/\",\"url\":\"https:\/\/www.m-q.ch\/en\/digital-transformation-management-votes-necessary\/\",\"name\":\"Digitale Transformation: Management-Abstimmungen n\u00f6tig - MQ Management und Qualit\u00e4t\",\"isPartOf\":{\"@id\":\"https:\/\/www.m-q.ch\/fr\/#website\"},\"primaryImageOfPage\":{\"@id\":\"https:\/\/www.m-q.ch\/en\/digital-transformation-management-votes-necessary\/#primaryimage\"},\"image\":{\"@id\":\"https:\/\/www.m-q.ch\/en\/digital-transformation-management-votes-necessary\/#primaryimage\"},\"thumbnailUrl\":\"https:\/\/www.m-q.ch\/wp-content\/uploads\/2016\/12\/Digitale-Transformation-Management-Abstimmungen-n\u00f6tig-management-und-qualitaet.jpg\",\"datePublished\":\"2016-12-06T09:27:15+00:00\",\"dateModified\":\"2017-02-24T14:05:31+00:00\",\"description\":\"Digitale Transformation: Wie fortgeschritten sind Schweizer Unternehmen im digitalen Bereich wirklich?\",\"breadcrumb\":{\"@id\":\"https:\/\/www.m-q.ch\/en\/digital-transformation-management-votes-necessary\/#breadcrumb\"},\"inLanguage\":\"de\",\"potentialAction\":[{\"@type\":\"ReadAction\",\"target\":[\"https:\/\/www.m-q.ch\/en\/digital-transformation-management-votes-necessary\/\"]}]},{\"@type\":\"ImageObject\",\"inLanguage\":\"de\",\"@id\":\"https:\/\/www.m-q.ch\/en\/digital-transformation-management-votes-necessary\/#primaryimage\",\"url\":\"https:\/\/www.m-q.ch\/wp-content\/uploads\/2016\/12\/Digitale-Transformation-Management-Abstimmungen-n\u00f6tig-management-und-qualitaet.jpg\",\"contentUrl\":\"https:\/\/www.m-q.ch\/wp-content\/uploads\/2016\/12\/Digitale-Transformation-Management-Abstimmungen-n\u00f6tig-management-und-qualitaet.jpg\",\"width\":800,\"height\":533,\"caption\":\"(Bild: depositphotos)\"},{\"@type\":\"BreadcrumbList\",\"@id\":\"https:\/\/www.m-q.ch\/en\/digital-transformation-management-votes-necessary\/#breadcrumb\",\"itemListElement\":[{\"@type\":\"ListItem\",\"position\":1,\"name\":\"Unkategorisiert\",\"item\":\"https:\/\/www.m-q.ch\/it\/categoria\/senza-categoria\/\"},{\"@type\":\"ListItem\",\"position\":2,\"name\":\"Digitale Transformation: Management-Abstimmungen n\u00f6tig\"}]},{\"@type\":\"WebSite\",\"@id\":\"https:\/\/www.m-q.ch\/fr\/#website\",\"url\":\"https:\/\/www.m-q.ch\/fr\/\",\"name\":\"MQ Management und Qualit\u00e4t\",\"description\":\"Plattform f\u00fcr integrierte Managementsysteme.\",\"publisher\":{\"@id\":\"https:\/\/www.m-q.ch\/fr\/#organization\"},\"potentialAction\":[{\"@type\":\"SearchAction\",\"target\":{\"@type\":\"EntryPoint\",\"urlTemplate\":\"https:\/\/www.m-q.ch\/fr\/?s={search_term_string}\"},\"query-input\":{\"@type\":\"PropertyValueSpecification\",\"valueRequired\":true,\"valueName\":\"search_term_string\"}}],\"inLanguage\":\"de\"},{\"@type\":\"Organization\",\"@id\":\"https:\/\/www.m-q.ch\/fr\/#organization\",\"name\":\"Galledia Fachmedien AG\",\"url\":\"https:\/\/www.m-q.ch\/fr\/\",\"logo\":{\"@type\":\"ImageObject\",\"inLanguage\":\"de\",\"@id\":\"https:\/\/www.m-q.ch\/fr\/#\/schema\/logo\/image\/\",\"url\":\"https:\/\/www.m-q.ch\/wp-content\/uploads\/2020\/12\/cropped-logo_small.png\",\"contentUrl\":\"https:\/\/www.m-q.ch\/wp-content\/uploads\/2020\/12\/cropped-logo_small.png\",\"width\":512,\"height\":512,\"caption\":\"Galledia Fachmedien AG\"},\"image\":{\"@id\":\"https:\/\/www.m-q.ch\/fr\/#\/schema\/logo\/image\/\"},\"sameAs\":[\"https:\/\/www.facebook.com\/ManagementUndQualitaet\",\"https:\/\/www.linkedin.com\/showcase\/17982321\/admin\/\"]},{\"@type\":\"Person\",\"@id\":\"https:\/\/www.m-q.ch\/fr\/#\/schema\/person\/c0139a2c55a374db6df2cde78ec87148\",\"name\":\"galledia\",\"image\":{\"@type\":\"ImageObject\",\"inLanguage\":\"de\",\"@id\":\"https:\/\/www.m-q.ch\/fr\/#\/schema\/person\/image\/\",\"url\":\"https:\/\/secure.gravatar.com\/avatar\/66edf527eac29e9a5eb25bcada01f61a?s=96&d=mm&r=g\",\"contentUrl\":\"https:\/\/secure.gravatar.com\/avatar\/66edf527eac29e9a5eb25bcada01f61a?s=96&d=mm&r=g\",\"caption\":\"galledia\"},\"url\":\"https:\/\/www.m-q.ch\/de\/author\/galledia\/\"}]}<\/script>\n<!-- \/ Yoast SEO plugin. -->","yoast_head_json":{"title":"Digitale Transformation: Management-Abstimmungen n\u00f6tig - MQ Management und Qualit\u00e4t","description":"Digitale Transformation: Wie fortgeschritten sind Schweizer Unternehmen im digitalen Bereich wirklich?","robots":{"index":"index","follow":"follow","max-snippet":"max-snippet:-1","max-image-preview":"max-image-preview:large","max-video-preview":"max-video-preview:-1"},"canonical":"https:\/\/www.m-q.ch\/de\/digitale-transformation-management-abstimmungen-noetig\/","og_locale":"de_DE","og_type":"article","og_title":"Digitale Transformation: Management-Abstimmungen n\u00f6tig - MQ Management und Qualit\u00e4t","og_description":"Digitale Transformation: Wie fortgeschritten sind Schweizer Unternehmen im digitalen Bereich wirklich?","og_url":"https:\/\/www.m-q.ch\/de\/digitale-transformation-management-abstimmungen-noetig\/","og_site_name":"MQ Management und Qualit\u00e4t","article_publisher":"https:\/\/www.facebook.com\/ManagementUndQualitaet","article_published_time":"2016-12-06T09:27:15+00:00","article_modified_time":"2017-02-24T14:05:31+00:00","og_image":[{"width":800,"height":533,"url":"https:\/\/www.m-q.ch\/wp-content\/uploads\/2016\/12\/Digitale-Transformation-Management-Abstimmungen-n\u00f6tig-management-und-qualitaet.jpg","type":"image\/jpeg"}],"author":"galledia","twitter_card":"summary_large_image","twitter_misc":{"Verfasst von":"galledia","Gesch\u00e4tzte Lesezeit":"2\u00a0Minuten"},"schema":{"@context":"https:\/\/schema.org","@graph":[{"@type":"Article","@id":"https:\/\/www.m-q.ch\/en\/digital-transformation-management-votes-necessary\/#article","isPartOf":{"@id":"https:\/\/www.m-q.ch\/en\/digital-transformation-management-votes-necessary\/"},"author":{"name":"galledia","@id":"https:\/\/www.m-q.ch\/fr\/#\/schema\/person\/c0139a2c55a374db6df2cde78ec87148"},"headline":"Digitale Transformation: Management-Abstimmungen n\u00f6tig","datePublished":"2016-12-06T09:27:15+00:00","dateModified":"2017-02-24T14:05:31+00:00","mainEntityOfPage":{"@id":"https:\/\/www.m-q.ch\/en\/digital-transformation-management-votes-necessary\/"},"wordCount":316,"commentCount":0,"publisher":{"@id":"https:\/\/www.m-q.ch\/fr\/#organization"},"image":{"@id":"https:\/\/www.m-q.ch\/en\/digital-transformation-management-votes-necessary\/#primaryimage"},"thumbnailUrl":"https:\/\/www.m-q.ch\/wp-content\/uploads\/2016\/12\/Digitale-Transformation-Management-Abstimmungen-n\u00f6tig-management-und-qualitaet.jpg","keywords":["Digitalisierung"],"articleSection":["Unkategorisiert"],"inLanguage":"de"},{"@type":"WebPage","@id":"https:\/\/www.m-q.ch\/en\/digital-transformation-management-votes-necessary\/","url":"https:\/\/www.m-q.ch\/en\/digital-transformation-management-votes-necessary\/","name":"Digitale Transformation: Management-Abstimmungen n\u00f6tig - MQ Management und Qualit\u00e4t","isPartOf":{"@id":"https:\/\/www.m-q.ch\/fr\/#website"},"primaryImageOfPage":{"@id":"https:\/\/www.m-q.ch\/en\/digital-transformation-management-votes-necessary\/#primaryimage"},"image":{"@id":"https:\/\/www.m-q.ch\/en\/digital-transformation-management-votes-necessary\/#primaryimage"},"thumbnailUrl":"https:\/\/www.m-q.ch\/wp-content\/uploads\/2016\/12\/Digitale-Transformation-Management-Abstimmungen-n\u00f6tig-management-und-qualitaet.jpg","datePublished":"2016-12-06T09:27:15+00:00","dateModified":"2017-02-24T14:05:31+00:00","description":"Digitale Transformation: Wie fortgeschritten sind Schweizer Unternehmen im digitalen Bereich wirklich?","breadcrumb":{"@id":"https:\/\/www.m-q.ch\/en\/digital-transformation-management-votes-necessary\/#breadcrumb"},"inLanguage":"de","potentialAction":[{"@type":"ReadAction","target":["https:\/\/www.m-q.ch\/en\/digital-transformation-management-votes-necessary\/"]}]},{"@type":"ImageObject","inLanguage":"de","@id":"https:\/\/www.m-q.ch\/en\/digital-transformation-management-votes-necessary\/#primaryimage","url":"https:\/\/www.m-q.ch\/wp-content\/uploads\/2016\/12\/Digitale-Transformation-Management-Abstimmungen-n\u00f6tig-management-und-qualitaet.jpg","contentUrl":"https:\/\/www.m-q.ch\/wp-content\/uploads\/2016\/12\/Digitale-Transformation-Management-Abstimmungen-n\u00f6tig-management-und-qualitaet.jpg","width":800,"height":533,"caption":"(Bild: depositphotos)"},{"@type":"BreadcrumbList","@id":"https:\/\/www.m-q.ch\/en\/digital-transformation-management-votes-necessary\/#breadcrumb","itemListElement":[{"@type":"ListItem","position":1,"name":"Unkategorisiert","item":"https:\/\/www.m-q.ch\/it\/categoria\/senza-categoria\/"},{"@type":"ListItem","position":2,"name":"Digitale Transformation: Management-Abstimmungen n\u00f6tig"}]},{"@type":"WebSite","@id":"https:\/\/www.m-q.ch\/fr\/#website","url":"https:\/\/www.m-q.ch\/fr\/","name":"MQ Management und Qualit\u00e4t","description":"Plattform f\u00fcr integrierte Managementsysteme.","publisher":{"@id":"https:\/\/www.m-q.ch\/fr\/#organization"},"potentialAction":[{"@type":"SearchAction","target":{"@type":"EntryPoint","urlTemplate":"https:\/\/www.m-q.ch\/fr\/?s={search_term_string}"},"query-input":{"@type":"PropertyValueSpecification","valueRequired":true,"valueName":"search_term_string"}}],"inLanguage":"de"},{"@type":"Organization","@id":"https:\/\/www.m-q.ch\/fr\/#organization","name":"Galledia Fachmedien AG","url":"https:\/\/www.m-q.ch\/fr\/","logo":{"@type":"ImageObject","inLanguage":"de","@id":"https:\/\/www.m-q.ch\/fr\/#\/schema\/logo\/image\/","url":"https:\/\/www.m-q.ch\/wp-content\/uploads\/2020\/12\/cropped-logo_small.png","contentUrl":"https:\/\/www.m-q.ch\/wp-content\/uploads\/2020\/12\/cropped-logo_small.png","width":512,"height":512,"caption":"Galledia Fachmedien AG"},"image":{"@id":"https:\/\/www.m-q.ch\/fr\/#\/schema\/logo\/image\/"},"sameAs":["https:\/\/www.facebook.com\/ManagementUndQualitaet","https:\/\/www.linkedin.com\/showcase\/17982321\/admin\/"]},{"@type":"Person","@id":"https:\/\/www.m-q.ch\/fr\/#\/schema\/person\/c0139a2c55a374db6df2cde78ec87148","name":"galledia","image":{"@type":"ImageObject","inLanguage":"de","@id":"https:\/\/www.m-q.ch\/fr\/#\/schema\/person\/image\/","url":"https:\/\/secure.gravatar.com\/avatar\/66edf527eac29e9a5eb25bcada01f61a?s=96&d=mm&r=g","contentUrl":"https:\/\/secure.gravatar.com\/avatar\/66edf527eac29e9a5eb25bcada01f61a?s=96&d=mm&r=g","caption":"galledia"},"url":"https:\/\/www.m-q.ch\/de\/author\/galledia\/"}]}},"_links":{"self":[{"href":"https:\/\/www.m-q.ch\/de\/wp-json\/wp\/v2\/posts\/669","targetHints":{"allow":["GET"]}}],"collection":[{"href":"https:\/\/www.m-q.ch\/de\/wp-json\/wp\/v2\/posts"}],"about":[{"href":"https:\/\/www.m-q.ch\/de\/wp-json\/wp\/v2\/types\/post"}],"author":[{"embeddable":true,"href":"https:\/\/www.m-q.ch\/de\/wp-json\/wp\/v2\/users\/1"}],"replies":[{"embeddable":true,"href":"https:\/\/www.m-q.ch\/de\/wp-json\/wp\/v2\/comments?post=669"}],"version-history":[{"count":3,"href":"https:\/\/www.m-q.ch\/de\/wp-json\/wp\/v2\/posts\/669\/revisions"}],"predecessor-version":[{"id":978,"href":"https:\/\/www.m-q.ch\/de\/wp-json\/wp\/v2\/posts\/669\/revisions\/978"}],"wp:featuredmedia":[{"embeddable":true,"href":"https:\/\/www.m-q.ch\/de\/wp-json\/wp\/v2\/media\/95"}],"wp:attachment":[{"href":"https:\/\/www.m-q.ch\/de\/wp-json\/wp\/v2\/media?parent=669"}],"wp:term":[{"taxonomy":"category","embeddable":true,"href":"https:\/\/www.m-q.ch\/de\/wp-json\/wp\/v2\/categories?post=669"},{"taxonomy":"post_tag","embeddable":true,"href":"https:\/\/www.m-q.ch\/de\/wp-json\/wp\/v2\/tags?post=669"}],"curies":[{"name":"wp","href":"https:\/\/api.w.org\/{rel}","templated":true}]}}