{"id":675,"date":"2016-12-07T10:30:35","date_gmt":"2016-12-07T09:30:35","guid":{"rendered":"http:\/\/dev.m-q.ch\/?p=675"},"modified":"2017-02-24T15:04:52","modified_gmt":"2017-02-24T14:04:52","slug":"gerichtsentscheid-zur-fast-kollision-am-flughafen-zuerich","status":"publish","type":"post","link":"https:\/\/www.m-q.ch\/de\/gerichtsentscheid-zur-fast-kollision-am-flughafen-zuerich\/","title":{"rendered":"Gerichtsentscheid zur Fast-Kollision am Flughafen Z\u00fcrich"},"content":{"rendered":"<figure id=\"attachment_676\" aria-describedby=\"caption-attachment-676\" style=\"width: 640px\" class=\"wp-caption alignnone\"><a href=\"https:\/\/m-q.ch\/wp-content\/uploads\/2016\/12\/Gerichtsentscheid-zur-Fast-Kollision-am-Flughafen-Z\u00fcrich-management-und-qualitaet.jpg\"><img loading=\"lazy\" decoding=\"async\" class=\"wp-image-676 size-full\" src=\"https:\/\/www.m-q.ch\/wp-content\/uploads\/2016\/12\/Gerichtsentscheid-zur-Fast-Kollision-am-Flughafen-Z\u00fcrich-management-und-qualitaet.jpg\" width=\"640\" height=\"427\" srcset=\"https:\/\/www.m-q.ch\/wp-content\/uploads\/2016\/12\/Gerichtsentscheid-zur-Fast-Kollision-am-Flughafen-Z\u00fcrich-management-und-qualitaet.jpg 640w, https:\/\/www.m-q.ch\/wp-content\/uploads\/2016\/12\/Gerichtsentscheid-zur-Fast-Kollision-am-Flughafen-Z\u00fcrich-management-und-qualitaet-16x12.jpg 16w, https:\/\/www.m-q.ch\/wp-content\/uploads\/2016\/12\/Gerichtsentscheid-zur-Fast-Kollision-am-Flughafen-Z\u00fcrich-management-und-qualitaet-262x175.jpg 262w, https:\/\/www.m-q.ch\/wp-content\/uploads\/2016\/12\/Gerichtsentscheid-zur-Fast-Kollision-am-Flughafen-Z\u00fcrich-management-und-qualitaet-525x350.jpg 525w, https:\/\/www.m-q.ch\/wp-content\/uploads\/2016\/12\/Gerichtsentscheid-zur-Fast-Kollision-am-Flughafen-Z\u00fcrich-management-und-qualitaet-300x200.jpg 300w, https:\/\/www.m-q.ch\/wp-content\/uploads\/2016\/12\/Gerichtsentscheid-zur-Fast-Kollision-am-Flughafen-Z\u00fcrich-management-und-qualitaet-624x416.jpg 624w\" sizes=\"auto, (max-width: 640px) 100vw, 640px\" \/><\/a><figcaption id=\"caption-attachment-676\" class=\"wp-caption-text\">Terminal A des Flughafens Z\u00fcrich. (Bild: Depositphotos_swisshippo)<\/figcaption><\/figure>\n<blockquote><p>Die Flugsicherung \u00a0in Z\u00fcrich sei nach wie vor ungen\u00fcgend, unsterstreicht Aerocontrol den Vorfall, wobei ein Fluglotse 2011 zwei Airbus Maschinen &#8222;gekreuzt&#8220; abfliegen lassen wollte.<\/p><\/blockquote>\n<p>Der Vorfall ereignete im M\u00e4rz 2011. Der Fluglotse erteilte zwei Airbus-Maschinen mit insgesamt mehr als 260 Passagieren an Bord unmittelbar nacheinander die Starterlaubnis auf zwei sich kreuzenden Pisten. Die Piloten der einen Maschine erkannten die Gefahr im letzten Moment und brachen den Start gerade noch rechtzeitig ab. Unmittelbar darauf reagierte auch der Skyguide-Lotse und befahl Startabbruch. Im Cockpit der anderen Maschine blieb die Gefahr allerdings unbemerkt.<\/p>\n<p>Der Vorfall, so ein Communiqu\u00e9 der Aerocontrol \u00a0(Air Traffic Controllers Association), sei haupts\u00e4chlich auf eine enorm hohe Komplexit\u00e4t bei sehr geringer Fehlertoleranz im t\u00e4glichen Flugbetrieb zur\u00fcckzuf\u00fchren. Der diensthabende Flugverkehrsleiter wurde am 7. Dezember vom Vorwurf der fahrl\u00e4ssigen St\u00f6rung des \u00f6ffentlichen Verkehrs freigesprochen. Allerdings werde der Flughafen Z\u00fcrich trotz mehrerer Fast-Kollisionen auch heute nicht nach dem Grundsatz &#8222;safety first&#8220; betrieben.<\/p>\n<p>Die herrschenden Rahmenbedingungen, nicht zuletzt ein Kapazit\u00e4tsdruck w\u00fcrden die Flugsicherung\u00a0 in Z\u00fcrich verschm\u00e4lern. Aerocontrol schreibt auch von einer &#8222;minimalsten Sicherheitsmarge, die solche Vorf\u00e4lle auch in Zukunft beg\u00fcnstigen wird.&#8220;<\/p>\n<p><strong>Auswirkungen auf die Fehlerkultur<\/strong><\/p>\n<p>Es war das erste Mal in der Schweiz, dass ein Fluglotse sich juristisch f\u00fcr einen Zwischenfall verantworten musste, bei dem niemand zu Schaden kam. Ein Schuldspruch h\u00e4tte die Fehlermelde-Kultur bei Skyguide entscheidend beeinflusst. Mitarbeitende bef\u00fcrchteten, dass Fehler und Versehen aus Furcht vor Konsequenzen k\u00fcnftig seltener gemeldet worden w\u00e4ren. Schwachstellen zu erkennen und daraus zu lernen w\u00e4re bei einer Verurteilung schwieriger geworden.<\/p>\n<p><strong>Sicherheit am Flughafen Z\u00fcrich fraglich<\/strong><\/p>\n<p>Die schweizerische Unfalluntersuchungsstelle (SUST) f\u00fchrt in ihrem Bericht zum verhandelten Vorfall aus, dass sie seit dem Jahr 2000 zehn schwere Vorf\u00e4lle auf den kreuzenden Pisten am Flughafen Z\u00fcrich zu untersuchen hatte. Die vorgeschlagenen Verbesserungsmassnahmen scheiterten haupts\u00e4chlich an l\u00e4rmpolitischen Vorgaben oder an deren Auswirkungen auf die Kapazit\u00e4t des Flughafens.<\/p>\n<p>&#8222;Die Wachstumsprognosen werden erfahrungsgem\u00e4ss zu einem zus\u00e4tzlichen Kapazit\u00e4tsdruck f\u00fchren, der unweigerlich weiteren Druck auf die heute bereits minimale Sicherheitsmarge aus\u00fcbt&#8220;, heisst es im vorliegenden Communiqu\u00e9. Die von allen Flughafenpartnern favorisierte Variante der S\u00fcdstarts gegen\u00fcber dem Nordkonzept werde durch die Politik nicht unterst\u00fctzt, obwohl dieses Verfahren die Flugsicherheit markant verbessern w\u00fcrde.<\/p>\n<p><strong>Gefahr durch l\u00e4rmpolitische Vorgaben<\/strong><\/p>\n<p>Mehr als ein Drittel aller Abfl\u00fcge wird in geringer H\u00f6he wieder \u00fcber den Flughafen gef\u00fchrt. Die daraus resultierenden Vorteile bez\u00fcglich L\u00e4rmreduktion w\u00fcrden durch B\u00fcndelungsfl\u00fcge aufgehoben. Leider, so Aerocontrol Vertreter, \u00a0weise der Flughafen Z\u00fcrich als &#8222;einziger Flugplatz in Europa&#8220; sich kreuzende Start-Pisten auf. Mit weniger komplexen Verfahren, wie einen linearen S\u00fcdstart k\u00f6nnten solche Vorf\u00e4lle verhindert werden. (Skyguide\/Aerocontrol\/mm)<\/p>\n","protected":false},"excerpt":{"rendered":"<p>Die Flugsicherung \u00a0in Z\u00fcrich sei nach wie vor ungen\u00fcgend, unsterstreicht Aerocontrol den Vorfall, wobei ein Fluglotse 2011 zwei Airbus Maschinen &#8222;gekreuzt&#8220; abfliegen lassen wollte. Der Vorfall ereignete im M\u00e4rz 2011. Der Fluglotse erteilte zwei Airbus-Maschinen mit insgesamt mehr als 260 Passagieren an Bord unmittelbar nacheinander die Starterlaubnis auf zwei sich kreuzenden Pisten. Die Piloten der [&hellip;]<\/p>\n","protected":false},"author":1,"featured_media":676,"comment_status":"open","ping_status":"open","sticky":false,"template":"","format":"standard","meta":{"_acf_changed":false,"footnotes":""},"categories":[4],"tags":[3326,3385],"class_list":["post-675","post","type-post","status-publish","format-standard","has-post-thumbnail","hentry","category-risikomanagement","tag-risikomanagement","tag-sicherheits-konzept"],"acf":[],"yoast_head":"<!-- This site is optimized with the Yoast SEO plugin v26.2 - https:\/\/yoast.com\/wordpress\/plugins\/seo\/ -->\n<title>Gerichtsentscheid zur Fast-Kollision am Flughafen Z\u00fcrich - MQ Management und Qualit\u00e4t<\/title>\n<meta name=\"description\" content=\"Fast-Kollision: Der diensthabende Flugverkehrsleiter wurde vom Vorwurf der fahrl\u00e4ssigen St\u00f6rung des \u00f6ffentlichen Verkehrs freigesprochen.\" \/>\n<meta name=\"robots\" content=\"index, follow, max-snippet:-1, max-image-preview:large, max-video-preview:-1\" \/>\n<link rel=\"canonical\" href=\"https:\/\/www.m-q.ch\/de\/gerichtsentscheid-zur-fast-kollision-am-flughafen-zuerich\/\" \/>\n<meta property=\"og:locale\" content=\"de_DE\" \/>\n<meta property=\"og:type\" content=\"article\" \/>\n<meta property=\"og:title\" content=\"Gerichtsentscheid zur Fast-Kollision am Flughafen Z\u00fcrich - MQ Management und Qualit\u00e4t\" \/>\n<meta property=\"og:description\" content=\"Fast-Kollision: Der diensthabende Flugverkehrsleiter wurde vom Vorwurf der fahrl\u00e4ssigen St\u00f6rung des \u00f6ffentlichen Verkehrs freigesprochen.\" \/>\n<meta property=\"og:url\" content=\"https:\/\/www.m-q.ch\/de\/gerichtsentscheid-zur-fast-kollision-am-flughafen-zuerich\/\" \/>\n<meta property=\"og:site_name\" content=\"MQ Management und Qualit\u00e4t\" \/>\n<meta property=\"article:publisher\" content=\"https:\/\/www.facebook.com\/ManagementUndQualitaet\" \/>\n<meta property=\"article:published_time\" content=\"2016-12-07T09:30:35+00:00\" \/>\n<meta property=\"article:modified_time\" content=\"2017-02-24T14:04:52+00:00\" \/>\n<meta property=\"og:image\" content=\"https:\/\/www.m-q.ch\/wp-content\/uploads\/2016\/12\/Gerichtsentscheid-zur-Fast-Kollision-am-Flughafen-Z\u00fcrich-management-und-qualitaet.jpg\" \/>\n\t<meta property=\"og:image:width\" content=\"640\" \/>\n\t<meta property=\"og:image:height\" content=\"427\" \/>\n\t<meta property=\"og:image:type\" content=\"image\/jpeg\" \/>\n<meta name=\"author\" content=\"galledia\" \/>\n<meta name=\"twitter:card\" content=\"summary_large_image\" \/>\n<meta name=\"twitter:label1\" content=\"Verfasst von\" \/>\n\t<meta name=\"twitter:data1\" content=\"galledia\" \/>\n\t<meta name=\"twitter:label2\" content=\"Gesch\u00e4tzte Lesezeit\" \/>\n\t<meta name=\"twitter:data2\" content=\"2\u00a0Minuten\" \/>\n<script type=\"application\/ld+json\" class=\"yoast-schema-graph\">{\"@context\":\"https:\/\/schema.org\",\"@graph\":[{\"@type\":\"Article\",\"@id\":\"https:\/\/www.m-q.ch\/gerichtsentscheid-zur-fast-kollision-am-flughafen-zuerich\/#article\",\"isPartOf\":{\"@id\":\"https:\/\/www.m-q.ch\/gerichtsentscheid-zur-fast-kollision-am-flughafen-zuerich\/\"},\"author\":{\"name\":\"galledia\",\"@id\":\"https:\/\/www.m-q.ch\/fr\/#\/schema\/person\/c0139a2c55a374db6df2cde78ec87148\"},\"headline\":\"Gerichtsentscheid zur Fast-Kollision am Flughafen Z\u00fcrich\",\"datePublished\":\"2016-12-07T09:30:35+00:00\",\"dateModified\":\"2017-02-24T14:04:52+00:00\",\"mainEntityOfPage\":{\"@id\":\"https:\/\/www.m-q.ch\/gerichtsentscheid-zur-fast-kollision-am-flughafen-zuerich\/\"},\"wordCount\":477,\"commentCount\":0,\"publisher\":{\"@id\":\"https:\/\/www.m-q.ch\/fr\/#organization\"},\"image\":{\"@id\":\"https:\/\/www.m-q.ch\/gerichtsentscheid-zur-fast-kollision-am-flughafen-zuerich\/#primaryimage\"},\"thumbnailUrl\":\"https:\/\/www.m-q.ch\/wp-content\/uploads\/2016\/12\/Gerichtsentscheid-zur-Fast-Kollision-am-Flughafen-Z\u00fcrich-management-und-qualitaet.jpg\",\"keywords\":[\"Risikomanagement\",\"Sicherheits-Konzept\"],\"articleSection\":[\"Risikomanagement\"],\"inLanguage\":\"de\"},{\"@type\":\"WebPage\",\"@id\":\"https:\/\/www.m-q.ch\/gerichtsentscheid-zur-fast-kollision-am-flughafen-zuerich\/\",\"url\":\"https:\/\/www.m-q.ch\/gerichtsentscheid-zur-fast-kollision-am-flughafen-zuerich\/\",\"name\":\"Gerichtsentscheid zur Fast-Kollision am Flughafen Z\u00fcrich - MQ Management und Qualit\u00e4t\",\"isPartOf\":{\"@id\":\"https:\/\/www.m-q.ch\/fr\/#website\"},\"primaryImageOfPage\":{\"@id\":\"https:\/\/www.m-q.ch\/gerichtsentscheid-zur-fast-kollision-am-flughafen-zuerich\/#primaryimage\"},\"image\":{\"@id\":\"https:\/\/www.m-q.ch\/gerichtsentscheid-zur-fast-kollision-am-flughafen-zuerich\/#primaryimage\"},\"thumbnailUrl\":\"https:\/\/www.m-q.ch\/wp-content\/uploads\/2016\/12\/Gerichtsentscheid-zur-Fast-Kollision-am-Flughafen-Z\u00fcrich-management-und-qualitaet.jpg\",\"datePublished\":\"2016-12-07T09:30:35+00:00\",\"dateModified\":\"2017-02-24T14:04:52+00:00\",\"description\":\"Fast-Kollision: Der diensthabende Flugverkehrsleiter wurde vom Vorwurf der fahrl\u00e4ssigen St\u00f6rung des \u00f6ffentlichen Verkehrs freigesprochen.\",\"breadcrumb\":{\"@id\":\"https:\/\/www.m-q.ch\/gerichtsentscheid-zur-fast-kollision-am-flughafen-zuerich\/#breadcrumb\"},\"inLanguage\":\"de\",\"potentialAction\":[{\"@type\":\"ReadAction\",\"target\":[\"https:\/\/www.m-q.ch\/gerichtsentscheid-zur-fast-kollision-am-flughafen-zuerich\/\"]}]},{\"@type\":\"ImageObject\",\"inLanguage\":\"de\",\"@id\":\"https:\/\/www.m-q.ch\/gerichtsentscheid-zur-fast-kollision-am-flughafen-zuerich\/#primaryimage\",\"url\":\"https:\/\/www.m-q.ch\/wp-content\/uploads\/2016\/12\/Gerichtsentscheid-zur-Fast-Kollision-am-Flughafen-Z\u00fcrich-management-und-qualitaet.jpg\",\"contentUrl\":\"https:\/\/www.m-q.ch\/wp-content\/uploads\/2016\/12\/Gerichtsentscheid-zur-Fast-Kollision-am-Flughafen-Z\u00fcrich-management-und-qualitaet.jpg\",\"width\":640,\"height\":427,\"caption\":\"Terminal A des Flughafens Z\u00fcrich. (Bild: Depositphotos_swisshippo)\"},{\"@type\":\"BreadcrumbList\",\"@id\":\"https:\/\/www.m-q.ch\/gerichtsentscheid-zur-fast-kollision-am-flughafen-zuerich\/#breadcrumb\",\"itemListElement\":[{\"@type\":\"ListItem\",\"position\":1,\"name\":\"Risikomanagement\",\"item\":\"https:\/\/www.m-q.ch\/kategorie\/risikomanagement\/\"},{\"@type\":\"ListItem\",\"position\":2,\"name\":\"Gerichtsentscheid zur Fast-Kollision am Flughafen Z\u00fcrich\"}]},{\"@type\":\"WebSite\",\"@id\":\"https:\/\/www.m-q.ch\/fr\/#website\",\"url\":\"https:\/\/www.m-q.ch\/fr\/\",\"name\":\"MQ Management und Qualit\u00e4t\",\"description\":\"Plattform f\u00fcr integrierte Managementsysteme.\",\"publisher\":{\"@id\":\"https:\/\/www.m-q.ch\/fr\/#organization\"},\"potentialAction\":[{\"@type\":\"SearchAction\",\"target\":{\"@type\":\"EntryPoint\",\"urlTemplate\":\"https:\/\/www.m-q.ch\/fr\/?s={search_term_string}\"},\"query-input\":{\"@type\":\"PropertyValueSpecification\",\"valueRequired\":true,\"valueName\":\"search_term_string\"}}],\"inLanguage\":\"de\"},{\"@type\":\"Organization\",\"@id\":\"https:\/\/www.m-q.ch\/fr\/#organization\",\"name\":\"Galledia Fachmedien AG\",\"url\":\"https:\/\/www.m-q.ch\/fr\/\",\"logo\":{\"@type\":\"ImageObject\",\"inLanguage\":\"de\",\"@id\":\"https:\/\/www.m-q.ch\/fr\/#\/schema\/logo\/image\/\",\"url\":\"https:\/\/www.m-q.ch\/wp-content\/uploads\/2020\/12\/cropped-logo_small.png\",\"contentUrl\":\"https:\/\/www.m-q.ch\/wp-content\/uploads\/2020\/12\/cropped-logo_small.png\",\"width\":512,\"height\":512,\"caption\":\"Galledia Fachmedien AG\"},\"image\":{\"@id\":\"https:\/\/www.m-q.ch\/fr\/#\/schema\/logo\/image\/\"},\"sameAs\":[\"https:\/\/www.facebook.com\/ManagementUndQualitaet\",\"https:\/\/www.linkedin.com\/showcase\/17982321\/admin\/\"]},{\"@type\":\"Person\",\"@id\":\"https:\/\/www.m-q.ch\/fr\/#\/schema\/person\/c0139a2c55a374db6df2cde78ec87148\",\"name\":\"galledia\",\"image\":{\"@type\":\"ImageObject\",\"inLanguage\":\"de\",\"@id\":\"https:\/\/www.m-q.ch\/fr\/#\/schema\/person\/image\/\",\"url\":\"https:\/\/secure.gravatar.com\/avatar\/66edf527eac29e9a5eb25bcada01f61a?s=96&d=mm&r=g\",\"contentUrl\":\"https:\/\/secure.gravatar.com\/avatar\/66edf527eac29e9a5eb25bcada01f61a?s=96&d=mm&r=g\",\"caption\":\"galledia\"},\"url\":\"https:\/\/www.m-q.ch\/de\/author\/galledia\/\"}]}<\/script>\n<!-- \/ Yoast SEO plugin. -->","yoast_head_json":{"title":"Gerichtsentscheid zur Fast-Kollision am Flughafen Z\u00fcrich - MQ Management und Qualit\u00e4t","description":"Fast-Kollision: Der diensthabende Flugverkehrsleiter wurde vom Vorwurf der fahrl\u00e4ssigen St\u00f6rung des \u00f6ffentlichen Verkehrs freigesprochen.","robots":{"index":"index","follow":"follow","max-snippet":"max-snippet:-1","max-image-preview":"max-image-preview:large","max-video-preview":"max-video-preview:-1"},"canonical":"https:\/\/www.m-q.ch\/de\/gerichtsentscheid-zur-fast-kollision-am-flughafen-zuerich\/","og_locale":"de_DE","og_type":"article","og_title":"Gerichtsentscheid zur Fast-Kollision am Flughafen Z\u00fcrich - MQ Management und Qualit\u00e4t","og_description":"Fast-Kollision: Der diensthabende Flugverkehrsleiter wurde vom Vorwurf der fahrl\u00e4ssigen St\u00f6rung des \u00f6ffentlichen Verkehrs freigesprochen.","og_url":"https:\/\/www.m-q.ch\/de\/gerichtsentscheid-zur-fast-kollision-am-flughafen-zuerich\/","og_site_name":"MQ Management und Qualit\u00e4t","article_publisher":"https:\/\/www.facebook.com\/ManagementUndQualitaet","article_published_time":"2016-12-07T09:30:35+00:00","article_modified_time":"2017-02-24T14:04:52+00:00","og_image":[{"width":640,"height":427,"url":"https:\/\/www.m-q.ch\/wp-content\/uploads\/2016\/12\/Gerichtsentscheid-zur-Fast-Kollision-am-Flughafen-Z\u00fcrich-management-und-qualitaet.jpg","type":"image\/jpeg"}],"author":"galledia","twitter_card":"summary_large_image","twitter_misc":{"Verfasst von":"galledia","Gesch\u00e4tzte Lesezeit":"2\u00a0Minuten"},"schema":{"@context":"https:\/\/schema.org","@graph":[{"@type":"Article","@id":"https:\/\/www.m-q.ch\/gerichtsentscheid-zur-fast-kollision-am-flughafen-zuerich\/#article","isPartOf":{"@id":"https:\/\/www.m-q.ch\/gerichtsentscheid-zur-fast-kollision-am-flughafen-zuerich\/"},"author":{"name":"galledia","@id":"https:\/\/www.m-q.ch\/fr\/#\/schema\/person\/c0139a2c55a374db6df2cde78ec87148"},"headline":"Gerichtsentscheid zur Fast-Kollision am Flughafen Z\u00fcrich","datePublished":"2016-12-07T09:30:35+00:00","dateModified":"2017-02-24T14:04:52+00:00","mainEntityOfPage":{"@id":"https:\/\/www.m-q.ch\/gerichtsentscheid-zur-fast-kollision-am-flughafen-zuerich\/"},"wordCount":477,"commentCount":0,"publisher":{"@id":"https:\/\/www.m-q.ch\/fr\/#organization"},"image":{"@id":"https:\/\/www.m-q.ch\/gerichtsentscheid-zur-fast-kollision-am-flughafen-zuerich\/#primaryimage"},"thumbnailUrl":"https:\/\/www.m-q.ch\/wp-content\/uploads\/2016\/12\/Gerichtsentscheid-zur-Fast-Kollision-am-Flughafen-Z\u00fcrich-management-und-qualitaet.jpg","keywords":["Risikomanagement","Sicherheits-Konzept"],"articleSection":["Risikomanagement"],"inLanguage":"de"},{"@type":"WebPage","@id":"https:\/\/www.m-q.ch\/gerichtsentscheid-zur-fast-kollision-am-flughafen-zuerich\/","url":"https:\/\/www.m-q.ch\/gerichtsentscheid-zur-fast-kollision-am-flughafen-zuerich\/","name":"Gerichtsentscheid zur Fast-Kollision am Flughafen Z\u00fcrich - MQ Management und Qualit\u00e4t","isPartOf":{"@id":"https:\/\/www.m-q.ch\/fr\/#website"},"primaryImageOfPage":{"@id":"https:\/\/www.m-q.ch\/gerichtsentscheid-zur-fast-kollision-am-flughafen-zuerich\/#primaryimage"},"image":{"@id":"https:\/\/www.m-q.ch\/gerichtsentscheid-zur-fast-kollision-am-flughafen-zuerich\/#primaryimage"},"thumbnailUrl":"https:\/\/www.m-q.ch\/wp-content\/uploads\/2016\/12\/Gerichtsentscheid-zur-Fast-Kollision-am-Flughafen-Z\u00fcrich-management-und-qualitaet.jpg","datePublished":"2016-12-07T09:30:35+00:00","dateModified":"2017-02-24T14:04:52+00:00","description":"Fast-Kollision: Der diensthabende Flugverkehrsleiter wurde vom Vorwurf der fahrl\u00e4ssigen St\u00f6rung des \u00f6ffentlichen Verkehrs freigesprochen.","breadcrumb":{"@id":"https:\/\/www.m-q.ch\/gerichtsentscheid-zur-fast-kollision-am-flughafen-zuerich\/#breadcrumb"},"inLanguage":"de","potentialAction":[{"@type":"ReadAction","target":["https:\/\/www.m-q.ch\/gerichtsentscheid-zur-fast-kollision-am-flughafen-zuerich\/"]}]},{"@type":"ImageObject","inLanguage":"de","@id":"https:\/\/www.m-q.ch\/gerichtsentscheid-zur-fast-kollision-am-flughafen-zuerich\/#primaryimage","url":"https:\/\/www.m-q.ch\/wp-content\/uploads\/2016\/12\/Gerichtsentscheid-zur-Fast-Kollision-am-Flughafen-Z\u00fcrich-management-und-qualitaet.jpg","contentUrl":"https:\/\/www.m-q.ch\/wp-content\/uploads\/2016\/12\/Gerichtsentscheid-zur-Fast-Kollision-am-Flughafen-Z\u00fcrich-management-und-qualitaet.jpg","width":640,"height":427,"caption":"Terminal A des Flughafens Z\u00fcrich. (Bild: Depositphotos_swisshippo)"},{"@type":"BreadcrumbList","@id":"https:\/\/www.m-q.ch\/gerichtsentscheid-zur-fast-kollision-am-flughafen-zuerich\/#breadcrumb","itemListElement":[{"@type":"ListItem","position":1,"name":"Risikomanagement","item":"https:\/\/www.m-q.ch\/kategorie\/risikomanagement\/"},{"@type":"ListItem","position":2,"name":"Gerichtsentscheid zur Fast-Kollision am Flughafen Z\u00fcrich"}]},{"@type":"WebSite","@id":"https:\/\/www.m-q.ch\/fr\/#website","url":"https:\/\/www.m-q.ch\/fr\/","name":"MQ Management und Qualit\u00e4t","description":"Plattform f\u00fcr integrierte Managementsysteme.","publisher":{"@id":"https:\/\/www.m-q.ch\/fr\/#organization"},"potentialAction":[{"@type":"SearchAction","target":{"@type":"EntryPoint","urlTemplate":"https:\/\/www.m-q.ch\/fr\/?s={search_term_string}"},"query-input":{"@type":"PropertyValueSpecification","valueRequired":true,"valueName":"search_term_string"}}],"inLanguage":"de"},{"@type":"Organization","@id":"https:\/\/www.m-q.ch\/fr\/#organization","name":"Galledia Fachmedien AG","url":"https:\/\/www.m-q.ch\/fr\/","logo":{"@type":"ImageObject","inLanguage":"de","@id":"https:\/\/www.m-q.ch\/fr\/#\/schema\/logo\/image\/","url":"https:\/\/www.m-q.ch\/wp-content\/uploads\/2020\/12\/cropped-logo_small.png","contentUrl":"https:\/\/www.m-q.ch\/wp-content\/uploads\/2020\/12\/cropped-logo_small.png","width":512,"height":512,"caption":"Galledia Fachmedien AG"},"image":{"@id":"https:\/\/www.m-q.ch\/fr\/#\/schema\/logo\/image\/"},"sameAs":["https:\/\/www.facebook.com\/ManagementUndQualitaet","https:\/\/www.linkedin.com\/showcase\/17982321\/admin\/"]},{"@type":"Person","@id":"https:\/\/www.m-q.ch\/fr\/#\/schema\/person\/c0139a2c55a374db6df2cde78ec87148","name":"galledia","image":{"@type":"ImageObject","inLanguage":"de","@id":"https:\/\/www.m-q.ch\/fr\/#\/schema\/person\/image\/","url":"https:\/\/secure.gravatar.com\/avatar\/66edf527eac29e9a5eb25bcada01f61a?s=96&d=mm&r=g","contentUrl":"https:\/\/secure.gravatar.com\/avatar\/66edf527eac29e9a5eb25bcada01f61a?s=96&d=mm&r=g","caption":"galledia"},"url":"https:\/\/www.m-q.ch\/de\/author\/galledia\/"}]}},"_links":{"self":[{"href":"https:\/\/www.m-q.ch\/de\/wp-json\/wp\/v2\/posts\/675","targetHints":{"allow":["GET"]}}],"collection":[{"href":"https:\/\/www.m-q.ch\/de\/wp-json\/wp\/v2\/posts"}],"about":[{"href":"https:\/\/www.m-q.ch\/de\/wp-json\/wp\/v2\/types\/post"}],"author":[{"embeddable":true,"href":"https:\/\/www.m-q.ch\/de\/wp-json\/wp\/v2\/users\/1"}],"replies":[{"embeddable":true,"href":"https:\/\/www.m-q.ch\/de\/wp-json\/wp\/v2\/comments?post=675"}],"version-history":[{"count":3,"href":"https:\/\/www.m-q.ch\/de\/wp-json\/wp\/v2\/posts\/675\/revisions"}],"predecessor-version":[{"id":977,"href":"https:\/\/www.m-q.ch\/de\/wp-json\/wp\/v2\/posts\/675\/revisions\/977"}],"wp:featuredmedia":[{"embeddable":true,"href":"https:\/\/www.m-q.ch\/de\/wp-json\/wp\/v2\/media\/676"}],"wp:attachment":[{"href":"https:\/\/www.m-q.ch\/de\/wp-json\/wp\/v2\/media?parent=675"}],"wp:term":[{"taxonomy":"category","embeddable":true,"href":"https:\/\/www.m-q.ch\/de\/wp-json\/wp\/v2\/categories?post=675"},{"taxonomy":"post_tag","embeddable":true,"href":"https:\/\/www.m-q.ch\/de\/wp-json\/wp\/v2\/tags?post=675"}],"curies":[{"name":"wp","href":"https:\/\/api.w.org\/{rel}","templated":true}]}}