{"id":713,"date":"2016-12-19T16:48:10","date_gmt":"2016-12-19T15:48:10","guid":{"rendered":"http:\/\/dev.m-q.ch\/?p=713"},"modified":"2016-12-19T16:50:52","modified_gmt":"2016-12-19T15:50:52","slug":"zeiss-gelingt-rekordumsatz-und-ergebnis","status":"publish","type":"post","link":"https:\/\/www.m-q.ch\/de\/zeiss-gelingt-rekordumsatz-und-ergebnis\/","title":{"rendered":"ZEISS gelingt Rekordumsatz und -ergebnis"},"content":{"rendered":"<figure id=\"attachment_714\" aria-describedby=\"caption-attachment-714\" style=\"width: 622px\" class=\"wp-caption alignnone\"><a href=\"https:\/\/m-q.ch\/wp-content\/uploads\/2016\/12\/ZEISS-gelingt-Rekordumsatz-und-ergebnis-management-und-qualitaet.jpg\"><img loading=\"lazy\" decoding=\"async\" class=\"size-full wp-image-714\" src=\"https:\/\/m-q.ch\/wp-content\/uploads\/2016\/12\/ZEISS-gelingt-Rekordumsatz-und-ergebnis-management-und-qualitaet.jpg\" alt=\"Jena war schon im 19. Jahrhundert pr\u00e4gend in der Glass- und Mikroskopie-Fertigung. Copyright: Carl_Zeiss_Microscopy_ASSAYbuilder\" width=\"622\" height=\"414\" srcset=\"https:\/\/www.m-q.ch\/wp-content\/uploads\/2016\/12\/ZEISS-gelingt-Rekordumsatz-und-ergebnis-management-und-qualitaet.jpg 622w, https:\/\/www.m-q.ch\/wp-content\/uploads\/2016\/12\/ZEISS-gelingt-Rekordumsatz-und-ergebnis-management-und-qualitaet-16x12.jpg 16w, https:\/\/www.m-q.ch\/wp-content\/uploads\/2016\/12\/ZEISS-gelingt-Rekordumsatz-und-ergebnis-management-und-qualitaet-263x175.jpg 263w, https:\/\/www.m-q.ch\/wp-content\/uploads\/2016\/12\/ZEISS-gelingt-Rekordumsatz-und-ergebnis-management-und-qualitaet-526x350.jpg 526w, https:\/\/www.m-q.ch\/wp-content\/uploads\/2016\/12\/ZEISS-gelingt-Rekordumsatz-und-ergebnis-management-und-qualitaet-300x200.jpg 300w\" sizes=\"auto, (max-width: 622px) 100vw, 622px\" \/><\/a><figcaption id=\"caption-attachment-714\" class=\"wp-caption-text\">Jena war schon im 19. Jahrhundert pr\u00e4gend in der Glass- und Mikroskopie-Fertigung. Copyright: Carl_Zeiss_Microscopy_ASSAYbuilder<\/figcaption><\/figure>\n<p>Das Gesch\u00e4ftsjahr 2015\/16 ist das bislang erfolgreichste f\u00fcr die ZEISS Gruppe: \u201eUnsere Programme zur Steigerung der Wettbewerbsf\u00e4higkeit entfalten nun eindrucksvoll ihre Wirkung. Unser gesamtes Portfolio tr\u00e4gt zum positiven Ergebnis bei. Alle unsere Gesch\u00e4fte konnten auf hohem Niveau zulegen\u201c, sagt Prof. Dr. Michael Kaschke, Vorstandsvorsitzender der Carl Zeiss AG. \u201eWir wachsen \u2013 auch bei einer zum Teil verhaltenen Entwicklung im Halbleitermarkt und einer abnehmenden Dynamik in den Schwellenl\u00e4ndern.\u201c<\/p>\n<p><strong>Research &amp; Quality<\/strong><\/p>\n<p>Innerhalb der Sparte Research &amp; Quality Technology profitiert der Unternehmensbereich Industrial Metrology besonders vom starken Automobilmarkt und seinen L\u00f6sungen im Bereich Industrie 4.0. Der Unternehmensbereich Microscopy schafft den Turnaround und geht wieder auf Wachstumskurs. Die Sparte Medical Technology setzt sich auf dem stark umk\u00e4mpften Gesundheitsmarkt durch und baut ihre f\u00fchrende Position weiter aus. Durch erfolgreiche Produkteinf\u00fchrungen kann auch die Sparte Vision Care\/Consumer Products kr\u00e4ftig wachsen.<\/p>\n<p>Obwohl sich im Gesch\u00e4ftsjahr 2015\/16 am Halbleitermarkt noch kein nachhaltiger Aufschwung abzeichnete, kann die Sparte Semiconductor Manufacturing Technology (SMT) mit einem soliden Gesch\u00e4ft mit Deep Ultra Violet (DUV)-Lithographiesystemen wieder wachsen. Ebenso gab es positive Impulse f\u00fcr die Zukunftstechnologie Extreme Ultra Violet (EUV)-Lithographie. Ein bedeutsamer Schritt f\u00fcr die Weiterentwicklung dieser Technologie wurde mit der Erweiterung der Partnerschaft mit dem niederl\u00e4ndischen Unternehmen ASML getan.<\/p>\n<p>Der weltweit f\u00fchrende Ausr\u00fcster f\u00fcr die gesamte Chipindustrie wird sich f\u00fcr einen Kaufpreis von einer Milliarde Euro mit einer 24,9%-Minderheit an der Tochtergesellschaft Carl Zeiss SMT beteiligen. Dar\u00fcber hinaus wird ASML rund 760 Millionen Euro f\u00fcr Forschung und Entwicklung sowie f\u00fcr Anlagen und andere Ausr\u00fcstungen direkt bei der Carl Zeiss SMT investieren.<\/p>\n<p><strong>Aktuelle Kennzahlen<\/strong><\/p>\n<p>Knapp 90 Prozent des Umsatzes erzielt ZEISS ausserhalb Deutschlands. Besonders erfolgreich ist ZEISS im Gesch\u00e4ftsjahr 2015\/16 in der Region Asien\/Pazifik (APAC) mit einem Umsatz von 1,123 Milliarden Euro. Das entspricht einem w\u00e4hrungsbereinigten Plus von 17 Prozent gegen\u00fcber dem Vorjahr (953 Millionen). Allein in China liegt der Umsatz bei 504 Millionen Euro (Vorjahr: 390 Millionen). Weltweit w\u00e4chst ZEISS mit Direktgesch\u00e4ften in Schwellenl\u00e4ndern w\u00e4hrungsbereinigt um 16 Prozent auf 995 Millionen Euro (Vorjahr: 883 Millionen).<\/p>\n<p>Auch im Gesch\u00e4ftsjahr 2015\/16 liegen die Gesamtausgaben f\u00fcr Forschungs- und Entwicklungsaktivit\u00e4ten weiterhin auf dem hohen Niveau des Vorjahres. Nach Zusch\u00fcssen und Beteiligung Dritter an den Aktivit\u00e4ten verbleibt in der Gewinn- und Verlustrechnung ein Nettoaufwand von 436 Millionen Euro (Vorjahr: 466 Millionen).<\/p>\n<p>Im Gesch\u00e4ftsjahr 2015\/16 investiert ZEISS 154 Millionen Euro in Sachanlagen (Vorjahr: 160 Millionen). Dem gegen\u00fcber stehen Abschreibungen in H\u00f6he von 155 Millionen Euro (Vorjahr: 150 Millionen). Die Nettoliquidit\u00e4t liegt zum Bilanzstichtag bei 568 Millionen Euro (30.09.2015: 374 Millionen).<\/p>\n<p>\u201eIn Summe ist unsere Finanzlage also weiterhin ausgesprochen solide und unser Finanzierungsspielraum f\u00fcr die Gruppe entsprechend gross. Wir befassen uns daher intensiv damit, wie wir mit weiteren Investitionen und Akquisitionen unser Portfolio strategisch erg\u00e4nzen\u201c, k\u00fcndigte Thomas Spitzenpfeil, Finanzvorstand der Carl Zeiss AG, an. Der Free Cashflow steigt deutlich auf 709 Millionen Euro (Vorjahr: 477 Millionen). Das Eigenkapital des Konzerns liegt bei 1.416 Millionen Euro, was einer unver\u00e4nderten Eigenkapitalquote von 25 Prozent entspricht.<\/p>\n<p><strong>Innovationsschub in Wachstumsm\u00e4rkten<\/strong><\/p>\n<p>\u201eIn enger Partnerschaft mit unseren Kunden entwickeln wir uns zum gefragten L\u00f6sungsanbieter bei den grossen Zukunftsthemen. In vielen Unternehmensbereichen gestalten unsere kompetenten und hochmotivierten Mitarbeiter weltweite Megatrends in den Bereichen Digitalisierung und Industrie 4.0 oder Gesundheit aktiv mit\u201c, begr\u00fcndet die ZEISS Gruppe ihre Wachstumserwartungen.<\/p>\n<p><a href=\"http:\/\/www.zeiss.de\" target=\"_blank\" rel=\"noreferrer\" data-cke-saved-href=\"http:\/\/www.zeiss.de\">www.zeiss.de<\/a><\/p>\n","protected":false},"excerpt":{"rendered":"<p>Das Gesch\u00e4ftsjahr 2015\/16 ist das bislang erfolgreichste f\u00fcr die ZEISS Gruppe: \u201eUnsere Programme zur Steigerung der Wettbewerbsf\u00e4higkeit entfalten nun eindrucksvoll ihre Wirkung. Unser gesamtes Portfolio tr\u00e4gt zum positiven Ergebnis bei. Alle unsere Gesch\u00e4fte konnten auf hohem Niveau zulegen\u201c, sagt Prof. Dr. Michael Kaschke, Vorstandsvorsitzender der Carl Zeiss AG. \u201eWir wachsen \u2013 auch bei einer zum [&hellip;]<\/p>\n","protected":false},"author":1,"featured_media":714,"comment_status":"open","ping_status":"open","sticky":false,"template":"","format":"standard","meta":{"_acf_changed":false,"footnotes":""},"categories":[1],"tags":[3397,3398,3396],"class_list":["post-713","post","type-post","status-publish","format-standard","has-post-thumbnail","hentry","category-unkategorisiert","tag-carl-zeiss-ag","tag-rekordumsatz","tag-zeiss-gruppe"],"acf":[],"yoast_head":"<!-- This site is optimized with the Yoast SEO plugin v26.2 - https:\/\/yoast.com\/wordpress\/plugins\/seo\/ -->\n<title>ZEISS gelingt Rekordumsatz und -ergebnis - MQ Management und Qualit\u00e4t<\/title>\n<meta name=\"description\" content=\"Die ZEISS Gruppe erh\u00f6ht im abgeschlossenen Gesch\u00e4ftsjahr 2015\/16 (Bilanzstichtag: 30. September 2016) Umsatz und Gewinn auf Rekordniveau.\" \/>\n<meta name=\"robots\" content=\"index, follow, max-snippet:-1, max-image-preview:large, max-video-preview:-1\" \/>\n<link rel=\"canonical\" href=\"https:\/\/www.m-q.ch\/de\/zeiss-gelingt-rekordumsatz-und-ergebnis\/\" \/>\n<meta property=\"og:locale\" content=\"de_DE\" \/>\n<meta property=\"og:type\" content=\"article\" \/>\n<meta property=\"og:title\" content=\"ZEISS gelingt Rekordumsatz und -ergebnis - MQ Management und Qualit\u00e4t\" \/>\n<meta property=\"og:description\" content=\"Die ZEISS Gruppe erh\u00f6ht im abgeschlossenen Gesch\u00e4ftsjahr 2015\/16 (Bilanzstichtag: 30. September 2016) Umsatz und Gewinn auf Rekordniveau.\" \/>\n<meta property=\"og:url\" content=\"https:\/\/www.m-q.ch\/de\/zeiss-gelingt-rekordumsatz-und-ergebnis\/\" \/>\n<meta property=\"og:site_name\" content=\"MQ Management und Qualit\u00e4t\" \/>\n<meta property=\"article:publisher\" content=\"https:\/\/www.facebook.com\/ManagementUndQualitaet\" \/>\n<meta property=\"article:published_time\" content=\"2016-12-19T15:48:10+00:00\" \/>\n<meta property=\"article:modified_time\" content=\"2016-12-19T15:50:52+00:00\" \/>\n<meta property=\"og:image\" content=\"https:\/\/www.m-q.ch\/wp-content\/uploads\/2016\/12\/ZEISS-gelingt-Rekordumsatz-und-ergebnis-management-und-qualitaet.jpg\" \/>\n\t<meta property=\"og:image:width\" content=\"622\" \/>\n\t<meta property=\"og:image:height\" content=\"414\" \/>\n\t<meta property=\"og:image:type\" content=\"image\/jpeg\" \/>\n<meta name=\"author\" content=\"galledia\" \/>\n<meta name=\"twitter:card\" content=\"summary_large_image\" \/>\n<meta name=\"twitter:label1\" content=\"Verfasst von\" \/>\n\t<meta name=\"twitter:data1\" content=\"galledia\" \/>\n\t<meta name=\"twitter:label2\" content=\"Gesch\u00e4tzte Lesezeit\" \/>\n\t<meta name=\"twitter:data2\" content=\"3\u00a0Minuten\" \/>\n<script type=\"application\/ld+json\" class=\"yoast-schema-graph\">{\"@context\":\"https:\/\/schema.org\",\"@graph\":[{\"@type\":\"Article\",\"@id\":\"https:\/\/www.m-q.ch\/it\/zeiss-gelingt-record-revenue-and-profit\/#article\",\"isPartOf\":{\"@id\":\"https:\/\/www.m-q.ch\/it\/zeiss-gelingt-record-revenue-and-profit\/\"},\"author\":{\"name\":\"galledia\",\"@id\":\"https:\/\/www.m-q.ch\/fr\/#\/schema\/person\/c0139a2c55a374db6df2cde78ec87148\"},\"headline\":\"ZEISS gelingt Rekordumsatz und -ergebnis\",\"datePublished\":\"2016-12-19T15:48:10+00:00\",\"dateModified\":\"2016-12-19T15:50:52+00:00\",\"mainEntityOfPage\":{\"@id\":\"https:\/\/www.m-q.ch\/it\/zeiss-gelingt-record-revenue-and-profit\/\"},\"wordCount\":573,\"commentCount\":0,\"publisher\":{\"@id\":\"https:\/\/www.m-q.ch\/fr\/#organization\"},\"image\":{\"@id\":\"https:\/\/www.m-q.ch\/it\/zeiss-gelingt-record-revenue-and-profit\/#primaryimage\"},\"thumbnailUrl\":\"https:\/\/www.m-q.ch\/wp-content\/uploads\/2016\/12\/ZEISS-gelingt-Rekordumsatz-und-ergebnis-management-und-qualitaet.jpg\",\"keywords\":[\"Carl Zeiss AG\",\"Rekordumsatz\",\"ZEISS Gruppe\"],\"articleSection\":[\"Unkategorisiert\"],\"inLanguage\":\"de\"},{\"@type\":\"WebPage\",\"@id\":\"https:\/\/www.m-q.ch\/it\/zeiss-gelingt-record-revenue-and-profit\/\",\"url\":\"https:\/\/www.m-q.ch\/it\/zeiss-gelingt-record-revenue-and-profit\/\",\"name\":\"ZEISS gelingt Rekordumsatz und -ergebnis - MQ Management und Qualit\u00e4t\",\"isPartOf\":{\"@id\":\"https:\/\/www.m-q.ch\/fr\/#website\"},\"primaryImageOfPage\":{\"@id\":\"https:\/\/www.m-q.ch\/it\/zeiss-gelingt-record-revenue-and-profit\/#primaryimage\"},\"image\":{\"@id\":\"https:\/\/www.m-q.ch\/it\/zeiss-gelingt-record-revenue-and-profit\/#primaryimage\"},\"thumbnailUrl\":\"https:\/\/www.m-q.ch\/wp-content\/uploads\/2016\/12\/ZEISS-gelingt-Rekordumsatz-und-ergebnis-management-und-qualitaet.jpg\",\"datePublished\":\"2016-12-19T15:48:10+00:00\",\"dateModified\":\"2016-12-19T15:50:52+00:00\",\"description\":\"Die ZEISS Gruppe erh\u00f6ht im abgeschlossenen Gesch\u00e4ftsjahr 2015\/16 (Bilanzstichtag: 30. September 2016) Umsatz und Gewinn auf Rekordniveau.\",\"breadcrumb\":{\"@id\":\"https:\/\/www.m-q.ch\/it\/zeiss-gelingt-record-revenue-and-profit\/#breadcrumb\"},\"inLanguage\":\"de\",\"potentialAction\":[{\"@type\":\"ReadAction\",\"target\":[\"https:\/\/www.m-q.ch\/it\/zeiss-gelingt-record-revenue-and-profit\/\"]}]},{\"@type\":\"ImageObject\",\"inLanguage\":\"de\",\"@id\":\"https:\/\/www.m-q.ch\/it\/zeiss-gelingt-record-revenue-and-profit\/#primaryimage\",\"url\":\"https:\/\/www.m-q.ch\/wp-content\/uploads\/2016\/12\/ZEISS-gelingt-Rekordumsatz-und-ergebnis-management-und-qualitaet.jpg\",\"contentUrl\":\"https:\/\/www.m-q.ch\/wp-content\/uploads\/2016\/12\/ZEISS-gelingt-Rekordumsatz-und-ergebnis-management-und-qualitaet.jpg\",\"width\":622,\"height\":414,\"caption\":\"Jena war schon im 19. Jahrhundert pr\u00e4gend in der Glass- und Mikroskopie-Fertigung. Copyright: Carl_Zeiss_Microscopy_ASSAYbuilder\"},{\"@type\":\"BreadcrumbList\",\"@id\":\"https:\/\/www.m-q.ch\/it\/zeiss-gelingt-record-revenue-and-profit\/#breadcrumb\",\"itemListElement\":[{\"@type\":\"ListItem\",\"position\":1,\"name\":\"Unkategorisiert\",\"item\":\"https:\/\/www.m-q.ch\/it\/categoria\/senza-categoria\/\"},{\"@type\":\"ListItem\",\"position\":2,\"name\":\"ZEISS gelingt Rekordumsatz und -ergebnis\"}]},{\"@type\":\"WebSite\",\"@id\":\"https:\/\/www.m-q.ch\/fr\/#website\",\"url\":\"https:\/\/www.m-q.ch\/fr\/\",\"name\":\"MQ Management und Qualit\u00e4t\",\"description\":\"Plattform f\u00fcr integrierte Managementsysteme.\",\"publisher\":{\"@id\":\"https:\/\/www.m-q.ch\/fr\/#organization\"},\"potentialAction\":[{\"@type\":\"SearchAction\",\"target\":{\"@type\":\"EntryPoint\",\"urlTemplate\":\"https:\/\/www.m-q.ch\/fr\/?s={search_term_string}\"},\"query-input\":{\"@type\":\"PropertyValueSpecification\",\"valueRequired\":true,\"valueName\":\"search_term_string\"}}],\"inLanguage\":\"de\"},{\"@type\":\"Organization\",\"@id\":\"https:\/\/www.m-q.ch\/fr\/#organization\",\"name\":\"Galledia Fachmedien AG\",\"url\":\"https:\/\/www.m-q.ch\/fr\/\",\"logo\":{\"@type\":\"ImageObject\",\"inLanguage\":\"de\",\"@id\":\"https:\/\/www.m-q.ch\/fr\/#\/schema\/logo\/image\/\",\"url\":\"https:\/\/www.m-q.ch\/wp-content\/uploads\/2020\/12\/cropped-logo_small.png\",\"contentUrl\":\"https:\/\/www.m-q.ch\/wp-content\/uploads\/2020\/12\/cropped-logo_small.png\",\"width\":512,\"height\":512,\"caption\":\"Galledia Fachmedien AG\"},\"image\":{\"@id\":\"https:\/\/www.m-q.ch\/fr\/#\/schema\/logo\/image\/\"},\"sameAs\":[\"https:\/\/www.facebook.com\/ManagementUndQualitaet\",\"https:\/\/www.linkedin.com\/showcase\/17982321\/admin\/\"]},{\"@type\":\"Person\",\"@id\":\"https:\/\/www.m-q.ch\/fr\/#\/schema\/person\/c0139a2c55a374db6df2cde78ec87148\",\"name\":\"galledia\",\"image\":{\"@type\":\"ImageObject\",\"inLanguage\":\"de\",\"@id\":\"https:\/\/www.m-q.ch\/fr\/#\/schema\/person\/image\/\",\"url\":\"https:\/\/secure.gravatar.com\/avatar\/66edf527eac29e9a5eb25bcada01f61a?s=96&d=mm&r=g\",\"contentUrl\":\"https:\/\/secure.gravatar.com\/avatar\/66edf527eac29e9a5eb25bcada01f61a?s=96&d=mm&r=g\",\"caption\":\"galledia\"},\"url\":\"https:\/\/www.m-q.ch\/de\/author\/galledia\/\"}]}<\/script>\n<!-- \/ Yoast SEO plugin. -->","yoast_head_json":{"title":"ZEISS gelingt Rekordumsatz und -ergebnis - MQ Management und Qualit\u00e4t","description":"Die ZEISS Gruppe erh\u00f6ht im abgeschlossenen Gesch\u00e4ftsjahr 2015\/16 (Bilanzstichtag: 30. September 2016) Umsatz und Gewinn auf Rekordniveau.","robots":{"index":"index","follow":"follow","max-snippet":"max-snippet:-1","max-image-preview":"max-image-preview:large","max-video-preview":"max-video-preview:-1"},"canonical":"https:\/\/www.m-q.ch\/de\/zeiss-gelingt-rekordumsatz-und-ergebnis\/","og_locale":"de_DE","og_type":"article","og_title":"ZEISS gelingt Rekordumsatz und -ergebnis - MQ Management und Qualit\u00e4t","og_description":"Die ZEISS Gruppe erh\u00f6ht im abgeschlossenen Gesch\u00e4ftsjahr 2015\/16 (Bilanzstichtag: 30. September 2016) Umsatz und Gewinn auf Rekordniveau.","og_url":"https:\/\/www.m-q.ch\/de\/zeiss-gelingt-rekordumsatz-und-ergebnis\/","og_site_name":"MQ Management und Qualit\u00e4t","article_publisher":"https:\/\/www.facebook.com\/ManagementUndQualitaet","article_published_time":"2016-12-19T15:48:10+00:00","article_modified_time":"2016-12-19T15:50:52+00:00","og_image":[{"width":622,"height":414,"url":"https:\/\/www.m-q.ch\/wp-content\/uploads\/2016\/12\/ZEISS-gelingt-Rekordumsatz-und-ergebnis-management-und-qualitaet.jpg","type":"image\/jpeg"}],"author":"galledia","twitter_card":"summary_large_image","twitter_misc":{"Verfasst von":"galledia","Gesch\u00e4tzte Lesezeit":"3\u00a0Minuten"},"schema":{"@context":"https:\/\/schema.org","@graph":[{"@type":"Article","@id":"https:\/\/www.m-q.ch\/it\/zeiss-gelingt-record-revenue-and-profit\/#article","isPartOf":{"@id":"https:\/\/www.m-q.ch\/it\/zeiss-gelingt-record-revenue-and-profit\/"},"author":{"name":"galledia","@id":"https:\/\/www.m-q.ch\/fr\/#\/schema\/person\/c0139a2c55a374db6df2cde78ec87148"},"headline":"ZEISS gelingt Rekordumsatz und -ergebnis","datePublished":"2016-12-19T15:48:10+00:00","dateModified":"2016-12-19T15:50:52+00:00","mainEntityOfPage":{"@id":"https:\/\/www.m-q.ch\/it\/zeiss-gelingt-record-revenue-and-profit\/"},"wordCount":573,"commentCount":0,"publisher":{"@id":"https:\/\/www.m-q.ch\/fr\/#organization"},"image":{"@id":"https:\/\/www.m-q.ch\/it\/zeiss-gelingt-record-revenue-and-profit\/#primaryimage"},"thumbnailUrl":"https:\/\/www.m-q.ch\/wp-content\/uploads\/2016\/12\/ZEISS-gelingt-Rekordumsatz-und-ergebnis-management-und-qualitaet.jpg","keywords":["Carl Zeiss AG","Rekordumsatz","ZEISS Gruppe"],"articleSection":["Unkategorisiert"],"inLanguage":"de"},{"@type":"WebPage","@id":"https:\/\/www.m-q.ch\/it\/zeiss-gelingt-record-revenue-and-profit\/","url":"https:\/\/www.m-q.ch\/it\/zeiss-gelingt-record-revenue-and-profit\/","name":"ZEISS gelingt Rekordumsatz und -ergebnis - MQ Management und Qualit\u00e4t","isPartOf":{"@id":"https:\/\/www.m-q.ch\/fr\/#website"},"primaryImageOfPage":{"@id":"https:\/\/www.m-q.ch\/it\/zeiss-gelingt-record-revenue-and-profit\/#primaryimage"},"image":{"@id":"https:\/\/www.m-q.ch\/it\/zeiss-gelingt-record-revenue-and-profit\/#primaryimage"},"thumbnailUrl":"https:\/\/www.m-q.ch\/wp-content\/uploads\/2016\/12\/ZEISS-gelingt-Rekordumsatz-und-ergebnis-management-und-qualitaet.jpg","datePublished":"2016-12-19T15:48:10+00:00","dateModified":"2016-12-19T15:50:52+00:00","description":"Die ZEISS Gruppe erh\u00f6ht im abgeschlossenen Gesch\u00e4ftsjahr 2015\/16 (Bilanzstichtag: 30. September 2016) Umsatz und Gewinn auf Rekordniveau.","breadcrumb":{"@id":"https:\/\/www.m-q.ch\/it\/zeiss-gelingt-record-revenue-and-profit\/#breadcrumb"},"inLanguage":"de","potentialAction":[{"@type":"ReadAction","target":["https:\/\/www.m-q.ch\/it\/zeiss-gelingt-record-revenue-and-profit\/"]}]},{"@type":"ImageObject","inLanguage":"de","@id":"https:\/\/www.m-q.ch\/it\/zeiss-gelingt-record-revenue-and-profit\/#primaryimage","url":"https:\/\/www.m-q.ch\/wp-content\/uploads\/2016\/12\/ZEISS-gelingt-Rekordumsatz-und-ergebnis-management-und-qualitaet.jpg","contentUrl":"https:\/\/www.m-q.ch\/wp-content\/uploads\/2016\/12\/ZEISS-gelingt-Rekordumsatz-und-ergebnis-management-und-qualitaet.jpg","width":622,"height":414,"caption":"Jena war schon im 19. Jahrhundert pr\u00e4gend in der Glass- und Mikroskopie-Fertigung. Copyright: Carl_Zeiss_Microscopy_ASSAYbuilder"},{"@type":"BreadcrumbList","@id":"https:\/\/www.m-q.ch\/it\/zeiss-gelingt-record-revenue-and-profit\/#breadcrumb","itemListElement":[{"@type":"ListItem","position":1,"name":"Unkategorisiert","item":"https:\/\/www.m-q.ch\/it\/categoria\/senza-categoria\/"},{"@type":"ListItem","position":2,"name":"ZEISS gelingt Rekordumsatz und -ergebnis"}]},{"@type":"WebSite","@id":"https:\/\/www.m-q.ch\/fr\/#website","url":"https:\/\/www.m-q.ch\/fr\/","name":"MQ Management und Qualit\u00e4t","description":"Plattform f\u00fcr integrierte Managementsysteme.","publisher":{"@id":"https:\/\/www.m-q.ch\/fr\/#organization"},"potentialAction":[{"@type":"SearchAction","target":{"@type":"EntryPoint","urlTemplate":"https:\/\/www.m-q.ch\/fr\/?s={search_term_string}"},"query-input":{"@type":"PropertyValueSpecification","valueRequired":true,"valueName":"search_term_string"}}],"inLanguage":"de"},{"@type":"Organization","@id":"https:\/\/www.m-q.ch\/fr\/#organization","name":"Galledia Fachmedien AG","url":"https:\/\/www.m-q.ch\/fr\/","logo":{"@type":"ImageObject","inLanguage":"de","@id":"https:\/\/www.m-q.ch\/fr\/#\/schema\/logo\/image\/","url":"https:\/\/www.m-q.ch\/wp-content\/uploads\/2020\/12\/cropped-logo_small.png","contentUrl":"https:\/\/www.m-q.ch\/wp-content\/uploads\/2020\/12\/cropped-logo_small.png","width":512,"height":512,"caption":"Galledia Fachmedien AG"},"image":{"@id":"https:\/\/www.m-q.ch\/fr\/#\/schema\/logo\/image\/"},"sameAs":["https:\/\/www.facebook.com\/ManagementUndQualitaet","https:\/\/www.linkedin.com\/showcase\/17982321\/admin\/"]},{"@type":"Person","@id":"https:\/\/www.m-q.ch\/fr\/#\/schema\/person\/c0139a2c55a374db6df2cde78ec87148","name":"galledia","image":{"@type":"ImageObject","inLanguage":"de","@id":"https:\/\/www.m-q.ch\/fr\/#\/schema\/person\/image\/","url":"https:\/\/secure.gravatar.com\/avatar\/66edf527eac29e9a5eb25bcada01f61a?s=96&d=mm&r=g","contentUrl":"https:\/\/secure.gravatar.com\/avatar\/66edf527eac29e9a5eb25bcada01f61a?s=96&d=mm&r=g","caption":"galledia"},"url":"https:\/\/www.m-q.ch\/de\/author\/galledia\/"}]}},"_links":{"self":[{"href":"https:\/\/www.m-q.ch\/de\/wp-json\/wp\/v2\/posts\/713","targetHints":{"allow":["GET"]}}],"collection":[{"href":"https:\/\/www.m-q.ch\/de\/wp-json\/wp\/v2\/posts"}],"about":[{"href":"https:\/\/www.m-q.ch\/de\/wp-json\/wp\/v2\/types\/post"}],"author":[{"embeddable":true,"href":"https:\/\/www.m-q.ch\/de\/wp-json\/wp\/v2\/users\/1"}],"replies":[{"embeddable":true,"href":"https:\/\/www.m-q.ch\/de\/wp-json\/wp\/v2\/comments?post=713"}],"version-history":[{"count":1,"href":"https:\/\/www.m-q.ch\/de\/wp-json\/wp\/v2\/posts\/713\/revisions"}],"predecessor-version":[{"id":715,"href":"https:\/\/www.m-q.ch\/de\/wp-json\/wp\/v2\/posts\/713\/revisions\/715"}],"wp:featuredmedia":[{"embeddable":true,"href":"https:\/\/www.m-q.ch\/de\/wp-json\/wp\/v2\/media\/714"}],"wp:attachment":[{"href":"https:\/\/www.m-q.ch\/de\/wp-json\/wp\/v2\/media?parent=713"}],"wp:term":[{"taxonomy":"category","embeddable":true,"href":"https:\/\/www.m-q.ch\/de\/wp-json\/wp\/v2\/categories?post=713"},{"taxonomy":"post_tag","embeddable":true,"href":"https:\/\/www.m-q.ch\/de\/wp-json\/wp\/v2\/tags?post=713"}],"curies":[{"name":"wp","href":"https:\/\/api.w.org\/{rel}","templated":true}]}}