{"id":8072,"date":"2020-12-22T06:00:57","date_gmt":"2020-12-22T05:00:57","guid":{"rendered":"https:\/\/www.m-q.ch\/?p=4402"},"modified":"2021-02-02T14:40:54","modified_gmt":"2021-02-02T13:40:54","slug":"die-marke-schweiz-ist-angemessen-geschuetzt","status":"publish","type":"post","link":"https:\/\/www.m-q.ch\/de\/die-marke-schweiz-ist-angemessen-geschuetzt\/","title":{"rendered":"Die Marke \u00abSchweiz\u00bb ist angemessen gesch\u00fctzt, aber &#8230;"},"content":{"rendered":"<figure id=\"attachment_8318\" aria-describedby=\"caption-attachment-8318\" style=\"width: 680px\" class=\"wp-caption alignnone\"><img loading=\"lazy\" decoding=\"async\" class=\"size-full wp-image-8318\" src=\"https:\/\/www.m-q.ch\/wp-content\/uploads\/2020\/12\/Depositphotos_24925727_s-2019-680x680-1.jpg\" alt=\"\" width=\"680\" height=\"680\" srcset=\"https:\/\/www.m-q.ch\/wp-content\/uploads\/2020\/12\/Depositphotos_24925727_s-2019-680x680-1.jpg 680w, https:\/\/www.m-q.ch\/wp-content\/uploads\/2020\/12\/Depositphotos_24925727_s-2019-680x680-1-12x12.jpg 12w, https:\/\/www.m-q.ch\/wp-content\/uploads\/2020\/12\/Depositphotos_24925727_s-2019-680x680-1-175x175.jpg 175w, https:\/\/www.m-q.ch\/wp-content\/uploads\/2020\/12\/Depositphotos_24925727_s-2019-680x680-1-350x350.jpg 350w, https:\/\/www.m-q.ch\/wp-content\/uploads\/2020\/12\/Depositphotos_24925727_s-2019-680x680-1-250x250.jpg 250w, https:\/\/www.m-q.ch\/wp-content\/uploads\/2020\/12\/Depositphotos_24925727_s-2019-680x680-1-150x150.jpg 150w, https:\/\/www.m-q.ch\/wp-content\/uploads\/2020\/12\/Depositphotos_24925727_s-2019-680x680-1-300x300.jpg 300w, https:\/\/www.m-q.ch\/wp-content\/uploads\/2020\/12\/Depositphotos_24925727_s-2019-680x680-1-100x100.jpg 100w\" sizes=\"auto, (max-width: 680px) 100vw, 680px\" \/><figcaption id=\"caption-attachment-8318\" class=\"wp-caption-text\">\u00a9 Depositphotos, oxlock<\/figcaption><\/figure>\n<p>Seit dem 1. Januar 2017 gelten gesetzliche Regeln f\u00fcr Erzeugnisse und Dienstleistungen, welche die Produzenten beispielsweise mit einem Schweizerkreuz oder \u00abSwiss Made\u00bb bewerben wollen. Diese Regeln sollen die Marke \u00abSchweiz\u00bb besser vor Trittbrettfahrern sch\u00fctzen und in der Schweiz produzierenden Unternehmen einen wichtigen Wettbewerbsvorteil langfristig sichern.<\/p>\n<p><strong>Swissness-Gesetzgebung bringt j\u00e4hrlich \u00fcber eine Milliarde Franken<\/strong><\/p>\n<p>Die durch unabh\u00e4ngige Beratungs- und Wirtschaftsforschungsinstitute erstellten Studien zeigen, dass die Swissness-Gesetzgebung insgesamt eine moderat positive Wirkung auf die Schweizer Volkswirtschaft hat. Der ermittelte gesamtwirtschaftliche Netto-Nutzen der Revision, also nach Abzug der neu anfallenden Kosten zur Einhaltung der gesetzlichen Vorgaben, liegt bei mindestens 0,2 Prozentpunkten der j\u00e4hrlichen Wirtschaftsleistung (Bruttoinlandprodukt). In absoluten Zahlen entspricht dies j\u00e4hrlich rund 1,4 Mrd. Franken bzw. 163 Franken pro Kopf. Darin enthalten sind auch indirekte Effekte, da nebst den Produzenten weitere Akteure der Volkswirtschaft von der neuen Gesetzgebung profitieren und so zum erw\u00e4hnten volkswirtschaftlichen Nutzen beitragen, beispielsweise Zulieferer und Exporteure.<\/p>\n<p><strong>Handlungsbedarf im Ausland und im Lebensmittelbereich<\/strong><\/p>\n<p>Hinsichtlich der Rechtsdurchsetzung von Swissness berichten die Unternehmen aus s\u00e4mtlichen Branchen von sinkenden Swissness-Missbr\u00e4uchen im Inland, unter anderem dank h\u00f6herer Sensibilisierung. Da die in der Schweiz m\u00f6glichen Massnahmen zur Missbrauchsbek\u00e4mpfung im Ausland nicht anwendbar sind, gestaltet sich die Durchsetzung des Schutzes der Herkunftsangaben im Ausland besonders schwierig. Die Studienautoren empfehlen deshalb den Ausbau des Netzes bilateraler Vertr\u00e4ge. Verbesserungspotenzial identifizieren sie ferner bei der Information und bei der Rechtsdurchsetzung in Kooperation mit Verb\u00e4nden und Branchen.<\/p>\n<p>Die gesetzlichen Kriterien in den Bereichen Industrie und Dienstleistungen sollen gem\u00e4ss den Autoren nicht ge\u00e4ndert werden. Hingegen zeichnet sich im Lebensmittelbereich ein gewisser Handlungsbedarf ab. W\u00e4hrend die Bedeutung der Swissness f\u00fcr die Vermarktung von Lebensmitteln relativ hoch ist, stehen die Unternehmen gleichzeitig der Umsetzung der Swissness eher kritisch gegen\u00fcber. Hier empfehlen die Autoren die Verwendung der inl\u00e4ndischen Wertsch\u00f6pfung anstelle des inl\u00e4ndischen Rohstoffanteils \u2013 wie dies bei Industrieprodukten der Fall ist. Ein solch einheitliches Kriterium f\u00fcr Nahrungsmittel und Industrieprodukte wurde bereits vom Bundesrat im Zuge der Einf\u00fchrung der Gesetzgebung vorgeschlagen. Der Vorschlag fand jedoch wenig Anklang insbesondere bei Landwirtschafts- und Konsumentenorganisationen sowie bei Lebensmittelproduzenten. Alternativ soll das Verfahren f\u00fcr die Gew\u00e4hrung von Ausnahmen im Lebensmittelbereich vereinfacht und transparenter gestaltet werden.<\/p>\n<p><strong>Kein Revisionsbedarf aus Sicht des Bundesrates<\/strong><\/p>\n<p>Aufgrund der Studienresultate kommt der Bundesrat zum Schluss, dass die neue Swissness-Gesetzgebung ihr Ziel insgesamt erreicht. Aus seiner Sicht dr\u00e4ngen sich daher keine grundlegenden \u00c4nderungen des Systems auf. Dort, wo die Evaluation Verbesserungspotenzial entdeckt hat, sollen das Eidgen\u00f6ssische Institut f\u00fcr Geistiges Eigentum und das Bundesamt f\u00fcr Landwirtschaft konkrete Massnahmen pr\u00fcfen. So sollen beispielsweise bei den Ausnahmen im Lebensmittelbereich Anpassungen auf Verordnungsstufe vorgenommen und die Zusammenarbeit mit den betroffenen Kreisen intensiviert werden.<\/p>\n<p><em>Quelle: Bund, <a href=\"https:\/\/www.newsd.admin.ch\/newsd\/message\/attachments\/64677.pdf\">Bericht des Bundesrates<\/a><\/em><\/p>\n","protected":false},"excerpt":{"rendered":"<p>Seit dem 1. Januar 2017 gelten gesetzliche Regeln f\u00fcr Erzeugnisse und Dienstleistungen, welche die Produzenten beispielsweise mit einem Schweizerkreuz oder \u00abSwiss Made\u00bb bewerben wollen. Diese Regeln sollen die Marke \u00abSchweiz\u00bb besser vor Trittbrettfahrern sch\u00fctzen und in der Schweiz produzierenden Unternehmen einen wichtigen Wettbewerbsvorteil langfristig sichern. Swissness-Gesetzgebung bringt j\u00e4hrlich \u00fcber eine Milliarde Franken Die durch unabh\u00e4ngige [&hellip;]<\/p>\n","protected":false},"author":35,"featured_media":8318,"comment_status":"closed","ping_status":"closed","sticky":false,"template":"","format":"standard","meta":{"_acf_changed":false,"footnotes":""},"categories":[4448],"tags":[4592,4593],"class_list":["post-8072","post","type-post","status-publish","format-standard","has-post-thumbnail","hentry","category-allgemein","tag-marke-schweiz","tag-swissness"],"acf":[],"yoast_head":"<!-- This site is optimized with the Yoast SEO plugin v26.2 - https:\/\/yoast.com\/wordpress\/plugins\/seo\/ -->\n<title>Die Marke \u00abSchweiz\u00bb ist angemessen gesch\u00fctzt, aber ... - MQ Management und Qualit\u00e4t<\/title>\n<meta name=\"description\" content=\"Die gesetzlichen Kriterien zum nachhaltigen Schutz der Swissness erf\u00fcllen ihren Zweck. Dies best\u00e4tigen Studien im Auftrag des Bundesrates.\" \/>\n<meta name=\"robots\" content=\"index, follow, max-snippet:-1, max-image-preview:large, max-video-preview:-1\" \/>\n<link rel=\"canonical\" href=\"https:\/\/www.m-q.ch\/de\/die-marke-schweiz-ist-angemessen-geschuetzt\/\" \/>\n<meta property=\"og:locale\" content=\"de_DE\" \/>\n<meta property=\"og:type\" content=\"article\" \/>\n<meta property=\"og:title\" content=\"Die Marke \u00abSchweiz\u00bb ist angemessen gesch\u00fctzt, aber ... - MQ Management und Qualit\u00e4t\" \/>\n<meta property=\"og:description\" content=\"Die gesetzlichen Kriterien zum nachhaltigen Schutz der Swissness erf\u00fcllen ihren Zweck. Dies best\u00e4tigen Studien im Auftrag des Bundesrates.\" \/>\n<meta property=\"og:url\" content=\"https:\/\/www.m-q.ch\/de\/die-marke-schweiz-ist-angemessen-geschuetzt\/\" \/>\n<meta property=\"og:site_name\" content=\"MQ Management und Qualit\u00e4t\" \/>\n<meta property=\"article:publisher\" content=\"https:\/\/www.facebook.com\/ManagementUndQualitaet\" \/>\n<meta property=\"article:published_time\" content=\"2020-12-22T05:00:57+00:00\" \/>\n<meta property=\"article:modified_time\" content=\"2021-02-02T13:40:54+00:00\" \/>\n<meta property=\"og:image\" content=\"https:\/\/www.m-q.ch\/wp-content\/uploads\/2020\/12\/Depositphotos_24925727_s-2019-680x680-1.jpg\" \/>\n\t<meta property=\"og:image:width\" content=\"680\" \/>\n\t<meta property=\"og:image:height\" content=\"680\" \/>\n\t<meta property=\"og:image:type\" content=\"image\/jpeg\" \/>\n<meta name=\"author\" content=\"Roger Str\u00e4ssle\" \/>\n<meta name=\"twitter:card\" content=\"summary_large_image\" \/>\n<meta name=\"twitter:label1\" content=\"Verfasst von\" \/>\n\t<meta name=\"twitter:data1\" content=\"Roger Str\u00e4ssle\" \/>\n\t<meta name=\"twitter:label2\" content=\"Gesch\u00e4tzte Lesezeit\" \/>\n\t<meta name=\"twitter:data2\" content=\"2\u00a0Minuten\" \/>\n<script type=\"application\/ld+json\" class=\"yoast-schema-graph\">{\"@context\":\"https:\/\/schema.org\",\"@graph\":[{\"@type\":\"Article\",\"@id\":\"https:\/\/www.m-q.ch\/die-marke-schweiz-ist-angemessen-geschuetzt\/#article\",\"isPartOf\":{\"@id\":\"https:\/\/www.m-q.ch\/die-marke-schweiz-ist-angemessen-geschuetzt\/\"},\"author\":{\"name\":\"Roger Str\u00e4ssle\",\"@id\":\"https:\/\/www.m-q.ch\/fr\/#\/schema\/person\/47d540e081acd98ccbeb69b55df653d7\"},\"headline\":\"Die Marke \u00abSchweiz\u00bb ist angemessen gesch\u00fctzt, aber &#8230;\",\"datePublished\":\"2020-12-22T05:00:57+00:00\",\"dateModified\":\"2021-02-02T13:40:54+00:00\",\"mainEntityOfPage\":{\"@id\":\"https:\/\/www.m-q.ch\/die-marke-schweiz-ist-angemessen-geschuetzt\/\"},\"wordCount\":469,\"publisher\":{\"@id\":\"https:\/\/www.m-q.ch\/fr\/#organization\"},\"image\":{\"@id\":\"https:\/\/www.m-q.ch\/die-marke-schweiz-ist-angemessen-geschuetzt\/#primaryimage\"},\"thumbnailUrl\":\"https:\/\/www.m-q.ch\/wp-content\/uploads\/2020\/12\/Depositphotos_24925727_s-2019-680x680-1.jpg\",\"keywords\":[\"Marke \\\"Schweiz\\\"\",\"Swissness\"],\"inLanguage\":\"de\"},{\"@type\":\"WebPage\",\"@id\":\"https:\/\/www.m-q.ch\/die-marke-schweiz-ist-angemessen-geschuetzt\/\",\"url\":\"https:\/\/www.m-q.ch\/die-marke-schweiz-ist-angemessen-geschuetzt\/\",\"name\":\"Die Marke \u00abSchweiz\u00bb ist angemessen gesch\u00fctzt, aber ... - MQ Management und Qualit\u00e4t\",\"isPartOf\":{\"@id\":\"https:\/\/www.m-q.ch\/fr\/#website\"},\"primaryImageOfPage\":{\"@id\":\"https:\/\/www.m-q.ch\/die-marke-schweiz-ist-angemessen-geschuetzt\/#primaryimage\"},\"image\":{\"@id\":\"https:\/\/www.m-q.ch\/die-marke-schweiz-ist-angemessen-geschuetzt\/#primaryimage\"},\"thumbnailUrl\":\"https:\/\/www.m-q.ch\/wp-content\/uploads\/2020\/12\/Depositphotos_24925727_s-2019-680x680-1.jpg\",\"datePublished\":\"2020-12-22T05:00:57+00:00\",\"dateModified\":\"2021-02-02T13:40:54+00:00\",\"description\":\"Die gesetzlichen Kriterien zum nachhaltigen Schutz der Swissness erf\u00fcllen ihren Zweck. Dies best\u00e4tigen Studien im Auftrag des Bundesrates.\",\"breadcrumb\":{\"@id\":\"https:\/\/www.m-q.ch\/die-marke-schweiz-ist-angemessen-geschuetzt\/#breadcrumb\"},\"inLanguage\":\"de\",\"potentialAction\":[{\"@type\":\"ReadAction\",\"target\":[\"https:\/\/www.m-q.ch\/die-marke-schweiz-ist-angemessen-geschuetzt\/\"]}]},{\"@type\":\"ImageObject\",\"inLanguage\":\"de\",\"@id\":\"https:\/\/www.m-q.ch\/die-marke-schweiz-ist-angemessen-geschuetzt\/#primaryimage\",\"url\":\"https:\/\/www.m-q.ch\/wp-content\/uploads\/2020\/12\/Depositphotos_24925727_s-2019-680x680-1.jpg\",\"contentUrl\":\"https:\/\/www.m-q.ch\/wp-content\/uploads\/2020\/12\/Depositphotos_24925727_s-2019-680x680-1.jpg\",\"width\":680,\"height\":680,\"caption\":\"\u00a9 Depositphotos, oxlock\"},{\"@type\":\"BreadcrumbList\",\"@id\":\"https:\/\/www.m-q.ch\/die-marke-schweiz-ist-angemessen-geschuetzt\/#breadcrumb\",\"itemListElement\":[{\"@type\":\"ListItem\",\"position\":1,\"name\":\"Unkategorisiert\",\"item\":\"https:\/\/www.m-q.ch\/it\/categoria\/senza-categoria\/\"},{\"@type\":\"ListItem\",\"position\":2,\"name\":\"Die Marke \u00abSchweiz\u00bb ist angemessen gesch\u00fctzt, aber &#8230;\"}]},{\"@type\":\"WebSite\",\"@id\":\"https:\/\/www.m-q.ch\/fr\/#website\",\"url\":\"https:\/\/www.m-q.ch\/fr\/\",\"name\":\"MQ Management und Qualit\u00e4t\",\"description\":\"Plattform f\u00fcr integrierte Managementsysteme.\",\"publisher\":{\"@id\":\"https:\/\/www.m-q.ch\/fr\/#organization\"},\"potentialAction\":[{\"@type\":\"SearchAction\",\"target\":{\"@type\":\"EntryPoint\",\"urlTemplate\":\"https:\/\/www.m-q.ch\/fr\/?s={search_term_string}\"},\"query-input\":{\"@type\":\"PropertyValueSpecification\",\"valueRequired\":true,\"valueName\":\"search_term_string\"}}],\"inLanguage\":\"de\"},{\"@type\":\"Organization\",\"@id\":\"https:\/\/www.m-q.ch\/fr\/#organization\",\"name\":\"Galledia Fachmedien AG\",\"url\":\"https:\/\/www.m-q.ch\/fr\/\",\"logo\":{\"@type\":\"ImageObject\",\"inLanguage\":\"de\",\"@id\":\"https:\/\/www.m-q.ch\/fr\/#\/schema\/logo\/image\/\",\"url\":\"https:\/\/www.m-q.ch\/wp-content\/uploads\/2020\/12\/cropped-logo_small.png\",\"contentUrl\":\"https:\/\/www.m-q.ch\/wp-content\/uploads\/2020\/12\/cropped-logo_small.png\",\"width\":512,\"height\":512,\"caption\":\"Galledia Fachmedien AG\"},\"image\":{\"@id\":\"https:\/\/www.m-q.ch\/fr\/#\/schema\/logo\/image\/\"},\"sameAs\":[\"https:\/\/www.facebook.com\/ManagementUndQualitaet\",\"https:\/\/www.linkedin.com\/showcase\/17982321\/admin\/\"]},{\"@type\":\"Person\",\"@id\":\"https:\/\/www.m-q.ch\/fr\/#\/schema\/person\/47d540e081acd98ccbeb69b55df653d7\",\"name\":\"Roger Str\u00e4ssle\",\"image\":{\"@type\":\"ImageObject\",\"inLanguage\":\"de\",\"@id\":\"https:\/\/www.m-q.ch\/fr\/#\/schema\/person\/image\/\",\"url\":\"https:\/\/secure.gravatar.com\/avatar\/e4dde3046d8a184d2e2d27651a418883?s=96&d=mm&r=g\",\"contentUrl\":\"https:\/\/secure.gravatar.com\/avatar\/e4dde3046d8a184d2e2d27651a418883?s=96&d=mm&r=g\",\"caption\":\"Roger Str\u00e4ssle\"},\"url\":\"https:\/\/www.m-q.ch\/de\/author\/roger-straessle\/\"}]}<\/script>\n<!-- \/ Yoast SEO plugin. -->","yoast_head_json":{"title":"Die Marke \u00abSchweiz\u00bb ist angemessen gesch\u00fctzt, aber ... - MQ Management und Qualit\u00e4t","description":"Die gesetzlichen Kriterien zum nachhaltigen Schutz der Swissness erf\u00fcllen ihren Zweck. Dies best\u00e4tigen Studien im Auftrag des Bundesrates.","robots":{"index":"index","follow":"follow","max-snippet":"max-snippet:-1","max-image-preview":"max-image-preview:large","max-video-preview":"max-video-preview:-1"},"canonical":"https:\/\/www.m-q.ch\/de\/die-marke-schweiz-ist-angemessen-geschuetzt\/","og_locale":"de_DE","og_type":"article","og_title":"Die Marke \u00abSchweiz\u00bb ist angemessen gesch\u00fctzt, aber ... - MQ Management und Qualit\u00e4t","og_description":"Die gesetzlichen Kriterien zum nachhaltigen Schutz der Swissness erf\u00fcllen ihren Zweck. Dies best\u00e4tigen Studien im Auftrag des Bundesrates.","og_url":"https:\/\/www.m-q.ch\/de\/die-marke-schweiz-ist-angemessen-geschuetzt\/","og_site_name":"MQ Management und Qualit\u00e4t","article_publisher":"https:\/\/www.facebook.com\/ManagementUndQualitaet","article_published_time":"2020-12-22T05:00:57+00:00","article_modified_time":"2021-02-02T13:40:54+00:00","og_image":[{"width":680,"height":680,"url":"https:\/\/www.m-q.ch\/wp-content\/uploads\/2020\/12\/Depositphotos_24925727_s-2019-680x680-1.jpg","type":"image\/jpeg"}],"author":"Roger Str\u00e4ssle","twitter_card":"summary_large_image","twitter_misc":{"Verfasst von":"Roger Str\u00e4ssle","Gesch\u00e4tzte Lesezeit":"2\u00a0Minuten"},"schema":{"@context":"https:\/\/schema.org","@graph":[{"@type":"Article","@id":"https:\/\/www.m-q.ch\/die-marke-schweiz-ist-angemessen-geschuetzt\/#article","isPartOf":{"@id":"https:\/\/www.m-q.ch\/die-marke-schweiz-ist-angemessen-geschuetzt\/"},"author":{"name":"Roger Str\u00e4ssle","@id":"https:\/\/www.m-q.ch\/fr\/#\/schema\/person\/47d540e081acd98ccbeb69b55df653d7"},"headline":"Die Marke \u00abSchweiz\u00bb ist angemessen gesch\u00fctzt, aber &#8230;","datePublished":"2020-12-22T05:00:57+00:00","dateModified":"2021-02-02T13:40:54+00:00","mainEntityOfPage":{"@id":"https:\/\/www.m-q.ch\/die-marke-schweiz-ist-angemessen-geschuetzt\/"},"wordCount":469,"publisher":{"@id":"https:\/\/www.m-q.ch\/fr\/#organization"},"image":{"@id":"https:\/\/www.m-q.ch\/die-marke-schweiz-ist-angemessen-geschuetzt\/#primaryimage"},"thumbnailUrl":"https:\/\/www.m-q.ch\/wp-content\/uploads\/2020\/12\/Depositphotos_24925727_s-2019-680x680-1.jpg","keywords":["Marke \"Schweiz\"","Swissness"],"inLanguage":"de"},{"@type":"WebPage","@id":"https:\/\/www.m-q.ch\/die-marke-schweiz-ist-angemessen-geschuetzt\/","url":"https:\/\/www.m-q.ch\/die-marke-schweiz-ist-angemessen-geschuetzt\/","name":"Die Marke \u00abSchweiz\u00bb ist angemessen gesch\u00fctzt, aber ... - MQ Management und Qualit\u00e4t","isPartOf":{"@id":"https:\/\/www.m-q.ch\/fr\/#website"},"primaryImageOfPage":{"@id":"https:\/\/www.m-q.ch\/die-marke-schweiz-ist-angemessen-geschuetzt\/#primaryimage"},"image":{"@id":"https:\/\/www.m-q.ch\/die-marke-schweiz-ist-angemessen-geschuetzt\/#primaryimage"},"thumbnailUrl":"https:\/\/www.m-q.ch\/wp-content\/uploads\/2020\/12\/Depositphotos_24925727_s-2019-680x680-1.jpg","datePublished":"2020-12-22T05:00:57+00:00","dateModified":"2021-02-02T13:40:54+00:00","description":"Die gesetzlichen Kriterien zum nachhaltigen Schutz der Swissness erf\u00fcllen ihren Zweck. Dies best\u00e4tigen Studien im Auftrag des Bundesrates.","breadcrumb":{"@id":"https:\/\/www.m-q.ch\/die-marke-schweiz-ist-angemessen-geschuetzt\/#breadcrumb"},"inLanguage":"de","potentialAction":[{"@type":"ReadAction","target":["https:\/\/www.m-q.ch\/die-marke-schweiz-ist-angemessen-geschuetzt\/"]}]},{"@type":"ImageObject","inLanguage":"de","@id":"https:\/\/www.m-q.ch\/die-marke-schweiz-ist-angemessen-geschuetzt\/#primaryimage","url":"https:\/\/www.m-q.ch\/wp-content\/uploads\/2020\/12\/Depositphotos_24925727_s-2019-680x680-1.jpg","contentUrl":"https:\/\/www.m-q.ch\/wp-content\/uploads\/2020\/12\/Depositphotos_24925727_s-2019-680x680-1.jpg","width":680,"height":680,"caption":"\u00a9 Depositphotos, oxlock"},{"@type":"BreadcrumbList","@id":"https:\/\/www.m-q.ch\/die-marke-schweiz-ist-angemessen-geschuetzt\/#breadcrumb","itemListElement":[{"@type":"ListItem","position":1,"name":"Unkategorisiert","item":"https:\/\/www.m-q.ch\/it\/categoria\/senza-categoria\/"},{"@type":"ListItem","position":2,"name":"Die Marke \u00abSchweiz\u00bb ist angemessen gesch\u00fctzt, aber &#8230;"}]},{"@type":"WebSite","@id":"https:\/\/www.m-q.ch\/fr\/#website","url":"https:\/\/www.m-q.ch\/fr\/","name":"MQ Management und Qualit\u00e4t","description":"Plattform f\u00fcr integrierte Managementsysteme.","publisher":{"@id":"https:\/\/www.m-q.ch\/fr\/#organization"},"potentialAction":[{"@type":"SearchAction","target":{"@type":"EntryPoint","urlTemplate":"https:\/\/www.m-q.ch\/fr\/?s={search_term_string}"},"query-input":{"@type":"PropertyValueSpecification","valueRequired":true,"valueName":"search_term_string"}}],"inLanguage":"de"},{"@type":"Organization","@id":"https:\/\/www.m-q.ch\/fr\/#organization","name":"Galledia Fachmedien AG","url":"https:\/\/www.m-q.ch\/fr\/","logo":{"@type":"ImageObject","inLanguage":"de","@id":"https:\/\/www.m-q.ch\/fr\/#\/schema\/logo\/image\/","url":"https:\/\/www.m-q.ch\/wp-content\/uploads\/2020\/12\/cropped-logo_small.png","contentUrl":"https:\/\/www.m-q.ch\/wp-content\/uploads\/2020\/12\/cropped-logo_small.png","width":512,"height":512,"caption":"Galledia Fachmedien AG"},"image":{"@id":"https:\/\/www.m-q.ch\/fr\/#\/schema\/logo\/image\/"},"sameAs":["https:\/\/www.facebook.com\/ManagementUndQualitaet","https:\/\/www.linkedin.com\/showcase\/17982321\/admin\/"]},{"@type":"Person","@id":"https:\/\/www.m-q.ch\/fr\/#\/schema\/person\/47d540e081acd98ccbeb69b55df653d7","name":"Roger Str\u00e4ssle","image":{"@type":"ImageObject","inLanguage":"de","@id":"https:\/\/www.m-q.ch\/fr\/#\/schema\/person\/image\/","url":"https:\/\/secure.gravatar.com\/avatar\/e4dde3046d8a184d2e2d27651a418883?s=96&d=mm&r=g","contentUrl":"https:\/\/secure.gravatar.com\/avatar\/e4dde3046d8a184d2e2d27651a418883?s=96&d=mm&r=g","caption":"Roger Str\u00e4ssle"},"url":"https:\/\/www.m-q.ch\/de\/author\/roger-straessle\/"}]}},"_links":{"self":[{"href":"https:\/\/www.m-q.ch\/de\/wp-json\/wp\/v2\/posts\/8072","targetHints":{"allow":["GET"]}}],"collection":[{"href":"https:\/\/www.m-q.ch\/de\/wp-json\/wp\/v2\/posts"}],"about":[{"href":"https:\/\/www.m-q.ch\/de\/wp-json\/wp\/v2\/types\/post"}],"author":[{"embeddable":true,"href":"https:\/\/www.m-q.ch\/de\/wp-json\/wp\/v2\/users\/35"}],"replies":[{"embeddable":true,"href":"https:\/\/www.m-q.ch\/de\/wp-json\/wp\/v2\/comments?post=8072"}],"version-history":[{"count":2,"href":"https:\/\/www.m-q.ch\/de\/wp-json\/wp\/v2\/posts\/8072\/revisions"}],"predecessor-version":[{"id":8319,"href":"https:\/\/www.m-q.ch\/de\/wp-json\/wp\/v2\/posts\/8072\/revisions\/8319"}],"wp:featuredmedia":[{"embeddable":true,"href":"https:\/\/www.m-q.ch\/de\/wp-json\/wp\/v2\/media\/8318"}],"wp:attachment":[{"href":"https:\/\/www.m-q.ch\/de\/wp-json\/wp\/v2\/media?parent=8072"}],"wp:term":[{"taxonomy":"category","embeddable":true,"href":"https:\/\/www.m-q.ch\/de\/wp-json\/wp\/v2\/categories?post=8072"},{"taxonomy":"post_tag","embeddable":true,"href":"https:\/\/www.m-q.ch\/de\/wp-json\/wp\/v2\/tags?post=8072"}],"curies":[{"name":"wp","href":"https:\/\/api.w.org\/{rel}","templated":true}]}}