{"id":8097,"date":"2021-01-29T13:29:49","date_gmt":"2021-01-29T12:29:49","guid":{"rendered":"https:\/\/www.m-q.ch\/?p=4720"},"modified":"2021-02-02T14:15:03","modified_gmt":"2021-02-02T13:15:03","slug":"nachhaltigkeitszertifikat-an-haendler-und-erzeuger-verliehen","status":"publish","type":"post","link":"https:\/\/www.m-q.ch\/de\/nachhaltigkeitszertifikat-an-haendler-und-erzeuger-verliehen\/","title":{"rendered":"Nachhaltigkeitszertifikat an H\u00e4ndler und Erzeuger verliehen"},"content":{"rendered":"<figure id=\"attachment_8231\" aria-describedby=\"caption-attachment-8231\" style=\"width: 550px\" class=\"wp-caption alignnone\"><img loading=\"lazy\" decoding=\"async\" class=\"size-full wp-image-8231\" src=\"https:\/\/www.m-q.ch\/wp-content\/uploads\/2021\/01\/grafik-1-1.jpg\" alt=\"\" width=\"550\" height=\"379\" srcset=\"https:\/\/www.m-q.ch\/wp-content\/uploads\/2021\/01\/grafik-1-1.jpg 550w, https:\/\/www.m-q.ch\/wp-content\/uploads\/2021\/01\/grafik-1-1-16x12.jpg 16w, https:\/\/www.m-q.ch\/wp-content\/uploads\/2021\/01\/grafik-1-1-254x175.jpg 254w, https:\/\/www.m-q.ch\/wp-content\/uploads\/2021\/01\/grafik-1-1-508x350.jpg 508w, https:\/\/www.m-q.ch\/wp-content\/uploads\/2021\/01\/grafik-1-1-300x207.jpg 300w\" sizes=\"auto, (max-width: 550px) 100vw, 550px\" \/><figcaption id=\"caption-attachment-8231\" class=\"wp-caption-text\">\u00a9 IFCO<\/figcaption><\/figure>\n<p>Die Verwendung von Mehrwegbeh\u00e4ltern (Reusable Plastic Containers, RPCs) habe im Jahr 2020 Einsparungen von mehr als 551\u2019000 Tonnen an CO2-Emissionen erm\u00f6glicht, schreibt IFCO. Damit sei man eines der nachhaltigsten Logistik- und Verpackungsunternehmen weltweit. Die Auszeichnung durch IFCO zeige daher das Engagement von Unternehmen f\u00fcr den Umweltschutz und die gemeinsame Gestaltung nachhaltigerer Lieferketten. Das Nachhaltigkeitszertifikat wurde erstmals im September 2018 an Einzelh\u00e4ndler in Europa und Nordamerika verliehen.<\/p>\n<p><strong>Beleg f\u00fcr das Umwelt-Engagement von Einzelh\u00e4ndlern und Erzeugern<\/strong><\/p>\n<p>Indem Einzelh\u00e4ndler und Erzeuger der gestiegenen Nachfrage nach umweltfreundlichen Produkten und Prozessen Rechnung tragen, k\u00f6nnen sie sich vom Wettbewerb abheben und die Loyalit\u00e4t ihrer Kunden erh\u00f6hen, schreibt RPC-Anbieter weiter. Deshalb verleihe IFCO sein Nachhaltigkeitszertifikat als Beleg f\u00fcr das Umwelt-Engagement von Einzelh\u00e4ndlern und Erzeugern. Da neben Kunden auch Aktion\u00e4re zunehmend auf nachhaltige Unternehmensziele achten w\u00fcrden, sei das Nachhaltigkeitszertifikat von IFCO ein starker Beleg f\u00fcr umweltfreundliches Verhalten sowohl f\u00fcr Kunden, als auch f\u00fcr Aktion\u00e4re.<\/p>\n<p>\u00abViele Einzelh\u00e4ndler und Erzeuger arbeiten hart daran, ihre Lieferketten nachhaltiger zu gestalten und ihren \u00f6kologischen Fussabdruck zu verringern. Als Anerkennung dieser umfangreichen Anstrengungen und um Kunden und Aktion\u00e4ren die durchgef\u00fchrten Massnahmen verl\u00e4sslich nachzuweisen, verleihen wir unser Nachhaltigkeitszertifikat an Einzelh\u00e4ndler und Erzeuger. Das Zertifikat bescheinigt den ausgezeichneten Unternehmen, dass sie mit eindeutigen Massnahmen ihre Lieferketten nachhaltiger gestalten und so die Umwelt sch\u00fctzen. F\u00fcr den Gesch\u00e4ftserfolg ist es entscheidend, dieses Engagement gegen\u00fcber Kunden und Gesch\u00e4ftspartnern belegen zu k\u00f6nnen\u00bb, erkl\u00e4rt Michael Pooley, CEO von IFCO Systems.<\/p>\n<p>Jeder Kunde, ob Einzelh\u00e4ndler oder Erzeuger, erhalte ein Zertifikat, das die Menge an Kohlendioxid, Wasser, Energie sowie Feststoff- und Lebensmittelabf\u00e4llen ausweist, die durch den Einsatz von RPCs in seiner Lieferkette vermieden wurde. Diese Einsparungen basierten auf der Sch\u00e4tzung der Energie- und Ressourcenreduktion des RPC-Anbieters.<\/p>\n<p><strong>Positive Umweltauswirkungen<\/strong><\/p>\n<p>Laut IFCO \u00fcberwacht das Unternehmen stetig den \u00f6kologischen Nutzen seines Logistikkonzepts \u00abSmartCycle\u00bb, das auf dem Prinzip \u00abTeilen und Wiederverwenden\u00bb basiert und so den \u00f6kologischen Fussabdruck von Unternehmenslieferketten reduziert. Die Kunden des Anbieters haben gem\u00e4ss Angaben im Jahr 2020 zwischen 17 und 20 Prozent mehr Wasser, Energie und CO2-Emmissionen sowie Feststoff- und Produktabf\u00e4lle eingespart als im Jahr 2017, als Einzelh\u00e4ndler erstmals ausgezeichnet wurden. Das sei m\u00f6glich, da alle die RPCs des Anbieters w\u00e4hrend der gesamten Lebensdauer 30 bis 120 Mal wiederverwendet werden. Nach jedem Zyklus w\u00fcrden die RPCs einem gr\u00fcndlichen Reinigungs- und Inspektionsprozess unterzogen, bevor man sie wieder ausliefere. Besch\u00e4digte Beh\u00e4lter, die nicht mehr verwendet werden k\u00f6nnten, w\u00fcrden zu 100 Prozent recycelt und f\u00fcr die Herstellung neuer RPCs genutzt.<\/p>\n<p>Mehrere Studien h\u00e4tten gezeigt, dass der Einsatz von RPCs im Vergleich zu Einwegverpackungen zu Einsparungen von CO2 (bis zu 60%), Energie (64%), Wasser (80%), Feststoffabf\u00e4llen (bis zu 86%) und Sch\u00e4den an Lebensmitteln (bis zu 96%) f\u00fchre, heisst es in der Medienmitteilung.<\/p>\n<p><img loading=\"lazy\" decoding=\"async\" class=\"alignnone size-medium wp-image-4724\" src=\"https:\/\/www.m-q.ch\/wp-content\/uploads\/2021\/01\/LCA_Counter_2020_DE-680x285.png\" alt=\"\" width=\"680\" height=\"285\" \/><\/p>\n<p><em>Quelle: <a href=\"https:\/\/www.ifco.com\/de\/\">IFCO<\/a><\/em><\/p>\n","protected":false},"excerpt":{"rendered":"<p>Die Verwendung von Mehrwegbeh\u00e4ltern (Reusable Plastic Containers, RPCs) habe im Jahr 2020 Einsparungen von mehr als 551\u2019000 Tonnen an CO2-Emissionen erm\u00f6glicht, schreibt IFCO. Damit sei man eines der nachhaltigsten Logistik- und Verpackungsunternehmen weltweit. Die Auszeichnung durch IFCO zeige daher das Engagement von Unternehmen f\u00fcr den Umweltschutz und die gemeinsame Gestaltung nachhaltigerer Lieferketten. Das Nachhaltigkeitszertifikat wurde [&hellip;]<\/p>\n","protected":false},"author":35,"featured_media":8231,"comment_status":"closed","ping_status":"closed","sticky":false,"template":"","format":"standard","meta":{"_acf_changed":false,"footnotes":""},"categories":[2,3303],"tags":[4667,4668,4669,4670,4671],"class_list":["post-8097","post","type-post","status-publish","format-standard","has-post-thumbnail","hentry","category-produktenews","category-qualitaetsmanagement","tag-ifco","tag-mehrwegbehaelter","tag-nachhaltigkeitszertifikat","tag-reusable-plastic-containers","tag-rpcs"],"acf":[],"yoast_head":"<!-- This site is optimized with the Yoast SEO plugin v26.2 - https:\/\/yoast.com\/wordpress\/plugins\/seo\/ -->\n<title>Nachhaltigkeitszertifikat an H\u00e4ndler und Erzeuger verliehen - MQ Management und Qualit\u00e4t<\/title>\n<meta name=\"description\" content=\"Die auf Mehrwegbeh\u00e4lter spezialisierte IFCO, verleiht zum vierten Mal in Folge sein j\u00e4hrliches Nachhaltigkeitszertifikat.\" \/>\n<meta name=\"robots\" content=\"index, follow, max-snippet:-1, max-image-preview:large, max-video-preview:-1\" \/>\n<link rel=\"canonical\" href=\"https:\/\/www.m-q.ch\/de\/nachhaltigkeitszertifikat-an-haendler-und-erzeuger-verliehen\/\" \/>\n<meta property=\"og:locale\" content=\"de_DE\" \/>\n<meta property=\"og:type\" content=\"article\" \/>\n<meta property=\"og:title\" content=\"Nachhaltigkeitszertifikat an H\u00e4ndler und Erzeuger verliehen - MQ Management und Qualit\u00e4t\" \/>\n<meta property=\"og:description\" content=\"Die auf Mehrwegbeh\u00e4lter spezialisierte IFCO, verleiht zum vierten Mal in Folge sein j\u00e4hrliches Nachhaltigkeitszertifikat.\" \/>\n<meta property=\"og:url\" content=\"https:\/\/www.m-q.ch\/de\/nachhaltigkeitszertifikat-an-haendler-und-erzeuger-verliehen\/\" \/>\n<meta property=\"og:site_name\" content=\"MQ Management und Qualit\u00e4t\" \/>\n<meta property=\"article:publisher\" content=\"https:\/\/www.facebook.com\/ManagementUndQualitaet\" \/>\n<meta property=\"article:published_time\" content=\"2021-01-29T12:29:49+00:00\" \/>\n<meta property=\"article:modified_time\" content=\"2021-02-02T13:15:03+00:00\" \/>\n<meta property=\"og:image\" content=\"https:\/\/www.m-q.ch\/wp-content\/uploads\/2021\/01\/grafik-1-1.jpg\" \/>\n\t<meta property=\"og:image:width\" content=\"550\" \/>\n\t<meta property=\"og:image:height\" content=\"379\" \/>\n\t<meta property=\"og:image:type\" content=\"image\/jpeg\" \/>\n<meta name=\"author\" content=\"Roger Str\u00e4ssle\" \/>\n<meta name=\"twitter:card\" content=\"summary_large_image\" \/>\n<meta name=\"twitter:label1\" content=\"Verfasst von\" \/>\n\t<meta name=\"twitter:data1\" content=\"Roger Str\u00e4ssle\" \/>\n\t<meta name=\"twitter:label2\" content=\"Gesch\u00e4tzte Lesezeit\" \/>\n\t<meta name=\"twitter:data2\" content=\"2\u00a0Minuten\" \/>\n<script type=\"application\/ld+json\" class=\"yoast-schema-graph\">{\"@context\":\"https:\/\/schema.org\",\"@graph\":[{\"@type\":\"Article\",\"@id\":\"https:\/\/www.m-q.ch\/nachhaltigkeitszertifikat-an-haendler-und-erzeuger-verliehen\/#article\",\"isPartOf\":{\"@id\":\"https:\/\/www.m-q.ch\/nachhaltigkeitszertifikat-an-haendler-und-erzeuger-verliehen\/\"},\"author\":{\"name\":\"Roger Str\u00e4ssle\",\"@id\":\"https:\/\/www.m-q.ch\/fr\/#\/schema\/person\/47d540e081acd98ccbeb69b55df653d7\"},\"headline\":\"Nachhaltigkeitszertifikat an H\u00e4ndler und Erzeuger verliehen\",\"datePublished\":\"2021-01-29T12:29:49+00:00\",\"dateModified\":\"2021-02-02T13:15:03+00:00\",\"mainEntityOfPage\":{\"@id\":\"https:\/\/www.m-q.ch\/nachhaltigkeitszertifikat-an-haendler-und-erzeuger-verliehen\/\"},\"wordCount\":487,\"publisher\":{\"@id\":\"https:\/\/www.m-q.ch\/fr\/#organization\"},\"image\":{\"@id\":\"https:\/\/www.m-q.ch\/nachhaltigkeitszertifikat-an-haendler-und-erzeuger-verliehen\/#primaryimage\"},\"thumbnailUrl\":\"https:\/\/www.m-q.ch\/wp-content\/uploads\/2021\/01\/grafik-1-1.jpg\",\"keywords\":[\"IFCO\",\"Mehrwegbeh\u00e4lter\",\"Nachhaltigkeitszertifikat\",\"Reusable Plastic Containers\",\"RPCs\"],\"articleSection\":[\"Produktenews\",\"Qualit\u00e4tsmanagement\"],\"inLanguage\":\"de\"},{\"@type\":\"WebPage\",\"@id\":\"https:\/\/www.m-q.ch\/nachhaltigkeitszertifikat-an-haendler-und-erzeuger-verliehen\/\",\"url\":\"https:\/\/www.m-q.ch\/nachhaltigkeitszertifikat-an-haendler-und-erzeuger-verliehen\/\",\"name\":\"Nachhaltigkeitszertifikat an H\u00e4ndler und Erzeuger verliehen - MQ Management und Qualit\u00e4t\",\"isPartOf\":{\"@id\":\"https:\/\/www.m-q.ch\/fr\/#website\"},\"primaryImageOfPage\":{\"@id\":\"https:\/\/www.m-q.ch\/nachhaltigkeitszertifikat-an-haendler-und-erzeuger-verliehen\/#primaryimage\"},\"image\":{\"@id\":\"https:\/\/www.m-q.ch\/nachhaltigkeitszertifikat-an-haendler-und-erzeuger-verliehen\/#primaryimage\"},\"thumbnailUrl\":\"https:\/\/www.m-q.ch\/wp-content\/uploads\/2021\/01\/grafik-1-1.jpg\",\"datePublished\":\"2021-01-29T12:29:49+00:00\",\"dateModified\":\"2021-02-02T13:15:03+00:00\",\"description\":\"Die auf Mehrwegbeh\u00e4lter spezialisierte IFCO, verleiht zum vierten Mal in Folge sein j\u00e4hrliches Nachhaltigkeitszertifikat.\",\"breadcrumb\":{\"@id\":\"https:\/\/www.m-q.ch\/nachhaltigkeitszertifikat-an-haendler-und-erzeuger-verliehen\/#breadcrumb\"},\"inLanguage\":\"de\",\"potentialAction\":[{\"@type\":\"ReadAction\",\"target\":[\"https:\/\/www.m-q.ch\/nachhaltigkeitszertifikat-an-haendler-und-erzeuger-verliehen\/\"]}]},{\"@type\":\"ImageObject\",\"inLanguage\":\"de\",\"@id\":\"https:\/\/www.m-q.ch\/nachhaltigkeitszertifikat-an-haendler-und-erzeuger-verliehen\/#primaryimage\",\"url\":\"https:\/\/www.m-q.ch\/wp-content\/uploads\/2021\/01\/grafik-1-1.jpg\",\"contentUrl\":\"https:\/\/www.m-q.ch\/wp-content\/uploads\/2021\/01\/grafik-1-1.jpg\",\"width\":550,\"height\":379,\"caption\":\"\u00a9 IFCO\"},{\"@type\":\"BreadcrumbList\",\"@id\":\"https:\/\/www.m-q.ch\/nachhaltigkeitszertifikat-an-haendler-und-erzeuger-verliehen\/#breadcrumb\",\"itemListElement\":[{\"@type\":\"ListItem\",\"position\":1,\"name\":\"Produktenews\",\"item\":\"https:\/\/www.m-q.ch\/kategorie\/produktenews\/\"},{\"@type\":\"ListItem\",\"position\":2,\"name\":\"Nachhaltigkeitszertifikat an H\u00e4ndler und Erzeuger verliehen\"}]},{\"@type\":\"WebSite\",\"@id\":\"https:\/\/www.m-q.ch\/fr\/#website\",\"url\":\"https:\/\/www.m-q.ch\/fr\/\",\"name\":\"MQ Management und Qualit\u00e4t\",\"description\":\"Plattform f\u00fcr integrierte Managementsysteme.\",\"publisher\":{\"@id\":\"https:\/\/www.m-q.ch\/fr\/#organization\"},\"potentialAction\":[{\"@type\":\"SearchAction\",\"target\":{\"@type\":\"EntryPoint\",\"urlTemplate\":\"https:\/\/www.m-q.ch\/fr\/?s={search_term_string}\"},\"query-input\":{\"@type\":\"PropertyValueSpecification\",\"valueRequired\":true,\"valueName\":\"search_term_string\"}}],\"inLanguage\":\"de\"},{\"@type\":\"Organization\",\"@id\":\"https:\/\/www.m-q.ch\/fr\/#organization\",\"name\":\"Galledia Fachmedien AG\",\"url\":\"https:\/\/www.m-q.ch\/fr\/\",\"logo\":{\"@type\":\"ImageObject\",\"inLanguage\":\"de\",\"@id\":\"https:\/\/www.m-q.ch\/fr\/#\/schema\/logo\/image\/\",\"url\":\"https:\/\/www.m-q.ch\/wp-content\/uploads\/2020\/12\/cropped-logo_small.png\",\"contentUrl\":\"https:\/\/www.m-q.ch\/wp-content\/uploads\/2020\/12\/cropped-logo_small.png\",\"width\":512,\"height\":512,\"caption\":\"Galledia Fachmedien AG\"},\"image\":{\"@id\":\"https:\/\/www.m-q.ch\/fr\/#\/schema\/logo\/image\/\"},\"sameAs\":[\"https:\/\/www.facebook.com\/ManagementUndQualitaet\",\"https:\/\/www.linkedin.com\/showcase\/17982321\/admin\/\"]},{\"@type\":\"Person\",\"@id\":\"https:\/\/www.m-q.ch\/fr\/#\/schema\/person\/47d540e081acd98ccbeb69b55df653d7\",\"name\":\"Roger Str\u00e4ssle\",\"image\":{\"@type\":\"ImageObject\",\"inLanguage\":\"de\",\"@id\":\"https:\/\/www.m-q.ch\/fr\/#\/schema\/person\/image\/\",\"url\":\"https:\/\/secure.gravatar.com\/avatar\/e4dde3046d8a184d2e2d27651a418883?s=96&d=mm&r=g\",\"contentUrl\":\"https:\/\/secure.gravatar.com\/avatar\/e4dde3046d8a184d2e2d27651a418883?s=96&d=mm&r=g\",\"caption\":\"Roger Str\u00e4ssle\"},\"url\":\"https:\/\/www.m-q.ch\/de\/author\/roger-straessle\/\"}]}<\/script>\n<!-- \/ Yoast SEO plugin. -->","yoast_head_json":{"title":"Nachhaltigkeitszertifikat an H\u00e4ndler und Erzeuger verliehen - MQ Management und Qualit\u00e4t","description":"Die auf Mehrwegbeh\u00e4lter spezialisierte IFCO, verleiht zum vierten Mal in Folge sein j\u00e4hrliches Nachhaltigkeitszertifikat.","robots":{"index":"index","follow":"follow","max-snippet":"max-snippet:-1","max-image-preview":"max-image-preview:large","max-video-preview":"max-video-preview:-1"},"canonical":"https:\/\/www.m-q.ch\/de\/nachhaltigkeitszertifikat-an-haendler-und-erzeuger-verliehen\/","og_locale":"de_DE","og_type":"article","og_title":"Nachhaltigkeitszertifikat an H\u00e4ndler und Erzeuger verliehen - MQ Management und Qualit\u00e4t","og_description":"Die auf Mehrwegbeh\u00e4lter spezialisierte IFCO, verleiht zum vierten Mal in Folge sein j\u00e4hrliches Nachhaltigkeitszertifikat.","og_url":"https:\/\/www.m-q.ch\/de\/nachhaltigkeitszertifikat-an-haendler-und-erzeuger-verliehen\/","og_site_name":"MQ Management und Qualit\u00e4t","article_publisher":"https:\/\/www.facebook.com\/ManagementUndQualitaet","article_published_time":"2021-01-29T12:29:49+00:00","article_modified_time":"2021-02-02T13:15:03+00:00","og_image":[{"width":550,"height":379,"url":"https:\/\/www.m-q.ch\/wp-content\/uploads\/2021\/01\/grafik-1-1.jpg","type":"image\/jpeg"}],"author":"Roger Str\u00e4ssle","twitter_card":"summary_large_image","twitter_misc":{"Verfasst von":"Roger Str\u00e4ssle","Gesch\u00e4tzte Lesezeit":"2\u00a0Minuten"},"schema":{"@context":"https:\/\/schema.org","@graph":[{"@type":"Article","@id":"https:\/\/www.m-q.ch\/nachhaltigkeitszertifikat-an-haendler-und-erzeuger-verliehen\/#article","isPartOf":{"@id":"https:\/\/www.m-q.ch\/nachhaltigkeitszertifikat-an-haendler-und-erzeuger-verliehen\/"},"author":{"name":"Roger Str\u00e4ssle","@id":"https:\/\/www.m-q.ch\/fr\/#\/schema\/person\/47d540e081acd98ccbeb69b55df653d7"},"headline":"Nachhaltigkeitszertifikat an H\u00e4ndler und Erzeuger verliehen","datePublished":"2021-01-29T12:29:49+00:00","dateModified":"2021-02-02T13:15:03+00:00","mainEntityOfPage":{"@id":"https:\/\/www.m-q.ch\/nachhaltigkeitszertifikat-an-haendler-und-erzeuger-verliehen\/"},"wordCount":487,"publisher":{"@id":"https:\/\/www.m-q.ch\/fr\/#organization"},"image":{"@id":"https:\/\/www.m-q.ch\/nachhaltigkeitszertifikat-an-haendler-und-erzeuger-verliehen\/#primaryimage"},"thumbnailUrl":"https:\/\/www.m-q.ch\/wp-content\/uploads\/2021\/01\/grafik-1-1.jpg","keywords":["IFCO","Mehrwegbeh\u00e4lter","Nachhaltigkeitszertifikat","Reusable Plastic Containers","RPCs"],"articleSection":["Produktenews","Qualit\u00e4tsmanagement"],"inLanguage":"de"},{"@type":"WebPage","@id":"https:\/\/www.m-q.ch\/nachhaltigkeitszertifikat-an-haendler-und-erzeuger-verliehen\/","url":"https:\/\/www.m-q.ch\/nachhaltigkeitszertifikat-an-haendler-und-erzeuger-verliehen\/","name":"Nachhaltigkeitszertifikat an H\u00e4ndler und Erzeuger verliehen - MQ Management und Qualit\u00e4t","isPartOf":{"@id":"https:\/\/www.m-q.ch\/fr\/#website"},"primaryImageOfPage":{"@id":"https:\/\/www.m-q.ch\/nachhaltigkeitszertifikat-an-haendler-und-erzeuger-verliehen\/#primaryimage"},"image":{"@id":"https:\/\/www.m-q.ch\/nachhaltigkeitszertifikat-an-haendler-und-erzeuger-verliehen\/#primaryimage"},"thumbnailUrl":"https:\/\/www.m-q.ch\/wp-content\/uploads\/2021\/01\/grafik-1-1.jpg","datePublished":"2021-01-29T12:29:49+00:00","dateModified":"2021-02-02T13:15:03+00:00","description":"Die auf Mehrwegbeh\u00e4lter spezialisierte IFCO, verleiht zum vierten Mal in Folge sein j\u00e4hrliches Nachhaltigkeitszertifikat.","breadcrumb":{"@id":"https:\/\/www.m-q.ch\/nachhaltigkeitszertifikat-an-haendler-und-erzeuger-verliehen\/#breadcrumb"},"inLanguage":"de","potentialAction":[{"@type":"ReadAction","target":["https:\/\/www.m-q.ch\/nachhaltigkeitszertifikat-an-haendler-und-erzeuger-verliehen\/"]}]},{"@type":"ImageObject","inLanguage":"de","@id":"https:\/\/www.m-q.ch\/nachhaltigkeitszertifikat-an-haendler-und-erzeuger-verliehen\/#primaryimage","url":"https:\/\/www.m-q.ch\/wp-content\/uploads\/2021\/01\/grafik-1-1.jpg","contentUrl":"https:\/\/www.m-q.ch\/wp-content\/uploads\/2021\/01\/grafik-1-1.jpg","width":550,"height":379,"caption":"\u00a9 IFCO"},{"@type":"BreadcrumbList","@id":"https:\/\/www.m-q.ch\/nachhaltigkeitszertifikat-an-haendler-und-erzeuger-verliehen\/#breadcrumb","itemListElement":[{"@type":"ListItem","position":1,"name":"Produktenews","item":"https:\/\/www.m-q.ch\/kategorie\/produktenews\/"},{"@type":"ListItem","position":2,"name":"Nachhaltigkeitszertifikat an H\u00e4ndler und Erzeuger verliehen"}]},{"@type":"WebSite","@id":"https:\/\/www.m-q.ch\/fr\/#website","url":"https:\/\/www.m-q.ch\/fr\/","name":"MQ Management und Qualit\u00e4t","description":"Plattform f\u00fcr integrierte Managementsysteme.","publisher":{"@id":"https:\/\/www.m-q.ch\/fr\/#organization"},"potentialAction":[{"@type":"SearchAction","target":{"@type":"EntryPoint","urlTemplate":"https:\/\/www.m-q.ch\/fr\/?s={search_term_string}"},"query-input":{"@type":"PropertyValueSpecification","valueRequired":true,"valueName":"search_term_string"}}],"inLanguage":"de"},{"@type":"Organization","@id":"https:\/\/www.m-q.ch\/fr\/#organization","name":"Galledia Fachmedien AG","url":"https:\/\/www.m-q.ch\/fr\/","logo":{"@type":"ImageObject","inLanguage":"de","@id":"https:\/\/www.m-q.ch\/fr\/#\/schema\/logo\/image\/","url":"https:\/\/www.m-q.ch\/wp-content\/uploads\/2020\/12\/cropped-logo_small.png","contentUrl":"https:\/\/www.m-q.ch\/wp-content\/uploads\/2020\/12\/cropped-logo_small.png","width":512,"height":512,"caption":"Galledia Fachmedien AG"},"image":{"@id":"https:\/\/www.m-q.ch\/fr\/#\/schema\/logo\/image\/"},"sameAs":["https:\/\/www.facebook.com\/ManagementUndQualitaet","https:\/\/www.linkedin.com\/showcase\/17982321\/admin\/"]},{"@type":"Person","@id":"https:\/\/www.m-q.ch\/fr\/#\/schema\/person\/47d540e081acd98ccbeb69b55df653d7","name":"Roger Str\u00e4ssle","image":{"@type":"ImageObject","inLanguage":"de","@id":"https:\/\/www.m-q.ch\/fr\/#\/schema\/person\/image\/","url":"https:\/\/secure.gravatar.com\/avatar\/e4dde3046d8a184d2e2d27651a418883?s=96&d=mm&r=g","contentUrl":"https:\/\/secure.gravatar.com\/avatar\/e4dde3046d8a184d2e2d27651a418883?s=96&d=mm&r=g","caption":"Roger Str\u00e4ssle"},"url":"https:\/\/www.m-q.ch\/de\/author\/roger-straessle\/"}]}},"_links":{"self":[{"href":"https:\/\/www.m-q.ch\/de\/wp-json\/wp\/v2\/posts\/8097","targetHints":{"allow":["GET"]}}],"collection":[{"href":"https:\/\/www.m-q.ch\/de\/wp-json\/wp\/v2\/posts"}],"about":[{"href":"https:\/\/www.m-q.ch\/de\/wp-json\/wp\/v2\/types\/post"}],"author":[{"embeddable":true,"href":"https:\/\/www.m-q.ch\/de\/wp-json\/wp\/v2\/users\/35"}],"replies":[{"embeddable":true,"href":"https:\/\/www.m-q.ch\/de\/wp-json\/wp\/v2\/comments?post=8097"}],"version-history":[{"count":3,"href":"https:\/\/www.m-q.ch\/de\/wp-json\/wp\/v2\/posts\/8097\/revisions"}],"predecessor-version":[{"id":8232,"href":"https:\/\/www.m-q.ch\/de\/wp-json\/wp\/v2\/posts\/8097\/revisions\/8232"}],"wp:featuredmedia":[{"embeddable":true,"href":"https:\/\/www.m-q.ch\/de\/wp-json\/wp\/v2\/media\/8231"}],"wp:attachment":[{"href":"https:\/\/www.m-q.ch\/de\/wp-json\/wp\/v2\/media?parent=8097"}],"wp:term":[{"taxonomy":"category","embeddable":true,"href":"https:\/\/www.m-q.ch\/de\/wp-json\/wp\/v2\/categories?post=8097"},{"taxonomy":"post_tag","embeddable":true,"href":"https:\/\/www.m-q.ch\/de\/wp-json\/wp\/v2\/tags?post=8097"}],"curies":[{"name":"wp","href":"https:\/\/api.w.org\/{rel}","templated":true}]}}