{"id":905,"date":"2017-02-16T12:47:24","date_gmt":"2017-02-16T11:47:24","guid":{"rendered":"https:\/\/www.m-q.ch\/?p=905"},"modified":"2017-02-16T13:21:47","modified_gmt":"2017-02-16T12:21:47","slug":"rueckschau-der-maintenance-schweiz-2017","status":"publish","type":"post","link":"https:\/\/www.m-q.ch\/de\/rueckschau-der-maintenance-schweiz-2017\/","title":{"rendered":"R\u00fcckschau zur maintenance Schweiz 2017"},"content":{"rendered":"<p>&nbsp;<\/p>\n<p>&nbsp;<\/p>\n<p><img loading=\"lazy\" decoding=\"async\" class=\"alignnone size-full wp-image-909\" src=\"https:\/\/www.m-q.ch\/wp-content\/uploads\/2017\/02\/maintenance-Schweiz-2017-mq_-management-u-qualit\u00e4t.jpg\" alt=\"\" width=\"593\" height=\"392\" srcset=\"https:\/\/www.m-q.ch\/wp-content\/uploads\/2017\/02\/maintenance-Schweiz-2017-mq_-management-u-qualit\u00e4t.jpg 593w, https:\/\/www.m-q.ch\/wp-content\/uploads\/2017\/02\/maintenance-Schweiz-2017-mq_-management-u-qualit\u00e4t-16x12.jpg 16w, https:\/\/www.m-q.ch\/wp-content\/uploads\/2017\/02\/maintenance-Schweiz-2017-mq_-management-u-qualit\u00e4t-265x175.jpg 265w, https:\/\/www.m-q.ch\/wp-content\/uploads\/2017\/02\/maintenance-Schweiz-2017-mq_-management-u-qualit\u00e4t-529x350.jpg 529w, https:\/\/www.m-q.ch\/wp-content\/uploads\/2017\/02\/maintenance-Schweiz-2017-mq_-management-u-qualit\u00e4t-300x198.jpg 300w\" sizes=\"auto, (max-width: 593px) 100vw, 593px\" \/><\/p>\n<p>Die maintenance Schweiz 2017 interessierte viele Sektorenverantwortliche, so zum Beispiel Sandro Maciocia, Leiter Service Verkauf und Account Management ABB Schweiz AG. (Bild: zVg).<\/p>\n<p>&nbsp;<\/p>\n<p>Mit 2\u2018512 Besuchern und 142 Ausstellern ist es Veranstalter Easyfairs gelungen, an zwei Messetagen (8.- 9. Februar) ein optimales Ergebnis zu erzielen. Im Mittelpunkt stand das zukunftsorientierte Thema &#8222;Digitalisierung&#8220; in Verbindung mit &#8222;Industrie 4.0.&#8220;.<\/p>\n<p>Smart unterwegs mit Tablet und Smartphone, virtuell vernetzt mit Kollegen und kollaborativ aktiv auf Social Networks: Die Welt der Instandhaltung hat sich eindeutig ver\u00e4ndert und ist \u2013 zum Beispiel nach Einsch\u00e4tzung von Stefan Frefel, Gesch\u00e4ftsf\u00fchrer der Bilfinger Industrial Services Schweiz AG \u2013 bereits &#8222;mitten in der industriellen Revolution 4.0&#8220; angekommen.<\/p>\n<p><strong>Neue Technologien <\/strong><\/p>\n<p>Wer vom 8. bis 9. Februar die maintenance Schweiz 2017 besuchte, stellte fest: Es geht neuerdings um predictive Analysen. So stellen die Bereiche &#8222;Condition Based Maintenance&#8220; und &#8222;Predictive Maintenance&#8220; aktuell die grossen Sujets, die Instandshalter diskutieren. Statt pr\u00e4ventive Wartung nach festgelegten Zeitintervallen durchzuf\u00fchren wird k\u00fcnftig softwarebasiert die Entwicklung eines technischen Systems kontinuierlich verfolgt \u2013 um daraus Prognosen f\u00fcr den weiteren Verlauf und effektive, kostenoptimierte Wartungspl\u00e4ne erstellen zu k\u00f6nnen.<\/p>\n<p><strong>Eine Messe f\u00fcr Experten <\/strong><\/p>\n<p>Instandhaltungsspezialisten konnten sich gezielt mit Fragen an die Fachleute der Aussteller wenden. Dabei erhielten sie l\u00f6sungsorientierte Input f\u00fcr ihre betriebliche Praxis. F\u00fcr etliche Schweizer Unternehmen hat die Digitalisierung gerade erst begonnen: &#8222;Viele herstellende Betriebe stehen noch am Anfang der Entwicklung&#8220;, ist die Erfahrung von Sandro Maciocia, Leiter Service Verkauf und Account Management ABB Schweiz AG.<\/p>\n<p>Eine Messeplattform wie die maintenance Schweiz sei genau der richtige Ort, um konkrete Schritte der Digitalisierung zu diskutieren und passende L\u00f6sungen auf Ebene Produkt, System oder Standort gemeinsam umzusetzen. Vorderhand gehe es darum, wie Daten sauber erfasst und analysiert werden k\u00f6nnten. Im n\u00e4chsten Schritt m\u00fcsse dann \u00fcberlegt werden, wie intelligente und sinnvolle Massnahmen darauf aufgesetzt werden k\u00f6nnten, meinten einige Experten. Die Digitalisierung sei auch eine Chance f\u00fcr KMU, die sich abteilungs- und branchen\u00fcbergreifender orientieren wollen.<\/p>\n<p><em>Die n\u00e4chste maintenance Schweiz findet von 7. bis 8. Februar 2018 in Z\u00fcrich parallel zur SOLIDS (Sch\u00fcttgut) statt.<\/em><\/p>\n<p><em><br \/>\n<\/em><\/p>\n","protected":false},"excerpt":{"rendered":"<p>&nbsp; &nbsp; Die maintenance Schweiz 2017 interessierte viele Sektorenverantwortliche, so zum Beispiel Sandro Maciocia, Leiter Service Verkauf und Account Management ABB Schweiz AG. (Bild: zVg). &nbsp; Mit 2\u2018512 Besuchern und 142 Ausstellern ist es Veranstalter Easyfairs gelungen, an zwei Messetagen (8.- 9. Februar) ein optimales Ergebnis zu erzielen. Im Mittelpunkt stand das zukunftsorientierte Thema &#8222;Digitalisierung&#8220; [&hellip;]<\/p>\n","protected":false},"author":35,"featured_media":909,"comment_status":"open","ping_status":"open","sticky":false,"template":"","format":"standard","meta":{"_acf_changed":false,"footnotes":""},"categories":[2,3303],"tags":[3450,3449],"class_list":["post-905","post","type-post","status-publish","format-standard","has-post-thumbnail","hentry","category-produktenews","category-qualitaetsmanagement","tag-industrie-4-0","tag-maintenance-2017"],"acf":[],"yoast_head":"<!-- This site is optimized with the Yoast SEO plugin v26.2 - https:\/\/yoast.com\/wordpress\/plugins\/seo\/ -->\n<title>R\u00fcckschau zur maintenance Schweiz 2017 - MQ Management und Qualit\u00e4t<\/title>\n<meta name=\"description\" content=\"Die maintenance Schweiz war zum 10. Jubil\u00e4um gefragter denn je. Im Fokus der Fachmesse standen Themen wie Digitalisierung und Industrie 4.0.\" \/>\n<meta name=\"robots\" content=\"index, follow, max-snippet:-1, max-image-preview:large, max-video-preview:-1\" \/>\n<link rel=\"canonical\" href=\"https:\/\/www.m-q.ch\/de\/rueckschau-der-maintenance-schweiz-2017\/\" \/>\n<meta property=\"og:locale\" content=\"de_DE\" \/>\n<meta property=\"og:type\" content=\"article\" \/>\n<meta property=\"og:title\" content=\"R\u00fcckschau zur maintenance Schweiz 2017 - MQ Management und Qualit\u00e4t\" \/>\n<meta property=\"og:description\" content=\"Die maintenance Schweiz war zum 10. Jubil\u00e4um gefragter denn je. Im Fokus der Fachmesse standen Themen wie Digitalisierung und Industrie 4.0.\" \/>\n<meta property=\"og:url\" content=\"https:\/\/www.m-q.ch\/de\/rueckschau-der-maintenance-schweiz-2017\/\" \/>\n<meta property=\"og:site_name\" content=\"MQ Management und Qualit\u00e4t\" \/>\n<meta property=\"article:publisher\" content=\"https:\/\/www.facebook.com\/ManagementUndQualitaet\" \/>\n<meta property=\"article:published_time\" content=\"2017-02-16T11:47:24+00:00\" \/>\n<meta property=\"article:modified_time\" content=\"2017-02-16T12:21:47+00:00\" \/>\n<meta property=\"og:image\" content=\"https:\/\/www.m-q.ch\/wp-content\/uploads\/2017\/02\/maintenance-Schweiz-2017-mq_-management-u-qualit\u00e4t.jpg\" \/>\n\t<meta property=\"og:image:width\" content=\"593\" \/>\n\t<meta property=\"og:image:height\" content=\"392\" \/>\n\t<meta property=\"og:image:type\" content=\"image\/jpeg\" \/>\n<meta name=\"author\" content=\"Roger Str\u00e4ssle\" \/>\n<meta name=\"twitter:card\" content=\"summary_large_image\" \/>\n<meta name=\"twitter:label1\" content=\"Verfasst von\" \/>\n\t<meta name=\"twitter:data1\" content=\"Roger Str\u00e4ssle\" \/>\n\t<meta name=\"twitter:label2\" content=\"Gesch\u00e4tzte Lesezeit\" \/>\n\t<meta name=\"twitter:data2\" content=\"2\u00a0Minuten\" \/>\n<script type=\"application\/ld+json\" class=\"yoast-schema-graph\">{\"@context\":\"https:\/\/schema.org\",\"@graph\":[{\"@type\":\"Article\",\"@id\":\"https:\/\/www.m-q.ch\/rueckschau-der-maintenance-schweiz-2017\/#article\",\"isPartOf\":{\"@id\":\"https:\/\/www.m-q.ch\/rueckschau-der-maintenance-schweiz-2017\/\"},\"author\":{\"name\":\"Roger Str\u00e4ssle\",\"@id\":\"https:\/\/www.m-q.ch\/fr\/#\/schema\/person\/47d540e081acd98ccbeb69b55df653d7\"},\"headline\":\"R\u00fcckschau zur maintenance Schweiz 2017\",\"datePublished\":\"2017-02-16T11:47:24+00:00\",\"dateModified\":\"2017-02-16T12:21:47+00:00\",\"mainEntityOfPage\":{\"@id\":\"https:\/\/www.m-q.ch\/rueckschau-der-maintenance-schweiz-2017\/\"},\"wordCount\":346,\"commentCount\":0,\"publisher\":{\"@id\":\"https:\/\/www.m-q.ch\/fr\/#organization\"},\"image\":{\"@id\":\"https:\/\/www.m-q.ch\/rueckschau-der-maintenance-schweiz-2017\/#primaryimage\"},\"thumbnailUrl\":\"https:\/\/www.m-q.ch\/wp-content\/uploads\/2017\/02\/maintenance-Schweiz-2017-mq_-management-u-qualit\u00e4t.jpg\",\"keywords\":[\"Industrie 4.0\",\"maintenance 2017\"],\"articleSection\":[\"Produktenews\",\"Qualit\u00e4tsmanagement\"],\"inLanguage\":\"de\"},{\"@type\":\"WebPage\",\"@id\":\"https:\/\/www.m-q.ch\/rueckschau-der-maintenance-schweiz-2017\/\",\"url\":\"https:\/\/www.m-q.ch\/rueckschau-der-maintenance-schweiz-2017\/\",\"name\":\"R\u00fcckschau zur maintenance Schweiz 2017 - MQ Management und Qualit\u00e4t\",\"isPartOf\":{\"@id\":\"https:\/\/www.m-q.ch\/fr\/#website\"},\"primaryImageOfPage\":{\"@id\":\"https:\/\/www.m-q.ch\/rueckschau-der-maintenance-schweiz-2017\/#primaryimage\"},\"image\":{\"@id\":\"https:\/\/www.m-q.ch\/rueckschau-der-maintenance-schweiz-2017\/#primaryimage\"},\"thumbnailUrl\":\"https:\/\/www.m-q.ch\/wp-content\/uploads\/2017\/02\/maintenance-Schweiz-2017-mq_-management-u-qualit\u00e4t.jpg\",\"datePublished\":\"2017-02-16T11:47:24+00:00\",\"dateModified\":\"2017-02-16T12:21:47+00:00\",\"description\":\"Die maintenance Schweiz war zum 10. Jubil\u00e4um gefragter denn je. Im Fokus der Fachmesse standen Themen wie Digitalisierung und Industrie 4.0.\",\"breadcrumb\":{\"@id\":\"https:\/\/www.m-q.ch\/rueckschau-der-maintenance-schweiz-2017\/#breadcrumb\"},\"inLanguage\":\"de\",\"potentialAction\":[{\"@type\":\"ReadAction\",\"target\":[\"https:\/\/www.m-q.ch\/rueckschau-der-maintenance-schweiz-2017\/\"]}]},{\"@type\":\"ImageObject\",\"inLanguage\":\"de\",\"@id\":\"https:\/\/www.m-q.ch\/rueckschau-der-maintenance-schweiz-2017\/#primaryimage\",\"url\":\"https:\/\/www.m-q.ch\/wp-content\/uploads\/2017\/02\/maintenance-Schweiz-2017-mq_-management-u-qualit\u00e4t.jpg\",\"contentUrl\":\"https:\/\/www.m-q.ch\/wp-content\/uploads\/2017\/02\/maintenance-Schweiz-2017-mq_-management-u-qualit\u00e4t.jpg\",\"width\":593,\"height\":392},{\"@type\":\"BreadcrumbList\",\"@id\":\"https:\/\/www.m-q.ch\/rueckschau-der-maintenance-schweiz-2017\/#breadcrumb\",\"itemListElement\":[{\"@type\":\"ListItem\",\"position\":1,\"name\":\"Qualit\u00e4tsmanagement\",\"item\":\"https:\/\/www.m-q.ch\/kategorie\/qualitaetsmanagement\/\"},{\"@type\":\"ListItem\",\"position\":2,\"name\":\"R\u00fcckschau zur maintenance Schweiz 2017\"}]},{\"@type\":\"WebSite\",\"@id\":\"https:\/\/www.m-q.ch\/fr\/#website\",\"url\":\"https:\/\/www.m-q.ch\/fr\/\",\"name\":\"MQ Management und Qualit\u00e4t\",\"description\":\"Plattform f\u00fcr integrierte Managementsysteme.\",\"publisher\":{\"@id\":\"https:\/\/www.m-q.ch\/fr\/#organization\"},\"potentialAction\":[{\"@type\":\"SearchAction\",\"target\":{\"@type\":\"EntryPoint\",\"urlTemplate\":\"https:\/\/www.m-q.ch\/fr\/?s={search_term_string}\"},\"query-input\":{\"@type\":\"PropertyValueSpecification\",\"valueRequired\":true,\"valueName\":\"search_term_string\"}}],\"inLanguage\":\"de\"},{\"@type\":\"Organization\",\"@id\":\"https:\/\/www.m-q.ch\/fr\/#organization\",\"name\":\"Galledia Fachmedien AG\",\"url\":\"https:\/\/www.m-q.ch\/fr\/\",\"logo\":{\"@type\":\"ImageObject\",\"inLanguage\":\"de\",\"@id\":\"https:\/\/www.m-q.ch\/fr\/#\/schema\/logo\/image\/\",\"url\":\"https:\/\/www.m-q.ch\/wp-content\/uploads\/2020\/12\/cropped-logo_small.png\",\"contentUrl\":\"https:\/\/www.m-q.ch\/wp-content\/uploads\/2020\/12\/cropped-logo_small.png\",\"width\":512,\"height\":512,\"caption\":\"Galledia Fachmedien AG\"},\"image\":{\"@id\":\"https:\/\/www.m-q.ch\/fr\/#\/schema\/logo\/image\/\"},\"sameAs\":[\"https:\/\/www.facebook.com\/ManagementUndQualitaet\",\"https:\/\/www.linkedin.com\/showcase\/17982321\/admin\/\"]},{\"@type\":\"Person\",\"@id\":\"https:\/\/www.m-q.ch\/fr\/#\/schema\/person\/47d540e081acd98ccbeb69b55df653d7\",\"name\":\"Roger Str\u00e4ssle\",\"image\":{\"@type\":\"ImageObject\",\"inLanguage\":\"de\",\"@id\":\"https:\/\/www.m-q.ch\/fr\/#\/schema\/person\/image\/\",\"url\":\"https:\/\/secure.gravatar.com\/avatar\/e4dde3046d8a184d2e2d27651a418883?s=96&d=mm&r=g\",\"contentUrl\":\"https:\/\/secure.gravatar.com\/avatar\/e4dde3046d8a184d2e2d27651a418883?s=96&d=mm&r=g\",\"caption\":\"Roger Str\u00e4ssle\"},\"url\":\"https:\/\/www.m-q.ch\/de\/author\/roger-straessle\/\"}]}<\/script>\n<!-- \/ Yoast SEO plugin. -->","yoast_head_json":{"title":"R\u00fcckschau zur maintenance Schweiz 2017 - MQ Management und Qualit\u00e4t","description":"Die maintenance Schweiz war zum 10. Jubil\u00e4um gefragter denn je. Im Fokus der Fachmesse standen Themen wie Digitalisierung und Industrie 4.0.","robots":{"index":"index","follow":"follow","max-snippet":"max-snippet:-1","max-image-preview":"max-image-preview:large","max-video-preview":"max-video-preview:-1"},"canonical":"https:\/\/www.m-q.ch\/de\/rueckschau-der-maintenance-schweiz-2017\/","og_locale":"de_DE","og_type":"article","og_title":"R\u00fcckschau zur maintenance Schweiz 2017 - MQ Management und Qualit\u00e4t","og_description":"Die maintenance Schweiz war zum 10. Jubil\u00e4um gefragter denn je. Im Fokus der Fachmesse standen Themen wie Digitalisierung und Industrie 4.0.","og_url":"https:\/\/www.m-q.ch\/de\/rueckschau-der-maintenance-schweiz-2017\/","og_site_name":"MQ Management und Qualit\u00e4t","article_publisher":"https:\/\/www.facebook.com\/ManagementUndQualitaet","article_published_time":"2017-02-16T11:47:24+00:00","article_modified_time":"2017-02-16T12:21:47+00:00","og_image":[{"width":593,"height":392,"url":"https:\/\/www.m-q.ch\/wp-content\/uploads\/2017\/02\/maintenance-Schweiz-2017-mq_-management-u-qualit\u00e4t.jpg","type":"image\/jpeg"}],"author":"Roger Str\u00e4ssle","twitter_card":"summary_large_image","twitter_misc":{"Verfasst von":"Roger Str\u00e4ssle","Gesch\u00e4tzte Lesezeit":"2\u00a0Minuten"},"schema":{"@context":"https:\/\/schema.org","@graph":[{"@type":"Article","@id":"https:\/\/www.m-q.ch\/rueckschau-der-maintenance-schweiz-2017\/#article","isPartOf":{"@id":"https:\/\/www.m-q.ch\/rueckschau-der-maintenance-schweiz-2017\/"},"author":{"name":"Roger Str\u00e4ssle","@id":"https:\/\/www.m-q.ch\/fr\/#\/schema\/person\/47d540e081acd98ccbeb69b55df653d7"},"headline":"R\u00fcckschau zur maintenance Schweiz 2017","datePublished":"2017-02-16T11:47:24+00:00","dateModified":"2017-02-16T12:21:47+00:00","mainEntityOfPage":{"@id":"https:\/\/www.m-q.ch\/rueckschau-der-maintenance-schweiz-2017\/"},"wordCount":346,"commentCount":0,"publisher":{"@id":"https:\/\/www.m-q.ch\/fr\/#organization"},"image":{"@id":"https:\/\/www.m-q.ch\/rueckschau-der-maintenance-schweiz-2017\/#primaryimage"},"thumbnailUrl":"https:\/\/www.m-q.ch\/wp-content\/uploads\/2017\/02\/maintenance-Schweiz-2017-mq_-management-u-qualit\u00e4t.jpg","keywords":["Industrie 4.0","maintenance 2017"],"articleSection":["Produktenews","Qualit\u00e4tsmanagement"],"inLanguage":"de"},{"@type":"WebPage","@id":"https:\/\/www.m-q.ch\/rueckschau-der-maintenance-schweiz-2017\/","url":"https:\/\/www.m-q.ch\/rueckschau-der-maintenance-schweiz-2017\/","name":"R\u00fcckschau zur maintenance Schweiz 2017 - MQ Management und Qualit\u00e4t","isPartOf":{"@id":"https:\/\/www.m-q.ch\/fr\/#website"},"primaryImageOfPage":{"@id":"https:\/\/www.m-q.ch\/rueckschau-der-maintenance-schweiz-2017\/#primaryimage"},"image":{"@id":"https:\/\/www.m-q.ch\/rueckschau-der-maintenance-schweiz-2017\/#primaryimage"},"thumbnailUrl":"https:\/\/www.m-q.ch\/wp-content\/uploads\/2017\/02\/maintenance-Schweiz-2017-mq_-management-u-qualit\u00e4t.jpg","datePublished":"2017-02-16T11:47:24+00:00","dateModified":"2017-02-16T12:21:47+00:00","description":"Die maintenance Schweiz war zum 10. Jubil\u00e4um gefragter denn je. Im Fokus der Fachmesse standen Themen wie Digitalisierung und Industrie 4.0.","breadcrumb":{"@id":"https:\/\/www.m-q.ch\/rueckschau-der-maintenance-schweiz-2017\/#breadcrumb"},"inLanguage":"de","potentialAction":[{"@type":"ReadAction","target":["https:\/\/www.m-q.ch\/rueckschau-der-maintenance-schweiz-2017\/"]}]},{"@type":"ImageObject","inLanguage":"de","@id":"https:\/\/www.m-q.ch\/rueckschau-der-maintenance-schweiz-2017\/#primaryimage","url":"https:\/\/www.m-q.ch\/wp-content\/uploads\/2017\/02\/maintenance-Schweiz-2017-mq_-management-u-qualit\u00e4t.jpg","contentUrl":"https:\/\/www.m-q.ch\/wp-content\/uploads\/2017\/02\/maintenance-Schweiz-2017-mq_-management-u-qualit\u00e4t.jpg","width":593,"height":392},{"@type":"BreadcrumbList","@id":"https:\/\/www.m-q.ch\/rueckschau-der-maintenance-schweiz-2017\/#breadcrumb","itemListElement":[{"@type":"ListItem","position":1,"name":"Qualit\u00e4tsmanagement","item":"https:\/\/www.m-q.ch\/kategorie\/qualitaetsmanagement\/"},{"@type":"ListItem","position":2,"name":"R\u00fcckschau zur maintenance Schweiz 2017"}]},{"@type":"WebSite","@id":"https:\/\/www.m-q.ch\/fr\/#website","url":"https:\/\/www.m-q.ch\/fr\/","name":"MQ Management und Qualit\u00e4t","description":"Plattform f\u00fcr integrierte Managementsysteme.","publisher":{"@id":"https:\/\/www.m-q.ch\/fr\/#organization"},"potentialAction":[{"@type":"SearchAction","target":{"@type":"EntryPoint","urlTemplate":"https:\/\/www.m-q.ch\/fr\/?s={search_term_string}"},"query-input":{"@type":"PropertyValueSpecification","valueRequired":true,"valueName":"search_term_string"}}],"inLanguage":"de"},{"@type":"Organization","@id":"https:\/\/www.m-q.ch\/fr\/#organization","name":"Galledia Fachmedien AG","url":"https:\/\/www.m-q.ch\/fr\/","logo":{"@type":"ImageObject","inLanguage":"de","@id":"https:\/\/www.m-q.ch\/fr\/#\/schema\/logo\/image\/","url":"https:\/\/www.m-q.ch\/wp-content\/uploads\/2020\/12\/cropped-logo_small.png","contentUrl":"https:\/\/www.m-q.ch\/wp-content\/uploads\/2020\/12\/cropped-logo_small.png","width":512,"height":512,"caption":"Galledia Fachmedien AG"},"image":{"@id":"https:\/\/www.m-q.ch\/fr\/#\/schema\/logo\/image\/"},"sameAs":["https:\/\/www.facebook.com\/ManagementUndQualitaet","https:\/\/www.linkedin.com\/showcase\/17982321\/admin\/"]},{"@type":"Person","@id":"https:\/\/www.m-q.ch\/fr\/#\/schema\/person\/47d540e081acd98ccbeb69b55df653d7","name":"Roger Str\u00e4ssle","image":{"@type":"ImageObject","inLanguage":"de","@id":"https:\/\/www.m-q.ch\/fr\/#\/schema\/person\/image\/","url":"https:\/\/secure.gravatar.com\/avatar\/e4dde3046d8a184d2e2d27651a418883?s=96&d=mm&r=g","contentUrl":"https:\/\/secure.gravatar.com\/avatar\/e4dde3046d8a184d2e2d27651a418883?s=96&d=mm&r=g","caption":"Roger Str\u00e4ssle"},"url":"https:\/\/www.m-q.ch\/de\/author\/roger-straessle\/"}]}},"_links":{"self":[{"href":"https:\/\/www.m-q.ch\/de\/wp-json\/wp\/v2\/posts\/905","targetHints":{"allow":["GET"]}}],"collection":[{"href":"https:\/\/www.m-q.ch\/de\/wp-json\/wp\/v2\/posts"}],"about":[{"href":"https:\/\/www.m-q.ch\/de\/wp-json\/wp\/v2\/types\/post"}],"author":[{"embeddable":true,"href":"https:\/\/www.m-q.ch\/de\/wp-json\/wp\/v2\/users\/35"}],"replies":[{"embeddable":true,"href":"https:\/\/www.m-q.ch\/de\/wp-json\/wp\/v2\/comments?post=905"}],"version-history":[{"count":5,"href":"https:\/\/www.m-q.ch\/de\/wp-json\/wp\/v2\/posts\/905\/revisions"}],"predecessor-version":[{"id":913,"href":"https:\/\/www.m-q.ch\/de\/wp-json\/wp\/v2\/posts\/905\/revisions\/913"}],"wp:featuredmedia":[{"embeddable":true,"href":"https:\/\/www.m-q.ch\/de\/wp-json\/wp\/v2\/media\/909"}],"wp:attachment":[{"href":"https:\/\/www.m-q.ch\/de\/wp-json\/wp\/v2\/media?parent=905"}],"wp:term":[{"taxonomy":"category","embeddable":true,"href":"https:\/\/www.m-q.ch\/de\/wp-json\/wp\/v2\/categories?post=905"},{"taxonomy":"post_tag","embeddable":true,"href":"https:\/\/www.m-q.ch\/de\/wp-json\/wp\/v2\/tags?post=905"}],"curies":[{"name":"wp","href":"https:\/\/api.w.org\/{rel}","templated":true}]}}