{"id":9807,"date":"2019-04-05T10:09:16","date_gmt":"2019-04-05T08:09:16","guid":{"rendered":"https:\/\/www.m-q.ch\/?p=9807"},"modified":"2021-02-08T16:39:08","modified_gmt":"2021-02-08T15:39:08","slug":"indicateurs-et-reporting-environnemental","status":"publish","type":"post","link":"https:\/\/www.m-q.ch\/de\/indicateurs-et-reporting-environnemental\/","title":{"rendered":"Indicateurs et reporting environnemental"},"content":{"rendered":"<p><img loading=\"lazy\" decoding=\"async\" class=\"alignnone size-full wp-image-9809\" src=\"https:\/\/www.m-q.ch\/wp-content\/uploads\/2021\/02\/Indicateurs-et-reporting-environnemental-1.jpg\" alt=\"Indicateurs et reporting environnemental\" width=\"885\" height=\"576\" srcset=\"https:\/\/www.m-q.ch\/wp-content\/uploads\/2021\/02\/Indicateurs-et-reporting-environnemental-1.jpg 885w, https:\/\/www.m-q.ch\/wp-content\/uploads\/2021\/02\/Indicateurs-et-reporting-environnemental-1-768x500.jpg 768w, https:\/\/www.m-q.ch\/wp-content\/uploads\/2021\/02\/Indicateurs-et-reporting-environnemental-1-16x10.jpg 16w, https:\/\/www.m-q.ch\/wp-content\/uploads\/2021\/02\/Indicateurs-et-reporting-environnemental-1-269x175.jpg 269w, https:\/\/www.m-q.ch\/wp-content\/uploads\/2021\/02\/Indicateurs-et-reporting-environnemental-1-538x350.jpg 538w, https:\/\/www.m-q.ch\/wp-content\/uploads\/2021\/02\/Indicateurs-et-reporting-environnemental-1-300x195.jpg 300w\" sizes=\"auto, (max-width: 885px) 100vw, 885px\" \/><\/p>\n<p>Avant de pouvoir s\u2019am\u00e9liorer ou m\u00eame de songer \u00e0 communiquer, une entreprise doit comprendre son propre syst\u00e8me, identifier ses impacts significatifs sur l\u2019environnement, et mesurer et documenter les \u00e9l\u00e9ments cl\u00e9s. Pour cela, elle a besoin d\u2019indicateurs qui lui permettent de quantifier ses impacts, d\u2019\u00e9valuer leur importance par rapport aux autres th\u00e9matiques environnementales, et de se comparer avec d\u2019autres organisations de sa branche ou hors de sa branche.<\/p>\n<p>&nbsp;<\/p>\n<p>La mise en place des bons indicateurs (litres d\u2019eau n\u00e9cessaires \u00e0 la production d\u2019un kilogramme de caf\u00e9, kilogrammes de CO2 produits pour livrer un client, pourcentage des fournisseurs de fruits qui travaillent en mode \u00ab biologique \u00bb certifi\u00e9, etc.) prend souvent du temps et n\u00e9cessite des ressources ; mais c\u2019est ce qui lui permettra de suivre l\u2019\u00e9volution de son impact environnemental dans le temps.<\/p>\n<p>&nbsp;<\/p>\n<p>Ce n\u2019est qu\u2019une fois qu\u2019elle aura compris en d\u00e9tail ses impacts environnementaux tout au long de sa cha\u00eene de production de valeur, qu\u2019elle sera \u00e0 m\u00eame de prendre les bonnes d\u00e9cisions et de donner des informations sur des sujets aussi complexes que le climat, la biodiversit\u00e9 ou les emballages plastiques.<\/p>\n<p><strong>Un outil pour le management <\/strong><br \/>\nAu niveau financier, plus personne ne g\u00e8re une entreprise sans avoir un budget et un suivi r\u00e9gulier, parfois extr\u00eamement d\u00e9taill\u00e9. C\u2019est m\u00eame exig\u00e9 par la loi, que l\u2019on soit une entreprise publique, priv\u00e9e ou m\u00eame une association. Sans ces informations de base, il serait impossible de diriger une entreprise et de prendre les bonnes d\u00e9cisions.<\/p>\n<p>&nbsp;<\/p>\n<p>Il en va de m\u00eame pour l\u2019environnement. Ce n\u2019est qu\u2019en ayant des informations chiffr\u00e9es et solides sur ses impacts environnementaux qu\u2019une entreprise pourra am\u00e9liorer son empreinte \u00e9cologique dans la dur\u00e9e. Elle pourra alors faire les bons choix en mati\u00e8re de processus et de technologie, investir au bon moment et au bon endroit, et s\u2019assurer que ses d\u00e9cisions apportent une v\u00e9ritable am\u00e9lioration.<\/p>\n<p>&nbsp;<\/p>\n<p>Elle combinera pour cela des indicateurs g\u00e9n\u00e9raux pour le suivi sur plusieurs ann\u00e9es de sa performance environnementale, et des indicateurs plus sp\u00e9cifiques en lien avec les projets mis en place. Elle veillera \u00e0 ce que les indicateurs g\u00e9n\u00e9raux soient affect\u00e9s \u00e0 ses impacts environnementaux les plus significatifs.<\/p>\n<p>&nbsp;<\/p>\n<p>Sans indicateurs adapt\u00e9s, les enjeux environnementaux ne peuvent \u00eatre int\u00e9gr\u00e9s dans le management, ou alors c\u2019est que l\u2019on se limite \u00e0 des mesures annexes ou cosm\u00e9tiques.<\/p>\n<p><strong>Une base pour la communication <\/strong><br \/>\nEn mati\u00e8re de communication externe autant qu\u2019interne, les indicateurs permettent de montrer quels sont les enjeux environnementaux de l\u2019entreprise, et dans quelle mesure elle y travaille. Les indicateurs pour la communication doivent \u00eatre bien choisis de mani\u00e8re \u00e0 \u00eatre compr\u00e9hensibles, cr\u00e9dibles et avoir un sens par rapport aux activit\u00e9s de l\u2019entreprise.<\/p>\n<p>&nbsp;<\/p>\n<p>On veillera \u00e9galement \u00e0 les mettre en lien avec le produit, de mani\u00e8re \u00e0 ce que le client puisse lui-m\u00eame faire le lien avec son propre impact, et comparer avec les autres alternatives qui lui sont offertes. Il peut \u00eatre int\u00e9ressant dans ce cadre de collaborer avec des organisations externes, seules \u00e0 m\u00eame d\u2019offrir une vue d\u2019ensemble et une comparaison entre concurrents. Il peut s\u2019agir d\u2019ONG ou d\u2019associations de branche.<\/p>\n<p><strong>Un outil transversal dans l\u2019entreprise <\/strong><br \/>\nOn le constate, les indicateurs et le reporting environnemental doivent \u00eatre mis en place et utilis\u00e9s de mani\u00e8re transversale dans l\u2019entreprise. Si leur mise en place et leur mesure est souvent l\u2019apanage de la responsable environnementale ou de professionnels sp\u00e9cialis\u00e9s, leur utilisation doit se faire par le management, et une collaboration forte doit se faire tant avec la production que la communication, de mani\u00e8re \u00e0 avoir une approche coh\u00e9rente et int\u00e9gr\u00e9e, et ne pas tomber dans le greenwashing.<\/p>\n<p>&nbsp;<\/p>\n<p>De mani\u00e8re pragmatique, on veillera \u00e9galement \u00e0 rester aussi simple que possible, trop d\u2019information tue l\u2019information, et dans le domaine, la simplicit\u00e9 est signe de ma\u00eetrise.<\/p>\n","protected":false},"excerpt":{"rendered":"<p>Avant de pouvoir s\u2019am\u00e9liorer ou m\u00eame de songer \u00e0 communiquer, une entreprise doit comprendre son propre syst\u00e8me, identifier ses impacts significatifs sur l\u2019environnement, et mesurer et documenter les \u00e9l\u00e9ments cl\u00e9s. Pour cela, elle a besoin d\u2019indicateurs qui lui permettent de quantifier ses impacts, d\u2019\u00e9valuer leur importance par rapport aux autres th\u00e9matiques environnementales, et de se [&hellip;]<\/p>\n","protected":false},"author":62,"featured_media":9809,"comment_status":"closed","ping_status":"closed","sticky":false,"template":"","format":"standard","meta":{"_acf_changed":false,"footnotes":""},"categories":[5],"tags":[4730],"class_list":["post-9807","post","type-post","status-publish","format-standard","has-post-thumbnail","hentry","category-business_excellence","tag-04-2019"],"acf":[],"yoast_head":"<!-- This site is optimized with the Yoast SEO plugin v26.2 - https:\/\/yoast.com\/wordpress\/plugins\/seo\/ -->\n<title>Indicateurs et reporting environnemental - MQ Management und Qualit\u00e4t<\/title>\n<meta name=\"description\" content=\"Les th\u00e8mes du climat, de la biodiversit\u00e9 et des emballages plastiques fontaujourd\u2019hui la une des journaux. Les consommateurs et les clients se questionnentde plus en plus, et attendent de leurs fournisseurs des r\u00e9ponses d\u2019une part enmati\u00e8re d\u2019information et de transparence, et d\u2019autre part en ce qui concernel\u2019am\u00e9lioration et les solutions. Face \u00e0 cela, les entreprises sont souvent dans unpremier temps d\u00e9munies, sans compter que l\u2019environnement ne se limite pas \u00e0ces trois th\u00e9matiques, mais concerne tout autant les th\u00e8mes de l\u2019eau, de l\u2019air,de l\u2019\u00e9nergie, ou encore de la consommation de ressources.\" \/>\n<meta name=\"robots\" content=\"index, follow, max-snippet:-1, max-image-preview:large, max-video-preview:-1\" \/>\n<link rel=\"canonical\" href=\"https:\/\/www.m-q.ch\/de\/indicateurs-et-reporting-environnemental\/\" \/>\n<meta property=\"og:locale\" content=\"de_DE\" \/>\n<meta property=\"og:type\" content=\"article\" \/>\n<meta property=\"og:title\" content=\"Indicateurs et reporting environnemental - MQ Management und Qualit\u00e4t\" \/>\n<meta property=\"og:description\" content=\"Les th\u00e8mes du climat, de la biodiversit\u00e9 et des emballages plastiques fontaujourd\u2019hui la une des journaux. Les consommateurs et les clients se questionnentde plus en plus, et attendent de leurs fournisseurs des r\u00e9ponses d\u2019une part enmati\u00e8re d\u2019information et de transparence, et d\u2019autre part en ce qui concernel\u2019am\u00e9lioration et les solutions. Face \u00e0 cela, les entreprises sont souvent dans unpremier temps d\u00e9munies, sans compter que l\u2019environnement ne se limite pas \u00e0ces trois th\u00e9matiques, mais concerne tout autant les th\u00e8mes de l\u2019eau, de l\u2019air,de l\u2019\u00e9nergie, ou encore de la consommation de ressources.\" \/>\n<meta property=\"og:url\" content=\"https:\/\/www.m-q.ch\/de\/indicateurs-et-reporting-environnemental\/\" \/>\n<meta property=\"og:site_name\" content=\"MQ Management und Qualit\u00e4t\" \/>\n<meta property=\"article:publisher\" content=\"https:\/\/www.facebook.com\/ManagementUndQualitaet\" \/>\n<meta property=\"article:published_time\" content=\"2019-04-05T08:09:16+00:00\" \/>\n<meta property=\"article:modified_time\" content=\"2021-02-08T15:39:08+00:00\" \/>\n<meta property=\"og:image\" content=\"https:\/\/www.m-q.ch\/wp-content\/uploads\/2021\/02\/Indicateurs-et-reporting-environnemental-1.jpg\" \/>\n\t<meta property=\"og:image:width\" content=\"885\" \/>\n\t<meta property=\"og:image:height\" content=\"576\" \/>\n\t<meta property=\"og:image:type\" content=\"image\/jpeg\" \/>\n<meta name=\"author\" content=\"upwork_2\" \/>\n<meta name=\"twitter:card\" content=\"summary_large_image\" \/>\n<meta name=\"twitter:label1\" content=\"Verfasst von\" \/>\n\t<meta name=\"twitter:data1\" content=\"upwork_2\" \/>\n\t<meta name=\"twitter:label2\" content=\"Gesch\u00e4tzte Lesezeit\" \/>\n\t<meta name=\"twitter:data2\" content=\"3\u00a0Minuten\" \/>\n<script type=\"application\/ld+json\" class=\"yoast-schema-graph\">{\"@context\":\"https:\/\/schema.org\",\"@graph\":[{\"@type\":\"Article\",\"@id\":\"https:\/\/www.m-q.ch\/indicateurs-et-reporting-environnemental\/#article\",\"isPartOf\":{\"@id\":\"https:\/\/www.m-q.ch\/indicateurs-et-reporting-environnemental\/\"},\"author\":{\"name\":\"upwork_2\",\"@id\":\"https:\/\/www.m-q.ch\/fr\/#\/schema\/person\/71f647a41e4a3e361e6230f5134f3ba9\"},\"headline\":\"Indicateurs et reporting environnemental\",\"datePublished\":\"2019-04-05T08:09:16+00:00\",\"dateModified\":\"2021-02-08T15:39:08+00:00\",\"mainEntityOfPage\":{\"@id\":\"https:\/\/www.m-q.ch\/indicateurs-et-reporting-environnemental\/\"},\"wordCount\":699,\"publisher\":{\"@id\":\"https:\/\/www.m-q.ch\/fr\/#organization\"},\"image\":{\"@id\":\"https:\/\/www.m-q.ch\/indicateurs-et-reporting-environnemental\/#primaryimage\"},\"thumbnailUrl\":\"https:\/\/www.m-q.ch\/wp-content\/uploads\/2021\/02\/Indicateurs-et-reporting-environnemental-1.jpg\",\"keywords\":[\"04\/2019\"],\"articleSection\":[\"Business Excellence\"],\"inLanguage\":\"de\"},{\"@type\":\"WebPage\",\"@id\":\"https:\/\/www.m-q.ch\/indicateurs-et-reporting-environnemental\/\",\"url\":\"https:\/\/www.m-q.ch\/indicateurs-et-reporting-environnemental\/\",\"name\":\"Indicateurs et reporting environnemental - MQ Management und Qualit\u00e4t\",\"isPartOf\":{\"@id\":\"https:\/\/www.m-q.ch\/fr\/#website\"},\"primaryImageOfPage\":{\"@id\":\"https:\/\/www.m-q.ch\/indicateurs-et-reporting-environnemental\/#primaryimage\"},\"image\":{\"@id\":\"https:\/\/www.m-q.ch\/indicateurs-et-reporting-environnemental\/#primaryimage\"},\"thumbnailUrl\":\"https:\/\/www.m-q.ch\/wp-content\/uploads\/2021\/02\/Indicateurs-et-reporting-environnemental-1.jpg\",\"datePublished\":\"2019-04-05T08:09:16+00:00\",\"dateModified\":\"2021-02-08T15:39:08+00:00\",\"description\":\"Les th\u00e8mes du climat, de la biodiversit\u00e9 et des emballages plastiques fontaujourd\u2019hui la une des journaux. Les consommateurs et les clients se questionnentde plus en plus, et attendent de leurs fournisseurs des r\u00e9ponses d\u2019une part enmati\u00e8re d\u2019information et de transparence, et d\u2019autre part en ce qui concernel\u2019am\u00e9lioration et les solutions. Face \u00e0 cela, les entreprises sont souvent dans unpremier temps d\u00e9munies, sans compter que l\u2019environnement ne se limite pas \u00e0ces trois th\u00e9matiques, mais concerne tout autant les th\u00e8mes de l\u2019eau, de l\u2019air,de l\u2019\u00e9nergie, ou encore de la consommation de ressources.\",\"breadcrumb\":{\"@id\":\"https:\/\/www.m-q.ch\/indicateurs-et-reporting-environnemental\/#breadcrumb\"},\"inLanguage\":\"de\",\"potentialAction\":[{\"@type\":\"ReadAction\",\"target\":[\"https:\/\/www.m-q.ch\/indicateurs-et-reporting-environnemental\/\"]}]},{\"@type\":\"ImageObject\",\"inLanguage\":\"de\",\"@id\":\"https:\/\/www.m-q.ch\/indicateurs-et-reporting-environnemental\/#primaryimage\",\"url\":\"https:\/\/www.m-q.ch\/wp-content\/uploads\/2021\/02\/Indicateurs-et-reporting-environnemental-1.jpg\",\"contentUrl\":\"https:\/\/www.m-q.ch\/wp-content\/uploads\/2021\/02\/Indicateurs-et-reporting-environnemental-1.jpg\",\"width\":885,\"height\":576},{\"@type\":\"BreadcrumbList\",\"@id\":\"https:\/\/www.m-q.ch\/indicateurs-et-reporting-environnemental\/#breadcrumb\",\"itemListElement\":[{\"@type\":\"ListItem\",\"position\":1,\"name\":\"Business Excellence\",\"item\":\"https:\/\/www.m-q.ch\/kategorie\/business_excellence\/\"},{\"@type\":\"ListItem\",\"position\":2,\"name\":\"Indicateurs et reporting environnemental\"}]},{\"@type\":\"WebSite\",\"@id\":\"https:\/\/www.m-q.ch\/fr\/#website\",\"url\":\"https:\/\/www.m-q.ch\/fr\/\",\"name\":\"MQ Management und Qualit\u00e4t\",\"description\":\"Plattform f\u00fcr integrierte Managementsysteme.\",\"publisher\":{\"@id\":\"https:\/\/www.m-q.ch\/fr\/#organization\"},\"potentialAction\":[{\"@type\":\"SearchAction\",\"target\":{\"@type\":\"EntryPoint\",\"urlTemplate\":\"https:\/\/www.m-q.ch\/fr\/?s={search_term_string}\"},\"query-input\":{\"@type\":\"PropertyValueSpecification\",\"valueRequired\":true,\"valueName\":\"search_term_string\"}}],\"inLanguage\":\"de\"},{\"@type\":\"Organization\",\"@id\":\"https:\/\/www.m-q.ch\/fr\/#organization\",\"name\":\"Galledia Fachmedien AG\",\"url\":\"https:\/\/www.m-q.ch\/fr\/\",\"logo\":{\"@type\":\"ImageObject\",\"inLanguage\":\"de\",\"@id\":\"https:\/\/www.m-q.ch\/fr\/#\/schema\/logo\/image\/\",\"url\":\"https:\/\/www.m-q.ch\/wp-content\/uploads\/2020\/12\/cropped-logo_small.png\",\"contentUrl\":\"https:\/\/www.m-q.ch\/wp-content\/uploads\/2020\/12\/cropped-logo_small.png\",\"width\":512,\"height\":512,\"caption\":\"Galledia Fachmedien AG\"},\"image\":{\"@id\":\"https:\/\/www.m-q.ch\/fr\/#\/schema\/logo\/image\/\"},\"sameAs\":[\"https:\/\/www.facebook.com\/ManagementUndQualitaet\",\"https:\/\/www.linkedin.com\/showcase\/17982321\/admin\/\"]},{\"@type\":\"Person\",\"@id\":\"https:\/\/www.m-q.ch\/fr\/#\/schema\/person\/71f647a41e4a3e361e6230f5134f3ba9\",\"name\":\"upwork_2\",\"image\":{\"@type\":\"ImageObject\",\"inLanguage\":\"de\",\"@id\":\"https:\/\/www.m-q.ch\/fr\/#\/schema\/person\/image\/\",\"url\":\"https:\/\/secure.gravatar.com\/avatar\/777b90ab56092bbf3c85feacda5c1bce?s=96&d=mm&r=g\",\"contentUrl\":\"https:\/\/secure.gravatar.com\/avatar\/777b90ab56092bbf3c85feacda5c1bce?s=96&d=mm&r=g\",\"caption\":\"upwork_2\"},\"url\":\"https:\/\/www.m-q.ch\/de\/author\/upwork_2\/\"}]}<\/script>\n<!-- \/ Yoast SEO plugin. -->","yoast_head_json":{"title":"Indicateurs et reporting environnemental - MQ Management und Qualit\u00e4t","description":"Les th\u00e8mes du climat, de la biodiversit\u00e9 et des emballages plastiques fontaujourd\u2019hui la une des journaux. Les consommateurs et les clients se questionnentde plus en plus, et attendent de leurs fournisseurs des r\u00e9ponses d\u2019une part enmati\u00e8re d\u2019information et de transparence, et d\u2019autre part en ce qui concernel\u2019am\u00e9lioration et les solutions. Face \u00e0 cela, les entreprises sont souvent dans unpremier temps d\u00e9munies, sans compter que l\u2019environnement ne se limite pas \u00e0ces trois th\u00e9matiques, mais concerne tout autant les th\u00e8mes de l\u2019eau, de l\u2019air,de l\u2019\u00e9nergie, ou encore de la consommation de ressources.","robots":{"index":"index","follow":"follow","max-snippet":"max-snippet:-1","max-image-preview":"max-image-preview:large","max-video-preview":"max-video-preview:-1"},"canonical":"https:\/\/www.m-q.ch\/de\/indicateurs-et-reporting-environnemental\/","og_locale":"de_DE","og_type":"article","og_title":"Indicateurs et reporting environnemental - MQ Management und Qualit\u00e4t","og_description":"Les th\u00e8mes du climat, de la biodiversit\u00e9 et des emballages plastiques fontaujourd\u2019hui la une des journaux. Les consommateurs et les clients se questionnentde plus en plus, et attendent de leurs fournisseurs des r\u00e9ponses d\u2019une part enmati\u00e8re d\u2019information et de transparence, et d\u2019autre part en ce qui concernel\u2019am\u00e9lioration et les solutions. Face \u00e0 cela, les entreprises sont souvent dans unpremier temps d\u00e9munies, sans compter que l\u2019environnement ne se limite pas \u00e0ces trois th\u00e9matiques, mais concerne tout autant les th\u00e8mes de l\u2019eau, de l\u2019air,de l\u2019\u00e9nergie, ou encore de la consommation de ressources.","og_url":"https:\/\/www.m-q.ch\/de\/indicateurs-et-reporting-environnemental\/","og_site_name":"MQ Management und Qualit\u00e4t","article_publisher":"https:\/\/www.facebook.com\/ManagementUndQualitaet","article_published_time":"2019-04-05T08:09:16+00:00","article_modified_time":"2021-02-08T15:39:08+00:00","og_image":[{"width":885,"height":576,"url":"https:\/\/www.m-q.ch\/wp-content\/uploads\/2021\/02\/Indicateurs-et-reporting-environnemental-1.jpg","type":"image\/jpeg"}],"author":"upwork_2","twitter_card":"summary_large_image","twitter_misc":{"Verfasst von":"upwork_2","Gesch\u00e4tzte Lesezeit":"3\u00a0Minuten"},"schema":{"@context":"https:\/\/schema.org","@graph":[{"@type":"Article","@id":"https:\/\/www.m-q.ch\/indicateurs-et-reporting-environnemental\/#article","isPartOf":{"@id":"https:\/\/www.m-q.ch\/indicateurs-et-reporting-environnemental\/"},"author":{"name":"upwork_2","@id":"https:\/\/www.m-q.ch\/fr\/#\/schema\/person\/71f647a41e4a3e361e6230f5134f3ba9"},"headline":"Indicateurs et reporting environnemental","datePublished":"2019-04-05T08:09:16+00:00","dateModified":"2021-02-08T15:39:08+00:00","mainEntityOfPage":{"@id":"https:\/\/www.m-q.ch\/indicateurs-et-reporting-environnemental\/"},"wordCount":699,"publisher":{"@id":"https:\/\/www.m-q.ch\/fr\/#organization"},"image":{"@id":"https:\/\/www.m-q.ch\/indicateurs-et-reporting-environnemental\/#primaryimage"},"thumbnailUrl":"https:\/\/www.m-q.ch\/wp-content\/uploads\/2021\/02\/Indicateurs-et-reporting-environnemental-1.jpg","keywords":["04\/2019"],"articleSection":["Business Excellence"],"inLanguage":"de"},{"@type":"WebPage","@id":"https:\/\/www.m-q.ch\/indicateurs-et-reporting-environnemental\/","url":"https:\/\/www.m-q.ch\/indicateurs-et-reporting-environnemental\/","name":"Indicateurs et reporting environnemental - MQ Management und Qualit\u00e4t","isPartOf":{"@id":"https:\/\/www.m-q.ch\/fr\/#website"},"primaryImageOfPage":{"@id":"https:\/\/www.m-q.ch\/indicateurs-et-reporting-environnemental\/#primaryimage"},"image":{"@id":"https:\/\/www.m-q.ch\/indicateurs-et-reporting-environnemental\/#primaryimage"},"thumbnailUrl":"https:\/\/www.m-q.ch\/wp-content\/uploads\/2021\/02\/Indicateurs-et-reporting-environnemental-1.jpg","datePublished":"2019-04-05T08:09:16+00:00","dateModified":"2021-02-08T15:39:08+00:00","description":"Les th\u00e8mes du climat, de la biodiversit\u00e9 et des emballages plastiques fontaujourd\u2019hui la une des journaux. Les consommateurs et les clients se questionnentde plus en plus, et attendent de leurs fournisseurs des r\u00e9ponses d\u2019une part enmati\u00e8re d\u2019information et de transparence, et d\u2019autre part en ce qui concernel\u2019am\u00e9lioration et les solutions. Face \u00e0 cela, les entreprises sont souvent dans unpremier temps d\u00e9munies, sans compter que l\u2019environnement ne se limite pas \u00e0ces trois th\u00e9matiques, mais concerne tout autant les th\u00e8mes de l\u2019eau, de l\u2019air,de l\u2019\u00e9nergie, ou encore de la consommation de ressources.","breadcrumb":{"@id":"https:\/\/www.m-q.ch\/indicateurs-et-reporting-environnemental\/#breadcrumb"},"inLanguage":"de","potentialAction":[{"@type":"ReadAction","target":["https:\/\/www.m-q.ch\/indicateurs-et-reporting-environnemental\/"]}]},{"@type":"ImageObject","inLanguage":"de","@id":"https:\/\/www.m-q.ch\/indicateurs-et-reporting-environnemental\/#primaryimage","url":"https:\/\/www.m-q.ch\/wp-content\/uploads\/2021\/02\/Indicateurs-et-reporting-environnemental-1.jpg","contentUrl":"https:\/\/www.m-q.ch\/wp-content\/uploads\/2021\/02\/Indicateurs-et-reporting-environnemental-1.jpg","width":885,"height":576},{"@type":"BreadcrumbList","@id":"https:\/\/www.m-q.ch\/indicateurs-et-reporting-environnemental\/#breadcrumb","itemListElement":[{"@type":"ListItem","position":1,"name":"Business Excellence","item":"https:\/\/www.m-q.ch\/kategorie\/business_excellence\/"},{"@type":"ListItem","position":2,"name":"Indicateurs et reporting environnemental"}]},{"@type":"WebSite","@id":"https:\/\/www.m-q.ch\/fr\/#website","url":"https:\/\/www.m-q.ch\/fr\/","name":"MQ Management und Qualit\u00e4t","description":"Plattform f\u00fcr integrierte Managementsysteme.","publisher":{"@id":"https:\/\/www.m-q.ch\/fr\/#organization"},"potentialAction":[{"@type":"SearchAction","target":{"@type":"EntryPoint","urlTemplate":"https:\/\/www.m-q.ch\/fr\/?s={search_term_string}"},"query-input":{"@type":"PropertyValueSpecification","valueRequired":true,"valueName":"search_term_string"}}],"inLanguage":"de"},{"@type":"Organization","@id":"https:\/\/www.m-q.ch\/fr\/#organization","name":"Galledia Fachmedien AG","url":"https:\/\/www.m-q.ch\/fr\/","logo":{"@type":"ImageObject","inLanguage":"de","@id":"https:\/\/www.m-q.ch\/fr\/#\/schema\/logo\/image\/","url":"https:\/\/www.m-q.ch\/wp-content\/uploads\/2020\/12\/cropped-logo_small.png","contentUrl":"https:\/\/www.m-q.ch\/wp-content\/uploads\/2020\/12\/cropped-logo_small.png","width":512,"height":512,"caption":"Galledia Fachmedien AG"},"image":{"@id":"https:\/\/www.m-q.ch\/fr\/#\/schema\/logo\/image\/"},"sameAs":["https:\/\/www.facebook.com\/ManagementUndQualitaet","https:\/\/www.linkedin.com\/showcase\/17982321\/admin\/"]},{"@type":"Person","@id":"https:\/\/www.m-q.ch\/fr\/#\/schema\/person\/71f647a41e4a3e361e6230f5134f3ba9","name":"upwork_2","image":{"@type":"ImageObject","inLanguage":"de","@id":"https:\/\/www.m-q.ch\/fr\/#\/schema\/person\/image\/","url":"https:\/\/secure.gravatar.com\/avatar\/777b90ab56092bbf3c85feacda5c1bce?s=96&d=mm&r=g","contentUrl":"https:\/\/secure.gravatar.com\/avatar\/777b90ab56092bbf3c85feacda5c1bce?s=96&d=mm&r=g","caption":"upwork_2"},"url":"https:\/\/www.m-q.ch\/de\/author\/upwork_2\/"}]}},"_links":{"self":[{"href":"https:\/\/www.m-q.ch\/de\/wp-json\/wp\/v2\/posts\/9807","targetHints":{"allow":["GET"]}}],"collection":[{"href":"https:\/\/www.m-q.ch\/de\/wp-json\/wp\/v2\/posts"}],"about":[{"href":"https:\/\/www.m-q.ch\/de\/wp-json\/wp\/v2\/types\/post"}],"author":[{"embeddable":true,"href":"https:\/\/www.m-q.ch\/de\/wp-json\/wp\/v2\/users\/62"}],"replies":[{"embeddable":true,"href":"https:\/\/www.m-q.ch\/de\/wp-json\/wp\/v2\/comments?post=9807"}],"version-history":[{"count":1,"href":"https:\/\/www.m-q.ch\/de\/wp-json\/wp\/v2\/posts\/9807\/revisions"}],"predecessor-version":[{"id":9810,"href":"https:\/\/www.m-q.ch\/de\/wp-json\/wp\/v2\/posts\/9807\/revisions\/9810"}],"wp:featuredmedia":[{"embeddable":true,"href":"https:\/\/www.m-q.ch\/de\/wp-json\/wp\/v2\/media\/9809"}],"wp:attachment":[{"href":"https:\/\/www.m-q.ch\/de\/wp-json\/wp\/v2\/media?parent=9807"}],"wp:term":[{"taxonomy":"category","embeddable":true,"href":"https:\/\/www.m-q.ch\/de\/wp-json\/wp\/v2\/categories?post=9807"},{"taxonomy":"post_tag","embeddable":true,"href":"https:\/\/www.m-q.ch\/de\/wp-json\/wp\/v2\/tags?post=9807"}],"curies":[{"name":"wp","href":"https:\/\/api.w.org\/{rel}","templated":true}]}}