{"id":9863,"date":"2019-07-30T12:16:42","date_gmt":"2019-07-30T10:16:42","guid":{"rendered":"https:\/\/www.m-q.ch\/?p=9863"},"modified":"2021-02-08T16:44:12","modified_gmt":"2021-02-08T15:44:12","slug":"normung-verbindet-die-welt","status":"publish","type":"post","link":"https:\/\/www.m-q.ch\/de\/normung-verbindet-die-welt\/","title":{"rendered":"\u00abNormung verbindet die Welt\u00bb"},"content":{"rendered":"<p><img loading=\"lazy\" decoding=\"async\" class=\"alignnone size-full wp-image-9864\" src=\"https:\/\/www.m-q.ch\/wp-content\/uploads\/2021\/02\/Normung-verbindet-die-Welt.jpg\" alt=\"\u00abNormung verbindet die Welt\u00bb\" width=\"800\" height=\"967\" srcset=\"https:\/\/www.m-q.ch\/wp-content\/uploads\/2021\/02\/Normung-verbindet-die-Welt.jpg 800w, https:\/\/www.m-q.ch\/wp-content\/uploads\/2021\/02\/Normung-verbindet-die-Welt-768x928.jpg 768w, https:\/\/www.m-q.ch\/wp-content\/uploads\/2021\/02\/Normung-verbindet-die-Welt-10x12.jpg 10w, https:\/\/www.m-q.ch\/wp-content\/uploads\/2021\/02\/Normung-verbindet-die-Welt-145x175.jpg 145w, https:\/\/www.m-q.ch\/wp-content\/uploads\/2021\/02\/Normung-verbindet-die-Welt-290x350.jpg 290w, https:\/\/www.m-q.ch\/wp-content\/uploads\/2021\/02\/Normung-verbindet-die-Welt-662x800.jpg 662w, https:\/\/www.m-q.ch\/wp-content\/uploads\/2021\/02\/Normung-verbindet-die-Welt-300x363.jpg 300w\" sizes=\"auto, (max-width: 800px) 100vw, 800px\" \/><\/p>\n<p>&nbsp;<\/p>\n<p>Der Veranstaltungsort in der Trafohalle in Ba\u00ad den war nicht zuf\u00e4llig gew\u00e4hlt. 1919 wurden dort von der damaligen BBC (heute ABB) Transformatoren hergestellt. Und die BBC war es auch, die am 2. Juli 1919 zusammen mit anderen altehrw\u00fcrdigen Schweizer Indus\u00ad trieunternehmen wie Sulzer oder Escher\u00ad Wyss die \u00abSchweizer Normalien\u00adKommis\u00ad sion\u00bb gr\u00fcndete. Der Zweck: Standards zu schaffen, die \u00fcberall in der Industrie G\u00fcltig\u00ad keit haben. Kaum vorstellbar, wenn heute je\u00ad der Schweizer Kanton eigene Normen, etwa f\u00fcr die Dimensionierung von Steckdosen, h\u00e4tte \u2026<\/p>\n<p>&nbsp;<\/p>\n<p>Normen m\u00f6gen f\u00fcr viele ein trockenes, b\u00fcrokratisches Thema sein. Doch: \u00abNormung verbindet die Welt\u00bb, sagte SNV\u00adPr\u00e4sident J\u00fcrg Werner in seiner Er\u00f6ffnungsansprache. Und Stefan Ramseier, Chef beim ABB\u00adForschungs\u00ad zentrum in Baden\u00adD\u00e4ttwil, unterstrich in sei\u00ad nem Grusswort die Notwendigkeit von Kom\u00ad munikation, wenn es um die Umsetzung von notwendigen Standards gehe, die letztlich al\u00ad le das Ziel haben, unser Leben zu erleichtern. Rund 26 000 Normen gelten heute, 1000 da\u00ad von sind reine Schweizer Normen.<\/p>\n<p><strong>5G-Standard f\u00fcr die weitere Vernetzung<\/strong><br \/>\nDass Normen keine starren Systeme sind, son\u00ad dern einem stetigen\u00a0 Wandel\u00a0 unterworfen sind, wurde am Jubil\u00e4umsanlass der SNV in vier \u00abInspiration Sessions\u00bb gezeigt \u2013 jede davon in einem anderen Raum. Das Publikum muss\u00ad te sich also bewegen \u2013 wie es auch die industri\u00ad elle Entwicklung tut. Ein Treiber der technolo\u00ad-gischen Entwicklung \u2013 und auch ein Resultat derselben \u2013 ist etwa der 5G\u00adMobilfunkstan\u00ad dard, den Matthias Jungen von der Swisscom erl\u00e4uterte. 5G bildet nicht nur die technologi\u00ad sche Voraussetzung f\u00fcr das Internet der Dinge, also etwa die Machine\u00adto\u00adMachine\u00adKommu\u00ad nikation, sondern er\u00f6ffnet auch sonst neue und flexiblere M\u00f6glichkeiten der Daten\u00fcber\u00ad tragung, etwa durch sogenanntes Network Slicing, womit bestimmte Netzwerkbereiche zweckgebunden reserviert werden k\u00f6nnen.<\/p>\n<p><strong>Kein \u00abInnovationstheater\u00bb, bitte \u2026<\/strong><br \/>\nViel wird auch \u00fcber Innovation gesprochen im Zusammenhang mit der Digitalisierung. Jean\u00adPhilippe Hagmann entlarvte dabei vie\u00ad les als reines, wenn auch h\u00e4ufig unbeabsich\u00ad tigtes, \u00abInnovationstheater\u00bb. Viele dieser \u00abIn\u00ad novation\u00a0 Labs\u00bb\u00a0 oder\u00a0 \u00abDigital\u00a0 Hubs\u00bb \u00a0seien \u00abbloss Kulisse\u00bb, so Hagmann, der dazu auch ein Buch geschrieben hat. Er ortet in vielen Unternehmen Nachholbedarf in Sachen \u00a0In\u00ad-novationsf\u00e4higkeit. Anstelle von \u00abIdeen\u00bb gehe es besser um \u00abEntdeckungen\u00bb. Es ben\u00f6tige ein besseres Verst\u00e4ndnis des Innovationsprozes\u00ad-ses: \u00abDas richtige \u2039es\u203a machen, bevor man \u2039es\u203a richtig macht\u00bb, so der Referent. Wichtig sei es auch zu kl\u00e4ren, wer welche Rolle in diesem \u00abInnovationstheater\u00bb spielen soll. Als ent\u00ad scheidend sieht Hagmann hier den \u00abBr\u00fccken\u00ad bauer\u00bb, also jene Rolle, die daf\u00fcr sorgt, dass sich Avantgardisten und Enabler in einer Or\u00ad ganisation auch richtig verstehen k\u00f6nnen.<\/p>\n<p><strong>Von Drohnen und Robotern<\/strong><br \/>\nIn der grossen Halle ging es dann um eine In\u00ad novation, die sich zum Teil l\u00e4ngst etabliert hat: um Drohnen. Diese werden heute bereits viel\u00ad f\u00e4ltig eingesetzt: Als Transportmittel, als Ins\u00ad trument f\u00fcr die \u00dcberwachung \u2013 \u00fcberall dort, wo mit geringem Aufwand Bed\u00fcrfnisse aus der Luft abgedeckt werden m\u00fcssen. Indes: Mit den Drohnen sind auch neue Risiken entstanden, wie Dominique C. Brack in seiner Pr\u00e4sentation eindr\u00fccklich darlegte. Spionage, ja das Lahm\u00ad legen ganzer Flugh\u00e4fen, wie unl\u00e4ngst bei Lon\u00ad don Gatwick geschehen, sind Szenarien un\u00ad erw\u00fcnschter Drohneneins\u00e4tze. Abwehrmass\u00ad nahmen daf\u00fcr sind noch wenig ausgereift, wie Dominique C. Brack anhand einer \u00abAbschuss\u00ad \u00fcbung\u00bb demonstrierte: Zwei Teilnehmenden gelang es nicht \u2013 trotz ansprechender Ziel\u00ad genauigkeit \u2013 eine Spielzeugdrohne mit Spiel\u00ad zeuggewehren abzuschiessen \u2026<\/p>\n<p>&nbsp;<\/p>\n<p>Robotik und Elektromobilit\u00e4t waren die Themen der letzten \u00abInspiration Session\u00bb. Andreas Hufschmid und Adrian Wachholz zeig\u00ad ten, wie etwa die ABB in beiden Gebieten bereits Technologien bereitstellt, welche in der Indust\u00ad rie und im Verkehrswesen Anwendung finden. Immer angeleitet vom Ziel: Ressourcen \u2013 seien menschliche oder nat\u00fcrliche \u2013 zu schonen. \u25a0<\/p>\n","protected":false},"excerpt":{"rendered":"<p>&nbsp; Der Veranstaltungsort in der Trafohalle in Ba\u00ad den war nicht zuf\u00e4llig gew\u00e4hlt. 1919 wurden dort von der damaligen BBC (heute ABB) Transformatoren hergestellt. Und die BBC war es auch, die am 2. Juli 1919 zusammen mit anderen altehrw\u00fcrdigen Schweizer Indus\u00ad trieunternehmen wie Sulzer oder Escher\u00ad Wyss die \u00abSchweizer Normalien\u00adKommis\u00ad sion\u00bb gr\u00fcndete. Der Zweck: Standards [&hellip;]<\/p>\n","protected":false},"author":62,"featured_media":9864,"comment_status":"closed","ping_status":"closed","sticky":false,"template":"","format":"standard","meta":{"_acf_changed":false,"footnotes":""},"categories":[4448],"tags":[4732],"class_list":["post-9863","post","type-post","status-publish","format-standard","has-post-thumbnail","hentry","category-allgemein","tag-06-2019"],"acf":[],"yoast_head":"<!-- This site is optimized with the Yoast SEO plugin v26.2 - https:\/\/yoast.com\/wordpress\/plugins\/seo\/ -->\n<title>\u00abNormung verbindet die Welt\u00bb - MQ Management und Qualit\u00e4t<\/title>\n<meta name=\"description\" content=\"Am 23. Mai 2019 beging die Schweizerische Normen-Vereinigung SNV in Baden ihren Jubil\u00e4umsanlass zum 100-j\u00e4hrigen Bestehen dieser Institution. Seit einem Jahrhundert ist die SNV die Schweizer Vertreterin der weltweiten und europ\u00e4ischen Normung und handelt zum Nutzen der Wirtschaft und Gesellschaft in unserem Land.\" \/>\n<meta name=\"robots\" content=\"index, follow, max-snippet:-1, max-image-preview:large, max-video-preview:-1\" \/>\n<link rel=\"canonical\" href=\"https:\/\/www.m-q.ch\/de\/normung-verbindet-die-welt\/\" \/>\n<meta property=\"og:locale\" content=\"de_DE\" \/>\n<meta property=\"og:type\" content=\"article\" \/>\n<meta property=\"og:title\" content=\"\u00abNormung verbindet die Welt\u00bb - MQ Management und Qualit\u00e4t\" \/>\n<meta property=\"og:description\" content=\"Am 23. Mai 2019 beging die Schweizerische Normen-Vereinigung SNV in Baden ihren Jubil\u00e4umsanlass zum 100-j\u00e4hrigen Bestehen dieser Institution. Seit einem Jahrhundert ist die SNV die Schweizer Vertreterin der weltweiten und europ\u00e4ischen Normung und handelt zum Nutzen der Wirtschaft und Gesellschaft in unserem Land.\" \/>\n<meta property=\"og:url\" content=\"https:\/\/www.m-q.ch\/de\/normung-verbindet-die-welt\/\" \/>\n<meta property=\"og:site_name\" content=\"MQ Management und Qualit\u00e4t\" \/>\n<meta property=\"article:publisher\" content=\"https:\/\/www.facebook.com\/ManagementUndQualitaet\" \/>\n<meta property=\"article:published_time\" content=\"2019-07-30T10:16:42+00:00\" \/>\n<meta property=\"article:modified_time\" content=\"2021-02-08T15:44:12+00:00\" \/>\n<meta property=\"og:image\" content=\"https:\/\/www.m-q.ch\/wp-content\/uploads\/2021\/02\/Normung-verbindet-die-Welt.jpg\" \/>\n\t<meta property=\"og:image:width\" content=\"800\" \/>\n\t<meta property=\"og:image:height\" content=\"967\" \/>\n\t<meta property=\"og:image:type\" content=\"image\/jpeg\" \/>\n<meta name=\"author\" content=\"upwork_2\" \/>\n<meta name=\"twitter:card\" content=\"summary_large_image\" \/>\n<meta name=\"twitter:label1\" content=\"Verfasst von\" \/>\n\t<meta name=\"twitter:data1\" content=\"upwork_2\" \/>\n\t<meta name=\"twitter:label2\" content=\"Gesch\u00e4tzte Lesezeit\" \/>\n\t<meta name=\"twitter:data2\" content=\"3\u00a0Minuten\" \/>\n<script type=\"application\/ld+json\" class=\"yoast-schema-graph\">{\"@context\":\"https:\/\/schema.org\",\"@graph\":[{\"@type\":\"Article\",\"@id\":\"https:\/\/www.m-q.ch\/normung-verbindet-die-welt\/#article\",\"isPartOf\":{\"@id\":\"https:\/\/www.m-q.ch\/normung-verbindet-die-welt\/\"},\"author\":{\"name\":\"upwork_2\",\"@id\":\"https:\/\/www.m-q.ch\/fr\/#\/schema\/person\/71f647a41e4a3e361e6230f5134f3ba9\"},\"headline\":\"\u00abNormung verbindet die Welt\u00bb\",\"datePublished\":\"2019-07-30T10:16:42+00:00\",\"dateModified\":\"2021-02-08T15:44:12+00:00\",\"mainEntityOfPage\":{\"@id\":\"https:\/\/www.m-q.ch\/normung-verbindet-die-welt\/\"},\"wordCount\":617,\"publisher\":{\"@id\":\"https:\/\/www.m-q.ch\/fr\/#organization\"},\"image\":{\"@id\":\"https:\/\/www.m-q.ch\/normung-verbindet-die-welt\/#primaryimage\"},\"thumbnailUrl\":\"https:\/\/www.m-q.ch\/wp-content\/uploads\/2021\/02\/Normung-verbindet-die-Welt.jpg\",\"keywords\":[\"06\/2019\"],\"inLanguage\":\"de\"},{\"@type\":\"WebPage\",\"@id\":\"https:\/\/www.m-q.ch\/normung-verbindet-die-welt\/\",\"url\":\"https:\/\/www.m-q.ch\/normung-verbindet-die-welt\/\",\"name\":\"\u00abNormung verbindet die Welt\u00bb - MQ Management und Qualit\u00e4t\",\"isPartOf\":{\"@id\":\"https:\/\/www.m-q.ch\/fr\/#website\"},\"primaryImageOfPage\":{\"@id\":\"https:\/\/www.m-q.ch\/normung-verbindet-die-welt\/#primaryimage\"},\"image\":{\"@id\":\"https:\/\/www.m-q.ch\/normung-verbindet-die-welt\/#primaryimage\"},\"thumbnailUrl\":\"https:\/\/www.m-q.ch\/wp-content\/uploads\/2021\/02\/Normung-verbindet-die-Welt.jpg\",\"datePublished\":\"2019-07-30T10:16:42+00:00\",\"dateModified\":\"2021-02-08T15:44:12+00:00\",\"description\":\"Am 23. Mai 2019 beging die Schweizerische Normen-Vereinigung SNV in Baden ihren Jubil\u00e4umsanlass zum 100-j\u00e4hrigen Bestehen dieser Institution. Seit einem Jahrhundert ist die SNV die Schweizer Vertreterin der weltweiten und europ\u00e4ischen Normung und handelt zum Nutzen der Wirtschaft und Gesellschaft in unserem Land.\",\"breadcrumb\":{\"@id\":\"https:\/\/www.m-q.ch\/normung-verbindet-die-welt\/#breadcrumb\"},\"inLanguage\":\"de\",\"potentialAction\":[{\"@type\":\"ReadAction\",\"target\":[\"https:\/\/www.m-q.ch\/normung-verbindet-die-welt\/\"]}]},{\"@type\":\"ImageObject\",\"inLanguage\":\"de\",\"@id\":\"https:\/\/www.m-q.ch\/normung-verbindet-die-welt\/#primaryimage\",\"url\":\"https:\/\/www.m-q.ch\/wp-content\/uploads\/2021\/02\/Normung-verbindet-die-Welt.jpg\",\"contentUrl\":\"https:\/\/www.m-q.ch\/wp-content\/uploads\/2021\/02\/Normung-verbindet-die-Welt.jpg\",\"width\":800,\"height\":967,\"caption\":\"\u00abNormung verbindet die Welt\u00bb\"},{\"@type\":\"BreadcrumbList\",\"@id\":\"https:\/\/www.m-q.ch\/normung-verbindet-die-welt\/#breadcrumb\",\"itemListElement\":[{\"@type\":\"ListItem\",\"position\":1,\"name\":\"Allgemein\",\"item\":\"https:\/\/www.m-q.ch\/kategorie\/allgemein\/\"},{\"@type\":\"ListItem\",\"position\":2,\"name\":\"\u00abNormung verbindet die Welt\u00bb\"}]},{\"@type\":\"WebSite\",\"@id\":\"https:\/\/www.m-q.ch\/fr\/#website\",\"url\":\"https:\/\/www.m-q.ch\/fr\/\",\"name\":\"MQ Management und Qualit\u00e4t\",\"description\":\"Plattform f\u00fcr integrierte Managementsysteme.\",\"publisher\":{\"@id\":\"https:\/\/www.m-q.ch\/fr\/#organization\"},\"potentialAction\":[{\"@type\":\"SearchAction\",\"target\":{\"@type\":\"EntryPoint\",\"urlTemplate\":\"https:\/\/www.m-q.ch\/fr\/?s={search_term_string}\"},\"query-input\":{\"@type\":\"PropertyValueSpecification\",\"valueRequired\":true,\"valueName\":\"search_term_string\"}}],\"inLanguage\":\"de\"},{\"@type\":\"Organization\",\"@id\":\"https:\/\/www.m-q.ch\/fr\/#organization\",\"name\":\"Galledia Fachmedien AG\",\"url\":\"https:\/\/www.m-q.ch\/fr\/\",\"logo\":{\"@type\":\"ImageObject\",\"inLanguage\":\"de\",\"@id\":\"https:\/\/www.m-q.ch\/fr\/#\/schema\/logo\/image\/\",\"url\":\"https:\/\/www.m-q.ch\/wp-content\/uploads\/2020\/12\/cropped-logo_small.png\",\"contentUrl\":\"https:\/\/www.m-q.ch\/wp-content\/uploads\/2020\/12\/cropped-logo_small.png\",\"width\":512,\"height\":512,\"caption\":\"Galledia Fachmedien AG\"},\"image\":{\"@id\":\"https:\/\/www.m-q.ch\/fr\/#\/schema\/logo\/image\/\"},\"sameAs\":[\"https:\/\/www.facebook.com\/ManagementUndQualitaet\",\"https:\/\/www.linkedin.com\/showcase\/17982321\/admin\/\"]},{\"@type\":\"Person\",\"@id\":\"https:\/\/www.m-q.ch\/fr\/#\/schema\/person\/71f647a41e4a3e361e6230f5134f3ba9\",\"name\":\"upwork_2\",\"image\":{\"@type\":\"ImageObject\",\"inLanguage\":\"de\",\"@id\":\"https:\/\/www.m-q.ch\/fr\/#\/schema\/person\/image\/\",\"url\":\"https:\/\/secure.gravatar.com\/avatar\/777b90ab56092bbf3c85feacda5c1bce?s=96&d=mm&r=g\",\"contentUrl\":\"https:\/\/secure.gravatar.com\/avatar\/777b90ab56092bbf3c85feacda5c1bce?s=96&d=mm&r=g\",\"caption\":\"upwork_2\"},\"url\":\"https:\/\/www.m-q.ch\/de\/author\/upwork_2\/\"}]}<\/script>\n<!-- \/ Yoast SEO plugin. -->","yoast_head_json":{"title":"\u00abNormung verbindet die Welt\u00bb - MQ Management und Qualit\u00e4t","description":"Am 23. Mai 2019 beging die Schweizerische Normen-Vereinigung SNV in Baden ihren Jubil\u00e4umsanlass zum 100-j\u00e4hrigen Bestehen dieser Institution. Seit einem Jahrhundert ist die SNV die Schweizer Vertreterin der weltweiten und europ\u00e4ischen Normung und handelt zum Nutzen der Wirtschaft und Gesellschaft in unserem Land.","robots":{"index":"index","follow":"follow","max-snippet":"max-snippet:-1","max-image-preview":"max-image-preview:large","max-video-preview":"max-video-preview:-1"},"canonical":"https:\/\/www.m-q.ch\/de\/normung-verbindet-die-welt\/","og_locale":"de_DE","og_type":"article","og_title":"\u00abNormung verbindet die Welt\u00bb - MQ Management und Qualit\u00e4t","og_description":"Am 23. Mai 2019 beging die Schweizerische Normen-Vereinigung SNV in Baden ihren Jubil\u00e4umsanlass zum 100-j\u00e4hrigen Bestehen dieser Institution. Seit einem Jahrhundert ist die SNV die Schweizer Vertreterin der weltweiten und europ\u00e4ischen Normung und handelt zum Nutzen der Wirtschaft und Gesellschaft in unserem Land.","og_url":"https:\/\/www.m-q.ch\/de\/normung-verbindet-die-welt\/","og_site_name":"MQ Management und Qualit\u00e4t","article_publisher":"https:\/\/www.facebook.com\/ManagementUndQualitaet","article_published_time":"2019-07-30T10:16:42+00:00","article_modified_time":"2021-02-08T15:44:12+00:00","og_image":[{"width":800,"height":967,"url":"https:\/\/www.m-q.ch\/wp-content\/uploads\/2021\/02\/Normung-verbindet-die-Welt.jpg","type":"image\/jpeg"}],"author":"upwork_2","twitter_card":"summary_large_image","twitter_misc":{"Verfasst von":"upwork_2","Gesch\u00e4tzte Lesezeit":"3\u00a0Minuten"},"schema":{"@context":"https:\/\/schema.org","@graph":[{"@type":"Article","@id":"https:\/\/www.m-q.ch\/normung-verbindet-die-welt\/#article","isPartOf":{"@id":"https:\/\/www.m-q.ch\/normung-verbindet-die-welt\/"},"author":{"name":"upwork_2","@id":"https:\/\/www.m-q.ch\/fr\/#\/schema\/person\/71f647a41e4a3e361e6230f5134f3ba9"},"headline":"\u00abNormung verbindet die Welt\u00bb","datePublished":"2019-07-30T10:16:42+00:00","dateModified":"2021-02-08T15:44:12+00:00","mainEntityOfPage":{"@id":"https:\/\/www.m-q.ch\/normung-verbindet-die-welt\/"},"wordCount":617,"publisher":{"@id":"https:\/\/www.m-q.ch\/fr\/#organization"},"image":{"@id":"https:\/\/www.m-q.ch\/normung-verbindet-die-welt\/#primaryimage"},"thumbnailUrl":"https:\/\/www.m-q.ch\/wp-content\/uploads\/2021\/02\/Normung-verbindet-die-Welt.jpg","keywords":["06\/2019"],"inLanguage":"de"},{"@type":"WebPage","@id":"https:\/\/www.m-q.ch\/normung-verbindet-die-welt\/","url":"https:\/\/www.m-q.ch\/normung-verbindet-die-welt\/","name":"\u00abNormung verbindet die Welt\u00bb - MQ Management und Qualit\u00e4t","isPartOf":{"@id":"https:\/\/www.m-q.ch\/fr\/#website"},"primaryImageOfPage":{"@id":"https:\/\/www.m-q.ch\/normung-verbindet-die-welt\/#primaryimage"},"image":{"@id":"https:\/\/www.m-q.ch\/normung-verbindet-die-welt\/#primaryimage"},"thumbnailUrl":"https:\/\/www.m-q.ch\/wp-content\/uploads\/2021\/02\/Normung-verbindet-die-Welt.jpg","datePublished":"2019-07-30T10:16:42+00:00","dateModified":"2021-02-08T15:44:12+00:00","description":"Am 23. Mai 2019 beging die Schweizerische Normen-Vereinigung SNV in Baden ihren Jubil\u00e4umsanlass zum 100-j\u00e4hrigen Bestehen dieser Institution. Seit einem Jahrhundert ist die SNV die Schweizer Vertreterin der weltweiten und europ\u00e4ischen Normung und handelt zum Nutzen der Wirtschaft und Gesellschaft in unserem Land.","breadcrumb":{"@id":"https:\/\/www.m-q.ch\/normung-verbindet-die-welt\/#breadcrumb"},"inLanguage":"de","potentialAction":[{"@type":"ReadAction","target":["https:\/\/www.m-q.ch\/normung-verbindet-die-welt\/"]}]},{"@type":"ImageObject","inLanguage":"de","@id":"https:\/\/www.m-q.ch\/normung-verbindet-die-welt\/#primaryimage","url":"https:\/\/www.m-q.ch\/wp-content\/uploads\/2021\/02\/Normung-verbindet-die-Welt.jpg","contentUrl":"https:\/\/www.m-q.ch\/wp-content\/uploads\/2021\/02\/Normung-verbindet-die-Welt.jpg","width":800,"height":967,"caption":"\u00abNormung verbindet die Welt\u00bb"},{"@type":"BreadcrumbList","@id":"https:\/\/www.m-q.ch\/normung-verbindet-die-welt\/#breadcrumb","itemListElement":[{"@type":"ListItem","position":1,"name":"Allgemein","item":"https:\/\/www.m-q.ch\/kategorie\/allgemein\/"},{"@type":"ListItem","position":2,"name":"\u00abNormung verbindet die Welt\u00bb"}]},{"@type":"WebSite","@id":"https:\/\/www.m-q.ch\/fr\/#website","url":"https:\/\/www.m-q.ch\/fr\/","name":"MQ Management und Qualit\u00e4t","description":"Plattform f\u00fcr integrierte Managementsysteme.","publisher":{"@id":"https:\/\/www.m-q.ch\/fr\/#organization"},"potentialAction":[{"@type":"SearchAction","target":{"@type":"EntryPoint","urlTemplate":"https:\/\/www.m-q.ch\/fr\/?s={search_term_string}"},"query-input":{"@type":"PropertyValueSpecification","valueRequired":true,"valueName":"search_term_string"}}],"inLanguage":"de"},{"@type":"Organization","@id":"https:\/\/www.m-q.ch\/fr\/#organization","name":"Galledia Fachmedien AG","url":"https:\/\/www.m-q.ch\/fr\/","logo":{"@type":"ImageObject","inLanguage":"de","@id":"https:\/\/www.m-q.ch\/fr\/#\/schema\/logo\/image\/","url":"https:\/\/www.m-q.ch\/wp-content\/uploads\/2020\/12\/cropped-logo_small.png","contentUrl":"https:\/\/www.m-q.ch\/wp-content\/uploads\/2020\/12\/cropped-logo_small.png","width":512,"height":512,"caption":"Galledia Fachmedien AG"},"image":{"@id":"https:\/\/www.m-q.ch\/fr\/#\/schema\/logo\/image\/"},"sameAs":["https:\/\/www.facebook.com\/ManagementUndQualitaet","https:\/\/www.linkedin.com\/showcase\/17982321\/admin\/"]},{"@type":"Person","@id":"https:\/\/www.m-q.ch\/fr\/#\/schema\/person\/71f647a41e4a3e361e6230f5134f3ba9","name":"upwork_2","image":{"@type":"ImageObject","inLanguage":"de","@id":"https:\/\/www.m-q.ch\/fr\/#\/schema\/person\/image\/","url":"https:\/\/secure.gravatar.com\/avatar\/777b90ab56092bbf3c85feacda5c1bce?s=96&d=mm&r=g","contentUrl":"https:\/\/secure.gravatar.com\/avatar\/777b90ab56092bbf3c85feacda5c1bce?s=96&d=mm&r=g","caption":"upwork_2"},"url":"https:\/\/www.m-q.ch\/de\/author\/upwork_2\/"}]}},"_links":{"self":[{"href":"https:\/\/www.m-q.ch\/de\/wp-json\/wp\/v2\/posts\/9863","targetHints":{"allow":["GET"]}}],"collection":[{"href":"https:\/\/www.m-q.ch\/de\/wp-json\/wp\/v2\/posts"}],"about":[{"href":"https:\/\/www.m-q.ch\/de\/wp-json\/wp\/v2\/types\/post"}],"author":[{"embeddable":true,"href":"https:\/\/www.m-q.ch\/de\/wp-json\/wp\/v2\/users\/62"}],"replies":[{"embeddable":true,"href":"https:\/\/www.m-q.ch\/de\/wp-json\/wp\/v2\/comments?post=9863"}],"version-history":[{"count":2,"href":"https:\/\/www.m-q.ch\/de\/wp-json\/wp\/v2\/posts\/9863\/revisions"}],"predecessor-version":[{"id":9924,"href":"https:\/\/www.m-q.ch\/de\/wp-json\/wp\/v2\/posts\/9863\/revisions\/9924"}],"wp:featuredmedia":[{"embeddable":true,"href":"https:\/\/www.m-q.ch\/de\/wp-json\/wp\/v2\/media\/9864"}],"wp:attachment":[{"href":"https:\/\/www.m-q.ch\/de\/wp-json\/wp\/v2\/media?parent=9863"}],"wp:term":[{"taxonomy":"category","embeddable":true,"href":"https:\/\/www.m-q.ch\/de\/wp-json\/wp\/v2\/categories?post=9863"},{"taxonomy":"post_tag","embeddable":true,"href":"https:\/\/www.m-q.ch\/de\/wp-json\/wp\/v2\/tags?post=9863"}],"curies":[{"name":"wp","href":"https:\/\/api.w.org\/{rel}","templated":true}]}}