{"id":9866,"date":"2019-06-03T12:21:11","date_gmt":"2019-06-03T10:21:11","guid":{"rendered":"https:\/\/www.m-q.ch\/?p=9866"},"modified":"2021-02-08T16:35:00","modified_gmt":"2021-02-08T15:35:00","slug":"kein-gewoehn-licher-award","status":"publish","type":"post","link":"https:\/\/www.m-q.ch\/de\/kein-gewoehn-licher-award\/","title":{"rendered":"Kein gew\u00f6hn\u00ad licher Award"},"content":{"rendered":"<p><img loading=\"lazy\" decoding=\"async\" class=\"alignnone size-full wp-image-9867\" src=\"https:\/\/www.m-q.ch\/wp-content\/uploads\/2021\/02\/Kein-gewoehn\u00ad-licher-Award.jpg\" alt=\"Kein gew\u00f6hn\u00ad licher Award\" width=\"800\" height=\"947\" srcset=\"https:\/\/www.m-q.ch\/wp-content\/uploads\/2021\/02\/Kein-gewoehn\u00ad-licher-Award.jpg 800w, https:\/\/www.m-q.ch\/wp-content\/uploads\/2021\/02\/Kein-gewoehn\u00ad-licher-Award-768x909.jpg 768w, https:\/\/www.m-q.ch\/wp-content\/uploads\/2021\/02\/Kein-gewoehn\u00ad-licher-Award-10x12.jpg 10w, https:\/\/www.m-q.ch\/wp-content\/uploads\/2021\/02\/Kein-gewoehn\u00ad-licher-Award-148x175.jpg 148w, https:\/\/www.m-q.ch\/wp-content\/uploads\/2021\/02\/Kein-gewoehn\u00ad-licher-Award-296x350.jpg 296w, https:\/\/www.m-q.ch\/wp-content\/uploads\/2021\/02\/Kein-gewoehn\u00ad-licher-Award-676x800.jpg 676w, https:\/\/www.m-q.ch\/wp-content\/uploads\/2021\/02\/Kein-gewoehn\u00ad-licher-Award-300x355.jpg 300w\" sizes=\"auto, (max-width: 800px) 100vw, 800px\" \/><\/p>\n<p>Die Jury hat getagt und unter den Nominatio- nen f\u00fcr den ESPRIX Swiss Award for Excel- lence die Gewinner auserkoren. Am 21. Juni 2019 findet im Rahmen der 20-Jahr-Jubil\u00e4- umsfeier der Stiftung ESPRIX Excellence Su- isse im B\u00fcrgenstock Resort hoch \u00fcber dem Vierwaldst\u00e4ttersee die Preisverleihung statt. Ein w\u00fcrdiger Rahmen also, haben doch die drei nominierten Organisationen wahrhaftig einen Gipfel erklommen, den es sich nicht ein- fach so toppen l\u00e4sst.<\/p>\n<p>&nbsp;<\/p>\n<p>Der schweizerische Unternehmenspreis ESPRIX wurde 1998 ins Leben gerufen. Ziel des Preises war und ist es, Spitzenqualit\u00e4t in allen unternehmerischen Bereichen zu f\u00f6rdern und die Schweizer und Liechtensteiner Wirtschaft \u00fcber einen Wettbewerb zu unternehmeri- schen H\u00f6chstleistungen zu motivieren.<\/p>\n<p><strong>Rahmenwerk f\u00fcr Qualit\u00e4tsmanagement<\/strong><br \/>\nDoch wie erreicht man solche \u00ab\u00fcberdurch- schnittlichen Ergebnisse\u00bb? Ein Instrument da- zu bildet der konsequente \u00abWeg der Excel- lence\u00bb nach dem EFQM-Modell. Jedes Jahr be- teiligen sich in der Schweiz und im F\u00fcrsten- tum Liechtenstein die verschiedensten Orga- nisationen am Anerkennungsprogramm der EFQM, der European Foundation for Quality Management. Diese Stiftung wurde 1988 \u2013 un-ter Unterst\u00fctzung der Euro- p\u00e4ischen Kommission \u2013 ins Leben gerufen, um ein euro- p\u00e4isches Rahmenwerk f\u00fcr das Qualit\u00e4tsmanagement zu ent- wickeln. In der\u00a0 Schweiz\u00a0 wird die EFQM durch die Stiftung ES- PRIX sowie die SAQ als fachliche Tr\u00e4ger vertreten. Das EFQM Ex- cellence-Modell dient Unterneh- men dazu, ihre Leistungsf\u00e4higkeit und Wettbewerbsst\u00e4rke aufzubau-en, zu erhalten und zu steigern.<\/p>\n<p><strong>Ergebnisse \u00fcberpr\u00fcfbar machen<\/strong><br \/>\nIm Prinzip kann jede wirtschaftlich t\u00e4tige Organisation das EFQM-Mo- dell anwenden. Hinter dem Modell steht der Business-Excellence-Ansatz im Sinne eines kontinuierlichen Ver- besserungsprozesses auf dem Weg zu nachhaltigem Unternehmenserfolg. Das Modell f\u00fchrt in definierten Schrit- ten und mit steigendem Anspruchsniveau zu hervorragenden Ergebnissen. Die Ergebnisse werden durch unabh\u00e4ngige EFQM-Assesso- ren \u00fcberpr\u00fcft und anhand verschiedener Kriterien vergleichbar gemacht. Somit k\u00f6n- nen Organisationen ein wirkungsvolles Benchmarking betreiben und erhalten kon- krete Hinweise f\u00fcr Verbesserungspotenzial.<\/p>\n<p><strong>Der Business Excellence verschrieben<\/strong><br \/>\nEs geht letztlich um die Frage, welche Fak- toren und Kriterien f\u00fcr den Erfolg exzellen- ter Organisationen entscheidend sind. Die- se Fragen haben sich auch die drei Unter- nehmen, die wir auf den folgenden Seiten vorstellen, wiederholt gestellt. Unter den kritischen Augen und Ohren von EFQM- Assessoren \u2013 die \u00fcbrigens zumeist ehren- amtlich arbeiten \u2013 haben sie in einem mehr- t\u00e4gigen Prozess gleichsam die Karten offen- gelegt und Einblick in die hintersten Win- kel ihrer Organisationen gew\u00e4hrt. Eine sol- che Sicht von aussen ist wohl das wertvolls- te Element des kontinuierlichen Wegs steti- ger Verbesserung. F\u00fcr alle drei bedeutet die Teilnahme am Wettbewerb einen weiteren Meilenstein auf dem Weg zu einer auf hohem Niveau reifen \u2013 eben exzellenten \u2013 Organisation. Wer immer auf ein Unterneh- men trifft, das sich mit dem EFQM-Logo schm\u00fcckt, darf aussergew\u00f6hnliche Qualit\u00e4t erwarten, die weiter geht als einschl\u00e4gig be- kannte Standards.<\/p>\n","protected":false},"excerpt":{"rendered":"<p>Die Jury hat getagt und unter den Nominatio- nen f\u00fcr den ESPRIX Swiss Award for Excel- lence die Gewinner auserkoren. Am 21. Juni 2019 findet im Rahmen der 20-Jahr-Jubil\u00e4- umsfeier der Stiftung ESPRIX Excellence Su- isse im B\u00fcrgenstock Resort hoch \u00fcber dem Vierwaldst\u00e4ttersee die Preisverleihung statt. Ein w\u00fcrdiger Rahmen also, haben doch die drei nominierten [&hellip;]<\/p>\n","protected":false},"author":62,"featured_media":9867,"comment_status":"closed","ping_status":"closed","sticky":false,"template":"","format":"standard","meta":{"_acf_changed":false,"footnotes":""},"categories":[4448],"tags":[4732],"class_list":["post-9866","post","type-post","status-publish","format-standard","has-post-thumbnail","hentry","category-allgemein","tag-06-2019"],"acf":[],"yoast_head":"<!-- This site is optimized with the Yoast SEO plugin v26.2 - https:\/\/yoast.com\/wordpress\/plugins\/seo\/ -->\n<title>Kein gew\u00f6hn\u00ad licher Award - MQ Management und Qualit\u00e4t<\/title>\n<meta name=\"description\" content=\"Der ESPRIX Swiss Award for Excellence ist eine Aus- zeichnung f\u00fcr \u00abdie Besten unter den Guten\u00bb. Seit 20 Jahren wird dieser Qualit\u00e4tspreis an Unterneh- men und Organisationen verliehen, die erfolgreich das EFQM Excellence-Modell anwenden.\" \/>\n<meta name=\"robots\" content=\"index, follow, max-snippet:-1, max-image-preview:large, max-video-preview:-1\" \/>\n<link rel=\"canonical\" href=\"https:\/\/www.m-q.ch\/de\/kein-gewoehn-licher-award\/\" \/>\n<meta property=\"og:locale\" content=\"de_DE\" \/>\n<meta property=\"og:type\" content=\"article\" \/>\n<meta property=\"og:title\" content=\"Kein gew\u00f6hn\u00ad licher Award - MQ Management und Qualit\u00e4t\" \/>\n<meta property=\"og:description\" content=\"Der ESPRIX Swiss Award for Excellence ist eine Aus- zeichnung f\u00fcr \u00abdie Besten unter den Guten\u00bb. Seit 20 Jahren wird dieser Qualit\u00e4tspreis an Unterneh- men und Organisationen verliehen, die erfolgreich das EFQM Excellence-Modell anwenden.\" \/>\n<meta property=\"og:url\" content=\"https:\/\/www.m-q.ch\/de\/kein-gewoehn-licher-award\/\" \/>\n<meta property=\"og:site_name\" content=\"MQ Management und Qualit\u00e4t\" \/>\n<meta property=\"article:publisher\" content=\"https:\/\/www.facebook.com\/ManagementUndQualitaet\" \/>\n<meta property=\"article:published_time\" content=\"2019-06-03T10:21:11+00:00\" \/>\n<meta property=\"article:modified_time\" content=\"2021-02-08T15:35:00+00:00\" \/>\n<meta property=\"og:image\" content=\"https:\/\/www.m-q.ch\/wp-content\/uploads\/2021\/02\/Kein-gewoehn\u00ad-licher-Award.jpg\" \/>\n\t<meta property=\"og:image:width\" content=\"800\" \/>\n\t<meta property=\"og:image:height\" content=\"947\" \/>\n\t<meta property=\"og:image:type\" content=\"image\/jpeg\" \/>\n<meta name=\"author\" content=\"upwork_2\" \/>\n<meta name=\"twitter:card\" content=\"summary_large_image\" \/>\n<meta name=\"twitter:label1\" content=\"Verfasst von\" \/>\n\t<meta name=\"twitter:data1\" content=\"upwork_2\" \/>\n\t<meta name=\"twitter:label2\" content=\"Gesch\u00e4tzte Lesezeit\" \/>\n\t<meta name=\"twitter:data2\" content=\"2\u00a0Minuten\" \/>\n<script type=\"application\/ld+json\" class=\"yoast-schema-graph\">{\"@context\":\"https:\/\/schema.org\",\"@graph\":[{\"@type\":\"Article\",\"@id\":\"https:\/\/www.m-q.ch\/kein-gewoehn-licher-award\/#article\",\"isPartOf\":{\"@id\":\"https:\/\/www.m-q.ch\/kein-gewoehn-licher-award\/\"},\"author\":{\"name\":\"upwork_2\",\"@id\":\"https:\/\/www.m-q.ch\/fr\/#\/schema\/person\/71f647a41e4a3e361e6230f5134f3ba9\"},\"headline\":\"Kein gew\u00f6hn\u00ad licher Award\",\"datePublished\":\"2019-06-03T10:21:11+00:00\",\"dateModified\":\"2021-02-08T15:35:00+00:00\",\"mainEntityOfPage\":{\"@id\":\"https:\/\/www.m-q.ch\/kein-gewoehn-licher-award\/\"},\"wordCount\":476,\"publisher\":{\"@id\":\"https:\/\/www.m-q.ch\/fr\/#organization\"},\"image\":{\"@id\":\"https:\/\/www.m-q.ch\/kein-gewoehn-licher-award\/#primaryimage\"},\"thumbnailUrl\":\"https:\/\/www.m-q.ch\/wp-content\/uploads\/2021\/02\/Kein-gewoehn\u00ad-licher-Award.jpg\",\"keywords\":[\"06\/2019\"],\"inLanguage\":\"de\"},{\"@type\":\"WebPage\",\"@id\":\"https:\/\/www.m-q.ch\/kein-gewoehn-licher-award\/\",\"url\":\"https:\/\/www.m-q.ch\/kein-gewoehn-licher-award\/\",\"name\":\"Kein gew\u00f6hn\u00ad licher Award - MQ Management und Qualit\u00e4t\",\"isPartOf\":{\"@id\":\"https:\/\/www.m-q.ch\/fr\/#website\"},\"primaryImageOfPage\":{\"@id\":\"https:\/\/www.m-q.ch\/kein-gewoehn-licher-award\/#primaryimage\"},\"image\":{\"@id\":\"https:\/\/www.m-q.ch\/kein-gewoehn-licher-award\/#primaryimage\"},\"thumbnailUrl\":\"https:\/\/www.m-q.ch\/wp-content\/uploads\/2021\/02\/Kein-gewoehn\u00ad-licher-Award.jpg\",\"datePublished\":\"2019-06-03T10:21:11+00:00\",\"dateModified\":\"2021-02-08T15:35:00+00:00\",\"description\":\"Der ESPRIX Swiss Award for Excellence ist eine Aus- zeichnung f\u00fcr \u00abdie Besten unter den Guten\u00bb. Seit 20 Jahren wird dieser Qualit\u00e4tspreis an Unterneh- men und Organisationen verliehen, die erfolgreich das EFQM Excellence-Modell anwenden.\",\"breadcrumb\":{\"@id\":\"https:\/\/www.m-q.ch\/kein-gewoehn-licher-award\/#breadcrumb\"},\"inLanguage\":\"de\",\"potentialAction\":[{\"@type\":\"ReadAction\",\"target\":[\"https:\/\/www.m-q.ch\/kein-gewoehn-licher-award\/\"]}]},{\"@type\":\"ImageObject\",\"inLanguage\":\"de\",\"@id\":\"https:\/\/www.m-q.ch\/kein-gewoehn-licher-award\/#primaryimage\",\"url\":\"https:\/\/www.m-q.ch\/wp-content\/uploads\/2021\/02\/Kein-gewoehn\u00ad-licher-Award.jpg\",\"contentUrl\":\"https:\/\/www.m-q.ch\/wp-content\/uploads\/2021\/02\/Kein-gewoehn\u00ad-licher-Award.jpg\",\"width\":800,\"height\":947,\"caption\":\"Kein gew\u00f6hn\u00ad licher Award\"},{\"@type\":\"BreadcrumbList\",\"@id\":\"https:\/\/www.m-q.ch\/kein-gewoehn-licher-award\/#breadcrumb\",\"itemListElement\":[{\"@type\":\"ListItem\",\"position\":1,\"name\":\"Allgemein\",\"item\":\"https:\/\/www.m-q.ch\/kategorie\/allgemein\/\"},{\"@type\":\"ListItem\",\"position\":2,\"name\":\"Kein gew\u00f6hn\u00ad licher Award\"}]},{\"@type\":\"WebSite\",\"@id\":\"https:\/\/www.m-q.ch\/fr\/#website\",\"url\":\"https:\/\/www.m-q.ch\/fr\/\",\"name\":\"MQ Management und Qualit\u00e4t\",\"description\":\"Plattform f\u00fcr integrierte Managementsysteme.\",\"publisher\":{\"@id\":\"https:\/\/www.m-q.ch\/fr\/#organization\"},\"potentialAction\":[{\"@type\":\"SearchAction\",\"target\":{\"@type\":\"EntryPoint\",\"urlTemplate\":\"https:\/\/www.m-q.ch\/fr\/?s={search_term_string}\"},\"query-input\":{\"@type\":\"PropertyValueSpecification\",\"valueRequired\":true,\"valueName\":\"search_term_string\"}}],\"inLanguage\":\"de\"},{\"@type\":\"Organization\",\"@id\":\"https:\/\/www.m-q.ch\/fr\/#organization\",\"name\":\"Galledia Fachmedien AG\",\"url\":\"https:\/\/www.m-q.ch\/fr\/\",\"logo\":{\"@type\":\"ImageObject\",\"inLanguage\":\"de\",\"@id\":\"https:\/\/www.m-q.ch\/fr\/#\/schema\/logo\/image\/\",\"url\":\"https:\/\/www.m-q.ch\/wp-content\/uploads\/2020\/12\/cropped-logo_small.png\",\"contentUrl\":\"https:\/\/www.m-q.ch\/wp-content\/uploads\/2020\/12\/cropped-logo_small.png\",\"width\":512,\"height\":512,\"caption\":\"Galledia Fachmedien AG\"},\"image\":{\"@id\":\"https:\/\/www.m-q.ch\/fr\/#\/schema\/logo\/image\/\"},\"sameAs\":[\"https:\/\/www.facebook.com\/ManagementUndQualitaet\",\"https:\/\/www.linkedin.com\/showcase\/17982321\/admin\/\"]},{\"@type\":\"Person\",\"@id\":\"https:\/\/www.m-q.ch\/fr\/#\/schema\/person\/71f647a41e4a3e361e6230f5134f3ba9\",\"name\":\"upwork_2\",\"image\":{\"@type\":\"ImageObject\",\"inLanguage\":\"de\",\"@id\":\"https:\/\/www.m-q.ch\/fr\/#\/schema\/person\/image\/\",\"url\":\"https:\/\/secure.gravatar.com\/avatar\/777b90ab56092bbf3c85feacda5c1bce?s=96&d=mm&r=g\",\"contentUrl\":\"https:\/\/secure.gravatar.com\/avatar\/777b90ab56092bbf3c85feacda5c1bce?s=96&d=mm&r=g\",\"caption\":\"upwork_2\"},\"url\":\"https:\/\/www.m-q.ch\/de\/author\/upwork_2\/\"}]}<\/script>\n<!-- \/ Yoast SEO plugin. -->","yoast_head_json":{"title":"Kein gew\u00f6hn\u00ad licher Award - MQ Management und Qualit\u00e4t","description":"Der ESPRIX Swiss Award for Excellence ist eine Aus- zeichnung f\u00fcr \u00abdie Besten unter den Guten\u00bb. Seit 20 Jahren wird dieser Qualit\u00e4tspreis an Unterneh- men und Organisationen verliehen, die erfolgreich das EFQM Excellence-Modell anwenden.","robots":{"index":"index","follow":"follow","max-snippet":"max-snippet:-1","max-image-preview":"max-image-preview:large","max-video-preview":"max-video-preview:-1"},"canonical":"https:\/\/www.m-q.ch\/de\/kein-gewoehn-licher-award\/","og_locale":"de_DE","og_type":"article","og_title":"Kein gew\u00f6hn\u00ad licher Award - MQ Management und Qualit\u00e4t","og_description":"Der ESPRIX Swiss Award for Excellence ist eine Aus- zeichnung f\u00fcr \u00abdie Besten unter den Guten\u00bb. Seit 20 Jahren wird dieser Qualit\u00e4tspreis an Unterneh- men und Organisationen verliehen, die erfolgreich das EFQM Excellence-Modell anwenden.","og_url":"https:\/\/www.m-q.ch\/de\/kein-gewoehn-licher-award\/","og_site_name":"MQ Management und Qualit\u00e4t","article_publisher":"https:\/\/www.facebook.com\/ManagementUndQualitaet","article_published_time":"2019-06-03T10:21:11+00:00","article_modified_time":"2021-02-08T15:35:00+00:00","og_image":[{"width":800,"height":947,"url":"https:\/\/www.m-q.ch\/wp-content\/uploads\/2021\/02\/Kein-gewoehn\u00ad-licher-Award.jpg","type":"image\/jpeg"}],"author":"upwork_2","twitter_card":"summary_large_image","twitter_misc":{"Verfasst von":"upwork_2","Gesch\u00e4tzte Lesezeit":"2\u00a0Minuten"},"schema":{"@context":"https:\/\/schema.org","@graph":[{"@type":"Article","@id":"https:\/\/www.m-q.ch\/kein-gewoehn-licher-award\/#article","isPartOf":{"@id":"https:\/\/www.m-q.ch\/kein-gewoehn-licher-award\/"},"author":{"name":"upwork_2","@id":"https:\/\/www.m-q.ch\/fr\/#\/schema\/person\/71f647a41e4a3e361e6230f5134f3ba9"},"headline":"Kein gew\u00f6hn\u00ad licher Award","datePublished":"2019-06-03T10:21:11+00:00","dateModified":"2021-02-08T15:35:00+00:00","mainEntityOfPage":{"@id":"https:\/\/www.m-q.ch\/kein-gewoehn-licher-award\/"},"wordCount":476,"publisher":{"@id":"https:\/\/www.m-q.ch\/fr\/#organization"},"image":{"@id":"https:\/\/www.m-q.ch\/kein-gewoehn-licher-award\/#primaryimage"},"thumbnailUrl":"https:\/\/www.m-q.ch\/wp-content\/uploads\/2021\/02\/Kein-gewoehn\u00ad-licher-Award.jpg","keywords":["06\/2019"],"inLanguage":"de"},{"@type":"WebPage","@id":"https:\/\/www.m-q.ch\/kein-gewoehn-licher-award\/","url":"https:\/\/www.m-q.ch\/kein-gewoehn-licher-award\/","name":"Kein gew\u00f6hn\u00ad licher Award - MQ Management und Qualit\u00e4t","isPartOf":{"@id":"https:\/\/www.m-q.ch\/fr\/#website"},"primaryImageOfPage":{"@id":"https:\/\/www.m-q.ch\/kein-gewoehn-licher-award\/#primaryimage"},"image":{"@id":"https:\/\/www.m-q.ch\/kein-gewoehn-licher-award\/#primaryimage"},"thumbnailUrl":"https:\/\/www.m-q.ch\/wp-content\/uploads\/2021\/02\/Kein-gewoehn\u00ad-licher-Award.jpg","datePublished":"2019-06-03T10:21:11+00:00","dateModified":"2021-02-08T15:35:00+00:00","description":"Der ESPRIX Swiss Award for Excellence ist eine Aus- zeichnung f\u00fcr \u00abdie Besten unter den Guten\u00bb. Seit 20 Jahren wird dieser Qualit\u00e4tspreis an Unterneh- men und Organisationen verliehen, die erfolgreich das EFQM Excellence-Modell anwenden.","breadcrumb":{"@id":"https:\/\/www.m-q.ch\/kein-gewoehn-licher-award\/#breadcrumb"},"inLanguage":"de","potentialAction":[{"@type":"ReadAction","target":["https:\/\/www.m-q.ch\/kein-gewoehn-licher-award\/"]}]},{"@type":"ImageObject","inLanguage":"de","@id":"https:\/\/www.m-q.ch\/kein-gewoehn-licher-award\/#primaryimage","url":"https:\/\/www.m-q.ch\/wp-content\/uploads\/2021\/02\/Kein-gewoehn\u00ad-licher-Award.jpg","contentUrl":"https:\/\/www.m-q.ch\/wp-content\/uploads\/2021\/02\/Kein-gewoehn\u00ad-licher-Award.jpg","width":800,"height":947,"caption":"Kein gew\u00f6hn\u00ad licher Award"},{"@type":"BreadcrumbList","@id":"https:\/\/www.m-q.ch\/kein-gewoehn-licher-award\/#breadcrumb","itemListElement":[{"@type":"ListItem","position":1,"name":"Allgemein","item":"https:\/\/www.m-q.ch\/kategorie\/allgemein\/"},{"@type":"ListItem","position":2,"name":"Kein gew\u00f6hn\u00ad licher Award"}]},{"@type":"WebSite","@id":"https:\/\/www.m-q.ch\/fr\/#website","url":"https:\/\/www.m-q.ch\/fr\/","name":"MQ Management und Qualit\u00e4t","description":"Plattform f\u00fcr integrierte Managementsysteme.","publisher":{"@id":"https:\/\/www.m-q.ch\/fr\/#organization"},"potentialAction":[{"@type":"SearchAction","target":{"@type":"EntryPoint","urlTemplate":"https:\/\/www.m-q.ch\/fr\/?s={search_term_string}"},"query-input":{"@type":"PropertyValueSpecification","valueRequired":true,"valueName":"search_term_string"}}],"inLanguage":"de"},{"@type":"Organization","@id":"https:\/\/www.m-q.ch\/fr\/#organization","name":"Galledia Fachmedien AG","url":"https:\/\/www.m-q.ch\/fr\/","logo":{"@type":"ImageObject","inLanguage":"de","@id":"https:\/\/www.m-q.ch\/fr\/#\/schema\/logo\/image\/","url":"https:\/\/www.m-q.ch\/wp-content\/uploads\/2020\/12\/cropped-logo_small.png","contentUrl":"https:\/\/www.m-q.ch\/wp-content\/uploads\/2020\/12\/cropped-logo_small.png","width":512,"height":512,"caption":"Galledia Fachmedien AG"},"image":{"@id":"https:\/\/www.m-q.ch\/fr\/#\/schema\/logo\/image\/"},"sameAs":["https:\/\/www.facebook.com\/ManagementUndQualitaet","https:\/\/www.linkedin.com\/showcase\/17982321\/admin\/"]},{"@type":"Person","@id":"https:\/\/www.m-q.ch\/fr\/#\/schema\/person\/71f647a41e4a3e361e6230f5134f3ba9","name":"upwork_2","image":{"@type":"ImageObject","inLanguage":"de","@id":"https:\/\/www.m-q.ch\/fr\/#\/schema\/person\/image\/","url":"https:\/\/secure.gravatar.com\/avatar\/777b90ab56092bbf3c85feacda5c1bce?s=96&d=mm&r=g","contentUrl":"https:\/\/secure.gravatar.com\/avatar\/777b90ab56092bbf3c85feacda5c1bce?s=96&d=mm&r=g","caption":"upwork_2"},"url":"https:\/\/www.m-q.ch\/de\/author\/upwork_2\/"}]}},"_links":{"self":[{"href":"https:\/\/www.m-q.ch\/de\/wp-json\/wp\/v2\/posts\/9866","targetHints":{"allow":["GET"]}}],"collection":[{"href":"https:\/\/www.m-q.ch\/de\/wp-json\/wp\/v2\/posts"}],"about":[{"href":"https:\/\/www.m-q.ch\/de\/wp-json\/wp\/v2\/types\/post"}],"author":[{"embeddable":true,"href":"https:\/\/www.m-q.ch\/de\/wp-json\/wp\/v2\/users\/62"}],"replies":[{"embeddable":true,"href":"https:\/\/www.m-q.ch\/de\/wp-json\/wp\/v2\/comments?post=9866"}],"version-history":[{"count":3,"href":"https:\/\/www.m-q.ch\/de\/wp-json\/wp\/v2\/posts\/9866\/revisions"}],"predecessor-version":[{"id":9925,"href":"https:\/\/www.m-q.ch\/de\/wp-json\/wp\/v2\/posts\/9866\/revisions\/9925"}],"wp:featuredmedia":[{"embeddable":true,"href":"https:\/\/www.m-q.ch\/de\/wp-json\/wp\/v2\/media\/9867"}],"wp:attachment":[{"href":"https:\/\/www.m-q.ch\/de\/wp-json\/wp\/v2\/media?parent=9866"}],"wp:term":[{"taxonomy":"category","embeddable":true,"href":"https:\/\/www.m-q.ch\/de\/wp-json\/wp\/v2\/categories?post=9866"},{"taxonomy":"post_tag","embeddable":true,"href":"https:\/\/www.m-q.ch\/de\/wp-json\/wp\/v2\/tags?post=9866"}],"curies":[{"name":"wp","href":"https:\/\/api.w.org\/{rel}","templated":true}]}}