{"id":9872,"date":"2019-06-05T12:27:01","date_gmt":"2019-06-05T10:27:01","guid":{"rendered":"https:\/\/www.m-q.ch\/?p=9872"},"modified":"2021-02-08T16:35:05","modified_gmt":"2021-02-08T15:35:05","slug":"ein-leuchtturm-in-der-branche","status":"publish","type":"post","link":"https:\/\/www.m-q.ch\/de\/ein-leuchtturm-in-der-branche\/","title":{"rendered":"\u00abEin Leuchtturm in der Branche\u00bb"},"content":{"rendered":"<p><img loading=\"lazy\" decoding=\"async\" class=\"alignnone size-full wp-image-9873\" src=\"https:\/\/www.m-q.ch\/wp-content\/uploads\/2021\/02\/Ein-Leuchtturm-in-der-Branche.jpg\" alt=\"\u00abEin Leuchtturm in der Branche\u00bb\" width=\"800\" height=\"445\" srcset=\"https:\/\/www.m-q.ch\/wp-content\/uploads\/2021\/02\/Ein-Leuchtturm-in-der-Branche.jpg 800w, https:\/\/www.m-q.ch\/wp-content\/uploads\/2021\/02\/Ein-Leuchtturm-in-der-Branche-768x427.jpg 768w, https:\/\/www.m-q.ch\/wp-content\/uploads\/2021\/02\/Ein-Leuchtturm-in-der-Branche-16x9.jpg 16w, https:\/\/www.m-q.ch\/wp-content\/uploads\/2021\/02\/Ein-Leuchtturm-in-der-Branche-315x175.jpg 315w, https:\/\/www.m-q.ch\/wp-content\/uploads\/2021\/02\/Ein-Leuchtturm-in-der-Branche-629x350.jpg 629w, https:\/\/www.m-q.ch\/wp-content\/uploads\/2021\/02\/Ein-Leuchtturm-in-der-Branche-300x167.jpg 300w\" sizes=\"auto, (max-width: 800px) 100vw, 800px\" \/><\/p>\n<p>Wer in der Baubranche heute eine h\u00f6here Be- rufsausbildung absolviert, dem d\u00fcrfte \u00abCam- pus Sursee\u00bb ein Begriff sein. J\u00e4hrlich absolvie- ren 15 000 Teilnehmende eine Weiterbildung am Bildungszentrum Bau. Aber auch andere Organisatoren von Tagungen, Kursen, Semi- naren usw. finden eine Topinfrastruktur am Campus Sursee Seminarzentrum. Besitzerin der Bildungszentrum Bau AG und der Semi- narzentrum AG ist die Stiftung Campus Sur- see. Der Zweck der Stiftung ist nach eigenen Angaben \u00abdie nachhaltige St\u00e4rkung der Aus- und Weiterbildung und dadurch die Profilie- rung des Bauhauptgewerbes\u00bb.<\/p>\n<p><strong>Strategiewechsel f\u00fcr bessere Auslastung<\/strong><br \/>\nDas Bildungszentrum Bau geht auf die Idee des Schweizer Baumeisterverbands zur\u00fcck. Dieser wollte ein gesamtschweizerisches Ausbil- dungszentrum schaffen. 1972 wurde diese Idee Wirklichkeit: Der Campus Sursee \u00f6ffnete seine Tore. Bis in die 2000er-Jahre wurden Tausende von angehenden Baufachleuten \u2013 Maurer, Ver- kehrswegbauer, Bauf\u00fchrer etc. \u2013 durch die Aus- bildungsst\u00e4tte \u00abhindurchgeschleust\u00bb. Doch die damals schon gute gastronomische und semin- artechnische Infrastruktur sollte noch besser ausgelastet werden k\u00f6nnen. So kam es 2006 zu einem Strategiewechsel: Der Campus Sursee wurde zum Seminar- und Tagungszentrum und mit der vor zwei Monaten er\u00f6ffneten Sportarena setzt der Campus Sursee einen wei- teren Meilenstein. Er etabliert sich damit so- wohl im professionellen Sportbereich als Trai- nings- und Wettkampfstandort als auch im Breitensport als \u00f6ffentliche Sportst\u00e4tte f\u00fcr Ver- eine, Schulen und die Region.<\/p>\n<p><strong>Entwicklung auf nachhaltiger Basis<\/strong><br \/>\nGrosse Investitionen waren mit dieser Ver\u00e4n- derung verbunden, nicht nur bauliche. Eben- falls eingef\u00fchrt wurde ein klares Prozess- management nach ISO 9001-Standard. Auch die Firmenkultur sollte sich positiv weiterent- wickeln. \u00abF\u00fcr diesen Zweck eignet sich das EFQM-Modell ausgezeichnet\u00bb, sagt dazu Tho- mas Stocker, Gesch\u00e4ftsf\u00fchrer der Bildungszen- trum Bau AG. Im Rahmen seiner eigenen Ab- solvierung eines MAS befasste er sich in seiner Abschlussarbeit mit der praktischen Einf\u00fch- rung dieses Modells (siehe Interview). Heute zeigt sich der Campus Sursee in verschiedens- ten Bereichen \u00abexcellent\u00bb: Eine \u2013 mit den Wor- ten von Thomas Stocker \u2013 fast schon \u00abverd\u00e4ch- tig tiefe\u00bb Personalfluktuation aufgrund einer hohen Mitarbeiterzufriedenheit oder h\u00f6chste Standards in der \u00d6kologie sind nur einige Bei-spiele. So hat das Bundesamt f\u00fcr Energie (BFE) k\u00fcrzlich dem Campus Sursee das Zertifikat \u00ab2000-Watt-Areal\u00bb verliehen. Auch diese Zer- tifizierung ist letztlich das Ergebnis einer Ziel- setzung, die allen Ausbau- und Erneuerungs- pl\u00e4nen zugrunde gelegt worden war: sich stetig und nachhaltig zu verbessern.<\/p>\n<p><strong>Im Gespr\u00e4ch: Thomas Stocker, Gesch\u00e4ftsf\u00fchrer Bildungszentrum Bau AG<\/strong><br \/>\n<em><strong>Herr Stocker, was bedeutet der Begriff \u00abExcellence\u00bb f\u00fcr Sie?<\/strong><\/em><br \/>\nF\u00fcr mich heisst Excellence, die Erwartungen des Kunden zu \u00fcbertreffen. Ferner geht es auch darum, sich \u00fcber Excellence unterneh- merische Freiheiten erarbeiten zu k\u00f6nnen.<\/p>\n<p>&nbsp;<\/p>\n<p><em><strong>Campus Sursee arbeitet seit 2015 nach dem EFQM-Modell, schon 2017 erreichten Sie die Stufe R4E**** und jetzt die Nomination f\u00fcr den Award. Sie sind also recht \u00absportlich\u00bb unterwegs.<\/strong><\/em><br \/>\nDas ist immer eine Frage, wo man startet. 2015 machten wir eine erste Reifegradmes- sung und durften feststellen: Wir befinden uns bereits auf einem hohen Niveau. Deshalb lag es nahe, sich den Award als Ziel zu setzen. Aber ich m\u00f6chte festhalten: Wir betreiben Excellence nicht um des Modells willen, son- dern f\u00fcr eine nachhaltige Entwicklung des Unternehmens.<\/p>\n<p>&nbsp;<\/p>\n<p><em><strong>Welche Herausforderungen konnten Sie dank des Modells \u00abbesser\u00bb meistern?<\/strong><\/em><br \/>\nDas Modell erleichtert die Verpflichtung zur permanenten Verbesserung. Doch die gr\u00f6sste H\u00fcrde war auch bei uns: Wie bringen wir das Verst\u00e4ndnis daf\u00fcr runter bis zu allen Mitar- beitern? Uns ist es jedenfalls gelungen, die Mitarbeitenden zum Mitdenken zu bewegen. Alle konnten sich einbringen. Unterst\u00fctzt ha- ben uns dabei auch die Berichte zu unserem Self Assessment.<\/p>\n<p>&nbsp;<\/p>\n<p><em><strong>Aber gleichwohl hat das EFQM-Modell immer noch bei vielen den Ruf, zu komplex zu sein.<\/strong><\/em><br \/>\nKlar: Die Grundlagen des Modells sind in einer Sprache verfasst, die f\u00fcr \u00abgew\u00f6hnliche\u00bb Mitarbeitende kaum verst\u00e4ndlich ist. Meine ersten Erfahrungen zeigten zudem, dass etwa der PDCA-Zirkel auch bei der Gesch\u00e4ftsf\u00fch- rung seine Zeit ben\u00f6tigte, bis er konsequent umgesetzt wurde.<\/p>\n<p>&nbsp;<\/p>\n<p><em><strong>Und heute erleichtert das Modell die Rezertifizierungen der ISO- Standards?<\/strong><\/em><br \/>\nDas ist in der Tat so. Nicht vergessen werden sollte dabei, dass die ISO-Standards eine rela-tiv statische Angelegenheit sind; sie definie- ren, was man zu erf\u00fcllen hat. Doch ich sehe ISO und EFQM nicht als zwei konkurrierende Systeme, denn \u2013 richtig eingesetzt \u2013 greifen sie ineinander.<\/p>\n<p>&nbsp;<\/p>\n<p><em><strong>Inwiefern sehen Sie im EFQM-Modell auch als gutes Mittel, um in Ihrer Branche wettbewerbsf\u00e4hig zu bleiben?<\/strong><\/em><br \/>\nIch bin \u00fcberzeugt davon. Ich sehe den Cam- pus Sursee als Leuchtturm in unserer Bran- che. Wir zeigen damit, dass auch in der Bau- branche nachhaltig gearbeitet wird. Im Bausektor sind viele Unternehmen ISO-zerti- fiziert. Sinnvoll w\u00e4re es, das Modell mehr in die Ausbildung der Baufachleute zu integrie- ren. Seitens des Baumeisterverbands sind da erste Gedankenspiele vorhanden. Pers\u00f6nlich kann ich grunds\u00e4tzlich jedem Unternehmen empfehlen, das EFQM-Modell einzuf\u00fchren. Es gibt inzwischen viele gute Ausbildungen, um sich das R\u00fcstzeug dazu zu holen. Wichtig aber bleibt: Unbedingt die Mitarbeitenden einbeziehen!<\/p>\n","protected":false},"excerpt":{"rendered":"<p>Wer in der Baubranche heute eine h\u00f6here Be- rufsausbildung absolviert, dem d\u00fcrfte \u00abCam- pus Sursee\u00bb ein Begriff sein. J\u00e4hrlich absolvie- ren 15 000 Teilnehmende eine Weiterbildung am Bildungszentrum Bau. Aber auch andere Organisatoren von Tagungen, Kursen, Semi- naren usw. finden eine Topinfrastruktur am Campus Sursee Seminarzentrum. Besitzerin der Bildungszentrum Bau AG und der Semi- narzentrum [&hellip;]<\/p>\n","protected":false},"author":62,"featured_media":9873,"comment_status":"closed","ping_status":"closed","sticky":false,"template":"","format":"standard","meta":{"_acf_changed":false,"footnotes":""},"categories":[4448],"tags":[4732],"class_list":["post-9872","post","type-post","status-publish","format-standard","has-post-thumbnail","hentry","category-allgemein","tag-06-2019"],"acf":[],"yoast_head":"<!-- This site is optimized with the Yoast SEO plugin v26.2 - https:\/\/yoast.com\/wordpress\/plugins\/seo\/ -->\n<title>\u00abEin Leuchtturm in der Branche\u00bb - MQ Management und Qualit\u00e4t<\/title>\n<meta name=\"description\" content=\"Vom Masterplan zu gelebter Business Excellence: So l\u00e4sst sich der Weg umschreiben, den der Campus Sursee seit 2015 mit dem EFQM-Modell gegangen ist.\" \/>\n<meta name=\"robots\" content=\"index, follow, max-snippet:-1, max-image-preview:large, max-video-preview:-1\" \/>\n<link rel=\"canonical\" href=\"https:\/\/www.m-q.ch\/de\/ein-leuchtturm-in-der-branche\/\" \/>\n<meta property=\"og:locale\" content=\"de_DE\" \/>\n<meta property=\"og:type\" content=\"article\" \/>\n<meta property=\"og:title\" content=\"\u00abEin Leuchtturm in der Branche\u00bb - MQ Management und Qualit\u00e4t\" \/>\n<meta property=\"og:description\" content=\"Vom Masterplan zu gelebter Business Excellence: So l\u00e4sst sich der Weg umschreiben, den der Campus Sursee seit 2015 mit dem EFQM-Modell gegangen ist.\" \/>\n<meta property=\"og:url\" content=\"https:\/\/www.m-q.ch\/de\/ein-leuchtturm-in-der-branche\/\" \/>\n<meta property=\"og:site_name\" content=\"MQ Management und Qualit\u00e4t\" \/>\n<meta property=\"article:publisher\" content=\"https:\/\/www.facebook.com\/ManagementUndQualitaet\" \/>\n<meta property=\"article:published_time\" content=\"2019-06-05T10:27:01+00:00\" \/>\n<meta property=\"article:modified_time\" content=\"2021-02-08T15:35:05+00:00\" \/>\n<meta property=\"og:image\" content=\"https:\/\/www.m-q.ch\/wp-content\/uploads\/2021\/02\/Ein-Leuchtturm-in-der-Branche.jpg\" \/>\n\t<meta property=\"og:image:width\" content=\"800\" \/>\n\t<meta property=\"og:image:height\" content=\"445\" \/>\n\t<meta property=\"og:image:type\" content=\"image\/jpeg\" \/>\n<meta name=\"author\" content=\"upwork_2\" \/>\n<meta name=\"twitter:card\" content=\"summary_large_image\" \/>\n<meta name=\"twitter:label1\" content=\"Verfasst von\" \/>\n\t<meta name=\"twitter:data1\" content=\"upwork_2\" \/>\n\t<meta name=\"twitter:label2\" content=\"Gesch\u00e4tzte Lesezeit\" \/>\n\t<meta name=\"twitter:data2\" content=\"4\u00a0Minuten\" \/>\n<script type=\"application\/ld+json\" class=\"yoast-schema-graph\">{\"@context\":\"https:\/\/schema.org\",\"@graph\":[{\"@type\":\"Article\",\"@id\":\"https:\/\/www.m-q.ch\/ein-leuchtturm-in-der-branche\/#article\",\"isPartOf\":{\"@id\":\"https:\/\/www.m-q.ch\/ein-leuchtturm-in-der-branche\/\"},\"author\":{\"name\":\"upwork_2\",\"@id\":\"https:\/\/www.m-q.ch\/fr\/#\/schema\/person\/71f647a41e4a3e361e6230f5134f3ba9\"},\"headline\":\"\u00abEin Leuchtturm in der Branche\u00bb\",\"datePublished\":\"2019-06-05T10:27:01+00:00\",\"dateModified\":\"2021-02-08T15:35:05+00:00\",\"mainEntityOfPage\":{\"@id\":\"https:\/\/www.m-q.ch\/ein-leuchtturm-in-der-branche\/\"},\"wordCount\":823,\"publisher\":{\"@id\":\"https:\/\/www.m-q.ch\/fr\/#organization\"},\"image\":{\"@id\":\"https:\/\/www.m-q.ch\/ein-leuchtturm-in-der-branche\/#primaryimage\"},\"thumbnailUrl\":\"https:\/\/www.m-q.ch\/wp-content\/uploads\/2021\/02\/Ein-Leuchtturm-in-der-Branche.jpg\",\"keywords\":[\"06\/2019\"],\"inLanguage\":\"de\"},{\"@type\":\"WebPage\",\"@id\":\"https:\/\/www.m-q.ch\/ein-leuchtturm-in-der-branche\/\",\"url\":\"https:\/\/www.m-q.ch\/ein-leuchtturm-in-der-branche\/\",\"name\":\"\u00abEin Leuchtturm in der Branche\u00bb - MQ Management und Qualit\u00e4t\",\"isPartOf\":{\"@id\":\"https:\/\/www.m-q.ch\/fr\/#website\"},\"primaryImageOfPage\":{\"@id\":\"https:\/\/www.m-q.ch\/ein-leuchtturm-in-der-branche\/#primaryimage\"},\"image\":{\"@id\":\"https:\/\/www.m-q.ch\/ein-leuchtturm-in-der-branche\/#primaryimage\"},\"thumbnailUrl\":\"https:\/\/www.m-q.ch\/wp-content\/uploads\/2021\/02\/Ein-Leuchtturm-in-der-Branche.jpg\",\"datePublished\":\"2019-06-05T10:27:01+00:00\",\"dateModified\":\"2021-02-08T15:35:05+00:00\",\"description\":\"Vom Masterplan zu gelebter Business Excellence: So l\u00e4sst sich der Weg umschreiben, den der Campus Sursee seit 2015 mit dem EFQM-Modell gegangen ist.\",\"breadcrumb\":{\"@id\":\"https:\/\/www.m-q.ch\/ein-leuchtturm-in-der-branche\/#breadcrumb\"},\"inLanguage\":\"de\",\"potentialAction\":[{\"@type\":\"ReadAction\",\"target\":[\"https:\/\/www.m-q.ch\/ein-leuchtturm-in-der-branche\/\"]}]},{\"@type\":\"ImageObject\",\"inLanguage\":\"de\",\"@id\":\"https:\/\/www.m-q.ch\/ein-leuchtturm-in-der-branche\/#primaryimage\",\"url\":\"https:\/\/www.m-q.ch\/wp-content\/uploads\/2021\/02\/Ein-Leuchtturm-in-der-Branche.jpg\",\"contentUrl\":\"https:\/\/www.m-q.ch\/wp-content\/uploads\/2021\/02\/Ein-Leuchtturm-in-der-Branche.jpg\",\"width\":800,\"height\":445,\"caption\":\"\u00abEin Leuchtturm in der Branche\u00bb\"},{\"@type\":\"BreadcrumbList\",\"@id\":\"https:\/\/www.m-q.ch\/ein-leuchtturm-in-der-branche\/#breadcrumb\",\"itemListElement\":[{\"@type\":\"ListItem\",\"position\":1,\"name\":\"Allgemein\",\"item\":\"https:\/\/www.m-q.ch\/kategorie\/allgemein\/\"},{\"@type\":\"ListItem\",\"position\":2,\"name\":\"\u00abEin Leuchtturm in der Branche\u00bb\"}]},{\"@type\":\"WebSite\",\"@id\":\"https:\/\/www.m-q.ch\/fr\/#website\",\"url\":\"https:\/\/www.m-q.ch\/fr\/\",\"name\":\"MQ Management und Qualit\u00e4t\",\"description\":\"Plattform f\u00fcr integrierte Managementsysteme.\",\"publisher\":{\"@id\":\"https:\/\/www.m-q.ch\/fr\/#organization\"},\"potentialAction\":[{\"@type\":\"SearchAction\",\"target\":{\"@type\":\"EntryPoint\",\"urlTemplate\":\"https:\/\/www.m-q.ch\/fr\/?s={search_term_string}\"},\"query-input\":{\"@type\":\"PropertyValueSpecification\",\"valueRequired\":true,\"valueName\":\"search_term_string\"}}],\"inLanguage\":\"de\"},{\"@type\":\"Organization\",\"@id\":\"https:\/\/www.m-q.ch\/fr\/#organization\",\"name\":\"Galledia Fachmedien AG\",\"url\":\"https:\/\/www.m-q.ch\/fr\/\",\"logo\":{\"@type\":\"ImageObject\",\"inLanguage\":\"de\",\"@id\":\"https:\/\/www.m-q.ch\/fr\/#\/schema\/logo\/image\/\",\"url\":\"https:\/\/www.m-q.ch\/wp-content\/uploads\/2020\/12\/cropped-logo_small.png\",\"contentUrl\":\"https:\/\/www.m-q.ch\/wp-content\/uploads\/2020\/12\/cropped-logo_small.png\",\"width\":512,\"height\":512,\"caption\":\"Galledia Fachmedien AG\"},\"image\":{\"@id\":\"https:\/\/www.m-q.ch\/fr\/#\/schema\/logo\/image\/\"},\"sameAs\":[\"https:\/\/www.facebook.com\/ManagementUndQualitaet\",\"https:\/\/www.linkedin.com\/showcase\/17982321\/admin\/\"]},{\"@type\":\"Person\",\"@id\":\"https:\/\/www.m-q.ch\/fr\/#\/schema\/person\/71f647a41e4a3e361e6230f5134f3ba9\",\"name\":\"upwork_2\",\"image\":{\"@type\":\"ImageObject\",\"inLanguage\":\"de\",\"@id\":\"https:\/\/www.m-q.ch\/fr\/#\/schema\/person\/image\/\",\"url\":\"https:\/\/secure.gravatar.com\/avatar\/777b90ab56092bbf3c85feacda5c1bce?s=96&d=mm&r=g\",\"contentUrl\":\"https:\/\/secure.gravatar.com\/avatar\/777b90ab56092bbf3c85feacda5c1bce?s=96&d=mm&r=g\",\"caption\":\"upwork_2\"},\"url\":\"https:\/\/www.m-q.ch\/de\/author\/upwork_2\/\"}]}<\/script>\n<!-- \/ Yoast SEO plugin. -->","yoast_head_json":{"title":"\u00abEin Leuchtturm in der Branche\u00bb - MQ Management und Qualit\u00e4t","description":"Vom Masterplan zu gelebter Business Excellence: So l\u00e4sst sich der Weg umschreiben, den der Campus Sursee seit 2015 mit dem EFQM-Modell gegangen ist.","robots":{"index":"index","follow":"follow","max-snippet":"max-snippet:-1","max-image-preview":"max-image-preview:large","max-video-preview":"max-video-preview:-1"},"canonical":"https:\/\/www.m-q.ch\/de\/ein-leuchtturm-in-der-branche\/","og_locale":"de_DE","og_type":"article","og_title":"\u00abEin Leuchtturm in der Branche\u00bb - MQ Management und Qualit\u00e4t","og_description":"Vom Masterplan zu gelebter Business Excellence: So l\u00e4sst sich der Weg umschreiben, den der Campus Sursee seit 2015 mit dem EFQM-Modell gegangen ist.","og_url":"https:\/\/www.m-q.ch\/de\/ein-leuchtturm-in-der-branche\/","og_site_name":"MQ Management und Qualit\u00e4t","article_publisher":"https:\/\/www.facebook.com\/ManagementUndQualitaet","article_published_time":"2019-06-05T10:27:01+00:00","article_modified_time":"2021-02-08T15:35:05+00:00","og_image":[{"width":800,"height":445,"url":"https:\/\/www.m-q.ch\/wp-content\/uploads\/2021\/02\/Ein-Leuchtturm-in-der-Branche.jpg","type":"image\/jpeg"}],"author":"upwork_2","twitter_card":"summary_large_image","twitter_misc":{"Verfasst von":"upwork_2","Gesch\u00e4tzte Lesezeit":"4\u00a0Minuten"},"schema":{"@context":"https:\/\/schema.org","@graph":[{"@type":"Article","@id":"https:\/\/www.m-q.ch\/ein-leuchtturm-in-der-branche\/#article","isPartOf":{"@id":"https:\/\/www.m-q.ch\/ein-leuchtturm-in-der-branche\/"},"author":{"name":"upwork_2","@id":"https:\/\/www.m-q.ch\/fr\/#\/schema\/person\/71f647a41e4a3e361e6230f5134f3ba9"},"headline":"\u00abEin Leuchtturm in der Branche\u00bb","datePublished":"2019-06-05T10:27:01+00:00","dateModified":"2021-02-08T15:35:05+00:00","mainEntityOfPage":{"@id":"https:\/\/www.m-q.ch\/ein-leuchtturm-in-der-branche\/"},"wordCount":823,"publisher":{"@id":"https:\/\/www.m-q.ch\/fr\/#organization"},"image":{"@id":"https:\/\/www.m-q.ch\/ein-leuchtturm-in-der-branche\/#primaryimage"},"thumbnailUrl":"https:\/\/www.m-q.ch\/wp-content\/uploads\/2021\/02\/Ein-Leuchtturm-in-der-Branche.jpg","keywords":["06\/2019"],"inLanguage":"de"},{"@type":"WebPage","@id":"https:\/\/www.m-q.ch\/ein-leuchtturm-in-der-branche\/","url":"https:\/\/www.m-q.ch\/ein-leuchtturm-in-der-branche\/","name":"\u00abEin Leuchtturm in der Branche\u00bb - MQ Management und Qualit\u00e4t","isPartOf":{"@id":"https:\/\/www.m-q.ch\/fr\/#website"},"primaryImageOfPage":{"@id":"https:\/\/www.m-q.ch\/ein-leuchtturm-in-der-branche\/#primaryimage"},"image":{"@id":"https:\/\/www.m-q.ch\/ein-leuchtturm-in-der-branche\/#primaryimage"},"thumbnailUrl":"https:\/\/www.m-q.ch\/wp-content\/uploads\/2021\/02\/Ein-Leuchtturm-in-der-Branche.jpg","datePublished":"2019-06-05T10:27:01+00:00","dateModified":"2021-02-08T15:35:05+00:00","description":"Vom Masterplan zu gelebter Business Excellence: So l\u00e4sst sich der Weg umschreiben, den der Campus Sursee seit 2015 mit dem EFQM-Modell gegangen ist.","breadcrumb":{"@id":"https:\/\/www.m-q.ch\/ein-leuchtturm-in-der-branche\/#breadcrumb"},"inLanguage":"de","potentialAction":[{"@type":"ReadAction","target":["https:\/\/www.m-q.ch\/ein-leuchtturm-in-der-branche\/"]}]},{"@type":"ImageObject","inLanguage":"de","@id":"https:\/\/www.m-q.ch\/ein-leuchtturm-in-der-branche\/#primaryimage","url":"https:\/\/www.m-q.ch\/wp-content\/uploads\/2021\/02\/Ein-Leuchtturm-in-der-Branche.jpg","contentUrl":"https:\/\/www.m-q.ch\/wp-content\/uploads\/2021\/02\/Ein-Leuchtturm-in-der-Branche.jpg","width":800,"height":445,"caption":"\u00abEin Leuchtturm in der Branche\u00bb"},{"@type":"BreadcrumbList","@id":"https:\/\/www.m-q.ch\/ein-leuchtturm-in-der-branche\/#breadcrumb","itemListElement":[{"@type":"ListItem","position":1,"name":"Allgemein","item":"https:\/\/www.m-q.ch\/kategorie\/allgemein\/"},{"@type":"ListItem","position":2,"name":"\u00abEin Leuchtturm in der Branche\u00bb"}]},{"@type":"WebSite","@id":"https:\/\/www.m-q.ch\/fr\/#website","url":"https:\/\/www.m-q.ch\/fr\/","name":"MQ Management und Qualit\u00e4t","description":"Plattform f\u00fcr integrierte Managementsysteme.","publisher":{"@id":"https:\/\/www.m-q.ch\/fr\/#organization"},"potentialAction":[{"@type":"SearchAction","target":{"@type":"EntryPoint","urlTemplate":"https:\/\/www.m-q.ch\/fr\/?s={search_term_string}"},"query-input":{"@type":"PropertyValueSpecification","valueRequired":true,"valueName":"search_term_string"}}],"inLanguage":"de"},{"@type":"Organization","@id":"https:\/\/www.m-q.ch\/fr\/#organization","name":"Galledia Fachmedien AG","url":"https:\/\/www.m-q.ch\/fr\/","logo":{"@type":"ImageObject","inLanguage":"de","@id":"https:\/\/www.m-q.ch\/fr\/#\/schema\/logo\/image\/","url":"https:\/\/www.m-q.ch\/wp-content\/uploads\/2020\/12\/cropped-logo_small.png","contentUrl":"https:\/\/www.m-q.ch\/wp-content\/uploads\/2020\/12\/cropped-logo_small.png","width":512,"height":512,"caption":"Galledia Fachmedien AG"},"image":{"@id":"https:\/\/www.m-q.ch\/fr\/#\/schema\/logo\/image\/"},"sameAs":["https:\/\/www.facebook.com\/ManagementUndQualitaet","https:\/\/www.linkedin.com\/showcase\/17982321\/admin\/"]},{"@type":"Person","@id":"https:\/\/www.m-q.ch\/fr\/#\/schema\/person\/71f647a41e4a3e361e6230f5134f3ba9","name":"upwork_2","image":{"@type":"ImageObject","inLanguage":"de","@id":"https:\/\/www.m-q.ch\/fr\/#\/schema\/person\/image\/","url":"https:\/\/secure.gravatar.com\/avatar\/777b90ab56092bbf3c85feacda5c1bce?s=96&d=mm&r=g","contentUrl":"https:\/\/secure.gravatar.com\/avatar\/777b90ab56092bbf3c85feacda5c1bce?s=96&d=mm&r=g","caption":"upwork_2"},"url":"https:\/\/www.m-q.ch\/de\/author\/upwork_2\/"}]}},"_links":{"self":[{"href":"https:\/\/www.m-q.ch\/de\/wp-json\/wp\/v2\/posts\/9872","targetHints":{"allow":["GET"]}}],"collection":[{"href":"https:\/\/www.m-q.ch\/de\/wp-json\/wp\/v2\/posts"}],"about":[{"href":"https:\/\/www.m-q.ch\/de\/wp-json\/wp\/v2\/types\/post"}],"author":[{"embeddable":true,"href":"https:\/\/www.m-q.ch\/de\/wp-json\/wp\/v2\/users\/62"}],"replies":[{"embeddable":true,"href":"https:\/\/www.m-q.ch\/de\/wp-json\/wp\/v2\/comments?post=9872"}],"version-history":[{"count":3,"href":"https:\/\/www.m-q.ch\/de\/wp-json\/wp\/v2\/posts\/9872\/revisions"}],"predecessor-version":[{"id":9927,"href":"https:\/\/www.m-q.ch\/de\/wp-json\/wp\/v2\/posts\/9872\/revisions\/9927"}],"wp:featuredmedia":[{"embeddable":true,"href":"https:\/\/www.m-q.ch\/de\/wp-json\/wp\/v2\/media\/9873"}],"wp:attachment":[{"href":"https:\/\/www.m-q.ch\/de\/wp-json\/wp\/v2\/media?parent=9872"}],"wp:term":[{"taxonomy":"category","embeddable":true,"href":"https:\/\/www.m-q.ch\/de\/wp-json\/wp\/v2\/categories?post=9872"},{"taxonomy":"post_tag","embeddable":true,"href":"https:\/\/www.m-q.ch\/de\/wp-json\/wp\/v2\/tags?post=9872"}],"curies":[{"name":"wp","href":"https:\/\/api.w.org\/{rel}","templated":true}]}}