{"id":9887,"date":"2019-06-07T12:43:42","date_gmt":"2019-06-07T10:43:42","guid":{"rendered":"https:\/\/www.m-q.ch\/?p=9887"},"modified":"2021-02-08T16:35:19","modified_gmt":"2021-02-08T15:35:19","slug":"warum-wir-uns-nie-ausruhen-koennen","status":"publish","type":"post","link":"https:\/\/www.m-q.ch\/de\/warum-wir-uns-nie-ausruhen-koennen\/","title":{"rendered":"\u00abWarum wir uns nie ausruhen k\u00f6nnen &#8230;\u00bb"},"content":{"rendered":"<p><img loading=\"lazy\" decoding=\"async\" class=\"alignnone size-full wp-image-9888\" src=\"https:\/\/www.m-q.ch\/wp-content\/uploads\/2021\/02\/Warum-wir-uns-nie-ausruhen-koennen-....jpg\" alt=\"\u00abWarum wir uns nie ausruhen k\u00f6nnen ...\u00bb\" width=\"800\" height=\"629\" srcset=\"https:\/\/www.m-q.ch\/wp-content\/uploads\/2021\/02\/Warum-wir-uns-nie-ausruhen-koennen-....jpg 800w, https:\/\/www.m-q.ch\/wp-content\/uploads\/2021\/02\/Warum-wir-uns-nie-ausruhen-koennen-...-768x604.jpg 768w, https:\/\/www.m-q.ch\/wp-content\/uploads\/2021\/02\/Warum-wir-uns-nie-ausruhen-koennen-...-16x12.jpg 16w, https:\/\/www.m-q.ch\/wp-content\/uploads\/2021\/02\/Warum-wir-uns-nie-ausruhen-koennen-...-223x175.jpg 223w, https:\/\/www.m-q.ch\/wp-content\/uploads\/2021\/02\/Warum-wir-uns-nie-ausruhen-koennen-...-445x350.jpg 445w, https:\/\/www.m-q.ch\/wp-content\/uploads\/2021\/02\/Warum-wir-uns-nie-ausruhen-koennen-...-300x236.jpg 300w\" sizes=\"auto, (max-width: 800px) 100vw, 800px\" \/><\/p>\n<p>Die rodtegg in Luzern ist eine private Stiftung f\u00fcr Kinder, Jugendliche und Erwachsene mit einer k\u00f6rperlichen oder mehrfachen Beein- tr\u00e4chtigung. Sie bietet Schulung, Therapien, Ausbildung, Arbeit, Wohnm\u00f6glichkeiten und Beratung mit dem umfassenden Ziel, die Selbstst\u00e4ndigkeit und Selbstverantwortung der ihr anvertrauten Menschen zu f\u00f6rdern. Heute sind es rund 240 Sch\u00fclerinnen und Sch\u00fcler, Auszubildende und Erwachsene, wel- che die Angebote der Rodtegg nutzen.<\/p>\n<p><strong>Anspruchsvolle Arbeit<\/strong><br \/>\nDie Arbeit mit Behinderten ist anspruchsvoll und bringt auch \u00abhinter den Kulissen\u00bb viel Aufwand mit. Gesellschaftliche, wirtschaftli- che oder auch politische Entwicklungen gilt es laufend in die operativen Prozesse aufzuneh- men. Ein aktuelles Thema ist etwa die Sexuali- t\u00e4t von Menschen mit Beeintr\u00e4chtigungen. Das erste Konzept stammt aus dem Jahre 2007 und wird jetzt der aktuellen Situation entspre- chend angepasst und \u00fcberarbeitet. Wo in der t\u00e4glichen Arbeit Ver\u00e4nderungsbedarf gesehen wird (z.B. Nasszellen im Wohnheim, Freizeit- raum), wird das Anliegen umgehend umge- setzt, je nachdem werden dazu Projekte lan-ciert. Die Wirkung der Ver\u00e4nderungen wird mit bestehenden Indikatoren (z.B. Kundenzu- friedenheit) gemessen.<\/p>\n<p><strong>Vielf\u00e4ltige Stakeholder<\/strong><br \/>\nQualit\u00e4t wird bei der Rodtegg gross geschrie- ben, um die Vorgaben und Anspr\u00fcche der Sta- keholder \u2013 etwa der Kanton, die IV, Kranken- versicherer, Schulgemeinden, Eltern, Mitar- beitende, Bewohner\/-innen \u2013 erf\u00fcllen zu k\u00f6n- nen. 2008 liess sich die Stiftung erfolgreich nach ISO 9001:2000 zertifizieren. Doch damit gab man sich nicht zufrieden: Mit dem EFQM- Modell setzte die Gesch\u00e4ftsleitung auf ein In- strument, um die kontinuierliche Verbesse- rung ganzheitlich angehen zu k\u00f6nnen. 2013 erfolgte die Anerkennung R4E***. Doch auch diese Auszeichnung soll nur ein Meilenstein auf dem weiteren Weg bleiben: 2018 bewarb die Rodtegg sich deshalb erfolgreich f\u00fcr die Teilnahme am ESPRIX Award for Excellence \u2013 ein Schritt, der etwa durch das Auditteam der SQS, das f\u00fcr die ISO-Rezertifizierung (Auf- rechterhaltungsaudit) zust\u00e4ndig war, beson- ders gew\u00fcrdigt wurde.<\/p>\n<p><strong>Die Arbeit mit Behinderten besser w\u00fcrdigen<\/strong><br \/>\nDirektorin Luitgardis Sonderegger-M\u00fcller sieht die Nomination f\u00fcr den ESPRIX-Award nicht nur als \u00abLohn\u00bb f\u00fcr den betriebenen Auf- wand. Vielmehr will sie damit zeigen, dass die Arbeit in sozialen Institutionen genauso nach unternehmerischen, betriebswirtschaftlichen und qualit\u00e4tsorientierten Kriterien verl\u00e4uft wie in der Privatwirtschaft. Vehement wehrt sie sich gegen die Klischeevorstellung, der sie immer wieder begegnet: \u00abDas ist doch sch\u00f6n, mit Behinderten zu arbeiten. Die geben einem doch so viel Sch\u00f6nes und so viel Freude zu- r\u00fcck.\u00bb Das sei nur die halbe Wahrheit: \u00abWir m\u00fcssen t\u00e4glich beweisen, dass wir professio- nell arbeiten, weil wir gegen\u00fcber unseren Geldgebern unter einem starken Legitima- tionsdruck stehen\u00bb, so Sonderegger-M\u00fcller. Wie viele andere Institutionen auch arbeitet die Stiftung rodtegg mit klar definierten Pro- zessen. In diesen werden Pr\u00e4zisierungen in Form von Konzepten, Ablaufschemata, Regle- menten und Weisungen vorgenommen. Das ist zuweilen komplex; doch dank der Selbst- bewertung mit dem EFQM-Modell konsta- tierten einige Mitarbeitende am Schluss: \u00abErst jetzt haben wir den Betrieb richtig kennen- gelernt.\u00bb<\/p>\n<p><strong>Im Gespr\u00e4ch: Luitgardis Sonderegger\u00adM\u00fcller, Direktorin<\/strong><br \/>\n<em><strong>Frau Sonderegger-M\u00fcller, Sie haben das EFQM-Modell als Weiterf\u00fchrung der ISO- Zertifizierung im Betrieb eingef\u00fchrt. Was kann EFQM \u00abbesser\u00bb als noch ISO 9001:2008?<\/strong><\/em> Das EFQM-Modell ist dynamischer und mehr auf kontinuierliche Verbesserungsprozesse fo- kussiert, ja es erlaubt die kontinuierliche Ver- besserung erst. Wir haben denn auch festge- stellt, dass eine Selbstbeurteilung nach dem EFQM-Modell besser m\u00f6glich ist als nur nach dem ISO-Standard. Wir machen Mitarbeiten- de zu Beteiligten, sie denken mit, geben immer wieder Feedbacks. Dies f\u00f6rdert die Identifizie- rung mit dem Betrieb.<\/p>\n<p>&nbsp;<\/p>\n<p><em><strong>Was sind die gr\u00f6ssten Herausforderungen bei der Arbeit mit dem EFQM-Modell?<\/strong><\/em><br \/>\nSich stetig verbessern zu wollen ist eine Hal- tung, eine Philosophie. An den zweimal j\u00e4hrlich stattfindenden und f\u00fcr alle Mitarbeitenden ob- ligatorischen Haustagungen arbeiten wir regel- m\u00e4ssig daran. Denn das Modell l\u00e4sst sich nicht \u00abverankern\u00bb, man muss es auf alle Mitarbeiter- ebenen herunterbrechen. F\u00fcr jedes Kriterium haben wir deshalb f\u00fcnf bis sechs Fragen an- schaulich formuliert \u2013 Fragen, die sich Mitar- beitende immer stellen sollten, um zu erken- nen, wo die Rodtegg Verbesserungsbedarf hat.<\/p>\n<p>&nbsp;<\/p>\n<p><em><strong>Bis Excellence, also das Ziel, erreicht ist? <\/strong><\/em><br \/>\nEndg\u00fcltige Excellence l\u00e4sst sich nicht errei- chen. Denn das Umfeld ver\u00e4ndert sich immer weiter. Deshalb bleiben wir stets gefordert, mit den Entwicklungen Schritt zu halten. Techno- logie und Digitalisierung sind in diesem Zu- sammenhang etwa zu nennen.<\/p>\n<p>&nbsp;<\/p>\n<p><em><strong>Wie stark lassen Sie sich auf dem Weg zur Excellence durch Dritte begleiten?<\/strong><\/em><br \/>\nDen ganzen Prozess liessen wir durch EFQM- Experten begleiten. Die Bewerbungsdoku- mente f\u00fcr die Stufe R4E*** haben wir 2013 aber selbst verfasst \u2013 erstaunlicherweise ka- men wir damit sogar durch\u2026 Die Nominierung f\u00fcr den Award h\u00e4tten wir alleine aber wohl nicht geschafft. Immer wieder eine Aussen- sicht zu erhalten erwies sich als sehr wertvoll.<\/p>\n<p>&nbsp;<\/p>\n<p><em><strong>Welches erste Fazit ziehen Sie nun aus dem Bewerbungsprozess?<\/strong><\/em><br \/>\nSchwer zu sagen. Vielleicht eine Erkenntnis: Weshalb k\u00f6nnen wir uns nie ausruhen?<\/p>\n","protected":false},"excerpt":{"rendered":"<p>Die rodtegg in Luzern ist eine private Stiftung f\u00fcr Kinder, Jugendliche und Erwachsene mit einer k\u00f6rperlichen oder mehrfachen Beein- tr\u00e4chtigung. Sie bietet Schulung, Therapien, Ausbildung, Arbeit, Wohnm\u00f6glichkeiten und Beratung mit dem umfassenden Ziel, die Selbstst\u00e4ndigkeit und Selbstverantwortung der ihr anvertrauten Menschen zu f\u00f6rdern. Heute sind es rund 240 Sch\u00fclerinnen und Sch\u00fcler, Auszubildende und Erwachsene, wel- [&hellip;]<\/p>\n","protected":false},"author":62,"featured_media":9888,"comment_status":"closed","ping_status":"closed","sticky":false,"template":"","format":"standard","meta":{"_acf_changed":false,"footnotes":""},"categories":[4448],"tags":[4732],"class_list":["post-9887","post","type-post","status-publish","format-standard","has-post-thumbnail","hentry","category-allgemein","tag-06-2019"],"acf":[],"yoast_head":"<!-- This site is optimized with the Yoast SEO plugin v26.2 - https:\/\/yoast.com\/wordpress\/plugins\/seo\/ -->\n<title>\u00abWarum wir uns nie ausruhen k\u00f6nnen ...\u00bb - MQ Management und Qualit\u00e4t<\/title>\n<meta name=\"description\" content=\"Menschen mit Handicaps haben es nicht leicht im Leben. Umso notwendiger sind Institutionen, die sie unterst\u00fctzen. Die Stiftung die rodtegg (www.rodtegg.ch) ist eine solche \u2013 eine, die diese wertvolle Arbeit stetig verbessert.\" \/>\n<meta name=\"robots\" content=\"index, follow, max-snippet:-1, max-image-preview:large, max-video-preview:-1\" \/>\n<link rel=\"canonical\" href=\"https:\/\/www.m-q.ch\/de\/warum-wir-uns-nie-ausruhen-koennen\/\" \/>\n<meta property=\"og:locale\" content=\"de_DE\" \/>\n<meta property=\"og:type\" content=\"article\" \/>\n<meta property=\"og:title\" content=\"\u00abWarum wir uns nie ausruhen k\u00f6nnen ...\u00bb - MQ Management und Qualit\u00e4t\" \/>\n<meta property=\"og:description\" content=\"Menschen mit Handicaps haben es nicht leicht im Leben. Umso notwendiger sind Institutionen, die sie unterst\u00fctzen. Die Stiftung die rodtegg (www.rodtegg.ch) ist eine solche \u2013 eine, die diese wertvolle Arbeit stetig verbessert.\" \/>\n<meta property=\"og:url\" content=\"https:\/\/www.m-q.ch\/de\/warum-wir-uns-nie-ausruhen-koennen\/\" \/>\n<meta property=\"og:site_name\" content=\"MQ Management und Qualit\u00e4t\" \/>\n<meta property=\"article:publisher\" content=\"https:\/\/www.facebook.com\/ManagementUndQualitaet\" \/>\n<meta property=\"article:published_time\" content=\"2019-06-07T10:43:42+00:00\" \/>\n<meta property=\"article:modified_time\" content=\"2021-02-08T15:35:19+00:00\" \/>\n<meta property=\"og:image\" content=\"https:\/\/www.m-q.ch\/wp-content\/uploads\/2021\/02\/Warum-wir-uns-nie-ausruhen-koennen-....jpg\" \/>\n\t<meta property=\"og:image:width\" content=\"800\" \/>\n\t<meta property=\"og:image:height\" content=\"629\" \/>\n\t<meta property=\"og:image:type\" content=\"image\/jpeg\" \/>\n<meta name=\"author\" content=\"upwork_2\" \/>\n<meta name=\"twitter:card\" content=\"summary_large_image\" \/>\n<meta name=\"twitter:label1\" content=\"Verfasst von\" \/>\n\t<meta name=\"twitter:data1\" content=\"upwork_2\" \/>\n\t<meta name=\"twitter:label2\" content=\"Gesch\u00e4tzte Lesezeit\" \/>\n\t<meta name=\"twitter:data2\" content=\"4\u00a0Minuten\" \/>\n<script type=\"application\/ld+json\" class=\"yoast-schema-graph\">{\"@context\":\"https:\/\/schema.org\",\"@graph\":[{\"@type\":\"Article\",\"@id\":\"https:\/\/www.m-q.ch\/warum-wir-uns-nie-ausruhen-koennen\/#article\",\"isPartOf\":{\"@id\":\"https:\/\/www.m-q.ch\/warum-wir-uns-nie-ausruhen-koennen\/\"},\"author\":{\"name\":\"upwork_2\",\"@id\":\"https:\/\/www.m-q.ch\/fr\/#\/schema\/person\/71f647a41e4a3e361e6230f5134f3ba9\"},\"headline\":\"\u00abWarum wir uns nie ausruhen k\u00f6nnen &#8230;\u00bb\",\"datePublished\":\"2019-06-07T10:43:42+00:00\",\"dateModified\":\"2021-02-08T15:35:19+00:00\",\"mainEntityOfPage\":{\"@id\":\"https:\/\/www.m-q.ch\/warum-wir-uns-nie-ausruhen-koennen\/\"},\"wordCount\":821,\"publisher\":{\"@id\":\"https:\/\/www.m-q.ch\/fr\/#organization\"},\"image\":{\"@id\":\"https:\/\/www.m-q.ch\/warum-wir-uns-nie-ausruhen-koennen\/#primaryimage\"},\"thumbnailUrl\":\"https:\/\/www.m-q.ch\/wp-content\/uploads\/2021\/02\/Warum-wir-uns-nie-ausruhen-koennen-....jpg\",\"keywords\":[\"06\/2019\"],\"inLanguage\":\"de\"},{\"@type\":\"WebPage\",\"@id\":\"https:\/\/www.m-q.ch\/warum-wir-uns-nie-ausruhen-koennen\/\",\"url\":\"https:\/\/www.m-q.ch\/warum-wir-uns-nie-ausruhen-koennen\/\",\"name\":\"\u00abWarum wir uns nie ausruhen k\u00f6nnen ...\u00bb - MQ Management und Qualit\u00e4t\",\"isPartOf\":{\"@id\":\"https:\/\/www.m-q.ch\/fr\/#website\"},\"primaryImageOfPage\":{\"@id\":\"https:\/\/www.m-q.ch\/warum-wir-uns-nie-ausruhen-koennen\/#primaryimage\"},\"image\":{\"@id\":\"https:\/\/www.m-q.ch\/warum-wir-uns-nie-ausruhen-koennen\/#primaryimage\"},\"thumbnailUrl\":\"https:\/\/www.m-q.ch\/wp-content\/uploads\/2021\/02\/Warum-wir-uns-nie-ausruhen-koennen-....jpg\",\"datePublished\":\"2019-06-07T10:43:42+00:00\",\"dateModified\":\"2021-02-08T15:35:19+00:00\",\"description\":\"Menschen mit Handicaps haben es nicht leicht im Leben. Umso notwendiger sind Institutionen, die sie unterst\u00fctzen. Die Stiftung die rodtegg (www.rodtegg.ch) ist eine solche \u2013 eine, die diese wertvolle Arbeit stetig verbessert.\",\"breadcrumb\":{\"@id\":\"https:\/\/www.m-q.ch\/warum-wir-uns-nie-ausruhen-koennen\/#breadcrumb\"},\"inLanguage\":\"de\",\"potentialAction\":[{\"@type\":\"ReadAction\",\"target\":[\"https:\/\/www.m-q.ch\/warum-wir-uns-nie-ausruhen-koennen\/\"]}]},{\"@type\":\"ImageObject\",\"inLanguage\":\"de\",\"@id\":\"https:\/\/www.m-q.ch\/warum-wir-uns-nie-ausruhen-koennen\/#primaryimage\",\"url\":\"https:\/\/www.m-q.ch\/wp-content\/uploads\/2021\/02\/Warum-wir-uns-nie-ausruhen-koennen-....jpg\",\"contentUrl\":\"https:\/\/www.m-q.ch\/wp-content\/uploads\/2021\/02\/Warum-wir-uns-nie-ausruhen-koennen-....jpg\",\"width\":800,\"height\":629,\"caption\":\"\u00abWarum wir uns nie ausruhen k\u00f6nnen ...\u00bb\"},{\"@type\":\"BreadcrumbList\",\"@id\":\"https:\/\/www.m-q.ch\/warum-wir-uns-nie-ausruhen-koennen\/#breadcrumb\",\"itemListElement\":[{\"@type\":\"ListItem\",\"position\":1,\"name\":\"Allgemein\",\"item\":\"https:\/\/www.m-q.ch\/kategorie\/allgemein\/\"},{\"@type\":\"ListItem\",\"position\":2,\"name\":\"\u00abWarum wir uns nie ausruhen k\u00f6nnen &#8230;\u00bb\"}]},{\"@type\":\"WebSite\",\"@id\":\"https:\/\/www.m-q.ch\/fr\/#website\",\"url\":\"https:\/\/www.m-q.ch\/fr\/\",\"name\":\"MQ Management und Qualit\u00e4t\",\"description\":\"Plattform f\u00fcr integrierte Managementsysteme.\",\"publisher\":{\"@id\":\"https:\/\/www.m-q.ch\/fr\/#organization\"},\"potentialAction\":[{\"@type\":\"SearchAction\",\"target\":{\"@type\":\"EntryPoint\",\"urlTemplate\":\"https:\/\/www.m-q.ch\/fr\/?s={search_term_string}\"},\"query-input\":{\"@type\":\"PropertyValueSpecification\",\"valueRequired\":true,\"valueName\":\"search_term_string\"}}],\"inLanguage\":\"de\"},{\"@type\":\"Organization\",\"@id\":\"https:\/\/www.m-q.ch\/fr\/#organization\",\"name\":\"Galledia Fachmedien AG\",\"url\":\"https:\/\/www.m-q.ch\/fr\/\",\"logo\":{\"@type\":\"ImageObject\",\"inLanguage\":\"de\",\"@id\":\"https:\/\/www.m-q.ch\/fr\/#\/schema\/logo\/image\/\",\"url\":\"https:\/\/www.m-q.ch\/wp-content\/uploads\/2020\/12\/cropped-logo_small.png\",\"contentUrl\":\"https:\/\/www.m-q.ch\/wp-content\/uploads\/2020\/12\/cropped-logo_small.png\",\"width\":512,\"height\":512,\"caption\":\"Galledia Fachmedien AG\"},\"image\":{\"@id\":\"https:\/\/www.m-q.ch\/fr\/#\/schema\/logo\/image\/\"},\"sameAs\":[\"https:\/\/www.facebook.com\/ManagementUndQualitaet\",\"https:\/\/www.linkedin.com\/showcase\/17982321\/admin\/\"]},{\"@type\":\"Person\",\"@id\":\"https:\/\/www.m-q.ch\/fr\/#\/schema\/person\/71f647a41e4a3e361e6230f5134f3ba9\",\"name\":\"upwork_2\",\"image\":{\"@type\":\"ImageObject\",\"inLanguage\":\"de\",\"@id\":\"https:\/\/www.m-q.ch\/fr\/#\/schema\/person\/image\/\",\"url\":\"https:\/\/secure.gravatar.com\/avatar\/777b90ab56092bbf3c85feacda5c1bce?s=96&d=mm&r=g\",\"contentUrl\":\"https:\/\/secure.gravatar.com\/avatar\/777b90ab56092bbf3c85feacda5c1bce?s=96&d=mm&r=g\",\"caption\":\"upwork_2\"},\"url\":\"https:\/\/www.m-q.ch\/de\/author\/upwork_2\/\"}]}<\/script>\n<!-- \/ Yoast SEO plugin. -->","yoast_head_json":{"title":"\u00abWarum wir uns nie ausruhen k\u00f6nnen ...\u00bb - MQ Management und Qualit\u00e4t","description":"Menschen mit Handicaps haben es nicht leicht im Leben. Umso notwendiger sind Institutionen, die sie unterst\u00fctzen. Die Stiftung die rodtegg (www.rodtegg.ch) ist eine solche \u2013 eine, die diese wertvolle Arbeit stetig verbessert.","robots":{"index":"index","follow":"follow","max-snippet":"max-snippet:-1","max-image-preview":"max-image-preview:large","max-video-preview":"max-video-preview:-1"},"canonical":"https:\/\/www.m-q.ch\/de\/warum-wir-uns-nie-ausruhen-koennen\/","og_locale":"de_DE","og_type":"article","og_title":"\u00abWarum wir uns nie ausruhen k\u00f6nnen ...\u00bb - MQ Management und Qualit\u00e4t","og_description":"Menschen mit Handicaps haben es nicht leicht im Leben. Umso notwendiger sind Institutionen, die sie unterst\u00fctzen. Die Stiftung die rodtegg (www.rodtegg.ch) ist eine solche \u2013 eine, die diese wertvolle Arbeit stetig verbessert.","og_url":"https:\/\/www.m-q.ch\/de\/warum-wir-uns-nie-ausruhen-koennen\/","og_site_name":"MQ Management und Qualit\u00e4t","article_publisher":"https:\/\/www.facebook.com\/ManagementUndQualitaet","article_published_time":"2019-06-07T10:43:42+00:00","article_modified_time":"2021-02-08T15:35:19+00:00","og_image":[{"width":800,"height":629,"url":"https:\/\/www.m-q.ch\/wp-content\/uploads\/2021\/02\/Warum-wir-uns-nie-ausruhen-koennen-....jpg","type":"image\/jpeg"}],"author":"upwork_2","twitter_card":"summary_large_image","twitter_misc":{"Verfasst von":"upwork_2","Gesch\u00e4tzte Lesezeit":"4\u00a0Minuten"},"schema":{"@context":"https:\/\/schema.org","@graph":[{"@type":"Article","@id":"https:\/\/www.m-q.ch\/warum-wir-uns-nie-ausruhen-koennen\/#article","isPartOf":{"@id":"https:\/\/www.m-q.ch\/warum-wir-uns-nie-ausruhen-koennen\/"},"author":{"name":"upwork_2","@id":"https:\/\/www.m-q.ch\/fr\/#\/schema\/person\/71f647a41e4a3e361e6230f5134f3ba9"},"headline":"\u00abWarum wir uns nie ausruhen k\u00f6nnen &#8230;\u00bb","datePublished":"2019-06-07T10:43:42+00:00","dateModified":"2021-02-08T15:35:19+00:00","mainEntityOfPage":{"@id":"https:\/\/www.m-q.ch\/warum-wir-uns-nie-ausruhen-koennen\/"},"wordCount":821,"publisher":{"@id":"https:\/\/www.m-q.ch\/fr\/#organization"},"image":{"@id":"https:\/\/www.m-q.ch\/warum-wir-uns-nie-ausruhen-koennen\/#primaryimage"},"thumbnailUrl":"https:\/\/www.m-q.ch\/wp-content\/uploads\/2021\/02\/Warum-wir-uns-nie-ausruhen-koennen-....jpg","keywords":["06\/2019"],"inLanguage":"de"},{"@type":"WebPage","@id":"https:\/\/www.m-q.ch\/warum-wir-uns-nie-ausruhen-koennen\/","url":"https:\/\/www.m-q.ch\/warum-wir-uns-nie-ausruhen-koennen\/","name":"\u00abWarum wir uns nie ausruhen k\u00f6nnen ...\u00bb - MQ Management und Qualit\u00e4t","isPartOf":{"@id":"https:\/\/www.m-q.ch\/fr\/#website"},"primaryImageOfPage":{"@id":"https:\/\/www.m-q.ch\/warum-wir-uns-nie-ausruhen-koennen\/#primaryimage"},"image":{"@id":"https:\/\/www.m-q.ch\/warum-wir-uns-nie-ausruhen-koennen\/#primaryimage"},"thumbnailUrl":"https:\/\/www.m-q.ch\/wp-content\/uploads\/2021\/02\/Warum-wir-uns-nie-ausruhen-koennen-....jpg","datePublished":"2019-06-07T10:43:42+00:00","dateModified":"2021-02-08T15:35:19+00:00","description":"Menschen mit Handicaps haben es nicht leicht im Leben. Umso notwendiger sind Institutionen, die sie unterst\u00fctzen. Die Stiftung die rodtegg (www.rodtegg.ch) ist eine solche \u2013 eine, die diese wertvolle Arbeit stetig verbessert.","breadcrumb":{"@id":"https:\/\/www.m-q.ch\/warum-wir-uns-nie-ausruhen-koennen\/#breadcrumb"},"inLanguage":"de","potentialAction":[{"@type":"ReadAction","target":["https:\/\/www.m-q.ch\/warum-wir-uns-nie-ausruhen-koennen\/"]}]},{"@type":"ImageObject","inLanguage":"de","@id":"https:\/\/www.m-q.ch\/warum-wir-uns-nie-ausruhen-koennen\/#primaryimage","url":"https:\/\/www.m-q.ch\/wp-content\/uploads\/2021\/02\/Warum-wir-uns-nie-ausruhen-koennen-....jpg","contentUrl":"https:\/\/www.m-q.ch\/wp-content\/uploads\/2021\/02\/Warum-wir-uns-nie-ausruhen-koennen-....jpg","width":800,"height":629,"caption":"\u00abWarum wir uns nie ausruhen k\u00f6nnen ...\u00bb"},{"@type":"BreadcrumbList","@id":"https:\/\/www.m-q.ch\/warum-wir-uns-nie-ausruhen-koennen\/#breadcrumb","itemListElement":[{"@type":"ListItem","position":1,"name":"Allgemein","item":"https:\/\/www.m-q.ch\/kategorie\/allgemein\/"},{"@type":"ListItem","position":2,"name":"\u00abWarum wir uns nie ausruhen k\u00f6nnen &#8230;\u00bb"}]},{"@type":"WebSite","@id":"https:\/\/www.m-q.ch\/fr\/#website","url":"https:\/\/www.m-q.ch\/fr\/","name":"MQ Management und Qualit\u00e4t","description":"Plattform f\u00fcr integrierte Managementsysteme.","publisher":{"@id":"https:\/\/www.m-q.ch\/fr\/#organization"},"potentialAction":[{"@type":"SearchAction","target":{"@type":"EntryPoint","urlTemplate":"https:\/\/www.m-q.ch\/fr\/?s={search_term_string}"},"query-input":{"@type":"PropertyValueSpecification","valueRequired":true,"valueName":"search_term_string"}}],"inLanguage":"de"},{"@type":"Organization","@id":"https:\/\/www.m-q.ch\/fr\/#organization","name":"Galledia Fachmedien AG","url":"https:\/\/www.m-q.ch\/fr\/","logo":{"@type":"ImageObject","inLanguage":"de","@id":"https:\/\/www.m-q.ch\/fr\/#\/schema\/logo\/image\/","url":"https:\/\/www.m-q.ch\/wp-content\/uploads\/2020\/12\/cropped-logo_small.png","contentUrl":"https:\/\/www.m-q.ch\/wp-content\/uploads\/2020\/12\/cropped-logo_small.png","width":512,"height":512,"caption":"Galledia Fachmedien AG"},"image":{"@id":"https:\/\/www.m-q.ch\/fr\/#\/schema\/logo\/image\/"},"sameAs":["https:\/\/www.facebook.com\/ManagementUndQualitaet","https:\/\/www.linkedin.com\/showcase\/17982321\/admin\/"]},{"@type":"Person","@id":"https:\/\/www.m-q.ch\/fr\/#\/schema\/person\/71f647a41e4a3e361e6230f5134f3ba9","name":"upwork_2","image":{"@type":"ImageObject","inLanguage":"de","@id":"https:\/\/www.m-q.ch\/fr\/#\/schema\/person\/image\/","url":"https:\/\/secure.gravatar.com\/avatar\/777b90ab56092bbf3c85feacda5c1bce?s=96&d=mm&r=g","contentUrl":"https:\/\/secure.gravatar.com\/avatar\/777b90ab56092bbf3c85feacda5c1bce?s=96&d=mm&r=g","caption":"upwork_2"},"url":"https:\/\/www.m-q.ch\/de\/author\/upwork_2\/"}]}},"_links":{"self":[{"href":"https:\/\/www.m-q.ch\/de\/wp-json\/wp\/v2\/posts\/9887","targetHints":{"allow":["GET"]}}],"collection":[{"href":"https:\/\/www.m-q.ch\/de\/wp-json\/wp\/v2\/posts"}],"about":[{"href":"https:\/\/www.m-q.ch\/de\/wp-json\/wp\/v2\/types\/post"}],"author":[{"embeddable":true,"href":"https:\/\/www.m-q.ch\/de\/wp-json\/wp\/v2\/users\/62"}],"replies":[{"embeddable":true,"href":"https:\/\/www.m-q.ch\/de\/wp-json\/wp\/v2\/comments?post=9887"}],"version-history":[{"count":3,"href":"https:\/\/www.m-q.ch\/de\/wp-json\/wp\/v2\/posts\/9887\/revisions"}],"predecessor-version":[{"id":9932,"href":"https:\/\/www.m-q.ch\/de\/wp-json\/wp\/v2\/posts\/9887\/revisions\/9932"}],"wp:featuredmedia":[{"embeddable":true,"href":"https:\/\/www.m-q.ch\/de\/wp-json\/wp\/v2\/media\/9888"}],"wp:attachment":[{"href":"https:\/\/www.m-q.ch\/de\/wp-json\/wp\/v2\/media?parent=9887"}],"wp:term":[{"taxonomy":"category","embeddable":true,"href":"https:\/\/www.m-q.ch\/de\/wp-json\/wp\/v2\/categories?post=9887"},{"taxonomy":"post_tag","embeddable":true,"href":"https:\/\/www.m-q.ch\/de\/wp-json\/wp\/v2\/tags?post=9887"}],"curies":[{"name":"wp","href":"https:\/\/api.w.org\/{rel}","templated":true}]}}