{"id":9962,"date":"2019-06-27T15:04:27","date_gmt":"2019-06-27T13:04:27","guid":{"rendered":"https:\/\/www.m-q.ch\/?p=9962"},"modified":"2021-02-08T16:36:11","modified_gmt":"2021-02-08T15:36:11","slug":"qs-welt-im-wandel","status":"publish","type":"post","link":"https:\/\/www.m-q.ch\/de\/qs-welt-im-wandel\/","title":{"rendered":"QS-Welt im Wandel"},"content":{"rendered":"<p><img loading=\"lazy\" decoding=\"async\" class=\"alignnone size-full wp-image-9964\" src=\"https:\/\/www.m-q.ch\/wp-content\/uploads\/2021\/02\/QS-Welt-im-Wandel.jpg\" alt=\"QS-Welt im Wandel\" width=\"800\" height=\"579\" srcset=\"https:\/\/www.m-q.ch\/wp-content\/uploads\/2021\/02\/QS-Welt-im-Wandel.jpg 800w, https:\/\/www.m-q.ch\/wp-content\/uploads\/2021\/02\/QS-Welt-im-Wandel-768x556.jpg 768w, https:\/\/www.m-q.ch\/wp-content\/uploads\/2021\/02\/QS-Welt-im-Wandel-16x12.jpg 16w, https:\/\/www.m-q.ch\/wp-content\/uploads\/2021\/02\/QS-Welt-im-Wandel-242x175.jpg 242w, https:\/\/www.m-q.ch\/wp-content\/uploads\/2021\/02\/QS-Welt-im-Wandel-484x350.jpg 484w, https:\/\/www.m-q.ch\/wp-content\/uploads\/2021\/02\/QS-Welt-im-Wandel-300x217.jpg 300w\" sizes=\"auto, (max-width: 800px) 100vw, 800px\" \/><\/p>\n<p>Die zunehmende Automatisierung und durchg\u00e4ngige Vernetzung industrieller Pro- duktionssysteme treibt den Markt der Quali- t\u00e4tssicherung (QS), der dadurch einem fort- laufenden Wandel unterliegt. Dies war bei vielen Ausstellern deutlich sichtbar.<\/p>\n<p><strong>Alles aus einer Hand<\/strong><br \/>\nIn den letzten Jahren haben mehrere Messge- r\u00e4te-Hersteller ihre Kr\u00e4fte vereint und sich zusammengeschlossen. Einer der Gr\u00fcnde ist sicherlich, dass der Kunde unterschiedliche Messger\u00e4te aus einer Hand bestellen, betrei- ben und unterhalten kann.<\/p>\n<p>&nbsp;<\/p>\n<p>Hexagon Metrology hatte mit dem Kauf von Aicon seine Palette bereits um Streifen- projektion erweitert. Auch Zeiss hat mit dem Streifenprojektionshersteller Steinbich- ler und erst im April dieses Jahres mit der \u00dcbernahme der Firma GOM das bestehende Angebot mit Streifenprojektionssystemen er- weitert. Die Firma Alicona wurde Ende letz- tes Jahr von Bruker \u00fcbernommen. Damit er- weiterte Bruker das grosse Angebot von Messsystemen mit der Fokus-Variation von Alicona. Trotz dieses Trends scheinen auch kleine Spezialfirmen im Markt bestehen zu k\u00f6nnen. Ihre St\u00e4rken liegen oftmals in der in- dividuelleren L\u00f6sung f\u00fcr den Endkunden.<\/p>\n<p><strong>Renishaw und Wenzel verst\u00e4rken Zusammenarbeit<\/strong><br \/>\nEine verst\u00e4rkte Zusammenarbeit wurde an der diesj\u00e4hrigen Control zwischen der Wen- zel Group und Renishaw beschlossen. Als Er- gebnis dieser Zusammenarbeit wird das be- reits erh\u00e4ltliche Equator-Pr\u00fcfger\u00e4t von Reni- shaw auch direkt \u00fcber die bekannte Wenzel Software WM | Quartis zur Programmierung und Auswertung angesteuert werden k\u00f6n- nen. Das Equator-Pr\u00fcfger\u00e4t ist nun Teil des Portfolios von Wenzel. Die mit dem Equator erfassten Werkst\u00fcckdaten werden genutzt, um beispielsweise die Werkzeugkorrektur auf der jeweiligen Werkzeugmaschine lau- fend und automatisch zu aktualisieren. Durch die laufenden Verbesserungen ist ein stabile- rer Fertigungsprozess m\u00f6glich und gleichzei- tig findet eine l\u00fcckenlose Dokumentation f\u00fcr jedes Werkst\u00fcck statt.<\/p>\n<p><strong>Vom CAD zum Messplan und zur\u00fcck<\/strong><br \/>\nIn der Entwicklung von neuen Produkten werden heute meist 2D-Zeichnungen oder 3D-CAD-Modelle mit Informationen zur Pro- duktherstellung (Product Manufacturing In- formation \u2013 PMI) verwendet. Aus diesen Daten werden in der Qualit\u00e4tskontrolle Messpl\u00e4ne definiert und Werkst\u00fccke \u00fcberpr\u00fcft. Werden hierbei \u00c4nderungen an den Messpl\u00e4nen ge- macht, so gibt es bisher keine M\u00f6glichkeit, die- se \u00c4nderungen problemlos an die Entwick- lung weiterzuleiten.<\/p>\n<p>&nbsp;<\/p>\n<p>PolyWorks|PMI+Loop wird eine neue Schnittstelle zwischen PolyWorks und der vorhandenen CAD-Plattform des Kunden. Es bietet Add-Ins f\u00fcr CAD-Software, die folgen- de Funktionen beinhalten:<\/p>\n<p>&nbsp;<\/p>\n<p>\u2013Erstellen und \u00dcberpr\u00fcfen von PolyWorks 3D-Messpl\u00e4nen in der vorhandenen CAD- Umgebung<br \/>\n\u2013Importieren von Messpl\u00e4nen, die in Poly- Works modifiziert wurden, zur\u00fcck in die CAD-Software<\/p>\n<p>&nbsp;<\/p>\n<p><strong>Flanken mit mehr als 90\u00b0 messen<\/strong><br \/>\nBisher war es mit dem optischen Koordina- tenmesssystem \u00b5MM von Bruker Alicona nicht m\u00f6glich, vertikale Fl\u00e4chen seitlich an- zutasten. Hierf\u00fcr war stattdessen der Einsatz von taktilen Messsystemen, Computertomo- grafie oder individuellen optischen L\u00f6sungen erforderlich. Die neue Version erm\u00f6glicht nun auch die Messung von Flanken mit mehr als 90\u00b0 und damit auch das seitliche Antasten von Bauteilen (beispielsweise von Mikrobohrun- gen oder Konturen). Dabei muss die Probe w\u00e4hrend der Messung nicht gedreht werden.<\/p>\n<p>&nbsp;<\/p>\n<p>Das Durchmesser-Tiefen-Verh\u00e4ltnis von L\u00f6chern reicht von 1 : 3 bis 1 : 10, der mess- bare Durchmesser betr\u00e4gt 0,1 bis 2 mm. Die einzelnen Merkmale werden fl\u00e4chenhaft mit grosser Messpunktdichte erfasst, was zus\u00e4tz- lich auch die Messung der Rauheit nach EN ISO 4287\/88 und 25178 erm\u00f6glicht.<\/p>\n<p><strong>K\u00fcnstliche Intelligenz in der Qualit\u00e4tssicherung<\/strong><br \/>\nMaschinelles Lernen ist ein Oberbegriff f\u00fcr das k\u00fcnstliche Lernen aus Erfahrung. Wir Menschen lernen besonders schnell und teil- weise unbewusst aus Erfahrung. So k\u00f6nnen wir beispielsweise eine Tasse Kaffee auch dann erkennen, wenn diese eine andere Form, Gr\u00f6sse oder Farbe hat. Der Computer muss dies, wie wir auch, erst lernen. Hierf\u00fcr werden dem Computer beispielsweise eine grosse An- zahl an Bildern mit Oberfl\u00e4chendefekten (z.B.<\/p>\n<p>&nbsp;<\/p>\n<p>Kratzern) vorgelegt. Das System lernt daraus, dass auch Defekte, die von diesen Bildern ab- weichen, einen Defekt darstellen. Das System weiss also, wie ein Kratzer aussehen k\u00f6nnte, auch wenn es ihn noch nie gesehen hat.<\/p>\n<p>&nbsp;<\/p>\n<p>Auf dem Eventforum des Fraunhofer IPA wurde anhand einer Oberfl\u00e4chenpr\u00fcfung gezeigt, wie maschinelles Lernen in der Quali- t\u00e4tssicherung zum Einsatz kommt. Daf\u00fcr wurden Bauteile auf einem rotierenden Teller platziert und die Oberfl\u00e4che w\u00e4hrend der Drehung vollst\u00e4ndig von einer Kamera er- fasst. Die nachfolgende adaptive Bildauswer- tung orientiert sich an der F\u00e4higkeit des Men- schen, Unregelm\u00e4ssigkeiten auch auf unbe- kannten Oberfl\u00e4chen zu erkennen. Unter der Voraussetzung, dass die Defekte nur einen kleinen Teil der gesamten Oberfl\u00e4che einneh- men, nimmt die Software mit ihren selbstler- nenden Algorithmen diese als Abweichungen vom Hintergrund wahr.<\/p>\n<p>&nbsp;<\/p>\n<p>Basierend auf einem un\u00fcberwachten Lernverfahren passt sich das optische Pr\u00fcf- system automatisch an ver\u00e4nderte Oberfl\u00e4- chenstrukturen an und erm\u00f6glicht eine 100-Prozent-Pr\u00fcfung innerhalb eines Her- stellungsprozesses.<\/p>\n<p><strong>8-Achsen-Gelenkarm- Koordinatenmessger\u00e4t<\/strong><br \/>\nEin Gelenkarm-Koordinatenmessger\u00e4t ist durch die einzelnen Gelenke in den m\u00f6gli- chen Positionen relativ zum Werkst\u00fcck einge- schr\u00e4nkt. Oftmals muss dabei das Gelenkarm- Koordinatenmessger\u00e4t versetzt werden. Dies f\u00fchrt zu einer erh\u00f6hten Messunsicherheit und bedeutet einen zus\u00e4tzlichen Zeitaufwand.<\/p>\n<p>&nbsp;<\/p>\n<p>Das 8-Achsen-Quantum-System von Fa- ro kombiniert das Gelenkarm-Koordinaten- messger\u00e4t mit einer funktional integrierten, aber physisch getrennten achten Achse. Diese Drehachse l\u00e4sst sich direkt mit dem Faroarm verbinden und wird so zu einer integrierten Zusatzachse. Damit kann jede Stelle rund um das Werkst\u00fcck erreicht werden, ohne dass das Messger\u00e4t versetzt werden muss.<\/p>\n<p><strong>Messtechnik f\u00fcr E-Mobility<\/strong><br \/>\nMit Zeiss eSolutions bietet Zeiss L\u00f6sungen zur l\u00fcckenlosen Qualit\u00e4tssicherung des ge- samten Antriebsstrangs von Hybrid-, Elektro- und Brennstoffzellenfahrzeugen. Zeiss re- agiert damit auf die schnell fortschreitende Transformation in der Automobilindustrie von der fossilen Mobilit\u00e4t zur Elektromobili- t\u00e4t. Diese Transformation hat auch Konse- quenzen f\u00fcr den Antriebsstrang zur Folge. Wo bisher Verbrennungsmotor inkl. Abgas- anlage und hochkomplexe bis zu neunstufige Getriebe f\u00fcr Vortrieb sorgten, \u00fcbernehmen das k\u00fcnftig Batterie, Leistungselektronik, Elektromotor und ein einstufiges Getriebe.<\/p>\n<p>&nbsp;<\/p>\n<p>Die Elektromotoren sind im Vergleich zu den Verbrennungsmotoren kompakt und leicht. Sie kombinieren jedoch hohe Dreh- zahlen und enorme Drehmomente bereits aus dem Stillstand. Bei diesen Motoren m\u00fcs- sen s\u00e4mtliche Komponenten exakt ineinan- dergreifen, um m\u00f6glichst viel Leistung mit einem geringen Verschleiss zu kombinieren. Dadurch k\u00f6nnen die Unterhaltskosten sehr tief gehalten werden.<\/p>\n<p>&nbsp;<\/p>\n<p>Zeiss eSolutions umfasst diese vier Kernkomponenten \u2013 Batterie und Leistungs- elektronik sowie Elektromotor und Getriebe. \u00abWir sind der einzige Komplettanbieter, der die Qualit\u00e4tssicherung f\u00fcr den gesamten An- triebsstrang eines Elektrofahrzeugs abdeckt\u00bb, versichert Dr. Robert Zarnetta, Leiter f\u00fcr In- dustrielle Anwendungen.<\/p>\n","protected":false},"excerpt":{"rendered":"<p>Die zunehmende Automatisierung und durchg\u00e4ngige Vernetzung industrieller Pro- duktionssysteme treibt den Markt der Quali- t\u00e4tssicherung (QS), der dadurch einem fort- laufenden Wandel unterliegt. Dies war bei vielen Ausstellern deutlich sichtbar. Alles aus einer Hand In den letzten Jahren haben mehrere Messge- r\u00e4te-Hersteller ihre Kr\u00e4fte vereint und sich zusammengeschlossen. Einer der Gr\u00fcnde ist sicherlich, dass der [&hellip;]<\/p>\n","protected":false},"author":62,"featured_media":9964,"comment_status":"closed","ping_status":"closed","sticky":false,"template":"","format":"standard","meta":{"_acf_changed":false,"footnotes":""},"categories":[4448],"tags":[4732],"class_list":["post-9962","post","type-post","status-publish","format-standard","has-post-thumbnail","hentry","category-allgemein","tag-06-2019"],"acf":[],"yoast_head":"<!-- This site is optimized with the Yoast SEO plugin v26.2 - https:\/\/yoast.com\/wordpress\/plugins\/seo\/ -->\n<title>QS-Welt im Wandel - MQ Management und Qualit\u00e4t<\/title>\n<meta name=\"description\" content=\"Vom 7. bis 10. Mai 2019 stand die Messe Stuttgart ganz im Zeichen der Qualit\u00e4ts- sicherung. Mit 871 Ausstellern aus 33 L\u00e4ndern und \u00fcber 27 000 Besuchern war die Messe wiederum ein Erfolg.\" \/>\n<meta name=\"robots\" content=\"index, follow, max-snippet:-1, max-image-preview:large, max-video-preview:-1\" \/>\n<link rel=\"canonical\" href=\"https:\/\/www.m-q.ch\/de\/qs-welt-im-wandel\/\" \/>\n<meta property=\"og:locale\" content=\"de_DE\" \/>\n<meta property=\"og:type\" content=\"article\" \/>\n<meta property=\"og:title\" content=\"QS-Welt im Wandel - MQ Management und Qualit\u00e4t\" \/>\n<meta property=\"og:description\" content=\"Vom 7. bis 10. Mai 2019 stand die Messe Stuttgart ganz im Zeichen der Qualit\u00e4ts- sicherung. Mit 871 Ausstellern aus 33 L\u00e4ndern und \u00fcber 27 000 Besuchern war die Messe wiederum ein Erfolg.\" \/>\n<meta property=\"og:url\" content=\"https:\/\/www.m-q.ch\/de\/qs-welt-im-wandel\/\" \/>\n<meta property=\"og:site_name\" content=\"MQ Management und Qualit\u00e4t\" \/>\n<meta property=\"article:publisher\" content=\"https:\/\/www.facebook.com\/ManagementUndQualitaet\" \/>\n<meta property=\"article:published_time\" content=\"2019-06-27T13:04:27+00:00\" \/>\n<meta property=\"article:modified_time\" content=\"2021-02-08T15:36:11+00:00\" \/>\n<meta property=\"og:image\" content=\"https:\/\/www.m-q.ch\/wp-content\/uploads\/2021\/02\/QS-Welt-im-Wandel.jpg\" \/>\n\t<meta property=\"og:image:width\" content=\"800\" \/>\n\t<meta property=\"og:image:height\" content=\"579\" \/>\n\t<meta property=\"og:image:type\" content=\"image\/jpeg\" \/>\n<meta name=\"author\" content=\"upwork_2\" \/>\n<meta name=\"twitter:card\" content=\"summary_large_image\" \/>\n<meta name=\"twitter:label1\" content=\"Verfasst von\" \/>\n\t<meta name=\"twitter:data1\" content=\"upwork_2\" \/>\n\t<meta name=\"twitter:label2\" content=\"Gesch\u00e4tzte Lesezeit\" \/>\n\t<meta name=\"twitter:data2\" content=\"5\u00a0Minuten\" \/>\n<script type=\"application\/ld+json\" class=\"yoast-schema-graph\">{\"@context\":\"https:\/\/schema.org\",\"@graph\":[{\"@type\":\"Article\",\"@id\":\"https:\/\/www.m-q.ch\/qs-welt-im-wandel\/#article\",\"isPartOf\":{\"@id\":\"https:\/\/www.m-q.ch\/qs-welt-im-wandel\/\"},\"author\":{\"name\":\"upwork_2\",\"@id\":\"https:\/\/www.m-q.ch\/fr\/#\/schema\/person\/71f647a41e4a3e361e6230f5134f3ba9\"},\"headline\":\"QS-Welt im Wandel\",\"datePublished\":\"2019-06-27T13:04:27+00:00\",\"dateModified\":\"2021-02-08T15:36:11+00:00\",\"mainEntityOfPage\":{\"@id\":\"https:\/\/www.m-q.ch\/qs-welt-im-wandel\/\"},\"wordCount\":1081,\"publisher\":{\"@id\":\"https:\/\/www.m-q.ch\/fr\/#organization\"},\"image\":{\"@id\":\"https:\/\/www.m-q.ch\/qs-welt-im-wandel\/#primaryimage\"},\"thumbnailUrl\":\"https:\/\/www.m-q.ch\/wp-content\/uploads\/2021\/02\/QS-Welt-im-Wandel.jpg\",\"keywords\":[\"06\/2019\"],\"inLanguage\":\"de\"},{\"@type\":\"WebPage\",\"@id\":\"https:\/\/www.m-q.ch\/qs-welt-im-wandel\/\",\"url\":\"https:\/\/www.m-q.ch\/qs-welt-im-wandel\/\",\"name\":\"QS-Welt im Wandel - MQ Management und Qualit\u00e4t\",\"isPartOf\":{\"@id\":\"https:\/\/www.m-q.ch\/fr\/#website\"},\"primaryImageOfPage\":{\"@id\":\"https:\/\/www.m-q.ch\/qs-welt-im-wandel\/#primaryimage\"},\"image\":{\"@id\":\"https:\/\/www.m-q.ch\/qs-welt-im-wandel\/#primaryimage\"},\"thumbnailUrl\":\"https:\/\/www.m-q.ch\/wp-content\/uploads\/2021\/02\/QS-Welt-im-Wandel.jpg\",\"datePublished\":\"2019-06-27T13:04:27+00:00\",\"dateModified\":\"2021-02-08T15:36:11+00:00\",\"description\":\"Vom 7. bis 10. Mai 2019 stand die Messe Stuttgart ganz im Zeichen der Qualit\u00e4ts- sicherung. Mit 871 Ausstellern aus 33 L\u00e4ndern und \u00fcber 27 000 Besuchern war die Messe wiederum ein Erfolg.\",\"breadcrumb\":{\"@id\":\"https:\/\/www.m-q.ch\/qs-welt-im-wandel\/#breadcrumb\"},\"inLanguage\":\"de\",\"potentialAction\":[{\"@type\":\"ReadAction\",\"target\":[\"https:\/\/www.m-q.ch\/qs-welt-im-wandel\/\"]}]},{\"@type\":\"ImageObject\",\"inLanguage\":\"de\",\"@id\":\"https:\/\/www.m-q.ch\/qs-welt-im-wandel\/#primaryimage\",\"url\":\"https:\/\/www.m-q.ch\/wp-content\/uploads\/2021\/02\/QS-Welt-im-Wandel.jpg\",\"contentUrl\":\"https:\/\/www.m-q.ch\/wp-content\/uploads\/2021\/02\/QS-Welt-im-Wandel.jpg\",\"width\":800,\"height\":579,\"caption\":\"QS-Welt im Wandel\"},{\"@type\":\"BreadcrumbList\",\"@id\":\"https:\/\/www.m-q.ch\/qs-welt-im-wandel\/#breadcrumb\",\"itemListElement\":[{\"@type\":\"ListItem\",\"position\":1,\"name\":\"Allgemein\",\"item\":\"https:\/\/www.m-q.ch\/kategorie\/allgemein\/\"},{\"@type\":\"ListItem\",\"position\":2,\"name\":\"QS-Welt im Wandel\"}]},{\"@type\":\"WebSite\",\"@id\":\"https:\/\/www.m-q.ch\/fr\/#website\",\"url\":\"https:\/\/www.m-q.ch\/fr\/\",\"name\":\"MQ Management und Qualit\u00e4t\",\"description\":\"Plattform f\u00fcr integrierte Managementsysteme.\",\"publisher\":{\"@id\":\"https:\/\/www.m-q.ch\/fr\/#organization\"},\"potentialAction\":[{\"@type\":\"SearchAction\",\"target\":{\"@type\":\"EntryPoint\",\"urlTemplate\":\"https:\/\/www.m-q.ch\/fr\/?s={search_term_string}\"},\"query-input\":{\"@type\":\"PropertyValueSpecification\",\"valueRequired\":true,\"valueName\":\"search_term_string\"}}],\"inLanguage\":\"de\"},{\"@type\":\"Organization\",\"@id\":\"https:\/\/www.m-q.ch\/fr\/#organization\",\"name\":\"Galledia Fachmedien AG\",\"url\":\"https:\/\/www.m-q.ch\/fr\/\",\"logo\":{\"@type\":\"ImageObject\",\"inLanguage\":\"de\",\"@id\":\"https:\/\/www.m-q.ch\/fr\/#\/schema\/logo\/image\/\",\"url\":\"https:\/\/www.m-q.ch\/wp-content\/uploads\/2020\/12\/cropped-logo_small.png\",\"contentUrl\":\"https:\/\/www.m-q.ch\/wp-content\/uploads\/2020\/12\/cropped-logo_small.png\",\"width\":512,\"height\":512,\"caption\":\"Galledia Fachmedien AG\"},\"image\":{\"@id\":\"https:\/\/www.m-q.ch\/fr\/#\/schema\/logo\/image\/\"},\"sameAs\":[\"https:\/\/www.facebook.com\/ManagementUndQualitaet\",\"https:\/\/www.linkedin.com\/showcase\/17982321\/admin\/\"]},{\"@type\":\"Person\",\"@id\":\"https:\/\/www.m-q.ch\/fr\/#\/schema\/person\/71f647a41e4a3e361e6230f5134f3ba9\",\"name\":\"upwork_2\",\"image\":{\"@type\":\"ImageObject\",\"inLanguage\":\"de\",\"@id\":\"https:\/\/www.m-q.ch\/fr\/#\/schema\/person\/image\/\",\"url\":\"https:\/\/secure.gravatar.com\/avatar\/777b90ab56092bbf3c85feacda5c1bce?s=96&d=mm&r=g\",\"contentUrl\":\"https:\/\/secure.gravatar.com\/avatar\/777b90ab56092bbf3c85feacda5c1bce?s=96&d=mm&r=g\",\"caption\":\"upwork_2\"},\"url\":\"https:\/\/www.m-q.ch\/de\/author\/upwork_2\/\"}]}<\/script>\n<!-- \/ Yoast SEO plugin. -->","yoast_head_json":{"title":"QS-Welt im Wandel - MQ Management und Qualit\u00e4t","description":"Vom 7. bis 10. Mai 2019 stand die Messe Stuttgart ganz im Zeichen der Qualit\u00e4ts- sicherung. Mit 871 Ausstellern aus 33 L\u00e4ndern und \u00fcber 27 000 Besuchern war die Messe wiederum ein Erfolg.","robots":{"index":"index","follow":"follow","max-snippet":"max-snippet:-1","max-image-preview":"max-image-preview:large","max-video-preview":"max-video-preview:-1"},"canonical":"https:\/\/www.m-q.ch\/de\/qs-welt-im-wandel\/","og_locale":"de_DE","og_type":"article","og_title":"QS-Welt im Wandel - MQ Management und Qualit\u00e4t","og_description":"Vom 7. bis 10. Mai 2019 stand die Messe Stuttgart ganz im Zeichen der Qualit\u00e4ts- sicherung. Mit 871 Ausstellern aus 33 L\u00e4ndern und \u00fcber 27 000 Besuchern war die Messe wiederum ein Erfolg.","og_url":"https:\/\/www.m-q.ch\/de\/qs-welt-im-wandel\/","og_site_name":"MQ Management und Qualit\u00e4t","article_publisher":"https:\/\/www.facebook.com\/ManagementUndQualitaet","article_published_time":"2019-06-27T13:04:27+00:00","article_modified_time":"2021-02-08T15:36:11+00:00","og_image":[{"width":800,"height":579,"url":"https:\/\/www.m-q.ch\/wp-content\/uploads\/2021\/02\/QS-Welt-im-Wandel.jpg","type":"image\/jpeg"}],"author":"upwork_2","twitter_card":"summary_large_image","twitter_misc":{"Verfasst von":"upwork_2","Gesch\u00e4tzte Lesezeit":"5\u00a0Minuten"},"schema":{"@context":"https:\/\/schema.org","@graph":[{"@type":"Article","@id":"https:\/\/www.m-q.ch\/qs-welt-im-wandel\/#article","isPartOf":{"@id":"https:\/\/www.m-q.ch\/qs-welt-im-wandel\/"},"author":{"name":"upwork_2","@id":"https:\/\/www.m-q.ch\/fr\/#\/schema\/person\/71f647a41e4a3e361e6230f5134f3ba9"},"headline":"QS-Welt im Wandel","datePublished":"2019-06-27T13:04:27+00:00","dateModified":"2021-02-08T15:36:11+00:00","mainEntityOfPage":{"@id":"https:\/\/www.m-q.ch\/qs-welt-im-wandel\/"},"wordCount":1081,"publisher":{"@id":"https:\/\/www.m-q.ch\/fr\/#organization"},"image":{"@id":"https:\/\/www.m-q.ch\/qs-welt-im-wandel\/#primaryimage"},"thumbnailUrl":"https:\/\/www.m-q.ch\/wp-content\/uploads\/2021\/02\/QS-Welt-im-Wandel.jpg","keywords":["06\/2019"],"inLanguage":"de"},{"@type":"WebPage","@id":"https:\/\/www.m-q.ch\/qs-welt-im-wandel\/","url":"https:\/\/www.m-q.ch\/qs-welt-im-wandel\/","name":"QS-Welt im Wandel - MQ Management und Qualit\u00e4t","isPartOf":{"@id":"https:\/\/www.m-q.ch\/fr\/#website"},"primaryImageOfPage":{"@id":"https:\/\/www.m-q.ch\/qs-welt-im-wandel\/#primaryimage"},"image":{"@id":"https:\/\/www.m-q.ch\/qs-welt-im-wandel\/#primaryimage"},"thumbnailUrl":"https:\/\/www.m-q.ch\/wp-content\/uploads\/2021\/02\/QS-Welt-im-Wandel.jpg","datePublished":"2019-06-27T13:04:27+00:00","dateModified":"2021-02-08T15:36:11+00:00","description":"Vom 7. bis 10. Mai 2019 stand die Messe Stuttgart ganz im Zeichen der Qualit\u00e4ts- sicherung. Mit 871 Ausstellern aus 33 L\u00e4ndern und \u00fcber 27 000 Besuchern war die Messe wiederum ein Erfolg.","breadcrumb":{"@id":"https:\/\/www.m-q.ch\/qs-welt-im-wandel\/#breadcrumb"},"inLanguage":"de","potentialAction":[{"@type":"ReadAction","target":["https:\/\/www.m-q.ch\/qs-welt-im-wandel\/"]}]},{"@type":"ImageObject","inLanguage":"de","@id":"https:\/\/www.m-q.ch\/qs-welt-im-wandel\/#primaryimage","url":"https:\/\/www.m-q.ch\/wp-content\/uploads\/2021\/02\/QS-Welt-im-Wandel.jpg","contentUrl":"https:\/\/www.m-q.ch\/wp-content\/uploads\/2021\/02\/QS-Welt-im-Wandel.jpg","width":800,"height":579,"caption":"QS-Welt im Wandel"},{"@type":"BreadcrumbList","@id":"https:\/\/www.m-q.ch\/qs-welt-im-wandel\/#breadcrumb","itemListElement":[{"@type":"ListItem","position":1,"name":"Allgemein","item":"https:\/\/www.m-q.ch\/kategorie\/allgemein\/"},{"@type":"ListItem","position":2,"name":"QS-Welt im Wandel"}]},{"@type":"WebSite","@id":"https:\/\/www.m-q.ch\/fr\/#website","url":"https:\/\/www.m-q.ch\/fr\/","name":"MQ Management und Qualit\u00e4t","description":"Plattform f\u00fcr integrierte Managementsysteme.","publisher":{"@id":"https:\/\/www.m-q.ch\/fr\/#organization"},"potentialAction":[{"@type":"SearchAction","target":{"@type":"EntryPoint","urlTemplate":"https:\/\/www.m-q.ch\/fr\/?s={search_term_string}"},"query-input":{"@type":"PropertyValueSpecification","valueRequired":true,"valueName":"search_term_string"}}],"inLanguage":"de"},{"@type":"Organization","@id":"https:\/\/www.m-q.ch\/fr\/#organization","name":"Galledia Fachmedien AG","url":"https:\/\/www.m-q.ch\/fr\/","logo":{"@type":"ImageObject","inLanguage":"de","@id":"https:\/\/www.m-q.ch\/fr\/#\/schema\/logo\/image\/","url":"https:\/\/www.m-q.ch\/wp-content\/uploads\/2020\/12\/cropped-logo_small.png","contentUrl":"https:\/\/www.m-q.ch\/wp-content\/uploads\/2020\/12\/cropped-logo_small.png","width":512,"height":512,"caption":"Galledia Fachmedien AG"},"image":{"@id":"https:\/\/www.m-q.ch\/fr\/#\/schema\/logo\/image\/"},"sameAs":["https:\/\/www.facebook.com\/ManagementUndQualitaet","https:\/\/www.linkedin.com\/showcase\/17982321\/admin\/"]},{"@type":"Person","@id":"https:\/\/www.m-q.ch\/fr\/#\/schema\/person\/71f647a41e4a3e361e6230f5134f3ba9","name":"upwork_2","image":{"@type":"ImageObject","inLanguage":"de","@id":"https:\/\/www.m-q.ch\/fr\/#\/schema\/person\/image\/","url":"https:\/\/secure.gravatar.com\/avatar\/777b90ab56092bbf3c85feacda5c1bce?s=96&d=mm&r=g","contentUrl":"https:\/\/secure.gravatar.com\/avatar\/777b90ab56092bbf3c85feacda5c1bce?s=96&d=mm&r=g","caption":"upwork_2"},"url":"https:\/\/www.m-q.ch\/de\/author\/upwork_2\/"}]}},"_links":{"self":[{"href":"https:\/\/www.m-q.ch\/de\/wp-json\/wp\/v2\/posts\/9962","targetHints":{"allow":["GET"]}}],"collection":[{"href":"https:\/\/www.m-q.ch\/de\/wp-json\/wp\/v2\/posts"}],"about":[{"href":"https:\/\/www.m-q.ch\/de\/wp-json\/wp\/v2\/types\/post"}],"author":[{"embeddable":true,"href":"https:\/\/www.m-q.ch\/de\/wp-json\/wp\/v2\/users\/62"}],"replies":[{"embeddable":true,"href":"https:\/\/www.m-q.ch\/de\/wp-json\/wp\/v2\/comments?post=9962"}],"version-history":[{"count":2,"href":"https:\/\/www.m-q.ch\/de\/wp-json\/wp\/v2\/posts\/9962\/revisions"}],"predecessor-version":[{"id":9965,"href":"https:\/\/www.m-q.ch\/de\/wp-json\/wp\/v2\/posts\/9962\/revisions\/9965"}],"wp:featuredmedia":[{"embeddable":true,"href":"https:\/\/www.m-q.ch\/de\/wp-json\/wp\/v2\/media\/9964"}],"wp:attachment":[{"href":"https:\/\/www.m-q.ch\/de\/wp-json\/wp\/v2\/media?parent=9962"}],"wp:term":[{"taxonomy":"category","embeddable":true,"href":"https:\/\/www.m-q.ch\/de\/wp-json\/wp\/v2\/categories?post=9962"},{"taxonomy":"post_tag","embeddable":true,"href":"https:\/\/www.m-q.ch\/de\/wp-json\/wp\/v2\/tags?post=9962"}],"curies":[{"name":"wp","href":"https:\/\/api.w.org\/{rel}","templated":true}]}}