{"id":10513,"date":"2020-05-13T12:22:56","date_gmt":"2020-05-13T10:22:56","guid":{"rendered":"https:\/\/www.m-q.ch\/?p=10513"},"modified":"2021-02-10T12:27:05","modified_gmt":"2021-02-10T11:27:05","slug":"trade-fair-occupational-safety-switzerland-postponed","status":"publish","type":"post","link":"https:\/\/www.m-q.ch\/en\/fachmesse-arbeitssicherheit-schweiz-verschoben\/","title":{"rendered":"Trade fair ArbeitsSicherheit Schweiz postponed"},"content":{"rendered":"<p><img loading=\"lazy\" decoding=\"async\" class=\"alignnone  wp-image-10514\" src=\"https:\/\/www.m-q.ch\/wp-content\/uploads\/2021\/02\/05-5.jpg\" alt=\"\" width=\"812\" height=\"531\" srcset=\"https:\/\/www.m-q.ch\/wp-content\/uploads\/2021\/02\/05-5.jpg 315w, https:\/\/www.m-q.ch\/wp-content\/uploads\/2021\/02\/05-5-16x10.jpg 16w, https:\/\/www.m-q.ch\/wp-content\/uploads\/2021\/02\/05-5-268x175.jpg 268w, https:\/\/www.m-q.ch\/wp-content\/uploads\/2021\/02\/05-5-300x196.jpg 300w\" sizes=\"auto, (max-width: 812px) 100vw, 812px\" \/><\/p>\n<p>As is well known, on 16 April 2020 the Federal Council communicated its strategy for the gradual lifting of measures against the spread of the Corona pandemic. However, there is still no relief in sight for the organisers of major events. This means that trade fairs and similar events will not be permitted in May either. The organiser of the trade fairs ArbeitsSicherheit Schweiz and Swiss Corporate Fashion, boerding exposition SA, has therefore decided to postpone the event following intensive consultations with the relevant authorities and cooperation partners. In addition to the new date, it is offering additional online formats. In this way, boerding is ensuring that the occupational safety industry and corporate fashion managers can exchange ideas and provide valuable input.<\/p>\n<p><strong>Trade shows to be rescheduled for Nov. 10-12, 2020 <\/strong><\/p>\n<p>''Due to the biennial rotation of the two trade fairs, the entire project team has already been working on the preparations with all its might and enthusiasm since spring 2018. We are in very close consultation with our partners and exhibitors and always come to the same conclusion: the trade fairs will take place - as soon as circumstances permit'', summarises project manager Kirsten Maul from organiser boerding exposition SA. The new date has been set for the period from 10 to 12 November 2020, as close to the end of the year as possible to prevent any further postponement. The long-standing good cooperation with those responsible for the Bern Expo venue can also be continued for the alternative date. All bookings and tickets will thus remain valid. Kirsten Maul reveals: ''We will make good use of the time to the new date in order to promote the topic of industrial hygiene together with our partners and exhibitors. This topic will accompany the entire industry in the future, so this step is a logical consequence to upgrade our trade fairs.\" Thomas Eiche, certified occupational hygienist and scheduled expert speaker at the show, adds, \"A pandemic plan in the filing cabinet will no longer suffice.\" Building on current experience and knowledge, companies need to look for new ways to approach pandemic preparedness, he says. \"For example, many companies are currently finding that all the key positions to important areas are working together in the open plan office and are down at the same time,\" he suggests.<\/p>\n<p><strong> Dates for new event format Online Conferences fixed <\/strong><\/p>\n<p>To bridge the gap until the attendance date, online conferences will be held for the first time from 23 to 25 June. The organizer, boerding, has had great success with this virtual format in the recent past, according to reports. In 30-minute webinars, experts in occupational safety and corporate clothing will impart their know-how, after which they will answer questions from participants on their specialist topic. ''We promise all partners, speakers, exhibitors and visitors a clear communication of the next steps. We are further motivated and certain that the importance of our trade fair themes will play an even greater role in the future. We are prepared for this,'' says project manager Maul.<\/p>\n<p>Further information will be announced by the organizer shortly.<\/p>","protected":false},"excerpt":{"rendered":"<p>Am 16. April 2020 hat der Bundesrat bekanntlich seine Strategie f\u00fcr die schrittweise Aufhebung der Massnahmen gegen die Ausbreitung der Corona-Pandemie kommuniziert. F\u00fcr die Organisatoren von Grossveranstaltungen ist allerdings noch keine Entspannung in Sicht. Das bedeutet, dass auch im Mai keine Messen und \u00e4hnliche Events zugelassen sein werden. Der Veranstalter der Fachmessen ArbeitsSicherheit Schweiz und [&hellip;]<\/p>\n","protected":false},"author":60,"featured_media":10514,"comment_status":"closed","ping_status":"closed","sticky":false,"template":"","format":"standard","meta":{"_acf_changed":false,"footnotes":""},"categories":[4],"tags":[4745],"class_list":["post-10513","post","type-post","status-publish","format-standard","has-post-thumbnail","hentry","category-risikomanagement","tag-05-2020"],"acf":[],"yoast_head":"<!-- This site is optimized with the Yoast SEO plugin v26.2 - https:\/\/yoast.com\/wordpress\/plugins\/seo\/ -->\n<title>Fachmesse ArbeitsSicherheit Schweiz verschoben - MQ Management und Qualit\u00e4t<\/title>\n<meta name=\"description\" content=\"Weltweit wirkt sich die Corona-Pandemie massiv auf alle geplanten Veranstaltungender n\u00e4chsten Monate aus. Die Veranstalter der Fachmessen ArbeitsSicherheitSchweiz und Swiss Corporate Fashion verschieben die Pr\u00e4senztermine auf denZeitraum vom 10. bis 12. November 2020. Um den Zeitraum konstruktiv zu\u00fcberbr\u00fccken, bietet das Projektteam kurzfristig eine Online-Konferenz an. Diesevirtuelle Teilausgabe der beiden Veranstaltungen findet vom 23. bis 25. Juni statt.\" \/>\n<meta name=\"robots\" content=\"index, follow, max-snippet:-1, max-image-preview:large, max-video-preview:-1\" \/>\n<link rel=\"canonical\" href=\"https:\/\/www.m-q.ch\/en\/trade-fair-occupational-safety-switzerland-postponed\/\" \/>\n<meta property=\"og:locale\" content=\"en_US\" \/>\n<meta property=\"og:type\" content=\"article\" \/>\n<meta property=\"og:title\" content=\"Fachmesse ArbeitsSicherheit Schweiz verschoben - MQ Management und Qualit\u00e4t\" \/>\n<meta property=\"og:description\" content=\"Weltweit wirkt sich die Corona-Pandemie massiv auf alle geplanten Veranstaltungender n\u00e4chsten Monate aus. Die Veranstalter der Fachmessen ArbeitsSicherheitSchweiz und Swiss Corporate Fashion verschieben die Pr\u00e4senztermine auf denZeitraum vom 10. bis 12. November 2020. Um den Zeitraum konstruktiv zu\u00fcberbr\u00fccken, bietet das Projektteam kurzfristig eine Online-Konferenz an. Diesevirtuelle Teilausgabe der beiden Veranstaltungen findet vom 23. bis 25. Juni statt.\" \/>\n<meta property=\"og:url\" content=\"https:\/\/www.m-q.ch\/en\/trade-fair-occupational-safety-switzerland-postponed\/\" \/>\n<meta property=\"og:site_name\" content=\"MQ Management und Qualit\u00e4t\" \/>\n<meta property=\"article:publisher\" content=\"https:\/\/www.facebook.com\/ManagementUndQualitaet\" \/>\n<meta property=\"article:published_time\" content=\"2020-05-13T10:22:56+00:00\" \/>\n<meta property=\"article:modified_time\" content=\"2021-02-10T11:27:05+00:00\" \/>\n<meta property=\"og:image\" content=\"https:\/\/www.m-q.ch\/wp-content\/uploads\/2021\/02\/05-5.jpg\" \/>\n\t<meta property=\"og:image:width\" content=\"315\" \/>\n\t<meta property=\"og:image:height\" content=\"206\" \/>\n\t<meta property=\"og:image:type\" content=\"image\/jpeg\" \/>\n<meta name=\"author\" content=\"upwork\" \/>\n<meta name=\"twitter:card\" content=\"summary_large_image\" \/>\n<meta name=\"twitter:label1\" content=\"Written by\" \/>\n\t<meta name=\"twitter:data1\" content=\"upwork\" \/>\n\t<meta name=\"twitter:label2\" content=\"Est. reading time\" \/>\n\t<meta name=\"twitter:data2\" content=\"2 minutes\" \/>\n<script type=\"application\/ld+json\" class=\"yoast-schema-graph\">{\"@context\":\"https:\/\/schema.org\",\"@graph\":[{\"@type\":\"Article\",\"@id\":\"https:\/\/www.m-q.ch\/fachmesse-arbeitssicherheit-schweiz-verschoben\/#article\",\"isPartOf\":{\"@id\":\"https:\/\/www.m-q.ch\/fachmesse-arbeitssicherheit-schweiz-verschoben\/\"},\"author\":{\"name\":\"upwork\",\"@id\":\"https:\/\/www.m-q.ch\/fr\/#\/schema\/person\/6044ff1d138701fac0f63fd4c5c93267\"},\"headline\":\"Fachmesse ArbeitsSicherheit Schweiz verschoben\",\"datePublished\":\"2020-05-13T10:22:56+00:00\",\"dateModified\":\"2021-02-10T11:27:05+00:00\",\"mainEntityOfPage\":{\"@id\":\"https:\/\/www.m-q.ch\/fachmesse-arbeitssicherheit-schweiz-verschoben\/\"},\"wordCount\":471,\"publisher\":{\"@id\":\"https:\/\/www.m-q.ch\/fr\/#organization\"},\"image\":{\"@id\":\"https:\/\/www.m-q.ch\/fachmesse-arbeitssicherheit-schweiz-verschoben\/#primaryimage\"},\"thumbnailUrl\":\"https:\/\/www.m-q.ch\/wp-content\/uploads\/2021\/02\/05-5.jpg\",\"keywords\":[\"05\/2020\"],\"articleSection\":[\"Risikomanagement\"],\"inLanguage\":\"en-US\"},{\"@type\":\"WebPage\",\"@id\":\"https:\/\/www.m-q.ch\/fachmesse-arbeitssicherheit-schweiz-verschoben\/\",\"url\":\"https:\/\/www.m-q.ch\/fachmesse-arbeitssicherheit-schweiz-verschoben\/\",\"name\":\"Fachmesse ArbeitsSicherheit Schweiz verschoben - MQ Management und Qualit\u00e4t\",\"isPartOf\":{\"@id\":\"https:\/\/www.m-q.ch\/fr\/#website\"},\"primaryImageOfPage\":{\"@id\":\"https:\/\/www.m-q.ch\/fachmesse-arbeitssicherheit-schweiz-verschoben\/#primaryimage\"},\"image\":{\"@id\":\"https:\/\/www.m-q.ch\/fachmesse-arbeitssicherheit-schweiz-verschoben\/#primaryimage\"},\"thumbnailUrl\":\"https:\/\/www.m-q.ch\/wp-content\/uploads\/2021\/02\/05-5.jpg\",\"datePublished\":\"2020-05-13T10:22:56+00:00\",\"dateModified\":\"2021-02-10T11:27:05+00:00\",\"description\":\"Weltweit wirkt sich die Corona-Pandemie massiv auf alle geplanten Veranstaltungender n\u00e4chsten Monate aus. Die Veranstalter der Fachmessen ArbeitsSicherheitSchweiz und Swiss Corporate Fashion verschieben die Pr\u00e4senztermine auf denZeitraum vom 10. bis 12. November 2020. Um den Zeitraum konstruktiv zu\u00fcberbr\u00fccken, bietet das Projektteam kurzfristig eine Online-Konferenz an. Diesevirtuelle Teilausgabe der beiden Veranstaltungen findet vom 23. bis 25. Juni statt.\",\"breadcrumb\":{\"@id\":\"https:\/\/www.m-q.ch\/fachmesse-arbeitssicherheit-schweiz-verschoben\/#breadcrumb\"},\"inLanguage\":\"en-US\",\"potentialAction\":[{\"@type\":\"ReadAction\",\"target\":[\"https:\/\/www.m-q.ch\/fachmesse-arbeitssicherheit-schweiz-verschoben\/\"]}]},{\"@type\":\"ImageObject\",\"inLanguage\":\"en-US\",\"@id\":\"https:\/\/www.m-q.ch\/fachmesse-arbeitssicherheit-schweiz-verschoben\/#primaryimage\",\"url\":\"https:\/\/www.m-q.ch\/wp-content\/uploads\/2021\/02\/05-5.jpg\",\"contentUrl\":\"https:\/\/www.m-q.ch\/wp-content\/uploads\/2021\/02\/05-5.jpg\",\"width\":315,\"height\":206},{\"@type\":\"BreadcrumbList\",\"@id\":\"https:\/\/www.m-q.ch\/fachmesse-arbeitssicherheit-schweiz-verschoben\/#breadcrumb\",\"itemListElement\":[{\"@type\":\"ListItem\",\"position\":1,\"name\":\"Risikomanagement\",\"item\":\"https:\/\/www.m-q.ch\/kategorie\/risikomanagement\/\"},{\"@type\":\"ListItem\",\"position\":2,\"name\":\"Fachmesse ArbeitsSicherheit Schweiz verschoben\"}]},{\"@type\":\"WebSite\",\"@id\":\"https:\/\/www.m-q.ch\/fr\/#website\",\"url\":\"https:\/\/www.m-q.ch\/fr\/\",\"name\":\"MQ Management und Qualit\u00e4t\",\"description\":\"Plattform f\u00fcr integrierte Managementsysteme.\",\"publisher\":{\"@id\":\"https:\/\/www.m-q.ch\/fr\/#organization\"},\"potentialAction\":[{\"@type\":\"SearchAction\",\"target\":{\"@type\":\"EntryPoint\",\"urlTemplate\":\"https:\/\/www.m-q.ch\/fr\/?s={search_term_string}\"},\"query-input\":{\"@type\":\"PropertyValueSpecification\",\"valueRequired\":true,\"valueName\":\"search_term_string\"}}],\"inLanguage\":\"en-US\"},{\"@type\":\"Organization\",\"@id\":\"https:\/\/www.m-q.ch\/fr\/#organization\",\"name\":\"Galledia Fachmedien AG\",\"url\":\"https:\/\/www.m-q.ch\/fr\/\",\"logo\":{\"@type\":\"ImageObject\",\"inLanguage\":\"en-US\",\"@id\":\"https:\/\/www.m-q.ch\/fr\/#\/schema\/logo\/image\/\",\"url\":\"https:\/\/www.m-q.ch\/wp-content\/uploads\/2020\/12\/cropped-logo_small.png\",\"contentUrl\":\"https:\/\/www.m-q.ch\/wp-content\/uploads\/2020\/12\/cropped-logo_small.png\",\"width\":512,\"height\":512,\"caption\":\"Galledia Fachmedien AG\"},\"image\":{\"@id\":\"https:\/\/www.m-q.ch\/fr\/#\/schema\/logo\/image\/\"},\"sameAs\":[\"https:\/\/www.facebook.com\/ManagementUndQualitaet\",\"https:\/\/www.linkedin.com\/showcase\/17982321\/admin\/\"]},{\"@type\":\"Person\",\"@id\":\"https:\/\/www.m-q.ch\/fr\/#\/schema\/person\/6044ff1d138701fac0f63fd4c5c93267\",\"name\":\"upwork\",\"image\":{\"@type\":\"ImageObject\",\"inLanguage\":\"en-US\",\"@id\":\"https:\/\/www.m-q.ch\/fr\/#\/schema\/person\/image\/\",\"url\":\"https:\/\/secure.gravatar.com\/avatar\/fe2de2b04483edb0f28eb7fd34d15d6c?s=96&d=mm&r=g\",\"contentUrl\":\"https:\/\/secure.gravatar.com\/avatar\/fe2de2b04483edb0f28eb7fd34d15d6c?s=96&d=mm&r=g\",\"caption\":\"upwork\"},\"description\":\"uf3J7(qCI6jN0^0y6%%0ti70\",\"url\":\"https:\/\/www.m-q.ch\/en\/author\/upwork\/\"}]}<\/script>\n<!-- \/ Yoast SEO plugin. -->","yoast_head_json":{"title":"Trade fair ArbeitsSicherheit Schweiz postponed - MQ Management und Qualit\u00e4t","description":"The Corona pandemic is having a massive impact on all the events planned for the coming months. The organisers of the ArbeitsSicherheitSchweiz and Swiss Corporate Fashion trade fairs are postponing the attendance dates to the period from 10 to 12 November 2020. In order to bridge the period constructively, the project team is offering an online conference at short notice. This virtual partial edition of the two events will take place from 23 to 25 June.","robots":{"index":"index","follow":"follow","max-snippet":"max-snippet:-1","max-image-preview":"max-image-preview:large","max-video-preview":"max-video-preview:-1"},"canonical":"https:\/\/www.m-q.ch\/en\/trade-fair-occupational-safety-switzerland-postponed\/","og_locale":"en_US","og_type":"article","og_title":"Fachmesse ArbeitsSicherheit Schweiz verschoben - MQ Management und Qualit\u00e4t","og_description":"Weltweit wirkt sich die Corona-Pandemie massiv auf alle geplanten Veranstaltungender n\u00e4chsten Monate aus. Die Veranstalter der Fachmessen ArbeitsSicherheitSchweiz und Swiss Corporate Fashion verschieben die Pr\u00e4senztermine auf denZeitraum vom 10. bis 12. November 2020. Um den Zeitraum konstruktiv zu\u00fcberbr\u00fccken, bietet das Projektteam kurzfristig eine Online-Konferenz an. Diesevirtuelle Teilausgabe der beiden Veranstaltungen findet vom 23. bis 25. Juni statt.","og_url":"https:\/\/www.m-q.ch\/en\/trade-fair-occupational-safety-switzerland-postponed\/","og_site_name":"MQ Management und Qualit\u00e4t","article_publisher":"https:\/\/www.facebook.com\/ManagementUndQualitaet","article_published_time":"2020-05-13T10:22:56+00:00","article_modified_time":"2021-02-10T11:27:05+00:00","og_image":[{"width":315,"height":206,"url":"https:\/\/www.m-q.ch\/wp-content\/uploads\/2021\/02\/05-5.jpg","type":"image\/jpeg"}],"author":"upwork","twitter_card":"summary_large_image","twitter_misc":{"Written by":"upwork","Est. reading time":"2 minutes"},"schema":{"@context":"https:\/\/schema.org","@graph":[{"@type":"Article","@id":"https:\/\/www.m-q.ch\/fachmesse-arbeitssicherheit-schweiz-verschoben\/#article","isPartOf":{"@id":"https:\/\/www.m-q.ch\/fachmesse-arbeitssicherheit-schweiz-verschoben\/"},"author":{"name":"upwork","@id":"https:\/\/www.m-q.ch\/fr\/#\/schema\/person\/6044ff1d138701fac0f63fd4c5c93267"},"headline":"Fachmesse ArbeitsSicherheit Schweiz verschoben","datePublished":"2020-05-13T10:22:56+00:00","dateModified":"2021-02-10T11:27:05+00:00","mainEntityOfPage":{"@id":"https:\/\/www.m-q.ch\/fachmesse-arbeitssicherheit-schweiz-verschoben\/"},"wordCount":471,"publisher":{"@id":"https:\/\/www.m-q.ch\/fr\/#organization"},"image":{"@id":"https:\/\/www.m-q.ch\/fachmesse-arbeitssicherheit-schweiz-verschoben\/#primaryimage"},"thumbnailUrl":"https:\/\/www.m-q.ch\/wp-content\/uploads\/2021\/02\/05-5.jpg","keywords":["05\/2020"],"articleSection":["Risikomanagement"],"inLanguage":"en-US"},{"@type":"WebPage","@id":"https:\/\/www.m-q.ch\/fachmesse-arbeitssicherheit-schweiz-verschoben\/","url":"https:\/\/www.m-q.ch\/fachmesse-arbeitssicherheit-schweiz-verschoben\/","name":"Trade fair ArbeitsSicherheit Schweiz postponed - MQ Management und Qualit\u00e4t","isPartOf":{"@id":"https:\/\/www.m-q.ch\/fr\/#website"},"primaryImageOfPage":{"@id":"https:\/\/www.m-q.ch\/fachmesse-arbeitssicherheit-schweiz-verschoben\/#primaryimage"},"image":{"@id":"https:\/\/www.m-q.ch\/fachmesse-arbeitssicherheit-schweiz-verschoben\/#primaryimage"},"thumbnailUrl":"https:\/\/www.m-q.ch\/wp-content\/uploads\/2021\/02\/05-5.jpg","datePublished":"2020-05-13T10:22:56+00:00","dateModified":"2021-02-10T11:27:05+00:00","description":"The Corona pandemic is having a massive impact on all the events planned for the coming months. The organisers of the ArbeitsSicherheitSchweiz and Swiss Corporate Fashion trade fairs are postponing the attendance dates to the period from 10 to 12 November 2020. In order to bridge the period constructively, the project team is offering an online conference at short notice. This virtual partial edition of the two events will take place from 23 to 25 June.","breadcrumb":{"@id":"https:\/\/www.m-q.ch\/fachmesse-arbeitssicherheit-schweiz-verschoben\/#breadcrumb"},"inLanguage":"en-US","potentialAction":[{"@type":"ReadAction","target":["https:\/\/www.m-q.ch\/fachmesse-arbeitssicherheit-schweiz-verschoben\/"]}]},{"@type":"ImageObject","inLanguage":"en-US","@id":"https:\/\/www.m-q.ch\/fachmesse-arbeitssicherheit-schweiz-verschoben\/#primaryimage","url":"https:\/\/www.m-q.ch\/wp-content\/uploads\/2021\/02\/05-5.jpg","contentUrl":"https:\/\/www.m-q.ch\/wp-content\/uploads\/2021\/02\/05-5.jpg","width":315,"height":206},{"@type":"BreadcrumbList","@id":"https:\/\/www.m-q.ch\/fachmesse-arbeitssicherheit-schweiz-verschoben\/#breadcrumb","itemListElement":[{"@type":"ListItem","position":1,"name":"Risikomanagement","item":"https:\/\/www.m-q.ch\/kategorie\/risikomanagement\/"},{"@type":"ListItem","position":2,"name":"Fachmesse ArbeitsSicherheit Schweiz verschoben"}]},{"@type":"WebSite","@id":"https:\/\/www.m-q.ch\/fr\/#website","url":"https:\/\/www.m-q.ch\/fr\/","name":"MQ Management and Quality","description":"Platform for integrated management systems.","publisher":{"@id":"https:\/\/www.m-q.ch\/fr\/#organization"},"potentialAction":[{"@type":"SearchAction","target":{"@type":"EntryPoint","urlTemplate":"https:\/\/www.m-q.ch\/fr\/?s={search_term_string}"},"query-input":{"@type":"PropertyValueSpecification","valueRequired":true,"valueName":"search_term_string"}}],"inLanguage":"en-US"},{"@type":"Organization","@id":"https:\/\/www.m-q.ch\/fr\/#organization","name":"Galledia Trade Media AG","url":"https:\/\/www.m-q.ch\/fr\/","logo":{"@type":"ImageObject","inLanguage":"en-US","@id":"https:\/\/www.m-q.ch\/fr\/#\/schema\/logo\/image\/","url":"https:\/\/www.m-q.ch\/wp-content\/uploads\/2020\/12\/cropped-logo_small.png","contentUrl":"https:\/\/www.m-q.ch\/wp-content\/uploads\/2020\/12\/cropped-logo_small.png","width":512,"height":512,"caption":"Galledia Fachmedien AG"},"image":{"@id":"https:\/\/www.m-q.ch\/fr\/#\/schema\/logo\/image\/"},"sameAs":["https:\/\/www.facebook.com\/ManagementUndQualitaet","https:\/\/www.linkedin.com\/showcase\/17982321\/admin\/"]},{"@type":"Person","@id":"https:\/\/www.m-q.ch\/fr\/#\/schema\/person\/6044ff1d138701fac0f63fd4c5c93267","name":"upwork","image":{"@type":"ImageObject","inLanguage":"en-US","@id":"https:\/\/www.m-q.ch\/fr\/#\/schema\/person\/image\/","url":"https:\/\/secure.gravatar.com\/avatar\/fe2de2b04483edb0f28eb7fd34d15d6c?s=96&d=mm&r=g","contentUrl":"https:\/\/secure.gravatar.com\/avatar\/fe2de2b04483edb0f28eb7fd34d15d6c?s=96&d=mm&r=g","caption":"upwork"},"description":"uf3J7(qCI6jN0^0y6%%0ti70","url":"https:\/\/www.m-q.ch\/en\/author\/upwork\/"}]}},"_links":{"self":[{"href":"https:\/\/www.m-q.ch\/en\/wp-json\/wp\/v2\/posts\/10513","targetHints":{"allow":["GET"]}}],"collection":[{"href":"https:\/\/www.m-q.ch\/en\/wp-json\/wp\/v2\/posts"}],"about":[{"href":"https:\/\/www.m-q.ch\/en\/wp-json\/wp\/v2\/types\/post"}],"author":[{"embeddable":true,"href":"https:\/\/www.m-q.ch\/en\/wp-json\/wp\/v2\/users\/60"}],"replies":[{"embeddable":true,"href":"https:\/\/www.m-q.ch\/en\/wp-json\/wp\/v2\/comments?post=10513"}],"version-history":[{"count":1,"href":"https:\/\/www.m-q.ch\/en\/wp-json\/wp\/v2\/posts\/10513\/revisions"}],"predecessor-version":[{"id":10516,"href":"https:\/\/www.m-q.ch\/en\/wp-json\/wp\/v2\/posts\/10513\/revisions\/10516"}],"wp:featuredmedia":[{"embeddable":true,"href":"https:\/\/www.m-q.ch\/en\/wp-json\/wp\/v2\/media\/10514"}],"wp:attachment":[{"href":"https:\/\/www.m-q.ch\/en\/wp-json\/wp\/v2\/media?parent=10513"}],"wp:term":[{"taxonomy":"category","embeddable":true,"href":"https:\/\/www.m-q.ch\/en\/wp-json\/wp\/v2\/categories?post=10513"},{"taxonomy":"post_tag","embeddable":true,"href":"https:\/\/www.m-q.ch\/en\/wp-json\/wp\/v2\/tags?post=10513"}],"curies":[{"name":"wp","href":"https:\/\/api.w.org\/{rel}","templated":true}]}}