{"id":10751,"date":"2020-04-13T11:49:08","date_gmt":"2020-04-13T09:49:08","guid":{"rendered":"https:\/\/www.m-q.ch\/?p=10751"},"modified":"2021-02-11T11:52:48","modified_gmt":"2021-02-11T10:52:48","slug":"self-organization-in-geriatric-and-nursing-care","status":"publish","type":"post","link":"https:\/\/www.m-q.ch\/en\/selbstorganisation-in-der-alten-und-krankenpflege\/","title":{"rendered":"Self-organisation in the care of the elderly and the sick"},"content":{"rendered":"<p><img loading=\"lazy\" decoding=\"async\" class=\"alignnone  wp-image-10754\" src=\"https:\/\/www.m-q.ch\/wp-content\/uploads\/2021\/02\/05-6.jpg\" alt=\"\" width=\"829\" height=\"707\" srcset=\"https:\/\/www.m-q.ch\/wp-content\/uploads\/2021\/02\/05-6.jpg 225w, https:\/\/www.m-q.ch\/wp-content\/uploads\/2021\/02\/05-6-14x12.jpg 14w, https:\/\/www.m-q.ch\/wp-content\/uploads\/2021\/02\/05-6-205x175.jpg 205w\" sizes=\"auto, (max-width: 829px) 100vw, 829px\" \/><\/p>\n<p>&nbsp;<\/p>\n<p>On the organisation chart that Karin Koch-Haug calls up on the screen, the name of the manager is missing for many units. \"These Spitex centres are run by the teams themselves,\" confirms the nursing specialist at the Schwamendingen centre of Spitex Z\u00fcrich Limmat AG. Originally, the self-organized teams were intended as a one-time pilot test at the Schwamendingen center. The Dutch care provider \"Buurtzorg\" provided the model (see previous article). At the first information events on the pilot, it became clear that many employees wanted to participate in this project despite initial doubts and unanswered questions, recalls nursing specialist Heike Hustig, who had been involved in the pilot in Schwamendingen from the beginning. Since 2018, Spitex Z\u00fcrich Limmat AG has been gradually converting all its Spitex centres to self-organised teams. This year, the last three centers are to follow. One of the triggers for the changeover was customer satisfaction, as Heike Hustig reports: \"We wanted to increase continuity so that customers are always cared for by the same person, if possible.\" This is easier if the scheduling is done by the team responsible for it.<\/p>\n<p><strong>The freedom of the teams <\/strong><\/p>\n<p>Today, the teams decide almost all operational matters themselves. There are no longer any centre managers or team leaders for coordination. Thus, the teams of the Schwamendingen centre have divided \"their neighbourhood\" among themselves, whose care clients they now look after independently. This also clarifies the responsibilities for customer care. Management tasks such as planning (deployment and duty rosters) or finances (budget, workload) are distributed among individual roles (batches) in the team. These roles can be found in all teams; in addition, a team can create further roles. In the Schwamendingen centre, for example, one team member is responsible for applications. And of course, in the end, the team decides which person it wants to hire.<\/p>\n<p>However, Spitex Z\u00fcrich Limmat AG is not completely self-organized. There is still a central management for the entire company as well as a support center. This ensures important support functions such as finance, IT or real estate. These issues have to be solved centrally because they are complex or because of efficiency, as Christina Brunnschweiler, CEO of Spitex Z\u00fcrich Limmat AG, explains. The legal requirements in Switzerland are more complex than in the Netherlands, she says, referring to the Buurtzorg model.<\/p>\n<p>In addition to the basic infrastructure, the management also specifies the productivity (billable hours) and the quality standards. The individual Spitex centres are therefore controlled by objectives and framework conditions. Christina Brunnschweiler uses the image of a furnished apartment that is made available to the teams. However, the teams have to do their own housekeeping. They are supported by various coaches. The HR coach helps with personnel questions and takes over the pre-selection for recruitments. The project coach advises on structural issues and the quality manager supports the teams in quality assurance. Regarding her own role as CEO, Christina Brunnschweiler says: \"We need an authority that provides orientation and sets the framework. I also act as an external contact person, for example for contracts and cost approvals.<\/p>\n<p><strong>A balance sheet <\/strong><\/p>\n<p>With the changeover, employees take responsibility for issues that are otherwise the responsibility of superiors. Even the birthday cards for customers and colleagues are now taken care of by a team member. This requires a sense of duty, emphasises Karin Koch-Haug. \"That's why employees have also resigned. Some people just want to do their job and not take care of the business,\" she concludes. Nevertheless, the fluctuation has remained relatively low.<\/p>\n<p>Many managers had to find a new role in the company. Some became coaches. For example, a former center director now works as a project coach. Other managers left the company. There were individual plans for the transition. Managers were informed early on so that most could adjust. In retrospect, Karin Koch-Haug says that the step-by-step introduction with a pilot center proved to be successful. A simultaneous conversion of the entire company to self-organisation was unrealistic because of the time required. \"Despite great enthusiasm, we needed a period of adjustment,\" she explains. For example, management tasks were only gradually distributed from the old positions to the teams. For this, there was support from coaches, who also moderated the numerous meetings.<\/p>\n<p><strong>Insights for other companies<\/strong><\/p>\n<p>Spitex Z\u00fcrich Limmat AG has chosen a pragmatic path and sought a balance between pure teaching of self-organization and the possibilities on site. This distinguishes it from a start-up that can build its organization from scratch. Various voices from the professional world confirm the path taken by Spitex Z\u00fcrich Limmat AG by advising companies to find their own, tailor-made form of self-organisation. Last but not least, regulatory requirements can limit the possibilities of self-organisation. Here, other industries, such as IT or the media, have an advantage over the healthcare sector. The pragmatic approach of Spitex Z\u00fcrich Limmat AG includes the gradual changeover, because the company first wanted to gain experience with the new form of organization. This was done entirely in the spirit of continuous improvement, which required a certain amount of effort in terms of communication and reflection. This approach has the advantage that the remaining branches of the company can take the pilot teams as a model and benefit from their know-how.<\/p>\n<p>The example of Spitex Z\u00fcrich Limmat AG also shows what the benefits of self-organization can be: an increase in customer satisfaction and greater motivation among employees. For the customers, the result was an increase in quality, as surveys and personal feedback show. Care customers now always have the same contact person and can reach them directly via a team telephone number. It is possible to respond to individual customer requests quickly and flexibly. \"But satisfaction within the team has also increased,\" confirms Karin Koch-Haug. \"We have much more scope for creativity. In addition, it strengthens team cohesion when we can recruit our own people, for example.\" Regardless of the effort involved in the changeover, neither Karin Koch-Haug nor Heike Hustig want to go back to the old structure.<\/p>","protected":false},"excerpt":{"rendered":"<p>&nbsp; Auf dem Organigramm, das Karin Koch-Haug am Bildschirm aufruft, fehlt bei vielen Einheiten der Name der Leitungsperson. \u00abDiese Spitex-Zentren werden von den Teams selbst gef\u00fchrt\u00bb, best\u00e4tigt die Pflegefachfrau des Zentrums Schwamendingen der Spitex Z\u00fcrich Limmat AG. Urspr\u00fcnglich waren die selbstorganisierten Teams als einmaliger Pilotversuch im Zentrum Schwamendingen gedacht. Das Vorbild lieferte der niederl\u00e4ndische Pflegeanbieter [&hellip;]<\/p>\n","protected":false},"author":60,"featured_media":10754,"comment_status":"closed","ping_status":"closed","sticky":false,"template":"","format":"standard","meta":{"_acf_changed":false,"footnotes":""},"categories":[4448],"tags":[4754],"class_list":["post-10751","post","type-post","status-publish","format-standard","has-post-thumbnail","hentry","category-allgemein","tag-04-2020"],"acf":[],"yoast_head":"<!-- This site is optimized with the Yoast SEO plugin v26.2 - https:\/\/yoast.com\/wordpress\/plugins\/seo\/ -->\n<title>Selbstorganisation in der Alten- und Krankenpflege - MQ Management und Qualit\u00e4t<\/title>\n<meta name=\"description\" content=\"Selbstorganisation ist in Mode. Zahlreiche Modelle besch\u00e4ftigen Fachwelt undF\u00fchrungskr\u00e4fte. Wie Selbstorganisation in einer Gesundheitsorganisation konkretaussehen kann, zeigt das Beispiel der Spitex Z\u00fcrich Limmat AG.\" \/>\n<meta name=\"robots\" content=\"index, follow, max-snippet:-1, max-image-preview:large, max-video-preview:-1\" \/>\n<link rel=\"canonical\" href=\"https:\/\/www.m-q.ch\/en\/self-organization-in-geriatric-and-nursing-care\/\" \/>\n<meta property=\"og:locale\" content=\"en_US\" \/>\n<meta property=\"og:type\" content=\"article\" \/>\n<meta property=\"og:title\" content=\"Selbstorganisation in der Alten- und Krankenpflege - MQ Management und Qualit\u00e4t\" \/>\n<meta property=\"og:description\" content=\"Selbstorganisation ist in Mode. Zahlreiche Modelle besch\u00e4ftigen Fachwelt undF\u00fchrungskr\u00e4fte. Wie Selbstorganisation in einer Gesundheitsorganisation konkretaussehen kann, zeigt das Beispiel der Spitex Z\u00fcrich Limmat AG.\" \/>\n<meta property=\"og:url\" content=\"https:\/\/www.m-q.ch\/en\/self-organization-in-geriatric-and-nursing-care\/\" \/>\n<meta property=\"og:site_name\" content=\"MQ Management und Qualit\u00e4t\" \/>\n<meta property=\"article:publisher\" content=\"https:\/\/www.facebook.com\/ManagementUndQualitaet\" \/>\n<meta property=\"article:published_time\" content=\"2020-04-13T09:49:08+00:00\" \/>\n<meta property=\"article:modified_time\" content=\"2021-02-11T10:52:48+00:00\" \/>\n<meta property=\"og:image\" content=\"https:\/\/www.m-q.ch\/wp-content\/uploads\/2021\/02\/05-6.jpg\" \/>\n\t<meta property=\"og:image:width\" content=\"225\" \/>\n\t<meta property=\"og:image:height\" content=\"192\" \/>\n\t<meta property=\"og:image:type\" content=\"image\/jpeg\" \/>\n<meta name=\"author\" content=\"upwork\" \/>\n<meta name=\"twitter:card\" content=\"summary_large_image\" \/>\n<meta name=\"twitter:label1\" content=\"Written by\" \/>\n\t<meta name=\"twitter:data1\" content=\"upwork\" \/>\n\t<meta name=\"twitter:label2\" content=\"Est. reading time\" \/>\n\t<meta name=\"twitter:data2\" content=\"5 minutes\" \/>\n<script type=\"application\/ld+json\" class=\"yoast-schema-graph\">{\"@context\":\"https:\/\/schema.org\",\"@graph\":[{\"@type\":\"Article\",\"@id\":\"https:\/\/www.m-q.ch\/selbstorganisation-in-der-alten-und-krankenpflege\/#article\",\"isPartOf\":{\"@id\":\"https:\/\/www.m-q.ch\/selbstorganisation-in-der-alten-und-krankenpflege\/\"},\"author\":{\"name\":\"upwork\",\"@id\":\"https:\/\/www.m-q.ch\/fr\/#\/schema\/person\/6044ff1d138701fac0f63fd4c5c93267\"},\"headline\":\"Selbstorganisation in der Alten- und Krankenpflege\",\"datePublished\":\"2020-04-13T09:49:08+00:00\",\"dateModified\":\"2021-02-11T10:52:48+00:00\",\"mainEntityOfPage\":{\"@id\":\"https:\/\/www.m-q.ch\/selbstorganisation-in-der-alten-und-krankenpflege\/\"},\"wordCount\":1004,\"publisher\":{\"@id\":\"https:\/\/www.m-q.ch\/fr\/#organization\"},\"image\":{\"@id\":\"https:\/\/www.m-q.ch\/selbstorganisation-in-der-alten-und-krankenpflege\/#primaryimage\"},\"thumbnailUrl\":\"https:\/\/www.m-q.ch\/wp-content\/uploads\/2021\/02\/05-6.jpg\",\"keywords\":[\"04\/2020\"],\"articleSection\":[\"Allgemein\"],\"inLanguage\":\"en-US\"},{\"@type\":\"WebPage\",\"@id\":\"https:\/\/www.m-q.ch\/selbstorganisation-in-der-alten-und-krankenpflege\/\",\"url\":\"https:\/\/www.m-q.ch\/selbstorganisation-in-der-alten-und-krankenpflege\/\",\"name\":\"Selbstorganisation in der Alten- und Krankenpflege - MQ Management und Qualit\u00e4t\",\"isPartOf\":{\"@id\":\"https:\/\/www.m-q.ch\/fr\/#website\"},\"primaryImageOfPage\":{\"@id\":\"https:\/\/www.m-q.ch\/selbstorganisation-in-der-alten-und-krankenpflege\/#primaryimage\"},\"image\":{\"@id\":\"https:\/\/www.m-q.ch\/selbstorganisation-in-der-alten-und-krankenpflege\/#primaryimage\"},\"thumbnailUrl\":\"https:\/\/www.m-q.ch\/wp-content\/uploads\/2021\/02\/05-6.jpg\",\"datePublished\":\"2020-04-13T09:49:08+00:00\",\"dateModified\":\"2021-02-11T10:52:48+00:00\",\"description\":\"Selbstorganisation ist in Mode. Zahlreiche Modelle besch\u00e4ftigen Fachwelt undF\u00fchrungskr\u00e4fte. Wie Selbstorganisation in einer Gesundheitsorganisation konkretaussehen kann, zeigt das Beispiel der Spitex Z\u00fcrich Limmat AG.\",\"breadcrumb\":{\"@id\":\"https:\/\/www.m-q.ch\/selbstorganisation-in-der-alten-und-krankenpflege\/#breadcrumb\"},\"inLanguage\":\"en-US\",\"potentialAction\":[{\"@type\":\"ReadAction\",\"target\":[\"https:\/\/www.m-q.ch\/selbstorganisation-in-der-alten-und-krankenpflege\/\"]}]},{\"@type\":\"ImageObject\",\"inLanguage\":\"en-US\",\"@id\":\"https:\/\/www.m-q.ch\/selbstorganisation-in-der-alten-und-krankenpflege\/#primaryimage\",\"url\":\"https:\/\/www.m-q.ch\/wp-content\/uploads\/2021\/02\/05-6.jpg\",\"contentUrl\":\"https:\/\/www.m-q.ch\/wp-content\/uploads\/2021\/02\/05-6.jpg\",\"width\":225,\"height\":192},{\"@type\":\"BreadcrumbList\",\"@id\":\"https:\/\/www.m-q.ch\/selbstorganisation-in-der-alten-und-krankenpflege\/#breadcrumb\",\"itemListElement\":[{\"@type\":\"ListItem\",\"position\":1,\"name\":\"Allgemein\",\"item\":\"https:\/\/www.m-q.ch\/kategorie\/allgemein\/\"},{\"@type\":\"ListItem\",\"position\":2,\"name\":\"Selbstorganisation in der Alten- und Krankenpflege\"}]},{\"@type\":\"WebSite\",\"@id\":\"https:\/\/www.m-q.ch\/fr\/#website\",\"url\":\"https:\/\/www.m-q.ch\/fr\/\",\"name\":\"MQ Management und Qualit\u00e4t\",\"description\":\"Plattform f\u00fcr integrierte Managementsysteme.\",\"publisher\":{\"@id\":\"https:\/\/www.m-q.ch\/fr\/#organization\"},\"potentialAction\":[{\"@type\":\"SearchAction\",\"target\":{\"@type\":\"EntryPoint\",\"urlTemplate\":\"https:\/\/www.m-q.ch\/fr\/?s={search_term_string}\"},\"query-input\":{\"@type\":\"PropertyValueSpecification\",\"valueRequired\":true,\"valueName\":\"search_term_string\"}}],\"inLanguage\":\"en-US\"},{\"@type\":\"Organization\",\"@id\":\"https:\/\/www.m-q.ch\/fr\/#organization\",\"name\":\"Galledia Fachmedien AG\",\"url\":\"https:\/\/www.m-q.ch\/fr\/\",\"logo\":{\"@type\":\"ImageObject\",\"inLanguage\":\"en-US\",\"@id\":\"https:\/\/www.m-q.ch\/fr\/#\/schema\/logo\/image\/\",\"url\":\"https:\/\/www.m-q.ch\/wp-content\/uploads\/2020\/12\/cropped-logo_small.png\",\"contentUrl\":\"https:\/\/www.m-q.ch\/wp-content\/uploads\/2020\/12\/cropped-logo_small.png\",\"width\":512,\"height\":512,\"caption\":\"Galledia Fachmedien AG\"},\"image\":{\"@id\":\"https:\/\/www.m-q.ch\/fr\/#\/schema\/logo\/image\/\"},\"sameAs\":[\"https:\/\/www.facebook.com\/ManagementUndQualitaet\",\"https:\/\/www.linkedin.com\/showcase\/17982321\/admin\/\"]},{\"@type\":\"Person\",\"@id\":\"https:\/\/www.m-q.ch\/fr\/#\/schema\/person\/6044ff1d138701fac0f63fd4c5c93267\",\"name\":\"upwork\",\"image\":{\"@type\":\"ImageObject\",\"inLanguage\":\"en-US\",\"@id\":\"https:\/\/www.m-q.ch\/fr\/#\/schema\/person\/image\/\",\"url\":\"https:\/\/secure.gravatar.com\/avatar\/fe2de2b04483edb0f28eb7fd34d15d6c?s=96&d=mm&r=g\",\"contentUrl\":\"https:\/\/secure.gravatar.com\/avatar\/fe2de2b04483edb0f28eb7fd34d15d6c?s=96&d=mm&r=g\",\"caption\":\"upwork\"},\"description\":\"uf3J7(qCI6jN0^0y6%%0ti70\",\"url\":\"https:\/\/www.m-q.ch\/en\/author\/upwork\/\"}]}<\/script>\n<!-- \/ Yoast SEO plugin. -->","yoast_head_json":{"title":"Self-organisation in nursing care for the elderly and the sick - MQ Management und Qualit\u00e4t","description":"Self-organisation is in fashion. Numerous models are occupying the attention of experts and managers. The example of Spitex Z\u00fcrich Limmat AG shows what self-organisation in a healthcare organisation can look like in concrete terms.","robots":{"index":"index","follow":"follow","max-snippet":"max-snippet:-1","max-image-preview":"max-image-preview:large","max-video-preview":"max-video-preview:-1"},"canonical":"https:\/\/www.m-q.ch\/en\/self-organization-in-geriatric-and-nursing-care\/","og_locale":"en_US","og_type":"article","og_title":"Selbstorganisation in der Alten- und Krankenpflege - MQ Management und Qualit\u00e4t","og_description":"Selbstorganisation ist in Mode. Zahlreiche Modelle besch\u00e4ftigen Fachwelt undF\u00fchrungskr\u00e4fte. Wie Selbstorganisation in einer Gesundheitsorganisation konkretaussehen kann, zeigt das Beispiel der Spitex Z\u00fcrich Limmat AG.","og_url":"https:\/\/www.m-q.ch\/en\/self-organization-in-geriatric-and-nursing-care\/","og_site_name":"MQ Management und Qualit\u00e4t","article_publisher":"https:\/\/www.facebook.com\/ManagementUndQualitaet","article_published_time":"2020-04-13T09:49:08+00:00","article_modified_time":"2021-02-11T10:52:48+00:00","og_image":[{"width":225,"height":192,"url":"https:\/\/www.m-q.ch\/wp-content\/uploads\/2021\/02\/05-6.jpg","type":"image\/jpeg"}],"author":"upwork","twitter_card":"summary_large_image","twitter_misc":{"Written by":"upwork","Est. reading time":"5 minutes"},"schema":{"@context":"https:\/\/schema.org","@graph":[{"@type":"Article","@id":"https:\/\/www.m-q.ch\/selbstorganisation-in-der-alten-und-krankenpflege\/#article","isPartOf":{"@id":"https:\/\/www.m-q.ch\/selbstorganisation-in-der-alten-und-krankenpflege\/"},"author":{"name":"upwork","@id":"https:\/\/www.m-q.ch\/fr\/#\/schema\/person\/6044ff1d138701fac0f63fd4c5c93267"},"headline":"Selbstorganisation in der Alten- und Krankenpflege","datePublished":"2020-04-13T09:49:08+00:00","dateModified":"2021-02-11T10:52:48+00:00","mainEntityOfPage":{"@id":"https:\/\/www.m-q.ch\/selbstorganisation-in-der-alten-und-krankenpflege\/"},"wordCount":1004,"publisher":{"@id":"https:\/\/www.m-q.ch\/fr\/#organization"},"image":{"@id":"https:\/\/www.m-q.ch\/selbstorganisation-in-der-alten-und-krankenpflege\/#primaryimage"},"thumbnailUrl":"https:\/\/www.m-q.ch\/wp-content\/uploads\/2021\/02\/05-6.jpg","keywords":["04\/2020"],"articleSection":["Allgemein"],"inLanguage":"en-US"},{"@type":"WebPage","@id":"https:\/\/www.m-q.ch\/selbstorganisation-in-der-alten-und-krankenpflege\/","url":"https:\/\/www.m-q.ch\/selbstorganisation-in-der-alten-und-krankenpflege\/","name":"Self-organisation in nursing care for the elderly and the sick - MQ Management und Qualit\u00e4t","isPartOf":{"@id":"https:\/\/www.m-q.ch\/fr\/#website"},"primaryImageOfPage":{"@id":"https:\/\/www.m-q.ch\/selbstorganisation-in-der-alten-und-krankenpflege\/#primaryimage"},"image":{"@id":"https:\/\/www.m-q.ch\/selbstorganisation-in-der-alten-und-krankenpflege\/#primaryimage"},"thumbnailUrl":"https:\/\/www.m-q.ch\/wp-content\/uploads\/2021\/02\/05-6.jpg","datePublished":"2020-04-13T09:49:08+00:00","dateModified":"2021-02-11T10:52:48+00:00","description":"Self-organisation is in fashion. Numerous models are occupying the attention of experts and managers. The example of Spitex Z\u00fcrich Limmat AG shows what self-organisation in a healthcare organisation can look like in concrete terms.","breadcrumb":{"@id":"https:\/\/www.m-q.ch\/selbstorganisation-in-der-alten-und-krankenpflege\/#breadcrumb"},"inLanguage":"en-US","potentialAction":[{"@type":"ReadAction","target":["https:\/\/www.m-q.ch\/selbstorganisation-in-der-alten-und-krankenpflege\/"]}]},{"@type":"ImageObject","inLanguage":"en-US","@id":"https:\/\/www.m-q.ch\/selbstorganisation-in-der-alten-und-krankenpflege\/#primaryimage","url":"https:\/\/www.m-q.ch\/wp-content\/uploads\/2021\/02\/05-6.jpg","contentUrl":"https:\/\/www.m-q.ch\/wp-content\/uploads\/2021\/02\/05-6.jpg","width":225,"height":192},{"@type":"BreadcrumbList","@id":"https:\/\/www.m-q.ch\/selbstorganisation-in-der-alten-und-krankenpflege\/#breadcrumb","itemListElement":[{"@type":"ListItem","position":1,"name":"Allgemein","item":"https:\/\/www.m-q.ch\/kategorie\/allgemein\/"},{"@type":"ListItem","position":2,"name":"Selbstorganisation in der Alten- und Krankenpflege"}]},{"@type":"WebSite","@id":"https:\/\/www.m-q.ch\/fr\/#website","url":"https:\/\/www.m-q.ch\/fr\/","name":"MQ Management and Quality","description":"Platform for integrated management systems.","publisher":{"@id":"https:\/\/www.m-q.ch\/fr\/#organization"},"potentialAction":[{"@type":"SearchAction","target":{"@type":"EntryPoint","urlTemplate":"https:\/\/www.m-q.ch\/fr\/?s={search_term_string}"},"query-input":{"@type":"PropertyValueSpecification","valueRequired":true,"valueName":"search_term_string"}}],"inLanguage":"en-US"},{"@type":"Organization","@id":"https:\/\/www.m-q.ch\/fr\/#organization","name":"Galledia Trade Media AG","url":"https:\/\/www.m-q.ch\/fr\/","logo":{"@type":"ImageObject","inLanguage":"en-US","@id":"https:\/\/www.m-q.ch\/fr\/#\/schema\/logo\/image\/","url":"https:\/\/www.m-q.ch\/wp-content\/uploads\/2020\/12\/cropped-logo_small.png","contentUrl":"https:\/\/www.m-q.ch\/wp-content\/uploads\/2020\/12\/cropped-logo_small.png","width":512,"height":512,"caption":"Galledia Fachmedien AG"},"image":{"@id":"https:\/\/www.m-q.ch\/fr\/#\/schema\/logo\/image\/"},"sameAs":["https:\/\/www.facebook.com\/ManagementUndQualitaet","https:\/\/www.linkedin.com\/showcase\/17982321\/admin\/"]},{"@type":"Person","@id":"https:\/\/www.m-q.ch\/fr\/#\/schema\/person\/6044ff1d138701fac0f63fd4c5c93267","name":"upwork","image":{"@type":"ImageObject","inLanguage":"en-US","@id":"https:\/\/www.m-q.ch\/fr\/#\/schema\/person\/image\/","url":"https:\/\/secure.gravatar.com\/avatar\/fe2de2b04483edb0f28eb7fd34d15d6c?s=96&d=mm&r=g","contentUrl":"https:\/\/secure.gravatar.com\/avatar\/fe2de2b04483edb0f28eb7fd34d15d6c?s=96&d=mm&r=g","caption":"upwork"},"description":"uf3J7(qCI6jN0^0y6%%0ti70","url":"https:\/\/www.m-q.ch\/en\/author\/upwork\/"}]}},"_links":{"self":[{"href":"https:\/\/www.m-q.ch\/en\/wp-json\/wp\/v2\/posts\/10751","targetHints":{"allow":["GET"]}}],"collection":[{"href":"https:\/\/www.m-q.ch\/en\/wp-json\/wp\/v2\/posts"}],"about":[{"href":"https:\/\/www.m-q.ch\/en\/wp-json\/wp\/v2\/types\/post"}],"author":[{"embeddable":true,"href":"https:\/\/www.m-q.ch\/en\/wp-json\/wp\/v2\/users\/60"}],"replies":[{"embeddable":true,"href":"https:\/\/www.m-q.ch\/en\/wp-json\/wp\/v2\/comments?post=10751"}],"version-history":[{"count":2,"href":"https:\/\/www.m-q.ch\/en\/wp-json\/wp\/v2\/posts\/10751\/revisions"}],"predecessor-version":[{"id":10840,"href":"https:\/\/www.m-q.ch\/en\/wp-json\/wp\/v2\/posts\/10751\/revisions\/10840"}],"wp:featuredmedia":[{"embeddable":true,"href":"https:\/\/www.m-q.ch\/en\/wp-json\/wp\/v2\/media\/10754"}],"wp:attachment":[{"href":"https:\/\/www.m-q.ch\/en\/wp-json\/wp\/v2\/media?parent=10751"}],"wp:term":[{"taxonomy":"category","embeddable":true,"href":"https:\/\/www.m-q.ch\/en\/wp-json\/wp\/v2\/categories?post=10751"},{"taxonomy":"post_tag","embeddable":true,"href":"https:\/\/www.m-q.ch\/en\/wp-json\/wp\/v2\/tags?post=10751"}],"curies":[{"name":"wp","href":"https:\/\/api.w.org\/{rel}","templated":true}]}}