{"id":11278,"date":"2017-05-25T08:38:53","date_gmt":"2017-05-25T06:38:53","guid":{"rendered":"https:\/\/www.m-q.ch\/?p=11278"},"modified":"2021-02-13T09:56:53","modified_gmt":"2021-02-13T08:56:53","slug":"the-bueroptima-program","status":"publish","type":"post","link":"https:\/\/www.m-q.ch\/en\/das-programm-bueroptima\/","title":{"rendered":"The \"B\u00fcroptima\" programme"},"content":{"rendered":"<p>The company has paid for the new office culture. The furniture naturally meets the highest standards of energy efficiency and ergonomics. Thanks to the colourful tabletops, working should not only be fun, but should also keep people physically at their workstations.<\/p>\n<p>&nbsp;<\/p>\n<p>The management is convinced that with this admittedly not inconsiderable investment, they are taking a step into the future. Of course, it would also be necessary to develop new products, and adapted distribution logistics have been on the agenda for a long time, but you can't do everything at once.<\/p>\n<p><strong>The difficult implementation<\/strong><br \/>\nAt the weekly management meeting, Hannes was given the task of implementing the office concept in detail and procuring the missing furnishings. In addition, he is to draw up the plans for the new seating arrangement and draw up the regulations for the modern use of contemporary office infrastructure in a comprehensible form. As usual, Hannes sets to work in a structured and meticulous manner. Nothing should be left to chance.<\/p>\n<p>&nbsp;<\/p>\n<p><em><strong>\"The number of occupancy hours per week equals the square footage of space needed.\"<\/strong><\/em><\/p>\n<p>&nbsp;<\/p>\n<p>He designs a key that nips all discussions such as \"colleague x has more space and daylight\" in the bud. He will transparently explain that the annual gross salary in francs divided by the value 7000 results in the requirement in square meters per workplace. This should work out if the current single offices are converted into so-called meeting rooms. Meetings should still be held somewhere. The rule here is that the number of hours per week that a room is occupied equals the square meterage of the room that is needed. This means that the spatial distribution is based on a solid foundation.<\/p>\n<p><strong>Top technology in the meeting rooms<\/strong><br \/>\nThe meeting rooms will of course be equipped according to the latest findings of the meeting culture. The lighting and animation technology in these rooms, which are also used for internal courses, must be modern. It is true that the lights can no longer be switched on without a basic technical knowledge of electronics. \"On-off\" was yesterday - today it's \"Program 1-14 with additional dimming function A-F\", operated via the touch-screen at the front of the room, which is activated via the main switch at the back.<\/p>\n<p>&nbsp;<\/p>\n<p>Logically, this control board is linked to the function of the sun blinds. Because it is completely impossible to lower the blinds without switching on the beamer at the same time. If this should happen, Hannes gives the tip to switch on the beamer, climb onto the table below and cover the lens with a pinboard card. This way the projector stays dark, the shutters are down and the central infrastructure nervous system does not suffer a technical crash. At most, the beamer lamp falls victim to heat death.<\/p>\n<p><strong>The \"Clean-desk\" sub-project<\/strong><br \/>\nNow Hannes comes to the tricky chapter. At the same time as the new furnishings, a \"clean desk\" is introduced. Employees are not allowed to have any personal items at their workstations, nor are they allowed to have any office equipment on their desks that is not absolutely necessary. In concrete terms, only those who have to punch at least 30 A4 pages per day and have at least an 80 percent workload with at least a 60 percent office presence may have a hole punch on their desk.<\/p>\n<p>&nbsp;<\/p>\n<p>Hannes ponders over the now missing photos. It's so nice to see what phase of life the individual employee is in. Between the ages of 20 and 30, the photos of the girlfriend or wife are on the table, between the ages of 30 and 40 the children and between the ages of 40 and 50 the photo of the new Harley-Davidson, before at the age of 50 the photo with the sunset makes its way in.<\/p>\n<p>&nbsp;<\/p>\n<p>Yes, Hannes regrets having to do without the photos, especially as he received a really beautiful sunset from his wife for his birthday.<\/p>","protected":false},"excerpt":{"rendered":"<p>Das Unternehmen hat sich die neue B\u00fc-rokultur etwas kosten lassen. Das Mobiliar erf\u00fcllt selbstverst\u00e4ndlich h\u00f6chste Anspr\u00fcche an Energetik und Ergonomie. Dank den far-benfrohen Tischplatten soll Arbeiten nicht nur Spass machen, sondern die Leute gerade-zu physisch am Arbeitsplatz festhalten. &nbsp; Die Gesch\u00e4ftsleitung ist \u00fcberzeugt, mit dieser zugegebenermassen nicht unbeschei-denen Investition den Schritt in die Zukunft zu [&hellip;]<\/p>\n","protected":false},"author":62,"featured_media":0,"comment_status":"closed","ping_status":"closed","sticky":false,"template":"","format":"standard","meta":{"_acf_changed":false,"footnotes":""},"categories":[4448],"tags":[4773],"class_list":["post-11278","post","type-post","status-publish","format-standard","hentry","category-allgemein","tag-05-2017"],"acf":[],"yoast_head":"<!-- This site is optimized with the Yoast SEO plugin v26.2 - https:\/\/yoast.com\/wordpress\/plugins\/seo\/ -->\n<title>Das Programm \u00abB\u00fcroptima\u00bb - MQ Management und Qualit\u00e4t<\/title>\n<meta name=\"description\" content=\"Hannes hat es kommen sehen. Auch \u00absein\u00bb Un-ternehmen f\u00fchrt Grossraumb\u00fcros mitsamt ei-nem neuen B\u00fcrokonzept ein. Die \u00abZweierzel-len\u00bb beziehungsweise \u00abEinzelb\u00fcros\u00bb f\u00fcr Vorge-setzte weichen einer modernen, kommunika-tiven und offenen B\u00fcrokultur. Farblich nach Feng-Shui abgestimmt, mit einem Raumde-sign von einer renommierten B\u00fcro-Kunst-De-signer-Agentur. Die Beleuchtung wurde von f\u00fcnf Spezialisten w\u00e4hrend drei Wochen ausge-t\u00fcftelt und m\u00fcndet in ein veritables Lumina-tions-Kunstwerk. Das Licht soll W\u00e4rme aus-strahlen, die Konzentration f\u00f6rdern und m\u00f6g-lichst unauff\u00e4llig pr\u00e4sent sein, die Mitarbeiter unbewusst durch die richtigen G\u00e4nge lotsen und gleichzeitig den modernsten Energiespar-levels entsprechen.\" \/>\n<meta name=\"robots\" content=\"index, follow, max-snippet:-1, max-image-preview:large, max-video-preview:-1\" \/>\n<link rel=\"canonical\" href=\"https:\/\/www.m-q.ch\/en\/the-bueroptima-program\/\" \/>\n<meta property=\"og:locale\" content=\"en_US\" \/>\n<meta property=\"og:type\" content=\"article\" \/>\n<meta property=\"og:title\" content=\"Das Programm \u00abB\u00fcroptima\u00bb - MQ Management und Qualit\u00e4t\" \/>\n<meta property=\"og:description\" content=\"Hannes hat es kommen sehen. Auch \u00absein\u00bb Un-ternehmen f\u00fchrt Grossraumb\u00fcros mitsamt ei-nem neuen B\u00fcrokonzept ein. Die \u00abZweierzel-len\u00bb beziehungsweise \u00abEinzelb\u00fcros\u00bb f\u00fcr Vorge-setzte weichen einer modernen, kommunika-tiven und offenen B\u00fcrokultur. Farblich nach Feng-Shui abgestimmt, mit einem Raumde-sign von einer renommierten B\u00fcro-Kunst-De-signer-Agentur. Die Beleuchtung wurde von f\u00fcnf Spezialisten w\u00e4hrend drei Wochen ausge-t\u00fcftelt und m\u00fcndet in ein veritables Lumina-tions-Kunstwerk. Das Licht soll W\u00e4rme aus-strahlen, die Konzentration f\u00f6rdern und m\u00f6g-lichst unauff\u00e4llig pr\u00e4sent sein, die Mitarbeiter unbewusst durch die richtigen G\u00e4nge lotsen und gleichzeitig den modernsten Energiespar-levels entsprechen.\" \/>\n<meta property=\"og:url\" content=\"https:\/\/www.m-q.ch\/en\/the-bueroptima-program\/\" \/>\n<meta property=\"og:site_name\" content=\"MQ Management und Qualit\u00e4t\" \/>\n<meta property=\"article:publisher\" content=\"https:\/\/www.facebook.com\/ManagementUndQualitaet\" \/>\n<meta property=\"article:published_time\" content=\"2017-05-25T06:38:53+00:00\" \/>\n<meta property=\"article:modified_time\" content=\"2021-02-13T08:56:53+00:00\" \/>\n<meta name=\"author\" content=\"upwork_2\" \/>\n<meta name=\"twitter:card\" content=\"summary_large_image\" \/>\n<meta name=\"twitter:label1\" content=\"Written by\" \/>\n\t<meta name=\"twitter:data1\" content=\"upwork_2\" \/>\n\t<meta name=\"twitter:label2\" content=\"Est. reading time\" \/>\n\t<meta name=\"twitter:data2\" content=\"3 minutes\" \/>\n<script type=\"application\/ld+json\" class=\"yoast-schema-graph\">{\"@context\":\"https:\/\/schema.org\",\"@graph\":[{\"@type\":\"Article\",\"@id\":\"https:\/\/www.m-q.ch\/das-programm-bueroptima\/#article\",\"isPartOf\":{\"@id\":\"https:\/\/www.m-q.ch\/das-programm-bueroptima\/\"},\"author\":{\"name\":\"upwork_2\",\"@id\":\"https:\/\/www.m-q.ch\/fr\/#\/schema\/person\/71f647a41e4a3e361e6230f5134f3ba9\"},\"headline\":\"Das Programm \u00abB\u00fcroptima\u00bb\",\"datePublished\":\"2017-05-25T06:38:53+00:00\",\"dateModified\":\"2021-02-13T08:56:53+00:00\",\"mainEntityOfPage\":{\"@id\":\"https:\/\/www.m-q.ch\/das-programm-bueroptima\/\"},\"wordCount\":601,\"publisher\":{\"@id\":\"https:\/\/www.m-q.ch\/fr\/#organization\"},\"keywords\":[\"05\/2017\"],\"articleSection\":[\"Allgemein\"],\"inLanguage\":\"en-US\"},{\"@type\":\"WebPage\",\"@id\":\"https:\/\/www.m-q.ch\/das-programm-bueroptima\/\",\"url\":\"https:\/\/www.m-q.ch\/das-programm-bueroptima\/\",\"name\":\"Das Programm \u00abB\u00fcroptima\u00bb - MQ Management und Qualit\u00e4t\",\"isPartOf\":{\"@id\":\"https:\/\/www.m-q.ch\/fr\/#website\"},\"datePublished\":\"2017-05-25T06:38:53+00:00\",\"dateModified\":\"2021-02-13T08:56:53+00:00\",\"description\":\"Hannes hat es kommen sehen. Auch \u00absein\u00bb Un-ternehmen f\u00fchrt Grossraumb\u00fcros mitsamt ei-nem neuen B\u00fcrokonzept ein. Die \u00abZweierzel-len\u00bb beziehungsweise \u00abEinzelb\u00fcros\u00bb f\u00fcr Vorge-setzte weichen einer modernen, kommunika-tiven und offenen B\u00fcrokultur. Farblich nach Feng-Shui abgestimmt, mit einem Raumde-sign von einer renommierten B\u00fcro-Kunst-De-signer-Agentur. Die Beleuchtung wurde von f\u00fcnf Spezialisten w\u00e4hrend drei Wochen ausge-t\u00fcftelt und m\u00fcndet in ein veritables Lumina-tions-Kunstwerk. Das Licht soll W\u00e4rme aus-strahlen, die Konzentration f\u00f6rdern und m\u00f6g-lichst unauff\u00e4llig pr\u00e4sent sein, die Mitarbeiter unbewusst durch die richtigen G\u00e4nge lotsen und gleichzeitig den modernsten Energiespar-levels entsprechen.\",\"breadcrumb\":{\"@id\":\"https:\/\/www.m-q.ch\/das-programm-bueroptima\/#breadcrumb\"},\"inLanguage\":\"en-US\",\"potentialAction\":[{\"@type\":\"ReadAction\",\"target\":[\"https:\/\/www.m-q.ch\/das-programm-bueroptima\/\"]}]},{\"@type\":\"BreadcrumbList\",\"@id\":\"https:\/\/www.m-q.ch\/das-programm-bueroptima\/#breadcrumb\",\"itemListElement\":[{\"@type\":\"ListItem\",\"position\":1,\"name\":\"Allgemein\",\"item\":\"https:\/\/www.m-q.ch\/kategorie\/allgemein\/\"},{\"@type\":\"ListItem\",\"position\":2,\"name\":\"Das Programm \u00abB\u00fcroptima\u00bb\"}]},{\"@type\":\"WebSite\",\"@id\":\"https:\/\/www.m-q.ch\/fr\/#website\",\"url\":\"https:\/\/www.m-q.ch\/fr\/\",\"name\":\"MQ Management und Qualit\u00e4t\",\"description\":\"Plattform f\u00fcr integrierte Managementsysteme.\",\"publisher\":{\"@id\":\"https:\/\/www.m-q.ch\/fr\/#organization\"},\"potentialAction\":[{\"@type\":\"SearchAction\",\"target\":{\"@type\":\"EntryPoint\",\"urlTemplate\":\"https:\/\/www.m-q.ch\/fr\/?s={search_term_string}\"},\"query-input\":{\"@type\":\"PropertyValueSpecification\",\"valueRequired\":true,\"valueName\":\"search_term_string\"}}],\"inLanguage\":\"en-US\"},{\"@type\":\"Organization\",\"@id\":\"https:\/\/www.m-q.ch\/fr\/#organization\",\"name\":\"Galledia Fachmedien AG\",\"url\":\"https:\/\/www.m-q.ch\/fr\/\",\"logo\":{\"@type\":\"ImageObject\",\"inLanguage\":\"en-US\",\"@id\":\"https:\/\/www.m-q.ch\/fr\/#\/schema\/logo\/image\/\",\"url\":\"https:\/\/www.m-q.ch\/wp-content\/uploads\/2020\/12\/cropped-logo_small.png\",\"contentUrl\":\"https:\/\/www.m-q.ch\/wp-content\/uploads\/2020\/12\/cropped-logo_small.png\",\"width\":512,\"height\":512,\"caption\":\"Galledia Fachmedien AG\"},\"image\":{\"@id\":\"https:\/\/www.m-q.ch\/fr\/#\/schema\/logo\/image\/\"},\"sameAs\":[\"https:\/\/www.facebook.com\/ManagementUndQualitaet\",\"https:\/\/www.linkedin.com\/showcase\/17982321\/admin\/\"]},{\"@type\":\"Person\",\"@id\":\"https:\/\/www.m-q.ch\/fr\/#\/schema\/person\/71f647a41e4a3e361e6230f5134f3ba9\",\"name\":\"upwork_2\",\"image\":{\"@type\":\"ImageObject\",\"inLanguage\":\"en-US\",\"@id\":\"https:\/\/www.m-q.ch\/fr\/#\/schema\/person\/image\/\",\"url\":\"https:\/\/secure.gravatar.com\/avatar\/777b90ab56092bbf3c85feacda5c1bce?s=96&d=mm&r=g\",\"contentUrl\":\"https:\/\/secure.gravatar.com\/avatar\/777b90ab56092bbf3c85feacda5c1bce?s=96&d=mm&r=g\",\"caption\":\"upwork_2\"},\"url\":\"https:\/\/www.m-q.ch\/en\/author\/upwork_2\/\"}]}<\/script>\n<!-- \/ Yoast SEO plugin. -->","yoast_head_json":{"title":"The \"B\u00fcroptima\" program - MQ Management and Quality","description":"Hannes saw it coming. His\" company is also introducing open-plan offices along with a new office concept. The \"two-man offices\" or \"individual offices\" for managers are giving way to a modern, communicative and open office culture. The colours are coordinated according to Feng Shui, with a room design by a renowned office art design agency. The lighting was worked out by five specialists over a period of three weeks and results in a veritable work of lumina-tion art. The light should radiate warmth, promote concentration and be as inconspicuously present as possible, unconsciously guiding employees through the right corridors and at the same time complying with the latest energy-saving standards.","robots":{"index":"index","follow":"follow","max-snippet":"max-snippet:-1","max-image-preview":"max-image-preview:large","max-video-preview":"max-video-preview:-1"},"canonical":"https:\/\/www.m-q.ch\/en\/the-bueroptima-program\/","og_locale":"en_US","og_type":"article","og_title":"Das Programm \u00abB\u00fcroptima\u00bb - MQ Management und Qualit\u00e4t","og_description":"Hannes hat es kommen sehen. Auch \u00absein\u00bb Un-ternehmen f\u00fchrt Grossraumb\u00fcros mitsamt ei-nem neuen B\u00fcrokonzept ein. Die \u00abZweierzel-len\u00bb beziehungsweise \u00abEinzelb\u00fcros\u00bb f\u00fcr Vorge-setzte weichen einer modernen, kommunika-tiven und offenen B\u00fcrokultur. Farblich nach Feng-Shui abgestimmt, mit einem Raumde-sign von einer renommierten B\u00fcro-Kunst-De-signer-Agentur. Die Beleuchtung wurde von f\u00fcnf Spezialisten w\u00e4hrend drei Wochen ausge-t\u00fcftelt und m\u00fcndet in ein veritables Lumina-tions-Kunstwerk. Das Licht soll W\u00e4rme aus-strahlen, die Konzentration f\u00f6rdern und m\u00f6g-lichst unauff\u00e4llig pr\u00e4sent sein, die Mitarbeiter unbewusst durch die richtigen G\u00e4nge lotsen und gleichzeitig den modernsten Energiespar-levels entsprechen.","og_url":"https:\/\/www.m-q.ch\/en\/the-bueroptima-program\/","og_site_name":"MQ Management und Qualit\u00e4t","article_publisher":"https:\/\/www.facebook.com\/ManagementUndQualitaet","article_published_time":"2017-05-25T06:38:53+00:00","article_modified_time":"2021-02-13T08:56:53+00:00","author":"upwork_2","twitter_card":"summary_large_image","twitter_misc":{"Written by":"upwork_2","Est. reading time":"3 minutes"},"schema":{"@context":"https:\/\/schema.org","@graph":[{"@type":"Article","@id":"https:\/\/www.m-q.ch\/das-programm-bueroptima\/#article","isPartOf":{"@id":"https:\/\/www.m-q.ch\/das-programm-bueroptima\/"},"author":{"name":"upwork_2","@id":"https:\/\/www.m-q.ch\/fr\/#\/schema\/person\/71f647a41e4a3e361e6230f5134f3ba9"},"headline":"Das Programm \u00abB\u00fcroptima\u00bb","datePublished":"2017-05-25T06:38:53+00:00","dateModified":"2021-02-13T08:56:53+00:00","mainEntityOfPage":{"@id":"https:\/\/www.m-q.ch\/das-programm-bueroptima\/"},"wordCount":601,"publisher":{"@id":"https:\/\/www.m-q.ch\/fr\/#organization"},"keywords":["05\/2017"],"articleSection":["Allgemein"],"inLanguage":"en-US"},{"@type":"WebPage","@id":"https:\/\/www.m-q.ch\/das-programm-bueroptima\/","url":"https:\/\/www.m-q.ch\/das-programm-bueroptima\/","name":"The \"B\u00fcroptima\" program - MQ Management and Quality","isPartOf":{"@id":"https:\/\/www.m-q.ch\/fr\/#website"},"datePublished":"2017-05-25T06:38:53+00:00","dateModified":"2021-02-13T08:56:53+00:00","description":"Hannes saw it coming. His\" company is also introducing open-plan offices along with a new office concept. The \"two-man offices\" or \"individual offices\" for managers are giving way to a modern, communicative and open office culture. The colours are coordinated according to Feng Shui, with a room design by a renowned office art design agency. The lighting was worked out by five specialists over a period of three weeks and results in a veritable work of lumina-tion art. The light should radiate warmth, promote concentration and be as inconspicuously present as possible, unconsciously guiding employees through the right corridors and at the same time complying with the latest energy-saving standards.","breadcrumb":{"@id":"https:\/\/www.m-q.ch\/das-programm-bueroptima\/#breadcrumb"},"inLanguage":"en-US","potentialAction":[{"@type":"ReadAction","target":["https:\/\/www.m-q.ch\/das-programm-bueroptima\/"]}]},{"@type":"BreadcrumbList","@id":"https:\/\/www.m-q.ch\/das-programm-bueroptima\/#breadcrumb","itemListElement":[{"@type":"ListItem","position":1,"name":"Allgemein","item":"https:\/\/www.m-q.ch\/kategorie\/allgemein\/"},{"@type":"ListItem","position":2,"name":"Das Programm \u00abB\u00fcroptima\u00bb"}]},{"@type":"WebSite","@id":"https:\/\/www.m-q.ch\/fr\/#website","url":"https:\/\/www.m-q.ch\/fr\/","name":"MQ Management and Quality","description":"Platform for integrated management systems.","publisher":{"@id":"https:\/\/www.m-q.ch\/fr\/#organization"},"potentialAction":[{"@type":"SearchAction","target":{"@type":"EntryPoint","urlTemplate":"https:\/\/www.m-q.ch\/fr\/?s={search_term_string}"},"query-input":{"@type":"PropertyValueSpecification","valueRequired":true,"valueName":"search_term_string"}}],"inLanguage":"en-US"},{"@type":"Organization","@id":"https:\/\/www.m-q.ch\/fr\/#organization","name":"Galledia Trade Media AG","url":"https:\/\/www.m-q.ch\/fr\/","logo":{"@type":"ImageObject","inLanguage":"en-US","@id":"https:\/\/www.m-q.ch\/fr\/#\/schema\/logo\/image\/","url":"https:\/\/www.m-q.ch\/wp-content\/uploads\/2020\/12\/cropped-logo_small.png","contentUrl":"https:\/\/www.m-q.ch\/wp-content\/uploads\/2020\/12\/cropped-logo_small.png","width":512,"height":512,"caption":"Galledia Fachmedien AG"},"image":{"@id":"https:\/\/www.m-q.ch\/fr\/#\/schema\/logo\/image\/"},"sameAs":["https:\/\/www.facebook.com\/ManagementUndQualitaet","https:\/\/www.linkedin.com\/showcase\/17982321\/admin\/"]},{"@type":"Person","@id":"https:\/\/www.m-q.ch\/fr\/#\/schema\/person\/71f647a41e4a3e361e6230f5134f3ba9","name":"upwork_2","image":{"@type":"ImageObject","inLanguage":"en-US","@id":"https:\/\/www.m-q.ch\/fr\/#\/schema\/person\/image\/","url":"https:\/\/secure.gravatar.com\/avatar\/777b90ab56092bbf3c85feacda5c1bce?s=96&d=mm&r=g","contentUrl":"https:\/\/secure.gravatar.com\/avatar\/777b90ab56092bbf3c85feacda5c1bce?s=96&d=mm&r=g","caption":"upwork_2"},"url":"https:\/\/www.m-q.ch\/en\/author\/upwork_2\/"}]}},"_links":{"self":[{"href":"https:\/\/www.m-q.ch\/en\/wp-json\/wp\/v2\/posts\/11278","targetHints":{"allow":["GET"]}}],"collection":[{"href":"https:\/\/www.m-q.ch\/en\/wp-json\/wp\/v2\/posts"}],"about":[{"href":"https:\/\/www.m-q.ch\/en\/wp-json\/wp\/v2\/types\/post"}],"author":[{"embeddable":true,"href":"https:\/\/www.m-q.ch\/en\/wp-json\/wp\/v2\/users\/62"}],"replies":[{"embeddable":true,"href":"https:\/\/www.m-q.ch\/en\/wp-json\/wp\/v2\/comments?post=11278"}],"version-history":[{"count":1,"href":"https:\/\/www.m-q.ch\/en\/wp-json\/wp\/v2\/posts\/11278\/revisions"}],"predecessor-version":[{"id":11333,"href":"https:\/\/www.m-q.ch\/en\/wp-json\/wp\/v2\/posts\/11278\/revisions\/11333"}],"wp:attachment":[{"href":"https:\/\/www.m-q.ch\/en\/wp-json\/wp\/v2\/media?parent=11278"}],"wp:term":[{"taxonomy":"category","embeddable":true,"href":"https:\/\/www.m-q.ch\/en\/wp-json\/wp\/v2\/categories?post=11278"},{"taxonomy":"post_tag","embeddable":true,"href":"https:\/\/www.m-q.ch\/en\/wp-json\/wp\/v2\/tags?post=11278"}],"curies":[{"name":"wp","href":"https:\/\/api.w.org\/{rel}","templated":true}]}}