{"id":11590,"date":"2017-10-05T00:51:50","date_gmt":"2017-10-04T22:51:50","guid":{"rendered":"https:\/\/www.m-q.ch\/?p=11590"},"modified":"2021-02-14T01:28:46","modified_gmt":"2021-02-14T00:28:46","slug":"le-prochain-tournant-sera-t-il-celui-de-la-montre-connectee","status":"publish","type":"post","link":"https:\/\/www.m-q.ch\/en\/le-prochain-tournant-sera-t-il-celui-de-la-montre-connectee\/","title":{"rendered":"Le prochain tournant: Sera-t-il celui de la montre connect\u00e9e ?"},"content":{"rendered":"<p><img loading=\"lazy\" decoding=\"async\" class=\"alignnone size-full wp-image-11610\" src=\"https:\/\/www.m-q.ch\/wp-content\/uploads\/2021\/02\/Le-prochain-tournant-Sera-t-il-celui-de-la-montre-connectee.jpg\" alt=\"Le prochain tournant: Sera-t-il celui de la montre connect\u00e9e ?\" width=\"878\" height=\"1066\" srcset=\"https:\/\/www.m-q.ch\/wp-content\/uploads\/2021\/02\/Le-prochain-tournant-Sera-t-il-celui-de-la-montre-connectee.jpg 878w, https:\/\/www.m-q.ch\/wp-content\/uploads\/2021\/02\/Le-prochain-tournant-Sera-t-il-celui-de-la-montre-connectee-768x932.jpg 768w, https:\/\/www.m-q.ch\/wp-content\/uploads\/2021\/02\/Le-prochain-tournant-Sera-t-il-celui-de-la-montre-connectee-10x12.jpg 10w, https:\/\/www.m-q.ch\/wp-content\/uploads\/2021\/02\/Le-prochain-tournant-Sera-t-il-celui-de-la-montre-connectee-144x175.jpg 144w, https:\/\/www.m-q.ch\/wp-content\/uploads\/2021\/02\/Le-prochain-tournant-Sera-t-il-celui-de-la-montre-connectee-288x350.jpg 288w, https:\/\/www.m-q.ch\/wp-content\/uploads\/2021\/02\/Le-prochain-tournant-Sera-t-il-celui-de-la-montre-connectee-659x800.jpg 659w, https:\/\/www.m-q.ch\/wp-content\/uploads\/2021\/02\/Le-prochain-tournant-Sera-t-il-celui-de-la-montre-connectee-300x364.jpg 300w\" sizes=\"auto, (max-width: 878px) 100vw, 878px\" \/><\/p>\n<p>&nbsp;<\/p>\n<p>&nbsp;<\/p>\n<p>&nbsp;<\/p>\n<p><em><strong>Monsieur Krauss, vous fa\u00eetes une distinction entre \" montres connect\u00e9es \" et \" phone watches \". Pourquoi ? <\/strong><\/em><br \/>\nL'Apple watch ou la Gear de Samsung sont un prolongement du smartphone, port\u00e9 au poignet. In terms of miniaturisation, these are real technological gems, but compared with smartphones, their added value is limited for the user; the user-machine interface is poorly adapted, the autonomy insufficient and the design perfectible. En contrepartie, les montres connect\u00e9es demeurent en premier lieu des montres, en regard de leur look, de l'\u00e9motion v\u00e9hicul\u00e9e et de l'autonomie. On pourrait plut\u00f4t parler d'une \" montre augment\u00e9e \". Comme la \" phone watch \", cette derni\u00e8re offre la connectivit\u00e9, mais seulement pour des fonctionnalit\u00e9s bien sp\u00e9cifiques et invisibles. A few examples: payment at a distance, monitoring of physical condition and\/or health, access control and security.<\/p>\n<p>&nbsp;<\/p>\n<p><em><strong>Before buying a watch, the consumer studies its specifications. Quelles sont les qualit\u00e9s d'une montre quartz ? <\/strong><\/em><br \/>\nThey are summed up in two words: precision and autonomy. Today, the precision of a quality quartz watch is tending towards an increase of five seconds per year. The minimum battery life is two years, but the average is five years. Des efforts sont faits pour atteindre une autonomie de 10 ans. The quartz watches can be enhanced by additional functions such as complications (perpetual calendar), energy recovery (e.g. by photovoltaic cells) or remote control by radio. But at the end of the day, as with mechanical watches, the main feature of quartz watches is their beauty, the emotion that the technology has to serve invisibly.<\/p>\n<p>&nbsp;<\/p>\n<p><em><strong>En attendant, les grandes entreprises de luxe misent sur des smart watches. Quest-ce qui peut venir apr\u00e8s la montre \u00e0 quartz, sinon les smart technologies ? <\/strong><\/em><br \/>\nThe digital revolution is affecting all areas of industrial - and social - activity, such as healthcare and energy, and the watchmaking industry is not immune. With connected products, economic models are changing and, at the same time, offering new opportunities through the presence of a real ecosystem that is much more extensive than the traditional horology sector. Marked by a multitude of interveners from very different horizons and domains, this ecosystem offers new markets across a wide range of disciplines (healthcare, insurance, marketing, etc.). As I have said for a long time, smart technologies represent an opportunity rather than a threat for Swiss watchmaking.<\/p>\n<p>&nbsp;<\/p>\n<p><em><strong>What is the role of the CSEM in intelligent technologies ? <\/strong><\/em><br \/>\nIts role is central, because its leading-edge competences in microtechnologies are at the heart of the current revolution. They allow for low-cost, filament-free, portable and autonomous solutions. Our mission is to transfer this knowledge, developed in technological platforms, to industry - starting with Swiss SMEs - in order to help them benefit from the technological changes underway.<\/p>\n<p>&nbsp;<\/p>\n<p><em><strong>Pouvez-vous nous dessiner la montre intelligente \" Swiss made \" du futur ? <\/strong><\/em><br \/>\nThe Swiss watchmaking industry must benefit from its quasi-unique ability to design watches with a high quality aesthetic appeal, featuring an original and elegant design and combining noble materials and visual attributes. La montre intelligente \" Swiss made \" va continuer de convaincre par ses capacit\u00e9s techniques en r\u00e9pondant \u00e0 d'exigeants crit\u00e8res de haute qualit\u00e9. Elle va int\u00e9grer les nouvelles opportunit\u00e9s offertes par la digitalisation (mesure et transmission de donn\u00e9es) en restant une montre, plut\u00f4t qu'un ordinateur miniature port\u00e9 au poignet ! This new business will be exploited within the framework of partnerships between the Swiss watchmaking industry and data management companies.<\/p>\n<p>&nbsp;<\/p>","protected":false},"excerpt":{"rendered":"<p>&nbsp; &nbsp; &nbsp; Monsieur Krauss, vous fa\u00eetes une distinction entre \u00ab montres connect\u00e9es \u00bb et \u00ab phone watches \u00bb. Pourquoi ? L\u2019Apple watch ou la Gear de Samsung sont un prolongement du smartphone, port\u00e9 au poignet. En termes de miniaturisation, ce sont des vrais bijoux technologiques, mais en comparaison avec les smartphones, leur valeur ajout\u00e9e [&hellip;]<\/p>\n","protected":false},"author":62,"featured_media":11610,"comment_status":"closed","ping_status":"closed","sticky":false,"template":"","format":"standard","meta":{"_acf_changed":false,"footnotes":""},"categories":[4448],"tags":[4780],"class_list":["post-11590","post","type-post","status-publish","format-standard","has-post-thumbnail","hentry","category-allgemein","tag-10-2017"],"acf":[],"yoast_head":"<!-- This site is optimized with the Yoast SEO plugin v26.2 - https:\/\/yoast.com\/wordpress\/plugins\/seo\/ -->\n<title>Le prochain tournant: Sera-t-il celui de la montre connect\u00e9e ? - MQ Management und Qualit\u00e4t<\/title>\n<meta name=\"description\" content=\"Il y a 50 ans, la premi\u00e8re montre-bracelet \u00e0 quartz voyait le jour dans les laboratoiresdu CEH \u2013 anc\u00eatre du CSEM (Centre Suisse d\u2019Electronique et de Microtechnique).Le regard de Jens Krauss, directeur de l\u2019activit\u00e9 syst\u00e8mes au CSEM, sur lesd\u00e9fis de l\u2019horlogerie suisse face \u00e0 la transition digitale.\" \/>\n<meta name=\"robots\" content=\"index, follow, max-snippet:-1, max-image-preview:large, max-video-preview:-1\" \/>\n<link rel=\"canonical\" href=\"https:\/\/www.m-q.ch\/en\/le-prochain-tournant-sera-t-il-celui-de-la-montre-connectee\/\" \/>\n<meta property=\"og:locale\" content=\"en_US\" \/>\n<meta property=\"og:type\" content=\"article\" \/>\n<meta property=\"og:title\" content=\"Le prochain tournant: Sera-t-il celui de la montre connect\u00e9e ? - MQ Management und Qualit\u00e4t\" \/>\n<meta property=\"og:description\" content=\"Il y a 50 ans, la premi\u00e8re montre-bracelet \u00e0 quartz voyait le jour dans les laboratoiresdu CEH \u2013 anc\u00eatre du CSEM (Centre Suisse d\u2019Electronique et de Microtechnique).Le regard de Jens Krauss, directeur de l\u2019activit\u00e9 syst\u00e8mes au CSEM, sur lesd\u00e9fis de l\u2019horlogerie suisse face \u00e0 la transition digitale.\" \/>\n<meta property=\"og:url\" content=\"https:\/\/www.m-q.ch\/en\/le-prochain-tournant-sera-t-il-celui-de-la-montre-connectee\/\" \/>\n<meta property=\"og:site_name\" content=\"MQ Management und Qualit\u00e4t\" \/>\n<meta property=\"article:publisher\" content=\"https:\/\/www.facebook.com\/ManagementUndQualitaet\" \/>\n<meta property=\"article:published_time\" content=\"2017-10-04T22:51:50+00:00\" \/>\n<meta property=\"article:modified_time\" content=\"2021-02-14T00:28:46+00:00\" \/>\n<meta property=\"og:image\" content=\"https:\/\/www.m-q.ch\/wp-content\/uploads\/2021\/02\/Le-prochain-tournant-Sera-t-il-celui-de-la-montre-connectee.jpg\" \/>\n\t<meta property=\"og:image:width\" content=\"878\" \/>\n\t<meta property=\"og:image:height\" content=\"1066\" \/>\n\t<meta property=\"og:image:type\" content=\"image\/jpeg\" \/>\n<meta name=\"author\" content=\"upwork_2\" \/>\n<meta name=\"twitter:card\" content=\"summary_large_image\" \/>\n<meta name=\"twitter:label1\" content=\"Written by\" \/>\n\t<meta name=\"twitter:data1\" content=\"upwork_2\" \/>\n\t<meta name=\"twitter:label2\" content=\"Est. reading time\" \/>\n\t<meta name=\"twitter:data2\" content=\"3 minutes\" \/>\n<script type=\"application\/ld+json\" class=\"yoast-schema-graph\">{\"@context\":\"https:\/\/schema.org\",\"@graph\":[{\"@type\":\"Article\",\"@id\":\"https:\/\/www.m-q.ch\/le-prochain-tournant-sera-t-il-celui-de-la-montre-connectee\/#article\",\"isPartOf\":{\"@id\":\"https:\/\/www.m-q.ch\/le-prochain-tournant-sera-t-il-celui-de-la-montre-connectee\/\"},\"author\":{\"name\":\"upwork_2\",\"@id\":\"https:\/\/www.m-q.ch\/fr\/#\/schema\/person\/71f647a41e4a3e361e6230f5134f3ba9\"},\"headline\":\"Le prochain tournant: Sera-t-il celui de la montre connect\u00e9e ?\",\"datePublished\":\"2017-10-04T22:51:50+00:00\",\"dateModified\":\"2021-02-14T00:28:46+00:00\",\"mainEntityOfPage\":{\"@id\":\"https:\/\/www.m-q.ch\/le-prochain-tournant-sera-t-il-celui-de-la-montre-connectee\/\"},\"wordCount\":681,\"publisher\":{\"@id\":\"https:\/\/www.m-q.ch\/fr\/#organization\"},\"image\":{\"@id\":\"https:\/\/www.m-q.ch\/le-prochain-tournant-sera-t-il-celui-de-la-montre-connectee\/#primaryimage\"},\"thumbnailUrl\":\"https:\/\/www.m-q.ch\/wp-content\/uploads\/2021\/02\/Le-prochain-tournant-Sera-t-il-celui-de-la-montre-connectee.jpg\",\"keywords\":[\"10\/2017\"],\"articleSection\":[\"Allgemein\"],\"inLanguage\":\"en-US\"},{\"@type\":\"WebPage\",\"@id\":\"https:\/\/www.m-q.ch\/le-prochain-tournant-sera-t-il-celui-de-la-montre-connectee\/\",\"url\":\"https:\/\/www.m-q.ch\/le-prochain-tournant-sera-t-il-celui-de-la-montre-connectee\/\",\"name\":\"Le prochain tournant: Sera-t-il celui de la montre connect\u00e9e ? - MQ Management und Qualit\u00e4t\",\"isPartOf\":{\"@id\":\"https:\/\/www.m-q.ch\/fr\/#website\"},\"primaryImageOfPage\":{\"@id\":\"https:\/\/www.m-q.ch\/le-prochain-tournant-sera-t-il-celui-de-la-montre-connectee\/#primaryimage\"},\"image\":{\"@id\":\"https:\/\/www.m-q.ch\/le-prochain-tournant-sera-t-il-celui-de-la-montre-connectee\/#primaryimage\"},\"thumbnailUrl\":\"https:\/\/www.m-q.ch\/wp-content\/uploads\/2021\/02\/Le-prochain-tournant-Sera-t-il-celui-de-la-montre-connectee.jpg\",\"datePublished\":\"2017-10-04T22:51:50+00:00\",\"dateModified\":\"2021-02-14T00:28:46+00:00\",\"description\":\"Il y a 50 ans, la premi\u00e8re montre-bracelet \u00e0 quartz voyait le jour dans les laboratoiresdu CEH \u2013 anc\u00eatre du CSEM (Centre Suisse d\u2019Electronique et de Microtechnique).Le regard de Jens Krauss, directeur de l\u2019activit\u00e9 syst\u00e8mes au CSEM, sur lesd\u00e9fis de l\u2019horlogerie suisse face \u00e0 la transition digitale.\",\"breadcrumb\":{\"@id\":\"https:\/\/www.m-q.ch\/le-prochain-tournant-sera-t-il-celui-de-la-montre-connectee\/#breadcrumb\"},\"inLanguage\":\"en-US\",\"potentialAction\":[{\"@type\":\"ReadAction\",\"target\":[\"https:\/\/www.m-q.ch\/le-prochain-tournant-sera-t-il-celui-de-la-montre-connectee\/\"]}]},{\"@type\":\"ImageObject\",\"inLanguage\":\"en-US\",\"@id\":\"https:\/\/www.m-q.ch\/le-prochain-tournant-sera-t-il-celui-de-la-montre-connectee\/#primaryimage\",\"url\":\"https:\/\/www.m-q.ch\/wp-content\/uploads\/2021\/02\/Le-prochain-tournant-Sera-t-il-celui-de-la-montre-connectee.jpg\",\"contentUrl\":\"https:\/\/www.m-q.ch\/wp-content\/uploads\/2021\/02\/Le-prochain-tournant-Sera-t-il-celui-de-la-montre-connectee.jpg\",\"width\":878,\"height\":1066,\"caption\":\"Le prochain tournant: Sera-t-il celui de la montre connect\u00e9e ?\"},{\"@type\":\"BreadcrumbList\",\"@id\":\"https:\/\/www.m-q.ch\/le-prochain-tournant-sera-t-il-celui-de-la-montre-connectee\/#breadcrumb\",\"itemListElement\":[{\"@type\":\"ListItem\",\"position\":1,\"name\":\"Allgemein\",\"item\":\"https:\/\/www.m-q.ch\/kategorie\/allgemein\/\"},{\"@type\":\"ListItem\",\"position\":2,\"name\":\"Le prochain tournant: Sera-t-il celui de la montre connect\u00e9e ?\"}]},{\"@type\":\"WebSite\",\"@id\":\"https:\/\/www.m-q.ch\/fr\/#website\",\"url\":\"https:\/\/www.m-q.ch\/fr\/\",\"name\":\"MQ Management und Qualit\u00e4t\",\"description\":\"Plattform f\u00fcr integrierte Managementsysteme.\",\"publisher\":{\"@id\":\"https:\/\/www.m-q.ch\/fr\/#organization\"},\"potentialAction\":[{\"@type\":\"SearchAction\",\"target\":{\"@type\":\"EntryPoint\",\"urlTemplate\":\"https:\/\/www.m-q.ch\/fr\/?s={search_term_string}\"},\"query-input\":{\"@type\":\"PropertyValueSpecification\",\"valueRequired\":true,\"valueName\":\"search_term_string\"}}],\"inLanguage\":\"en-US\"},{\"@type\":\"Organization\",\"@id\":\"https:\/\/www.m-q.ch\/fr\/#organization\",\"name\":\"Galledia Fachmedien AG\",\"url\":\"https:\/\/www.m-q.ch\/fr\/\",\"logo\":{\"@type\":\"ImageObject\",\"inLanguage\":\"en-US\",\"@id\":\"https:\/\/www.m-q.ch\/fr\/#\/schema\/logo\/image\/\",\"url\":\"https:\/\/www.m-q.ch\/wp-content\/uploads\/2020\/12\/cropped-logo_small.png\",\"contentUrl\":\"https:\/\/www.m-q.ch\/wp-content\/uploads\/2020\/12\/cropped-logo_small.png\",\"width\":512,\"height\":512,\"caption\":\"Galledia Fachmedien AG\"},\"image\":{\"@id\":\"https:\/\/www.m-q.ch\/fr\/#\/schema\/logo\/image\/\"},\"sameAs\":[\"https:\/\/www.facebook.com\/ManagementUndQualitaet\",\"https:\/\/www.linkedin.com\/showcase\/17982321\/admin\/\"]},{\"@type\":\"Person\",\"@id\":\"https:\/\/www.m-q.ch\/fr\/#\/schema\/person\/71f647a41e4a3e361e6230f5134f3ba9\",\"name\":\"upwork_2\",\"image\":{\"@type\":\"ImageObject\",\"inLanguage\":\"en-US\",\"@id\":\"https:\/\/www.m-q.ch\/fr\/#\/schema\/person\/image\/\",\"url\":\"https:\/\/secure.gravatar.com\/avatar\/777b90ab56092bbf3c85feacda5c1bce?s=96&d=mm&r=g\",\"contentUrl\":\"https:\/\/secure.gravatar.com\/avatar\/777b90ab56092bbf3c85feacda5c1bce?s=96&d=mm&r=g\",\"caption\":\"upwork_2\"},\"url\":\"https:\/\/www.m-q.ch\/en\/author\/upwork_2\/\"}]}<\/script>\n<!-- \/ Yoast SEO plugin. -->","yoast_head_json":{"title":"Le prochain tournant: Sera-t-il celui de la montre connect\u00e9e ? - MQ Management and Quality","description":"Il y a 50 ans, la premi\u00e8re montre-bracelet \u00e0 quartz voyait le jour dans les laboratoiresdu CEH - anc\u00eatre du CSEM (Centre Suisse d'Electronique et de Microtechnique).Le regard de Jens Krauss, directeur de l'activit\u00e9 syst\u00e8mes au CSEM, sur lesd\u00e9fis de l'horlogerie suisse face \u00e0 la transition digitale.","robots":{"index":"index","follow":"follow","max-snippet":"max-snippet:-1","max-image-preview":"max-image-preview:large","max-video-preview":"max-video-preview:-1"},"canonical":"https:\/\/www.m-q.ch\/en\/le-prochain-tournant-sera-t-il-celui-de-la-montre-connectee\/","og_locale":"en_US","og_type":"article","og_title":"Le prochain tournant: Sera-t-il celui de la montre connect\u00e9e ? - MQ Management und Qualit\u00e4t","og_description":"Il y a 50 ans, la premi\u00e8re montre-bracelet \u00e0 quartz voyait le jour dans les laboratoiresdu CEH \u2013 anc\u00eatre du CSEM (Centre Suisse d\u2019Electronique et de Microtechnique).Le regard de Jens Krauss, directeur de l\u2019activit\u00e9 syst\u00e8mes au CSEM, sur lesd\u00e9fis de l\u2019horlogerie suisse face \u00e0 la transition digitale.","og_url":"https:\/\/www.m-q.ch\/en\/le-prochain-tournant-sera-t-il-celui-de-la-montre-connectee\/","og_site_name":"MQ Management und Qualit\u00e4t","article_publisher":"https:\/\/www.facebook.com\/ManagementUndQualitaet","article_published_time":"2017-10-04T22:51:50+00:00","article_modified_time":"2021-02-14T00:28:46+00:00","og_image":[{"width":878,"height":1066,"url":"https:\/\/www.m-q.ch\/wp-content\/uploads\/2021\/02\/Le-prochain-tournant-Sera-t-il-celui-de-la-montre-connectee.jpg","type":"image\/jpeg"}],"author":"upwork_2","twitter_card":"summary_large_image","twitter_misc":{"Written by":"upwork_2","Est. reading time":"3 minutes"},"schema":{"@context":"https:\/\/schema.org","@graph":[{"@type":"Article","@id":"https:\/\/www.m-q.ch\/le-prochain-tournant-sera-t-il-celui-de-la-montre-connectee\/#article","isPartOf":{"@id":"https:\/\/www.m-q.ch\/le-prochain-tournant-sera-t-il-celui-de-la-montre-connectee\/"},"author":{"name":"upwork_2","@id":"https:\/\/www.m-q.ch\/fr\/#\/schema\/person\/71f647a41e4a3e361e6230f5134f3ba9"},"headline":"Le prochain tournant: Sera-t-il celui de la montre connect\u00e9e ?","datePublished":"2017-10-04T22:51:50+00:00","dateModified":"2021-02-14T00:28:46+00:00","mainEntityOfPage":{"@id":"https:\/\/www.m-q.ch\/le-prochain-tournant-sera-t-il-celui-de-la-montre-connectee\/"},"wordCount":681,"publisher":{"@id":"https:\/\/www.m-q.ch\/fr\/#organization"},"image":{"@id":"https:\/\/www.m-q.ch\/le-prochain-tournant-sera-t-il-celui-de-la-montre-connectee\/#primaryimage"},"thumbnailUrl":"https:\/\/www.m-q.ch\/wp-content\/uploads\/2021\/02\/Le-prochain-tournant-Sera-t-il-celui-de-la-montre-connectee.jpg","keywords":["10\/2017"],"articleSection":["Allgemein"],"inLanguage":"en-US"},{"@type":"WebPage","@id":"https:\/\/www.m-q.ch\/le-prochain-tournant-sera-t-il-celui-de-la-montre-connectee\/","url":"https:\/\/www.m-q.ch\/le-prochain-tournant-sera-t-il-celui-de-la-montre-connectee\/","name":"Le prochain tournant: Sera-t-il celui de la montre connect\u00e9e ? - MQ Management and Quality","isPartOf":{"@id":"https:\/\/www.m-q.ch\/fr\/#website"},"primaryImageOfPage":{"@id":"https:\/\/www.m-q.ch\/le-prochain-tournant-sera-t-il-celui-de-la-montre-connectee\/#primaryimage"},"image":{"@id":"https:\/\/www.m-q.ch\/le-prochain-tournant-sera-t-il-celui-de-la-montre-connectee\/#primaryimage"},"thumbnailUrl":"https:\/\/www.m-q.ch\/wp-content\/uploads\/2021\/02\/Le-prochain-tournant-Sera-t-il-celui-de-la-montre-connectee.jpg","datePublished":"2017-10-04T22:51:50+00:00","dateModified":"2021-02-14T00:28:46+00:00","description":"Il y a 50 ans, la premi\u00e8re montre-bracelet \u00e0 quartz voyait le jour dans les laboratoiresdu CEH - anc\u00eatre du CSEM (Centre Suisse d'Electronique et de Microtechnique).Le regard de Jens Krauss, directeur de l'activit\u00e9 syst\u00e8mes au CSEM, sur lesd\u00e9fis de l'horlogerie suisse face \u00e0 la transition digitale.","breadcrumb":{"@id":"https:\/\/www.m-q.ch\/le-prochain-tournant-sera-t-il-celui-de-la-montre-connectee\/#breadcrumb"},"inLanguage":"en-US","potentialAction":[{"@type":"ReadAction","target":["https:\/\/www.m-q.ch\/le-prochain-tournant-sera-t-il-celui-de-la-montre-connectee\/"]}]},{"@type":"ImageObject","inLanguage":"en-US","@id":"https:\/\/www.m-q.ch\/le-prochain-tournant-sera-t-il-celui-de-la-montre-connectee\/#primaryimage","url":"https:\/\/www.m-q.ch\/wp-content\/uploads\/2021\/02\/Le-prochain-tournant-Sera-t-il-celui-de-la-montre-connectee.jpg","contentUrl":"https:\/\/www.m-q.ch\/wp-content\/uploads\/2021\/02\/Le-prochain-tournant-Sera-t-il-celui-de-la-montre-connectee.jpg","width":878,"height":1066,"caption":"Le prochain tournant: Sera-t-il celui de la montre connect\u00e9e ?"},{"@type":"BreadcrumbList","@id":"https:\/\/www.m-q.ch\/le-prochain-tournant-sera-t-il-celui-de-la-montre-connectee\/#breadcrumb","itemListElement":[{"@type":"ListItem","position":1,"name":"Allgemein","item":"https:\/\/www.m-q.ch\/kategorie\/allgemein\/"},{"@type":"ListItem","position":2,"name":"Le prochain tournant: Sera-t-il celui de la montre connect\u00e9e ?"}]},{"@type":"WebSite","@id":"https:\/\/www.m-q.ch\/fr\/#website","url":"https:\/\/www.m-q.ch\/fr\/","name":"MQ Management and Quality","description":"Platform for integrated management systems.","publisher":{"@id":"https:\/\/www.m-q.ch\/fr\/#organization"},"potentialAction":[{"@type":"SearchAction","target":{"@type":"EntryPoint","urlTemplate":"https:\/\/www.m-q.ch\/fr\/?s={search_term_string}"},"query-input":{"@type":"PropertyValueSpecification","valueRequired":true,"valueName":"search_term_string"}}],"inLanguage":"en-US"},{"@type":"Organization","@id":"https:\/\/www.m-q.ch\/fr\/#organization","name":"Galledia Trade Media AG","url":"https:\/\/www.m-q.ch\/fr\/","logo":{"@type":"ImageObject","inLanguage":"en-US","@id":"https:\/\/www.m-q.ch\/fr\/#\/schema\/logo\/image\/","url":"https:\/\/www.m-q.ch\/wp-content\/uploads\/2020\/12\/cropped-logo_small.png","contentUrl":"https:\/\/www.m-q.ch\/wp-content\/uploads\/2020\/12\/cropped-logo_small.png","width":512,"height":512,"caption":"Galledia Fachmedien AG"},"image":{"@id":"https:\/\/www.m-q.ch\/fr\/#\/schema\/logo\/image\/"},"sameAs":["https:\/\/www.facebook.com\/ManagementUndQualitaet","https:\/\/www.linkedin.com\/showcase\/17982321\/admin\/"]},{"@type":"Person","@id":"https:\/\/www.m-q.ch\/fr\/#\/schema\/person\/71f647a41e4a3e361e6230f5134f3ba9","name":"upwork_2","image":{"@type":"ImageObject","inLanguage":"en-US","@id":"https:\/\/www.m-q.ch\/fr\/#\/schema\/person\/image\/","url":"https:\/\/secure.gravatar.com\/avatar\/777b90ab56092bbf3c85feacda5c1bce?s=96&d=mm&r=g","contentUrl":"https:\/\/secure.gravatar.com\/avatar\/777b90ab56092bbf3c85feacda5c1bce?s=96&d=mm&r=g","caption":"upwork_2"},"url":"https:\/\/www.m-q.ch\/en\/author\/upwork_2\/"}]}},"_links":{"self":[{"href":"https:\/\/www.m-q.ch\/en\/wp-json\/wp\/v2\/posts\/11590","targetHints":{"allow":["GET"]}}],"collection":[{"href":"https:\/\/www.m-q.ch\/en\/wp-json\/wp\/v2\/posts"}],"about":[{"href":"https:\/\/www.m-q.ch\/en\/wp-json\/wp\/v2\/types\/post"}],"author":[{"embeddable":true,"href":"https:\/\/www.m-q.ch\/en\/wp-json\/wp\/v2\/users\/62"}],"replies":[{"embeddable":true,"href":"https:\/\/www.m-q.ch\/en\/wp-json\/wp\/v2\/comments?post=11590"}],"version-history":[{"count":1,"href":"https:\/\/www.m-q.ch\/en\/wp-json\/wp\/v2\/posts\/11590\/revisions"}],"predecessor-version":[{"id":11611,"href":"https:\/\/www.m-q.ch\/en\/wp-json\/wp\/v2\/posts\/11590\/revisions\/11611"}],"wp:featuredmedia":[{"embeddable":true,"href":"https:\/\/www.m-q.ch\/en\/wp-json\/wp\/v2\/media\/11610"}],"wp:attachment":[{"href":"https:\/\/www.m-q.ch\/en\/wp-json\/wp\/v2\/media?parent=11590"}],"wp:term":[{"taxonomy":"category","embeddable":true,"href":"https:\/\/www.m-q.ch\/en\/wp-json\/wp\/v2\/categories?post=11590"},{"taxonomy":"post_tag","embeddable":true,"href":"https:\/\/www.m-q.ch\/en\/wp-json\/wp\/v2\/tags?post=11590"}],"curies":[{"name":"wp","href":"https:\/\/api.w.org\/{rel}","templated":true}]}}