{"id":11647,"date":"2016-06-05T02:48:16","date_gmt":"2016-06-05T00:48:16","guid":{"rendered":"https:\/\/www.m-q.ch\/?p=11647"},"modified":"2021-02-14T03:07:15","modified_gmt":"2021-02-14T02:07:15","slug":"complex-and-unpredictable-environment","status":"publish","type":"post","link":"https:\/\/www.m-q.ch\/en\/komplexes-und-unberechenbares-umfeld\/","title":{"rendered":"Complex and unpredictable environment"},"content":{"rendered":"<p><img loading=\"lazy\" decoding=\"async\" class=\"alignnone size-full wp-image-11649\" src=\"https:\/\/www.m-q.ch\/wp-content\/uploads\/2021\/02\/Komplexes-und-unberechenbares-Umfeld.jpg\" alt=\"Complex and unpredictable environment\" width=\"867\" height=\"562\" srcset=\"https:\/\/www.m-q.ch\/wp-content\/uploads\/2021\/02\/Komplexes-und-unberechenbares-Umfeld.jpg 867w, https:\/\/www.m-q.ch\/wp-content\/uploads\/2021\/02\/Komplexes-und-unberechenbares-Umfeld-768x498.jpg 768w, https:\/\/www.m-q.ch\/wp-content\/uploads\/2021\/02\/Komplexes-und-unberechenbares-Umfeld-16x10.jpg 16w, https:\/\/www.m-q.ch\/wp-content\/uploads\/2021\/02\/Komplexes-und-unberechenbares-Umfeld-270x175.jpg 270w, https:\/\/www.m-q.ch\/wp-content\/uploads\/2021\/02\/Komplexes-und-unberechenbares-Umfeld-540x350.jpg 540w, https:\/\/www.m-q.ch\/wp-content\/uploads\/2021\/02\/Komplexes-und-unberechenbares-Umfeld-300x194.jpg 300w\" sizes=\"auto, (max-width: 867px) 100vw, 867px\" \/><\/p>\n<p>&nbsp;<\/p>\n<p>&nbsp;<\/p>\n<p>&nbsp;<\/p>\n<p><em><strong>N<\/strong><\/em>owadays, no one can predict the price of energy in the coming years, nor the availability of qualified employees and the associated wages; most companies do not yet know how the new technologies will affect their business and do not yet understand the behaviour of the new generations; politics at all levels is unpredictable. This presents opportunities and risks and requires flexibility and reactivity.<\/p>\n<p><strong>Unplannability requires strategy<\/strong><br \/>\nParadoxically, it is not that unplannability is incompatible with planning. On the contrary, because one should be prepared for foreseen events in order to recognize relevant unplanned developments at an early stage and have thought of possible options thanks to scenario thinking. You don't have a solution yet, but you will be able to find and implement the solution much faster. Strategy also enables all relevant players in a company to know the direction of travel in order to identify new deviations and unplanned risks themselves. For example, a procurer can identify and report a new surprising development that would be relevant for marketing.<\/p>\n<p><strong>Strategy as a compass between conflicting goals<\/strong><br \/>\nGood and useful strategies are instruments for making well-founded, coherent, predictable and understandable decisions in situations of conflicting goals. There are rarely decisions that are positive for finances, quality, environment, society, and this in the short and long term. Especially not important decisions. To be able to have the necessary information to make decisions and the levers to implement them, integrated management is essential. Without strategy, it is impossible to stay on the right course when larger waves obscure the view of the next stages of the journey<\/p>\n<p><strong>Aspects of integrated management necessary for the strategy<\/strong><br \/>\nStrategic work requires two main aspects of an integrated management approach:<\/p>\n<ul>\n<li>Analyses of the relevant aspects for the company in the areas of finance, market, stakeholders (social), environment, quality, safety, technology, etc.<\/li>\n<li>Coherent target system for the implementation of the strategy (e.g. Balanced Scorecard) and the corresponding linked \"Management by Objectives\" approach to make the targets usable throughout the workforce; this allows each level\/department to address the conflicting targets coherently with the strategy.<\/li>\n<\/ul>\n<p>&nbsp;<\/p>\n<p>Without these two basic conditions, there is a high risk that a strategy will not take important aspects into account and\/or will not achieve any effect in reality.<\/p>\n<p><strong>Integrated management without strategy: a tiger with teeth but no brain<\/strong><br \/>\nGood integrated management captures information on the relevant aspects in different topics. It simplifies the processes in this sense that all relevant aspects are integrated in the same guidance and procedure, specification and other management implementation tools. Without strategy and strong leadership, the risk of ineffectiveness is high. Indeed, then everyone decides independently based on the information they have (what is right and the goal), but without any coherence. Thus, departments develop new subcultures, management becomes unpredictable, conflicts between people can be poorly regulated<\/p>\n<p>&nbsp;<\/p>\n<p>Strategy is the single and most important link that prevents disintegration and enables coherence between individual local optimizations. The strategy is the part of the brain of an organization that can control the non-reflex actions.<\/p>\n<p><strong>Expression of non-integrated management<\/strong><br \/>\nA non-integrated management system can be recognised by a number of characteristics:<\/p>\n<ul>\n<li>The annual report does not contain any information and key figures on environmental and social aspects; in the sustainability report, the corporate strategy is only mentioned in passing.<\/li>\n<li>No one in management is responsible for quality, the environment or social aspects.<\/li>\n<li>They have little or no knowledge of the aspects of corporate strategy that are relevant to the workforce.<\/li>\n<li>It is not clear which aspects of the environment are relevant to the company and which are not.<\/li>\n<li>The vision or corporate policy contains banalities in the environmental field; the relevant aspects are not specifically highlighted.<\/li>\n<li>The strategy does not offer any assistance in prioritising and regulating the trade-offs between finance, quality, environment, society and between short- and long-term perspectives.<\/li>\n<li>New projects and developments are only examined at the very end (or not at all) for their indirect effects on the environment and society.<\/li>\n<\/ul>\n<p><strong>Strategy and integrated management in harmony<\/strong><br \/>\nUltimately, it is not a question of whether the strategy or the management system is more important. Both are needed. And not in parallel and independently, but closely intertwined, coherent and struggling together or continuously against each other.<\/p>","protected":false},"excerpt":{"rendered":"<p>&nbsp; &nbsp; &nbsp; Niemand kann heute den Energiepreis der n\u00e4chsten Jahren vorhersehen, auch nicht die Verf\u00fcgbarkeit von qualifizierten Mitarbeitenden und die damit verbundenen L\u00f6hne; die meisten Unternehmen wissen noch nicht, wie die neuen Technologien ihr Business beeinflussen werden und verstehen das Verhalten der neuen Generationen noch nicht, die Politik auf allen Stufen ist unberechenbar. Das [&hellip;]<\/p>\n","protected":false},"author":66,"featured_media":11649,"comment_status":"closed","ping_status":"closed","sticky":false,"template":"","format":"standard","meta":{"_acf_changed":false,"footnotes":""},"categories":[5],"tags":[4781],"class_list":["post-11647","post","type-post","status-publish","format-standard","has-post-thumbnail","hentry","category-business_excellence","tag-06-2016"],"acf":[],"yoast_head":"<!-- This site is optimized with the Yoast SEO plugin v26.2 - https:\/\/yoast.com\/wordpress\/plugins\/seo\/ -->\n<title>Komplexes und unberechenbares Umfeld - MQ Management und Qualit\u00e4t<\/title>\n<meta name=\"description\" content=\"Die vielf\u00e4ltigen Verflechtungen \u00f6konomischer, \u00f6kologischer und gesellschaftlicher Prozesse haben l\u00e4ngst ein globales Ausmass angenommen. Dies hat dazu gef\u00fchrt, dass die damit verbundenen Risiken zunehmend undurchschaubar und diffus werden \u2013 und dadurch umso brisanter sind\" \/>\n<meta name=\"robots\" content=\"index, follow, max-snippet:-1, max-image-preview:large, max-video-preview:-1\" \/>\n<link rel=\"canonical\" href=\"https:\/\/www.m-q.ch\/en\/complex-and-unpredictable-environment\/\" \/>\n<meta property=\"og:locale\" content=\"en_US\" \/>\n<meta property=\"og:type\" content=\"article\" \/>\n<meta property=\"og:title\" content=\"Komplexes und unberechenbares Umfeld - MQ Management und Qualit\u00e4t\" \/>\n<meta property=\"og:description\" content=\"Die vielf\u00e4ltigen Verflechtungen \u00f6konomischer, \u00f6kologischer und gesellschaftlicher Prozesse haben l\u00e4ngst ein globales Ausmass angenommen. Dies hat dazu gef\u00fchrt, dass die damit verbundenen Risiken zunehmend undurchschaubar und diffus werden \u2013 und dadurch umso brisanter sind\" \/>\n<meta property=\"og:url\" content=\"https:\/\/www.m-q.ch\/en\/complex-and-unpredictable-environment\/\" \/>\n<meta property=\"og:site_name\" content=\"MQ Management und Qualit\u00e4t\" \/>\n<meta property=\"article:publisher\" content=\"https:\/\/www.facebook.com\/ManagementUndQualitaet\" \/>\n<meta property=\"article:published_time\" content=\"2016-06-05T00:48:16+00:00\" \/>\n<meta property=\"article:modified_time\" content=\"2021-02-14T02:07:15+00:00\" \/>\n<meta property=\"og:image\" content=\"https:\/\/www.m-q.ch\/wp-content\/uploads\/2021\/02\/Komplexes-und-unberechenbares-Umfeld.jpg\" \/>\n\t<meta property=\"og:image:width\" content=\"867\" \/>\n\t<meta property=\"og:image:height\" content=\"562\" \/>\n\t<meta property=\"og:image:type\" content=\"image\/jpeg\" \/>\n<meta name=\"author\" content=\"upwork_1\" \/>\n<meta name=\"twitter:card\" content=\"summary_large_image\" \/>\n<meta name=\"twitter:label1\" content=\"Written by\" \/>\n\t<meta name=\"twitter:data1\" content=\"upwork_1\" \/>\n\t<meta name=\"twitter:label2\" content=\"Est. reading time\" \/>\n\t<meta name=\"twitter:data2\" content=\"4 minutes\" \/>\n<script type=\"application\/ld+json\" class=\"yoast-schema-graph\">{\"@context\":\"https:\/\/schema.org\",\"@graph\":[{\"@type\":\"Article\",\"@id\":\"https:\/\/www.m-q.ch\/komplexes-und-unberechenbares-umfeld\/#article\",\"isPartOf\":{\"@id\":\"https:\/\/www.m-q.ch\/komplexes-und-unberechenbares-umfeld\/\"},\"author\":{\"name\":\"upwork_1\",\"@id\":\"https:\/\/www.m-q.ch\/fr\/#\/schema\/person\/0bdf39ca27d0b9b779f5b8af54b3f7d7\"},\"headline\":\"Komplexes und unberechenbares Umfeld\",\"datePublished\":\"2016-06-05T00:48:16+00:00\",\"dateModified\":\"2021-02-14T02:07:15+00:00\",\"mainEntityOfPage\":{\"@id\":\"https:\/\/www.m-q.ch\/komplexes-und-unberechenbares-umfeld\/\"},\"wordCount\":728,\"publisher\":{\"@id\":\"https:\/\/www.m-q.ch\/fr\/#organization\"},\"image\":{\"@id\":\"https:\/\/www.m-q.ch\/komplexes-und-unberechenbares-umfeld\/#primaryimage\"},\"thumbnailUrl\":\"https:\/\/www.m-q.ch\/wp-content\/uploads\/2021\/02\/Komplexes-und-unberechenbares-Umfeld.jpg\",\"keywords\":[\"06\/2016\"],\"articleSection\":[\"Business Excellence\"],\"inLanguage\":\"en-US\"},{\"@type\":\"WebPage\",\"@id\":\"https:\/\/www.m-q.ch\/komplexes-und-unberechenbares-umfeld\/\",\"url\":\"https:\/\/www.m-q.ch\/komplexes-und-unberechenbares-umfeld\/\",\"name\":\"Komplexes und unberechenbares Umfeld - MQ Management und Qualit\u00e4t\",\"isPartOf\":{\"@id\":\"https:\/\/www.m-q.ch\/fr\/#website\"},\"primaryImageOfPage\":{\"@id\":\"https:\/\/www.m-q.ch\/komplexes-und-unberechenbares-umfeld\/#primaryimage\"},\"image\":{\"@id\":\"https:\/\/www.m-q.ch\/komplexes-und-unberechenbares-umfeld\/#primaryimage\"},\"thumbnailUrl\":\"https:\/\/www.m-q.ch\/wp-content\/uploads\/2021\/02\/Komplexes-und-unberechenbares-Umfeld.jpg\",\"datePublished\":\"2016-06-05T00:48:16+00:00\",\"dateModified\":\"2021-02-14T02:07:15+00:00\",\"description\":\"Die vielf\u00e4ltigen Verflechtungen \u00f6konomischer, \u00f6kologischer und gesellschaftlicher Prozesse haben l\u00e4ngst ein globales Ausmass angenommen. Dies hat dazu gef\u00fchrt, dass die damit verbundenen Risiken zunehmend undurchschaubar und diffus werden \u2013 und dadurch umso brisanter sind\",\"breadcrumb\":{\"@id\":\"https:\/\/www.m-q.ch\/komplexes-und-unberechenbares-umfeld\/#breadcrumb\"},\"inLanguage\":\"en-US\",\"potentialAction\":[{\"@type\":\"ReadAction\",\"target\":[\"https:\/\/www.m-q.ch\/komplexes-und-unberechenbares-umfeld\/\"]}]},{\"@type\":\"ImageObject\",\"inLanguage\":\"en-US\",\"@id\":\"https:\/\/www.m-q.ch\/komplexes-und-unberechenbares-umfeld\/#primaryimage\",\"url\":\"https:\/\/www.m-q.ch\/wp-content\/uploads\/2021\/02\/Komplexes-und-unberechenbares-Umfeld.jpg\",\"contentUrl\":\"https:\/\/www.m-q.ch\/wp-content\/uploads\/2021\/02\/Komplexes-und-unberechenbares-Umfeld.jpg\",\"width\":867,\"height\":562,\"caption\":\"Komplexes und unberechenbares Umfeld\"},{\"@type\":\"BreadcrumbList\",\"@id\":\"https:\/\/www.m-q.ch\/komplexes-und-unberechenbares-umfeld\/#breadcrumb\",\"itemListElement\":[{\"@type\":\"ListItem\",\"position\":1,\"name\":\"Business Excellence\",\"item\":\"https:\/\/www.m-q.ch\/kategorie\/business_excellence\/\"},{\"@type\":\"ListItem\",\"position\":2,\"name\":\"Komplexes und unberechenbares Umfeld\"}]},{\"@type\":\"WebSite\",\"@id\":\"https:\/\/www.m-q.ch\/fr\/#website\",\"url\":\"https:\/\/www.m-q.ch\/fr\/\",\"name\":\"MQ Management und Qualit\u00e4t\",\"description\":\"Plattform f\u00fcr integrierte Managementsysteme.\",\"publisher\":{\"@id\":\"https:\/\/www.m-q.ch\/fr\/#organization\"},\"potentialAction\":[{\"@type\":\"SearchAction\",\"target\":{\"@type\":\"EntryPoint\",\"urlTemplate\":\"https:\/\/www.m-q.ch\/fr\/?s={search_term_string}\"},\"query-input\":{\"@type\":\"PropertyValueSpecification\",\"valueRequired\":true,\"valueName\":\"search_term_string\"}}],\"inLanguage\":\"en-US\"},{\"@type\":\"Organization\",\"@id\":\"https:\/\/www.m-q.ch\/fr\/#organization\",\"name\":\"Galledia Fachmedien AG\",\"url\":\"https:\/\/www.m-q.ch\/fr\/\",\"logo\":{\"@type\":\"ImageObject\",\"inLanguage\":\"en-US\",\"@id\":\"https:\/\/www.m-q.ch\/fr\/#\/schema\/logo\/image\/\",\"url\":\"https:\/\/www.m-q.ch\/wp-content\/uploads\/2020\/12\/cropped-logo_small.png\",\"contentUrl\":\"https:\/\/www.m-q.ch\/wp-content\/uploads\/2020\/12\/cropped-logo_small.png\",\"width\":512,\"height\":512,\"caption\":\"Galledia Fachmedien AG\"},\"image\":{\"@id\":\"https:\/\/www.m-q.ch\/fr\/#\/schema\/logo\/image\/\"},\"sameAs\":[\"https:\/\/www.facebook.com\/ManagementUndQualitaet\",\"https:\/\/www.linkedin.com\/showcase\/17982321\/admin\/\"]},{\"@type\":\"Person\",\"@id\":\"https:\/\/www.m-q.ch\/fr\/#\/schema\/person\/0bdf39ca27d0b9b779f5b8af54b3f7d7\",\"name\":\"upwork_1\",\"image\":{\"@type\":\"ImageObject\",\"inLanguage\":\"en-US\",\"@id\":\"https:\/\/www.m-q.ch\/fr\/#\/schema\/person\/image\/\",\"url\":\"https:\/\/secure.gravatar.com\/avatar\/04d4d0fdc5886d535809f17d0eace7f6?s=96&d=mm&r=g\",\"contentUrl\":\"https:\/\/secure.gravatar.com\/avatar\/04d4d0fdc5886d535809f17d0eace7f6?s=96&d=mm&r=g\",\"caption\":\"upwork_1\"},\"url\":\"https:\/\/www.m-q.ch\/en\/author\/upwork_1\/\"}]}<\/script>\n<!-- \/ Yoast SEO plugin. -->","yoast_head_json":{"title":"Complex and unpredictable environment - MQ Management and Quality","description":"The manifold interconnections of economic, ecological and social processes have long since assumed global proportions. This has led to the associated risks becoming increasingly opaque and diffuse - and thus all the more explosive","robots":{"index":"index","follow":"follow","max-snippet":"max-snippet:-1","max-image-preview":"max-image-preview:large","max-video-preview":"max-video-preview:-1"},"canonical":"https:\/\/www.m-q.ch\/en\/complex-and-unpredictable-environment\/","og_locale":"en_US","og_type":"article","og_title":"Komplexes und unberechenbares Umfeld - MQ Management und Qualit\u00e4t","og_description":"Die vielf\u00e4ltigen Verflechtungen \u00f6konomischer, \u00f6kologischer und gesellschaftlicher Prozesse haben l\u00e4ngst ein globales Ausmass angenommen. Dies hat dazu gef\u00fchrt, dass die damit verbundenen Risiken zunehmend undurchschaubar und diffus werden \u2013 und dadurch umso brisanter sind","og_url":"https:\/\/www.m-q.ch\/en\/complex-and-unpredictable-environment\/","og_site_name":"MQ Management und Qualit\u00e4t","article_publisher":"https:\/\/www.facebook.com\/ManagementUndQualitaet","article_published_time":"2016-06-05T00:48:16+00:00","article_modified_time":"2021-02-14T02:07:15+00:00","og_image":[{"width":867,"height":562,"url":"https:\/\/www.m-q.ch\/wp-content\/uploads\/2021\/02\/Komplexes-und-unberechenbares-Umfeld.jpg","type":"image\/jpeg"}],"author":"upwork_1","twitter_card":"summary_large_image","twitter_misc":{"Written by":"upwork_1","Est. reading time":"4 minutes"},"schema":{"@context":"https:\/\/schema.org","@graph":[{"@type":"Article","@id":"https:\/\/www.m-q.ch\/komplexes-und-unberechenbares-umfeld\/#article","isPartOf":{"@id":"https:\/\/www.m-q.ch\/komplexes-und-unberechenbares-umfeld\/"},"author":{"name":"upwork_1","@id":"https:\/\/www.m-q.ch\/fr\/#\/schema\/person\/0bdf39ca27d0b9b779f5b8af54b3f7d7"},"headline":"Komplexes und unberechenbares Umfeld","datePublished":"2016-06-05T00:48:16+00:00","dateModified":"2021-02-14T02:07:15+00:00","mainEntityOfPage":{"@id":"https:\/\/www.m-q.ch\/komplexes-und-unberechenbares-umfeld\/"},"wordCount":728,"publisher":{"@id":"https:\/\/www.m-q.ch\/fr\/#organization"},"image":{"@id":"https:\/\/www.m-q.ch\/komplexes-und-unberechenbares-umfeld\/#primaryimage"},"thumbnailUrl":"https:\/\/www.m-q.ch\/wp-content\/uploads\/2021\/02\/Komplexes-und-unberechenbares-Umfeld.jpg","keywords":["06\/2016"],"articleSection":["Business Excellence"],"inLanguage":"en-US"},{"@type":"WebPage","@id":"https:\/\/www.m-q.ch\/komplexes-und-unberechenbares-umfeld\/","url":"https:\/\/www.m-q.ch\/komplexes-und-unberechenbares-umfeld\/","name":"Complex and unpredictable environment - MQ Management and Quality","isPartOf":{"@id":"https:\/\/www.m-q.ch\/fr\/#website"},"primaryImageOfPage":{"@id":"https:\/\/www.m-q.ch\/komplexes-und-unberechenbares-umfeld\/#primaryimage"},"image":{"@id":"https:\/\/www.m-q.ch\/komplexes-und-unberechenbares-umfeld\/#primaryimage"},"thumbnailUrl":"https:\/\/www.m-q.ch\/wp-content\/uploads\/2021\/02\/Komplexes-und-unberechenbares-Umfeld.jpg","datePublished":"2016-06-05T00:48:16+00:00","dateModified":"2021-02-14T02:07:15+00:00","description":"The manifold interconnections of economic, ecological and social processes have long since assumed global proportions. This has led to the associated risks becoming increasingly opaque and diffuse - and thus all the more explosive","breadcrumb":{"@id":"https:\/\/www.m-q.ch\/komplexes-und-unberechenbares-umfeld\/#breadcrumb"},"inLanguage":"en-US","potentialAction":[{"@type":"ReadAction","target":["https:\/\/www.m-q.ch\/komplexes-und-unberechenbares-umfeld\/"]}]},{"@type":"ImageObject","inLanguage":"en-US","@id":"https:\/\/www.m-q.ch\/komplexes-und-unberechenbares-umfeld\/#primaryimage","url":"https:\/\/www.m-q.ch\/wp-content\/uploads\/2021\/02\/Komplexes-und-unberechenbares-Umfeld.jpg","contentUrl":"https:\/\/www.m-q.ch\/wp-content\/uploads\/2021\/02\/Komplexes-und-unberechenbares-Umfeld.jpg","width":867,"height":562,"caption":"Komplexes und unberechenbares Umfeld"},{"@type":"BreadcrumbList","@id":"https:\/\/www.m-q.ch\/komplexes-und-unberechenbares-umfeld\/#breadcrumb","itemListElement":[{"@type":"ListItem","position":1,"name":"Business Excellence","item":"https:\/\/www.m-q.ch\/kategorie\/business_excellence\/"},{"@type":"ListItem","position":2,"name":"Komplexes und unberechenbares Umfeld"}]},{"@type":"WebSite","@id":"https:\/\/www.m-q.ch\/fr\/#website","url":"https:\/\/www.m-q.ch\/fr\/","name":"MQ Management and Quality","description":"Platform for integrated management systems.","publisher":{"@id":"https:\/\/www.m-q.ch\/fr\/#organization"},"potentialAction":[{"@type":"SearchAction","target":{"@type":"EntryPoint","urlTemplate":"https:\/\/www.m-q.ch\/fr\/?s={search_term_string}"},"query-input":{"@type":"PropertyValueSpecification","valueRequired":true,"valueName":"search_term_string"}}],"inLanguage":"en-US"},{"@type":"Organization","@id":"https:\/\/www.m-q.ch\/fr\/#organization","name":"Galledia Trade Media AG","url":"https:\/\/www.m-q.ch\/fr\/","logo":{"@type":"ImageObject","inLanguage":"en-US","@id":"https:\/\/www.m-q.ch\/fr\/#\/schema\/logo\/image\/","url":"https:\/\/www.m-q.ch\/wp-content\/uploads\/2020\/12\/cropped-logo_small.png","contentUrl":"https:\/\/www.m-q.ch\/wp-content\/uploads\/2020\/12\/cropped-logo_small.png","width":512,"height":512,"caption":"Galledia Fachmedien AG"},"image":{"@id":"https:\/\/www.m-q.ch\/fr\/#\/schema\/logo\/image\/"},"sameAs":["https:\/\/www.facebook.com\/ManagementUndQualitaet","https:\/\/www.linkedin.com\/showcase\/17982321\/admin\/"]},{"@type":"Person","@id":"https:\/\/www.m-q.ch\/fr\/#\/schema\/person\/0bdf39ca27d0b9b779f5b8af54b3f7d7","name":"upwork_1","image":{"@type":"ImageObject","inLanguage":"en-US","@id":"https:\/\/www.m-q.ch\/fr\/#\/schema\/person\/image\/","url":"https:\/\/secure.gravatar.com\/avatar\/04d4d0fdc5886d535809f17d0eace7f6?s=96&d=mm&r=g","contentUrl":"https:\/\/secure.gravatar.com\/avatar\/04d4d0fdc5886d535809f17d0eace7f6?s=96&d=mm&r=g","caption":"upwork_1"},"url":"https:\/\/www.m-q.ch\/en\/author\/upwork_1\/"}]}},"_links":{"self":[{"href":"https:\/\/www.m-q.ch\/en\/wp-json\/wp\/v2\/posts\/11647","targetHints":{"allow":["GET"]}}],"collection":[{"href":"https:\/\/www.m-q.ch\/en\/wp-json\/wp\/v2\/posts"}],"about":[{"href":"https:\/\/www.m-q.ch\/en\/wp-json\/wp\/v2\/types\/post"}],"author":[{"embeddable":true,"href":"https:\/\/www.m-q.ch\/en\/wp-json\/wp\/v2\/users\/66"}],"replies":[{"embeddable":true,"href":"https:\/\/www.m-q.ch\/en\/wp-json\/wp\/v2\/comments?post=11647"}],"version-history":[{"count":1,"href":"https:\/\/www.m-q.ch\/en\/wp-json\/wp\/v2\/posts\/11647\/revisions"}],"predecessor-version":[{"id":11669,"href":"https:\/\/www.m-q.ch\/en\/wp-json\/wp\/v2\/posts\/11647\/revisions\/11669"}],"wp:featuredmedia":[{"embeddable":true,"href":"https:\/\/www.m-q.ch\/en\/wp-json\/wp\/v2\/media\/11649"}],"wp:attachment":[{"href":"https:\/\/www.m-q.ch\/en\/wp-json\/wp\/v2\/media?parent=11647"}],"wp:term":[{"taxonomy":"category","embeddable":true,"href":"https:\/\/www.m-q.ch\/en\/wp-json\/wp\/v2\/categories?post=11647"},{"taxonomy":"post_tag","embeddable":true,"href":"https:\/\/www.m-q.ch\/en\/wp-json\/wp\/v2\/tags?post=11647"}],"curies":[{"name":"wp","href":"https:\/\/api.w.org\/{rel}","templated":true}]}}