{"id":11794,"date":"2016-09-01T08:17:49","date_gmt":"2016-09-01T06:17:49","guid":{"rendered":"https:\/\/www.m-q.ch\/?p=11794"},"modified":"2021-02-14T08:24:06","modified_gmt":"2021-02-14T07:24:06","slug":"18-dangerous-goods-day-switzerland-at-euroairport-basel-on-8-june-2016","status":"publish","type":"post","link":"https:\/\/www.m-q.ch\/en\/18-gefahrguttag-schweiz-im-euroairport-basel-vom-8-juni-2016\/","title":{"rendered":"18th Dangerous Goods Day Switzerland at EuroAirport Basel on 8 June 2016"},"content":{"rendered":"<p><img loading=\"lazy\" decoding=\"async\" class=\"alignnone size-full wp-image-11802\" src=\"https:\/\/www.m-q.ch\/wp-content\/uploads\/2021\/02\/18.-Gefahrguttag-Schweiz-im-EuroAirport-Basel-vom-8.-Juni-2016.jpg\" alt=\"18th Dangerous Goods Day Switzerland at EuroAirport Basel on 8 June 2016\" width=\"877\" height=\"576\" srcset=\"https:\/\/www.m-q.ch\/wp-content\/uploads\/2021\/02\/18.-Gefahrguttag-Schweiz-im-EuroAirport-Basel-vom-8.-Juni-2016.jpg 877w, https:\/\/www.m-q.ch\/wp-content\/uploads\/2021\/02\/18.-Gefahrguttag-Schweiz-im-EuroAirport-Basel-vom-8.-Juni-2016-768x504.jpg 768w, https:\/\/www.m-q.ch\/wp-content\/uploads\/2021\/02\/18.-Gefahrguttag-Schweiz-im-EuroAirport-Basel-vom-8.-Juni-2016-16x12.jpg 16w, https:\/\/www.m-q.ch\/wp-content\/uploads\/2021\/02\/18.-Gefahrguttag-Schweiz-im-EuroAirport-Basel-vom-8.-Juni-2016-266x175.jpg 266w, https:\/\/www.m-q.ch\/wp-content\/uploads\/2021\/02\/18.-Gefahrguttag-Schweiz-im-EuroAirport-Basel-vom-8.-Juni-2016-533x350.jpg 533w, https:\/\/www.m-q.ch\/wp-content\/uploads\/2021\/02\/18.-Gefahrguttag-Schweiz-im-EuroAirport-Basel-vom-8.-Juni-2016-300x197.jpg 300w\" sizes=\"auto, (max-width: 877px) 100vw, 877px\" \/><\/p>\n<p>&nbsp;<\/p>\n<p>&nbsp;<\/p>\n<p>Vast quantities of flammable, corrosive, toxic and environmentally hazardous goods are transported every day by road, rail, ship and air. It is anything but a matter of course that these \"goods\" arrive safely at their destination. After all, how easy is it for them to get stuck in a defective container, to be carelessly lashed down or to be transported together with other substances with which they would immediately react chemically if released?<\/p>\n<p>&nbsp;<\/p>\n<p>Serious accidents involving dangerous goods are fortunately very rare, but this is not due to luck alone. Rather, it is the conscious adherence to detailed regulations on all aspects of handling dangerous goods that ensures safe conditions.<\/p>\n<p><strong>Complex set of rules <\/strong><br \/>\nIn view of the volumes of dangerous goods being transported, ongoing globalisation and the ever faster development of new products and substances, continuous efforts are needed to ensure that dangerous goods are transported safely to their destination. The European conventions, which provide the essential framework for all aspects of the transport of dangerous goods by road and rail and are valid in 48 contracting states, are therefore revised every two years.<\/p>\n<p>&nbsp;<\/p>\n<p>Beat Schmied from the Federal Roads Office informed the participants at the Dangerous Goods Day about the expected innovations in the 2017 edition of the ADR and the associated Swiss regulations SDR. Due to time constraints, he was unable to explain every innovation in detail, but he was able to give valuable indications as to which parts of the regulations would be subject to change. Very many of the expected corrections are only of an editorial nature, but this does not mean by any means that they should be ignored. After all, the transport of dangerous goods is heavily regulated due to the dangers mentioned at the beginning and the large number of countries involved. The devil is therefore often in the detail, as conference chairman Ralf Mengwasser had already warned in his welcoming address. Thus, the innovations also include some that may not appear to be very clear at first glance. On the other hand, the ADR 2017 also comes up with very useful changes. These include, for example, a definition for the previously unspecified term \"well-ventilated vehicle\", which provides limit values for carbon dioxide and oxygen in the air.<\/p>\n<p><strong>Increase expertise <\/strong><br \/>\nAs every year, the specialist modules offered the opportunity to devote themselves to a specific topic in groups and also to ask questions of the speakers or to exchange ideas among themselves. In addition to an in-depth look at the upcoming innovations, there were seven other modules to choose from. One of these was devoted to the maintenance of IBCs (Intermediate Bulk Containers) and site tanks and highlighted the differences and advantages of the two types of containment. The site tank is a Swiss peculiarity and may only be used in Switzerland in accordance with SDR. Unlike the IBC, it may only be filled with diesel, but offers the advantages of a more robust design and longer inspection intervals. The participants in the module discussed the question of how to deal with IBCs or site tanks where the inspection intervals have been missed. Another module looked at the often problematic classification of waste, using three different cases, and showed ways in which a reasonable classification can be made using the available regulations. Particular attention was paid to the question of transport or the correct labelling of dangerous goods. The participants were not in agreement as to whether or not it was still possible to speak of dangerous goods in the case of an exemption in accordance with a special regulation. Here too, the \"devil seemed to be in the detail\", but in view of the threat of fines in the event of incorrectly completed papers, apparent details quickly turned into weighty questions.<\/p>\n<p>&nbsp;<\/p>\n<p>Specialists are aware of the many pitfalls in dangerous goods law and are therefore happy to attend the Dangerous Goods Day every year to keep up to date and to learn more.<\/p>\n<p>&nbsp;<\/p>\n<p>The Dangerous Goods Day Switzerland also imparts specific knowledge on transport on inland waters or in the air and supplements the theoretical part with presentations on related topics as well as specialist modules and practical exercises or tours. The next opportunity for dangerous goods safety advisors, enforcement officers, forwarders or manufacturers of dangerous goods to obtain such comprehensive information will be the 19th Dangerous Goods Day Switzerland on 14 June 2017.<\/p>\n<p>&nbsp;<\/p>\n<p><em>Swiss TS Technical Services AG and GeFaSuisse hold the annual Dangerous Goods Day Switzerland, providing information on amendments to the European agreements on the carriage of dangerous goods by road (ADR) and rail (RID). www.gefahrguttag.ch<\/em><\/p>","protected":false},"excerpt":{"rendered":"<p>&nbsp; &nbsp; Unmengen an entz\u00fcndbaren, \u00e4tzenden, toxischen sowie umweltgef\u00e4hrdenden G\u00fctern werden jeden Tag auf Strasse und Schiene sowie per Schiff und Flugzeug bef\u00f6rdert. Dass diese \u00abG\u00fcter\u00bb sicher am Bestimmungsort ankommen, ist alles andere als selbstverst\u00e4ndlich. Denn wie leicht k\u00f6nnten sie in einem defekten Gebinde stecken, nur nachl\u00e4ssig festgezurrt sein oder zusammen mit weiteren Stoffen transportiert [&hellip;]<\/p>\n","protected":false},"author":66,"featured_media":11802,"comment_status":"closed","ping_status":"closed","sticky":false,"template":"","format":"standard","meta":{"_acf_changed":false,"footnotes":""},"categories":[4448],"tags":[4785],"class_list":["post-11794","post","type-post","status-publish","format-standard","has-post-thumbnail","hentry","category-allgemein","tag-09-2016"],"acf":[],"yoast_head":"<!-- This site is optimized with the Yoast SEO plugin v26.2 - https:\/\/yoast.com\/wordpress\/plugins\/seo\/ -->\n<title>18. Gefahrguttag Schweiz im EuroAirport Basel vom 8. Juni 2016 - MQ Management und Qualit\u00e4t<\/title>\n<meta name=\"description\" content=\"Es ist nicht einfach, sich im Dickicht der europ\u00e4ischenRegelwerke zum Gefahrguttransport zurechtzufinden,zumal sie rund alle zwei Jahre revidiert werden.Eine gute Orientierungshilfe bietet hierbei derGefahrguttag, der auch deshalb l\u00e4ngst zur Institutiongeworden ist.\" \/>\n<meta name=\"robots\" content=\"index, follow, max-snippet:-1, max-image-preview:large, max-video-preview:-1\" \/>\n<link rel=\"canonical\" href=\"https:\/\/www.m-q.ch\/en\/18-dangerous-goods-day-switzerland-at-euroairport-basel-on-8-june-2016\/\" \/>\n<meta property=\"og:locale\" content=\"en_US\" \/>\n<meta property=\"og:type\" content=\"article\" \/>\n<meta property=\"og:title\" content=\"18. Gefahrguttag Schweiz im EuroAirport Basel vom 8. Juni 2016 - MQ Management und Qualit\u00e4t\" \/>\n<meta property=\"og:description\" content=\"Es ist nicht einfach, sich im Dickicht der europ\u00e4ischenRegelwerke zum Gefahrguttransport zurechtzufinden,zumal sie rund alle zwei Jahre revidiert werden.Eine gute Orientierungshilfe bietet hierbei derGefahrguttag, der auch deshalb l\u00e4ngst zur Institutiongeworden ist.\" \/>\n<meta property=\"og:url\" content=\"https:\/\/www.m-q.ch\/en\/18-dangerous-goods-day-switzerland-at-euroairport-basel-on-8-june-2016\/\" \/>\n<meta property=\"og:site_name\" content=\"MQ Management und Qualit\u00e4t\" \/>\n<meta property=\"article:publisher\" content=\"https:\/\/www.facebook.com\/ManagementUndQualitaet\" \/>\n<meta property=\"article:published_time\" content=\"2016-09-01T06:17:49+00:00\" \/>\n<meta property=\"article:modified_time\" content=\"2021-02-14T07:24:06+00:00\" \/>\n<meta property=\"og:image\" content=\"https:\/\/www.m-q.ch\/wp-content\/uploads\/2021\/02\/18.-Gefahrguttag-Schweiz-im-EuroAirport-Basel-vom-8.-Juni-2016.jpg\" \/>\n\t<meta property=\"og:image:width\" content=\"877\" \/>\n\t<meta property=\"og:image:height\" content=\"576\" \/>\n\t<meta property=\"og:image:type\" content=\"image\/jpeg\" \/>\n<meta name=\"author\" content=\"upwork_1\" \/>\n<meta name=\"twitter:card\" content=\"summary_large_image\" \/>\n<meta name=\"twitter:label1\" content=\"Written by\" \/>\n\t<meta name=\"twitter:data1\" content=\"upwork_1\" \/>\n\t<meta name=\"twitter:label2\" content=\"Est. reading time\" \/>\n\t<meta name=\"twitter:data2\" content=\"4 minutes\" \/>\n<script type=\"application\/ld+json\" class=\"yoast-schema-graph\">{\"@context\":\"https:\/\/schema.org\",\"@graph\":[{\"@type\":\"Article\",\"@id\":\"https:\/\/www.m-q.ch\/18-gefahrguttag-schweiz-im-euroairport-basel-vom-8-juni-2016\/#article\",\"isPartOf\":{\"@id\":\"https:\/\/www.m-q.ch\/18-gefahrguttag-schweiz-im-euroairport-basel-vom-8-juni-2016\/\"},\"author\":{\"name\":\"upwork_1\",\"@id\":\"https:\/\/www.m-q.ch\/fr\/#\/schema\/person\/0bdf39ca27d0b9b779f5b8af54b3f7d7\"},\"headline\":\"18. Gefahrguttag Schweiz im EuroAirport Basel vom 8. Juni 2016\",\"datePublished\":\"2016-09-01T06:17:49+00:00\",\"dateModified\":\"2021-02-14T07:24:06+00:00\",\"mainEntityOfPage\":{\"@id\":\"https:\/\/www.m-q.ch\/18-gefahrguttag-schweiz-im-euroairport-basel-vom-8-juni-2016\/\"},\"wordCount\":734,\"publisher\":{\"@id\":\"https:\/\/www.m-q.ch\/fr\/#organization\"},\"image\":{\"@id\":\"https:\/\/www.m-q.ch\/18-gefahrguttag-schweiz-im-euroairport-basel-vom-8-juni-2016\/#primaryimage\"},\"thumbnailUrl\":\"https:\/\/www.m-q.ch\/wp-content\/uploads\/2021\/02\/18.-Gefahrguttag-Schweiz-im-EuroAirport-Basel-vom-8.-Juni-2016.jpg\",\"keywords\":[\"09\/2016\"],\"articleSection\":[\"Allgemein\"],\"inLanguage\":\"en-US\"},{\"@type\":\"WebPage\",\"@id\":\"https:\/\/www.m-q.ch\/18-gefahrguttag-schweiz-im-euroairport-basel-vom-8-juni-2016\/\",\"url\":\"https:\/\/www.m-q.ch\/18-gefahrguttag-schweiz-im-euroairport-basel-vom-8-juni-2016\/\",\"name\":\"18. Gefahrguttag Schweiz im EuroAirport Basel vom 8. Juni 2016 - MQ Management und Qualit\u00e4t\",\"isPartOf\":{\"@id\":\"https:\/\/www.m-q.ch\/fr\/#website\"},\"primaryImageOfPage\":{\"@id\":\"https:\/\/www.m-q.ch\/18-gefahrguttag-schweiz-im-euroairport-basel-vom-8-juni-2016\/#primaryimage\"},\"image\":{\"@id\":\"https:\/\/www.m-q.ch\/18-gefahrguttag-schweiz-im-euroairport-basel-vom-8-juni-2016\/#primaryimage\"},\"thumbnailUrl\":\"https:\/\/www.m-q.ch\/wp-content\/uploads\/2021\/02\/18.-Gefahrguttag-Schweiz-im-EuroAirport-Basel-vom-8.-Juni-2016.jpg\",\"datePublished\":\"2016-09-01T06:17:49+00:00\",\"dateModified\":\"2021-02-14T07:24:06+00:00\",\"description\":\"Es ist nicht einfach, sich im Dickicht der europ\u00e4ischenRegelwerke zum Gefahrguttransport zurechtzufinden,zumal sie rund alle zwei Jahre revidiert werden.Eine gute Orientierungshilfe bietet hierbei derGefahrguttag, der auch deshalb l\u00e4ngst zur Institutiongeworden ist.\",\"breadcrumb\":{\"@id\":\"https:\/\/www.m-q.ch\/18-gefahrguttag-schweiz-im-euroairport-basel-vom-8-juni-2016\/#breadcrumb\"},\"inLanguage\":\"en-US\",\"potentialAction\":[{\"@type\":\"ReadAction\",\"target\":[\"https:\/\/www.m-q.ch\/18-gefahrguttag-schweiz-im-euroairport-basel-vom-8-juni-2016\/\"]}]},{\"@type\":\"ImageObject\",\"inLanguage\":\"en-US\",\"@id\":\"https:\/\/www.m-q.ch\/18-gefahrguttag-schweiz-im-euroairport-basel-vom-8-juni-2016\/#primaryimage\",\"url\":\"https:\/\/www.m-q.ch\/wp-content\/uploads\/2021\/02\/18.-Gefahrguttag-Schweiz-im-EuroAirport-Basel-vom-8.-Juni-2016.jpg\",\"contentUrl\":\"https:\/\/www.m-q.ch\/wp-content\/uploads\/2021\/02\/18.-Gefahrguttag-Schweiz-im-EuroAirport-Basel-vom-8.-Juni-2016.jpg\",\"width\":877,\"height\":576,\"caption\":\"18. Gefahrguttag Schweiz im EuroAirport Basel vom 8. Juni 2016\"},{\"@type\":\"BreadcrumbList\",\"@id\":\"https:\/\/www.m-q.ch\/18-gefahrguttag-schweiz-im-euroairport-basel-vom-8-juni-2016\/#breadcrumb\",\"itemListElement\":[{\"@type\":\"ListItem\",\"position\":1,\"name\":\"Allgemein\",\"item\":\"https:\/\/www.m-q.ch\/kategorie\/allgemein\/\"},{\"@type\":\"ListItem\",\"position\":2,\"name\":\"18. Gefahrguttag Schweiz im EuroAirport Basel vom 8. Juni 2016\"}]},{\"@type\":\"WebSite\",\"@id\":\"https:\/\/www.m-q.ch\/fr\/#website\",\"url\":\"https:\/\/www.m-q.ch\/fr\/\",\"name\":\"MQ Management und Qualit\u00e4t\",\"description\":\"Plattform f\u00fcr integrierte Managementsysteme.\",\"publisher\":{\"@id\":\"https:\/\/www.m-q.ch\/fr\/#organization\"},\"potentialAction\":[{\"@type\":\"SearchAction\",\"target\":{\"@type\":\"EntryPoint\",\"urlTemplate\":\"https:\/\/www.m-q.ch\/fr\/?s={search_term_string}\"},\"query-input\":{\"@type\":\"PropertyValueSpecification\",\"valueRequired\":true,\"valueName\":\"search_term_string\"}}],\"inLanguage\":\"en-US\"},{\"@type\":\"Organization\",\"@id\":\"https:\/\/www.m-q.ch\/fr\/#organization\",\"name\":\"Galledia Fachmedien AG\",\"url\":\"https:\/\/www.m-q.ch\/fr\/\",\"logo\":{\"@type\":\"ImageObject\",\"inLanguage\":\"en-US\",\"@id\":\"https:\/\/www.m-q.ch\/fr\/#\/schema\/logo\/image\/\",\"url\":\"https:\/\/www.m-q.ch\/wp-content\/uploads\/2020\/12\/cropped-logo_small.png\",\"contentUrl\":\"https:\/\/www.m-q.ch\/wp-content\/uploads\/2020\/12\/cropped-logo_small.png\",\"width\":512,\"height\":512,\"caption\":\"Galledia Fachmedien AG\"},\"image\":{\"@id\":\"https:\/\/www.m-q.ch\/fr\/#\/schema\/logo\/image\/\"},\"sameAs\":[\"https:\/\/www.facebook.com\/ManagementUndQualitaet\",\"https:\/\/www.linkedin.com\/showcase\/17982321\/admin\/\"]},{\"@type\":\"Person\",\"@id\":\"https:\/\/www.m-q.ch\/fr\/#\/schema\/person\/0bdf39ca27d0b9b779f5b8af54b3f7d7\",\"name\":\"upwork_1\",\"image\":{\"@type\":\"ImageObject\",\"inLanguage\":\"en-US\",\"@id\":\"https:\/\/www.m-q.ch\/fr\/#\/schema\/person\/image\/\",\"url\":\"https:\/\/secure.gravatar.com\/avatar\/04d4d0fdc5886d535809f17d0eace7f6?s=96&d=mm&r=g\",\"contentUrl\":\"https:\/\/secure.gravatar.com\/avatar\/04d4d0fdc5886d535809f17d0eace7f6?s=96&d=mm&r=g\",\"caption\":\"upwork_1\"},\"url\":\"https:\/\/www.m-q.ch\/en\/author\/upwork_1\/\"}]}<\/script>\n<!-- \/ Yoast SEO plugin. -->","yoast_head_json":{"title":"18th Dangerous Goods Day Switzerland at EuroAirport Basel on 8 June 2016 - MQ Management and Quality","description":"It is not easy to find one's way through the thicket of European regulations on the transport of dangerous goods, especially as they are revised around every two years.","robots":{"index":"index","follow":"follow","max-snippet":"max-snippet:-1","max-image-preview":"max-image-preview:large","max-video-preview":"max-video-preview:-1"},"canonical":"https:\/\/www.m-q.ch\/en\/18-dangerous-goods-day-switzerland-at-euroairport-basel-on-8-june-2016\/","og_locale":"en_US","og_type":"article","og_title":"18. Gefahrguttag Schweiz im EuroAirport Basel vom 8. Juni 2016 - MQ Management und Qualit\u00e4t","og_description":"Es ist nicht einfach, sich im Dickicht der europ\u00e4ischenRegelwerke zum Gefahrguttransport zurechtzufinden,zumal sie rund alle zwei Jahre revidiert werden.Eine gute Orientierungshilfe bietet hierbei derGefahrguttag, der auch deshalb l\u00e4ngst zur Institutiongeworden ist.","og_url":"https:\/\/www.m-q.ch\/en\/18-dangerous-goods-day-switzerland-at-euroairport-basel-on-8-june-2016\/","og_site_name":"MQ Management und Qualit\u00e4t","article_publisher":"https:\/\/www.facebook.com\/ManagementUndQualitaet","article_published_time":"2016-09-01T06:17:49+00:00","article_modified_time":"2021-02-14T07:24:06+00:00","og_image":[{"width":877,"height":576,"url":"https:\/\/www.m-q.ch\/wp-content\/uploads\/2021\/02\/18.-Gefahrguttag-Schweiz-im-EuroAirport-Basel-vom-8.-Juni-2016.jpg","type":"image\/jpeg"}],"author":"upwork_1","twitter_card":"summary_large_image","twitter_misc":{"Written by":"upwork_1","Est. reading time":"4 minutes"},"schema":{"@context":"https:\/\/schema.org","@graph":[{"@type":"Article","@id":"https:\/\/www.m-q.ch\/18-gefahrguttag-schweiz-im-euroairport-basel-vom-8-juni-2016\/#article","isPartOf":{"@id":"https:\/\/www.m-q.ch\/18-gefahrguttag-schweiz-im-euroairport-basel-vom-8-juni-2016\/"},"author":{"name":"upwork_1","@id":"https:\/\/www.m-q.ch\/fr\/#\/schema\/person\/0bdf39ca27d0b9b779f5b8af54b3f7d7"},"headline":"18. Gefahrguttag Schweiz im EuroAirport Basel vom 8. Juni 2016","datePublished":"2016-09-01T06:17:49+00:00","dateModified":"2021-02-14T07:24:06+00:00","mainEntityOfPage":{"@id":"https:\/\/www.m-q.ch\/18-gefahrguttag-schweiz-im-euroairport-basel-vom-8-juni-2016\/"},"wordCount":734,"publisher":{"@id":"https:\/\/www.m-q.ch\/fr\/#organization"},"image":{"@id":"https:\/\/www.m-q.ch\/18-gefahrguttag-schweiz-im-euroairport-basel-vom-8-juni-2016\/#primaryimage"},"thumbnailUrl":"https:\/\/www.m-q.ch\/wp-content\/uploads\/2021\/02\/18.-Gefahrguttag-Schweiz-im-EuroAirport-Basel-vom-8.-Juni-2016.jpg","keywords":["09\/2016"],"articleSection":["Allgemein"],"inLanguage":"en-US"},{"@type":"WebPage","@id":"https:\/\/www.m-q.ch\/18-gefahrguttag-schweiz-im-euroairport-basel-vom-8-juni-2016\/","url":"https:\/\/www.m-q.ch\/18-gefahrguttag-schweiz-im-euroairport-basel-vom-8-juni-2016\/","name":"18th Dangerous Goods Day Switzerland at EuroAirport Basel on 8 June 2016 - MQ Management and Quality","isPartOf":{"@id":"https:\/\/www.m-q.ch\/fr\/#website"},"primaryImageOfPage":{"@id":"https:\/\/www.m-q.ch\/18-gefahrguttag-schweiz-im-euroairport-basel-vom-8-juni-2016\/#primaryimage"},"image":{"@id":"https:\/\/www.m-q.ch\/18-gefahrguttag-schweiz-im-euroairport-basel-vom-8-juni-2016\/#primaryimage"},"thumbnailUrl":"https:\/\/www.m-q.ch\/wp-content\/uploads\/2021\/02\/18.-Gefahrguttag-Schweiz-im-EuroAirport-Basel-vom-8.-Juni-2016.jpg","datePublished":"2016-09-01T06:17:49+00:00","dateModified":"2021-02-14T07:24:06+00:00","description":"It is not easy to find one's way through the thicket of European regulations on the transport of dangerous goods, especially as they are revised around every two years.","breadcrumb":{"@id":"https:\/\/www.m-q.ch\/18-gefahrguttag-schweiz-im-euroairport-basel-vom-8-juni-2016\/#breadcrumb"},"inLanguage":"en-US","potentialAction":[{"@type":"ReadAction","target":["https:\/\/www.m-q.ch\/18-gefahrguttag-schweiz-im-euroairport-basel-vom-8-juni-2016\/"]}]},{"@type":"ImageObject","inLanguage":"en-US","@id":"https:\/\/www.m-q.ch\/18-gefahrguttag-schweiz-im-euroairport-basel-vom-8-juni-2016\/#primaryimage","url":"https:\/\/www.m-q.ch\/wp-content\/uploads\/2021\/02\/18.-Gefahrguttag-Schweiz-im-EuroAirport-Basel-vom-8.-Juni-2016.jpg","contentUrl":"https:\/\/www.m-q.ch\/wp-content\/uploads\/2021\/02\/18.-Gefahrguttag-Schweiz-im-EuroAirport-Basel-vom-8.-Juni-2016.jpg","width":877,"height":576,"caption":"18. Gefahrguttag Schweiz im EuroAirport Basel vom 8. Juni 2016"},{"@type":"BreadcrumbList","@id":"https:\/\/www.m-q.ch\/18-gefahrguttag-schweiz-im-euroairport-basel-vom-8-juni-2016\/#breadcrumb","itemListElement":[{"@type":"ListItem","position":1,"name":"Allgemein","item":"https:\/\/www.m-q.ch\/kategorie\/allgemein\/"},{"@type":"ListItem","position":2,"name":"18. Gefahrguttag Schweiz im EuroAirport Basel vom 8. Juni 2016"}]},{"@type":"WebSite","@id":"https:\/\/www.m-q.ch\/fr\/#website","url":"https:\/\/www.m-q.ch\/fr\/","name":"MQ Management and Quality","description":"Platform for integrated management systems.","publisher":{"@id":"https:\/\/www.m-q.ch\/fr\/#organization"},"potentialAction":[{"@type":"SearchAction","target":{"@type":"EntryPoint","urlTemplate":"https:\/\/www.m-q.ch\/fr\/?s={search_term_string}"},"query-input":{"@type":"PropertyValueSpecification","valueRequired":true,"valueName":"search_term_string"}}],"inLanguage":"en-US"},{"@type":"Organization","@id":"https:\/\/www.m-q.ch\/fr\/#organization","name":"Galledia Trade Media AG","url":"https:\/\/www.m-q.ch\/fr\/","logo":{"@type":"ImageObject","inLanguage":"en-US","@id":"https:\/\/www.m-q.ch\/fr\/#\/schema\/logo\/image\/","url":"https:\/\/www.m-q.ch\/wp-content\/uploads\/2020\/12\/cropped-logo_small.png","contentUrl":"https:\/\/www.m-q.ch\/wp-content\/uploads\/2020\/12\/cropped-logo_small.png","width":512,"height":512,"caption":"Galledia Fachmedien AG"},"image":{"@id":"https:\/\/www.m-q.ch\/fr\/#\/schema\/logo\/image\/"},"sameAs":["https:\/\/www.facebook.com\/ManagementUndQualitaet","https:\/\/www.linkedin.com\/showcase\/17982321\/admin\/"]},{"@type":"Person","@id":"https:\/\/www.m-q.ch\/fr\/#\/schema\/person\/0bdf39ca27d0b9b779f5b8af54b3f7d7","name":"upwork_1","image":{"@type":"ImageObject","inLanguage":"en-US","@id":"https:\/\/www.m-q.ch\/fr\/#\/schema\/person\/image\/","url":"https:\/\/secure.gravatar.com\/avatar\/04d4d0fdc5886d535809f17d0eace7f6?s=96&d=mm&r=g","contentUrl":"https:\/\/secure.gravatar.com\/avatar\/04d4d0fdc5886d535809f17d0eace7f6?s=96&d=mm&r=g","caption":"upwork_1"},"url":"https:\/\/www.m-q.ch\/en\/author\/upwork_1\/"}]}},"_links":{"self":[{"href":"https:\/\/www.m-q.ch\/en\/wp-json\/wp\/v2\/posts\/11794","targetHints":{"allow":["GET"]}}],"collection":[{"href":"https:\/\/www.m-q.ch\/en\/wp-json\/wp\/v2\/posts"}],"about":[{"href":"https:\/\/www.m-q.ch\/en\/wp-json\/wp\/v2\/types\/post"}],"author":[{"embeddable":true,"href":"https:\/\/www.m-q.ch\/en\/wp-json\/wp\/v2\/users\/66"}],"replies":[{"embeddable":true,"href":"https:\/\/www.m-q.ch\/en\/wp-json\/wp\/v2\/comments?post=11794"}],"version-history":[{"count":1,"href":"https:\/\/www.m-q.ch\/en\/wp-json\/wp\/v2\/posts\/11794\/revisions"}],"predecessor-version":[{"id":11803,"href":"https:\/\/www.m-q.ch\/en\/wp-json\/wp\/v2\/posts\/11794\/revisions\/11803"}],"wp:featuredmedia":[{"embeddable":true,"href":"https:\/\/www.m-q.ch\/en\/wp-json\/wp\/v2\/media\/11802"}],"wp:attachment":[{"href":"https:\/\/www.m-q.ch\/en\/wp-json\/wp\/v2\/media?parent=11794"}],"wp:term":[{"taxonomy":"category","embeddable":true,"href":"https:\/\/www.m-q.ch\/en\/wp-json\/wp\/v2\/categories?post=11794"},{"taxonomy":"post_tag","embeddable":true,"href":"https:\/\/www.m-q.ch\/en\/wp-json\/wp\/v2\/tags?post=11794"}],"curies":[{"name":"wp","href":"https:\/\/api.w.org\/{rel}","templated":true}]}}