{"id":11918,"date":"2016-08-21T09:58:17","date_gmt":"2016-08-21T07:58:17","guid":{"rendered":"https:\/\/www.m-q.ch\/?p=11918"},"modified":"2021-02-15T10:02:42","modified_gmt":"2021-02-15T09:02:42","slug":"a-question-of-the-psyche","status":"publish","type":"post","link":"https:\/\/www.m-q.ch\/en\/eine-frage-der-psyche\/","title":{"rendered":"A question of the psyche"},"content":{"rendered":"<p><img loading=\"lazy\" decoding=\"async\" class=\"alignnone size-full wp-image-11919\" src=\"https:\/\/www.m-q.ch\/wp-content\/uploads\/2021\/02\/Eine-Frage-der-Psyche-1.jpg\" alt=\"A question of the psyche\" width=\"870\" height=\"531\" srcset=\"https:\/\/www.m-q.ch\/wp-content\/uploads\/2021\/02\/Eine-Frage-der-Psyche-1.jpg 870w, https:\/\/www.m-q.ch\/wp-content\/uploads\/2021\/02\/Eine-Frage-der-Psyche-1-768x469.jpg 768w, https:\/\/www.m-q.ch\/wp-content\/uploads\/2021\/02\/Eine-Frage-der-Psyche-1-16x10.jpg 16w, https:\/\/www.m-q.ch\/wp-content\/uploads\/2021\/02\/Eine-Frage-der-Psyche-1-287x175.jpg 287w, https:\/\/www.m-q.ch\/wp-content\/uploads\/2021\/02\/Eine-Frage-der-Psyche-1-573x350.jpg 573w, https:\/\/www.m-q.ch\/wp-content\/uploads\/2021\/02\/Eine-Frage-der-Psyche-1-300x183.jpg 300w\" sizes=\"auto, (max-width: 870px) 100vw, 870px\" \/><\/p>\n<p>&nbsp;<\/p>\n<p>&nbsp;<\/p>\n<p>&nbsp;<\/p>\n<p><em><strong>E<\/strong><\/em>he stand presentations at the trade fair for occupational safety, health protection and health promotion at the workplace were complemented by a varied supporting programme: keynote speakers Niklas Baer (Psychiatrie Baselland), Andi Zemp (Privatklinik Wyss AG, on the subject of preventing mental stress), Andreas Speh (DuPont de Nemours Germany) and Dr. Manuela Jacob-Niedballa (\"Myth of Stress - Ways to Achieve Performance instead of Performance Frustration\") were certainly among the highlights of the lecture programme. In addition, trade visitors were able to experience a height rescue show, organised by Swiss Safety and the SHRV (Schweizerischer H\u00f6henarbeiterund Rigging-Verband), and the safety course. At the exhibition's MeetingPoint, the focus was also on exchanges between colleagues. As part of the Swiss Corporate Fashion theme area, suppliers of workwear presented innovations in terms of materials, tips on care and maintenance, and the latest design trends.<\/p>\n<p><strong>Stressful situations with employees<\/strong><br \/>\nOne theme ran like a red thread through the programme of presentations in the practical forums: psychosocial risks. While a great deal is already being done to prevent accidents in the workplace, the situation is very different with regard to mental illness. Since statistics have shown that more and more invalidity insurance withdrawals are due to mental illnesses and that absences due to mental illnesses are increasingly being charged to health insurance companies, the topic has gained more attention. However, too little is still being done in the executive suites of companies, as keynote speaker Niklas Baer explained. More than 90 percent of managers have already experienced stressful situations with employees. But far fewer managers have received training in the management of employees with psychological problems. And in general, external help is still called in far too late when dealing with a \"case\". Niklas Baer therefore called on managers not to spend a long time looking for evidence of a possible psychologically induced decline in work performance, but to address the problems of \"difficult\" employees at an early stage. Offering support, understanding the problem and, if necessary, also setting guidelines so that cooperation can continue at all are further points. Bringing in external support from experts and creating a company culture job advertisement in order to be able to understand psychological problems, training HR and other staff units are steps that should be taken so that the \"solution to the problem\" does not simply consist of terminating the employment relationship. \"Being able to work contributes greatly to shortening a treatment of mental illness\", Niklas Baer explained the therapeutic aspect.<\/p>\n<p><strong>Promoting personal responsibility instead of \"security actionism<\/strong><br \/>\nHowever, employees' difficulties do not always have to be caused by themselves. Often enough, it is an inadequate working environment that promotes psychosocial risks. Specialist psychologist Andi Zemp from Privatklinik Wyss AG spoke about this. In an interview with the Internet platform of the trade fair, he named leadership and work organisation as the main fields of action for the prevention of psychosocial risks. It is important to define clear processes and responsibilities and to ensure that these are adhered to. And when selecting managers, attention should be paid first and foremost to the emotional and social skills of the person, and only secondarily to their professional qualifications. If, in addition, the creation of an appreciative working atmosphere is successful, a great deal is already gained, according to Zemp.<\/p>\n<p>&nbsp;<\/p>\n<p>Another well-attended presentation dealt with the topic \"From safety actionism to qualitative further development of our safety culture\". There is a lot of talk about \"safety culture\" and \"personal responsibility\" - but often only when an incident occurs. \"Then there is immediate safety actionism\", said the speaker J\u00f6rg Wieja, Managing Director IBW, Institute for Continuing Vocational Training, from Munich. But often this actionism leads in the wrong direction, namely in immediate measures, prohibitions and commandments with short-term effect. It would be better to declare a fundamental change in the safety culture with adapted behaviour as the goal. The prerequisite for this is a cultural framework. 95 percent of what we do is adequate and safe. According to the speaker, it is precisely this 95 percent that needs to be cultivated, among other things through appreciative communication. \"So no 'You did that well, but...'\", as J\u00f6rg Wieja put it. However, consistent action is also part of it, which should have a protective, not punitive effect. And last but not least, there is also the personal responsibility mentioned with regard to personal health. Those who do not succeed in using \"the formative forces of their own biography\" run the risk of falling into depression. Self-confidence can be generated through behavioural changes with the consistent setting of achievable goals, which ultimately leads to successful self-management. Such - psychologically stable - people are usually less susceptible to risks.<\/p>\n<p><strong>Fashionable workwear as an eye-catcher<\/strong><br \/>\nThe actual main topic of the trade fair on the part of the exhibitors was certainly the area of workwear. The impression was clear: protective and work clothing today not only meets the required safety demands, but should also be fun to wear. Fashionable colours and cuts, functionality, easy care and high product quality are increasingly important factors today. From this point of view, the following equation can also apply to workwear: \"Work better = work better\".<\/p>","protected":false},"excerpt":{"rendered":"<p>&nbsp; &nbsp; &nbsp; Ein vielseitiges Rahmenprogramm erg\u00e4nzte die Standpr\u00e4sentationen an der Fachmesse f\u00fcr Arbeitssicherheit, Gesundheitsschutz und Gesundheitsf\u00f6rderung am Arbeitsplatz: Die Keynote-Speaker Niklas Baer (Psychiatrie Baselland), Andi Zemp (Privatklinik Wyss AG, zum Thema Pr\u00e4vention psychischer Fehlbelastungen), Andreas Speh (DuPont de Nemours Deutschland) und Dr. Manuela Jacob-Niedballa (\u00abMythos Stress \u2013 Wege zur Leistungslust statt Leistungsfrust\u00bb) z\u00e4hlten sicher [&hellip;]<\/p>\n","protected":false},"author":66,"featured_media":11919,"comment_status":"closed","ping_status":"closed","sticky":false,"template":"","format":"standard","meta":{"_acf_changed":false,"footnotes":""},"categories":[4448],"tags":[4784],"class_list":["post-11918","post","type-post","status-publish","format-standard","has-post-thumbnail","hentry","category-allgemein","tag-07-08-2016"],"acf":[],"yoast_head":"<!-- This site is optimized with the Yoast SEO plugin v26.2 - https:\/\/yoast.com\/wordpress\/plugins\/seo\/ -->\n<title>Eine Frage der Psyche - MQ Management und Qualit\u00e4t<\/title>\n<meta name=\"description\" content=\"Vom 22. bis 24. Juni fand in Bern die Fachmesse ArbeitsSicherheit Schweiz statt. Gesch\u00e4ftsf\u00fchrer, Sicherheitsbeauftragte und alle weiteren Unternehmensentscheider, denen Sicherheit und Gesundheit ihrer Mitarbeitenden wichtig sind, hatten die Gelegenheit, sich an den St\u00e4nden der \u00fcber 150 Aussteller zu informieren.\" \/>\n<meta name=\"robots\" content=\"index, follow, max-snippet:-1, max-image-preview:large, max-video-preview:-1\" \/>\n<link rel=\"canonical\" href=\"https:\/\/www.m-q.ch\/en\/a-question-of-the-psyche\/\" \/>\n<meta property=\"og:locale\" content=\"en_US\" \/>\n<meta property=\"og:type\" content=\"article\" \/>\n<meta property=\"og:title\" content=\"Eine Frage der Psyche - MQ Management und Qualit\u00e4t\" \/>\n<meta property=\"og:description\" content=\"Vom 22. bis 24. Juni fand in Bern die Fachmesse ArbeitsSicherheit Schweiz statt. Gesch\u00e4ftsf\u00fchrer, Sicherheitsbeauftragte und alle weiteren Unternehmensentscheider, denen Sicherheit und Gesundheit ihrer Mitarbeitenden wichtig sind, hatten die Gelegenheit, sich an den St\u00e4nden der \u00fcber 150 Aussteller zu informieren.\" \/>\n<meta property=\"og:url\" content=\"https:\/\/www.m-q.ch\/en\/a-question-of-the-psyche\/\" \/>\n<meta property=\"og:site_name\" content=\"MQ Management und Qualit\u00e4t\" \/>\n<meta property=\"article:publisher\" content=\"https:\/\/www.facebook.com\/ManagementUndQualitaet\" \/>\n<meta property=\"article:published_time\" content=\"2016-08-21T07:58:17+00:00\" \/>\n<meta property=\"article:modified_time\" content=\"2021-02-15T09:02:42+00:00\" \/>\n<meta property=\"og:image\" content=\"https:\/\/www.m-q.ch\/wp-content\/uploads\/2021\/02\/Eine-Frage-der-Psyche-1.jpg\" \/>\n\t<meta property=\"og:image:width\" content=\"870\" \/>\n\t<meta property=\"og:image:height\" content=\"531\" \/>\n\t<meta property=\"og:image:type\" content=\"image\/jpeg\" \/>\n<meta name=\"author\" content=\"upwork_1\" \/>\n<meta name=\"twitter:card\" content=\"summary_large_image\" \/>\n<meta name=\"twitter:label1\" content=\"Written by\" \/>\n\t<meta name=\"twitter:data1\" content=\"upwork_1\" \/>\n\t<meta name=\"twitter:label2\" content=\"Est. reading time\" \/>\n\t<meta name=\"twitter:data2\" content=\"4 minutes\" \/>\n<script type=\"application\/ld+json\" class=\"yoast-schema-graph\">{\"@context\":\"https:\/\/schema.org\",\"@graph\":[{\"@type\":\"Article\",\"@id\":\"https:\/\/www.m-q.ch\/eine-frage-der-psyche\/#article\",\"isPartOf\":{\"@id\":\"https:\/\/www.m-q.ch\/eine-frage-der-psyche\/\"},\"author\":{\"name\":\"upwork_1\",\"@id\":\"https:\/\/www.m-q.ch\/fr\/#\/schema\/person\/0bdf39ca27d0b9b779f5b8af54b3f7d7\"},\"headline\":\"Eine Frage der Psyche\",\"datePublished\":\"2016-08-21T07:58:17+00:00\",\"dateModified\":\"2021-02-15T09:02:42+00:00\",\"mainEntityOfPage\":{\"@id\":\"https:\/\/www.m-q.ch\/eine-frage-der-psyche\/\"},\"wordCount\":835,\"publisher\":{\"@id\":\"https:\/\/www.m-q.ch\/fr\/#organization\"},\"image\":{\"@id\":\"https:\/\/www.m-q.ch\/eine-frage-der-psyche\/#primaryimage\"},\"thumbnailUrl\":\"https:\/\/www.m-q.ch\/wp-content\/uploads\/2021\/02\/Eine-Frage-der-Psyche-1.jpg\",\"keywords\":[\"07\u201308\/2016\"],\"articleSection\":[\"Allgemein\"],\"inLanguage\":\"en-US\"},{\"@type\":\"WebPage\",\"@id\":\"https:\/\/www.m-q.ch\/eine-frage-der-psyche\/\",\"url\":\"https:\/\/www.m-q.ch\/eine-frage-der-psyche\/\",\"name\":\"Eine Frage der Psyche - MQ Management und Qualit\u00e4t\",\"isPartOf\":{\"@id\":\"https:\/\/www.m-q.ch\/fr\/#website\"},\"primaryImageOfPage\":{\"@id\":\"https:\/\/www.m-q.ch\/eine-frage-der-psyche\/#primaryimage\"},\"image\":{\"@id\":\"https:\/\/www.m-q.ch\/eine-frage-der-psyche\/#primaryimage\"},\"thumbnailUrl\":\"https:\/\/www.m-q.ch\/wp-content\/uploads\/2021\/02\/Eine-Frage-der-Psyche-1.jpg\",\"datePublished\":\"2016-08-21T07:58:17+00:00\",\"dateModified\":\"2021-02-15T09:02:42+00:00\",\"description\":\"Vom 22. bis 24. Juni fand in Bern die Fachmesse ArbeitsSicherheit Schweiz statt. Gesch\u00e4ftsf\u00fchrer, Sicherheitsbeauftragte und alle weiteren Unternehmensentscheider, denen Sicherheit und Gesundheit ihrer Mitarbeitenden wichtig sind, hatten die Gelegenheit, sich an den St\u00e4nden der \u00fcber 150 Aussteller zu informieren.\",\"breadcrumb\":{\"@id\":\"https:\/\/www.m-q.ch\/eine-frage-der-psyche\/#breadcrumb\"},\"inLanguage\":\"en-US\",\"potentialAction\":[{\"@type\":\"ReadAction\",\"target\":[\"https:\/\/www.m-q.ch\/eine-frage-der-psyche\/\"]}]},{\"@type\":\"ImageObject\",\"inLanguage\":\"en-US\",\"@id\":\"https:\/\/www.m-q.ch\/eine-frage-der-psyche\/#primaryimage\",\"url\":\"https:\/\/www.m-q.ch\/wp-content\/uploads\/2021\/02\/Eine-Frage-der-Psyche-1.jpg\",\"contentUrl\":\"https:\/\/www.m-q.ch\/wp-content\/uploads\/2021\/02\/Eine-Frage-der-Psyche-1.jpg\",\"width\":870,\"height\":531,\"caption\":\"Eine Frage der Psyche\"},{\"@type\":\"BreadcrumbList\",\"@id\":\"https:\/\/www.m-q.ch\/eine-frage-der-psyche\/#breadcrumb\",\"itemListElement\":[{\"@type\":\"ListItem\",\"position\":1,\"name\":\"Allgemein\",\"item\":\"https:\/\/www.m-q.ch\/kategorie\/allgemein\/\"},{\"@type\":\"ListItem\",\"position\":2,\"name\":\"Eine Frage der Psyche\"}]},{\"@type\":\"WebSite\",\"@id\":\"https:\/\/www.m-q.ch\/fr\/#website\",\"url\":\"https:\/\/www.m-q.ch\/fr\/\",\"name\":\"MQ Management und Qualit\u00e4t\",\"description\":\"Plattform f\u00fcr integrierte Managementsysteme.\",\"publisher\":{\"@id\":\"https:\/\/www.m-q.ch\/fr\/#organization\"},\"potentialAction\":[{\"@type\":\"SearchAction\",\"target\":{\"@type\":\"EntryPoint\",\"urlTemplate\":\"https:\/\/www.m-q.ch\/fr\/?s={search_term_string}\"},\"query-input\":{\"@type\":\"PropertyValueSpecification\",\"valueRequired\":true,\"valueName\":\"search_term_string\"}}],\"inLanguage\":\"en-US\"},{\"@type\":\"Organization\",\"@id\":\"https:\/\/www.m-q.ch\/fr\/#organization\",\"name\":\"Galledia Fachmedien AG\",\"url\":\"https:\/\/www.m-q.ch\/fr\/\",\"logo\":{\"@type\":\"ImageObject\",\"inLanguage\":\"en-US\",\"@id\":\"https:\/\/www.m-q.ch\/fr\/#\/schema\/logo\/image\/\",\"url\":\"https:\/\/www.m-q.ch\/wp-content\/uploads\/2020\/12\/cropped-logo_small.png\",\"contentUrl\":\"https:\/\/www.m-q.ch\/wp-content\/uploads\/2020\/12\/cropped-logo_small.png\",\"width\":512,\"height\":512,\"caption\":\"Galledia Fachmedien AG\"},\"image\":{\"@id\":\"https:\/\/www.m-q.ch\/fr\/#\/schema\/logo\/image\/\"},\"sameAs\":[\"https:\/\/www.facebook.com\/ManagementUndQualitaet\",\"https:\/\/www.linkedin.com\/showcase\/17982321\/admin\/\"]},{\"@type\":\"Person\",\"@id\":\"https:\/\/www.m-q.ch\/fr\/#\/schema\/person\/0bdf39ca27d0b9b779f5b8af54b3f7d7\",\"name\":\"upwork_1\",\"image\":{\"@type\":\"ImageObject\",\"inLanguage\":\"en-US\",\"@id\":\"https:\/\/www.m-q.ch\/fr\/#\/schema\/person\/image\/\",\"url\":\"https:\/\/secure.gravatar.com\/avatar\/04d4d0fdc5886d535809f17d0eace7f6?s=96&d=mm&r=g\",\"contentUrl\":\"https:\/\/secure.gravatar.com\/avatar\/04d4d0fdc5886d535809f17d0eace7f6?s=96&d=mm&r=g\",\"caption\":\"upwork_1\"},\"url\":\"https:\/\/www.m-q.ch\/en\/author\/upwork_1\/\"}]}<\/script>\n<!-- \/ Yoast SEO plugin. -->","yoast_head_json":{"title":"A question of the psyche - MQ Management und Qualit\u00e4t","description":"The ArbeitsSicherheit Schweiz trade fair was held in Berne from 22 to 24 June. Managing directors, safety officers and all other corporate decision-makers for whom the safety and health of their employees are important had the opportunity to obtain information at the stands of over 150 exhibitors.","robots":{"index":"index","follow":"follow","max-snippet":"max-snippet:-1","max-image-preview":"max-image-preview:large","max-video-preview":"max-video-preview:-1"},"canonical":"https:\/\/www.m-q.ch\/en\/a-question-of-the-psyche\/","og_locale":"en_US","og_type":"article","og_title":"Eine Frage der Psyche - MQ Management und Qualit\u00e4t","og_description":"Vom 22. bis 24. Juni fand in Bern die Fachmesse ArbeitsSicherheit Schweiz statt. Gesch\u00e4ftsf\u00fchrer, Sicherheitsbeauftragte und alle weiteren Unternehmensentscheider, denen Sicherheit und Gesundheit ihrer Mitarbeitenden wichtig sind, hatten die Gelegenheit, sich an den St\u00e4nden der \u00fcber 150 Aussteller zu informieren.","og_url":"https:\/\/www.m-q.ch\/en\/a-question-of-the-psyche\/","og_site_name":"MQ Management und Qualit\u00e4t","article_publisher":"https:\/\/www.facebook.com\/ManagementUndQualitaet","article_published_time":"2016-08-21T07:58:17+00:00","article_modified_time":"2021-02-15T09:02:42+00:00","og_image":[{"width":870,"height":531,"url":"https:\/\/www.m-q.ch\/wp-content\/uploads\/2021\/02\/Eine-Frage-der-Psyche-1.jpg","type":"image\/jpeg"}],"author":"upwork_1","twitter_card":"summary_large_image","twitter_misc":{"Written by":"upwork_1","Est. reading time":"4 minutes"},"schema":{"@context":"https:\/\/schema.org","@graph":[{"@type":"Article","@id":"https:\/\/www.m-q.ch\/eine-frage-der-psyche\/#article","isPartOf":{"@id":"https:\/\/www.m-q.ch\/eine-frage-der-psyche\/"},"author":{"name":"upwork_1","@id":"https:\/\/www.m-q.ch\/fr\/#\/schema\/person\/0bdf39ca27d0b9b779f5b8af54b3f7d7"},"headline":"Eine Frage der Psyche","datePublished":"2016-08-21T07:58:17+00:00","dateModified":"2021-02-15T09:02:42+00:00","mainEntityOfPage":{"@id":"https:\/\/www.m-q.ch\/eine-frage-der-psyche\/"},"wordCount":835,"publisher":{"@id":"https:\/\/www.m-q.ch\/fr\/#organization"},"image":{"@id":"https:\/\/www.m-q.ch\/eine-frage-der-psyche\/#primaryimage"},"thumbnailUrl":"https:\/\/www.m-q.ch\/wp-content\/uploads\/2021\/02\/Eine-Frage-der-Psyche-1.jpg","keywords":["07\u201308\/2016"],"articleSection":["Allgemein"],"inLanguage":"en-US"},{"@type":"WebPage","@id":"https:\/\/www.m-q.ch\/eine-frage-der-psyche\/","url":"https:\/\/www.m-q.ch\/eine-frage-der-psyche\/","name":"A question of the psyche - MQ Management und Qualit\u00e4t","isPartOf":{"@id":"https:\/\/www.m-q.ch\/fr\/#website"},"primaryImageOfPage":{"@id":"https:\/\/www.m-q.ch\/eine-frage-der-psyche\/#primaryimage"},"image":{"@id":"https:\/\/www.m-q.ch\/eine-frage-der-psyche\/#primaryimage"},"thumbnailUrl":"https:\/\/www.m-q.ch\/wp-content\/uploads\/2021\/02\/Eine-Frage-der-Psyche-1.jpg","datePublished":"2016-08-21T07:58:17+00:00","dateModified":"2021-02-15T09:02:42+00:00","description":"The ArbeitsSicherheit Schweiz trade fair was held in Berne from 22 to 24 June. Managing directors, safety officers and all other corporate decision-makers for whom the safety and health of their employees are important had the opportunity to obtain information at the stands of over 150 exhibitors.","breadcrumb":{"@id":"https:\/\/www.m-q.ch\/eine-frage-der-psyche\/#breadcrumb"},"inLanguage":"en-US","potentialAction":[{"@type":"ReadAction","target":["https:\/\/www.m-q.ch\/eine-frage-der-psyche\/"]}]},{"@type":"ImageObject","inLanguage":"en-US","@id":"https:\/\/www.m-q.ch\/eine-frage-der-psyche\/#primaryimage","url":"https:\/\/www.m-q.ch\/wp-content\/uploads\/2021\/02\/Eine-Frage-der-Psyche-1.jpg","contentUrl":"https:\/\/www.m-q.ch\/wp-content\/uploads\/2021\/02\/Eine-Frage-der-Psyche-1.jpg","width":870,"height":531,"caption":"Eine Frage der Psyche"},{"@type":"BreadcrumbList","@id":"https:\/\/www.m-q.ch\/eine-frage-der-psyche\/#breadcrumb","itemListElement":[{"@type":"ListItem","position":1,"name":"Allgemein","item":"https:\/\/www.m-q.ch\/kategorie\/allgemein\/"},{"@type":"ListItem","position":2,"name":"Eine Frage der Psyche"}]},{"@type":"WebSite","@id":"https:\/\/www.m-q.ch\/fr\/#website","url":"https:\/\/www.m-q.ch\/fr\/","name":"MQ Management and Quality","description":"Platform for integrated management systems.","publisher":{"@id":"https:\/\/www.m-q.ch\/fr\/#organization"},"potentialAction":[{"@type":"SearchAction","target":{"@type":"EntryPoint","urlTemplate":"https:\/\/www.m-q.ch\/fr\/?s={search_term_string}"},"query-input":{"@type":"PropertyValueSpecification","valueRequired":true,"valueName":"search_term_string"}}],"inLanguage":"en-US"},{"@type":"Organization","@id":"https:\/\/www.m-q.ch\/fr\/#organization","name":"Galledia Trade Media AG","url":"https:\/\/www.m-q.ch\/fr\/","logo":{"@type":"ImageObject","inLanguage":"en-US","@id":"https:\/\/www.m-q.ch\/fr\/#\/schema\/logo\/image\/","url":"https:\/\/www.m-q.ch\/wp-content\/uploads\/2020\/12\/cropped-logo_small.png","contentUrl":"https:\/\/www.m-q.ch\/wp-content\/uploads\/2020\/12\/cropped-logo_small.png","width":512,"height":512,"caption":"Galledia Fachmedien AG"},"image":{"@id":"https:\/\/www.m-q.ch\/fr\/#\/schema\/logo\/image\/"},"sameAs":["https:\/\/www.facebook.com\/ManagementUndQualitaet","https:\/\/www.linkedin.com\/showcase\/17982321\/admin\/"]},{"@type":"Person","@id":"https:\/\/www.m-q.ch\/fr\/#\/schema\/person\/0bdf39ca27d0b9b779f5b8af54b3f7d7","name":"upwork_1","image":{"@type":"ImageObject","inLanguage":"en-US","@id":"https:\/\/www.m-q.ch\/fr\/#\/schema\/person\/image\/","url":"https:\/\/secure.gravatar.com\/avatar\/04d4d0fdc5886d535809f17d0eace7f6?s=96&d=mm&r=g","contentUrl":"https:\/\/secure.gravatar.com\/avatar\/04d4d0fdc5886d535809f17d0eace7f6?s=96&d=mm&r=g","caption":"upwork_1"},"url":"https:\/\/www.m-q.ch\/en\/author\/upwork_1\/"}]}},"_links":{"self":[{"href":"https:\/\/www.m-q.ch\/en\/wp-json\/wp\/v2\/posts\/11918","targetHints":{"allow":["GET"]}}],"collection":[{"href":"https:\/\/www.m-q.ch\/en\/wp-json\/wp\/v2\/posts"}],"about":[{"href":"https:\/\/www.m-q.ch\/en\/wp-json\/wp\/v2\/types\/post"}],"author":[{"embeddable":true,"href":"https:\/\/www.m-q.ch\/en\/wp-json\/wp\/v2\/users\/66"}],"replies":[{"embeddable":true,"href":"https:\/\/www.m-q.ch\/en\/wp-json\/wp\/v2\/comments?post=11918"}],"version-history":[{"count":1,"href":"https:\/\/www.m-q.ch\/en\/wp-json\/wp\/v2\/posts\/11918\/revisions"}],"predecessor-version":[{"id":11921,"href":"https:\/\/www.m-q.ch\/en\/wp-json\/wp\/v2\/posts\/11918\/revisions\/11921"}],"wp:featuredmedia":[{"embeddable":true,"href":"https:\/\/www.m-q.ch\/en\/wp-json\/wp\/v2\/media\/11919"}],"wp:attachment":[{"href":"https:\/\/www.m-q.ch\/en\/wp-json\/wp\/v2\/media?parent=11918"}],"wp:term":[{"taxonomy":"category","embeddable":true,"href":"https:\/\/www.m-q.ch\/en\/wp-json\/wp\/v2\/categories?post=11918"},{"taxonomy":"post_tag","embeddable":true,"href":"https:\/\/www.m-q.ch\/en\/wp-json\/wp\/v2\/tags?post=11918"}],"curies":[{"name":"wp","href":"https:\/\/api.w.org\/{rel}","templated":true}]}}