{"id":12451,"date":"2015-12-05T08:32:43","date_gmt":"2015-12-05T07:32:43","guid":{"rendered":"https:\/\/www.m-q.ch\/?p=12451"},"modified":"2021-02-17T09:36:29","modified_gmt":"2021-02-17T08:36:29","slug":"excellent-why-not","status":"publish","type":"post","link":"https:\/\/www.m-q.ch\/en\/excellent-why-not\/","title":{"rendered":"Excellent, why not!"},"content":{"rendered":"<p><img loading=\"lazy\" decoding=\"async\" class=\"alignnone size-full wp-image-12467\" src=\"https:\/\/www.m-q.ch\/wp-content\/uploads\/2021\/02\/Excellent-why-not.jpg\" alt=\"Excellent, why not!\" width=\"854\" height=\"1120\" srcset=\"https:\/\/www.m-q.ch\/wp-content\/uploads\/2021\/02\/Excellent-why-not.jpg 854w, https:\/\/www.m-q.ch\/wp-content\/uploads\/2021\/02\/Excellent-why-not-768x1007.jpg 768w, https:\/\/www.m-q.ch\/wp-content\/uploads\/2021\/02\/Excellent-why-not-9x12.jpg 9w, https:\/\/www.m-q.ch\/wp-content\/uploads\/2021\/02\/Excellent-why-not-133x175.jpg 133w, https:\/\/www.m-q.ch\/wp-content\/uploads\/2021\/02\/Excellent-why-not-267x350.jpg 267w, https:\/\/www.m-q.ch\/wp-content\/uploads\/2021\/02\/Excellent-why-not-610x800.jpg 610w, https:\/\/www.m-q.ch\/wp-content\/uploads\/2021\/02\/Excellent-why-not-300x393.jpg 300w\" sizes=\"auto, (max-width: 854px) 100vw, 854px\" \/><\/p>\n<p>&nbsp;<\/p>\n<p>&nbsp;<\/p>\n<p>&nbsp;<\/p>\n<p>Exciting and fascinating stories, told with a touch of humour, await the guests at the KKL Luzern. They will be inspired to tackle their own future challenges with excellence. To this end, the keynote speakers will offer many valuable suggestions. Those who strive for perfection can achieve excellence. First and foremost Cristi\u00e1n G\u00e1lvez, expert for personality, motivation and impact: He will show the audience that behind every excellent success story there are patterns and structures of the so-called hero's journey. Raul Krauthausen, founder of the campaign \"Sozialhelden\", will \"break through barriers\" and \"just do it\". He suffers from the so-called brittle bone disease and is dependent on a wheelchair. However, he does not see himself as someone who is disabled, but as someone who becomes disabled. That is why he fights against constructional or bureaucratic barriers as well as against the attitude of some fellow men.<\/p>\n<p><strong>Magic and passion<\/strong><\/p>\n<p>&nbsp;<\/p>\n<p>Mental magician Christoph Kuch will provide a humorous and proverbial \"magical\" intermezzo. With \"Magic Excellence \" he will blur the boundaries of reality and fiction. \"Success is not a question of gender, but of passion! \" This is the maxim of Katrin Theodoli. She is the owner of Magnum Marine, the manufacturer of probably the most expensive, elegant and fastest luxury yachts in the world. The thoroughbred entrepreneur has already been awarded Business Woman of the Year twice in the USA. And \"Power of Excellence\" will be the common thread running through Sabine Holbrook's presentation. For the racer in the Superbike class - a classic male domain - there is only one thing for her: \"Full throttle\".<\/p>\n<p><strong>Five finalists<\/strong><\/p>\n<p>&nbsp;<\/p>\n<p>And this year's five finalists for the ESPRIX Swiss Award for Excellence have also gone \"full throttle\" in terms of business excellence. These are:<\/p>\n<p>&nbsp;<\/p>\n<ul>\n<li>The BMW Zurich Dielsdorf branch, a division of BMW (Schweiz) AG. Their vision: \"We turn customers into fans and fans into customers\".<\/li>\n<li>Lucerne University of Applied Sciences and Arts: It is the university of applied sciences of the six cantons of Central Switzerland. Around 5900 students complete a bachelor's or master's degree there, and just under 4400 complete further education.<\/li>\n<li>Gewerbliche Berufsschule Chur (GBC): It offers young graduates of elementary school a basic vocational education within the framework of the dual education system. \"Customer focus\" is the company's top priority.<\/li>\n<li>Higher Cadre Training of the Armed Forces (HKA): The Higher Cadre Training is the recognised main provider for leadership and staff training of militia cadres as well as for the training of professional officers and professional non-commissioned officers of the Armed Forces.<\/li>\n<li>CKW Conex: CKW Conex AG is a wholly owned subsidiary of Centralschweizerische Kraftwerke AG and, with 550 employees, is a leading service provider in building technology.<\/li>\n<\/ul>\n<p>&nbsp;<\/p>\n<p>The CEOs of the nominees will take part in the CEO Excellence Talk and give an insight into their recipes for success. The event will be hosted by the successful television presenter, singer and musical performer Sandra Studer.<\/p>","protected":false},"excerpt":{"rendered":"<p>&nbsp; &nbsp; &nbsp; Spannende und faszinierende Geschichten, mit einer Prise Humor erz\u00e4hlt, erwarten die G\u00e4ste im KKL Luzern. Sie sollen sich inspirieren lassen, ihre eigenen zuk\u00fcnftigen Herausforderungen exzellent anzugehen. Daf\u00fcr bieten die Hauptreferenten viele wertvolle Anregungen. Wer Perfektion anstrebt, kann Exzellenz erreichen. Allen voran Cristi\u00e1n G\u00e1lvez, Experte f\u00fcr Pers\u00f6nlichkeit, Motivation und Wirkung: Er wird den [&hellip;]<\/p>\n","protected":false},"author":62,"featured_media":12467,"comment_status":"closed","ping_status":"closed","sticky":false,"template":"","format":"standard","meta":{"_acf_changed":false,"footnotes":""},"categories":[4448],"tags":[4801],"class_list":["post-12451","post","type-post","status-publish","format-standard","has-post-thumbnail","hentry","category-allgemein","tag-12-2015"],"acf":[],"yoast_head":"<!-- This site is optimized with the Yoast SEO plugin v26.2 - https:\/\/yoast.com\/wordpress\/plugins\/seo\/ -->\n<title>Excellent, why not! - MQ Management und Qualit\u00e4t<\/title>\n<meta name=\"description\" content=\"Am 10. M\u00e4rz 2016 findet im KKL Luzern einmalmehr das ESPRIX Forum f\u00fcr Excellence statt. NamhafteReferenten aus Wirtschaft und Gesellschaft,ein Schuss Magie und nicht zuletzt die Verleihungdes ESPRIX Swiss Award for Excellence 2016 bildendie Fixpunkte des Programms.\" \/>\n<meta name=\"robots\" content=\"index, follow, max-snippet:-1, max-image-preview:large, max-video-preview:-1\" \/>\n<link rel=\"canonical\" href=\"https:\/\/www.m-q.ch\/en\/excellent-why-not\/\" \/>\n<meta property=\"og:locale\" content=\"en_US\" \/>\n<meta property=\"og:type\" content=\"article\" \/>\n<meta property=\"og:title\" content=\"Excellent, why not! - MQ Management und Qualit\u00e4t\" \/>\n<meta property=\"og:description\" content=\"Am 10. M\u00e4rz 2016 findet im KKL Luzern einmalmehr das ESPRIX Forum f\u00fcr Excellence statt. NamhafteReferenten aus Wirtschaft und Gesellschaft,ein Schuss Magie und nicht zuletzt die Verleihungdes ESPRIX Swiss Award for Excellence 2016 bildendie Fixpunkte des Programms.\" \/>\n<meta property=\"og:url\" content=\"https:\/\/www.m-q.ch\/en\/excellent-why-not\/\" \/>\n<meta property=\"og:site_name\" content=\"MQ Management und Qualit\u00e4t\" \/>\n<meta property=\"article:publisher\" content=\"https:\/\/www.facebook.com\/ManagementUndQualitaet\" \/>\n<meta property=\"article:published_time\" content=\"2015-12-05T07:32:43+00:00\" \/>\n<meta property=\"article:modified_time\" content=\"2021-02-17T08:36:29+00:00\" \/>\n<meta property=\"og:image\" content=\"https:\/\/www.m-q.ch\/wp-content\/uploads\/2021\/02\/Excellent-why-not.jpg\" \/>\n\t<meta property=\"og:image:width\" content=\"854\" \/>\n\t<meta property=\"og:image:height\" content=\"1120\" \/>\n\t<meta property=\"og:image:type\" content=\"image\/jpeg\" \/>\n<meta name=\"author\" content=\"upwork_2\" \/>\n<meta name=\"twitter:card\" content=\"summary_large_image\" \/>\n<meta name=\"twitter:label1\" content=\"Written by\" \/>\n\t<meta name=\"twitter:data1\" content=\"upwork_2\" \/>\n\t<meta name=\"twitter:label2\" content=\"Est. reading time\" \/>\n\t<meta name=\"twitter:data2\" content=\"2 minutes\" \/>\n<script type=\"application\/ld+json\" class=\"yoast-schema-graph\">{\"@context\":\"https:\/\/schema.org\",\"@graph\":[{\"@type\":\"Article\",\"@id\":\"https:\/\/www.m-q.ch\/excellent-why-not\/#article\",\"isPartOf\":{\"@id\":\"https:\/\/www.m-q.ch\/excellent-why-not\/\"},\"author\":{\"name\":\"upwork_2\",\"@id\":\"https:\/\/www.m-q.ch\/fr\/#\/schema\/person\/71f647a41e4a3e361e6230f5134f3ba9\"},\"headline\":\"Excellent, why not!\",\"datePublished\":\"2015-12-05T07:32:43+00:00\",\"dateModified\":\"2021-02-17T08:36:29+00:00\",\"mainEntityOfPage\":{\"@id\":\"https:\/\/www.m-q.ch\/excellent-why-not\/\"},\"wordCount\":454,\"publisher\":{\"@id\":\"https:\/\/www.m-q.ch\/fr\/#organization\"},\"image\":{\"@id\":\"https:\/\/www.m-q.ch\/excellent-why-not\/#primaryimage\"},\"thumbnailUrl\":\"https:\/\/www.m-q.ch\/wp-content\/uploads\/2021\/02\/Excellent-why-not.jpg\",\"keywords\":[\"12\/2015\"],\"articleSection\":[\"Allgemein\"],\"inLanguage\":\"en-US\"},{\"@type\":\"WebPage\",\"@id\":\"https:\/\/www.m-q.ch\/excellent-why-not\/\",\"url\":\"https:\/\/www.m-q.ch\/excellent-why-not\/\",\"name\":\"Excellent, why not! - MQ Management und Qualit\u00e4t\",\"isPartOf\":{\"@id\":\"https:\/\/www.m-q.ch\/fr\/#website\"},\"primaryImageOfPage\":{\"@id\":\"https:\/\/www.m-q.ch\/excellent-why-not\/#primaryimage\"},\"image\":{\"@id\":\"https:\/\/www.m-q.ch\/excellent-why-not\/#primaryimage\"},\"thumbnailUrl\":\"https:\/\/www.m-q.ch\/wp-content\/uploads\/2021\/02\/Excellent-why-not.jpg\",\"datePublished\":\"2015-12-05T07:32:43+00:00\",\"dateModified\":\"2021-02-17T08:36:29+00:00\",\"description\":\"Am 10. M\u00e4rz 2016 findet im KKL Luzern einmalmehr das ESPRIX Forum f\u00fcr Excellence statt. NamhafteReferenten aus Wirtschaft und Gesellschaft,ein Schuss Magie und nicht zuletzt die Verleihungdes ESPRIX Swiss Award for Excellence 2016 bildendie Fixpunkte des Programms.\",\"breadcrumb\":{\"@id\":\"https:\/\/www.m-q.ch\/excellent-why-not\/#breadcrumb\"},\"inLanguage\":\"en-US\",\"potentialAction\":[{\"@type\":\"ReadAction\",\"target\":[\"https:\/\/www.m-q.ch\/excellent-why-not\/\"]}]},{\"@type\":\"ImageObject\",\"inLanguage\":\"en-US\",\"@id\":\"https:\/\/www.m-q.ch\/excellent-why-not\/#primaryimage\",\"url\":\"https:\/\/www.m-q.ch\/wp-content\/uploads\/2021\/02\/Excellent-why-not.jpg\",\"contentUrl\":\"https:\/\/www.m-q.ch\/wp-content\/uploads\/2021\/02\/Excellent-why-not.jpg\",\"width\":854,\"height\":1120,\"caption\":\"Excellent, why not!\"},{\"@type\":\"BreadcrumbList\",\"@id\":\"https:\/\/www.m-q.ch\/excellent-why-not\/#breadcrumb\",\"itemListElement\":[{\"@type\":\"ListItem\",\"position\":1,\"name\":\"Allgemein\",\"item\":\"https:\/\/www.m-q.ch\/kategorie\/allgemein\/\"},{\"@type\":\"ListItem\",\"position\":2,\"name\":\"Excellent, why not!\"}]},{\"@type\":\"WebSite\",\"@id\":\"https:\/\/www.m-q.ch\/fr\/#website\",\"url\":\"https:\/\/www.m-q.ch\/fr\/\",\"name\":\"MQ Management und Qualit\u00e4t\",\"description\":\"Plattform f\u00fcr integrierte Managementsysteme.\",\"publisher\":{\"@id\":\"https:\/\/www.m-q.ch\/fr\/#organization\"},\"potentialAction\":[{\"@type\":\"SearchAction\",\"target\":{\"@type\":\"EntryPoint\",\"urlTemplate\":\"https:\/\/www.m-q.ch\/fr\/?s={search_term_string}\"},\"query-input\":{\"@type\":\"PropertyValueSpecification\",\"valueRequired\":true,\"valueName\":\"search_term_string\"}}],\"inLanguage\":\"en-US\"},{\"@type\":\"Organization\",\"@id\":\"https:\/\/www.m-q.ch\/fr\/#organization\",\"name\":\"Galledia Fachmedien AG\",\"url\":\"https:\/\/www.m-q.ch\/fr\/\",\"logo\":{\"@type\":\"ImageObject\",\"inLanguage\":\"en-US\",\"@id\":\"https:\/\/www.m-q.ch\/fr\/#\/schema\/logo\/image\/\",\"url\":\"https:\/\/www.m-q.ch\/wp-content\/uploads\/2020\/12\/cropped-logo_small.png\",\"contentUrl\":\"https:\/\/www.m-q.ch\/wp-content\/uploads\/2020\/12\/cropped-logo_small.png\",\"width\":512,\"height\":512,\"caption\":\"Galledia Fachmedien AG\"},\"image\":{\"@id\":\"https:\/\/www.m-q.ch\/fr\/#\/schema\/logo\/image\/\"},\"sameAs\":[\"https:\/\/www.facebook.com\/ManagementUndQualitaet\",\"https:\/\/www.linkedin.com\/showcase\/17982321\/admin\/\"]},{\"@type\":\"Person\",\"@id\":\"https:\/\/www.m-q.ch\/fr\/#\/schema\/person\/71f647a41e4a3e361e6230f5134f3ba9\",\"name\":\"upwork_2\",\"image\":{\"@type\":\"ImageObject\",\"inLanguage\":\"en-US\",\"@id\":\"https:\/\/www.m-q.ch\/fr\/#\/schema\/person\/image\/\",\"url\":\"https:\/\/secure.gravatar.com\/avatar\/777b90ab56092bbf3c85feacda5c1bce?s=96&d=mm&r=g\",\"contentUrl\":\"https:\/\/secure.gravatar.com\/avatar\/777b90ab56092bbf3c85feacda5c1bce?s=96&d=mm&r=g\",\"caption\":\"upwork_2\"},\"url\":\"https:\/\/www.m-q.ch\/en\/author\/upwork_2\/\"}]}<\/script>\n<!-- \/ Yoast SEO plugin. -->","yoast_head_json":{"title":"Excellent, why not! - MQ Management and Quality","description":"On March 10, 2016, the ESPRIX Forum for Excellence will once again take place at the KKL Luzern. Renowned speakers from business and society, a dash of magic and, last but not least, the presentation of the ESPRIX Swiss Award for Excellence 2016 form the fixed points of the program.","robots":{"index":"index","follow":"follow","max-snippet":"max-snippet:-1","max-image-preview":"max-image-preview:large","max-video-preview":"max-video-preview:-1"},"canonical":"https:\/\/www.m-q.ch\/en\/excellent-why-not\/","og_locale":"en_US","og_type":"article","og_title":"Excellent, why not! - MQ Management und Qualit\u00e4t","og_description":"Am 10. M\u00e4rz 2016 findet im KKL Luzern einmalmehr das ESPRIX Forum f\u00fcr Excellence statt. NamhafteReferenten aus Wirtschaft und Gesellschaft,ein Schuss Magie und nicht zuletzt die Verleihungdes ESPRIX Swiss Award for Excellence 2016 bildendie Fixpunkte des Programms.","og_url":"https:\/\/www.m-q.ch\/en\/excellent-why-not\/","og_site_name":"MQ Management und Qualit\u00e4t","article_publisher":"https:\/\/www.facebook.com\/ManagementUndQualitaet","article_published_time":"2015-12-05T07:32:43+00:00","article_modified_time":"2021-02-17T08:36:29+00:00","og_image":[{"width":854,"height":1120,"url":"https:\/\/www.m-q.ch\/wp-content\/uploads\/2021\/02\/Excellent-why-not.jpg","type":"image\/jpeg"}],"author":"upwork_2","twitter_card":"summary_large_image","twitter_misc":{"Written by":"upwork_2","Est. reading time":"2 minutes"},"schema":{"@context":"https:\/\/schema.org","@graph":[{"@type":"Article","@id":"https:\/\/www.m-q.ch\/excellent-why-not\/#article","isPartOf":{"@id":"https:\/\/www.m-q.ch\/excellent-why-not\/"},"author":{"name":"upwork_2","@id":"https:\/\/www.m-q.ch\/fr\/#\/schema\/person\/71f647a41e4a3e361e6230f5134f3ba9"},"headline":"Excellent, why not!","datePublished":"2015-12-05T07:32:43+00:00","dateModified":"2021-02-17T08:36:29+00:00","mainEntityOfPage":{"@id":"https:\/\/www.m-q.ch\/excellent-why-not\/"},"wordCount":454,"publisher":{"@id":"https:\/\/www.m-q.ch\/fr\/#organization"},"image":{"@id":"https:\/\/www.m-q.ch\/excellent-why-not\/#primaryimage"},"thumbnailUrl":"https:\/\/www.m-q.ch\/wp-content\/uploads\/2021\/02\/Excellent-why-not.jpg","keywords":["12\/2015"],"articleSection":["Allgemein"],"inLanguage":"en-US"},{"@type":"WebPage","@id":"https:\/\/www.m-q.ch\/excellent-why-not\/","url":"https:\/\/www.m-q.ch\/excellent-why-not\/","name":"Excellent, why not! - MQ Management and Quality","isPartOf":{"@id":"https:\/\/www.m-q.ch\/fr\/#website"},"primaryImageOfPage":{"@id":"https:\/\/www.m-q.ch\/excellent-why-not\/#primaryimage"},"image":{"@id":"https:\/\/www.m-q.ch\/excellent-why-not\/#primaryimage"},"thumbnailUrl":"https:\/\/www.m-q.ch\/wp-content\/uploads\/2021\/02\/Excellent-why-not.jpg","datePublished":"2015-12-05T07:32:43+00:00","dateModified":"2021-02-17T08:36:29+00:00","description":"On March 10, 2016, the ESPRIX Forum for Excellence will once again take place at the KKL Luzern. Renowned speakers from business and society, a dash of magic and, last but not least, the presentation of the ESPRIX Swiss Award for Excellence 2016 form the fixed points of the program.","breadcrumb":{"@id":"https:\/\/www.m-q.ch\/excellent-why-not\/#breadcrumb"},"inLanguage":"en-US","potentialAction":[{"@type":"ReadAction","target":["https:\/\/www.m-q.ch\/excellent-why-not\/"]}]},{"@type":"ImageObject","inLanguage":"en-US","@id":"https:\/\/www.m-q.ch\/excellent-why-not\/#primaryimage","url":"https:\/\/www.m-q.ch\/wp-content\/uploads\/2021\/02\/Excellent-why-not.jpg","contentUrl":"https:\/\/www.m-q.ch\/wp-content\/uploads\/2021\/02\/Excellent-why-not.jpg","width":854,"height":1120,"caption":"Excellent, why not!"},{"@type":"BreadcrumbList","@id":"https:\/\/www.m-q.ch\/excellent-why-not\/#breadcrumb","itemListElement":[{"@type":"ListItem","position":1,"name":"Allgemein","item":"https:\/\/www.m-q.ch\/kategorie\/allgemein\/"},{"@type":"ListItem","position":2,"name":"Excellent, why not!"}]},{"@type":"WebSite","@id":"https:\/\/www.m-q.ch\/fr\/#website","url":"https:\/\/www.m-q.ch\/fr\/","name":"MQ Management and Quality","description":"Platform for integrated management systems.","publisher":{"@id":"https:\/\/www.m-q.ch\/fr\/#organization"},"potentialAction":[{"@type":"SearchAction","target":{"@type":"EntryPoint","urlTemplate":"https:\/\/www.m-q.ch\/fr\/?s={search_term_string}"},"query-input":{"@type":"PropertyValueSpecification","valueRequired":true,"valueName":"search_term_string"}}],"inLanguage":"en-US"},{"@type":"Organization","@id":"https:\/\/www.m-q.ch\/fr\/#organization","name":"Galledia Trade Media AG","url":"https:\/\/www.m-q.ch\/fr\/","logo":{"@type":"ImageObject","inLanguage":"en-US","@id":"https:\/\/www.m-q.ch\/fr\/#\/schema\/logo\/image\/","url":"https:\/\/www.m-q.ch\/wp-content\/uploads\/2020\/12\/cropped-logo_small.png","contentUrl":"https:\/\/www.m-q.ch\/wp-content\/uploads\/2020\/12\/cropped-logo_small.png","width":512,"height":512,"caption":"Galledia Fachmedien AG"},"image":{"@id":"https:\/\/www.m-q.ch\/fr\/#\/schema\/logo\/image\/"},"sameAs":["https:\/\/www.facebook.com\/ManagementUndQualitaet","https:\/\/www.linkedin.com\/showcase\/17982321\/admin\/"]},{"@type":"Person","@id":"https:\/\/www.m-q.ch\/fr\/#\/schema\/person\/71f647a41e4a3e361e6230f5134f3ba9","name":"upwork_2","image":{"@type":"ImageObject","inLanguage":"en-US","@id":"https:\/\/www.m-q.ch\/fr\/#\/schema\/person\/image\/","url":"https:\/\/secure.gravatar.com\/avatar\/777b90ab56092bbf3c85feacda5c1bce?s=96&d=mm&r=g","contentUrl":"https:\/\/secure.gravatar.com\/avatar\/777b90ab56092bbf3c85feacda5c1bce?s=96&d=mm&r=g","caption":"upwork_2"},"url":"https:\/\/www.m-q.ch\/en\/author\/upwork_2\/"}]}},"_links":{"self":[{"href":"https:\/\/www.m-q.ch\/en\/wp-json\/wp\/v2\/posts\/12451","targetHints":{"allow":["GET"]}}],"collection":[{"href":"https:\/\/www.m-q.ch\/en\/wp-json\/wp\/v2\/posts"}],"about":[{"href":"https:\/\/www.m-q.ch\/en\/wp-json\/wp\/v2\/types\/post"}],"author":[{"embeddable":true,"href":"https:\/\/www.m-q.ch\/en\/wp-json\/wp\/v2\/users\/62"}],"replies":[{"embeddable":true,"href":"https:\/\/www.m-q.ch\/en\/wp-json\/wp\/v2\/comments?post=12451"}],"version-history":[{"count":3,"href":"https:\/\/www.m-q.ch\/en\/wp-json\/wp\/v2\/posts\/12451\/revisions"}],"predecessor-version":[{"id":12471,"href":"https:\/\/www.m-q.ch\/en\/wp-json\/wp\/v2\/posts\/12451\/revisions\/12471"}],"wp:featuredmedia":[{"embeddable":true,"href":"https:\/\/www.m-q.ch\/en\/wp-json\/wp\/v2\/media\/12467"}],"wp:attachment":[{"href":"https:\/\/www.m-q.ch\/en\/wp-json\/wp\/v2\/media?parent=12451"}],"wp:term":[{"taxonomy":"category","embeddable":true,"href":"https:\/\/www.m-q.ch\/en\/wp-json\/wp\/v2\/categories?post=12451"},{"taxonomy":"post_tag","embeddable":true,"href":"https:\/\/www.m-q.ch\/en\/wp-json\/wp\/v2\/tags?post=12451"}],"curies":[{"name":"wp","href":"https:\/\/api.w.org\/{rel}","templated":true}]}}