{"id":13153,"date":"2021-03-18T08:15:34","date_gmt":"2021-03-18T07:15:34","guid":{"rendered":"https:\/\/www.m-q.ch\/?p=13153"},"modified":"2021-03-22T15:38:20","modified_gmt":"2021-03-22T14:38:20","slug":"esprix-swiss-award-for-excellence-the-best-of-the-best","status":"publish","type":"post","link":"https:\/\/www.m-q.ch\/en\/esprix-swiss-award-for-excellence-kraeftemessen-mit-den-besten\/","title":{"rendered":"Esprix Swiss Award for Excellence: A test of strength against the best"},"content":{"rendered":"<figure id=\"attachment_13154\" aria-describedby=\"caption-attachment-13154\" style=\"width: 1320px\" class=\"wp-caption aligncenter\"><img loading=\"lazy\" decoding=\"async\" class=\"size-full wp-image-13154\" src=\"https:\/\/www.m-q.ch\/wp-content\/uploads\/2021\/03\/ESPRIX_20150305_135607-1320x879-1.jpg\" alt=\"\" width=\"1320\" height=\"879\" srcset=\"https:\/\/www.m-q.ch\/wp-content\/uploads\/2021\/03\/ESPRIX_20150305_135607-1320x879-1.jpg 1320w, https:\/\/www.m-q.ch\/wp-content\/uploads\/2021\/03\/ESPRIX_20150305_135607-1320x879-1-768x511.jpg 768w, https:\/\/www.m-q.ch\/wp-content\/uploads\/2021\/03\/ESPRIX_20150305_135607-1320x879-1-16x12.jpg 16w, https:\/\/www.m-q.ch\/wp-content\/uploads\/2021\/03\/ESPRIX_20150305_135607-1320x879-1-263x175.jpg 263w, https:\/\/www.m-q.ch\/wp-content\/uploads\/2021\/03\/ESPRIX_20150305_135607-1320x879-1-526x350.jpg 526w, https:\/\/www.m-q.ch\/wp-content\/uploads\/2021\/03\/ESPRIX_20150305_135607-1320x879-1-1201x800.jpg 1201w, https:\/\/www.m-q.ch\/wp-content\/uploads\/2021\/03\/ESPRIX_20150305_135607-1320x879-1-920x613.jpg 920w, https:\/\/www.m-q.ch\/wp-content\/uploads\/2021\/03\/ESPRIX_20150305_135607-1320x879-1-300x200.jpg 300w\" sizes=\"auto, (max-width: 1320px) 100vw, 1320px\" \/><figcaption id=\"caption-attachment-13154\" class=\"wp-caption-text\">\u00a9 Esprix<\/figcaption><\/figure>\n<p>It is a pleasure to receive recognition for achievements. The\u00a0<a href=\"https:\/\/esprix.ch\/angebot\/esprix-suisse-award-for-excellence\/\">Esprix Swiss Award for Excellence<\/a> aims to inspire organizations to perform at their best. The award confirms that a company and its team have gone far beyond meeting standards. The winning team knows that it has created an organization in which meeting the expectations of its stakeholders - customers, employees, society and also investors - is not a contradiction in terms.<\/p>\n<p><strong>For organizations with a high degree of maturity<\/strong><\/p>\n<p>The Esprix Swiss Award for Excellence, he said, was particularly suited to organisations with a high level of maturity. Only the best of the best would make it onto the stage at the Esprix Forum and the <a href=\"https:\/\/esprix.ch\/wall-of-fame\/esprix-wall-of-fame\/\">\"Wall of Fame\"<\/a> create, Esprix says.<\/p>\n<p>Organisations that have received recognition according to the EFQM Model 2020 (Recognised by EFQM) shortly before the Award benefit from a reduced procedure with regard to application and on-site visit.<\/p>\n<p><strong>Independent jury<\/strong><\/p>\n<p>An independent and voluntary\u00a0<a href=\"http:\/\/esprix.ch\/esprix-2\/jury\/\">Jury<\/a> reviews the submitted reports and recommendations of the assessors and determines whether or which awards will be granted. It awards participating organisations as award winners (gold), prize winners (silver) and finalists (bronze) at the Esprix Forum.<\/p>\n<p>The important dates for applicants and assessors can be found here:\u00a0<a href=\"http:\/\/esprix.ch\/esprix-award-cycle-2022-wesentliche-termine\/\">esprix.ch\/esprix-award-cycle-2022-essential-dates\/<\/a><\/p>","protected":false},"excerpt":{"rendered":"<p>Eine Anerkennung f\u00fcr Geleistetes zu erhalten, bereitet Freude. Der\u00a0Esprix Swiss Award for Excellence will Organisationen zu H\u00f6chstleistungen anregen. Der Award best\u00e4tigt, dass ein Unternehmen mit seinem Team weit \u00fcber die Erf\u00fcllung von Normen hinausgegangen ist. Das Gewinnerteam weiss, dass es eine Organisation geschaffen hat, in der die Erf\u00fcllung der Erwartungen ihrer Interessengruppen \u2013 der Kunden, [&hellip;]<\/p>\n","protected":false},"author":35,"featured_media":13154,"comment_status":"closed","ping_status":"closed","sticky":false,"template":"","format":"standard","meta":{"_acf_changed":false,"footnotes":""},"categories":[5],"tags":[4838],"class_list":["post-13153","post","type-post","status-publish","format-standard","has-post-thumbnail","hentry","category-business_excellence","tag-esprix-swiss-award-for-excellence"],"acf":[],"yoast_head":"<!-- This site is optimized with the Yoast SEO plugin v26.2 - https:\/\/yoast.com\/wordpress\/plugins\/seo\/ -->\n<title>Esprix Swiss Award for Excellence: Kr\u00e4ftemessen mit den Besten - MQ Management und Qualit\u00e4t<\/title>\n<meta name=\"description\" content=\"Wer Spitzenleistung erbringt, soll ausgezeichnet werden. Deshalb wird einmal mehr der Esprix Swiss Award for Excellence 2022 aufgegleist.\" \/>\n<meta name=\"robots\" content=\"index, follow, max-snippet:-1, max-image-preview:large, max-video-preview:-1\" \/>\n<link rel=\"canonical\" href=\"https:\/\/www.m-q.ch\/en\/esprix-swiss-award-for-excellence-the-best-of-the-best\/\" \/>\n<meta property=\"og:locale\" content=\"en_US\" \/>\n<meta property=\"og:type\" content=\"article\" \/>\n<meta property=\"og:title\" content=\"Esprix Swiss Award for Excellence: Kr\u00e4ftemessen mit den Besten - MQ Management und Qualit\u00e4t\" \/>\n<meta property=\"og:description\" content=\"Wer Spitzenleistung erbringt, soll ausgezeichnet werden. Deshalb wird einmal mehr der Esprix Swiss Award for Excellence 2022 aufgegleist.\" \/>\n<meta property=\"og:url\" content=\"https:\/\/www.m-q.ch\/en\/esprix-swiss-award-for-excellence-the-best-of-the-best\/\" \/>\n<meta property=\"og:site_name\" content=\"MQ Management und Qualit\u00e4t\" \/>\n<meta property=\"article:publisher\" content=\"https:\/\/www.facebook.com\/ManagementUndQualitaet\" \/>\n<meta property=\"article:published_time\" content=\"2021-03-18T07:15:34+00:00\" \/>\n<meta property=\"article:modified_time\" content=\"2021-03-22T14:38:20+00:00\" \/>\n<meta property=\"og:image\" content=\"https:\/\/www.m-q.ch\/wp-content\/uploads\/2021\/03\/ESPRIX_20150305_135607-1320x879-1.jpg\" \/>\n\t<meta property=\"og:image:width\" content=\"1320\" \/>\n\t<meta property=\"og:image:height\" content=\"879\" \/>\n\t<meta property=\"og:image:type\" content=\"image\/jpeg\" \/>\n<meta name=\"author\" content=\"Roger Str\u00e4ssle\" \/>\n<meta name=\"twitter:card\" content=\"summary_large_image\" \/>\n<meta name=\"twitter:label1\" content=\"Written by\" \/>\n\t<meta name=\"twitter:data1\" content=\"Roger Str\u00e4ssle\" \/>\n\t<meta name=\"twitter:label2\" content=\"Est. reading time\" \/>\n\t<meta name=\"twitter:data2\" content=\"1 minute\" \/>\n<script type=\"application\/ld+json\" class=\"yoast-schema-graph\">{\"@context\":\"https:\/\/schema.org\",\"@graph\":[{\"@type\":\"Article\",\"@id\":\"https:\/\/www.m-q.ch\/esprix-swiss-award-for-excellence-kraeftemessen-mit-den-besten\/#article\",\"isPartOf\":{\"@id\":\"https:\/\/www.m-q.ch\/esprix-swiss-award-for-excellence-kraeftemessen-mit-den-besten\/\"},\"author\":{\"name\":\"Roger Str\u00e4ssle\",\"@id\":\"https:\/\/www.m-q.ch\/fr\/#\/schema\/person\/47d540e081acd98ccbeb69b55df653d7\"},\"headline\":\"Esprix Swiss Award for Excellence: Kr\u00e4ftemessen mit den Besten\",\"datePublished\":\"2021-03-18T07:15:34+00:00\",\"dateModified\":\"2021-03-22T14:38:20+00:00\",\"mainEntityOfPage\":{\"@id\":\"https:\/\/www.m-q.ch\/esprix-swiss-award-for-excellence-kraeftemessen-mit-den-besten\/\"},\"wordCount\":227,\"publisher\":{\"@id\":\"https:\/\/www.m-q.ch\/fr\/#organization\"},\"image\":{\"@id\":\"https:\/\/www.m-q.ch\/esprix-swiss-award-for-excellence-kraeftemessen-mit-den-besten\/#primaryimage\"},\"thumbnailUrl\":\"https:\/\/www.m-q.ch\/wp-content\/uploads\/2021\/03\/ESPRIX_20150305_135607-1320x879-1.jpg\",\"keywords\":[\"Esprix Swiss Award for Excellence\"],\"articleSection\":[\"Business Excellence\"],\"inLanguage\":\"en-US\"},{\"@type\":\"WebPage\",\"@id\":\"https:\/\/www.m-q.ch\/esprix-swiss-award-for-excellence-kraeftemessen-mit-den-besten\/\",\"url\":\"https:\/\/www.m-q.ch\/esprix-swiss-award-for-excellence-kraeftemessen-mit-den-besten\/\",\"name\":\"Esprix Swiss Award for Excellence: Kr\u00e4ftemessen mit den Besten - MQ Management und Qualit\u00e4t\",\"isPartOf\":{\"@id\":\"https:\/\/www.m-q.ch\/fr\/#website\"},\"primaryImageOfPage\":{\"@id\":\"https:\/\/www.m-q.ch\/esprix-swiss-award-for-excellence-kraeftemessen-mit-den-besten\/#primaryimage\"},\"image\":{\"@id\":\"https:\/\/www.m-q.ch\/esprix-swiss-award-for-excellence-kraeftemessen-mit-den-besten\/#primaryimage\"},\"thumbnailUrl\":\"https:\/\/www.m-q.ch\/wp-content\/uploads\/2021\/03\/ESPRIX_20150305_135607-1320x879-1.jpg\",\"datePublished\":\"2021-03-18T07:15:34+00:00\",\"dateModified\":\"2021-03-22T14:38:20+00:00\",\"description\":\"Wer Spitzenleistung erbringt, soll ausgezeichnet werden. Deshalb wird einmal mehr der Esprix Swiss Award for Excellence 2022 aufgegleist.\",\"breadcrumb\":{\"@id\":\"https:\/\/www.m-q.ch\/esprix-swiss-award-for-excellence-kraeftemessen-mit-den-besten\/#breadcrumb\"},\"inLanguage\":\"en-US\",\"potentialAction\":[{\"@type\":\"ReadAction\",\"target\":[\"https:\/\/www.m-q.ch\/esprix-swiss-award-for-excellence-kraeftemessen-mit-den-besten\/\"]}]},{\"@type\":\"ImageObject\",\"inLanguage\":\"en-US\",\"@id\":\"https:\/\/www.m-q.ch\/esprix-swiss-award-for-excellence-kraeftemessen-mit-den-besten\/#primaryimage\",\"url\":\"https:\/\/www.m-q.ch\/wp-content\/uploads\/2021\/03\/ESPRIX_20150305_135607-1320x879-1.jpg\",\"contentUrl\":\"https:\/\/www.m-q.ch\/wp-content\/uploads\/2021\/03\/ESPRIX_20150305_135607-1320x879-1.jpg\",\"width\":1320,\"height\":879,\"caption\":\"\u00a9 Esprix\"},{\"@type\":\"BreadcrumbList\",\"@id\":\"https:\/\/www.m-q.ch\/esprix-swiss-award-for-excellence-kraeftemessen-mit-den-besten\/#breadcrumb\",\"itemListElement\":[{\"@type\":\"ListItem\",\"position\":1,\"name\":\"Business Excellence\",\"item\":\"https:\/\/www.m-q.ch\/kategorie\/business_excellence\/\"},{\"@type\":\"ListItem\",\"position\":2,\"name\":\"Esprix Swiss Award for Excellence: Kr\u00e4ftemessen mit den Besten\"}]},{\"@type\":\"WebSite\",\"@id\":\"https:\/\/www.m-q.ch\/fr\/#website\",\"url\":\"https:\/\/www.m-q.ch\/fr\/\",\"name\":\"MQ Management und Qualit\u00e4t\",\"description\":\"Plattform f\u00fcr integrierte Managementsysteme.\",\"publisher\":{\"@id\":\"https:\/\/www.m-q.ch\/fr\/#organization\"},\"potentialAction\":[{\"@type\":\"SearchAction\",\"target\":{\"@type\":\"EntryPoint\",\"urlTemplate\":\"https:\/\/www.m-q.ch\/fr\/?s={search_term_string}\"},\"query-input\":{\"@type\":\"PropertyValueSpecification\",\"valueRequired\":true,\"valueName\":\"search_term_string\"}}],\"inLanguage\":\"en-US\"},{\"@type\":\"Organization\",\"@id\":\"https:\/\/www.m-q.ch\/fr\/#organization\",\"name\":\"Galledia Fachmedien AG\",\"url\":\"https:\/\/www.m-q.ch\/fr\/\",\"logo\":{\"@type\":\"ImageObject\",\"inLanguage\":\"en-US\",\"@id\":\"https:\/\/www.m-q.ch\/fr\/#\/schema\/logo\/image\/\",\"url\":\"https:\/\/www.m-q.ch\/wp-content\/uploads\/2020\/12\/cropped-logo_small.png\",\"contentUrl\":\"https:\/\/www.m-q.ch\/wp-content\/uploads\/2020\/12\/cropped-logo_small.png\",\"width\":512,\"height\":512,\"caption\":\"Galledia Fachmedien AG\"},\"image\":{\"@id\":\"https:\/\/www.m-q.ch\/fr\/#\/schema\/logo\/image\/\"},\"sameAs\":[\"https:\/\/www.facebook.com\/ManagementUndQualitaet\",\"https:\/\/www.linkedin.com\/showcase\/17982321\/admin\/\"]},{\"@type\":\"Person\",\"@id\":\"https:\/\/www.m-q.ch\/fr\/#\/schema\/person\/47d540e081acd98ccbeb69b55df653d7\",\"name\":\"Roger Str\u00e4ssle\",\"image\":{\"@type\":\"ImageObject\",\"inLanguage\":\"en-US\",\"@id\":\"https:\/\/www.m-q.ch\/fr\/#\/schema\/person\/image\/\",\"url\":\"https:\/\/secure.gravatar.com\/avatar\/e4dde3046d8a184d2e2d27651a418883?s=96&d=mm&r=g\",\"contentUrl\":\"https:\/\/secure.gravatar.com\/avatar\/e4dde3046d8a184d2e2d27651a418883?s=96&d=mm&r=g\",\"caption\":\"Roger Str\u00e4ssle\"},\"url\":\"https:\/\/www.m-q.ch\/en\/author\/roger-straessle\/\"}]}<\/script>\n<!-- \/ Yoast SEO plugin. -->","yoast_head_json":{"title":"Esprix Swiss Award for Excellence: Competing with the best - MQ Management und Qualit\u00e4t","description":"Those who deliver top performance should be rewarded. That is why the Esprix Swiss Award for Excellence 2022 is being launched once again.","robots":{"index":"index","follow":"follow","max-snippet":"max-snippet:-1","max-image-preview":"max-image-preview:large","max-video-preview":"max-video-preview:-1"},"canonical":"https:\/\/www.m-q.ch\/en\/esprix-swiss-award-for-excellence-the-best-of-the-best\/","og_locale":"en_US","og_type":"article","og_title":"Esprix Swiss Award for Excellence: Kr\u00e4ftemessen mit den Besten - MQ Management und Qualit\u00e4t","og_description":"Wer Spitzenleistung erbringt, soll ausgezeichnet werden. Deshalb wird einmal mehr der Esprix Swiss Award for Excellence 2022 aufgegleist.","og_url":"https:\/\/www.m-q.ch\/en\/esprix-swiss-award-for-excellence-the-best-of-the-best\/","og_site_name":"MQ Management und Qualit\u00e4t","article_publisher":"https:\/\/www.facebook.com\/ManagementUndQualitaet","article_published_time":"2021-03-18T07:15:34+00:00","article_modified_time":"2021-03-22T14:38:20+00:00","og_image":[{"width":1320,"height":879,"url":"https:\/\/www.m-q.ch\/wp-content\/uploads\/2021\/03\/ESPRIX_20150305_135607-1320x879-1.jpg","type":"image\/jpeg"}],"author":"Roger Str\u00e4ssle","twitter_card":"summary_large_image","twitter_misc":{"Written by":"Roger Str\u00e4ssle","Est. reading time":"1 minute"},"schema":{"@context":"https:\/\/schema.org","@graph":[{"@type":"Article","@id":"https:\/\/www.m-q.ch\/esprix-swiss-award-for-excellence-kraeftemessen-mit-den-besten\/#article","isPartOf":{"@id":"https:\/\/www.m-q.ch\/esprix-swiss-award-for-excellence-kraeftemessen-mit-den-besten\/"},"author":{"name":"Roger Str\u00e4ssle","@id":"https:\/\/www.m-q.ch\/fr\/#\/schema\/person\/47d540e081acd98ccbeb69b55df653d7"},"headline":"Esprix Swiss Award for Excellence: Kr\u00e4ftemessen mit den Besten","datePublished":"2021-03-18T07:15:34+00:00","dateModified":"2021-03-22T14:38:20+00:00","mainEntityOfPage":{"@id":"https:\/\/www.m-q.ch\/esprix-swiss-award-for-excellence-kraeftemessen-mit-den-besten\/"},"wordCount":227,"publisher":{"@id":"https:\/\/www.m-q.ch\/fr\/#organization"},"image":{"@id":"https:\/\/www.m-q.ch\/esprix-swiss-award-for-excellence-kraeftemessen-mit-den-besten\/#primaryimage"},"thumbnailUrl":"https:\/\/www.m-q.ch\/wp-content\/uploads\/2021\/03\/ESPRIX_20150305_135607-1320x879-1.jpg","keywords":["Esprix Swiss Award for Excellence"],"articleSection":["Business Excellence"],"inLanguage":"en-US"},{"@type":"WebPage","@id":"https:\/\/www.m-q.ch\/esprix-swiss-award-for-excellence-kraeftemessen-mit-den-besten\/","url":"https:\/\/www.m-q.ch\/esprix-swiss-award-for-excellence-kraeftemessen-mit-den-besten\/","name":"Esprix Swiss Award for Excellence: Competing with the best - MQ Management und Qualit\u00e4t","isPartOf":{"@id":"https:\/\/www.m-q.ch\/fr\/#website"},"primaryImageOfPage":{"@id":"https:\/\/www.m-q.ch\/esprix-swiss-award-for-excellence-kraeftemessen-mit-den-besten\/#primaryimage"},"image":{"@id":"https:\/\/www.m-q.ch\/esprix-swiss-award-for-excellence-kraeftemessen-mit-den-besten\/#primaryimage"},"thumbnailUrl":"https:\/\/www.m-q.ch\/wp-content\/uploads\/2021\/03\/ESPRIX_20150305_135607-1320x879-1.jpg","datePublished":"2021-03-18T07:15:34+00:00","dateModified":"2021-03-22T14:38:20+00:00","description":"Those who deliver top performance should be rewarded. That is why the Esprix Swiss Award for Excellence 2022 is being launched once again.","breadcrumb":{"@id":"https:\/\/www.m-q.ch\/esprix-swiss-award-for-excellence-kraeftemessen-mit-den-besten\/#breadcrumb"},"inLanguage":"en-US","potentialAction":[{"@type":"ReadAction","target":["https:\/\/www.m-q.ch\/esprix-swiss-award-for-excellence-kraeftemessen-mit-den-besten\/"]}]},{"@type":"ImageObject","inLanguage":"en-US","@id":"https:\/\/www.m-q.ch\/esprix-swiss-award-for-excellence-kraeftemessen-mit-den-besten\/#primaryimage","url":"https:\/\/www.m-q.ch\/wp-content\/uploads\/2021\/03\/ESPRIX_20150305_135607-1320x879-1.jpg","contentUrl":"https:\/\/www.m-q.ch\/wp-content\/uploads\/2021\/03\/ESPRIX_20150305_135607-1320x879-1.jpg","width":1320,"height":879,"caption":"\u00a9 Esprix"},{"@type":"BreadcrumbList","@id":"https:\/\/www.m-q.ch\/esprix-swiss-award-for-excellence-kraeftemessen-mit-den-besten\/#breadcrumb","itemListElement":[{"@type":"ListItem","position":1,"name":"Business Excellence","item":"https:\/\/www.m-q.ch\/kategorie\/business_excellence\/"},{"@type":"ListItem","position":2,"name":"Esprix Swiss Award for Excellence: Kr\u00e4ftemessen mit den Besten"}]},{"@type":"WebSite","@id":"https:\/\/www.m-q.ch\/fr\/#website","url":"https:\/\/www.m-q.ch\/fr\/","name":"MQ Management and Quality","description":"Platform for integrated management systems.","publisher":{"@id":"https:\/\/www.m-q.ch\/fr\/#organization"},"potentialAction":[{"@type":"SearchAction","target":{"@type":"EntryPoint","urlTemplate":"https:\/\/www.m-q.ch\/fr\/?s={search_term_string}"},"query-input":{"@type":"PropertyValueSpecification","valueRequired":true,"valueName":"search_term_string"}}],"inLanguage":"en-US"},{"@type":"Organization","@id":"https:\/\/www.m-q.ch\/fr\/#organization","name":"Galledia Trade Media AG","url":"https:\/\/www.m-q.ch\/fr\/","logo":{"@type":"ImageObject","inLanguage":"en-US","@id":"https:\/\/www.m-q.ch\/fr\/#\/schema\/logo\/image\/","url":"https:\/\/www.m-q.ch\/wp-content\/uploads\/2020\/12\/cropped-logo_small.png","contentUrl":"https:\/\/www.m-q.ch\/wp-content\/uploads\/2020\/12\/cropped-logo_small.png","width":512,"height":512,"caption":"Galledia Fachmedien AG"},"image":{"@id":"https:\/\/www.m-q.ch\/fr\/#\/schema\/logo\/image\/"},"sameAs":["https:\/\/www.facebook.com\/ManagementUndQualitaet","https:\/\/www.linkedin.com\/showcase\/17982321\/admin\/"]},{"@type":"Person","@id":"https:\/\/www.m-q.ch\/fr\/#\/schema\/person\/47d540e081acd98ccbeb69b55df653d7","name":"Roger Str\u00e4ssle","image":{"@type":"ImageObject","inLanguage":"en-US","@id":"https:\/\/www.m-q.ch\/fr\/#\/schema\/person\/image\/","url":"https:\/\/secure.gravatar.com\/avatar\/e4dde3046d8a184d2e2d27651a418883?s=96&d=mm&r=g","contentUrl":"https:\/\/secure.gravatar.com\/avatar\/e4dde3046d8a184d2e2d27651a418883?s=96&d=mm&r=g","caption":"Roger Str\u00e4ssle"},"url":"https:\/\/www.m-q.ch\/en\/author\/roger-straessle\/"}]}},"_links":{"self":[{"href":"https:\/\/www.m-q.ch\/en\/wp-json\/wp\/v2\/posts\/13153","targetHints":{"allow":["GET"]}}],"collection":[{"href":"https:\/\/www.m-q.ch\/en\/wp-json\/wp\/v2\/posts"}],"about":[{"href":"https:\/\/www.m-q.ch\/en\/wp-json\/wp\/v2\/types\/post"}],"author":[{"embeddable":true,"href":"https:\/\/www.m-q.ch\/en\/wp-json\/wp\/v2\/users\/35"}],"replies":[{"embeddable":true,"href":"https:\/\/www.m-q.ch\/en\/wp-json\/wp\/v2\/comments?post=13153"}],"version-history":[{"count":5,"href":"https:\/\/www.m-q.ch\/en\/wp-json\/wp\/v2\/posts\/13153\/revisions"}],"predecessor-version":[{"id":13602,"href":"https:\/\/www.m-q.ch\/en\/wp-json\/wp\/v2\/posts\/13153\/revisions\/13602"}],"wp:featuredmedia":[{"embeddable":true,"href":"https:\/\/www.m-q.ch\/en\/wp-json\/wp\/v2\/media\/13154"}],"wp:attachment":[{"href":"https:\/\/www.m-q.ch\/en\/wp-json\/wp\/v2\/media?parent=13153"}],"wp:term":[{"taxonomy":"category","embeddable":true,"href":"https:\/\/www.m-q.ch\/en\/wp-json\/wp\/v2\/categories?post=13153"},{"taxonomy":"post_tag","embeddable":true,"href":"https:\/\/www.m-q.ch\/en\/wp-json\/wp\/v2\/tags?post=13153"}],"curies":[{"name":"wp","href":"https:\/\/api.w.org\/{rel}","templated":true}]}}