{"id":1388,"date":"2017-04-27T13:23:07","date_gmt":"2017-04-27T11:23:07","guid":{"rendered":"https:\/\/www.m-q.ch\/?p=1388"},"modified":"2017-04-27T13:23:07","modified_gmt":"2017-04-27T11:23:07","slug":"industry-award-2017-winning-atmosphere-at-the-hannover-trade-fair","status":"publish","type":"post","link":"https:\/\/www.m-q.ch\/en\/industriepreis-2017-siegerstimmung-auf-der-hannover-messe\/","title":{"rendered":"INDUSTRIEPREIS 2017: Winning mood at HANNOVER MESSE"},"content":{"rendered":"<figure id=\"attachment_1389\" aria-describedby=\"caption-attachment-1389\" style=\"width: 640px\" class=\"wp-caption alignnone\"><img loading=\"lazy\" decoding=\"async\" class=\"size-full wp-image-1389\" src=\"https:\/\/www.m-q.ch\/wp-content\/uploads\/2017\/04\/INDUSTRIEPREIS-2017-mq-management-u-qualitaet.jpg\" alt=\"\" width=\"640\" height=\"427\" srcset=\"https:\/\/www.m-q.ch\/wp-content\/uploads\/2017\/04\/INDUSTRIEPREIS-2017-mq-management-u-qualitaet.jpg 640w, https:\/\/www.m-q.ch\/wp-content\/uploads\/2017\/04\/INDUSTRIEPREIS-2017-mq-management-u-qualitaet-16x12.jpg 16w, https:\/\/www.m-q.ch\/wp-content\/uploads\/2017\/04\/INDUSTRIEPREIS-2017-mq-management-u-qualitaet-262x175.jpg 262w, https:\/\/www.m-q.ch\/wp-content\/uploads\/2017\/04\/INDUSTRIEPREIS-2017-mq-management-u-qualitaet-525x350.jpg 525w, https:\/\/www.m-q.ch\/wp-content\/uploads\/2017\/04\/INDUSTRIEPREIS-2017-mq-management-u-qualitaet-300x200.jpg 300w, https:\/\/www.m-q.ch\/wp-content\/uploads\/2017\/04\/INDUSTRIEPREIS-2017-mq-management-u-qualitaet-624x416.jpg 624w\" sizes=\"auto, (max-width: 640px) 100vw, 640px\" \/><figcaption id=\"caption-attachment-1389\" class=\"wp-caption-text\">INDUSTRIEPREIS 2017: Winning atmosphere at HANNOVER MESSE (Image: pressebox.de)<\/figcaption><\/figure>\n<p>With a flurry of flashbulbs and public recognition, the award ceremony paid off directly for the winners of the INDUSTRIEPREIS 2017 - and was thus a complete success: \"It is always a pleasure to see how proudly the companies accept their award,\" describes Rainer K\u00f6lmel, Managing Director and initiator of the INDUSTRIEPREIS. \"And they have every right to be! Because they have all convinced our top-class expert jury of professors, scientists, industry experts and trade journalists and have proven with their award-winning products how strong the industry is. The companies work continuously on the further development of their products as well as on new ideas with which they meet current trends such as Industry 4.0. We are all the more pleased to be able to honour their entrepreneurial courage and commitment with the INDUSTRIEPREIS.\"<\/p>\n<p>This year at HANNOVER MESSE, innovative solutions for energy generation and for cooperation between humans and robots will be on display. Among them are robots that automatically detect when an employee is nearby and react accordingly.<\/p>\n<p><strong>The winners 2017 at a glance<\/strong><\/p>\n<p>All winners of the INDUSTRIEPREIS 2017 are presented in the official list of winners. One winner in each of 14 different categories and one overall winner of the INDUSTRIEPREIS 2017 were awarded. Decisive for the award were the progress of the submitted solution as well as its economic, social, ecological and technological benefits.<\/p>\n<p>Then, on April 25, 2017, a next highlight took place: the publication of the INDUSTRIE-Bestenliste 2017 with the winners and best of the INDUSTRIEPREIS. The exclusive compendium includes the most advanced industrial products and provides assistance in choosing suitable solutions.<\/p>\n<p>Below you will find all the prize winners and further details<\/p>\n<p><a href=\"http:\/\/tracking.distrib.itroot.de\/tracking\/click?msgid=3DfSpdv2ncPlxCOe1iuYJw2&amp;target=https%3a%2f%2fwww.pressebox.de%2fredirect%2fext%3ftu%3dhttp%253A%252F%252Fwww.industriepreis.de%252F2017%252Findustriezeitung.html%26rp%3d%252BYHMNZ%252Fk514o0cW6muh2%252BWOU7wznxmi6UyXarLrYKtI%253D&amp;v=Nc3vv82jaTD02ThBi5Pr5w2\">www.industriepreis.de<\/a><\/p>","protected":false},"excerpt":{"rendered":"<p>Mit Blitzlichtgewitter und \u00f6ffentlicher Anerkennung hat sich die Preis\u00fcbergabe f\u00fcr die Sieger des INDUSTRIEPREIS 2017 direkt bezahlt gemacht \u2013 und war damit ein voller Erfolg: \u201eEs ist immer wieder eine Freude zu sehen, wie stolz die Firmen ihre Auszeichnung entgegennehmen\u201c, beschreibt Rainer K\u00f6lmel, Gesch\u00e4ftsf\u00fchrer und Initiator des INDUSTRIEPREIS. \u201eUnd das d\u00fcrfen sie auch sein! Denn [&hellip;]<\/p>\n","protected":false},"author":35,"featured_media":1389,"comment_status":"open","ping_status":"open","sticky":false,"template":"","format":"standard","meta":{"_acf_changed":false,"footnotes":""},"categories":[1],"tags":[3529,3528],"class_list":["post-1388","post","type-post","status-publish","format-standard","has-post-thumbnail","hentry","category-unkategorisiert","tag-award","tag-industriepreis"],"acf":[],"yoast_head":"<!-- This site is optimized with the Yoast SEO plugin v26.2 - https:\/\/yoast.com\/wordpress\/plugins\/seo\/ -->\n<title>INDUSTRIEPREIS 2017: Siegerstimmung auf der HANNOVER MESSE - MQ Management und Qualit\u00e4t<\/title>\n<meta name=\"description\" content=\"Die HANNOVER MESSE war in doppelter Hinsicht spannend: Denn nach der Er\u00f6ffnung durch Bundeskanzlerin Angela Merkel gab es den INDUSTRIEPREIS 2017 direkt am Stand.\" \/>\n<meta name=\"robots\" content=\"index, follow, max-snippet:-1, max-image-preview:large, max-video-preview:-1\" \/>\n<link rel=\"canonical\" href=\"https:\/\/www.m-q.ch\/en\/industry-award-2017-winning-atmosphere-at-the-hannover-trade-fair\/\" \/>\n<meta property=\"og:locale\" content=\"en_US\" \/>\n<meta property=\"og:type\" content=\"article\" \/>\n<meta property=\"og:title\" content=\"INDUSTRIEPREIS 2017: Siegerstimmung auf der HANNOVER MESSE - MQ Management und Qualit\u00e4t\" \/>\n<meta property=\"og:description\" content=\"Die HANNOVER MESSE war in doppelter Hinsicht spannend: Denn nach der Er\u00f6ffnung durch Bundeskanzlerin Angela Merkel gab es den INDUSTRIEPREIS 2017 direkt am Stand.\" \/>\n<meta property=\"og:url\" content=\"https:\/\/www.m-q.ch\/en\/industry-award-2017-winning-atmosphere-at-the-hannover-trade-fair\/\" \/>\n<meta property=\"og:site_name\" content=\"MQ Management und Qualit\u00e4t\" \/>\n<meta property=\"article:publisher\" content=\"https:\/\/www.facebook.com\/ManagementUndQualitaet\" \/>\n<meta property=\"article:published_time\" content=\"2017-04-27T11:23:07+00:00\" \/>\n<meta property=\"og:image\" content=\"https:\/\/www.m-q.ch\/wp-content\/uploads\/2017\/04\/INDUSTRIEPREIS-2017-mq-management-u-qualitaet.jpg\" \/>\n\t<meta property=\"og:image:width\" content=\"640\" \/>\n\t<meta property=\"og:image:height\" content=\"427\" \/>\n\t<meta property=\"og:image:type\" content=\"image\/jpeg\" \/>\n<meta name=\"author\" content=\"Roger Str\u00e4ssle\" \/>\n<meta name=\"twitter:card\" content=\"summary_large_image\" \/>\n<meta name=\"twitter:label1\" content=\"Written by\" \/>\n\t<meta name=\"twitter:data1\" content=\"Roger Str\u00e4ssle\" \/>\n\t<meta name=\"twitter:label2\" content=\"Est. reading time\" \/>\n\t<meta name=\"twitter:data2\" content=\"1 minute\" \/>\n<script type=\"application\/ld+json\" class=\"yoast-schema-graph\">{\"@context\":\"https:\/\/schema.org\",\"@graph\":[{\"@type\":\"Article\",\"@id\":\"https:\/\/www.m-q.ch\/de\/industriepreis-2017-siegerstimmung-auf-der-hannover-messe\/#article\",\"isPartOf\":{\"@id\":\"https:\/\/www.m-q.ch\/de\/industriepreis-2017-siegerstimmung-auf-der-hannover-messe\/\"},\"author\":{\"name\":\"Roger Str\u00e4ssle\",\"@id\":\"https:\/\/www.m-q.ch\/fr\/#\/schema\/person\/47d540e081acd98ccbeb69b55df653d7\"},\"headline\":\"INDUSTRIEPREIS 2017: Siegerstimmung auf der HANNOVER MESSE\",\"datePublished\":\"2017-04-27T11:23:07+00:00\",\"mainEntityOfPage\":{\"@id\":\"https:\/\/www.m-q.ch\/de\/industriepreis-2017-siegerstimmung-auf-der-hannover-messe\/\"},\"wordCount\":281,\"commentCount\":0,\"publisher\":{\"@id\":\"https:\/\/www.m-q.ch\/fr\/#organization\"},\"image\":{\"@id\":\"https:\/\/www.m-q.ch\/de\/industriepreis-2017-siegerstimmung-auf-der-hannover-messe\/#primaryimage\"},\"thumbnailUrl\":\"https:\/\/www.m-q.ch\/wp-content\/uploads\/2017\/04\/INDUSTRIEPREIS-2017-mq-management-u-qualitaet.jpg\",\"keywords\":[\"Award\",\"Industriepreis\"],\"articleSection\":[\"Unkategorisiert\"],\"inLanguage\":\"en-US\"},{\"@type\":\"WebPage\",\"@id\":\"https:\/\/www.m-q.ch\/de\/industriepreis-2017-siegerstimmung-auf-der-hannover-messe\/\",\"url\":\"https:\/\/www.m-q.ch\/de\/industriepreis-2017-siegerstimmung-auf-der-hannover-messe\/\",\"name\":\"INDUSTRIEPREIS 2017: Siegerstimmung auf der HANNOVER MESSE - MQ Management und Qualit\u00e4t\",\"isPartOf\":{\"@id\":\"https:\/\/www.m-q.ch\/fr\/#website\"},\"primaryImageOfPage\":{\"@id\":\"https:\/\/www.m-q.ch\/de\/industriepreis-2017-siegerstimmung-auf-der-hannover-messe\/#primaryimage\"},\"image\":{\"@id\":\"https:\/\/www.m-q.ch\/de\/industriepreis-2017-siegerstimmung-auf-der-hannover-messe\/#primaryimage\"},\"thumbnailUrl\":\"https:\/\/www.m-q.ch\/wp-content\/uploads\/2017\/04\/INDUSTRIEPREIS-2017-mq-management-u-qualitaet.jpg\",\"datePublished\":\"2017-04-27T11:23:07+00:00\",\"description\":\"Die HANNOVER MESSE war in doppelter Hinsicht spannend: Denn nach der Er\u00f6ffnung durch Bundeskanzlerin Angela Merkel gab es den INDUSTRIEPREIS 2017 direkt am Stand.\",\"breadcrumb\":{\"@id\":\"https:\/\/www.m-q.ch\/de\/industriepreis-2017-siegerstimmung-auf-der-hannover-messe\/#breadcrumb\"},\"inLanguage\":\"en-US\",\"potentialAction\":[{\"@type\":\"ReadAction\",\"target\":[\"https:\/\/www.m-q.ch\/de\/industriepreis-2017-siegerstimmung-auf-der-hannover-messe\/\"]}]},{\"@type\":\"ImageObject\",\"inLanguage\":\"en-US\",\"@id\":\"https:\/\/www.m-q.ch\/de\/industriepreis-2017-siegerstimmung-auf-der-hannover-messe\/#primaryimage\",\"url\":\"https:\/\/www.m-q.ch\/wp-content\/uploads\/2017\/04\/INDUSTRIEPREIS-2017-mq-management-u-qualitaet.jpg\",\"contentUrl\":\"https:\/\/www.m-q.ch\/wp-content\/uploads\/2017\/04\/INDUSTRIEPREIS-2017-mq-management-u-qualitaet.jpg\",\"width\":640,\"height\":427,\"caption\":\"INDUSTRIEPREIS 2017: Siegerstimmung auf der HANNOVER MESSE (Copyright industriepreis.de 2017)\"},{\"@type\":\"BreadcrumbList\",\"@id\":\"https:\/\/www.m-q.ch\/de\/industriepreis-2017-siegerstimmung-auf-der-hannover-messe\/#breadcrumb\",\"itemListElement\":[{\"@type\":\"ListItem\",\"position\":1,\"name\":\"Unkategorisiert\",\"item\":\"https:\/\/www.m-q.ch\/it\/categoria\/senza-categoria\/\"},{\"@type\":\"ListItem\",\"position\":2,\"name\":\"INDUSTRIEPREIS 2017: Siegerstimmung auf der HANNOVER MESSE\"}]},{\"@type\":\"WebSite\",\"@id\":\"https:\/\/www.m-q.ch\/fr\/#website\",\"url\":\"https:\/\/www.m-q.ch\/fr\/\",\"name\":\"MQ Management und Qualit\u00e4t\",\"description\":\"Plattform f\u00fcr integrierte Managementsysteme.\",\"publisher\":{\"@id\":\"https:\/\/www.m-q.ch\/fr\/#organization\"},\"potentialAction\":[{\"@type\":\"SearchAction\",\"target\":{\"@type\":\"EntryPoint\",\"urlTemplate\":\"https:\/\/www.m-q.ch\/fr\/?s={search_term_string}\"},\"query-input\":{\"@type\":\"PropertyValueSpecification\",\"valueRequired\":true,\"valueName\":\"search_term_string\"}}],\"inLanguage\":\"en-US\"},{\"@type\":\"Organization\",\"@id\":\"https:\/\/www.m-q.ch\/fr\/#organization\",\"name\":\"Galledia Fachmedien AG\",\"url\":\"https:\/\/www.m-q.ch\/fr\/\",\"logo\":{\"@type\":\"ImageObject\",\"inLanguage\":\"en-US\",\"@id\":\"https:\/\/www.m-q.ch\/fr\/#\/schema\/logo\/image\/\",\"url\":\"https:\/\/www.m-q.ch\/wp-content\/uploads\/2020\/12\/cropped-logo_small.png\",\"contentUrl\":\"https:\/\/www.m-q.ch\/wp-content\/uploads\/2020\/12\/cropped-logo_small.png\",\"width\":512,\"height\":512,\"caption\":\"Galledia Fachmedien AG\"},\"image\":{\"@id\":\"https:\/\/www.m-q.ch\/fr\/#\/schema\/logo\/image\/\"},\"sameAs\":[\"https:\/\/www.facebook.com\/ManagementUndQualitaet\",\"https:\/\/www.linkedin.com\/showcase\/17982321\/admin\/\"]},{\"@type\":\"Person\",\"@id\":\"https:\/\/www.m-q.ch\/fr\/#\/schema\/person\/47d540e081acd98ccbeb69b55df653d7\",\"name\":\"Roger Str\u00e4ssle\",\"image\":{\"@type\":\"ImageObject\",\"inLanguage\":\"en-US\",\"@id\":\"https:\/\/www.m-q.ch\/fr\/#\/schema\/person\/image\/\",\"url\":\"https:\/\/secure.gravatar.com\/avatar\/e4dde3046d8a184d2e2d27651a418883?s=96&d=mm&r=g\",\"contentUrl\":\"https:\/\/secure.gravatar.com\/avatar\/e4dde3046d8a184d2e2d27651a418883?s=96&d=mm&r=g\",\"caption\":\"Roger Str\u00e4ssle\"},\"url\":\"https:\/\/www.m-q.ch\/en\/author\/roger-straessle\/\"}]}<\/script>\n<!-- \/ Yoast SEO plugin. -->","yoast_head_json":{"title":"INDUSTRIEPREIS 2017: Winning mood at HANNOVER MESSE - MQ Management und Qualit\u00e4t","description":"HANNOVER MESSE was exciting in two respects: Because after the opening by German Chancellor Angela Merkel, there was the INDUSTRIEPREIS 2017 directly at the stand.","robots":{"index":"index","follow":"follow","max-snippet":"max-snippet:-1","max-image-preview":"max-image-preview:large","max-video-preview":"max-video-preview:-1"},"canonical":"https:\/\/www.m-q.ch\/en\/industry-award-2017-winning-atmosphere-at-the-hannover-trade-fair\/","og_locale":"en_US","og_type":"article","og_title":"INDUSTRIEPREIS 2017: Siegerstimmung auf der HANNOVER MESSE - MQ Management und Qualit\u00e4t","og_description":"Die HANNOVER MESSE war in doppelter Hinsicht spannend: Denn nach der Er\u00f6ffnung durch Bundeskanzlerin Angela Merkel gab es den INDUSTRIEPREIS 2017 direkt am Stand.","og_url":"https:\/\/www.m-q.ch\/en\/industry-award-2017-winning-atmosphere-at-the-hannover-trade-fair\/","og_site_name":"MQ Management und Qualit\u00e4t","article_publisher":"https:\/\/www.facebook.com\/ManagementUndQualitaet","article_published_time":"2017-04-27T11:23:07+00:00","og_image":[{"width":640,"height":427,"url":"https:\/\/www.m-q.ch\/wp-content\/uploads\/2017\/04\/INDUSTRIEPREIS-2017-mq-management-u-qualitaet.jpg","type":"image\/jpeg"}],"author":"Roger Str\u00e4ssle","twitter_card":"summary_large_image","twitter_misc":{"Written by":"Roger Str\u00e4ssle","Est. reading time":"1 minute"},"schema":{"@context":"https:\/\/schema.org","@graph":[{"@type":"Article","@id":"https:\/\/www.m-q.ch\/de\/industriepreis-2017-siegerstimmung-auf-der-hannover-messe\/#article","isPartOf":{"@id":"https:\/\/www.m-q.ch\/de\/industriepreis-2017-siegerstimmung-auf-der-hannover-messe\/"},"author":{"name":"Roger Str\u00e4ssle","@id":"https:\/\/www.m-q.ch\/fr\/#\/schema\/person\/47d540e081acd98ccbeb69b55df653d7"},"headline":"INDUSTRIEPREIS 2017: Siegerstimmung auf der HANNOVER MESSE","datePublished":"2017-04-27T11:23:07+00:00","mainEntityOfPage":{"@id":"https:\/\/www.m-q.ch\/de\/industriepreis-2017-siegerstimmung-auf-der-hannover-messe\/"},"wordCount":281,"commentCount":0,"publisher":{"@id":"https:\/\/www.m-q.ch\/fr\/#organization"},"image":{"@id":"https:\/\/www.m-q.ch\/de\/industriepreis-2017-siegerstimmung-auf-der-hannover-messe\/#primaryimage"},"thumbnailUrl":"https:\/\/www.m-q.ch\/wp-content\/uploads\/2017\/04\/INDUSTRIEPREIS-2017-mq-management-u-qualitaet.jpg","keywords":["Award","Industriepreis"],"articleSection":["Unkategorisiert"],"inLanguage":"en-US"},{"@type":"WebPage","@id":"https:\/\/www.m-q.ch\/de\/industriepreis-2017-siegerstimmung-auf-der-hannover-messe\/","url":"https:\/\/www.m-q.ch\/de\/industriepreis-2017-siegerstimmung-auf-der-hannover-messe\/","name":"INDUSTRIEPREIS 2017: Winning mood at HANNOVER MESSE - MQ Management und Qualit\u00e4t","isPartOf":{"@id":"https:\/\/www.m-q.ch\/fr\/#website"},"primaryImageOfPage":{"@id":"https:\/\/www.m-q.ch\/de\/industriepreis-2017-siegerstimmung-auf-der-hannover-messe\/#primaryimage"},"image":{"@id":"https:\/\/www.m-q.ch\/de\/industriepreis-2017-siegerstimmung-auf-der-hannover-messe\/#primaryimage"},"thumbnailUrl":"https:\/\/www.m-q.ch\/wp-content\/uploads\/2017\/04\/INDUSTRIEPREIS-2017-mq-management-u-qualitaet.jpg","datePublished":"2017-04-27T11:23:07+00:00","description":"HANNOVER MESSE was exciting in two respects: Because after the opening by German Chancellor Angela Merkel, there was the INDUSTRIEPREIS 2017 directly at the stand.","breadcrumb":{"@id":"https:\/\/www.m-q.ch\/de\/industriepreis-2017-siegerstimmung-auf-der-hannover-messe\/#breadcrumb"},"inLanguage":"en-US","potentialAction":[{"@type":"ReadAction","target":["https:\/\/www.m-q.ch\/de\/industriepreis-2017-siegerstimmung-auf-der-hannover-messe\/"]}]},{"@type":"ImageObject","inLanguage":"en-US","@id":"https:\/\/www.m-q.ch\/de\/industriepreis-2017-siegerstimmung-auf-der-hannover-messe\/#primaryimage","url":"https:\/\/www.m-q.ch\/wp-content\/uploads\/2017\/04\/INDUSTRIEPREIS-2017-mq-management-u-qualitaet.jpg","contentUrl":"https:\/\/www.m-q.ch\/wp-content\/uploads\/2017\/04\/INDUSTRIEPREIS-2017-mq-management-u-qualitaet.jpg","width":640,"height":427,"caption":"INDUSTRIEPREIS 2017: Siegerstimmung auf der HANNOVER MESSE (Copyright industriepreis.de 2017)"},{"@type":"BreadcrumbList","@id":"https:\/\/www.m-q.ch\/de\/industriepreis-2017-siegerstimmung-auf-der-hannover-messe\/#breadcrumb","itemListElement":[{"@type":"ListItem","position":1,"name":"Unkategorisiert","item":"https:\/\/www.m-q.ch\/it\/categoria\/senza-categoria\/"},{"@type":"ListItem","position":2,"name":"INDUSTRIEPREIS 2017: Siegerstimmung auf der HANNOVER MESSE"}]},{"@type":"WebSite","@id":"https:\/\/www.m-q.ch\/fr\/#website","url":"https:\/\/www.m-q.ch\/fr\/","name":"MQ Management and Quality","description":"Platform for integrated management systems.","publisher":{"@id":"https:\/\/www.m-q.ch\/fr\/#organization"},"potentialAction":[{"@type":"SearchAction","target":{"@type":"EntryPoint","urlTemplate":"https:\/\/www.m-q.ch\/fr\/?s={search_term_string}"},"query-input":{"@type":"PropertyValueSpecification","valueRequired":true,"valueName":"search_term_string"}}],"inLanguage":"en-US"},{"@type":"Organization","@id":"https:\/\/www.m-q.ch\/fr\/#organization","name":"Galledia Trade Media AG","url":"https:\/\/www.m-q.ch\/fr\/","logo":{"@type":"ImageObject","inLanguage":"en-US","@id":"https:\/\/www.m-q.ch\/fr\/#\/schema\/logo\/image\/","url":"https:\/\/www.m-q.ch\/wp-content\/uploads\/2020\/12\/cropped-logo_small.png","contentUrl":"https:\/\/www.m-q.ch\/wp-content\/uploads\/2020\/12\/cropped-logo_small.png","width":512,"height":512,"caption":"Galledia Fachmedien AG"},"image":{"@id":"https:\/\/www.m-q.ch\/fr\/#\/schema\/logo\/image\/"},"sameAs":["https:\/\/www.facebook.com\/ManagementUndQualitaet","https:\/\/www.linkedin.com\/showcase\/17982321\/admin\/"]},{"@type":"Person","@id":"https:\/\/www.m-q.ch\/fr\/#\/schema\/person\/47d540e081acd98ccbeb69b55df653d7","name":"Roger Str\u00e4ssle","image":{"@type":"ImageObject","inLanguage":"en-US","@id":"https:\/\/www.m-q.ch\/fr\/#\/schema\/person\/image\/","url":"https:\/\/secure.gravatar.com\/avatar\/e4dde3046d8a184d2e2d27651a418883?s=96&d=mm&r=g","contentUrl":"https:\/\/secure.gravatar.com\/avatar\/e4dde3046d8a184d2e2d27651a418883?s=96&d=mm&r=g","caption":"Roger Str\u00e4ssle"},"url":"https:\/\/www.m-q.ch\/en\/author\/roger-straessle\/"}]}},"_links":{"self":[{"href":"https:\/\/www.m-q.ch\/en\/wp-json\/wp\/v2\/posts\/1388","targetHints":{"allow":["GET"]}}],"collection":[{"href":"https:\/\/www.m-q.ch\/en\/wp-json\/wp\/v2\/posts"}],"about":[{"href":"https:\/\/www.m-q.ch\/en\/wp-json\/wp\/v2\/types\/post"}],"author":[{"embeddable":true,"href":"https:\/\/www.m-q.ch\/en\/wp-json\/wp\/v2\/users\/35"}],"replies":[{"embeddable":true,"href":"https:\/\/www.m-q.ch\/en\/wp-json\/wp\/v2\/comments?post=1388"}],"version-history":[{"count":1,"href":"https:\/\/www.m-q.ch\/en\/wp-json\/wp\/v2\/posts\/1388\/revisions"}],"predecessor-version":[{"id":1390,"href":"https:\/\/www.m-q.ch\/en\/wp-json\/wp\/v2\/posts\/1388\/revisions\/1390"}],"wp:featuredmedia":[{"embeddable":true,"href":"https:\/\/www.m-q.ch\/en\/wp-json\/wp\/v2\/media\/1389"}],"wp:attachment":[{"href":"https:\/\/www.m-q.ch\/en\/wp-json\/wp\/v2\/media?parent=1388"}],"wp:term":[{"taxonomy":"category","embeddable":true,"href":"https:\/\/www.m-q.ch\/en\/wp-json\/wp\/v2\/categories?post=1388"},{"taxonomy":"post_tag","embeddable":true,"href":"https:\/\/www.m-q.ch\/en\/wp-json\/wp\/v2\/tags?post=1388"}],"curies":[{"name":"wp","href":"https:\/\/api.w.org\/{rel}","templated":true}]}}