{"id":13887,"date":"2021-03-24T09:00:50","date_gmt":"2021-03-24T08:00:50","guid":{"rendered":"https:\/\/www.m-q.ch\/?p=13887"},"modified":"2021-03-29T08:59:40","modified_gmt":"2021-03-29T06:59:40","slug":"philipp-keller-appointed-new-chief-risk-officer-of-generali-switzerland","status":"publish","type":"post","link":"https:\/\/www.m-q.ch\/en\/philipp-keller-wird-neuer-chief-risk-officer-von-generali-schweiz\/","title":{"rendered":"Philipp Keller appointed new Chief Risk Officer of Generali Switzerland"},"content":{"rendered":"<figure id=\"attachment_13888\" aria-describedby=\"caption-attachment-13888\" style=\"width: 2560px\" class=\"wp-caption alignnone\"><img loading=\"lazy\" decoding=\"async\" class=\"size-full wp-image-13888\" src=\"https:\/\/www.m-q.ch\/wp-content\/uploads\/2021\/03\/philipp-keller_def-scaled.jpg\" alt=\"\" width=\"2560\" height=\"1944\" srcset=\"https:\/\/www.m-q.ch\/wp-content\/uploads\/2021\/03\/philipp-keller_def-scaled.jpg 2560w, https:\/\/www.m-q.ch\/wp-content\/uploads\/2021\/03\/philipp-keller_def-768x583.jpg 768w, https:\/\/www.m-q.ch\/wp-content\/uploads\/2021\/03\/philipp-keller_def-1536x1167.jpg 1536w, https:\/\/www.m-q.ch\/wp-content\/uploads\/2021\/03\/philipp-keller_def-2048x1555.jpg 2048w, https:\/\/www.m-q.ch\/wp-content\/uploads\/2021\/03\/philipp-keller_def-16x12.jpg 16w, https:\/\/www.m-q.ch\/wp-content\/uploads\/2021\/03\/philipp-keller_def-230x175.jpg 230w, https:\/\/www.m-q.ch\/wp-content\/uploads\/2021\/03\/philipp-keller_def-461x350.jpg 461w, https:\/\/www.m-q.ch\/wp-content\/uploads\/2021\/03\/philipp-keller_def-1053x800.jpg 1053w, https:\/\/www.m-q.ch\/wp-content\/uploads\/2021\/03\/philipp-keller_def-920x699.jpg 920w, https:\/\/www.m-q.ch\/wp-content\/uploads\/2021\/03\/philipp-keller_def-1400x1063.jpg 1400w, https:\/\/www.m-q.ch\/wp-content\/uploads\/2021\/03\/philipp-keller_def-1843x1400.jpg 1843w, https:\/\/www.m-q.ch\/wp-content\/uploads\/2021\/03\/philipp-keller_def-300x228.jpg 300w\" sizes=\"auto, (max-width: 2560px) 100vw, 2560px\" \/><figcaption id=\"caption-attachment-13888\" class=\"wp-caption-text\">Philipp Keller, new Chief Risk Officer of Generali Switzerland. \u00a9 zVg<\/figcaption><\/figure>\n<p>At the Federal Office of Private Insurance (FOPI, now FINMA), Philipp Keller helped develop and implement the Swiss Solvency Test (SST). From 2009 to 2018, he was responsible for financial risk management at the audit and consulting firm Deloitte in Zurich. He led a team of quantitative analysts and experts in qualitative risk management and advised companies in the financial sector. Subsequently, as Chief Operating Officer at the asset manager Quantica Capital, he was responsible for the operational business and risk management. Before joining Generali Switzerland, he worked as a senior advisor in the areas of risk management and regulations for the strategy consultancy Boston Consulting Group.<\/p>\n<p><strong>Sound experience in risk management<\/strong><\/p>\n<p>Keller, 56, who lives in Ermatingen TG, studied mathematics at ETH Zurich, specialising in mathematical statistics and dynamic systems. In 1996, he received his doctorate from the ETH Zurich in the field of \"Dynamical Systems and Numerical Analysis\". He is a board member of the Swiss Actuarial Association (SAV). He also supports the \"Center for Finance and Insurance\" at the University of Zurich as a scientific advisor.<\/p>\n<p>\"In order to create long-term shareholder value, as Chief Risk Officer I ensure that risks are managed to meet the expectations of policyholders, shareholders and all other stakeholders of Generali Switzerland,\" says Keller on taking up his post at Generali Switzerland.<\/p>\n<p>Andreas Kr\u00fcmmel, CEO of Generali Switzerland: \"Philipp Keller has worked in the financial sector both on the corporate and supervisory side as well as in consulting. He brings in-depth experience in risk management as well as regulatory topics to our company.\"<\/p>","protected":false},"excerpt":{"rendered":"<p>Beim Bundesamt f\u00fcr Privatversicherungen (BPV, heute FINMA) entwickelte und implementierte Philipp Keller den Swiss Solvency Test (SST) mit. Von 2009 bis 2018 war er beim Pr\u00fcfungs- und Beratungsunternehmen Deloitte in Z\u00fcrich verantwortlich f\u00fcr das Financial Risk Management. Er leitete dort ein Team von quantitativen Analysten sowie Experten im qualitativen Risk Management und beriet Unternehmen im [&hellip;]<\/p>\n","protected":false},"author":35,"featured_media":13888,"comment_status":"closed","ping_status":"closed","sticky":false,"template":"","format":"standard","meta":{"_acf_changed":false,"footnotes":""},"categories":[4],"tags":[4871,4872,4870],"class_list":["post-13887","post","type-post","status-publish","format-standard","has-post-thumbnail","hentry","category-risikomanagement","tag-chief-risk-officer","tag-generali-schweiz","tag-philipp-keller"],"acf":[],"yoast_head":"<!-- This site is optimized with the Yoast SEO plugin v26.2 - https:\/\/yoast.com\/wordpress\/plugins\/seo\/ -->\n<title>Philipp Keller wird neuer Chief Risk Officer von Generali Schweiz - MQ Management und Qualit\u00e4t<\/title>\n<meta name=\"description\" content=\"Philipp Keller \u00fcbernimmt als neuer Chief Risk Officer von Generali Schweiz per 1. Mai 2021 die Abteilung Risk Management und wird Mitglied der Gesch\u00e4ftsleitung.\" \/>\n<meta name=\"robots\" content=\"index, follow, max-snippet:-1, max-image-preview:large, max-video-preview:-1\" \/>\n<link rel=\"canonical\" href=\"https:\/\/www.m-q.ch\/en\/philipp-keller-appointed-new-chief-risk-officer-of-generali-switzerland\/\" \/>\n<meta property=\"og:locale\" content=\"en_US\" \/>\n<meta property=\"og:type\" content=\"article\" \/>\n<meta property=\"og:title\" content=\"Philipp Keller wird neuer Chief Risk Officer von Generali Schweiz - MQ Management und Qualit\u00e4t\" \/>\n<meta property=\"og:description\" content=\"Philipp Keller \u00fcbernimmt als neuer Chief Risk Officer von Generali Schweiz per 1. Mai 2021 die Abteilung Risk Management und wird Mitglied der Gesch\u00e4ftsleitung.\" \/>\n<meta property=\"og:url\" content=\"https:\/\/www.m-q.ch\/en\/philipp-keller-appointed-new-chief-risk-officer-of-generali-switzerland\/\" \/>\n<meta property=\"og:site_name\" content=\"MQ Management und Qualit\u00e4t\" \/>\n<meta property=\"article:publisher\" content=\"https:\/\/www.facebook.com\/ManagementUndQualitaet\" \/>\n<meta property=\"article:published_time\" content=\"2021-03-24T08:00:50+00:00\" \/>\n<meta property=\"article:modified_time\" content=\"2021-03-29T06:59:40+00:00\" \/>\n<meta property=\"og:image\" content=\"https:\/\/www.m-q.ch\/wp-content\/uploads\/2021\/03\/philipp-keller_def-scaled.jpg\" \/>\n\t<meta property=\"og:image:width\" content=\"2560\" \/>\n\t<meta property=\"og:image:height\" content=\"1944\" \/>\n\t<meta property=\"og:image:type\" content=\"image\/jpeg\" \/>\n<meta name=\"author\" content=\"Roger Str\u00e4ssle\" \/>\n<meta name=\"twitter:card\" content=\"summary_large_image\" \/>\n<meta name=\"twitter:label1\" content=\"Written by\" \/>\n\t<meta name=\"twitter:data1\" content=\"Roger Str\u00e4ssle\" \/>\n\t<meta name=\"twitter:label2\" content=\"Est. reading time\" \/>\n\t<meta name=\"twitter:data2\" content=\"1 minute\" \/>\n<script type=\"application\/ld+json\" class=\"yoast-schema-graph\">{\"@context\":\"https:\/\/schema.org\",\"@graph\":[{\"@type\":\"Article\",\"@id\":\"https:\/\/www.m-q.ch\/philipp-keller-wird-neuer-chief-risk-officer-von-generali-schweiz\/#article\",\"isPartOf\":{\"@id\":\"https:\/\/www.m-q.ch\/philipp-keller-wird-neuer-chief-risk-officer-von-generali-schweiz\/\"},\"author\":{\"name\":\"Roger Str\u00e4ssle\",\"@id\":\"https:\/\/www.m-q.ch\/fr\/#\/schema\/person\/47d540e081acd98ccbeb69b55df653d7\"},\"headline\":\"Philipp Keller wird neuer Chief Risk Officer von Generali Schweiz\",\"datePublished\":\"2021-03-24T08:00:50+00:00\",\"dateModified\":\"2021-03-29T06:59:40+00:00\",\"mainEntityOfPage\":{\"@id\":\"https:\/\/www.m-q.ch\/philipp-keller-wird-neuer-chief-risk-officer-von-generali-schweiz\/\"},\"wordCount\":284,\"publisher\":{\"@id\":\"https:\/\/www.m-q.ch\/fr\/#organization\"},\"image\":{\"@id\":\"https:\/\/www.m-q.ch\/philipp-keller-wird-neuer-chief-risk-officer-von-generali-schweiz\/#primaryimage\"},\"thumbnailUrl\":\"https:\/\/www.m-q.ch\/wp-content\/uploads\/2021\/03\/philipp-keller_def-scaled.jpg\",\"keywords\":[\"Chief Risk Officer\",\"Generali Schweiz\",\"Philipp Keller\"],\"articleSection\":[\"Risikomanagement\"],\"inLanguage\":\"en-US\"},{\"@type\":\"WebPage\",\"@id\":\"https:\/\/www.m-q.ch\/philipp-keller-wird-neuer-chief-risk-officer-von-generali-schweiz\/\",\"url\":\"https:\/\/www.m-q.ch\/philipp-keller-wird-neuer-chief-risk-officer-von-generali-schweiz\/\",\"name\":\"Philipp Keller wird neuer Chief Risk Officer von Generali Schweiz - MQ Management und Qualit\u00e4t\",\"isPartOf\":{\"@id\":\"https:\/\/www.m-q.ch\/fr\/#website\"},\"primaryImageOfPage\":{\"@id\":\"https:\/\/www.m-q.ch\/philipp-keller-wird-neuer-chief-risk-officer-von-generali-schweiz\/#primaryimage\"},\"image\":{\"@id\":\"https:\/\/www.m-q.ch\/philipp-keller-wird-neuer-chief-risk-officer-von-generali-schweiz\/#primaryimage\"},\"thumbnailUrl\":\"https:\/\/www.m-q.ch\/wp-content\/uploads\/2021\/03\/philipp-keller_def-scaled.jpg\",\"datePublished\":\"2021-03-24T08:00:50+00:00\",\"dateModified\":\"2021-03-29T06:59:40+00:00\",\"description\":\"Philipp Keller \u00fcbernimmt als neuer Chief Risk Officer von Generali Schweiz per 1. Mai 2021 die Abteilung Risk Management und wird Mitglied der Gesch\u00e4ftsleitung.\",\"breadcrumb\":{\"@id\":\"https:\/\/www.m-q.ch\/philipp-keller-wird-neuer-chief-risk-officer-von-generali-schweiz\/#breadcrumb\"},\"inLanguage\":\"en-US\",\"potentialAction\":[{\"@type\":\"ReadAction\",\"target\":[\"https:\/\/www.m-q.ch\/philipp-keller-wird-neuer-chief-risk-officer-von-generali-schweiz\/\"]}]},{\"@type\":\"ImageObject\",\"inLanguage\":\"en-US\",\"@id\":\"https:\/\/www.m-q.ch\/philipp-keller-wird-neuer-chief-risk-officer-von-generali-schweiz\/#primaryimage\",\"url\":\"https:\/\/www.m-q.ch\/wp-content\/uploads\/2021\/03\/philipp-keller_def-scaled.jpg\",\"contentUrl\":\"https:\/\/www.m-q.ch\/wp-content\/uploads\/2021\/03\/philipp-keller_def-scaled.jpg\",\"width\":2560,\"height\":1944,\"caption\":\"Philipp Keller, neuer Chief Risk Officer von Generali Schweiz. \u00a9 PD\"},{\"@type\":\"BreadcrumbList\",\"@id\":\"https:\/\/www.m-q.ch\/philipp-keller-wird-neuer-chief-risk-officer-von-generali-schweiz\/#breadcrumb\",\"itemListElement\":[{\"@type\":\"ListItem\",\"position\":1,\"name\":\"Risikomanagement\",\"item\":\"https:\/\/www.m-q.ch\/kategorie\/risikomanagement\/\"},{\"@type\":\"ListItem\",\"position\":2,\"name\":\"Philipp Keller wird neuer Chief Risk Officer von Generali Schweiz\"}]},{\"@type\":\"WebSite\",\"@id\":\"https:\/\/www.m-q.ch\/fr\/#website\",\"url\":\"https:\/\/www.m-q.ch\/fr\/\",\"name\":\"MQ Management und Qualit\u00e4t\",\"description\":\"Plattform f\u00fcr integrierte Managementsysteme.\",\"publisher\":{\"@id\":\"https:\/\/www.m-q.ch\/fr\/#organization\"},\"potentialAction\":[{\"@type\":\"SearchAction\",\"target\":{\"@type\":\"EntryPoint\",\"urlTemplate\":\"https:\/\/www.m-q.ch\/fr\/?s={search_term_string}\"},\"query-input\":{\"@type\":\"PropertyValueSpecification\",\"valueRequired\":true,\"valueName\":\"search_term_string\"}}],\"inLanguage\":\"en-US\"},{\"@type\":\"Organization\",\"@id\":\"https:\/\/www.m-q.ch\/fr\/#organization\",\"name\":\"Galledia Fachmedien AG\",\"url\":\"https:\/\/www.m-q.ch\/fr\/\",\"logo\":{\"@type\":\"ImageObject\",\"inLanguage\":\"en-US\",\"@id\":\"https:\/\/www.m-q.ch\/fr\/#\/schema\/logo\/image\/\",\"url\":\"https:\/\/www.m-q.ch\/wp-content\/uploads\/2020\/12\/cropped-logo_small.png\",\"contentUrl\":\"https:\/\/www.m-q.ch\/wp-content\/uploads\/2020\/12\/cropped-logo_small.png\",\"width\":512,\"height\":512,\"caption\":\"Galledia Fachmedien AG\"},\"image\":{\"@id\":\"https:\/\/www.m-q.ch\/fr\/#\/schema\/logo\/image\/\"},\"sameAs\":[\"https:\/\/www.facebook.com\/ManagementUndQualitaet\",\"https:\/\/www.linkedin.com\/showcase\/17982321\/admin\/\"]},{\"@type\":\"Person\",\"@id\":\"https:\/\/www.m-q.ch\/fr\/#\/schema\/person\/47d540e081acd98ccbeb69b55df653d7\",\"name\":\"Roger Str\u00e4ssle\",\"image\":{\"@type\":\"ImageObject\",\"inLanguage\":\"en-US\",\"@id\":\"https:\/\/www.m-q.ch\/fr\/#\/schema\/person\/image\/\",\"url\":\"https:\/\/secure.gravatar.com\/avatar\/e4dde3046d8a184d2e2d27651a418883?s=96&d=mm&r=g\",\"contentUrl\":\"https:\/\/secure.gravatar.com\/avatar\/e4dde3046d8a184d2e2d27651a418883?s=96&d=mm&r=g\",\"caption\":\"Roger Str\u00e4ssle\"},\"url\":\"https:\/\/www.m-q.ch\/en\/author\/roger-straessle\/\"}]}<\/script>\n<!-- \/ Yoast SEO plugin. -->","yoast_head_json":{"title":"Philipp Keller appointed new Chief Risk Officer of Generali Switzerland - MQ Management und Qualit\u00e4t","description":"Philipp Keller will take over the Risk Management department as the new Chief Risk Officer of Generali Switzerland on 1 May 2021 and become a member of the Executive Board.","robots":{"index":"index","follow":"follow","max-snippet":"max-snippet:-1","max-image-preview":"max-image-preview:large","max-video-preview":"max-video-preview:-1"},"canonical":"https:\/\/www.m-q.ch\/en\/philipp-keller-appointed-new-chief-risk-officer-of-generali-switzerland\/","og_locale":"en_US","og_type":"article","og_title":"Philipp Keller wird neuer Chief Risk Officer von Generali Schweiz - MQ Management und Qualit\u00e4t","og_description":"Philipp Keller \u00fcbernimmt als neuer Chief Risk Officer von Generali Schweiz per 1. Mai 2021 die Abteilung Risk Management und wird Mitglied der Gesch\u00e4ftsleitung.","og_url":"https:\/\/www.m-q.ch\/en\/philipp-keller-appointed-new-chief-risk-officer-of-generali-switzerland\/","og_site_name":"MQ Management und Qualit\u00e4t","article_publisher":"https:\/\/www.facebook.com\/ManagementUndQualitaet","article_published_time":"2021-03-24T08:00:50+00:00","article_modified_time":"2021-03-29T06:59:40+00:00","og_image":[{"width":2560,"height":1944,"url":"https:\/\/www.m-q.ch\/wp-content\/uploads\/2021\/03\/philipp-keller_def-scaled.jpg","type":"image\/jpeg"}],"author":"Roger Str\u00e4ssle","twitter_card":"summary_large_image","twitter_misc":{"Written by":"Roger Str\u00e4ssle","Est. reading time":"1 minute"},"schema":{"@context":"https:\/\/schema.org","@graph":[{"@type":"Article","@id":"https:\/\/www.m-q.ch\/philipp-keller-wird-neuer-chief-risk-officer-von-generali-schweiz\/#article","isPartOf":{"@id":"https:\/\/www.m-q.ch\/philipp-keller-wird-neuer-chief-risk-officer-von-generali-schweiz\/"},"author":{"name":"Roger Str\u00e4ssle","@id":"https:\/\/www.m-q.ch\/fr\/#\/schema\/person\/47d540e081acd98ccbeb69b55df653d7"},"headline":"Philipp Keller wird neuer Chief Risk Officer von Generali Schweiz","datePublished":"2021-03-24T08:00:50+00:00","dateModified":"2021-03-29T06:59:40+00:00","mainEntityOfPage":{"@id":"https:\/\/www.m-q.ch\/philipp-keller-wird-neuer-chief-risk-officer-von-generali-schweiz\/"},"wordCount":284,"publisher":{"@id":"https:\/\/www.m-q.ch\/fr\/#organization"},"image":{"@id":"https:\/\/www.m-q.ch\/philipp-keller-wird-neuer-chief-risk-officer-von-generali-schweiz\/#primaryimage"},"thumbnailUrl":"https:\/\/www.m-q.ch\/wp-content\/uploads\/2021\/03\/philipp-keller_def-scaled.jpg","keywords":["Chief Risk Officer","Generali Schweiz","Philipp Keller"],"articleSection":["Risikomanagement"],"inLanguage":"en-US"},{"@type":"WebPage","@id":"https:\/\/www.m-q.ch\/philipp-keller-wird-neuer-chief-risk-officer-von-generali-schweiz\/","url":"https:\/\/www.m-q.ch\/philipp-keller-wird-neuer-chief-risk-officer-von-generali-schweiz\/","name":"Philipp Keller appointed new Chief Risk Officer of Generali Switzerland - MQ Management und Qualit\u00e4t","isPartOf":{"@id":"https:\/\/www.m-q.ch\/fr\/#website"},"primaryImageOfPage":{"@id":"https:\/\/www.m-q.ch\/philipp-keller-wird-neuer-chief-risk-officer-von-generali-schweiz\/#primaryimage"},"image":{"@id":"https:\/\/www.m-q.ch\/philipp-keller-wird-neuer-chief-risk-officer-von-generali-schweiz\/#primaryimage"},"thumbnailUrl":"https:\/\/www.m-q.ch\/wp-content\/uploads\/2021\/03\/philipp-keller_def-scaled.jpg","datePublished":"2021-03-24T08:00:50+00:00","dateModified":"2021-03-29T06:59:40+00:00","description":"Philipp Keller will take over the Risk Management department as the new Chief Risk Officer of Generali Switzerland on 1 May 2021 and become a member of the Executive Board.","breadcrumb":{"@id":"https:\/\/www.m-q.ch\/philipp-keller-wird-neuer-chief-risk-officer-von-generali-schweiz\/#breadcrumb"},"inLanguage":"en-US","potentialAction":[{"@type":"ReadAction","target":["https:\/\/www.m-q.ch\/philipp-keller-wird-neuer-chief-risk-officer-von-generali-schweiz\/"]}]},{"@type":"ImageObject","inLanguage":"en-US","@id":"https:\/\/www.m-q.ch\/philipp-keller-wird-neuer-chief-risk-officer-von-generali-schweiz\/#primaryimage","url":"https:\/\/www.m-q.ch\/wp-content\/uploads\/2021\/03\/philipp-keller_def-scaled.jpg","contentUrl":"https:\/\/www.m-q.ch\/wp-content\/uploads\/2021\/03\/philipp-keller_def-scaled.jpg","width":2560,"height":1944,"caption":"Philipp Keller, neuer Chief Risk Officer von Generali Schweiz. \u00a9 PD"},{"@type":"BreadcrumbList","@id":"https:\/\/www.m-q.ch\/philipp-keller-wird-neuer-chief-risk-officer-von-generali-schweiz\/#breadcrumb","itemListElement":[{"@type":"ListItem","position":1,"name":"Risikomanagement","item":"https:\/\/www.m-q.ch\/kategorie\/risikomanagement\/"},{"@type":"ListItem","position":2,"name":"Philipp Keller wird neuer Chief Risk Officer von Generali Schweiz"}]},{"@type":"WebSite","@id":"https:\/\/www.m-q.ch\/fr\/#website","url":"https:\/\/www.m-q.ch\/fr\/","name":"MQ Management and Quality","description":"Platform for integrated management systems.","publisher":{"@id":"https:\/\/www.m-q.ch\/fr\/#organization"},"potentialAction":[{"@type":"SearchAction","target":{"@type":"EntryPoint","urlTemplate":"https:\/\/www.m-q.ch\/fr\/?s={search_term_string}"},"query-input":{"@type":"PropertyValueSpecification","valueRequired":true,"valueName":"search_term_string"}}],"inLanguage":"en-US"},{"@type":"Organization","@id":"https:\/\/www.m-q.ch\/fr\/#organization","name":"Galledia Trade Media AG","url":"https:\/\/www.m-q.ch\/fr\/","logo":{"@type":"ImageObject","inLanguage":"en-US","@id":"https:\/\/www.m-q.ch\/fr\/#\/schema\/logo\/image\/","url":"https:\/\/www.m-q.ch\/wp-content\/uploads\/2020\/12\/cropped-logo_small.png","contentUrl":"https:\/\/www.m-q.ch\/wp-content\/uploads\/2020\/12\/cropped-logo_small.png","width":512,"height":512,"caption":"Galledia Fachmedien AG"},"image":{"@id":"https:\/\/www.m-q.ch\/fr\/#\/schema\/logo\/image\/"},"sameAs":["https:\/\/www.facebook.com\/ManagementUndQualitaet","https:\/\/www.linkedin.com\/showcase\/17982321\/admin\/"]},{"@type":"Person","@id":"https:\/\/www.m-q.ch\/fr\/#\/schema\/person\/47d540e081acd98ccbeb69b55df653d7","name":"Roger Str\u00e4ssle","image":{"@type":"ImageObject","inLanguage":"en-US","@id":"https:\/\/www.m-q.ch\/fr\/#\/schema\/person\/image\/","url":"https:\/\/secure.gravatar.com\/avatar\/e4dde3046d8a184d2e2d27651a418883?s=96&d=mm&r=g","contentUrl":"https:\/\/secure.gravatar.com\/avatar\/e4dde3046d8a184d2e2d27651a418883?s=96&d=mm&r=g","caption":"Roger Str\u00e4ssle"},"url":"https:\/\/www.m-q.ch\/en\/author\/roger-straessle\/"}]}},"_links":{"self":[{"href":"https:\/\/www.m-q.ch\/en\/wp-json\/wp\/v2\/posts\/13887","targetHints":{"allow":["GET"]}}],"collection":[{"href":"https:\/\/www.m-q.ch\/en\/wp-json\/wp\/v2\/posts"}],"about":[{"href":"https:\/\/www.m-q.ch\/en\/wp-json\/wp\/v2\/types\/post"}],"author":[{"embeddable":true,"href":"https:\/\/www.m-q.ch\/en\/wp-json\/wp\/v2\/users\/35"}],"replies":[{"embeddable":true,"href":"https:\/\/www.m-q.ch\/en\/wp-json\/wp\/v2\/comments?post=13887"}],"version-history":[{"count":1,"href":"https:\/\/www.m-q.ch\/en\/wp-json\/wp\/v2\/posts\/13887\/revisions"}],"predecessor-version":[{"id":13889,"href":"https:\/\/www.m-q.ch\/en\/wp-json\/wp\/v2\/posts\/13887\/revisions\/13889"}],"wp:featuredmedia":[{"embeddable":true,"href":"https:\/\/www.m-q.ch\/en\/wp-json\/wp\/v2\/media\/13888"}],"wp:attachment":[{"href":"https:\/\/www.m-q.ch\/en\/wp-json\/wp\/v2\/media?parent=13887"}],"wp:term":[{"taxonomy":"category","embeddable":true,"href":"https:\/\/www.m-q.ch\/en\/wp-json\/wp\/v2\/categories?post=13887"},{"taxonomy":"post_tag","embeddable":true,"href":"https:\/\/www.m-q.ch\/en\/wp-json\/wp\/v2\/tags?post=13887"}],"curies":[{"name":"wp","href":"https:\/\/api.w.org\/{rel}","templated":true}]}}