{"id":1391,"date":"2017-04-27T13:43:57","date_gmt":"2017-04-27T11:43:57","guid":{"rendered":"https:\/\/www.m-q.ch\/?p=1391"},"modified":"2017-04-27T13:45:46","modified_gmt":"2017-04-27T11:45:46","slug":"apply-now-for-the-step-award-2017","status":"publish","type":"post","link":"https:\/\/www.m-q.ch\/en\/jetzt-fuer-den-step-award-2017-bewerben\/","title":{"rendered":"Apply now for the STEP Award 2017"},"content":{"rendered":"<figure id=\"attachment_1392\" aria-describedby=\"caption-attachment-1392\" style=\"width: 680px\" class=\"wp-caption alignnone\"><img loading=\"lazy\" decoding=\"async\" class=\"size-medium wp-image-1392\" src=\"https:\/\/www.m-q.ch\/wp-content\/uploads\/2017\/04\/STEP-Award-2017_mq-management-u-qualitaet-680x472.jpg\" alt=\"\" width=\"680\" height=\"472\" srcset=\"https:\/\/www.m-q.ch\/wp-content\/uploads\/2017\/04\/STEP-Award-2017_mq-management-u-qualitaet-680x472.jpg 680w, https:\/\/www.m-q.ch\/wp-content\/uploads\/2017\/04\/STEP-Award-2017_mq-management-u-qualitaet-768x533.jpg 768w, https:\/\/www.m-q.ch\/wp-content\/uploads\/2017\/04\/STEP-Award-2017_mq-management-u-qualitaet-16x12.jpg 16w, https:\/\/www.m-q.ch\/wp-content\/uploads\/2017\/04\/STEP-Award-2017_mq-management-u-qualitaet-252x175.jpg 252w, https:\/\/www.m-q.ch\/wp-content\/uploads\/2017\/04\/STEP-Award-2017_mq-management-u-qualitaet-504x350.jpg 504w, https:\/\/www.m-q.ch\/wp-content\/uploads\/2017\/04\/STEP-Award-2017_mq-management-u-qualitaet-1152x800.jpg 1152w, https:\/\/www.m-q.ch\/wp-content\/uploads\/2017\/04\/STEP-Award-2017_mq-management-u-qualitaet-920x639.jpg 920w, https:\/\/www.m-q.ch\/wp-content\/uploads\/2017\/04\/STEP-Award-2017_mq-management-u-qualitaet-300x208.jpg 300w, https:\/\/www.m-q.ch\/wp-content\/uploads\/2017\/04\/STEP-Award-2017_mq-management-u-qualitaet-1024x711.jpg 1024w, https:\/\/www.m-q.ch\/wp-content\/uploads\/2017\/04\/STEP-Award-2017_mq-management-u-qualitaet-624x433.jpg 624w, https:\/\/www.m-q.ch\/wp-content\/uploads\/2017\/04\/STEP-Award-2017_mq-management-u-qualitaet.jpg 1359w\" sizes=\"auto, (max-width: 680px) 100vw, 680px\" \/><figcaption id=\"caption-attachment-1392\" class=\"wp-caption-text\">The winners of the STEP Award of 2016 (\u00a9 Dirk Beichert BusinessPhoto for FBM)<\/figcaption><\/figure>\n<p>The STEP Award will be presented for the twelfth time this year. \"Thanks to a comprehensive relaunch in 2016 and the associated expansion of the Science sector to include technology and ICT, we have been able to attract further exciting and forward-looking companies for the STEP Award. We would like to continue this in 2017\", says Simon Hentschel, Head of Start-up and Growth Projects at Frankfurt Business Media - F.A.Z.-Fachverlag, the initiator of the \"STEP Award\".<\/p>\n<p><strong>Aim of the STEP Award<\/strong><\/p>\n<p>As last year's award event showed, following the realignment not only good business ideas but pioneering trailblazers in their industry could be awarded. In 2017, the winners will again be chosen at a festive gala at the end of the year. The aim of the \"STEP Awards\" is to give young companies that have been in existence for at least one year and have already generated their first sales important impetus for their successful further development.<\/p>\n<p>Small and medium-sized companies that are particularly active in the B2B business and are geared towards growth can apply. The \"STEP Award\" is intended to contribute to taking the next decisive 'STEP' to long-term success.<\/p>\n<p><strong>Focus on \"Human Resources<\/strong><\/p>\n<p>In 2017, the focus is on the topic of \"Human Resources\". All award winners benefit from the broad media impact and reach of the F.A.Z. Group and the participating media partners.<\/p>\n<p><em>Further information and application forms:<\/em><\/p>\n<p><em>FRANKFURT BUSINESS MEDIA GmbH - The F.A.Z. publishing house<\/em><\/p>\n<p><em>Ulrike Mayr, Nicole Neusitzer<\/em><\/p>\n<p><em>Telephone: (069)75 91-32 31<\/em><\/p>\n<p><em>Email: info@step-award.de<\/em><\/p>\n<p><a href=\"http:\/\/www.step-award.de\">www.step-award.de<\/a><\/p>","protected":false},"excerpt":{"rendered":"<p>Der \u201eSTEP Award\u201c wird heuer zum zw\u00f6lften Mal ausgelobt. \u201eDurch einen umfassenden Relaunch 2016 und der damit verbundenen Erweiterung der Branche Science um Technologie und IKT haben wir weitere spannende und zukunftsweisende Unternehmen f\u00fcr den STEP Award gewinnen k\u00f6nnen. Daran m\u00f6chten wir auch 2017 ankn\u00fcpfen\u201c, so Simon Hentschel, Leiter Gr\u00fcndungs- und Wachstumsprojekte bei Frankfurt Business [&hellip;]<\/p>\n","protected":false},"author":35,"featured_media":1392,"comment_status":"open","ping_status":"open","sticky":false,"template":"","format":"standard","meta":{"_acf_changed":false,"footnotes":""},"categories":[1],"tags":[],"class_list":["post-1391","post","type-post","status-publish","format-standard","has-post-thumbnail","hentry","category-unkategorisiert"],"acf":[],"yoast_head":"<!-- This site is optimized with the Yoast SEO plugin v26.2 - https:\/\/yoast.com\/wordpress\/plugins\/seo\/ -->\n<title>Jetzt f\u00fcr den STEP Award 2017 bewerben - MQ Management und Qualit\u00e4t<\/title>\n<meta name=\"description\" content=\"Die Bewerbungsphase des \u201eSTEP Awards\u201c ist er\u00f6ffnet. Der Wettbewerb richtet sich an innovative Science-, Technologie- und IKT-Unternehmen.\" \/>\n<meta name=\"robots\" content=\"index, follow, max-snippet:-1, max-image-preview:large, max-video-preview:-1\" \/>\n<link rel=\"canonical\" href=\"https:\/\/www.organisator.ch\/bewerbungsstart-des-step-awards-2017\/\" \/>\n<meta property=\"og:locale\" content=\"en_US\" \/>\n<meta property=\"og:type\" content=\"article\" \/>\n<meta property=\"og:title\" content=\"Jetzt f\u00fcr den STEP Award 2017 bewerben - MQ Management und Qualit\u00e4t\" \/>\n<meta property=\"og:description\" content=\"Die Bewerbungsphase des \u201eSTEP Awards\u201c ist er\u00f6ffnet. Der Wettbewerb richtet sich an innovative Science-, Technologie- und IKT-Unternehmen.\" \/>\n<meta property=\"og:url\" content=\"https:\/\/www.organisator.ch\/bewerbungsstart-des-step-awards-2017\/\" \/>\n<meta property=\"og:site_name\" content=\"MQ Management und Qualit\u00e4t\" \/>\n<meta property=\"article:publisher\" content=\"https:\/\/www.facebook.com\/ManagementUndQualitaet\" \/>\n<meta property=\"article:published_time\" content=\"2017-04-27T11:43:57+00:00\" \/>\n<meta property=\"article:modified_time\" content=\"2017-04-27T11:45:46+00:00\" \/>\n<meta property=\"og:image\" content=\"https:\/\/www.m-q.ch\/wp-content\/uploads\/2017\/04\/STEP-Award-2017_mq-management-u-qualitaet.jpg\" \/>\n\t<meta property=\"og:image:width\" content=\"1359\" \/>\n\t<meta property=\"og:image:height\" content=\"944\" \/>\n\t<meta property=\"og:image:type\" content=\"image\/jpeg\" \/>\n<meta name=\"author\" content=\"Roger Str\u00e4ssle\" \/>\n<meta name=\"twitter:card\" content=\"summary_large_image\" \/>\n<meta name=\"twitter:label1\" content=\"Written by\" \/>\n\t<meta name=\"twitter:data1\" content=\"Roger Str\u00e4ssle\" \/>\n\t<meta name=\"twitter:label2\" content=\"Est. reading time\" \/>\n\t<meta name=\"twitter:data2\" content=\"1 minute\" \/>\n<script type=\"application\/ld+json\" class=\"yoast-schema-graph\">{\"@context\":\"https:\/\/schema.org\",\"@graph\":[{\"@type\":\"Article\",\"@id\":\"https:\/\/www.organisator.ch\/bewerbungsstart-des-step-awards-2017\/#article\",\"isPartOf\":{\"@id\":\"https:\/\/www.m-q.ch\/it\/apply-now-for-the-step-award-2017\/\"},\"author\":{\"name\":\"Roger Str\u00e4ssle\",\"@id\":\"https:\/\/www.m-q.ch\/fr\/#\/schema\/person\/47d540e081acd98ccbeb69b55df653d7\"},\"headline\":\"Jetzt f\u00fcr den STEP Award 2017 bewerben\",\"datePublished\":\"2017-04-27T11:43:57+00:00\",\"dateModified\":\"2017-04-27T11:45:46+00:00\",\"mainEntityOfPage\":{\"@id\":\"https:\/\/www.m-q.ch\/it\/apply-now-for-the-step-award-2017\/\"},\"wordCount\":260,\"commentCount\":0,\"publisher\":{\"@id\":\"https:\/\/www.m-q.ch\/fr\/#organization\"},\"image\":{\"@id\":\"https:\/\/www.organisator.ch\/bewerbungsstart-des-step-awards-2017\/#primaryimage\"},\"thumbnailUrl\":\"https:\/\/www.m-q.ch\/wp-content\/uploads\/2017\/04\/STEP-Award-2017_mq-management-u-qualitaet.jpg\",\"articleSection\":[\"Unkategorisiert\"],\"inLanguage\":\"en-US\"},{\"@type\":\"WebPage\",\"@id\":\"https:\/\/www.m-q.ch\/it\/apply-now-for-the-step-award-2017\/\",\"url\":\"https:\/\/www.organisator.ch\/bewerbungsstart-des-step-awards-2017\/\",\"name\":\"Jetzt f\u00fcr den STEP Award 2017 bewerben - MQ Management und Qualit\u00e4t\",\"isPartOf\":{\"@id\":\"https:\/\/www.m-q.ch\/fr\/#website\"},\"primaryImageOfPage\":{\"@id\":\"https:\/\/www.organisator.ch\/bewerbungsstart-des-step-awards-2017\/#primaryimage\"},\"image\":{\"@id\":\"https:\/\/www.organisator.ch\/bewerbungsstart-des-step-awards-2017\/#primaryimage\"},\"thumbnailUrl\":\"https:\/\/www.m-q.ch\/wp-content\/uploads\/2017\/04\/STEP-Award-2017_mq-management-u-qualitaet.jpg\",\"datePublished\":\"2017-04-27T11:43:57+00:00\",\"dateModified\":\"2017-04-27T11:45:46+00:00\",\"description\":\"Die Bewerbungsphase des \u201eSTEP Awards\u201c ist er\u00f6ffnet. Der Wettbewerb richtet sich an innovative Science-, Technologie- und IKT-Unternehmen.\",\"breadcrumb\":{\"@id\":\"https:\/\/www.organisator.ch\/bewerbungsstart-des-step-awards-2017\/#breadcrumb\"},\"inLanguage\":\"en-US\",\"potentialAction\":[{\"@type\":\"ReadAction\",\"target\":[\"https:\/\/www.organisator.ch\/bewerbungsstart-des-step-awards-2017\/\"]}]},{\"@type\":\"ImageObject\",\"inLanguage\":\"en-US\",\"@id\":\"https:\/\/www.organisator.ch\/bewerbungsstart-des-step-awards-2017\/#primaryimage\",\"url\":\"https:\/\/www.m-q.ch\/wp-content\/uploads\/2017\/04\/STEP-Award-2017_mq-management-u-qualitaet.jpg\",\"contentUrl\":\"https:\/\/www.m-q.ch\/wp-content\/uploads\/2017\/04\/STEP-Award-2017_mq-management-u-qualitaet.jpg\",\"width\":1359,\"height\":944,\"caption\":\"Die Gewinner des STEP Award von 2016. (\u00a9 Dirk Beichert BusinessPhoto f\u00fcr FBM)\"},{\"@type\":\"BreadcrumbList\",\"@id\":\"https:\/\/www.organisator.ch\/bewerbungsstart-des-step-awards-2017\/#breadcrumb\",\"itemListElement\":[{\"@type\":\"ListItem\",\"position\":1,\"name\":\"Unkategorisiert\",\"item\":\"https:\/\/www.m-q.ch\/it\/categoria\/senza-categoria\/\"},{\"@type\":\"ListItem\",\"position\":2,\"name\":\"Jetzt f\u00fcr den STEP Award 2017 bewerben\"}]},{\"@type\":\"WebSite\",\"@id\":\"https:\/\/www.m-q.ch\/fr\/#website\",\"url\":\"https:\/\/www.m-q.ch\/fr\/\",\"name\":\"MQ Management und Qualit\u00e4t\",\"description\":\"Plattform f\u00fcr integrierte Managementsysteme.\",\"publisher\":{\"@id\":\"https:\/\/www.m-q.ch\/fr\/#organization\"},\"potentialAction\":[{\"@type\":\"SearchAction\",\"target\":{\"@type\":\"EntryPoint\",\"urlTemplate\":\"https:\/\/www.m-q.ch\/fr\/?s={search_term_string}\"},\"query-input\":{\"@type\":\"PropertyValueSpecification\",\"valueRequired\":true,\"valueName\":\"search_term_string\"}}],\"inLanguage\":\"en-US\"},{\"@type\":\"Organization\",\"@id\":\"https:\/\/www.m-q.ch\/fr\/#organization\",\"name\":\"Galledia Fachmedien AG\",\"url\":\"https:\/\/www.m-q.ch\/fr\/\",\"logo\":{\"@type\":\"ImageObject\",\"inLanguage\":\"en-US\",\"@id\":\"https:\/\/www.m-q.ch\/fr\/#\/schema\/logo\/image\/\",\"url\":\"https:\/\/www.m-q.ch\/wp-content\/uploads\/2020\/12\/cropped-logo_small.png\",\"contentUrl\":\"https:\/\/www.m-q.ch\/wp-content\/uploads\/2020\/12\/cropped-logo_small.png\",\"width\":512,\"height\":512,\"caption\":\"Galledia Fachmedien AG\"},\"image\":{\"@id\":\"https:\/\/www.m-q.ch\/fr\/#\/schema\/logo\/image\/\"},\"sameAs\":[\"https:\/\/www.facebook.com\/ManagementUndQualitaet\",\"https:\/\/www.linkedin.com\/showcase\/17982321\/admin\/\"]},{\"@type\":\"Person\",\"@id\":\"https:\/\/www.m-q.ch\/fr\/#\/schema\/person\/47d540e081acd98ccbeb69b55df653d7\",\"name\":\"Roger Str\u00e4ssle\",\"image\":{\"@type\":\"ImageObject\",\"inLanguage\":\"en-US\",\"@id\":\"https:\/\/www.m-q.ch\/fr\/#\/schema\/person\/image\/\",\"url\":\"https:\/\/secure.gravatar.com\/avatar\/e4dde3046d8a184d2e2d27651a418883?s=96&d=mm&r=g\",\"contentUrl\":\"https:\/\/secure.gravatar.com\/avatar\/e4dde3046d8a184d2e2d27651a418883?s=96&d=mm&r=g\",\"caption\":\"Roger Str\u00e4ssle\"},\"url\":\"https:\/\/www.m-q.ch\/en\/author\/roger-straessle\/\"}]}<\/script>\n<!-- \/ Yoast SEO plugin. -->","yoast_head_json":{"title":"Apply now for the STEP Award 2017 - MQ Management und Qualit\u00e4t","description":"The application phase of the \"STEP Award\" is open. The competition is aimed at innovative science, technology and ICT companies.","robots":{"index":"index","follow":"follow","max-snippet":"max-snippet:-1","max-image-preview":"max-image-preview:large","max-video-preview":"max-video-preview:-1"},"canonical":"https:\/\/www.organisator.ch\/bewerbungsstart-des-step-awards-2017\/","og_locale":"en_US","og_type":"article","og_title":"Jetzt f\u00fcr den STEP Award 2017 bewerben - MQ Management und Qualit\u00e4t","og_description":"Die Bewerbungsphase des \u201eSTEP Awards\u201c ist er\u00f6ffnet. Der Wettbewerb richtet sich an innovative Science-, Technologie- und IKT-Unternehmen.","og_url":"https:\/\/www.organisator.ch\/bewerbungsstart-des-step-awards-2017\/","og_site_name":"MQ Management und Qualit\u00e4t","article_publisher":"https:\/\/www.facebook.com\/ManagementUndQualitaet","article_published_time":"2017-04-27T11:43:57+00:00","article_modified_time":"2017-04-27T11:45:46+00:00","og_image":[{"width":1359,"height":944,"url":"https:\/\/www.m-q.ch\/wp-content\/uploads\/2017\/04\/STEP-Award-2017_mq-management-u-qualitaet.jpg","type":"image\/jpeg"}],"author":"Roger Str\u00e4ssle","twitter_card":"summary_large_image","twitter_misc":{"Written by":"Roger Str\u00e4ssle","Est. reading time":"1 minute"},"schema":{"@context":"https:\/\/schema.org","@graph":[{"@type":"Article","@id":"https:\/\/www.organisator.ch\/bewerbungsstart-des-step-awards-2017\/#article","isPartOf":{"@id":"https:\/\/www.m-q.ch\/it\/apply-now-for-the-step-award-2017\/"},"author":{"name":"Roger Str\u00e4ssle","@id":"https:\/\/www.m-q.ch\/fr\/#\/schema\/person\/47d540e081acd98ccbeb69b55df653d7"},"headline":"Jetzt f\u00fcr den STEP Award 2017 bewerben","datePublished":"2017-04-27T11:43:57+00:00","dateModified":"2017-04-27T11:45:46+00:00","mainEntityOfPage":{"@id":"https:\/\/www.m-q.ch\/it\/apply-now-for-the-step-award-2017\/"},"wordCount":260,"commentCount":0,"publisher":{"@id":"https:\/\/www.m-q.ch\/fr\/#organization"},"image":{"@id":"https:\/\/www.organisator.ch\/bewerbungsstart-des-step-awards-2017\/#primaryimage"},"thumbnailUrl":"https:\/\/www.m-q.ch\/wp-content\/uploads\/2017\/04\/STEP-Award-2017_mq-management-u-qualitaet.jpg","articleSection":["Unkategorisiert"],"inLanguage":"en-US"},{"@type":"WebPage","@id":"https:\/\/www.m-q.ch\/it\/apply-now-for-the-step-award-2017\/","url":"https:\/\/www.organisator.ch\/bewerbungsstart-des-step-awards-2017\/","name":"Apply now for the STEP Award 2017 - MQ Management und Qualit\u00e4t","isPartOf":{"@id":"https:\/\/www.m-q.ch\/fr\/#website"},"primaryImageOfPage":{"@id":"https:\/\/www.organisator.ch\/bewerbungsstart-des-step-awards-2017\/#primaryimage"},"image":{"@id":"https:\/\/www.organisator.ch\/bewerbungsstart-des-step-awards-2017\/#primaryimage"},"thumbnailUrl":"https:\/\/www.m-q.ch\/wp-content\/uploads\/2017\/04\/STEP-Award-2017_mq-management-u-qualitaet.jpg","datePublished":"2017-04-27T11:43:57+00:00","dateModified":"2017-04-27T11:45:46+00:00","description":"The application phase of the \"STEP Award\" is open. The competition is aimed at innovative science, technology and ICT companies.","breadcrumb":{"@id":"https:\/\/www.organisator.ch\/bewerbungsstart-des-step-awards-2017\/#breadcrumb"},"inLanguage":"en-US","potentialAction":[{"@type":"ReadAction","target":["https:\/\/www.organisator.ch\/bewerbungsstart-des-step-awards-2017\/"]}]},{"@type":"ImageObject","inLanguage":"en-US","@id":"https:\/\/www.organisator.ch\/bewerbungsstart-des-step-awards-2017\/#primaryimage","url":"https:\/\/www.m-q.ch\/wp-content\/uploads\/2017\/04\/STEP-Award-2017_mq-management-u-qualitaet.jpg","contentUrl":"https:\/\/www.m-q.ch\/wp-content\/uploads\/2017\/04\/STEP-Award-2017_mq-management-u-qualitaet.jpg","width":1359,"height":944,"caption":"Die Gewinner des STEP Award von 2016. (\u00a9 Dirk Beichert BusinessPhoto f\u00fcr FBM)"},{"@type":"BreadcrumbList","@id":"https:\/\/www.organisator.ch\/bewerbungsstart-des-step-awards-2017\/#breadcrumb","itemListElement":[{"@type":"ListItem","position":1,"name":"Unkategorisiert","item":"https:\/\/www.m-q.ch\/it\/categoria\/senza-categoria\/"},{"@type":"ListItem","position":2,"name":"Jetzt f\u00fcr den STEP Award 2017 bewerben"}]},{"@type":"WebSite","@id":"https:\/\/www.m-q.ch\/fr\/#website","url":"https:\/\/www.m-q.ch\/fr\/","name":"MQ Management and Quality","description":"Platform for integrated management systems.","publisher":{"@id":"https:\/\/www.m-q.ch\/fr\/#organization"},"potentialAction":[{"@type":"SearchAction","target":{"@type":"EntryPoint","urlTemplate":"https:\/\/www.m-q.ch\/fr\/?s={search_term_string}"},"query-input":{"@type":"PropertyValueSpecification","valueRequired":true,"valueName":"search_term_string"}}],"inLanguage":"en-US"},{"@type":"Organization","@id":"https:\/\/www.m-q.ch\/fr\/#organization","name":"Galledia Trade Media AG","url":"https:\/\/www.m-q.ch\/fr\/","logo":{"@type":"ImageObject","inLanguage":"en-US","@id":"https:\/\/www.m-q.ch\/fr\/#\/schema\/logo\/image\/","url":"https:\/\/www.m-q.ch\/wp-content\/uploads\/2020\/12\/cropped-logo_small.png","contentUrl":"https:\/\/www.m-q.ch\/wp-content\/uploads\/2020\/12\/cropped-logo_small.png","width":512,"height":512,"caption":"Galledia Fachmedien AG"},"image":{"@id":"https:\/\/www.m-q.ch\/fr\/#\/schema\/logo\/image\/"},"sameAs":["https:\/\/www.facebook.com\/ManagementUndQualitaet","https:\/\/www.linkedin.com\/showcase\/17982321\/admin\/"]},{"@type":"Person","@id":"https:\/\/www.m-q.ch\/fr\/#\/schema\/person\/47d540e081acd98ccbeb69b55df653d7","name":"Roger Str\u00e4ssle","image":{"@type":"ImageObject","inLanguage":"en-US","@id":"https:\/\/www.m-q.ch\/fr\/#\/schema\/person\/image\/","url":"https:\/\/secure.gravatar.com\/avatar\/e4dde3046d8a184d2e2d27651a418883?s=96&d=mm&r=g","contentUrl":"https:\/\/secure.gravatar.com\/avatar\/e4dde3046d8a184d2e2d27651a418883?s=96&d=mm&r=g","caption":"Roger Str\u00e4ssle"},"url":"https:\/\/www.m-q.ch\/en\/author\/roger-straessle\/"}]}},"_links":{"self":[{"href":"https:\/\/www.m-q.ch\/en\/wp-json\/wp\/v2\/posts\/1391","targetHints":{"allow":["GET"]}}],"collection":[{"href":"https:\/\/www.m-q.ch\/en\/wp-json\/wp\/v2\/posts"}],"about":[{"href":"https:\/\/www.m-q.ch\/en\/wp-json\/wp\/v2\/types\/post"}],"author":[{"embeddable":true,"href":"https:\/\/www.m-q.ch\/en\/wp-json\/wp\/v2\/users\/35"}],"replies":[{"embeddable":true,"href":"https:\/\/www.m-q.ch\/en\/wp-json\/wp\/v2\/comments?post=1391"}],"version-history":[{"count":2,"href":"https:\/\/www.m-q.ch\/en\/wp-json\/wp\/v2\/posts\/1391\/revisions"}],"predecessor-version":[{"id":1394,"href":"https:\/\/www.m-q.ch\/en\/wp-json\/wp\/v2\/posts\/1391\/revisions\/1394"}],"wp:featuredmedia":[{"embeddable":true,"href":"https:\/\/www.m-q.ch\/en\/wp-json\/wp\/v2\/media\/1392"}],"wp:attachment":[{"href":"https:\/\/www.m-q.ch\/en\/wp-json\/wp\/v2\/media?parent=1391"}],"wp:term":[{"taxonomy":"category","embeddable":true,"href":"https:\/\/www.m-q.ch\/en\/wp-json\/wp\/v2\/categories?post=1391"},{"taxonomy":"post_tag","embeddable":true,"href":"https:\/\/www.m-q.ch\/en\/wp-json\/wp\/v2\/tags?post=1391"}],"curies":[{"name":"wp","href":"https:\/\/api.w.org\/{rel}","templated":true}]}}