{"id":14029,"date":"2021-03-30T10:12:04","date_gmt":"2021-03-30T08:12:04","guid":{"rendered":"https:\/\/www.m-q.ch\/?p=14029"},"modified":"2021-04-01T11:51:00","modified_gmt":"2021-04-01T09:51:00","slug":"state-secretary-cesla-amarelle-becomes-new-president-of-hes-so","status":"publish","type":"post","link":"https:\/\/www.m-q.ch\/en\/staatsraetin-cesla-amarelle-wird-neue-praesidentin-der-hes-so\/","title":{"rendered":"State Councillor Cesla Amarelle becomes new President of the HES-SO"},"content":{"rendered":"<figure id=\"attachment_14030\" aria-describedby=\"caption-attachment-14030\" style=\"width: 875px\" class=\"wp-caption aligncenter\"><img loading=\"lazy\" decoding=\"async\" class=\"size-full wp-image-14030\" src=\"https:\/\/www.m-q.ch\/wp-content\/uploads\/2021\/03\/Cesla-Amarella.jpg\" alt=\"HES-SO\" width=\"875\" height=\"597\" srcset=\"https:\/\/www.m-q.ch\/wp-content\/uploads\/2021\/03\/Cesla-Amarella.jpg 875w, https:\/\/www.m-q.ch\/wp-content\/uploads\/2021\/03\/Cesla-Amarella-768x524.jpg 768w, https:\/\/www.m-q.ch\/wp-content\/uploads\/2021\/03\/Cesla-Amarella-16x12.jpg 16w, https:\/\/www.m-q.ch\/wp-content\/uploads\/2021\/03\/Cesla-Amarella-256x175.jpg 256w, https:\/\/www.m-q.ch\/wp-content\/uploads\/2021\/03\/Cesla-Amarella-513x350.jpg 513w, https:\/\/www.m-q.ch\/wp-content\/uploads\/2021\/03\/Cesla-Amarella-300x205.jpg 300w\" sizes=\"auto, (max-width: 875px) 100vw, 875px\" \/><figcaption id=\"caption-attachment-14030\" class=\"wp-caption-text\">Cesla Amarelle (Image: <a href=\"http:\/\/www.cesla-amarelle.ch\">www.cesla-amarelle.ch<\/a>)<\/figcaption><\/figure>\n<p>&nbsp;<\/p>\n<p>Cesla Amarelle, State Councillor and Head of the Department of Education, Youth and Culture of the Canton of Vaud, will be the new President of the <a href=\"http:\/\/WWW.HES-SO.CH\">HES-SO<\/a> for the period from 1 July 2021 to 30 June 2023. The vice-presidency will be held by the Arc region (cantons of Neuch\u00e2tel, Jura and Bern). Amarelle has yet to determine who will replace Neuch\u00e2tel State Councillor Monika Maire-Hefti as Vice-President and represent the region in the future.<\/p>\n<p><strong>Mandate of the Rector Luciana Vaccaro renewed <\/strong><\/p>\n<p>The Government Committee has also extended the mandate of Rector Luciana Vaccaro by four years until 30 September 2025. Vaccaro, who has served as rector since 2013 and whose mandate was renewed for the first time in 2017, has driven the development of the HES-SO over the past eight years and positioned the UAS Western Switzerland as an indispensable player in the Swiss higher education landscape, according to the UAS's media release. The government committee appreciates her excellent work and looks forward to continuing to work with her to expand the university's educational offerings and research activities for the benefit of society and the economy of French-speaking Switzerland.<\/p>\n<p><strong>A stable and durable financial model <\/strong><\/p>\n<p>Furthermore, the Government Committee approved the financial development plan that will ensure the financial stability of the HES-SO and its sponsoring cantons for the period 2022-2024. This new financial model takes into account the evolution of student numbers in the various study programmes, while ensuring a balance between cantons and departments. The HES-SO will enjoy moderate financial growth over this period.<\/p>\n<p><strong>Digitization and sustainability as top priorities <\/strong><\/p>\n<p>According to information, the HES-SO will carry out several strategic pilot projects during 2021 with the aim of better integrating the challenges of digitalisation and sustainability into teaching. These approaches will propose various tools to promote awareness of these issues and best practices among students and faculty, according to the statement. The government committee approved funding for these projects at the end of 2020 for a pilot phase that will last until the end of 2021, it said. At its meeting next November, it will decide whether to continue, it said.<\/p>\n<p><strong>The University of Applied Sciences of the French-speaking cantons <\/strong><\/p>\n<p>The Government Committee is made up of the State Councillors responsible for education from the HES-SO's partner cantons in French-speaking Switzerland: Currently, these are Cesla Amarelle (Vaud), Olivier Curty (Fribourg), Christophe Darbellay (Valais), Anne Emery-Torracinta (Geneva) and Monika Maire-Hefti (Neuch\u00e2tel, representing the Arc region, whose mandate expires at the end of this legislative term). The members of the Government Committee exercise overall supervision of the HES-SO and ensure its strategic management.<\/p>\n<p><em>Source: HES-SO<\/em><\/p>","protected":false},"excerpt":{"rendered":"<p>&nbsp; Cesla Amarelle, Staatsr\u00e4tin und Vorsteherin des Bildungs-, Jugend- und Kulturdepartements des Kantons Waadt, wird neue Pr\u00e4sidentin der HES-SO f\u00fcr die Periode vom 1. Juli 2021 bis 30. Juni 2023. Das Vizepr\u00e4sidium wird von der Region Arc (Kantone Neuenburg, Jura und Bern) wahrgenommen. Amarelle muss noch bestimmen, wer die Neuenburger Staatsr\u00e4tin Monika Maire-Hefti als Vizepr\u00e4sidentin [&hellip;]<\/p>\n","protected":false},"author":35,"featured_media":14030,"comment_status":"closed","ping_status":"closed","sticky":false,"template":"","format":"standard","meta":{"_acf_changed":false,"footnotes":""},"categories":[4448],"tags":[4881,4880,4882],"class_list":["post-14029","post","type-post","status-publish","format-standard","has-post-thumbnail","hentry","category-allgemein","tag-cesla-amarelle","tag-hes-so","tag-luciana-vaccaro"],"acf":[],"yoast_head":"<!-- This site is optimized with the Yoast SEO plugin v26.2 - https:\/\/yoast.com\/wordpress\/plugins\/seo\/ -->\n<title>Staatsr\u00e4tin Cesla Amarelle wird neue Pr\u00e4sidentin der HES-SO - MQ Management und Qualit\u00e4t<\/title>\n<meta name=\"description\" content=\"Die Waadtl\u00e4nder Staatsr\u00e4tin Cesla Amarelle wird neue Pr\u00e4sidentin der Fachhochschule Westschweiz HES-SO. Sie wird Nachfolgerin von Staatsrat Olivier Curty.\" \/>\n<meta name=\"robots\" content=\"index, follow, max-snippet:-1, max-image-preview:large, max-video-preview:-1\" \/>\n<link rel=\"canonical\" href=\"https:\/\/www.m-q.ch\/en\/state-secretary-cesla-amarelle-becomes-new-president-of-hes-so\/\" \/>\n<meta property=\"og:locale\" content=\"en_US\" \/>\n<meta property=\"og:type\" content=\"article\" \/>\n<meta property=\"og:title\" content=\"Staatsr\u00e4tin Cesla Amarelle wird neue Pr\u00e4sidentin der HES-SO - MQ Management und Qualit\u00e4t\" \/>\n<meta property=\"og:description\" content=\"Die Waadtl\u00e4nder Staatsr\u00e4tin Cesla Amarelle wird neue Pr\u00e4sidentin der Fachhochschule Westschweiz HES-SO. Sie wird Nachfolgerin von Staatsrat Olivier Curty.\" \/>\n<meta property=\"og:url\" content=\"https:\/\/www.m-q.ch\/en\/state-secretary-cesla-amarelle-becomes-new-president-of-hes-so\/\" \/>\n<meta property=\"og:site_name\" content=\"MQ Management und Qualit\u00e4t\" \/>\n<meta property=\"article:publisher\" content=\"https:\/\/www.facebook.com\/ManagementUndQualitaet\" \/>\n<meta property=\"article:published_time\" content=\"2021-03-30T08:12:04+00:00\" \/>\n<meta property=\"article:modified_time\" content=\"2021-04-01T09:51:00+00:00\" \/>\n<meta property=\"og:image\" content=\"https:\/\/www.m-q.ch\/wp-content\/uploads\/2021\/03\/Cesla-Amarella.jpg\" \/>\n\t<meta property=\"og:image:width\" content=\"875\" \/>\n\t<meta property=\"og:image:height\" content=\"597\" \/>\n\t<meta property=\"og:image:type\" content=\"image\/jpeg\" \/>\n<meta name=\"author\" content=\"Roger Str\u00e4ssle\" \/>\n<meta name=\"twitter:card\" content=\"summary_large_image\" \/>\n<meta name=\"twitter:label1\" content=\"Written by\" \/>\n\t<meta name=\"twitter:data1\" content=\"Roger Str\u00e4ssle\" \/>\n\t<meta name=\"twitter:label2\" content=\"Est. reading time\" \/>\n\t<meta name=\"twitter:data2\" content=\"2 minutes\" \/>\n<script type=\"application\/ld+json\" class=\"yoast-schema-graph\">{\"@context\":\"https:\/\/schema.org\",\"@graph\":[{\"@type\":\"Article\",\"@id\":\"https:\/\/www.m-q.ch\/staatsraetin-cesla-amarelle-wird-neue-praesidentin-der-hes-so\/#article\",\"isPartOf\":{\"@id\":\"https:\/\/www.m-q.ch\/staatsraetin-cesla-amarelle-wird-neue-praesidentin-der-hes-so\/\"},\"author\":{\"name\":\"Roger Str\u00e4ssle\",\"@id\":\"https:\/\/www.m-q.ch\/fr\/#\/schema\/person\/47d540e081acd98ccbeb69b55df653d7\"},\"headline\":\"Staatsr\u00e4tin Cesla Amarelle wird neue Pr\u00e4sidentin der HES-SO\",\"datePublished\":\"2021-03-30T08:12:04+00:00\",\"dateModified\":\"2021-04-01T09:51:00+00:00\",\"mainEntityOfPage\":{\"@id\":\"https:\/\/www.m-q.ch\/staatsraetin-cesla-amarelle-wird-neue-praesidentin-der-hes-so\/\"},\"wordCount\":434,\"publisher\":{\"@id\":\"https:\/\/www.m-q.ch\/fr\/#organization\"},\"image\":{\"@id\":\"https:\/\/www.m-q.ch\/staatsraetin-cesla-amarelle-wird-neue-praesidentin-der-hes-so\/#primaryimage\"},\"thumbnailUrl\":\"https:\/\/www.m-q.ch\/wp-content\/uploads\/2021\/03\/Cesla-Amarella.jpg\",\"keywords\":[\"Cesla Amarelle\",\"HES-SO\",\"Luciana Vaccaro\"],\"articleSection\":[\"Allgemein\"],\"inLanguage\":\"en-US\"},{\"@type\":\"WebPage\",\"@id\":\"https:\/\/www.m-q.ch\/staatsraetin-cesla-amarelle-wird-neue-praesidentin-der-hes-so\/\",\"url\":\"https:\/\/www.m-q.ch\/staatsraetin-cesla-amarelle-wird-neue-praesidentin-der-hes-so\/\",\"name\":\"Staatsr\u00e4tin Cesla Amarelle wird neue Pr\u00e4sidentin der HES-SO - MQ Management und Qualit\u00e4t\",\"isPartOf\":{\"@id\":\"https:\/\/www.m-q.ch\/fr\/#website\"},\"primaryImageOfPage\":{\"@id\":\"https:\/\/www.m-q.ch\/staatsraetin-cesla-amarelle-wird-neue-praesidentin-der-hes-so\/#primaryimage\"},\"image\":{\"@id\":\"https:\/\/www.m-q.ch\/staatsraetin-cesla-amarelle-wird-neue-praesidentin-der-hes-so\/#primaryimage\"},\"thumbnailUrl\":\"https:\/\/www.m-q.ch\/wp-content\/uploads\/2021\/03\/Cesla-Amarella.jpg\",\"datePublished\":\"2021-03-30T08:12:04+00:00\",\"dateModified\":\"2021-04-01T09:51:00+00:00\",\"description\":\"Die Waadtl\u00e4nder Staatsr\u00e4tin Cesla Amarelle wird neue Pr\u00e4sidentin der Fachhochschule Westschweiz HES-SO. Sie wird Nachfolgerin von Staatsrat Olivier Curty.\",\"breadcrumb\":{\"@id\":\"https:\/\/www.m-q.ch\/staatsraetin-cesla-amarelle-wird-neue-praesidentin-der-hes-so\/#breadcrumb\"},\"inLanguage\":\"en-US\",\"potentialAction\":[{\"@type\":\"ReadAction\",\"target\":[\"https:\/\/www.m-q.ch\/staatsraetin-cesla-amarelle-wird-neue-praesidentin-der-hes-so\/\"]}]},{\"@type\":\"ImageObject\",\"inLanguage\":\"en-US\",\"@id\":\"https:\/\/www.m-q.ch\/staatsraetin-cesla-amarelle-wird-neue-praesidentin-der-hes-so\/#primaryimage\",\"url\":\"https:\/\/www.m-q.ch\/wp-content\/uploads\/2021\/03\/Cesla-Amarella.jpg\",\"contentUrl\":\"https:\/\/www.m-q.ch\/wp-content\/uploads\/2021\/03\/Cesla-Amarella.jpg\",\"width\":875,\"height\":597,\"caption\":\"Cesla Amarelle (Bild: www.cesla-amarelle.ch)\"},{\"@type\":\"BreadcrumbList\",\"@id\":\"https:\/\/www.m-q.ch\/staatsraetin-cesla-amarelle-wird-neue-praesidentin-der-hes-so\/#breadcrumb\",\"itemListElement\":[{\"@type\":\"ListItem\",\"position\":1,\"name\":\"Allgemein\",\"item\":\"https:\/\/www.m-q.ch\/kategorie\/allgemein\/\"},{\"@type\":\"ListItem\",\"position\":2,\"name\":\"Staatsr\u00e4tin Cesla Amarelle wird neue Pr\u00e4sidentin der HES-SO\"}]},{\"@type\":\"WebSite\",\"@id\":\"https:\/\/www.m-q.ch\/fr\/#website\",\"url\":\"https:\/\/www.m-q.ch\/fr\/\",\"name\":\"MQ Management und Qualit\u00e4t\",\"description\":\"Plattform f\u00fcr integrierte Managementsysteme.\",\"publisher\":{\"@id\":\"https:\/\/www.m-q.ch\/fr\/#organization\"},\"potentialAction\":[{\"@type\":\"SearchAction\",\"target\":{\"@type\":\"EntryPoint\",\"urlTemplate\":\"https:\/\/www.m-q.ch\/fr\/?s={search_term_string}\"},\"query-input\":{\"@type\":\"PropertyValueSpecification\",\"valueRequired\":true,\"valueName\":\"search_term_string\"}}],\"inLanguage\":\"en-US\"},{\"@type\":\"Organization\",\"@id\":\"https:\/\/www.m-q.ch\/fr\/#organization\",\"name\":\"Galledia Fachmedien AG\",\"url\":\"https:\/\/www.m-q.ch\/fr\/\",\"logo\":{\"@type\":\"ImageObject\",\"inLanguage\":\"en-US\",\"@id\":\"https:\/\/www.m-q.ch\/fr\/#\/schema\/logo\/image\/\",\"url\":\"https:\/\/www.m-q.ch\/wp-content\/uploads\/2020\/12\/cropped-logo_small.png\",\"contentUrl\":\"https:\/\/www.m-q.ch\/wp-content\/uploads\/2020\/12\/cropped-logo_small.png\",\"width\":512,\"height\":512,\"caption\":\"Galledia Fachmedien AG\"},\"image\":{\"@id\":\"https:\/\/www.m-q.ch\/fr\/#\/schema\/logo\/image\/\"},\"sameAs\":[\"https:\/\/www.facebook.com\/ManagementUndQualitaet\",\"https:\/\/www.linkedin.com\/showcase\/17982321\/admin\/\"]},{\"@type\":\"Person\",\"@id\":\"https:\/\/www.m-q.ch\/fr\/#\/schema\/person\/47d540e081acd98ccbeb69b55df653d7\",\"name\":\"Roger Str\u00e4ssle\",\"image\":{\"@type\":\"ImageObject\",\"inLanguage\":\"en-US\",\"@id\":\"https:\/\/www.m-q.ch\/fr\/#\/schema\/person\/image\/\",\"url\":\"https:\/\/secure.gravatar.com\/avatar\/e4dde3046d8a184d2e2d27651a418883?s=96&d=mm&r=g\",\"contentUrl\":\"https:\/\/secure.gravatar.com\/avatar\/e4dde3046d8a184d2e2d27651a418883?s=96&d=mm&r=g\",\"caption\":\"Roger Str\u00e4ssle\"},\"url\":\"https:\/\/www.m-q.ch\/en\/author\/roger-straessle\/\"}]}<\/script>\n<!-- \/ Yoast SEO plugin. -->","yoast_head_json":{"title":"State Councillor Cesla Amarelle becomes the new President of the HES-SO - MQ Management and Quality","description":"Cesla Amarelle, State Councillor for Vaud, is to become the new President of the University of Applied Sciences of Western Switzerland HES-SO. She will succeed State Councillor Olivier Curty.","robots":{"index":"index","follow":"follow","max-snippet":"max-snippet:-1","max-image-preview":"max-image-preview:large","max-video-preview":"max-video-preview:-1"},"canonical":"https:\/\/www.m-q.ch\/en\/state-secretary-cesla-amarelle-becomes-new-president-of-hes-so\/","og_locale":"en_US","og_type":"article","og_title":"Staatsr\u00e4tin Cesla Amarelle wird neue Pr\u00e4sidentin der HES-SO - MQ Management und Qualit\u00e4t","og_description":"Die Waadtl\u00e4nder Staatsr\u00e4tin Cesla Amarelle wird neue Pr\u00e4sidentin der Fachhochschule Westschweiz HES-SO. Sie wird Nachfolgerin von Staatsrat Olivier Curty.","og_url":"https:\/\/www.m-q.ch\/en\/state-secretary-cesla-amarelle-becomes-new-president-of-hes-so\/","og_site_name":"MQ Management und Qualit\u00e4t","article_publisher":"https:\/\/www.facebook.com\/ManagementUndQualitaet","article_published_time":"2021-03-30T08:12:04+00:00","article_modified_time":"2021-04-01T09:51:00+00:00","og_image":[{"width":875,"height":597,"url":"https:\/\/www.m-q.ch\/wp-content\/uploads\/2021\/03\/Cesla-Amarella.jpg","type":"image\/jpeg"}],"author":"Roger Str\u00e4ssle","twitter_card":"summary_large_image","twitter_misc":{"Written by":"Roger Str\u00e4ssle","Est. reading time":"2 minutes"},"schema":{"@context":"https:\/\/schema.org","@graph":[{"@type":"Article","@id":"https:\/\/www.m-q.ch\/staatsraetin-cesla-amarelle-wird-neue-praesidentin-der-hes-so\/#article","isPartOf":{"@id":"https:\/\/www.m-q.ch\/staatsraetin-cesla-amarelle-wird-neue-praesidentin-der-hes-so\/"},"author":{"name":"Roger Str\u00e4ssle","@id":"https:\/\/www.m-q.ch\/fr\/#\/schema\/person\/47d540e081acd98ccbeb69b55df653d7"},"headline":"Staatsr\u00e4tin Cesla Amarelle wird neue Pr\u00e4sidentin der HES-SO","datePublished":"2021-03-30T08:12:04+00:00","dateModified":"2021-04-01T09:51:00+00:00","mainEntityOfPage":{"@id":"https:\/\/www.m-q.ch\/staatsraetin-cesla-amarelle-wird-neue-praesidentin-der-hes-so\/"},"wordCount":434,"publisher":{"@id":"https:\/\/www.m-q.ch\/fr\/#organization"},"image":{"@id":"https:\/\/www.m-q.ch\/staatsraetin-cesla-amarelle-wird-neue-praesidentin-der-hes-so\/#primaryimage"},"thumbnailUrl":"https:\/\/www.m-q.ch\/wp-content\/uploads\/2021\/03\/Cesla-Amarella.jpg","keywords":["Cesla Amarelle","HES-SO","Luciana Vaccaro"],"articleSection":["Allgemein"],"inLanguage":"en-US"},{"@type":"WebPage","@id":"https:\/\/www.m-q.ch\/staatsraetin-cesla-amarelle-wird-neue-praesidentin-der-hes-so\/","url":"https:\/\/www.m-q.ch\/staatsraetin-cesla-amarelle-wird-neue-praesidentin-der-hes-so\/","name":"State Councillor Cesla Amarelle becomes the new President of the HES-SO - MQ Management and Quality","isPartOf":{"@id":"https:\/\/www.m-q.ch\/fr\/#website"},"primaryImageOfPage":{"@id":"https:\/\/www.m-q.ch\/staatsraetin-cesla-amarelle-wird-neue-praesidentin-der-hes-so\/#primaryimage"},"image":{"@id":"https:\/\/www.m-q.ch\/staatsraetin-cesla-amarelle-wird-neue-praesidentin-der-hes-so\/#primaryimage"},"thumbnailUrl":"https:\/\/www.m-q.ch\/wp-content\/uploads\/2021\/03\/Cesla-Amarella.jpg","datePublished":"2021-03-30T08:12:04+00:00","dateModified":"2021-04-01T09:51:00+00:00","description":"Cesla Amarelle, State Councillor for Vaud, is to become the new President of the University of Applied Sciences of Western Switzerland HES-SO. She will succeed State Councillor Olivier Curty.","breadcrumb":{"@id":"https:\/\/www.m-q.ch\/staatsraetin-cesla-amarelle-wird-neue-praesidentin-der-hes-so\/#breadcrumb"},"inLanguage":"en-US","potentialAction":[{"@type":"ReadAction","target":["https:\/\/www.m-q.ch\/staatsraetin-cesla-amarelle-wird-neue-praesidentin-der-hes-so\/"]}]},{"@type":"ImageObject","inLanguage":"en-US","@id":"https:\/\/www.m-q.ch\/staatsraetin-cesla-amarelle-wird-neue-praesidentin-der-hes-so\/#primaryimage","url":"https:\/\/www.m-q.ch\/wp-content\/uploads\/2021\/03\/Cesla-Amarella.jpg","contentUrl":"https:\/\/www.m-q.ch\/wp-content\/uploads\/2021\/03\/Cesla-Amarella.jpg","width":875,"height":597,"caption":"Cesla Amarelle (Bild: www.cesla-amarelle.ch)"},{"@type":"BreadcrumbList","@id":"https:\/\/www.m-q.ch\/staatsraetin-cesla-amarelle-wird-neue-praesidentin-der-hes-so\/#breadcrumb","itemListElement":[{"@type":"ListItem","position":1,"name":"Allgemein","item":"https:\/\/www.m-q.ch\/kategorie\/allgemein\/"},{"@type":"ListItem","position":2,"name":"Staatsr\u00e4tin Cesla Amarelle wird neue Pr\u00e4sidentin der HES-SO"}]},{"@type":"WebSite","@id":"https:\/\/www.m-q.ch\/fr\/#website","url":"https:\/\/www.m-q.ch\/fr\/","name":"MQ Management and Quality","description":"Platform for integrated management systems.","publisher":{"@id":"https:\/\/www.m-q.ch\/fr\/#organization"},"potentialAction":[{"@type":"SearchAction","target":{"@type":"EntryPoint","urlTemplate":"https:\/\/www.m-q.ch\/fr\/?s={search_term_string}"},"query-input":{"@type":"PropertyValueSpecification","valueRequired":true,"valueName":"search_term_string"}}],"inLanguage":"en-US"},{"@type":"Organization","@id":"https:\/\/www.m-q.ch\/fr\/#organization","name":"Galledia Trade Media AG","url":"https:\/\/www.m-q.ch\/fr\/","logo":{"@type":"ImageObject","inLanguage":"en-US","@id":"https:\/\/www.m-q.ch\/fr\/#\/schema\/logo\/image\/","url":"https:\/\/www.m-q.ch\/wp-content\/uploads\/2020\/12\/cropped-logo_small.png","contentUrl":"https:\/\/www.m-q.ch\/wp-content\/uploads\/2020\/12\/cropped-logo_small.png","width":512,"height":512,"caption":"Galledia Fachmedien AG"},"image":{"@id":"https:\/\/www.m-q.ch\/fr\/#\/schema\/logo\/image\/"},"sameAs":["https:\/\/www.facebook.com\/ManagementUndQualitaet","https:\/\/www.linkedin.com\/showcase\/17982321\/admin\/"]},{"@type":"Person","@id":"https:\/\/www.m-q.ch\/fr\/#\/schema\/person\/47d540e081acd98ccbeb69b55df653d7","name":"Roger Str\u00e4ssle","image":{"@type":"ImageObject","inLanguage":"en-US","@id":"https:\/\/www.m-q.ch\/fr\/#\/schema\/person\/image\/","url":"https:\/\/secure.gravatar.com\/avatar\/e4dde3046d8a184d2e2d27651a418883?s=96&d=mm&r=g","contentUrl":"https:\/\/secure.gravatar.com\/avatar\/e4dde3046d8a184d2e2d27651a418883?s=96&d=mm&r=g","caption":"Roger Str\u00e4ssle"},"url":"https:\/\/www.m-q.ch\/en\/author\/roger-straessle\/"}]}},"_links":{"self":[{"href":"https:\/\/www.m-q.ch\/en\/wp-json\/wp\/v2\/posts\/14029","targetHints":{"allow":["GET"]}}],"collection":[{"href":"https:\/\/www.m-q.ch\/en\/wp-json\/wp\/v2\/posts"}],"about":[{"href":"https:\/\/www.m-q.ch\/en\/wp-json\/wp\/v2\/types\/post"}],"author":[{"embeddable":true,"href":"https:\/\/www.m-q.ch\/en\/wp-json\/wp\/v2\/users\/35"}],"replies":[{"embeddable":true,"href":"https:\/\/www.m-q.ch\/en\/wp-json\/wp\/v2\/comments?post=14029"}],"version-history":[{"count":1,"href":"https:\/\/www.m-q.ch\/en\/wp-json\/wp\/v2\/posts\/14029\/revisions"}],"predecessor-version":[{"id":14031,"href":"https:\/\/www.m-q.ch\/en\/wp-json\/wp\/v2\/posts\/14029\/revisions\/14031"}],"wp:featuredmedia":[{"embeddable":true,"href":"https:\/\/www.m-q.ch\/en\/wp-json\/wp\/v2\/media\/14030"}],"wp:attachment":[{"href":"https:\/\/www.m-q.ch\/en\/wp-json\/wp\/v2\/media?parent=14029"}],"wp:term":[{"taxonomy":"category","embeddable":true,"href":"https:\/\/www.m-q.ch\/en\/wp-json\/wp\/v2\/categories?post=14029"},{"taxonomy":"post_tag","embeddable":true,"href":"https:\/\/www.m-q.ch\/en\/wp-json\/wp\/v2\/tags?post=14029"}],"curies":[{"name":"wp","href":"https:\/\/api.w.org\/{rel}","templated":true}]}}