{"id":14044,"date":"2021-04-04T08:54:07","date_gmt":"2021-04-04T06:54:07","guid":{"rendered":"https:\/\/www.m-q.ch\/?p=14044"},"modified":"2021-04-12T15:34:41","modified_gmt":"2021-04-12T13:34:41","slug":"united-against-swissness-abuse","status":"publish","type":"post","link":"https:\/\/www.m-q.ch\/en\/vereint-gegen-swissness-missbrauch\/","title":{"rendered":"United against Swissness abuse"},"content":{"rendered":"<figure id=\"attachment_14045\" aria-describedby=\"caption-attachment-14045\" style=\"width: 1000px\" class=\"wp-caption aligncenter\"><img loading=\"lazy\" decoding=\"async\" class=\"wp-image-14045 size-full\" src=\"https:\/\/www.m-q.ch\/wp-content\/uploads\/2021\/04\/Depositphotos_198956266_s-2019.jpg\" alt=\"Swissness legislation\" width=\"1000\" height=\"667\" srcset=\"https:\/\/www.m-q.ch\/wp-content\/uploads\/2021\/04\/Depositphotos_198956266_s-2019.jpg 1000w, https:\/\/www.m-q.ch\/wp-content\/uploads\/2021\/04\/Depositphotos_198956266_s-2019-768x512.jpg 768w, https:\/\/www.m-q.ch\/wp-content\/uploads\/2021\/04\/Depositphotos_198956266_s-2019-16x12.jpg 16w, https:\/\/www.m-q.ch\/wp-content\/uploads\/2021\/04\/Depositphotos_198956266_s-2019-262x175.jpg 262w, https:\/\/www.m-q.ch\/wp-content\/uploads\/2021\/04\/Depositphotos_198956266_s-2019-525x350.jpg 525w, https:\/\/www.m-q.ch\/wp-content\/uploads\/2021\/04\/Depositphotos_198956266_s-2019-920x614.jpg 920w, https:\/\/www.m-q.ch\/wp-content\/uploads\/2021\/04\/Depositphotos_198956266_s-2019-300x200.jpg 300w\" sizes=\"auto, (max-width: 1000px) 100vw, 1000px\" \/><figcaption id=\"caption-attachment-14045\" class=\"wp-caption-text\">\u00a9 Depositphotos, yulan<\/figcaption><\/figure>\n<p>Since 1 January 2017, legal rules have applied to products and services that producers wish to advertise with Swissness, for example with a Swiss cross or \"Swiss Made\". These rules are intended to protect the \"Swiss\" brand from misuse and to secure an important competitive advantage for companies producing in Switzerland in the long term. Swissness legislation brings in CHF 1.4 billion a year for the Swiss economy. Free riders at home and abroad also want to profit from this.<\/p>\n<p>After a decline in previous years, the number of Swissness abuse cases in Switzerland rose to a new peak in 2020. The IPI became active in 280 cases. It is receiving an increasing number of pertinent tips from the public, which regards Swissness as a collective good and is disturbed when the Swiss cross is used wrongly.<\/p>\n<p><strong>Customs destroys goods with CH emblem <\/strong><\/p>\n<p>The Swiss coat of arms is reserved by law solely for the Swiss Confederation and - unlike the Swiss cross - may not be used for commercial purposes. Customs confiscates goods bearing the Swiss coat of arms and destroys them at the request of the IPI. Since the introduction of the Swissness legislation, this procedure has led to the destruction of ten import shipments. In cooperation with the Federal Customs Administration, corresponding abuses in Switzerland are thus effectively curbed.<\/p>\n<p><strong>Swissness Enforcement Association - Strong defence alliance for the Swiss brand<\/strong><\/p>\n<p>What works well at home must be even better abroad. There, the success of Swissness law enforcement requires combined forces. This is confirmed by a study published by the Federal Council in December 2020. This is because Swiss laws only apply to Switzerland. Exporters of goods, foodstuffs and services cannot benefit from the \"Swissness bonus\" abroad if Swiss indications of source are also used there by unauthorised persons.<\/p>\n<p>For years, individual industry associations, companies and the IPI have been fighting individually against the misuse of the Swiss cross and coat of arms. In order to monitor the markets globally and to jointly build up know-how on country-specific instruments for combating misuse, the most important players in the legal enforcement of Swissness have founded the Swissness Enforcement Association. The collective good of Swissness can only be preserved if everyone is committed to it. This is the view of the authors of the study on the legal enforcement of Swissness in Switzerland and abroad. The public-private partnership Swissness Enforcement meets with broad approval among the Swissness users surveyed.<\/p>\n<p><em>Press release Federal Institute of Intellectual Property<\/em><\/p>\n<p>&nbsp;<\/p>\n<p><em>More articles on the topic: <a href=\"http:\/\/www.m-q.ch\/en\/the-swiss-brand-is-adequately-protected\/\">The trademark \"Switzerland\" is adequately protected, but ...<\/a><\/em><\/p>\n<p>&nbsp;<\/p>","protected":false},"excerpt":{"rendered":"<p>Seit dem 1. Januar 2017 gelten gesetzliche Regeln f\u00fcr Erzeugnisse und Dienstleistungen, welche die Produzenten mit Swissness, beispielsweise mit einem Schweizerkreuz oder &#8222;Swiss Made&#8220;, bewerben wollen. Diese Regeln sollen die Marke &#8222;Schweiz&#8220; vor Missbrauch sch\u00fctzen und in der Schweiz produzierenden Unternehmen einen wichtigen Wettbewerbsvorteil langfristig sichern. Die Swissness-Gesetzgebung bringt der Schweizer Volkwirtschaft j\u00e4hrlich 1,4 Milliarden [&hellip;]<\/p>\n","protected":false},"author":35,"featured_media":14045,"comment_status":"closed","ping_status":"closed","sticky":false,"template":"","format":"standard","meta":{"_acf_changed":false,"footnotes":""},"categories":[4],"tags":[4886,4825,3448,4593],"class_list":["post-14044","post","type-post","status-publish","format-standard","has-post-thumbnail","hentry","category-risikomanagement","tag-eidgenoessisches-institut-fuer-geistiges-eigentum","tag-ige","tag-swiss-made","tag-swissness"],"acf":[],"yoast_head":"<!-- This site is optimized with the Yoast SEO plugin v26.2 - https:\/\/yoast.com\/wordpress\/plugins\/seo\/ -->\n<title>Vereint gegen Swissness-Missbrauch - MQ Management und Qualit\u00e4t<\/title>\n<meta name=\"description\" content=\"Das Eidgen\u00f6ssische Institut f\u00fcr Geistiges Eigentum (IGE) wurde im letzten Jahr in 280 Swissness-Missbrauchsf\u00e4llen aktiv.\" \/>\n<meta name=\"robots\" content=\"index, follow, max-snippet:-1, max-image-preview:large, max-video-preview:-1\" \/>\n<link rel=\"canonical\" href=\"https:\/\/www.m-q.ch\/en\/united-against-swissness-abuse\/\" \/>\n<meta property=\"og:locale\" content=\"en_US\" \/>\n<meta property=\"og:type\" content=\"article\" \/>\n<meta property=\"og:title\" content=\"Vereint gegen Swissness-Missbrauch - MQ Management und Qualit\u00e4t\" \/>\n<meta property=\"og:description\" content=\"Das Eidgen\u00f6ssische Institut f\u00fcr Geistiges Eigentum (IGE) wurde im letzten Jahr in 280 Swissness-Missbrauchsf\u00e4llen aktiv.\" \/>\n<meta property=\"og:url\" content=\"https:\/\/www.m-q.ch\/en\/united-against-swissness-abuse\/\" \/>\n<meta property=\"og:site_name\" content=\"MQ Management und Qualit\u00e4t\" \/>\n<meta property=\"article:publisher\" content=\"https:\/\/www.facebook.com\/ManagementUndQualitaet\" \/>\n<meta property=\"article:published_time\" content=\"2021-04-04T06:54:07+00:00\" \/>\n<meta property=\"article:modified_time\" content=\"2021-04-12T13:34:41+00:00\" \/>\n<meta property=\"og:image\" content=\"https:\/\/www.m-q.ch\/wp-content\/uploads\/2021\/04\/Depositphotos_198956266_s-2019.jpg\" \/>\n\t<meta property=\"og:image:width\" content=\"1000\" \/>\n\t<meta property=\"og:image:height\" content=\"667\" \/>\n\t<meta property=\"og:image:type\" content=\"image\/jpeg\" \/>\n<meta name=\"author\" content=\"Roger Str\u00e4ssle\" \/>\n<meta name=\"twitter:card\" content=\"summary_large_image\" \/>\n<meta name=\"twitter:label1\" content=\"Written by\" \/>\n\t<meta name=\"twitter:data1\" content=\"Roger Str\u00e4ssle\" \/>\n\t<meta name=\"twitter:label2\" content=\"Est. reading time\" \/>\n\t<meta name=\"twitter:data2\" content=\"2 minutes\" \/>\n<script type=\"application\/ld+json\" class=\"yoast-schema-graph\">{\"@context\":\"https:\/\/schema.org\",\"@graph\":[{\"@type\":\"Article\",\"@id\":\"https:\/\/www.m-q.ch\/vereint-gegen-swissness-missbrauch\/#article\",\"isPartOf\":{\"@id\":\"https:\/\/www.m-q.ch\/vereint-gegen-swissness-missbrauch\/\"},\"author\":{\"name\":\"Roger Str\u00e4ssle\",\"@id\":\"https:\/\/www.m-q.ch\/fr\/#\/schema\/person\/47d540e081acd98ccbeb69b55df653d7\"},\"headline\":\"Vereint gegen Swissness-Missbrauch\",\"datePublished\":\"2021-04-04T06:54:07+00:00\",\"dateModified\":\"2021-04-12T13:34:41+00:00\",\"mainEntityOfPage\":{\"@id\":\"https:\/\/www.m-q.ch\/vereint-gegen-swissness-missbrauch\/\"},\"wordCount\":415,\"publisher\":{\"@id\":\"https:\/\/www.m-q.ch\/fr\/#organization\"},\"image\":{\"@id\":\"https:\/\/www.m-q.ch\/vereint-gegen-swissness-missbrauch\/#primaryimage\"},\"thumbnailUrl\":\"https:\/\/www.m-q.ch\/wp-content\/uploads\/2021\/04\/Depositphotos_198956266_s-2019.jpg\",\"keywords\":[\"Eidgen\u00f6ssisches Institut f\u00fcr Geistiges Eigentum\",\"IGE\",\"Swiss Made\",\"Swissness\"],\"articleSection\":[\"Risikomanagement\"],\"inLanguage\":\"en-US\"},{\"@type\":\"WebPage\",\"@id\":\"https:\/\/www.m-q.ch\/vereint-gegen-swissness-missbrauch\/\",\"url\":\"https:\/\/www.m-q.ch\/vereint-gegen-swissness-missbrauch\/\",\"name\":\"Vereint gegen Swissness-Missbrauch - MQ Management und Qualit\u00e4t\",\"isPartOf\":{\"@id\":\"https:\/\/www.m-q.ch\/fr\/#website\"},\"primaryImageOfPage\":{\"@id\":\"https:\/\/www.m-q.ch\/vereint-gegen-swissness-missbrauch\/#primaryimage\"},\"image\":{\"@id\":\"https:\/\/www.m-q.ch\/vereint-gegen-swissness-missbrauch\/#primaryimage\"},\"thumbnailUrl\":\"https:\/\/www.m-q.ch\/wp-content\/uploads\/2021\/04\/Depositphotos_198956266_s-2019.jpg\",\"datePublished\":\"2021-04-04T06:54:07+00:00\",\"dateModified\":\"2021-04-12T13:34:41+00:00\",\"description\":\"Das Eidgen\u00f6ssische Institut f\u00fcr Geistiges Eigentum (IGE) wurde im letzten Jahr in 280 Swissness-Missbrauchsf\u00e4llen aktiv.\",\"breadcrumb\":{\"@id\":\"https:\/\/www.m-q.ch\/vereint-gegen-swissness-missbrauch\/#breadcrumb\"},\"inLanguage\":\"en-US\",\"potentialAction\":[{\"@type\":\"ReadAction\",\"target\":[\"https:\/\/www.m-q.ch\/vereint-gegen-swissness-missbrauch\/\"]}]},{\"@type\":\"ImageObject\",\"inLanguage\":\"en-US\",\"@id\":\"https:\/\/www.m-q.ch\/vereint-gegen-swissness-missbrauch\/#primaryimage\",\"url\":\"https:\/\/www.m-q.ch\/wp-content\/uploads\/2021\/04\/Depositphotos_198956266_s-2019.jpg\",\"contentUrl\":\"https:\/\/www.m-q.ch\/wp-content\/uploads\/2021\/04\/Depositphotos_198956266_s-2019.jpg\",\"width\":1000,\"height\":667,\"caption\":\"\u00a9 Depositphotos, yulan\"},{\"@type\":\"BreadcrumbList\",\"@id\":\"https:\/\/www.m-q.ch\/vereint-gegen-swissness-missbrauch\/#breadcrumb\",\"itemListElement\":[{\"@type\":\"ListItem\",\"position\":1,\"name\":\"Risikomanagement\",\"item\":\"https:\/\/www.m-q.ch\/kategorie\/risikomanagement\/\"},{\"@type\":\"ListItem\",\"position\":2,\"name\":\"Vereint gegen Swissness-Missbrauch\"}]},{\"@type\":\"WebSite\",\"@id\":\"https:\/\/www.m-q.ch\/fr\/#website\",\"url\":\"https:\/\/www.m-q.ch\/fr\/\",\"name\":\"MQ Management und Qualit\u00e4t\",\"description\":\"Plattform f\u00fcr integrierte Managementsysteme.\",\"publisher\":{\"@id\":\"https:\/\/www.m-q.ch\/fr\/#organization\"},\"potentialAction\":[{\"@type\":\"SearchAction\",\"target\":{\"@type\":\"EntryPoint\",\"urlTemplate\":\"https:\/\/www.m-q.ch\/fr\/?s={search_term_string}\"},\"query-input\":{\"@type\":\"PropertyValueSpecification\",\"valueRequired\":true,\"valueName\":\"search_term_string\"}}],\"inLanguage\":\"en-US\"},{\"@type\":\"Organization\",\"@id\":\"https:\/\/www.m-q.ch\/fr\/#organization\",\"name\":\"Galledia Fachmedien AG\",\"url\":\"https:\/\/www.m-q.ch\/fr\/\",\"logo\":{\"@type\":\"ImageObject\",\"inLanguage\":\"en-US\",\"@id\":\"https:\/\/www.m-q.ch\/fr\/#\/schema\/logo\/image\/\",\"url\":\"https:\/\/www.m-q.ch\/wp-content\/uploads\/2020\/12\/cropped-logo_small.png\",\"contentUrl\":\"https:\/\/www.m-q.ch\/wp-content\/uploads\/2020\/12\/cropped-logo_small.png\",\"width\":512,\"height\":512,\"caption\":\"Galledia Fachmedien AG\"},\"image\":{\"@id\":\"https:\/\/www.m-q.ch\/fr\/#\/schema\/logo\/image\/\"},\"sameAs\":[\"https:\/\/www.facebook.com\/ManagementUndQualitaet\",\"https:\/\/www.linkedin.com\/showcase\/17982321\/admin\/\"]},{\"@type\":\"Person\",\"@id\":\"https:\/\/www.m-q.ch\/fr\/#\/schema\/person\/47d540e081acd98ccbeb69b55df653d7\",\"name\":\"Roger Str\u00e4ssle\",\"image\":{\"@type\":\"ImageObject\",\"inLanguage\":\"en-US\",\"@id\":\"https:\/\/www.m-q.ch\/fr\/#\/schema\/person\/image\/\",\"url\":\"https:\/\/secure.gravatar.com\/avatar\/e4dde3046d8a184d2e2d27651a418883?s=96&d=mm&r=g\",\"contentUrl\":\"https:\/\/secure.gravatar.com\/avatar\/e4dde3046d8a184d2e2d27651a418883?s=96&d=mm&r=g\",\"caption\":\"Roger Str\u00e4ssle\"},\"url\":\"https:\/\/www.m-q.ch\/en\/author\/roger-straessle\/\"}]}<\/script>\n<!-- \/ Yoast SEO plugin. -->","yoast_head_json":{"title":"United against Swissness abuse - MQ Management und Qualit\u00e4t","description":"The Swiss Federal Institute of Intellectual Property (IPI) took action in 280 Swissness abuse cases last year.","robots":{"index":"index","follow":"follow","max-snippet":"max-snippet:-1","max-image-preview":"max-image-preview:large","max-video-preview":"max-video-preview:-1"},"canonical":"https:\/\/www.m-q.ch\/en\/united-against-swissness-abuse\/","og_locale":"en_US","og_type":"article","og_title":"Vereint gegen Swissness-Missbrauch - MQ Management und Qualit\u00e4t","og_description":"Das Eidgen\u00f6ssische Institut f\u00fcr Geistiges Eigentum (IGE) wurde im letzten Jahr in 280 Swissness-Missbrauchsf\u00e4llen aktiv.","og_url":"https:\/\/www.m-q.ch\/en\/united-against-swissness-abuse\/","og_site_name":"MQ Management und Qualit\u00e4t","article_publisher":"https:\/\/www.facebook.com\/ManagementUndQualitaet","article_published_time":"2021-04-04T06:54:07+00:00","article_modified_time":"2021-04-12T13:34:41+00:00","og_image":[{"width":1000,"height":667,"url":"https:\/\/www.m-q.ch\/wp-content\/uploads\/2021\/04\/Depositphotos_198956266_s-2019.jpg","type":"image\/jpeg"}],"author":"Roger Str\u00e4ssle","twitter_card":"summary_large_image","twitter_misc":{"Written by":"Roger Str\u00e4ssle","Est. reading time":"2 minutes"},"schema":{"@context":"https:\/\/schema.org","@graph":[{"@type":"Article","@id":"https:\/\/www.m-q.ch\/vereint-gegen-swissness-missbrauch\/#article","isPartOf":{"@id":"https:\/\/www.m-q.ch\/vereint-gegen-swissness-missbrauch\/"},"author":{"name":"Roger Str\u00e4ssle","@id":"https:\/\/www.m-q.ch\/fr\/#\/schema\/person\/47d540e081acd98ccbeb69b55df653d7"},"headline":"Vereint gegen Swissness-Missbrauch","datePublished":"2021-04-04T06:54:07+00:00","dateModified":"2021-04-12T13:34:41+00:00","mainEntityOfPage":{"@id":"https:\/\/www.m-q.ch\/vereint-gegen-swissness-missbrauch\/"},"wordCount":415,"publisher":{"@id":"https:\/\/www.m-q.ch\/fr\/#organization"},"image":{"@id":"https:\/\/www.m-q.ch\/vereint-gegen-swissness-missbrauch\/#primaryimage"},"thumbnailUrl":"https:\/\/www.m-q.ch\/wp-content\/uploads\/2021\/04\/Depositphotos_198956266_s-2019.jpg","keywords":["Eidgen\u00f6ssisches Institut f\u00fcr Geistiges Eigentum","IGE","Swiss Made","Swissness"],"articleSection":["Risikomanagement"],"inLanguage":"en-US"},{"@type":"WebPage","@id":"https:\/\/www.m-q.ch\/vereint-gegen-swissness-missbrauch\/","url":"https:\/\/www.m-q.ch\/vereint-gegen-swissness-missbrauch\/","name":"United against Swissness abuse - MQ Management und Qualit\u00e4t","isPartOf":{"@id":"https:\/\/www.m-q.ch\/fr\/#website"},"primaryImageOfPage":{"@id":"https:\/\/www.m-q.ch\/vereint-gegen-swissness-missbrauch\/#primaryimage"},"image":{"@id":"https:\/\/www.m-q.ch\/vereint-gegen-swissness-missbrauch\/#primaryimage"},"thumbnailUrl":"https:\/\/www.m-q.ch\/wp-content\/uploads\/2021\/04\/Depositphotos_198956266_s-2019.jpg","datePublished":"2021-04-04T06:54:07+00:00","dateModified":"2021-04-12T13:34:41+00:00","description":"The Swiss Federal Institute of Intellectual Property (IPI) took action in 280 Swissness abuse cases last year.","breadcrumb":{"@id":"https:\/\/www.m-q.ch\/vereint-gegen-swissness-missbrauch\/#breadcrumb"},"inLanguage":"en-US","potentialAction":[{"@type":"ReadAction","target":["https:\/\/www.m-q.ch\/vereint-gegen-swissness-missbrauch\/"]}]},{"@type":"ImageObject","inLanguage":"en-US","@id":"https:\/\/www.m-q.ch\/vereint-gegen-swissness-missbrauch\/#primaryimage","url":"https:\/\/www.m-q.ch\/wp-content\/uploads\/2021\/04\/Depositphotos_198956266_s-2019.jpg","contentUrl":"https:\/\/www.m-q.ch\/wp-content\/uploads\/2021\/04\/Depositphotos_198956266_s-2019.jpg","width":1000,"height":667,"caption":"\u00a9 Depositphotos, yulan"},{"@type":"BreadcrumbList","@id":"https:\/\/www.m-q.ch\/vereint-gegen-swissness-missbrauch\/#breadcrumb","itemListElement":[{"@type":"ListItem","position":1,"name":"Risikomanagement","item":"https:\/\/www.m-q.ch\/kategorie\/risikomanagement\/"},{"@type":"ListItem","position":2,"name":"Vereint gegen Swissness-Missbrauch"}]},{"@type":"WebSite","@id":"https:\/\/www.m-q.ch\/fr\/#website","url":"https:\/\/www.m-q.ch\/fr\/","name":"MQ Management and Quality","description":"Platform for integrated management systems.","publisher":{"@id":"https:\/\/www.m-q.ch\/fr\/#organization"},"potentialAction":[{"@type":"SearchAction","target":{"@type":"EntryPoint","urlTemplate":"https:\/\/www.m-q.ch\/fr\/?s={search_term_string}"},"query-input":{"@type":"PropertyValueSpecification","valueRequired":true,"valueName":"search_term_string"}}],"inLanguage":"en-US"},{"@type":"Organization","@id":"https:\/\/www.m-q.ch\/fr\/#organization","name":"Galledia Trade Media AG","url":"https:\/\/www.m-q.ch\/fr\/","logo":{"@type":"ImageObject","inLanguage":"en-US","@id":"https:\/\/www.m-q.ch\/fr\/#\/schema\/logo\/image\/","url":"https:\/\/www.m-q.ch\/wp-content\/uploads\/2020\/12\/cropped-logo_small.png","contentUrl":"https:\/\/www.m-q.ch\/wp-content\/uploads\/2020\/12\/cropped-logo_small.png","width":512,"height":512,"caption":"Galledia Fachmedien AG"},"image":{"@id":"https:\/\/www.m-q.ch\/fr\/#\/schema\/logo\/image\/"},"sameAs":["https:\/\/www.facebook.com\/ManagementUndQualitaet","https:\/\/www.linkedin.com\/showcase\/17982321\/admin\/"]},{"@type":"Person","@id":"https:\/\/www.m-q.ch\/fr\/#\/schema\/person\/47d540e081acd98ccbeb69b55df653d7","name":"Roger Str\u00e4ssle","image":{"@type":"ImageObject","inLanguage":"en-US","@id":"https:\/\/www.m-q.ch\/fr\/#\/schema\/person\/image\/","url":"https:\/\/secure.gravatar.com\/avatar\/e4dde3046d8a184d2e2d27651a418883?s=96&d=mm&r=g","contentUrl":"https:\/\/secure.gravatar.com\/avatar\/e4dde3046d8a184d2e2d27651a418883?s=96&d=mm&r=g","caption":"Roger Str\u00e4ssle"},"url":"https:\/\/www.m-q.ch\/en\/author\/roger-straessle\/"}]}},"_links":{"self":[{"href":"https:\/\/www.m-q.ch\/en\/wp-json\/wp\/v2\/posts\/14044","targetHints":{"allow":["GET"]}}],"collection":[{"href":"https:\/\/www.m-q.ch\/en\/wp-json\/wp\/v2\/posts"}],"about":[{"href":"https:\/\/www.m-q.ch\/en\/wp-json\/wp\/v2\/types\/post"}],"author":[{"embeddable":true,"href":"https:\/\/www.m-q.ch\/en\/wp-json\/wp\/v2\/users\/35"}],"replies":[{"embeddable":true,"href":"https:\/\/www.m-q.ch\/en\/wp-json\/wp\/v2\/comments?post=14044"}],"version-history":[{"count":4,"href":"https:\/\/www.m-q.ch\/en\/wp-json\/wp\/v2\/posts\/14044\/revisions"}],"predecessor-version":[{"id":14049,"href":"https:\/\/www.m-q.ch\/en\/wp-json\/wp\/v2\/posts\/14044\/revisions\/14049"}],"wp:featuredmedia":[{"embeddable":true,"href":"https:\/\/www.m-q.ch\/en\/wp-json\/wp\/v2\/media\/14045"}],"wp:attachment":[{"href":"https:\/\/www.m-q.ch\/en\/wp-json\/wp\/v2\/media?parent=14044"}],"wp:term":[{"taxonomy":"category","embeddable":true,"href":"https:\/\/www.m-q.ch\/en\/wp-json\/wp\/v2\/categories?post=14044"},{"taxonomy":"post_tag","embeddable":true,"href":"https:\/\/www.m-q.ch\/en\/wp-json\/wp\/v2\/tags?post=14044"}],"curies":[{"name":"wp","href":"https:\/\/api.w.org\/{rel}","templated":true}]}}