{"id":14058,"date":"2021-04-08T10:06:24","date_gmt":"2021-04-08T08:06:24","guid":{"rendered":"https:\/\/www.m-q.ch\/?p=14058"},"modified":"2021-04-08T10:08:02","modified_gmt":"2021-04-08T08:08:02","slug":"t-systems-alpine-relies-on-a-swiss-cloud","status":"publish","type":"post","link":"https:\/\/www.m-q.ch\/en\/t-systems-alpine-setzt-auf-eine-swiss-cloud\/","title":{"rendered":"T-Systems Alpine relies on a \"Swiss Cloud"},"content":{"rendered":"<figure id=\"attachment_14061\" aria-describedby=\"caption-attachment-14061\" style=\"width: 2560px\" class=\"wp-caption aligncenter\"><img loading=\"lazy\" decoding=\"async\" class=\"wp-image-14061 size-full\" src=\"https:\/\/www.m-q.ch\/wp-content\/uploads\/2021\/04\/dl-telekom-cloud-07-1-scaled.jpg\" alt=\"&quot;Swiss Cloud&quot;\" width=\"2560\" height=\"1707\" srcset=\"https:\/\/www.m-q.ch\/wp-content\/uploads\/2021\/04\/dl-telekom-cloud-07-1-scaled.jpg 2560w, https:\/\/www.m-q.ch\/wp-content\/uploads\/2021\/04\/dl-telekom-cloud-07-1-768x512.jpg 768w, https:\/\/www.m-q.ch\/wp-content\/uploads\/2021\/04\/dl-telekom-cloud-07-1-1536x1024.jpg 1536w, https:\/\/www.m-q.ch\/wp-content\/uploads\/2021\/04\/dl-telekom-cloud-07-1-2048x1365.jpg 2048w, https:\/\/www.m-q.ch\/wp-content\/uploads\/2021\/04\/dl-telekom-cloud-07-1-16x12.jpg 16w, https:\/\/www.m-q.ch\/wp-content\/uploads\/2021\/04\/dl-telekom-cloud-07-1-263x175.jpg 263w, https:\/\/www.m-q.ch\/wp-content\/uploads\/2021\/04\/dl-telekom-cloud-07-1-525x350.jpg 525w, https:\/\/www.m-q.ch\/wp-content\/uploads\/2021\/04\/dl-telekom-cloud-07-1-1200x800.jpg 1200w, https:\/\/www.m-q.ch\/wp-content\/uploads\/2021\/04\/dl-telekom-cloud-07-1-920x613.jpg 920w, https:\/\/www.m-q.ch\/wp-content\/uploads\/2021\/04\/dl-telekom-cloud-07-1-1400x933.jpg 1400w, https:\/\/www.m-q.ch\/wp-content\/uploads\/2021\/04\/dl-telekom-cloud-07-1-300x200.jpg 300w\" sizes=\"auto, (max-width: 2560px) 100vw, 2560px\" \/><figcaption id=\"caption-attachment-14061\" class=\"wp-caption-text\">\u00a9 Deutsche Telekom AG<\/figcaption><\/figure>\n<p>There's no arguing it away - cloud computing is becoming increasingly relevant. The demand for public clouds will more than double worldwide in the next five years, according to the forecast by <a href=\"http:\/\/www.t-systems.com\/ch\/de\/ueber-t-systems\/unternehmen\/profil\/t-systems-alpine\">T-Systems Alpine<\/a>.  According to the digital services provider, more than ever companies need innovative cloud platforms that are tailored to their needs - platform- and vendor-independent and extremely secure. In recent months, T-Systems has further expanded its strategic cooperation with hyperscalers such as Microsoft, AWS and Google, enabling it to manage multi-cloud landscapes for customers. The IT service provider also offers data security for all cloud solutions. As part of the <a href=\"http:\/\/www.t-systems.com\/ch\/de\/ueber-t-systems\/news\/presse\/die-cloud-zuerst-t-systems-ruft-neue-strategie-aus-382902\">\"Cloud First Strategy<\/a> T-Systems wants to make a \"Swiss Cloud\" - based on its own public cloud, the Open Telekom Cloud (OTC) - available to its customers in Switzerland. \"We are seeing the world and long-established business models change rapidly as a result of the global Corona crisis, and we see that the appetite for cloud solutions among our customers has increased enormously. To meet the needs of our customers in Switzerland, we are building a 'Swiss Cloud' for 2021, which will bring all the benefits of an Open Telekom Cloud,\" said Thomas Reitze. He joined T-Systems Switzerland in May 2020 in the role of Vice President Commercial &amp; Market Relations. As a member of the Management Board, Thomas Reitze is responsible for strategic customer and market relations at T-Systems in Switzerland. At the same time, in this role he represents the business of T-Systems Switzerland both internally and externally, the company writes.<\/p>\n<p><strong>Expectations for 2021<\/strong><\/p>\n<p>The pandemic was and is a driver of digital transformation. T-Systems Alpine not only expects increased demand for multi-cloud, SAP &amp; security services in 2021. \"We also see demand for Edge Computing, Big Data &amp; Data Analytics as well as Business Intelligence and IoT solutions. Companies should take advantage of these, look ahead and accelerate the digitalization of their business processes. At the same time, however, companies should also focus on security,\" says Reitze.<\/p>\n<p><strong>Also more sustainability<\/strong><\/p>\n<p>At the recent media briefing, T-Systems Alpine also announced that it would be focusing more strongly on sustainability in the future. Measures have been taken in both countries to reduce the ecological footprint. These include the more energy-efficient operation of data centers and the switch to green electricity. The company is also pushing the development of products, supply chains and solutions that will help customers to be more sustainable.\u00a0<\/p>\n<p>&nbsp;<\/p>\n<p>&nbsp;<\/p>","protected":false},"excerpt":{"rendered":"<p>Es l\u00e4sst sich nicht wegdiskutieren \u2013 Cloud Computing gewinnt immer mehr an Relevanz. Die Nachfrage nach \u00f6ffentlichen Clouds werde sich in den n\u00e4chsten f\u00fcnf Jahren weltweit mehr als verdoppeln, so die Prognose von T-Systems Alpine. \u00a0Laut dem Anbieter von digitalen Diensten ben\u00f6tigen\u00a0Unternehmen mehr denn je innovative Cloud-Plattformen, die auf ihre Bed\u00fcrfnisse zugeschnitten sind \u2013 plattform- [&hellip;]<\/p>\n","protected":false},"author":35,"featured_media":14061,"comment_status":"closed","ping_status":"closed","sticky":false,"template":"","format":"standard","meta":{"_acf_changed":false,"footnotes":""},"categories":[4448],"tags":[4887,4888],"class_list":["post-14058","post","type-post","status-publish","format-standard","has-post-thumbnail","hentry","category-allgemein","tag-swiss-cloud","tag-t-systems-alpine"],"acf":[],"yoast_head":"<!-- This site is optimized with the Yoast SEO plugin v26.2 - https:\/\/yoast.com\/wordpress\/plugins\/seo\/ -->\n<title>T-Systems Alpine setzt auf eine \u00abSwiss Cloud\u00bb - MQ Management und Qualit\u00e4t<\/title>\n<meta name=\"description\" content=\"T-Systems Alpine arbeitet mit einer l\u00e4nder\u00fcbergreifenden Organisation (\u00d6sterreich und Schweiz) setzt auf eine \u00abSwiss Cloud\u00bb.\" \/>\n<meta name=\"robots\" content=\"index, follow, max-snippet:-1, max-image-preview:large, max-video-preview:-1\" \/>\n<link rel=\"canonical\" href=\"https:\/\/www.m-q.ch\/en\/t-systems-alpine-relies-on-a-swiss-cloud\/\" \/>\n<meta property=\"og:locale\" content=\"en_US\" \/>\n<meta property=\"og:type\" content=\"article\" \/>\n<meta property=\"og:title\" content=\"T-Systems Alpine setzt auf eine \u00abSwiss Cloud\u00bb - MQ Management und Qualit\u00e4t\" \/>\n<meta property=\"og:description\" content=\"T-Systems Alpine arbeitet mit einer l\u00e4nder\u00fcbergreifenden Organisation (\u00d6sterreich und Schweiz) setzt auf eine \u00abSwiss Cloud\u00bb.\" \/>\n<meta property=\"og:url\" content=\"https:\/\/www.m-q.ch\/en\/t-systems-alpine-relies-on-a-swiss-cloud\/\" \/>\n<meta property=\"og:site_name\" content=\"MQ Management und Qualit\u00e4t\" \/>\n<meta property=\"article:publisher\" content=\"https:\/\/www.facebook.com\/ManagementUndQualitaet\" \/>\n<meta property=\"article:published_time\" content=\"2021-04-08T08:06:24+00:00\" \/>\n<meta property=\"article:modified_time\" content=\"2021-04-08T08:08:02+00:00\" \/>\n<meta property=\"og:image\" content=\"https:\/\/www.m-q.ch\/wp-content\/uploads\/2021\/04\/dl-telekom-cloud-07-1-scaled.jpg\" \/>\n\t<meta property=\"og:image:width\" content=\"2560\" \/>\n\t<meta property=\"og:image:height\" content=\"1707\" \/>\n\t<meta property=\"og:image:type\" content=\"image\/jpeg\" \/>\n<meta name=\"author\" content=\"Roger Str\u00e4ssle\" \/>\n<meta name=\"twitter:card\" content=\"summary_large_image\" \/>\n<meta name=\"twitter:label1\" content=\"Written by\" \/>\n\t<meta name=\"twitter:data1\" content=\"Roger Str\u00e4ssle\" \/>\n\t<meta name=\"twitter:label2\" content=\"Est. reading time\" \/>\n\t<meta name=\"twitter:data2\" content=\"2 minutes\" \/>\n<script type=\"application\/ld+json\" class=\"yoast-schema-graph\">{\"@context\":\"https:\/\/schema.org\",\"@graph\":[{\"@type\":\"Article\",\"@id\":\"https:\/\/www.m-q.ch\/t-systems-alpine-setzt-auf-eine-swiss-cloud\/#article\",\"isPartOf\":{\"@id\":\"https:\/\/www.m-q.ch\/t-systems-alpine-setzt-auf-eine-swiss-cloud\/\"},\"author\":{\"name\":\"Roger Str\u00e4ssle\",\"@id\":\"https:\/\/www.m-q.ch\/fr\/#\/schema\/person\/47d540e081acd98ccbeb69b55df653d7\"},\"headline\":\"T-Systems Alpine setzt auf eine \u00abSwiss Cloud\u00bb\",\"datePublished\":\"2021-04-08T08:06:24+00:00\",\"dateModified\":\"2021-04-08T08:08:02+00:00\",\"mainEntityOfPage\":{\"@id\":\"https:\/\/www.m-q.ch\/t-systems-alpine-setzt-auf-eine-swiss-cloud\/\"},\"wordCount\":421,\"publisher\":{\"@id\":\"https:\/\/www.m-q.ch\/fr\/#organization\"},\"image\":{\"@id\":\"https:\/\/www.m-q.ch\/t-systems-alpine-setzt-auf-eine-swiss-cloud\/#primaryimage\"},\"thumbnailUrl\":\"https:\/\/www.m-q.ch\/wp-content\/uploads\/2021\/04\/dl-telekom-cloud-07-1-scaled.jpg\",\"keywords\":[\"\u00abSwiss Cloud\u00bb\",\"T-Systems Alpine\"],\"articleSection\":[\"Allgemein\"],\"inLanguage\":\"en-US\"},{\"@type\":\"WebPage\",\"@id\":\"https:\/\/www.m-q.ch\/t-systems-alpine-setzt-auf-eine-swiss-cloud\/\",\"url\":\"https:\/\/www.m-q.ch\/t-systems-alpine-setzt-auf-eine-swiss-cloud\/\",\"name\":\"T-Systems Alpine setzt auf eine \u00abSwiss Cloud\u00bb - MQ Management und Qualit\u00e4t\",\"isPartOf\":{\"@id\":\"https:\/\/www.m-q.ch\/fr\/#website\"},\"primaryImageOfPage\":{\"@id\":\"https:\/\/www.m-q.ch\/t-systems-alpine-setzt-auf-eine-swiss-cloud\/#primaryimage\"},\"image\":{\"@id\":\"https:\/\/www.m-q.ch\/t-systems-alpine-setzt-auf-eine-swiss-cloud\/#primaryimage\"},\"thumbnailUrl\":\"https:\/\/www.m-q.ch\/wp-content\/uploads\/2021\/04\/dl-telekom-cloud-07-1-scaled.jpg\",\"datePublished\":\"2021-04-08T08:06:24+00:00\",\"dateModified\":\"2021-04-08T08:08:02+00:00\",\"description\":\"T-Systems Alpine arbeitet mit einer l\u00e4nder\u00fcbergreifenden Organisation (\u00d6sterreich und Schweiz) setzt auf eine \u00abSwiss Cloud\u00bb.\",\"breadcrumb\":{\"@id\":\"https:\/\/www.m-q.ch\/t-systems-alpine-setzt-auf-eine-swiss-cloud\/#breadcrumb\"},\"inLanguage\":\"en-US\",\"potentialAction\":[{\"@type\":\"ReadAction\",\"target\":[\"https:\/\/www.m-q.ch\/t-systems-alpine-setzt-auf-eine-swiss-cloud\/\"]}]},{\"@type\":\"ImageObject\",\"inLanguage\":\"en-US\",\"@id\":\"https:\/\/www.m-q.ch\/t-systems-alpine-setzt-auf-eine-swiss-cloud\/#primaryimage\",\"url\":\"https:\/\/www.m-q.ch\/wp-content\/uploads\/2021\/04\/dl-telekom-cloud-07-1-scaled.jpg\",\"contentUrl\":\"https:\/\/www.m-q.ch\/wp-content\/uploads\/2021\/04\/dl-telekom-cloud-07-1-scaled.jpg\",\"width\":2560,\"height\":1707,\"caption\":\"\u00a9 Deutschen Telekom AG\"},{\"@type\":\"BreadcrumbList\",\"@id\":\"https:\/\/www.m-q.ch\/t-systems-alpine-setzt-auf-eine-swiss-cloud\/#breadcrumb\",\"itemListElement\":[{\"@type\":\"ListItem\",\"position\":1,\"name\":\"Allgemein\",\"item\":\"https:\/\/www.m-q.ch\/kategorie\/allgemein\/\"},{\"@type\":\"ListItem\",\"position\":2,\"name\":\"T-Systems Alpine setzt auf eine \u00abSwiss Cloud\u00bb\"}]},{\"@type\":\"WebSite\",\"@id\":\"https:\/\/www.m-q.ch\/fr\/#website\",\"url\":\"https:\/\/www.m-q.ch\/fr\/\",\"name\":\"MQ Management und Qualit\u00e4t\",\"description\":\"Plattform f\u00fcr integrierte Managementsysteme.\",\"publisher\":{\"@id\":\"https:\/\/www.m-q.ch\/fr\/#organization\"},\"potentialAction\":[{\"@type\":\"SearchAction\",\"target\":{\"@type\":\"EntryPoint\",\"urlTemplate\":\"https:\/\/www.m-q.ch\/fr\/?s={search_term_string}\"},\"query-input\":{\"@type\":\"PropertyValueSpecification\",\"valueRequired\":true,\"valueName\":\"search_term_string\"}}],\"inLanguage\":\"en-US\"},{\"@type\":\"Organization\",\"@id\":\"https:\/\/www.m-q.ch\/fr\/#organization\",\"name\":\"Galledia Fachmedien AG\",\"url\":\"https:\/\/www.m-q.ch\/fr\/\",\"logo\":{\"@type\":\"ImageObject\",\"inLanguage\":\"en-US\",\"@id\":\"https:\/\/www.m-q.ch\/fr\/#\/schema\/logo\/image\/\",\"url\":\"https:\/\/www.m-q.ch\/wp-content\/uploads\/2020\/12\/cropped-logo_small.png\",\"contentUrl\":\"https:\/\/www.m-q.ch\/wp-content\/uploads\/2020\/12\/cropped-logo_small.png\",\"width\":512,\"height\":512,\"caption\":\"Galledia Fachmedien AG\"},\"image\":{\"@id\":\"https:\/\/www.m-q.ch\/fr\/#\/schema\/logo\/image\/\"},\"sameAs\":[\"https:\/\/www.facebook.com\/ManagementUndQualitaet\",\"https:\/\/www.linkedin.com\/showcase\/17982321\/admin\/\"]},{\"@type\":\"Person\",\"@id\":\"https:\/\/www.m-q.ch\/fr\/#\/schema\/person\/47d540e081acd98ccbeb69b55df653d7\",\"name\":\"Roger Str\u00e4ssle\",\"image\":{\"@type\":\"ImageObject\",\"inLanguage\":\"en-US\",\"@id\":\"https:\/\/www.m-q.ch\/fr\/#\/schema\/person\/image\/\",\"url\":\"https:\/\/secure.gravatar.com\/avatar\/e4dde3046d8a184d2e2d27651a418883?s=96&d=mm&r=g\",\"contentUrl\":\"https:\/\/secure.gravatar.com\/avatar\/e4dde3046d8a184d2e2d27651a418883?s=96&d=mm&r=g\",\"caption\":\"Roger Str\u00e4ssle\"},\"url\":\"https:\/\/www.m-q.ch\/en\/author\/roger-straessle\/\"}]}<\/script>\n<!-- \/ Yoast SEO plugin. -->","yoast_head_json":{"title":"T-Systems Alpine relies on a \"Swiss Cloud\" - MQ Management and Quality","description":"T-Systems Alpine works with a transnational organization (Austria and Switzerland) relies on a \"Swiss Cloud\".","robots":{"index":"index","follow":"follow","max-snippet":"max-snippet:-1","max-image-preview":"max-image-preview:large","max-video-preview":"max-video-preview:-1"},"canonical":"https:\/\/www.m-q.ch\/en\/t-systems-alpine-relies-on-a-swiss-cloud\/","og_locale":"en_US","og_type":"article","og_title":"T-Systems Alpine setzt auf eine \u00abSwiss Cloud\u00bb - MQ Management und Qualit\u00e4t","og_description":"T-Systems Alpine arbeitet mit einer l\u00e4nder\u00fcbergreifenden Organisation (\u00d6sterreich und Schweiz) setzt auf eine \u00abSwiss Cloud\u00bb.","og_url":"https:\/\/www.m-q.ch\/en\/t-systems-alpine-relies-on-a-swiss-cloud\/","og_site_name":"MQ Management und Qualit\u00e4t","article_publisher":"https:\/\/www.facebook.com\/ManagementUndQualitaet","article_published_time":"2021-04-08T08:06:24+00:00","article_modified_time":"2021-04-08T08:08:02+00:00","og_image":[{"width":2560,"height":1707,"url":"https:\/\/www.m-q.ch\/wp-content\/uploads\/2021\/04\/dl-telekom-cloud-07-1-scaled.jpg","type":"image\/jpeg"}],"author":"Roger Str\u00e4ssle","twitter_card":"summary_large_image","twitter_misc":{"Written by":"Roger Str\u00e4ssle","Est. reading time":"2 minutes"},"schema":{"@context":"https:\/\/schema.org","@graph":[{"@type":"Article","@id":"https:\/\/www.m-q.ch\/t-systems-alpine-setzt-auf-eine-swiss-cloud\/#article","isPartOf":{"@id":"https:\/\/www.m-q.ch\/t-systems-alpine-setzt-auf-eine-swiss-cloud\/"},"author":{"name":"Roger Str\u00e4ssle","@id":"https:\/\/www.m-q.ch\/fr\/#\/schema\/person\/47d540e081acd98ccbeb69b55df653d7"},"headline":"T-Systems Alpine setzt auf eine \u00abSwiss Cloud\u00bb","datePublished":"2021-04-08T08:06:24+00:00","dateModified":"2021-04-08T08:08:02+00:00","mainEntityOfPage":{"@id":"https:\/\/www.m-q.ch\/t-systems-alpine-setzt-auf-eine-swiss-cloud\/"},"wordCount":421,"publisher":{"@id":"https:\/\/www.m-q.ch\/fr\/#organization"},"image":{"@id":"https:\/\/www.m-q.ch\/t-systems-alpine-setzt-auf-eine-swiss-cloud\/#primaryimage"},"thumbnailUrl":"https:\/\/www.m-q.ch\/wp-content\/uploads\/2021\/04\/dl-telekom-cloud-07-1-scaled.jpg","keywords":["\u00abSwiss Cloud\u00bb","T-Systems Alpine"],"articleSection":["Allgemein"],"inLanguage":"en-US"},{"@type":"WebPage","@id":"https:\/\/www.m-q.ch\/t-systems-alpine-setzt-auf-eine-swiss-cloud\/","url":"https:\/\/www.m-q.ch\/t-systems-alpine-setzt-auf-eine-swiss-cloud\/","name":"T-Systems Alpine relies on a \"Swiss Cloud\" - MQ Management and Quality","isPartOf":{"@id":"https:\/\/www.m-q.ch\/fr\/#website"},"primaryImageOfPage":{"@id":"https:\/\/www.m-q.ch\/t-systems-alpine-setzt-auf-eine-swiss-cloud\/#primaryimage"},"image":{"@id":"https:\/\/www.m-q.ch\/t-systems-alpine-setzt-auf-eine-swiss-cloud\/#primaryimage"},"thumbnailUrl":"https:\/\/www.m-q.ch\/wp-content\/uploads\/2021\/04\/dl-telekom-cloud-07-1-scaled.jpg","datePublished":"2021-04-08T08:06:24+00:00","dateModified":"2021-04-08T08:08:02+00:00","description":"T-Systems Alpine works with a transnational organization (Austria and Switzerland) relies on a \"Swiss Cloud\".","breadcrumb":{"@id":"https:\/\/www.m-q.ch\/t-systems-alpine-setzt-auf-eine-swiss-cloud\/#breadcrumb"},"inLanguage":"en-US","potentialAction":[{"@type":"ReadAction","target":["https:\/\/www.m-q.ch\/t-systems-alpine-setzt-auf-eine-swiss-cloud\/"]}]},{"@type":"ImageObject","inLanguage":"en-US","@id":"https:\/\/www.m-q.ch\/t-systems-alpine-setzt-auf-eine-swiss-cloud\/#primaryimage","url":"https:\/\/www.m-q.ch\/wp-content\/uploads\/2021\/04\/dl-telekom-cloud-07-1-scaled.jpg","contentUrl":"https:\/\/www.m-q.ch\/wp-content\/uploads\/2021\/04\/dl-telekom-cloud-07-1-scaled.jpg","width":2560,"height":1707,"caption":"\u00a9 Deutschen Telekom AG"},{"@type":"BreadcrumbList","@id":"https:\/\/www.m-q.ch\/t-systems-alpine-setzt-auf-eine-swiss-cloud\/#breadcrumb","itemListElement":[{"@type":"ListItem","position":1,"name":"Allgemein","item":"https:\/\/www.m-q.ch\/kategorie\/allgemein\/"},{"@type":"ListItem","position":2,"name":"T-Systems Alpine setzt auf eine \u00abSwiss Cloud\u00bb"}]},{"@type":"WebSite","@id":"https:\/\/www.m-q.ch\/fr\/#website","url":"https:\/\/www.m-q.ch\/fr\/","name":"MQ Management and Quality","description":"Platform for integrated management systems.","publisher":{"@id":"https:\/\/www.m-q.ch\/fr\/#organization"},"potentialAction":[{"@type":"SearchAction","target":{"@type":"EntryPoint","urlTemplate":"https:\/\/www.m-q.ch\/fr\/?s={search_term_string}"},"query-input":{"@type":"PropertyValueSpecification","valueRequired":true,"valueName":"search_term_string"}}],"inLanguage":"en-US"},{"@type":"Organization","@id":"https:\/\/www.m-q.ch\/fr\/#organization","name":"Galledia Trade Media AG","url":"https:\/\/www.m-q.ch\/fr\/","logo":{"@type":"ImageObject","inLanguage":"en-US","@id":"https:\/\/www.m-q.ch\/fr\/#\/schema\/logo\/image\/","url":"https:\/\/www.m-q.ch\/wp-content\/uploads\/2020\/12\/cropped-logo_small.png","contentUrl":"https:\/\/www.m-q.ch\/wp-content\/uploads\/2020\/12\/cropped-logo_small.png","width":512,"height":512,"caption":"Galledia Fachmedien AG"},"image":{"@id":"https:\/\/www.m-q.ch\/fr\/#\/schema\/logo\/image\/"},"sameAs":["https:\/\/www.facebook.com\/ManagementUndQualitaet","https:\/\/www.linkedin.com\/showcase\/17982321\/admin\/"]},{"@type":"Person","@id":"https:\/\/www.m-q.ch\/fr\/#\/schema\/person\/47d540e081acd98ccbeb69b55df653d7","name":"Roger Str\u00e4ssle","image":{"@type":"ImageObject","inLanguage":"en-US","@id":"https:\/\/www.m-q.ch\/fr\/#\/schema\/person\/image\/","url":"https:\/\/secure.gravatar.com\/avatar\/e4dde3046d8a184d2e2d27651a418883?s=96&d=mm&r=g","contentUrl":"https:\/\/secure.gravatar.com\/avatar\/e4dde3046d8a184d2e2d27651a418883?s=96&d=mm&r=g","caption":"Roger Str\u00e4ssle"},"url":"https:\/\/www.m-q.ch\/en\/author\/roger-straessle\/"}]}},"_links":{"self":[{"href":"https:\/\/www.m-q.ch\/en\/wp-json\/wp\/v2\/posts\/14058","targetHints":{"allow":["GET"]}}],"collection":[{"href":"https:\/\/www.m-q.ch\/en\/wp-json\/wp\/v2\/posts"}],"about":[{"href":"https:\/\/www.m-q.ch\/en\/wp-json\/wp\/v2\/types\/post"}],"author":[{"embeddable":true,"href":"https:\/\/www.m-q.ch\/en\/wp-json\/wp\/v2\/users\/35"}],"replies":[{"embeddable":true,"href":"https:\/\/www.m-q.ch\/en\/wp-json\/wp\/v2\/comments?post=14058"}],"version-history":[{"count":2,"href":"https:\/\/www.m-q.ch\/en\/wp-json\/wp\/v2\/posts\/14058\/revisions"}],"predecessor-version":[{"id":14063,"href":"https:\/\/www.m-q.ch\/en\/wp-json\/wp\/v2\/posts\/14058\/revisions\/14063"}],"wp:featuredmedia":[{"embeddable":true,"href":"https:\/\/www.m-q.ch\/en\/wp-json\/wp\/v2\/media\/14061"}],"wp:attachment":[{"href":"https:\/\/www.m-q.ch\/en\/wp-json\/wp\/v2\/media?parent=14058"}],"wp:term":[{"taxonomy":"category","embeddable":true,"href":"https:\/\/www.m-q.ch\/en\/wp-json\/wp\/v2\/categories?post=14058"},{"taxonomy":"post_tag","embeddable":true,"href":"https:\/\/www.m-q.ch\/en\/wp-json\/wp\/v2\/tags?post=14058"}],"curies":[{"name":"wp","href":"https:\/\/api.w.org\/{rel}","templated":true}]}}