{"id":14633,"date":"2021-06-29T10:46:10","date_gmt":"2021-06-29T08:46:10","guid":{"rendered":"https:\/\/www.m-q.ch\/?p=14633"},"modified":"2021-06-29T12:03:30","modified_gmt":"2021-06-29T10:03:30","slug":"multi-part-event-series-for-precision-manufacturing","status":"publish","type":"post","link":"https:\/\/www.m-q.ch\/en\/mehrteilige-eventserie-fuer-praezisionsfertigung\/","title":{"rendered":"Multi-part event series for precision manufacturing"},"content":{"rendered":"<p>The series of events starts on 29 June in the afternoon with the topic \"Modern manufacturing between day-to-day business and the megatrend of digitalisation\". The Rhine Valley Research and Innovation Centre (RhySearch) has been able to attract proven experts from business and research.<\/p>\n<p>\"At least as important as providing insights into current trends and developments in precision manufacturing, however, is for us to network the participants with each other. That's why workshops on various topics are planned, which will also be followed up afterwards,\" explains B\u00e4rbel Selm, Head of Network and Innovation. The overriding goal of the event series is to establish a lively network for precision manufacturing in the region over the next few years.<\/p>\n<p>The RhySearch team was particularly pleased that, thanks to the federal government's relaxed Corona measures, the event could be held on site at the OST Ostschweizer Fachhochschule in Buchs - naturally in compliance with the current protection concept.<\/p>\n<p>Thanks to support from Innosuisse, the Swiss Agency for the Promotion of Innovation, and sponsors, the event can be offered free of charge to participants.<\/p>\n<p><em>For more info: <a href=\"https:\/\/www.rhysearch.ch\/aktuelles\/networking-event-series\/moderne-fertigung-zwischen-tagesgeschaeft-und-megatrend-digitalisierung.html\">https:\/\/www.rhysearch.ch\/aktuelles\/networking-event-series\/moderne-fertigung-zwischen-tagesgeschaeft-und-megatrend-digitalisierung.html<\/a><\/em><\/p>\n<p><em>Further RhySearch events can be found here: <\/em><em><a href=\"http:\/\/www.rhysearch.ch\/aktuelles\/veranstaltungen.html\">www.rhysearch.ch\/aktuelles\/veranstaltungen.html<\/a><\/em><\/p>\n<p>&nbsp;<\/p>\n<p>&nbsp;<\/p>","protected":false},"excerpt":{"rendered":"<p>Die Veranstaltungsreihe startet am 29. Juni nachmittags mit dem Thema \u00abModerne Fertigung zwischen Tagesgesch\u00e4ft und Megatrend Digitalisierung\u00bb. Das Forschungs- und Innovationszentrum Rheintal (RhySearch) konnte daf\u00fcr ausgewiesene Experten aus Wirtschaft und Forschung gewinnen. \u00abMindestens ebenso wichtig wie Einblicke in aktuelle Trends und Entwicklungen in der Pr\u00e4zisionsfertigung zu geben ist es uns aber, die Teilnehmenden untereinander zu [&hellip;]<\/p>\n","protected":false},"author":35,"featured_media":14634,"comment_status":"closed","ping_status":"closed","sticky":false,"template":"","format":"standard","meta":{"_acf_changed":false,"footnotes":""},"categories":[4448],"tags":[3372,4957],"class_list":["post-14633","post","type-post","status-publish","format-standard","has-post-thumbnail","hentry","category-allgemein","tag-digitalisierung","tag-fertigung"],"acf":[],"yoast_head":"<!-- This site is optimized with the Yoast SEO plugin v26.2 - https:\/\/yoast.com\/wordpress\/plugins\/seo\/ -->\n<title>Mehrteilige Eventserie f\u00fcr Pr\u00e4zisionsfertigung - MQ Management und Qualit\u00e4t<\/title>\n<meta name=\"robots\" content=\"index, follow, max-snippet:-1, max-image-preview:large, max-video-preview:-1\" \/>\n<link rel=\"canonical\" href=\"https:\/\/www.m-q.ch\/en\/multi-part-event-series-for-precision-manufacturing\/\" \/>\n<meta property=\"og:locale\" content=\"en_US\" \/>\n<meta property=\"og:type\" content=\"article\" \/>\n<meta property=\"og:title\" content=\"Mehrteilige Eventserie f\u00fcr Pr\u00e4zisionsfertigung - MQ Management und Qualit\u00e4t\" \/>\n<meta property=\"og:description\" content=\"Die Veranstaltungsreihe startet am 29. Juni nachmittags mit dem Thema \u00abModerne Fertigung zwischen Tagesgesch\u00e4ft und Megatrend Digitalisierung\u00bb. Das Forschungs- und Innovationszentrum Rheintal (RhySearch) konnte daf\u00fcr ausgewiesene Experten aus Wirtschaft und Forschung gewinnen. \u00abMindestens ebenso wichtig wie Einblicke in aktuelle Trends und Entwicklungen in der Pr\u00e4zisionsfertigung zu geben ist es uns aber, die Teilnehmenden untereinander zu [&hellip;]\" \/>\n<meta property=\"og:url\" content=\"https:\/\/www.m-q.ch\/en\/multi-part-event-series-for-precision-manufacturing\/\" \/>\n<meta property=\"og:site_name\" content=\"MQ Management und Qualit\u00e4t\" \/>\n<meta property=\"article:publisher\" content=\"https:\/\/www.facebook.com\/ManagementUndQualitaet\" \/>\n<meta property=\"article:published_time\" content=\"2021-06-29T08:46:10+00:00\" \/>\n<meta property=\"article:modified_time\" content=\"2021-06-29T10:03:30+00:00\" \/>\n<meta property=\"og:image\" content=\"https:\/\/www.m-q.ch\/wp-content\/uploads\/2021\/06\/optic.jpg\" \/>\n\t<meta property=\"og:image:width\" content=\"557\" \/>\n\t<meta property=\"og:image:height\" content=\"352\" \/>\n\t<meta property=\"og:image:type\" content=\"image\/jpeg\" \/>\n<meta name=\"author\" content=\"Roger Str\u00e4ssle\" \/>\n<meta name=\"twitter:card\" content=\"summary_large_image\" \/>\n<meta name=\"twitter:label1\" content=\"Written by\" \/>\n\t<meta name=\"twitter:data1\" content=\"Roger Str\u00e4ssle\" \/>\n\t<meta name=\"twitter:label2\" content=\"Est. reading time\" \/>\n\t<meta name=\"twitter:data2\" content=\"1 minute\" \/>\n<script type=\"application\/ld+json\" class=\"yoast-schema-graph\">{\"@context\":\"https:\/\/schema.org\",\"@graph\":[{\"@type\":\"Article\",\"@id\":\"https:\/\/www.m-q.ch\/mehrteilige-eventserie-fuer-praezisionsfertigung\/#article\",\"isPartOf\":{\"@id\":\"https:\/\/www.m-q.ch\/mehrteilige-eventserie-fuer-praezisionsfertigung\/\"},\"author\":{\"name\":\"Roger Str\u00e4ssle\",\"@id\":\"https:\/\/www.m-q.ch\/fr\/#\/schema\/person\/47d540e081acd98ccbeb69b55df653d7\"},\"headline\":\"Mehrteilige Eventserie f\u00fcr Pr\u00e4zisionsfertigung\",\"datePublished\":\"2021-06-29T08:46:10+00:00\",\"dateModified\":\"2021-06-29T10:03:30+00:00\",\"mainEntityOfPage\":{\"@id\":\"https:\/\/www.m-q.ch\/mehrteilige-eventserie-fuer-praezisionsfertigung\/\"},\"wordCount\":199,\"publisher\":{\"@id\":\"https:\/\/www.m-q.ch\/fr\/#organization\"},\"image\":{\"@id\":\"https:\/\/www.m-q.ch\/mehrteilige-eventserie-fuer-praezisionsfertigung\/#primaryimage\"},\"thumbnailUrl\":\"https:\/\/www.m-q.ch\/wp-content\/uploads\/2021\/06\/optic.jpg\",\"keywords\":[\"Digitalisierung\",\"Fertigung\"],\"articleSection\":[\"Allgemein\"],\"inLanguage\":\"en-US\"},{\"@type\":\"WebPage\",\"@id\":\"https:\/\/www.m-q.ch\/mehrteilige-eventserie-fuer-praezisionsfertigung\/\",\"url\":\"https:\/\/www.m-q.ch\/mehrteilige-eventserie-fuer-praezisionsfertigung\/\",\"name\":\"Mehrteilige Eventserie f\u00fcr Pr\u00e4zisionsfertigung - MQ Management und Qualit\u00e4t\",\"isPartOf\":{\"@id\":\"https:\/\/www.m-q.ch\/fr\/#website\"},\"primaryImageOfPage\":{\"@id\":\"https:\/\/www.m-q.ch\/mehrteilige-eventserie-fuer-praezisionsfertigung\/#primaryimage\"},\"image\":{\"@id\":\"https:\/\/www.m-q.ch\/mehrteilige-eventserie-fuer-praezisionsfertigung\/#primaryimage\"},\"thumbnailUrl\":\"https:\/\/www.m-q.ch\/wp-content\/uploads\/2021\/06\/optic.jpg\",\"datePublished\":\"2021-06-29T08:46:10+00:00\",\"dateModified\":\"2021-06-29T10:03:30+00:00\",\"breadcrumb\":{\"@id\":\"https:\/\/www.m-q.ch\/mehrteilige-eventserie-fuer-praezisionsfertigung\/#breadcrumb\"},\"inLanguage\":\"en-US\",\"potentialAction\":[{\"@type\":\"ReadAction\",\"target\":[\"https:\/\/www.m-q.ch\/mehrteilige-eventserie-fuer-praezisionsfertigung\/\"]}]},{\"@type\":\"ImageObject\",\"inLanguage\":\"en-US\",\"@id\":\"https:\/\/www.m-q.ch\/mehrteilige-eventserie-fuer-praezisionsfertigung\/#primaryimage\",\"url\":\"https:\/\/www.m-q.ch\/wp-content\/uploads\/2021\/06\/optic.jpg\",\"contentUrl\":\"https:\/\/www.m-q.ch\/wp-content\/uploads\/2021\/06\/optic.jpg\",\"width\":557,\"height\":352,\"caption\":\"\u00a9 SwissOptic AG\"},{\"@type\":\"BreadcrumbList\",\"@id\":\"https:\/\/www.m-q.ch\/mehrteilige-eventserie-fuer-praezisionsfertigung\/#breadcrumb\",\"itemListElement\":[{\"@type\":\"ListItem\",\"position\":1,\"name\":\"Allgemein\",\"item\":\"https:\/\/www.m-q.ch\/kategorie\/allgemein\/\"},{\"@type\":\"ListItem\",\"position\":2,\"name\":\"Mehrteilige Eventserie f\u00fcr Pr\u00e4zisionsfertigung\"}]},{\"@type\":\"WebSite\",\"@id\":\"https:\/\/www.m-q.ch\/fr\/#website\",\"url\":\"https:\/\/www.m-q.ch\/fr\/\",\"name\":\"MQ Management und Qualit\u00e4t\",\"description\":\"Plattform f\u00fcr integrierte Managementsysteme.\",\"publisher\":{\"@id\":\"https:\/\/www.m-q.ch\/fr\/#organization\"},\"potentialAction\":[{\"@type\":\"SearchAction\",\"target\":{\"@type\":\"EntryPoint\",\"urlTemplate\":\"https:\/\/www.m-q.ch\/fr\/?s={search_term_string}\"},\"query-input\":{\"@type\":\"PropertyValueSpecification\",\"valueRequired\":true,\"valueName\":\"search_term_string\"}}],\"inLanguage\":\"en-US\"},{\"@type\":\"Organization\",\"@id\":\"https:\/\/www.m-q.ch\/fr\/#organization\",\"name\":\"Galledia Fachmedien AG\",\"url\":\"https:\/\/www.m-q.ch\/fr\/\",\"logo\":{\"@type\":\"ImageObject\",\"inLanguage\":\"en-US\",\"@id\":\"https:\/\/www.m-q.ch\/fr\/#\/schema\/logo\/image\/\",\"url\":\"https:\/\/www.m-q.ch\/wp-content\/uploads\/2020\/12\/cropped-logo_small.png\",\"contentUrl\":\"https:\/\/www.m-q.ch\/wp-content\/uploads\/2020\/12\/cropped-logo_small.png\",\"width\":512,\"height\":512,\"caption\":\"Galledia Fachmedien AG\"},\"image\":{\"@id\":\"https:\/\/www.m-q.ch\/fr\/#\/schema\/logo\/image\/\"},\"sameAs\":[\"https:\/\/www.facebook.com\/ManagementUndQualitaet\",\"https:\/\/www.linkedin.com\/showcase\/17982321\/admin\/\"]},{\"@type\":\"Person\",\"@id\":\"https:\/\/www.m-q.ch\/fr\/#\/schema\/person\/47d540e081acd98ccbeb69b55df653d7\",\"name\":\"Roger Str\u00e4ssle\",\"image\":{\"@type\":\"ImageObject\",\"inLanguage\":\"en-US\",\"@id\":\"https:\/\/www.m-q.ch\/fr\/#\/schema\/person\/image\/\",\"url\":\"https:\/\/secure.gravatar.com\/avatar\/e4dde3046d8a184d2e2d27651a418883?s=96&d=mm&r=g\",\"contentUrl\":\"https:\/\/secure.gravatar.com\/avatar\/e4dde3046d8a184d2e2d27651a418883?s=96&d=mm&r=g\",\"caption\":\"Roger Str\u00e4ssle\"},\"url\":\"https:\/\/www.m-q.ch\/en\/author\/roger-straessle\/\"}]}<\/script>\n<!-- \/ Yoast SEO plugin. -->","yoast_head_json":{"title":"Multi-part event series for precision manufacturing - MQ Management and Quality","robots":{"index":"index","follow":"follow","max-snippet":"max-snippet:-1","max-image-preview":"max-image-preview:large","max-video-preview":"max-video-preview:-1"},"canonical":"https:\/\/www.m-q.ch\/en\/multi-part-event-series-for-precision-manufacturing\/","og_locale":"en_US","og_type":"article","og_title":"Mehrteilige Eventserie f\u00fcr Pr\u00e4zisionsfertigung - MQ Management und Qualit\u00e4t","og_description":"Die Veranstaltungsreihe startet am 29. Juni nachmittags mit dem Thema \u00abModerne Fertigung zwischen Tagesgesch\u00e4ft und Megatrend Digitalisierung\u00bb. Das Forschungs- und Innovationszentrum Rheintal (RhySearch) konnte daf\u00fcr ausgewiesene Experten aus Wirtschaft und Forschung gewinnen. \u00abMindestens ebenso wichtig wie Einblicke in aktuelle Trends und Entwicklungen in der Pr\u00e4zisionsfertigung zu geben ist es uns aber, die Teilnehmenden untereinander zu [&hellip;]","og_url":"https:\/\/www.m-q.ch\/en\/multi-part-event-series-for-precision-manufacturing\/","og_site_name":"MQ Management und Qualit\u00e4t","article_publisher":"https:\/\/www.facebook.com\/ManagementUndQualitaet","article_published_time":"2021-06-29T08:46:10+00:00","article_modified_time":"2021-06-29T10:03:30+00:00","og_image":[{"width":557,"height":352,"url":"https:\/\/www.m-q.ch\/wp-content\/uploads\/2021\/06\/optic.jpg","type":"image\/jpeg"}],"author":"Roger Str\u00e4ssle","twitter_card":"summary_large_image","twitter_misc":{"Written by":"Roger Str\u00e4ssle","Est. reading time":"1 minute"},"schema":{"@context":"https:\/\/schema.org","@graph":[{"@type":"Article","@id":"https:\/\/www.m-q.ch\/mehrteilige-eventserie-fuer-praezisionsfertigung\/#article","isPartOf":{"@id":"https:\/\/www.m-q.ch\/mehrteilige-eventserie-fuer-praezisionsfertigung\/"},"author":{"name":"Roger Str\u00e4ssle","@id":"https:\/\/www.m-q.ch\/fr\/#\/schema\/person\/47d540e081acd98ccbeb69b55df653d7"},"headline":"Mehrteilige Eventserie f\u00fcr Pr\u00e4zisionsfertigung","datePublished":"2021-06-29T08:46:10+00:00","dateModified":"2021-06-29T10:03:30+00:00","mainEntityOfPage":{"@id":"https:\/\/www.m-q.ch\/mehrteilige-eventserie-fuer-praezisionsfertigung\/"},"wordCount":199,"publisher":{"@id":"https:\/\/www.m-q.ch\/fr\/#organization"},"image":{"@id":"https:\/\/www.m-q.ch\/mehrteilige-eventserie-fuer-praezisionsfertigung\/#primaryimage"},"thumbnailUrl":"https:\/\/www.m-q.ch\/wp-content\/uploads\/2021\/06\/optic.jpg","keywords":["Digitalisierung","Fertigung"],"articleSection":["Allgemein"],"inLanguage":"en-US"},{"@type":"WebPage","@id":"https:\/\/www.m-q.ch\/mehrteilige-eventserie-fuer-praezisionsfertigung\/","url":"https:\/\/www.m-q.ch\/mehrteilige-eventserie-fuer-praezisionsfertigung\/","name":"Multi-part event series for precision manufacturing - MQ Management and Quality","isPartOf":{"@id":"https:\/\/www.m-q.ch\/fr\/#website"},"primaryImageOfPage":{"@id":"https:\/\/www.m-q.ch\/mehrteilige-eventserie-fuer-praezisionsfertigung\/#primaryimage"},"image":{"@id":"https:\/\/www.m-q.ch\/mehrteilige-eventserie-fuer-praezisionsfertigung\/#primaryimage"},"thumbnailUrl":"https:\/\/www.m-q.ch\/wp-content\/uploads\/2021\/06\/optic.jpg","datePublished":"2021-06-29T08:46:10+00:00","dateModified":"2021-06-29T10:03:30+00:00","breadcrumb":{"@id":"https:\/\/www.m-q.ch\/mehrteilige-eventserie-fuer-praezisionsfertigung\/#breadcrumb"},"inLanguage":"en-US","potentialAction":[{"@type":"ReadAction","target":["https:\/\/www.m-q.ch\/mehrteilige-eventserie-fuer-praezisionsfertigung\/"]}]},{"@type":"ImageObject","inLanguage":"en-US","@id":"https:\/\/www.m-q.ch\/mehrteilige-eventserie-fuer-praezisionsfertigung\/#primaryimage","url":"https:\/\/www.m-q.ch\/wp-content\/uploads\/2021\/06\/optic.jpg","contentUrl":"https:\/\/www.m-q.ch\/wp-content\/uploads\/2021\/06\/optic.jpg","width":557,"height":352,"caption":"\u00a9 SwissOptic AG"},{"@type":"BreadcrumbList","@id":"https:\/\/www.m-q.ch\/mehrteilige-eventserie-fuer-praezisionsfertigung\/#breadcrumb","itemListElement":[{"@type":"ListItem","position":1,"name":"Allgemein","item":"https:\/\/www.m-q.ch\/kategorie\/allgemein\/"},{"@type":"ListItem","position":2,"name":"Mehrteilige Eventserie f\u00fcr Pr\u00e4zisionsfertigung"}]},{"@type":"WebSite","@id":"https:\/\/www.m-q.ch\/fr\/#website","url":"https:\/\/www.m-q.ch\/fr\/","name":"MQ Management and Quality","description":"Platform for integrated management systems.","publisher":{"@id":"https:\/\/www.m-q.ch\/fr\/#organization"},"potentialAction":[{"@type":"SearchAction","target":{"@type":"EntryPoint","urlTemplate":"https:\/\/www.m-q.ch\/fr\/?s={search_term_string}"},"query-input":{"@type":"PropertyValueSpecification","valueRequired":true,"valueName":"search_term_string"}}],"inLanguage":"en-US"},{"@type":"Organization","@id":"https:\/\/www.m-q.ch\/fr\/#organization","name":"Galledia Trade Media AG","url":"https:\/\/www.m-q.ch\/fr\/","logo":{"@type":"ImageObject","inLanguage":"en-US","@id":"https:\/\/www.m-q.ch\/fr\/#\/schema\/logo\/image\/","url":"https:\/\/www.m-q.ch\/wp-content\/uploads\/2020\/12\/cropped-logo_small.png","contentUrl":"https:\/\/www.m-q.ch\/wp-content\/uploads\/2020\/12\/cropped-logo_small.png","width":512,"height":512,"caption":"Galledia Fachmedien AG"},"image":{"@id":"https:\/\/www.m-q.ch\/fr\/#\/schema\/logo\/image\/"},"sameAs":["https:\/\/www.facebook.com\/ManagementUndQualitaet","https:\/\/www.linkedin.com\/showcase\/17982321\/admin\/"]},{"@type":"Person","@id":"https:\/\/www.m-q.ch\/fr\/#\/schema\/person\/47d540e081acd98ccbeb69b55df653d7","name":"Roger Str\u00e4ssle","image":{"@type":"ImageObject","inLanguage":"en-US","@id":"https:\/\/www.m-q.ch\/fr\/#\/schema\/person\/image\/","url":"https:\/\/secure.gravatar.com\/avatar\/e4dde3046d8a184d2e2d27651a418883?s=96&d=mm&r=g","contentUrl":"https:\/\/secure.gravatar.com\/avatar\/e4dde3046d8a184d2e2d27651a418883?s=96&d=mm&r=g","caption":"Roger Str\u00e4ssle"},"url":"https:\/\/www.m-q.ch\/en\/author\/roger-straessle\/"}]}},"_links":{"self":[{"href":"https:\/\/www.m-q.ch\/en\/wp-json\/wp\/v2\/posts\/14633","targetHints":{"allow":["GET"]}}],"collection":[{"href":"https:\/\/www.m-q.ch\/en\/wp-json\/wp\/v2\/posts"}],"about":[{"href":"https:\/\/www.m-q.ch\/en\/wp-json\/wp\/v2\/types\/post"}],"author":[{"embeddable":true,"href":"https:\/\/www.m-q.ch\/en\/wp-json\/wp\/v2\/users\/35"}],"replies":[{"embeddable":true,"href":"https:\/\/www.m-q.ch\/en\/wp-json\/wp\/v2\/comments?post=14633"}],"version-history":[{"count":5,"href":"https:\/\/www.m-q.ch\/en\/wp-json\/wp\/v2\/posts\/14633\/revisions"}],"predecessor-version":[{"id":14639,"href":"https:\/\/www.m-q.ch\/en\/wp-json\/wp\/v2\/posts\/14633\/revisions\/14639"}],"wp:featuredmedia":[{"embeddable":true,"href":"https:\/\/www.m-q.ch\/en\/wp-json\/wp\/v2\/media\/14634"}],"wp:attachment":[{"href":"https:\/\/www.m-q.ch\/en\/wp-json\/wp\/v2\/media?parent=14633"}],"wp:term":[{"taxonomy":"category","embeddable":true,"href":"https:\/\/www.m-q.ch\/en\/wp-json\/wp\/v2\/categories?post=14633"},{"taxonomy":"post_tag","embeddable":true,"href":"https:\/\/www.m-q.ch\/en\/wp-json\/wp\/v2\/tags?post=14633"}],"curies":[{"name":"wp","href":"https:\/\/api.w.org\/{rel}","templated":true}]}}