{"id":15078,"date":"2021-09-16T09:55:30","date_gmt":"2021-09-16T07:55:30","guid":{"rendered":"https:\/\/www.m-q.ch\/?p=15078"},"modified":"2021-10-11T15:57:40","modified_gmt":"2021-10-11T13:57:40","slug":"ceos-optimistic-about-the-future","status":"publish","type":"post","link":"https:\/\/www.m-q.ch\/en\/ceos-blicken-optimistisch-in-die-zukunft\/","title":{"rendered":"Biggest threats to business growth"},"content":{"rendered":"<figure id=\"attachment_15079\" aria-describedby=\"caption-attachment-15079\" style=\"width: 1000px\" class=\"wp-caption aligncenter\"><img loading=\"lazy\" decoding=\"async\" class=\"wp-image-15079 size-full\" src=\"https:\/\/www.m-q.ch\/wp-content\/uploads\/2021\/09\/Depositphotos_102629302_s-2019.jpg\" alt=\"KPMG CEO Outlook 2021\" width=\"1000\" height=\"667\" srcset=\"https:\/\/www.m-q.ch\/wp-content\/uploads\/2021\/09\/Depositphotos_102629302_s-2019.jpg 1000w, https:\/\/www.m-q.ch\/wp-content\/uploads\/2021\/09\/Depositphotos_102629302_s-2019-768x512.jpg 768w, https:\/\/www.m-q.ch\/wp-content\/uploads\/2021\/09\/Depositphotos_102629302_s-2019-16x12.jpg 16w, https:\/\/www.m-q.ch\/wp-content\/uploads\/2021\/09\/Depositphotos_102629302_s-2019-262x175.jpg 262w, https:\/\/www.m-q.ch\/wp-content\/uploads\/2021\/09\/Depositphotos_102629302_s-2019-525x350.jpg 525w, https:\/\/www.m-q.ch\/wp-content\/uploads\/2021\/09\/Depositphotos_102629302_s-2019-920x614.jpg 920w, https:\/\/www.m-q.ch\/wp-content\/uploads\/2021\/09\/Depositphotos_102629302_s-2019-300x200.jpg 300w\" sizes=\"auto, (max-width: 1000px) 100vw, 1000px\" \/><figcaption id=\"caption-attachment-15079\" class=\"wp-caption-text\">\u00a9 Depositphotos, andreyuu<\/figcaption><\/figure>\n<div class=\"parsys-row clearfix chrome\">\n<section class=\"module-bodytext component bg-white clearfix chrome\">\n<div class=\"bodytext-data chrome\">\n<p class=\"chrome\">KPMG's latest CEO Outlook, with more than 1,300 CEOs surveyed worldwide, shows that 60% of executives are positive about the global economy's growth prospects over the next three years. At the beginning of the year, 42% held this view. Only just under one in ten CEOs expects growth prospects to develop negatively.<\/p>\n<\/div>\n<\/section>\n<\/div>\n<div class=\"parsys-row clearfix chrome\">\n<section class=\"module-bodytext component bg-white clearfix chrome\">\n<h3 class=\"tertiary-head chrome\">Inorganic growth as the key to success<\/h3>\n<div class=\"bodytext-data chrome\">\n<p class=\"chrome\">The prospect of a stronger global economy is prompting CEOs to invest in expansion and business transformation, with 69% of senior executives focusing on inorganic growth strategies such as joint ventures, mergers &amp; acquisitions (M&amp;A) and strategic alliances. At a global level, 24% of CEOs said mergers &amp; acquisitions will be the most important pillar for corporate growth over the next three years. Among Swiss company executives, only 12% see it this way; they, on the other hand, focus more on joint ventures. In fact, 24% of Swiss executives said that joint ventures would be their most important growth strategy, compared with only 11% of CEOs worldwide.<\/p>\n<p class=\"chrome\">Although a majority of executives do not see M&amp;A as the most important driver of their company's growth, the appetite for corporate acquisitions and mergers is nevertheless strong, both globally and in Switzerland: 87% of executives worldwide stated that they intend to make acquisitions in the next three years to support the growth and transformation of their company. In Switzerland, all of the CEOs surveyed are planning to acquire (shares in) companies for sure or probably.<\/p>\n<\/div>\n<\/section>\n<\/div>\n<div class=\"parsys-row clearfix chrome\">\n<section class=\"module-bodytext component bg-white clearfix chrome\">\n<h3 class=\"tertiary-head chrome\">Biggest growth risks in the supply chain<\/h3>\n<div class=\"bodytext-data chrome\">\n<p class=\"chrome\">Global executives see cyber, supply chain and climate risks as the greatest risks to growth (12% of mentions each). CEOs in Switzerland weight these risks even higher. Just under a quarter of executives in Switzerland, for example, said supply chain risks would pose the greatest threat to business growth, followed by cyber risks (20% of mentions) and climate and regulatory risks (16% of mentions each).<\/p>\n<p class=\"chrome\">Supply chain risks do indeed appear to be greater in Switzerland than the global average: 76% of CEOs in Switzerland reported that their supply chain had been subject to increased pressure over the past 18 months. Globally, the figure was only 56%. As a countermeasure, CEOs in Switzerland mainly rely on regional diversification of their value chain (47% of the data; globally 30%), while CEOs globally also consider onshoring, i.e. the relocation of value creation steps to the domestic market (19% of the data). In Switzerland, onshoring does not appear to be an issue among executives (0% of data).<\/p>\n<p class=\"chrome\">The majority of CEOs, on the other hand, see the disruptive potential of new technologies as an opportunity rather than a threat (76% agree). This is particularly true of the CEOs of Swiss companies: 96% see technological disruption as an opportunity for their own company.<\/p>\n<\/div>\n<\/section>\n<\/div>\n<div class=\"parsys-row clearfix chrome\">\n<section class=\"module-bodytext component bg-white clearfix chrome\">\n<h3 class=\"tertiary-head chrome\">Increased need for information on ESG issues<\/h3>\n<div class=\"bodytext-data chrome\">\n<p class=\"chrome\">Addressing social and environmental issues beyond their own core business is increasingly critical to the success of companies. 58% of CEOs worldwide rate the public's need for information on ESG issues as high to very high. Among the CEOs of Swiss companies, the figure is as high as 68%. While CEOs worldwide see institutional investors as the main driving force behind this development, CEOs in Switzerland believe it is primarily the regulator. Given the increasing importance of ESG, the willingness of executives to invest in proprietary programs for more sustainable business is high. Only 5% of respondents said they do not put any funds into such programs.<\/p>\n<\/div>\n<\/section>\n<\/div>\n<div class=\"parsys-row clearfix chrome\">\n<section class=\"module-bodytext component bg-white clearfix chrome\">\n<h3 class=\"tertiary-head chrome\">Reduction in office space takes a back seat<\/h3>\n<div class=\"bodytext-data chrome\">\n<p class=\"chrome\">The corona pandemic has changed not only the opportunities and risks facing companies, but also how and where employees contribute value. Contrary to last year's statements, only 21% of CEOs worldwide said they had reduced or planned to reduce their company's office space (12% in Switzerland). A stark contrast to the 2020 survey: at that time, 69% of global executives said they wanted to reduce their physical footprint. According to the survey, reducing office space is no longer a priority. Instead, executives are focusing on offering their employees more flexibility and combining the benefits from both worlds, i.e. office and home working. In fact, 37% of global executives said they have implemented or plan to implement a hybrid work model for their employees. In Switzerland, as many as 52% of managers said they had or would implement such a hybrid model.<\/p>\n<p><em>Press release KPMG<\/em><\/p>\n<\/div>\n<\/section>\n<\/div>\n<div class=\"parsys-row clearfix chrome\">\n<section class=\"module-bodytext component bg-white clearfix chrome\">\n<div class=\"bodytext-data bodytext-footnote chrome\">\n<blockquote>\n<p class=\"chrome\"><b class=\"chrome\"><span class=\"fontsize18px chrome\">Methodology<\/span><\/b><\/p>\n<p class=\"chrome\">In its annual CEO Outlook, KPMG examines the attitudes of executives to various topics such as growth, sustainability and digitalization. For this purpose, 1,325 CEOs of companies with sales of more than USD 500 million were surveyed worldwide in 2021. Twenty-five CEOs of Swiss companies also took part in the survey.<\/p>\n<\/blockquote>\n<\/div>\n<\/section>\n<\/div>","protected":false},"excerpt":{"rendered":"<p>Der neuste CEO Outlook von KPMG mit mehr als 1&#8217;300 befragten CEOs weltweit zeigt, dass 60% der F\u00fchrungskr\u00e4fte die Wachstumsaussichten der Weltwirtschaft in den n\u00e4chsten drei Jahren positiv beurteilen. Anfang des Jahres waren noch 42% dieser Ansicht. Nur knapp jeder zehnte CEO erwartet, dass sich Wachstumsaussichten negativ entwickeln werden. Anorganisches Wachstum als Schl\u00fcssel zum Erfolg [&hellip;]<\/p>\n","protected":false},"author":35,"featured_media":15079,"comment_status":"closed","ping_status":"closed","sticky":false,"template":"","format":"standard","meta":{"_acf_changed":false,"footnotes":""},"categories":[4448],"tags":[5131],"class_list":["post-15078","post","type-post","status-publish","format-standard","has-post-thumbnail","hentry","category-allgemein","tag-kpmg-ceo-outlook-2021"],"acf":[],"yoast_head":"<!-- This site is optimized with the Yoast SEO plugin v26.2 - https:\/\/yoast.com\/wordpress\/plugins\/seo\/ -->\n<title>Gr\u00f6sste Bedrohungen f\u00fcr das Unternehmenswachstum - MQ Management und Qualit\u00e4t<\/title>\n<meta name=\"description\" content=\"Die CEOs der gr\u00f6ssten Unternehmen der Welt und in der Schweiz schauen laut dem KPMG CEO Outlook 2021 positiv in die Zukunft.\" \/>\n<meta name=\"robots\" content=\"index, follow, max-snippet:-1, max-image-preview:large, max-video-preview:-1\" \/>\n<link rel=\"canonical\" href=\"https:\/\/www.m-q.ch\/en\/ceos-optimistic-about-the-future\/\" \/>\n<meta property=\"og:locale\" content=\"en_US\" \/>\n<meta property=\"og:type\" content=\"article\" \/>\n<meta property=\"og:title\" content=\"Gr\u00f6sste Bedrohungen f\u00fcr das Unternehmenswachstum - MQ Management und Qualit\u00e4t\" \/>\n<meta property=\"og:description\" content=\"Die CEOs der gr\u00f6ssten Unternehmen der Welt und in der Schweiz schauen laut dem KPMG CEO Outlook 2021 positiv in die Zukunft.\" \/>\n<meta property=\"og:url\" content=\"https:\/\/www.m-q.ch\/en\/ceos-optimistic-about-the-future\/\" \/>\n<meta property=\"og:site_name\" content=\"MQ Management und Qualit\u00e4t\" \/>\n<meta property=\"article:publisher\" content=\"https:\/\/www.facebook.com\/ManagementUndQualitaet\" \/>\n<meta property=\"article:published_time\" content=\"2021-09-16T07:55:30+00:00\" \/>\n<meta property=\"article:modified_time\" content=\"2021-10-11T13:57:40+00:00\" \/>\n<meta property=\"og:image\" content=\"https:\/\/www.m-q.ch\/wp-content\/uploads\/2021\/09\/Depositphotos_102629302_s-2019.jpg\" \/>\n\t<meta property=\"og:image:width\" content=\"1000\" \/>\n\t<meta property=\"og:image:height\" content=\"667\" \/>\n\t<meta property=\"og:image:type\" content=\"image\/jpeg\" \/>\n<meta name=\"author\" content=\"Roger Str\u00e4ssle\" \/>\n<meta name=\"twitter:card\" content=\"summary_large_image\" \/>\n<meta name=\"twitter:label1\" content=\"Written by\" \/>\n\t<meta name=\"twitter:data1\" content=\"Roger Str\u00e4ssle\" \/>\n\t<meta name=\"twitter:label2\" content=\"Est. reading time\" \/>\n\t<meta name=\"twitter:data2\" content=\"4 minutes\" \/>\n<script type=\"application\/ld+json\" class=\"yoast-schema-graph\">{\"@context\":\"https:\/\/schema.org\",\"@graph\":[{\"@type\":\"Article\",\"@id\":\"https:\/\/www.m-q.ch\/ceos-blicken-optimistisch-in-die-zukunft\/#article\",\"isPartOf\":{\"@id\":\"https:\/\/www.m-q.ch\/ceos-blicken-optimistisch-in-die-zukunft\/\"},\"author\":{\"name\":\"Roger Str\u00e4ssle\",\"@id\":\"https:\/\/www.m-q.ch\/fr\/#\/schema\/person\/47d540e081acd98ccbeb69b55df653d7\"},\"headline\":\"Gr\u00f6sste Bedrohungen f\u00fcr das Unternehmenswachstum\",\"datePublished\":\"2021-09-16T07:55:30+00:00\",\"dateModified\":\"2021-10-11T13:57:40+00:00\",\"mainEntityOfPage\":{\"@id\":\"https:\/\/www.m-q.ch\/ceos-blicken-optimistisch-in-die-zukunft\/\"},\"wordCount\":807,\"publisher\":{\"@id\":\"https:\/\/www.m-q.ch\/fr\/#organization\"},\"image\":{\"@id\":\"https:\/\/www.m-q.ch\/ceos-blicken-optimistisch-in-die-zukunft\/#primaryimage\"},\"thumbnailUrl\":\"https:\/\/www.m-q.ch\/wp-content\/uploads\/2021\/09\/Depositphotos_102629302_s-2019.jpg\",\"keywords\":[\"KPMG CEO Outlook 2021\"],\"articleSection\":[\"Allgemein\"],\"inLanguage\":\"en-US\"},{\"@type\":\"WebPage\",\"@id\":\"https:\/\/www.m-q.ch\/ceos-blicken-optimistisch-in-die-zukunft\/\",\"url\":\"https:\/\/www.m-q.ch\/ceos-blicken-optimistisch-in-die-zukunft\/\",\"name\":\"Gr\u00f6sste Bedrohungen f\u00fcr das Unternehmenswachstum - MQ Management und Qualit\u00e4t\",\"isPartOf\":{\"@id\":\"https:\/\/www.m-q.ch\/fr\/#website\"},\"primaryImageOfPage\":{\"@id\":\"https:\/\/www.m-q.ch\/ceos-blicken-optimistisch-in-die-zukunft\/#primaryimage\"},\"image\":{\"@id\":\"https:\/\/www.m-q.ch\/ceos-blicken-optimistisch-in-die-zukunft\/#primaryimage\"},\"thumbnailUrl\":\"https:\/\/www.m-q.ch\/wp-content\/uploads\/2021\/09\/Depositphotos_102629302_s-2019.jpg\",\"datePublished\":\"2021-09-16T07:55:30+00:00\",\"dateModified\":\"2021-10-11T13:57:40+00:00\",\"description\":\"Die CEOs der gr\u00f6ssten Unternehmen der Welt und in der Schweiz schauen laut dem KPMG CEO Outlook 2021 positiv in die Zukunft.\",\"breadcrumb\":{\"@id\":\"https:\/\/www.m-q.ch\/ceos-blicken-optimistisch-in-die-zukunft\/#breadcrumb\"},\"inLanguage\":\"en-US\",\"potentialAction\":[{\"@type\":\"ReadAction\",\"target\":[\"https:\/\/www.m-q.ch\/ceos-blicken-optimistisch-in-die-zukunft\/\"]}]},{\"@type\":\"ImageObject\",\"inLanguage\":\"en-US\",\"@id\":\"https:\/\/www.m-q.ch\/ceos-blicken-optimistisch-in-die-zukunft\/#primaryimage\",\"url\":\"https:\/\/www.m-q.ch\/wp-content\/uploads\/2021\/09\/Depositphotos_102629302_s-2019.jpg\",\"contentUrl\":\"https:\/\/www.m-q.ch\/wp-content\/uploads\/2021\/09\/Depositphotos_102629302_s-2019.jpg\",\"width\":1000,\"height\":667,\"caption\":\"\u00a9 Depositphotos, andreyuu\"},{\"@type\":\"BreadcrumbList\",\"@id\":\"https:\/\/www.m-q.ch\/ceos-blicken-optimistisch-in-die-zukunft\/#breadcrumb\",\"itemListElement\":[{\"@type\":\"ListItem\",\"position\":1,\"name\":\"Allgemein\",\"item\":\"https:\/\/www.m-q.ch\/kategorie\/allgemein\/\"},{\"@type\":\"ListItem\",\"position\":2,\"name\":\"Gr\u00f6sste Bedrohungen f\u00fcr das Unternehmenswachstum\"}]},{\"@type\":\"WebSite\",\"@id\":\"https:\/\/www.m-q.ch\/fr\/#website\",\"url\":\"https:\/\/www.m-q.ch\/fr\/\",\"name\":\"MQ Management und Qualit\u00e4t\",\"description\":\"Plattform f\u00fcr integrierte Managementsysteme.\",\"publisher\":{\"@id\":\"https:\/\/www.m-q.ch\/fr\/#organization\"},\"potentialAction\":[{\"@type\":\"SearchAction\",\"target\":{\"@type\":\"EntryPoint\",\"urlTemplate\":\"https:\/\/www.m-q.ch\/fr\/?s={search_term_string}\"},\"query-input\":{\"@type\":\"PropertyValueSpecification\",\"valueRequired\":true,\"valueName\":\"search_term_string\"}}],\"inLanguage\":\"en-US\"},{\"@type\":\"Organization\",\"@id\":\"https:\/\/www.m-q.ch\/fr\/#organization\",\"name\":\"Galledia Fachmedien AG\",\"url\":\"https:\/\/www.m-q.ch\/fr\/\",\"logo\":{\"@type\":\"ImageObject\",\"inLanguage\":\"en-US\",\"@id\":\"https:\/\/www.m-q.ch\/fr\/#\/schema\/logo\/image\/\",\"url\":\"https:\/\/www.m-q.ch\/wp-content\/uploads\/2020\/12\/cropped-logo_small.png\",\"contentUrl\":\"https:\/\/www.m-q.ch\/wp-content\/uploads\/2020\/12\/cropped-logo_small.png\",\"width\":512,\"height\":512,\"caption\":\"Galledia Fachmedien AG\"},\"image\":{\"@id\":\"https:\/\/www.m-q.ch\/fr\/#\/schema\/logo\/image\/\"},\"sameAs\":[\"https:\/\/www.facebook.com\/ManagementUndQualitaet\",\"https:\/\/www.linkedin.com\/showcase\/17982321\/admin\/\"]},{\"@type\":\"Person\",\"@id\":\"https:\/\/www.m-q.ch\/fr\/#\/schema\/person\/47d540e081acd98ccbeb69b55df653d7\",\"name\":\"Roger Str\u00e4ssle\",\"image\":{\"@type\":\"ImageObject\",\"inLanguage\":\"en-US\",\"@id\":\"https:\/\/www.m-q.ch\/fr\/#\/schema\/person\/image\/\",\"url\":\"https:\/\/secure.gravatar.com\/avatar\/e4dde3046d8a184d2e2d27651a418883?s=96&d=mm&r=g\",\"contentUrl\":\"https:\/\/secure.gravatar.com\/avatar\/e4dde3046d8a184d2e2d27651a418883?s=96&d=mm&r=g\",\"caption\":\"Roger Str\u00e4ssle\"},\"url\":\"https:\/\/www.m-q.ch\/en\/author\/roger-straessle\/\"}]}<\/script>\n<!-- \/ Yoast SEO plugin. -->","yoast_head_json":{"title":"Biggest threats to business growth - MQ Management and Quality","description":"The CEOs of the largest companies in the world and in Switzerland are looking positively to the future, according to the KPMG CEO Outlook 2021.","robots":{"index":"index","follow":"follow","max-snippet":"max-snippet:-1","max-image-preview":"max-image-preview:large","max-video-preview":"max-video-preview:-1"},"canonical":"https:\/\/www.m-q.ch\/en\/ceos-optimistic-about-the-future\/","og_locale":"en_US","og_type":"article","og_title":"Gr\u00f6sste Bedrohungen f\u00fcr das Unternehmenswachstum - MQ Management und Qualit\u00e4t","og_description":"Die CEOs der gr\u00f6ssten Unternehmen der Welt und in der Schweiz schauen laut dem KPMG CEO Outlook 2021 positiv in die Zukunft.","og_url":"https:\/\/www.m-q.ch\/en\/ceos-optimistic-about-the-future\/","og_site_name":"MQ Management und Qualit\u00e4t","article_publisher":"https:\/\/www.facebook.com\/ManagementUndQualitaet","article_published_time":"2021-09-16T07:55:30+00:00","article_modified_time":"2021-10-11T13:57:40+00:00","og_image":[{"width":1000,"height":667,"url":"https:\/\/www.m-q.ch\/wp-content\/uploads\/2021\/09\/Depositphotos_102629302_s-2019.jpg","type":"image\/jpeg"}],"author":"Roger Str\u00e4ssle","twitter_card":"summary_large_image","twitter_misc":{"Written by":"Roger Str\u00e4ssle","Est. reading time":"4 minutes"},"schema":{"@context":"https:\/\/schema.org","@graph":[{"@type":"Article","@id":"https:\/\/www.m-q.ch\/ceos-blicken-optimistisch-in-die-zukunft\/#article","isPartOf":{"@id":"https:\/\/www.m-q.ch\/ceos-blicken-optimistisch-in-die-zukunft\/"},"author":{"name":"Roger Str\u00e4ssle","@id":"https:\/\/www.m-q.ch\/fr\/#\/schema\/person\/47d540e081acd98ccbeb69b55df653d7"},"headline":"Gr\u00f6sste Bedrohungen f\u00fcr das Unternehmenswachstum","datePublished":"2021-09-16T07:55:30+00:00","dateModified":"2021-10-11T13:57:40+00:00","mainEntityOfPage":{"@id":"https:\/\/www.m-q.ch\/ceos-blicken-optimistisch-in-die-zukunft\/"},"wordCount":807,"publisher":{"@id":"https:\/\/www.m-q.ch\/fr\/#organization"},"image":{"@id":"https:\/\/www.m-q.ch\/ceos-blicken-optimistisch-in-die-zukunft\/#primaryimage"},"thumbnailUrl":"https:\/\/www.m-q.ch\/wp-content\/uploads\/2021\/09\/Depositphotos_102629302_s-2019.jpg","keywords":["KPMG CEO Outlook 2021"],"articleSection":["Allgemein"],"inLanguage":"en-US"},{"@type":"WebPage","@id":"https:\/\/www.m-q.ch\/ceos-blicken-optimistisch-in-die-zukunft\/","url":"https:\/\/www.m-q.ch\/ceos-blicken-optimistisch-in-die-zukunft\/","name":"Biggest threats to business growth - MQ Management and Quality","isPartOf":{"@id":"https:\/\/www.m-q.ch\/fr\/#website"},"primaryImageOfPage":{"@id":"https:\/\/www.m-q.ch\/ceos-blicken-optimistisch-in-die-zukunft\/#primaryimage"},"image":{"@id":"https:\/\/www.m-q.ch\/ceos-blicken-optimistisch-in-die-zukunft\/#primaryimage"},"thumbnailUrl":"https:\/\/www.m-q.ch\/wp-content\/uploads\/2021\/09\/Depositphotos_102629302_s-2019.jpg","datePublished":"2021-09-16T07:55:30+00:00","dateModified":"2021-10-11T13:57:40+00:00","description":"The CEOs of the largest companies in the world and in Switzerland are looking positively to the future, according to the KPMG CEO Outlook 2021.","breadcrumb":{"@id":"https:\/\/www.m-q.ch\/ceos-blicken-optimistisch-in-die-zukunft\/#breadcrumb"},"inLanguage":"en-US","potentialAction":[{"@type":"ReadAction","target":["https:\/\/www.m-q.ch\/ceos-blicken-optimistisch-in-die-zukunft\/"]}]},{"@type":"ImageObject","inLanguage":"en-US","@id":"https:\/\/www.m-q.ch\/ceos-blicken-optimistisch-in-die-zukunft\/#primaryimage","url":"https:\/\/www.m-q.ch\/wp-content\/uploads\/2021\/09\/Depositphotos_102629302_s-2019.jpg","contentUrl":"https:\/\/www.m-q.ch\/wp-content\/uploads\/2021\/09\/Depositphotos_102629302_s-2019.jpg","width":1000,"height":667,"caption":"\u00a9 Depositphotos, andreyuu"},{"@type":"BreadcrumbList","@id":"https:\/\/www.m-q.ch\/ceos-blicken-optimistisch-in-die-zukunft\/#breadcrumb","itemListElement":[{"@type":"ListItem","position":1,"name":"Allgemein","item":"https:\/\/www.m-q.ch\/kategorie\/allgemein\/"},{"@type":"ListItem","position":2,"name":"Gr\u00f6sste Bedrohungen f\u00fcr das Unternehmenswachstum"}]},{"@type":"WebSite","@id":"https:\/\/www.m-q.ch\/fr\/#website","url":"https:\/\/www.m-q.ch\/fr\/","name":"MQ Management and Quality","description":"Platform for integrated management systems.","publisher":{"@id":"https:\/\/www.m-q.ch\/fr\/#organization"},"potentialAction":[{"@type":"SearchAction","target":{"@type":"EntryPoint","urlTemplate":"https:\/\/www.m-q.ch\/fr\/?s={search_term_string}"},"query-input":{"@type":"PropertyValueSpecification","valueRequired":true,"valueName":"search_term_string"}}],"inLanguage":"en-US"},{"@type":"Organization","@id":"https:\/\/www.m-q.ch\/fr\/#organization","name":"Galledia Trade Media AG","url":"https:\/\/www.m-q.ch\/fr\/","logo":{"@type":"ImageObject","inLanguage":"en-US","@id":"https:\/\/www.m-q.ch\/fr\/#\/schema\/logo\/image\/","url":"https:\/\/www.m-q.ch\/wp-content\/uploads\/2020\/12\/cropped-logo_small.png","contentUrl":"https:\/\/www.m-q.ch\/wp-content\/uploads\/2020\/12\/cropped-logo_small.png","width":512,"height":512,"caption":"Galledia Fachmedien AG"},"image":{"@id":"https:\/\/www.m-q.ch\/fr\/#\/schema\/logo\/image\/"},"sameAs":["https:\/\/www.facebook.com\/ManagementUndQualitaet","https:\/\/www.linkedin.com\/showcase\/17982321\/admin\/"]},{"@type":"Person","@id":"https:\/\/www.m-q.ch\/fr\/#\/schema\/person\/47d540e081acd98ccbeb69b55df653d7","name":"Roger Str\u00e4ssle","image":{"@type":"ImageObject","inLanguage":"en-US","@id":"https:\/\/www.m-q.ch\/fr\/#\/schema\/person\/image\/","url":"https:\/\/secure.gravatar.com\/avatar\/e4dde3046d8a184d2e2d27651a418883?s=96&d=mm&r=g","contentUrl":"https:\/\/secure.gravatar.com\/avatar\/e4dde3046d8a184d2e2d27651a418883?s=96&d=mm&r=g","caption":"Roger Str\u00e4ssle"},"url":"https:\/\/www.m-q.ch\/en\/author\/roger-straessle\/"}]}},"_links":{"self":[{"href":"https:\/\/www.m-q.ch\/en\/wp-json\/wp\/v2\/posts\/15078","targetHints":{"allow":["GET"]}}],"collection":[{"href":"https:\/\/www.m-q.ch\/en\/wp-json\/wp\/v2\/posts"}],"about":[{"href":"https:\/\/www.m-q.ch\/en\/wp-json\/wp\/v2\/types\/post"}],"author":[{"embeddable":true,"href":"https:\/\/www.m-q.ch\/en\/wp-json\/wp\/v2\/users\/35"}],"replies":[{"embeddable":true,"href":"https:\/\/www.m-q.ch\/en\/wp-json\/wp\/v2\/comments?post=15078"}],"version-history":[{"count":3,"href":"https:\/\/www.m-q.ch\/en\/wp-json\/wp\/v2\/posts\/15078\/revisions"}],"predecessor-version":[{"id":15082,"href":"https:\/\/www.m-q.ch\/en\/wp-json\/wp\/v2\/posts\/15078\/revisions\/15082"}],"wp:featuredmedia":[{"embeddable":true,"href":"https:\/\/www.m-q.ch\/en\/wp-json\/wp\/v2\/media\/15079"}],"wp:attachment":[{"href":"https:\/\/www.m-q.ch\/en\/wp-json\/wp\/v2\/media?parent=15078"}],"wp:term":[{"taxonomy":"category","embeddable":true,"href":"https:\/\/www.m-q.ch\/en\/wp-json\/wp\/v2\/categories?post=15078"},{"taxonomy":"post_tag","embeddable":true,"href":"https:\/\/www.m-q.ch\/en\/wp-json\/wp\/v2\/tags?post=15078"}],"curies":[{"name":"wp","href":"https:\/\/api.w.org\/{rel}","templated":true}]}}