{"id":15300,"date":"2021-10-22T07:24:04","date_gmt":"2021-10-22T05:24:04","guid":{"rendered":"https:\/\/www.m-q.ch\/?p=15300"},"modified":"2021-10-26T09:25:32","modified_gmt":"2021-10-26T07:25:32","slug":"iso-45003-managing-mental-stress-in-companies","status":"publish","type":"post","link":"https:\/\/www.m-q.ch\/en\/iso-45003-psychische-belastungen-in-unternehmen-managen\/","title":{"rendered":"ISO 45003: Managing mental stress in the company"},"content":{"rendered":"<figure id=\"attachment_15301\" aria-describedby=\"caption-attachment-15301\" style=\"width: 2362px\" class=\"wp-caption alignnone\"><img loading=\"lazy\" decoding=\"async\" class=\"size-full wp-image-15301\" src=\"https:\/\/www.m-q.ch\/wp-content\/uploads\/2021\/10\/Kopfschmerzen-am-Arbeitsplatz.jpg\" alt=\"ISO 45003, mental stress\" width=\"2362\" height=\"1772\" srcset=\"https:\/\/www.m-q.ch\/wp-content\/uploads\/2021\/10\/Kopfschmerzen-am-Arbeitsplatz.jpg 2362w, https:\/\/www.m-q.ch\/wp-content\/uploads\/2021\/10\/Kopfschmerzen-am-Arbeitsplatz-768x576.jpg 768w, https:\/\/www.m-q.ch\/wp-content\/uploads\/2021\/10\/Kopfschmerzen-am-Arbeitsplatz-1536x1152.jpg 1536w, https:\/\/www.m-q.ch\/wp-content\/uploads\/2021\/10\/Kopfschmerzen-am-Arbeitsplatz-2048x1536.jpg 2048w, https:\/\/www.m-q.ch\/wp-content\/uploads\/2021\/10\/Kopfschmerzen-am-Arbeitsplatz-16x12.jpg 16w, https:\/\/www.m-q.ch\/wp-content\/uploads\/2021\/10\/Kopfschmerzen-am-Arbeitsplatz-233x175.jpg 233w, https:\/\/www.m-q.ch\/wp-content\/uploads\/2021\/10\/Kopfschmerzen-am-Arbeitsplatz-467x350.jpg 467w, https:\/\/www.m-q.ch\/wp-content\/uploads\/2021\/10\/Kopfschmerzen-am-Arbeitsplatz-1066x800.jpg 1066w, https:\/\/www.m-q.ch\/wp-content\/uploads\/2021\/10\/Kopfschmerzen-am-Arbeitsplatz-920x690.jpg 920w, https:\/\/www.m-q.ch\/wp-content\/uploads\/2021\/10\/Kopfschmerzen-am-Arbeitsplatz-1400x1050.jpg 1400w, https:\/\/www.m-q.ch\/wp-content\/uploads\/2021\/10\/Kopfschmerzen-am-Arbeitsplatz-1866x1400.jpg 1866w, https:\/\/www.m-q.ch\/wp-content\/uploads\/2021\/10\/Kopfschmerzen-am-Arbeitsplatz-300x225.jpg 300w\" sizes=\"auto, (max-width: 2362px) 100vw, 2362px\" \/><figcaption id=\"caption-attachment-15301\" class=\"wp-caption-text\">Headaches at the workplace. Photo: T\u00dcV Rheinland<\/figcaption><\/figure>\n<p>\"ISO 45003 underlines the importance of mental stress in occupational health and safety today. Consequences such as reduced performance and increased employee fluctuation as well as long periods of incapacity to work cause high costs in companies. It is therefore important to identify mental stress within the framework of a risk assessment and to reduce it by means of suitable measures. For this purpose the <a href=\"https:\/\/www.tuv.com\/iso45003\" target=\"_blank\" rel=\"noopener\">ISO 45003<\/a>\u00a0a comprehensive guideline that we take into account in all our services,\" explains Iris Dohmen, a psychologist at T\u00dcV Rheinland who advises companies and organizations in various industries on issues of business psychology.<\/p>\n<h2>Shared responsibility of all hierarchical levels<\/h2>\n<p>All hierarchical levels in the company must work together in the management of mental stress: Top management sends an important signal to all employees through its clearly communicated commitment to occupational health and safety. It also provides the framework for analyses, measures and evaluations and creates the conditions for implementation by providing resources. \"ISO 45003 emphasizes the importance of employees in all process steps. They are the experts for their area of work: they know the hazards, the effects of the measures taken and can make further suggestions for improvement,\" says Dohmen.<\/p>\n<p>Confidentiality and anonymity are the prerequisites for employees to report incidents and risks or to talk about the effects of hazards on health. For this reason, ISO 45003 stipulates that data must be collected and documented in such a way that no conclusions can be drawn about individual employees.<\/p>\n<h2>The management of mental stress is a continuous process<\/h2>\n<p>Identifying and reducing mental stress is a process that must be continuously monitored by all those involved: It is important to analyse the effects of the measures and to strive again for improvements. It is therefore important to provide comprehensive information about the management of mental stress and to communicate the status of the measures on a regular basis. \"Good communication is the key to involving managers and their teams in the development of all processes for managing mental stress,\" explains Dohmen. This communication is multi-faceted, he adds. It includes, for example, information on how work-related changes that can affect health and well-being, expectations of employees, and opportunities for feedback. By continuously collecting and evaluating information on mental stress, a continuous process is created. This continuous improvement process not only reduces mental stress, but also improves the company's performance and productivity.<\/p>\n<p><em>For more information on a wide range of occupational safety topics: <a href=\"https:\/\/www.tuv.com\/abo-psychologie\" target=\"_blank\" rel=\"noopener\">www.tuv.com\/abo-psychologie<\/a>\u00a0<\/em><\/p>\n<p><em>Source: <span class=\"author vcard\"><a title=\"Contributions from T\u00dcV Rheinland Press\" href=\"https:\/\/presse.tuv.com\/author\/tuevrheinlandpresse\/\" rel=\"author\">T\u00dcV Rheinland Press<\/a><\/span>\u00a0<\/em><\/p>\n<p>&nbsp;<\/p>\n<p>Other MQ topics:<\/p>\n<ul>\n<li><a href=\"http:\/\/www.m-q.ch\/en\/dont-be-stingy-in-the-wrong-place\/\">Do not be stingy in the wrong place<\/a><\/li>\n<li><a href=\"http:\/\/www.m-q.ch\/en\/occupational-safety\/\">Correct handling of loads relieves the company budget<\/a><\/li>\n<\/ul>","protected":false},"excerpt":{"rendered":"<p>\u201eDie ISO 45003 unterstreicht die Bedeutung, die psychische Belastungen heute im Arbeits- und Gesundheitsschutz haben. Folgen wie eine verminderte Leistungsf\u00e4higkeit und eine erh\u00f6hte Fluktuation der Mitarbeiterinnen und Mitarbeiter sowie lange Arbeitsunf\u00e4higkeitszeiten verursachen in den Unternehmen hohe Kosten. Daher ist es wichtig, psychische Belastungen im Rahmen einer Gef\u00e4hrdungsbeurteilung zu ermitteln und durch geeignete Ma\u00dfnahmen zu reduzieren. [&hellip;]<\/p>\n","protected":false},"author":35,"featured_media":15301,"comment_status":"closed","ping_status":"closed","sticky":false,"template":"","format":"standard","meta":{"_acf_changed":false,"footnotes":""},"categories":[4],"tags":[5161,5162],"class_list":["post-15300","post","type-post","status-publish","format-standard","has-post-thumbnail","hentry","category-risikomanagement","tag-iso-45003","tag-psychische-belastungen"],"acf":[],"yoast_head":"<!-- This site is optimized with the Yoast SEO plugin v26.2 - https:\/\/yoast.com\/wordpress\/plugins\/seo\/ -->\n<title>ISO 45003: psychische Belastungen im Unternehmen managen - MQ Management und Qualit\u00e4t<\/title>\n<meta name=\"description\" content=\"Mit der ISO 45003 ist im Jahr 2021 die erste internationale Norm zum Management psychischer Belastungen ver\u00f6ffentlicht worden.\" \/>\n<meta name=\"robots\" content=\"index, follow, max-snippet:-1, max-image-preview:large, max-video-preview:-1\" \/>\n<link rel=\"canonical\" href=\"https:\/\/www.m-q.ch\/en\/iso-45003-managing-mental-stress-in-companies\/\" \/>\n<meta property=\"og:locale\" content=\"en_US\" \/>\n<meta property=\"og:type\" content=\"article\" \/>\n<meta property=\"og:title\" content=\"ISO 45003: psychische Belastungen im Unternehmen managen - MQ Management und Qualit\u00e4t\" \/>\n<meta property=\"og:description\" content=\"Mit der ISO 45003 ist im Jahr 2021 die erste internationale Norm zum Management psychischer Belastungen ver\u00f6ffentlicht worden.\" \/>\n<meta property=\"og:url\" content=\"https:\/\/www.m-q.ch\/en\/iso-45003-managing-mental-stress-in-companies\/\" \/>\n<meta property=\"og:site_name\" content=\"MQ Management und Qualit\u00e4t\" \/>\n<meta property=\"article:publisher\" content=\"https:\/\/www.facebook.com\/ManagementUndQualitaet\" \/>\n<meta property=\"article:published_time\" content=\"2021-10-22T05:24:04+00:00\" \/>\n<meta property=\"article:modified_time\" content=\"2021-10-26T07:25:32+00:00\" \/>\n<meta property=\"og:image\" content=\"https:\/\/www.m-q.ch\/wp-content\/uploads\/2021\/10\/Kopfschmerzen-am-Arbeitsplatz.jpg\" \/>\n\t<meta property=\"og:image:width\" content=\"2362\" \/>\n\t<meta property=\"og:image:height\" content=\"1772\" \/>\n\t<meta property=\"og:image:type\" content=\"image\/jpeg\" \/>\n<meta name=\"author\" content=\"Roger Str\u00e4ssle\" \/>\n<meta name=\"twitter:card\" content=\"summary_large_image\" \/>\n<meta name=\"twitter:label1\" content=\"Written by\" \/>\n\t<meta name=\"twitter:data1\" content=\"Roger Str\u00e4ssle\" \/>\n\t<meta name=\"twitter:label2\" content=\"Est. reading time\" \/>\n\t<meta name=\"twitter:data2\" content=\"2 minutes\" \/>\n<script type=\"application\/ld+json\" class=\"yoast-schema-graph\">{\"@context\":\"https:\/\/schema.org\",\"@graph\":[{\"@type\":\"Article\",\"@id\":\"https:\/\/www.m-q.ch\/iso-45003-psychische-belastungen-in-unternehmen-managen\/#article\",\"isPartOf\":{\"@id\":\"https:\/\/www.m-q.ch\/iso-45003-psychische-belastungen-in-unternehmen-managen\/\"},\"author\":{\"name\":\"Roger Str\u00e4ssle\",\"@id\":\"https:\/\/www.m-q.ch\/fr\/#\/schema\/person\/47d540e081acd98ccbeb69b55df653d7\"},\"headline\":\"ISO 45003: psychische Belastungen im Unternehmen managen\",\"datePublished\":\"2021-10-22T05:24:04+00:00\",\"dateModified\":\"2021-10-26T07:25:32+00:00\",\"mainEntityOfPage\":{\"@id\":\"https:\/\/www.m-q.ch\/iso-45003-psychische-belastungen-in-unternehmen-managen\/\"},\"wordCount\":456,\"publisher\":{\"@id\":\"https:\/\/www.m-q.ch\/fr\/#organization\"},\"image\":{\"@id\":\"https:\/\/www.m-q.ch\/iso-45003-psychische-belastungen-in-unternehmen-managen\/#primaryimage\"},\"thumbnailUrl\":\"https:\/\/www.m-q.ch\/wp-content\/uploads\/2021\/10\/Kopfschmerzen-am-Arbeitsplatz.jpg\",\"keywords\":[\"ISO 45003\",\"psychische Belastungen\"],\"articleSection\":[\"Risikomanagement\"],\"inLanguage\":\"en-US\"},{\"@type\":\"WebPage\",\"@id\":\"https:\/\/www.m-q.ch\/iso-45003-psychische-belastungen-in-unternehmen-managen\/\",\"url\":\"https:\/\/www.m-q.ch\/iso-45003-psychische-belastungen-in-unternehmen-managen\/\",\"name\":\"ISO 45003: psychische Belastungen im Unternehmen managen - MQ Management und Qualit\u00e4t\",\"isPartOf\":{\"@id\":\"https:\/\/www.m-q.ch\/fr\/#website\"},\"primaryImageOfPage\":{\"@id\":\"https:\/\/www.m-q.ch\/iso-45003-psychische-belastungen-in-unternehmen-managen\/#primaryimage\"},\"image\":{\"@id\":\"https:\/\/www.m-q.ch\/iso-45003-psychische-belastungen-in-unternehmen-managen\/#primaryimage\"},\"thumbnailUrl\":\"https:\/\/www.m-q.ch\/wp-content\/uploads\/2021\/10\/Kopfschmerzen-am-Arbeitsplatz.jpg\",\"datePublished\":\"2021-10-22T05:24:04+00:00\",\"dateModified\":\"2021-10-26T07:25:32+00:00\",\"description\":\"Mit der ISO 45003 ist im Jahr 2021 die erste internationale Norm zum Management psychischer Belastungen ver\u00f6ffentlicht worden.\",\"breadcrumb\":{\"@id\":\"https:\/\/www.m-q.ch\/iso-45003-psychische-belastungen-in-unternehmen-managen\/#breadcrumb\"},\"inLanguage\":\"en-US\",\"potentialAction\":[{\"@type\":\"ReadAction\",\"target\":[\"https:\/\/www.m-q.ch\/iso-45003-psychische-belastungen-in-unternehmen-managen\/\"]}]},{\"@type\":\"ImageObject\",\"inLanguage\":\"en-US\",\"@id\":\"https:\/\/www.m-q.ch\/iso-45003-psychische-belastungen-in-unternehmen-managen\/#primaryimage\",\"url\":\"https:\/\/www.m-q.ch\/wp-content\/uploads\/2021\/10\/Kopfschmerzen-am-Arbeitsplatz.jpg\",\"contentUrl\":\"https:\/\/www.m-q.ch\/wp-content\/uploads\/2021\/10\/Kopfschmerzen-am-Arbeitsplatz.jpg\",\"width\":2362,\"height\":1772,\"caption\":\"Kopfschmerzen am Arbeitsplatz. Foto: T\u00dcV Rheinland\"},{\"@type\":\"BreadcrumbList\",\"@id\":\"https:\/\/www.m-q.ch\/iso-45003-psychische-belastungen-in-unternehmen-managen\/#breadcrumb\",\"itemListElement\":[{\"@type\":\"ListItem\",\"position\":1,\"name\":\"Risikomanagement\",\"item\":\"https:\/\/www.m-q.ch\/kategorie\/risikomanagement\/\"},{\"@type\":\"ListItem\",\"position\":2,\"name\":\"ISO 45003: psychische Belastungen im Unternehmen managen\"}]},{\"@type\":\"WebSite\",\"@id\":\"https:\/\/www.m-q.ch\/fr\/#website\",\"url\":\"https:\/\/www.m-q.ch\/fr\/\",\"name\":\"MQ Management und Qualit\u00e4t\",\"description\":\"Plattform f\u00fcr integrierte Managementsysteme.\",\"publisher\":{\"@id\":\"https:\/\/www.m-q.ch\/fr\/#organization\"},\"potentialAction\":[{\"@type\":\"SearchAction\",\"target\":{\"@type\":\"EntryPoint\",\"urlTemplate\":\"https:\/\/www.m-q.ch\/fr\/?s={search_term_string}\"},\"query-input\":{\"@type\":\"PropertyValueSpecification\",\"valueRequired\":true,\"valueName\":\"search_term_string\"}}],\"inLanguage\":\"en-US\"},{\"@type\":\"Organization\",\"@id\":\"https:\/\/www.m-q.ch\/fr\/#organization\",\"name\":\"Galledia Fachmedien AG\",\"url\":\"https:\/\/www.m-q.ch\/fr\/\",\"logo\":{\"@type\":\"ImageObject\",\"inLanguage\":\"en-US\",\"@id\":\"https:\/\/www.m-q.ch\/fr\/#\/schema\/logo\/image\/\",\"url\":\"https:\/\/www.m-q.ch\/wp-content\/uploads\/2020\/12\/cropped-logo_small.png\",\"contentUrl\":\"https:\/\/www.m-q.ch\/wp-content\/uploads\/2020\/12\/cropped-logo_small.png\",\"width\":512,\"height\":512,\"caption\":\"Galledia Fachmedien AG\"},\"image\":{\"@id\":\"https:\/\/www.m-q.ch\/fr\/#\/schema\/logo\/image\/\"},\"sameAs\":[\"https:\/\/www.facebook.com\/ManagementUndQualitaet\",\"https:\/\/www.linkedin.com\/showcase\/17982321\/admin\/\"]},{\"@type\":\"Person\",\"@id\":\"https:\/\/www.m-q.ch\/fr\/#\/schema\/person\/47d540e081acd98ccbeb69b55df653d7\",\"name\":\"Roger Str\u00e4ssle\",\"image\":{\"@type\":\"ImageObject\",\"inLanguage\":\"en-US\",\"@id\":\"https:\/\/www.m-q.ch\/fr\/#\/schema\/person\/image\/\",\"url\":\"https:\/\/secure.gravatar.com\/avatar\/e4dde3046d8a184d2e2d27651a418883?s=96&d=mm&r=g\",\"contentUrl\":\"https:\/\/secure.gravatar.com\/avatar\/e4dde3046d8a184d2e2d27651a418883?s=96&d=mm&r=g\",\"caption\":\"Roger Str\u00e4ssle\"},\"url\":\"https:\/\/www.m-q.ch\/en\/author\/roger-straessle\/\"}]}<\/script>\n<!-- \/ Yoast SEO plugin. -->","yoast_head_json":{"title":"ISO 45003: Managing mental stress in the company - MQ Management und Qualit\u00e4t","description":"ISO 45003, the first international standard on the management of mental stress, was published in 2021.","robots":{"index":"index","follow":"follow","max-snippet":"max-snippet:-1","max-image-preview":"max-image-preview:large","max-video-preview":"max-video-preview:-1"},"canonical":"https:\/\/www.m-q.ch\/en\/iso-45003-managing-mental-stress-in-companies\/","og_locale":"en_US","og_type":"article","og_title":"ISO 45003: psychische Belastungen im Unternehmen managen - MQ Management und Qualit\u00e4t","og_description":"Mit der ISO 45003 ist im Jahr 2021 die erste internationale Norm zum Management psychischer Belastungen ver\u00f6ffentlicht worden.","og_url":"https:\/\/www.m-q.ch\/en\/iso-45003-managing-mental-stress-in-companies\/","og_site_name":"MQ Management und Qualit\u00e4t","article_publisher":"https:\/\/www.facebook.com\/ManagementUndQualitaet","article_published_time":"2021-10-22T05:24:04+00:00","article_modified_time":"2021-10-26T07:25:32+00:00","og_image":[{"width":2362,"height":1772,"url":"https:\/\/www.m-q.ch\/wp-content\/uploads\/2021\/10\/Kopfschmerzen-am-Arbeitsplatz.jpg","type":"image\/jpeg"}],"author":"Roger Str\u00e4ssle","twitter_card":"summary_large_image","twitter_misc":{"Written by":"Roger Str\u00e4ssle","Est. reading time":"2 minutes"},"schema":{"@context":"https:\/\/schema.org","@graph":[{"@type":"Article","@id":"https:\/\/www.m-q.ch\/iso-45003-psychische-belastungen-in-unternehmen-managen\/#article","isPartOf":{"@id":"https:\/\/www.m-q.ch\/iso-45003-psychische-belastungen-in-unternehmen-managen\/"},"author":{"name":"Roger Str\u00e4ssle","@id":"https:\/\/www.m-q.ch\/fr\/#\/schema\/person\/47d540e081acd98ccbeb69b55df653d7"},"headline":"ISO 45003: psychische Belastungen im Unternehmen managen","datePublished":"2021-10-22T05:24:04+00:00","dateModified":"2021-10-26T07:25:32+00:00","mainEntityOfPage":{"@id":"https:\/\/www.m-q.ch\/iso-45003-psychische-belastungen-in-unternehmen-managen\/"},"wordCount":456,"publisher":{"@id":"https:\/\/www.m-q.ch\/fr\/#organization"},"image":{"@id":"https:\/\/www.m-q.ch\/iso-45003-psychische-belastungen-in-unternehmen-managen\/#primaryimage"},"thumbnailUrl":"https:\/\/www.m-q.ch\/wp-content\/uploads\/2021\/10\/Kopfschmerzen-am-Arbeitsplatz.jpg","keywords":["ISO 45003","psychische Belastungen"],"articleSection":["Risikomanagement"],"inLanguage":"en-US"},{"@type":"WebPage","@id":"https:\/\/www.m-q.ch\/iso-45003-psychische-belastungen-in-unternehmen-managen\/","url":"https:\/\/www.m-q.ch\/iso-45003-psychische-belastungen-in-unternehmen-managen\/","name":"ISO 45003: Managing mental stress in the company - MQ Management und Qualit\u00e4t","isPartOf":{"@id":"https:\/\/www.m-q.ch\/fr\/#website"},"primaryImageOfPage":{"@id":"https:\/\/www.m-q.ch\/iso-45003-psychische-belastungen-in-unternehmen-managen\/#primaryimage"},"image":{"@id":"https:\/\/www.m-q.ch\/iso-45003-psychische-belastungen-in-unternehmen-managen\/#primaryimage"},"thumbnailUrl":"https:\/\/www.m-q.ch\/wp-content\/uploads\/2021\/10\/Kopfschmerzen-am-Arbeitsplatz.jpg","datePublished":"2021-10-22T05:24:04+00:00","dateModified":"2021-10-26T07:25:32+00:00","description":"ISO 45003, the first international standard on the management of mental stress, was published in 2021.","breadcrumb":{"@id":"https:\/\/www.m-q.ch\/iso-45003-psychische-belastungen-in-unternehmen-managen\/#breadcrumb"},"inLanguage":"en-US","potentialAction":[{"@type":"ReadAction","target":["https:\/\/www.m-q.ch\/iso-45003-psychische-belastungen-in-unternehmen-managen\/"]}]},{"@type":"ImageObject","inLanguage":"en-US","@id":"https:\/\/www.m-q.ch\/iso-45003-psychische-belastungen-in-unternehmen-managen\/#primaryimage","url":"https:\/\/www.m-q.ch\/wp-content\/uploads\/2021\/10\/Kopfschmerzen-am-Arbeitsplatz.jpg","contentUrl":"https:\/\/www.m-q.ch\/wp-content\/uploads\/2021\/10\/Kopfschmerzen-am-Arbeitsplatz.jpg","width":2362,"height":1772,"caption":"Kopfschmerzen am Arbeitsplatz. Foto: T\u00dcV Rheinland"},{"@type":"BreadcrumbList","@id":"https:\/\/www.m-q.ch\/iso-45003-psychische-belastungen-in-unternehmen-managen\/#breadcrumb","itemListElement":[{"@type":"ListItem","position":1,"name":"Risikomanagement","item":"https:\/\/www.m-q.ch\/kategorie\/risikomanagement\/"},{"@type":"ListItem","position":2,"name":"ISO 45003: psychische Belastungen im Unternehmen managen"}]},{"@type":"WebSite","@id":"https:\/\/www.m-q.ch\/fr\/#website","url":"https:\/\/www.m-q.ch\/fr\/","name":"MQ Management and Quality","description":"Platform for integrated management systems.","publisher":{"@id":"https:\/\/www.m-q.ch\/fr\/#organization"},"potentialAction":[{"@type":"SearchAction","target":{"@type":"EntryPoint","urlTemplate":"https:\/\/www.m-q.ch\/fr\/?s={search_term_string}"},"query-input":{"@type":"PropertyValueSpecification","valueRequired":true,"valueName":"search_term_string"}}],"inLanguage":"en-US"},{"@type":"Organization","@id":"https:\/\/www.m-q.ch\/fr\/#organization","name":"Galledia Trade Media AG","url":"https:\/\/www.m-q.ch\/fr\/","logo":{"@type":"ImageObject","inLanguage":"en-US","@id":"https:\/\/www.m-q.ch\/fr\/#\/schema\/logo\/image\/","url":"https:\/\/www.m-q.ch\/wp-content\/uploads\/2020\/12\/cropped-logo_small.png","contentUrl":"https:\/\/www.m-q.ch\/wp-content\/uploads\/2020\/12\/cropped-logo_small.png","width":512,"height":512,"caption":"Galledia Fachmedien AG"},"image":{"@id":"https:\/\/www.m-q.ch\/fr\/#\/schema\/logo\/image\/"},"sameAs":["https:\/\/www.facebook.com\/ManagementUndQualitaet","https:\/\/www.linkedin.com\/showcase\/17982321\/admin\/"]},{"@type":"Person","@id":"https:\/\/www.m-q.ch\/fr\/#\/schema\/person\/47d540e081acd98ccbeb69b55df653d7","name":"Roger Str\u00e4ssle","image":{"@type":"ImageObject","inLanguage":"en-US","@id":"https:\/\/www.m-q.ch\/fr\/#\/schema\/person\/image\/","url":"https:\/\/secure.gravatar.com\/avatar\/e4dde3046d8a184d2e2d27651a418883?s=96&d=mm&r=g","contentUrl":"https:\/\/secure.gravatar.com\/avatar\/e4dde3046d8a184d2e2d27651a418883?s=96&d=mm&r=g","caption":"Roger Str\u00e4ssle"},"url":"https:\/\/www.m-q.ch\/en\/author\/roger-straessle\/"}]}},"_links":{"self":[{"href":"https:\/\/www.m-q.ch\/en\/wp-json\/wp\/v2\/posts\/15300","targetHints":{"allow":["GET"]}}],"collection":[{"href":"https:\/\/www.m-q.ch\/en\/wp-json\/wp\/v2\/posts"}],"about":[{"href":"https:\/\/www.m-q.ch\/en\/wp-json\/wp\/v2\/types\/post"}],"author":[{"embeddable":true,"href":"https:\/\/www.m-q.ch\/en\/wp-json\/wp\/v2\/users\/35"}],"replies":[{"embeddable":true,"href":"https:\/\/www.m-q.ch\/en\/wp-json\/wp\/v2\/comments?post=15300"}],"version-history":[{"count":3,"href":"https:\/\/www.m-q.ch\/en\/wp-json\/wp\/v2\/posts\/15300\/revisions"}],"predecessor-version":[{"id":15304,"href":"https:\/\/www.m-q.ch\/en\/wp-json\/wp\/v2\/posts\/15300\/revisions\/15304"}],"wp:featuredmedia":[{"embeddable":true,"href":"https:\/\/www.m-q.ch\/en\/wp-json\/wp\/v2\/media\/15301"}],"wp:attachment":[{"href":"https:\/\/www.m-q.ch\/en\/wp-json\/wp\/v2\/media?parent=15300"}],"wp:term":[{"taxonomy":"category","embeddable":true,"href":"https:\/\/www.m-q.ch\/en\/wp-json\/wp\/v2\/categories?post=15300"},{"taxonomy":"post_tag","embeddable":true,"href":"https:\/\/www.m-q.ch\/en\/wp-json\/wp\/v2\/tags?post=15300"}],"curies":[{"name":"wp","href":"https:\/\/api.w.org\/{rel}","templated":true}]}}