{"id":15438,"date":"2021-11-19T12:02:43","date_gmt":"2021-11-19T11:02:43","guid":{"rendered":"https:\/\/www.m-q.ch\/?p=15438"},"modified":"2021-11-25T09:26:52","modified_gmt":"2021-11-25T08:26:52","slug":"premiere-of-the-smidex-suisse-exposyum","status":"publish","type":"post","link":"https:\/\/www.m-q.ch\/en\/premiere-der-smidex-suisse-exposyum\/","title":{"rendered":"Premiere of the Smidex Suisse Exposyum"},"content":{"rendered":"<figure id=\"attachment_15447\" aria-describedby=\"caption-attachment-15447\" style=\"width: 2560px\" class=\"wp-caption aligncenter\"><img loading=\"lazy\" decoding=\"async\" class=\"size-full wp-image-15447\" src=\"https:\/\/www.m-q.ch\/wp-content\/uploads\/2021\/11\/SMIDEX_2021-3-scaled.jpg\" alt=\"Smidex\" width=\"2560\" height=\"1920\" srcset=\"https:\/\/www.m-q.ch\/wp-content\/uploads\/2021\/11\/SMIDEX_2021-3-scaled.jpg 2560w, https:\/\/www.m-q.ch\/wp-content\/uploads\/2021\/11\/SMIDEX_2021-3-768x576.jpg 768w, https:\/\/www.m-q.ch\/wp-content\/uploads\/2021\/11\/SMIDEX_2021-3-1536x1152.jpg 1536w, https:\/\/www.m-q.ch\/wp-content\/uploads\/2021\/11\/SMIDEX_2021-3-2048x1536.jpg 2048w, https:\/\/www.m-q.ch\/wp-content\/uploads\/2021\/11\/SMIDEX_2021-3-16x12.jpg 16w, https:\/\/www.m-q.ch\/wp-content\/uploads\/2021\/11\/SMIDEX_2021-3-233x175.jpg 233w, https:\/\/www.m-q.ch\/wp-content\/uploads\/2021\/11\/SMIDEX_2021-3-467x350.jpg 467w, https:\/\/www.m-q.ch\/wp-content\/uploads\/2021\/11\/SMIDEX_2021-3-1067x800.jpg 1067w, https:\/\/www.m-q.ch\/wp-content\/uploads\/2021\/11\/SMIDEX_2021-3-920x690.jpg 920w, https:\/\/www.m-q.ch\/wp-content\/uploads\/2021\/11\/SMIDEX_2021-3-1400x1050.jpg 1400w, https:\/\/www.m-q.ch\/wp-content\/uploads\/2021\/11\/SMIDEX_2021-3-1867x1400.jpg 1867w, https:\/\/www.m-q.ch\/wp-content\/uploads\/2021\/11\/SMIDEX_2021-3-300x225.jpg 300w\" sizes=\"auto, (max-width: 2560px) 100vw, 2560px\" \/><figcaption id=\"caption-attachment-15447\" class=\"wp-caption-text\">zVg<\/figcaption><\/figure>\n<p>Very small, but very fine - that's how you could describe the premiere of the <a href=\"http:\/\/www.smidex.ch\">Smidex Suisse Exposyum<\/a>as it is called, in a nutshell. The event was dominated by the topic of cyber security, which is perhaps not so wrong in times of \"total networking\" of all systems. And because the management of information security only succeeds when responsible persons inform themselves and exchange information, Smidex offered a corresponding platform. It is simply incomprehensible why many company managers still treat the topic stepmotherly, as various exhibitors reported, but also several speakers showed with practical examples.<\/p>\n<p>The figures speak for themselves: around 41 percent of Swiss SMEs have already been the victims of cyber attacks. Small business owners who believe that their data is of less interest to cybercriminals are mistaken. Such companies are also attractive targets for cybercriminals for two reasons: First, to extort ransom money with the help of ransomware, and second, to use them as a gateway for attacks on larger companies that work with these SMEs.<\/p>\n<h2><strong>Over 30 presentations<\/strong><\/h2>\n<p>The new security platform was opened by Rainer Maria Salzgeber (moderator), Nicolas B\u00fcrer (digitalswitzerland) and Nathalie Gratzer (project manager for the implementation of the national strategy to protect Switzerland against cyber risks at the Federal Office for National Economic Supply).<\/p>\n<p>In over 30 presentations, participants were informed about the current state of cybersecurity not only by CSIOs and CIOs, but also by C-level responsible parties in SMEs. Using a recent survey, for example, Candid W\u00fcest (VP Cyber Protection Research at Acronis) showed where companies are currently struggling the most and how this relates to merging cyberattacks. And of course, ethical hackers played an important role in the conference. Sandro Nafzger (CEO &amp; Partner of Bug Bounty Switzerland GmbH) gave an exciting talk explaining why collaboration is key to the success of any digital transformation.<\/p>\n<h2><strong>ICT minimum standard also for companies<\/strong><\/h2>\n<p>Nathalie Gratzer of the Federal Office of National Economic Supply presented the federal government's cybersecurity recommendations for the critical infrastructure sector (<a href=\"http:\/\/www.bwl.admin.ch\/bwl\/de\/home\/themen\/ikt\/ikt_minimalstandard.html\">ICT minimum standard<\/a>). Minimum standards, which take into account the specifics of the individual sectors, now exist for various industries such as health care, water supply, food industry, gas supply and others.<\/p>\n<p>The ICT minimum standard serves as a recommendation and possible guideline for improving ICT resilience, as Gratzer emphasized. At Smidex, she pointed out that the standard is in principle also applicable to any company or organization and is freely available.\u00a0 <em>(Smidex \/ rs)<\/em><\/p>\n<p><em>The organizer DeltaBlue AG is planning the next edition of Smidex Suisse Exposym in autumn 2022 in an international network.<\/em><\/p>\n<p>&nbsp;<\/p>","protected":false},"excerpt":{"rendered":"<p>Sehr klein, aber sehr fein \u2013 so k\u00f6nnte man die Premiere der Smidex Suisse Exposyum, wie sie sich nennt, kurz umschreiben. Am Anlass dominierte das Thema Cybersicherheit, was in Zeiten von \u00abtotaler Vernetzung\u00bb aller Systeme vielleicht gar nicht so falsch ist. Und weil das Managen von Informationssicherheit nur gelingt, wenn sich verantwortliche Personen informieren und [&hellip;]<\/p>\n","protected":false},"author":35,"featured_media":15447,"comment_status":"closed","ping_status":"closed","sticky":false,"template":"","format":"standard","meta":{"_acf_changed":false,"footnotes":""},"categories":[4448],"tags":[5175],"class_list":["post-15438","post","type-post","status-publish","format-standard","has-post-thumbnail","hentry","category-allgemein","tag-smidex"],"acf":[],"yoast_head":"<!-- This site is optimized with the Yoast SEO plugin v26.2 - https:\/\/yoast.com\/wordpress\/plugins\/seo\/ -->\n<title>Premiere der Smidex Suisse Exposyum - MQ Management und Qualit\u00e4t<\/title>\n<meta name=\"description\" content=\"Z\u00fcrichs neuer Security-Event Smidex Suisse Exposyum feierte am 17. und 18. November 2021 in der Halle 550 in Z\u00fcrich-Oerlikon Premiere.\" \/>\n<meta name=\"robots\" content=\"index, follow, max-snippet:-1, max-image-preview:large, max-video-preview:-1\" \/>\n<link rel=\"canonical\" href=\"https:\/\/www.m-q.ch\/en\/premiere-of-the-smidex-suisse-exposyum\/\" \/>\n<meta property=\"og:locale\" content=\"en_US\" \/>\n<meta property=\"og:type\" content=\"article\" \/>\n<meta property=\"og:title\" content=\"Premiere der Smidex Suisse Exposyum - MQ Management und Qualit\u00e4t\" \/>\n<meta property=\"og:description\" content=\"Z\u00fcrichs neuer Security-Event Smidex Suisse Exposyum feierte am 17. und 18. November 2021 in der Halle 550 in Z\u00fcrich-Oerlikon Premiere.\" \/>\n<meta property=\"og:url\" content=\"https:\/\/www.m-q.ch\/en\/premiere-of-the-smidex-suisse-exposyum\/\" \/>\n<meta property=\"og:site_name\" content=\"MQ Management und Qualit\u00e4t\" \/>\n<meta property=\"article:publisher\" content=\"https:\/\/www.facebook.com\/ManagementUndQualitaet\" \/>\n<meta property=\"article:published_time\" content=\"2021-11-19T11:02:43+00:00\" \/>\n<meta property=\"article:modified_time\" content=\"2021-11-25T08:26:52+00:00\" \/>\n<meta property=\"og:image\" content=\"https:\/\/www.m-q.ch\/wp-content\/uploads\/2021\/11\/SMIDEX_2021-3-scaled.jpg\" \/>\n\t<meta property=\"og:image:width\" content=\"2560\" \/>\n\t<meta property=\"og:image:height\" content=\"1920\" \/>\n\t<meta property=\"og:image:type\" content=\"image\/jpeg\" \/>\n<meta name=\"author\" content=\"Roger Str\u00e4ssle\" \/>\n<meta name=\"twitter:card\" content=\"summary_large_image\" \/>\n<meta name=\"twitter:label1\" content=\"Written by\" \/>\n\t<meta name=\"twitter:data1\" content=\"Roger Str\u00e4ssle\" \/>\n\t<meta name=\"twitter:label2\" content=\"Est. reading time\" \/>\n\t<meta name=\"twitter:data2\" content=\"2 minutes\" \/>\n<script type=\"application\/ld+json\" class=\"yoast-schema-graph\">{\"@context\":\"https:\/\/schema.org\",\"@graph\":[{\"@type\":\"Article\",\"@id\":\"https:\/\/www.m-q.ch\/premiere-der-smidex-suisse-exposyum\/#article\",\"isPartOf\":{\"@id\":\"https:\/\/www.m-q.ch\/premiere-der-smidex-suisse-exposyum\/\"},\"author\":{\"name\":\"Roger Str\u00e4ssle\",\"@id\":\"https:\/\/www.m-q.ch\/fr\/#\/schema\/person\/47d540e081acd98ccbeb69b55df653d7\"},\"headline\":\"Premiere der Smidex Suisse Exposyum\",\"datePublished\":\"2021-11-19T11:02:43+00:00\",\"dateModified\":\"2021-11-25T08:26:52+00:00\",\"mainEntityOfPage\":{\"@id\":\"https:\/\/www.m-q.ch\/premiere-der-smidex-suisse-exposyum\/\"},\"wordCount\":429,\"publisher\":{\"@id\":\"https:\/\/www.m-q.ch\/fr\/#organization\"},\"image\":{\"@id\":\"https:\/\/www.m-q.ch\/premiere-der-smidex-suisse-exposyum\/#primaryimage\"},\"thumbnailUrl\":\"https:\/\/www.m-q.ch\/wp-content\/uploads\/2021\/11\/SMIDEX_2021-3-scaled.jpg\",\"keywords\":[\"Smidex\"],\"articleSection\":[\"Allgemein\"],\"inLanguage\":\"en-US\"},{\"@type\":\"WebPage\",\"@id\":\"https:\/\/www.m-q.ch\/premiere-der-smidex-suisse-exposyum\/\",\"url\":\"https:\/\/www.m-q.ch\/premiere-der-smidex-suisse-exposyum\/\",\"name\":\"Premiere der Smidex Suisse Exposyum - MQ Management und Qualit\u00e4t\",\"isPartOf\":{\"@id\":\"https:\/\/www.m-q.ch\/fr\/#website\"},\"primaryImageOfPage\":{\"@id\":\"https:\/\/www.m-q.ch\/premiere-der-smidex-suisse-exposyum\/#primaryimage\"},\"image\":{\"@id\":\"https:\/\/www.m-q.ch\/premiere-der-smidex-suisse-exposyum\/#primaryimage\"},\"thumbnailUrl\":\"https:\/\/www.m-q.ch\/wp-content\/uploads\/2021\/11\/SMIDEX_2021-3-scaled.jpg\",\"datePublished\":\"2021-11-19T11:02:43+00:00\",\"dateModified\":\"2021-11-25T08:26:52+00:00\",\"description\":\"Z\u00fcrichs neuer Security-Event Smidex Suisse Exposyum feierte am 17. und 18. November 2021 in der Halle 550 in Z\u00fcrich-Oerlikon Premiere.\",\"breadcrumb\":{\"@id\":\"https:\/\/www.m-q.ch\/premiere-der-smidex-suisse-exposyum\/#breadcrumb\"},\"inLanguage\":\"en-US\",\"potentialAction\":[{\"@type\":\"ReadAction\",\"target\":[\"https:\/\/www.m-q.ch\/premiere-der-smidex-suisse-exposyum\/\"]}]},{\"@type\":\"ImageObject\",\"inLanguage\":\"en-US\",\"@id\":\"https:\/\/www.m-q.ch\/premiere-der-smidex-suisse-exposyum\/#primaryimage\",\"url\":\"https:\/\/www.m-q.ch\/wp-content\/uploads\/2021\/11\/SMIDEX_2021-3-scaled.jpg\",\"contentUrl\":\"https:\/\/www.m-q.ch\/wp-content\/uploads\/2021\/11\/SMIDEX_2021-3-scaled.jpg\",\"width\":2560,\"height\":1920,\"caption\":\"zVg\"},{\"@type\":\"BreadcrumbList\",\"@id\":\"https:\/\/www.m-q.ch\/premiere-der-smidex-suisse-exposyum\/#breadcrumb\",\"itemListElement\":[{\"@type\":\"ListItem\",\"position\":1,\"name\":\"Allgemein\",\"item\":\"https:\/\/www.m-q.ch\/kategorie\/allgemein\/\"},{\"@type\":\"ListItem\",\"position\":2,\"name\":\"Premiere der Smidex Suisse Exposyum\"}]},{\"@type\":\"WebSite\",\"@id\":\"https:\/\/www.m-q.ch\/fr\/#website\",\"url\":\"https:\/\/www.m-q.ch\/fr\/\",\"name\":\"MQ Management und Qualit\u00e4t\",\"description\":\"Plattform f\u00fcr integrierte Managementsysteme.\",\"publisher\":{\"@id\":\"https:\/\/www.m-q.ch\/fr\/#organization\"},\"potentialAction\":[{\"@type\":\"SearchAction\",\"target\":{\"@type\":\"EntryPoint\",\"urlTemplate\":\"https:\/\/www.m-q.ch\/fr\/?s={search_term_string}\"},\"query-input\":{\"@type\":\"PropertyValueSpecification\",\"valueRequired\":true,\"valueName\":\"search_term_string\"}}],\"inLanguage\":\"en-US\"},{\"@type\":\"Organization\",\"@id\":\"https:\/\/www.m-q.ch\/fr\/#organization\",\"name\":\"Galledia Fachmedien AG\",\"url\":\"https:\/\/www.m-q.ch\/fr\/\",\"logo\":{\"@type\":\"ImageObject\",\"inLanguage\":\"en-US\",\"@id\":\"https:\/\/www.m-q.ch\/fr\/#\/schema\/logo\/image\/\",\"url\":\"https:\/\/www.m-q.ch\/wp-content\/uploads\/2020\/12\/cropped-logo_small.png\",\"contentUrl\":\"https:\/\/www.m-q.ch\/wp-content\/uploads\/2020\/12\/cropped-logo_small.png\",\"width\":512,\"height\":512,\"caption\":\"Galledia Fachmedien AG\"},\"image\":{\"@id\":\"https:\/\/www.m-q.ch\/fr\/#\/schema\/logo\/image\/\"},\"sameAs\":[\"https:\/\/www.facebook.com\/ManagementUndQualitaet\",\"https:\/\/www.linkedin.com\/showcase\/17982321\/admin\/\"]},{\"@type\":\"Person\",\"@id\":\"https:\/\/www.m-q.ch\/fr\/#\/schema\/person\/47d540e081acd98ccbeb69b55df653d7\",\"name\":\"Roger Str\u00e4ssle\",\"image\":{\"@type\":\"ImageObject\",\"inLanguage\":\"en-US\",\"@id\":\"https:\/\/www.m-q.ch\/fr\/#\/schema\/person\/image\/\",\"url\":\"https:\/\/secure.gravatar.com\/avatar\/e4dde3046d8a184d2e2d27651a418883?s=96&d=mm&r=g\",\"contentUrl\":\"https:\/\/secure.gravatar.com\/avatar\/e4dde3046d8a184d2e2d27651a418883?s=96&d=mm&r=g\",\"caption\":\"Roger Str\u00e4ssle\"},\"url\":\"https:\/\/www.m-q.ch\/en\/author\/roger-straessle\/\"}]}<\/script>\n<!-- \/ Yoast SEO plugin. -->","yoast_head_json":{"title":"Premiere of Smidex Suisse Exposyum - MQ Management and Quality","description":"Zurich's new security event Smidex Suisse Exposyum celebrated its premiere on 17 and 18 November 2021 in Hall 550 in Zurich-Oerlikon.","robots":{"index":"index","follow":"follow","max-snippet":"max-snippet:-1","max-image-preview":"max-image-preview:large","max-video-preview":"max-video-preview:-1"},"canonical":"https:\/\/www.m-q.ch\/en\/premiere-of-the-smidex-suisse-exposyum\/","og_locale":"en_US","og_type":"article","og_title":"Premiere der Smidex Suisse Exposyum - MQ Management und Qualit\u00e4t","og_description":"Z\u00fcrichs neuer Security-Event Smidex Suisse Exposyum feierte am 17. und 18. November 2021 in der Halle 550 in Z\u00fcrich-Oerlikon Premiere.","og_url":"https:\/\/www.m-q.ch\/en\/premiere-of-the-smidex-suisse-exposyum\/","og_site_name":"MQ Management und Qualit\u00e4t","article_publisher":"https:\/\/www.facebook.com\/ManagementUndQualitaet","article_published_time":"2021-11-19T11:02:43+00:00","article_modified_time":"2021-11-25T08:26:52+00:00","og_image":[{"width":2560,"height":1920,"url":"https:\/\/www.m-q.ch\/wp-content\/uploads\/2021\/11\/SMIDEX_2021-3-scaled.jpg","type":"image\/jpeg"}],"author":"Roger Str\u00e4ssle","twitter_card":"summary_large_image","twitter_misc":{"Written by":"Roger Str\u00e4ssle","Est. reading time":"2 minutes"},"schema":{"@context":"https:\/\/schema.org","@graph":[{"@type":"Article","@id":"https:\/\/www.m-q.ch\/premiere-der-smidex-suisse-exposyum\/#article","isPartOf":{"@id":"https:\/\/www.m-q.ch\/premiere-der-smidex-suisse-exposyum\/"},"author":{"name":"Roger Str\u00e4ssle","@id":"https:\/\/www.m-q.ch\/fr\/#\/schema\/person\/47d540e081acd98ccbeb69b55df653d7"},"headline":"Premiere der Smidex Suisse Exposyum","datePublished":"2021-11-19T11:02:43+00:00","dateModified":"2021-11-25T08:26:52+00:00","mainEntityOfPage":{"@id":"https:\/\/www.m-q.ch\/premiere-der-smidex-suisse-exposyum\/"},"wordCount":429,"publisher":{"@id":"https:\/\/www.m-q.ch\/fr\/#organization"},"image":{"@id":"https:\/\/www.m-q.ch\/premiere-der-smidex-suisse-exposyum\/#primaryimage"},"thumbnailUrl":"https:\/\/www.m-q.ch\/wp-content\/uploads\/2021\/11\/SMIDEX_2021-3-scaled.jpg","keywords":["Smidex"],"articleSection":["Allgemein"],"inLanguage":"en-US"},{"@type":"WebPage","@id":"https:\/\/www.m-q.ch\/premiere-der-smidex-suisse-exposyum\/","url":"https:\/\/www.m-q.ch\/premiere-der-smidex-suisse-exposyum\/","name":"Premiere of Smidex Suisse Exposyum - MQ Management and Quality","isPartOf":{"@id":"https:\/\/www.m-q.ch\/fr\/#website"},"primaryImageOfPage":{"@id":"https:\/\/www.m-q.ch\/premiere-der-smidex-suisse-exposyum\/#primaryimage"},"image":{"@id":"https:\/\/www.m-q.ch\/premiere-der-smidex-suisse-exposyum\/#primaryimage"},"thumbnailUrl":"https:\/\/www.m-q.ch\/wp-content\/uploads\/2021\/11\/SMIDEX_2021-3-scaled.jpg","datePublished":"2021-11-19T11:02:43+00:00","dateModified":"2021-11-25T08:26:52+00:00","description":"Zurich's new security event Smidex Suisse Exposyum celebrated its premiere on 17 and 18 November 2021 in Hall 550 in Zurich-Oerlikon.","breadcrumb":{"@id":"https:\/\/www.m-q.ch\/premiere-der-smidex-suisse-exposyum\/#breadcrumb"},"inLanguage":"en-US","potentialAction":[{"@type":"ReadAction","target":["https:\/\/www.m-q.ch\/premiere-der-smidex-suisse-exposyum\/"]}]},{"@type":"ImageObject","inLanguage":"en-US","@id":"https:\/\/www.m-q.ch\/premiere-der-smidex-suisse-exposyum\/#primaryimage","url":"https:\/\/www.m-q.ch\/wp-content\/uploads\/2021\/11\/SMIDEX_2021-3-scaled.jpg","contentUrl":"https:\/\/www.m-q.ch\/wp-content\/uploads\/2021\/11\/SMIDEX_2021-3-scaled.jpg","width":2560,"height":1920,"caption":"zVg"},{"@type":"BreadcrumbList","@id":"https:\/\/www.m-q.ch\/premiere-der-smidex-suisse-exposyum\/#breadcrumb","itemListElement":[{"@type":"ListItem","position":1,"name":"Allgemein","item":"https:\/\/www.m-q.ch\/kategorie\/allgemein\/"},{"@type":"ListItem","position":2,"name":"Premiere der Smidex Suisse Exposyum"}]},{"@type":"WebSite","@id":"https:\/\/www.m-q.ch\/fr\/#website","url":"https:\/\/www.m-q.ch\/fr\/","name":"MQ Management and Quality","description":"Platform for integrated management systems.","publisher":{"@id":"https:\/\/www.m-q.ch\/fr\/#organization"},"potentialAction":[{"@type":"SearchAction","target":{"@type":"EntryPoint","urlTemplate":"https:\/\/www.m-q.ch\/fr\/?s={search_term_string}"},"query-input":{"@type":"PropertyValueSpecification","valueRequired":true,"valueName":"search_term_string"}}],"inLanguage":"en-US"},{"@type":"Organization","@id":"https:\/\/www.m-q.ch\/fr\/#organization","name":"Galledia Trade Media AG","url":"https:\/\/www.m-q.ch\/fr\/","logo":{"@type":"ImageObject","inLanguage":"en-US","@id":"https:\/\/www.m-q.ch\/fr\/#\/schema\/logo\/image\/","url":"https:\/\/www.m-q.ch\/wp-content\/uploads\/2020\/12\/cropped-logo_small.png","contentUrl":"https:\/\/www.m-q.ch\/wp-content\/uploads\/2020\/12\/cropped-logo_small.png","width":512,"height":512,"caption":"Galledia Fachmedien AG"},"image":{"@id":"https:\/\/www.m-q.ch\/fr\/#\/schema\/logo\/image\/"},"sameAs":["https:\/\/www.facebook.com\/ManagementUndQualitaet","https:\/\/www.linkedin.com\/showcase\/17982321\/admin\/"]},{"@type":"Person","@id":"https:\/\/www.m-q.ch\/fr\/#\/schema\/person\/47d540e081acd98ccbeb69b55df653d7","name":"Roger Str\u00e4ssle","image":{"@type":"ImageObject","inLanguage":"en-US","@id":"https:\/\/www.m-q.ch\/fr\/#\/schema\/person\/image\/","url":"https:\/\/secure.gravatar.com\/avatar\/e4dde3046d8a184d2e2d27651a418883?s=96&d=mm&r=g","contentUrl":"https:\/\/secure.gravatar.com\/avatar\/e4dde3046d8a184d2e2d27651a418883?s=96&d=mm&r=g","caption":"Roger Str\u00e4ssle"},"url":"https:\/\/www.m-q.ch\/en\/author\/roger-straessle\/"}]}},"_links":{"self":[{"href":"https:\/\/www.m-q.ch\/en\/wp-json\/wp\/v2\/posts\/15438","targetHints":{"allow":["GET"]}}],"collection":[{"href":"https:\/\/www.m-q.ch\/en\/wp-json\/wp\/v2\/posts"}],"about":[{"href":"https:\/\/www.m-q.ch\/en\/wp-json\/wp\/v2\/types\/post"}],"author":[{"embeddable":true,"href":"https:\/\/www.m-q.ch\/en\/wp-json\/wp\/v2\/users\/35"}],"replies":[{"embeddable":true,"href":"https:\/\/www.m-q.ch\/en\/wp-json\/wp\/v2\/comments?post=15438"}],"version-history":[{"count":8,"href":"https:\/\/www.m-q.ch\/en\/wp-json\/wp\/v2\/posts\/15438\/revisions"}],"predecessor-version":[{"id":15448,"href":"https:\/\/www.m-q.ch\/en\/wp-json\/wp\/v2\/posts\/15438\/revisions\/15448"}],"wp:featuredmedia":[{"embeddable":true,"href":"https:\/\/www.m-q.ch\/en\/wp-json\/wp\/v2\/media\/15447"}],"wp:attachment":[{"href":"https:\/\/www.m-q.ch\/en\/wp-json\/wp\/v2\/media?parent=15438"}],"wp:term":[{"taxonomy":"category","embeddable":true,"href":"https:\/\/www.m-q.ch\/en\/wp-json\/wp\/v2\/categories?post=15438"},{"taxonomy":"post_tag","embeddable":true,"href":"https:\/\/www.m-q.ch\/en\/wp-json\/wp\/v2\/tags?post=15438"}],"curies":[{"name":"wp","href":"https:\/\/api.w.org\/{rel}","templated":true}]}}