{"id":15531,"date":"2021-11-29T11:05:19","date_gmt":"2021-11-29T10:05:19","guid":{"rendered":"https:\/\/www.m-q.ch\/?p=15531"},"modified":"2021-12-14T14:04:11","modified_gmt":"2021-12-14T13:04:11","slug":"reportable-occupations-for-2022","status":"publish","type":"post","link":"https:\/\/www.m-q.ch\/en\/meldepflichtige-berufsarten-fuer-2022\/","title":{"rendered":"Notifiable occupational types for 2022"},"content":{"rendered":"<figure id=\"attachment_15532\" aria-describedby=\"caption-attachment-15532\" style=\"width: 1000px\" class=\"wp-caption aligncenter\"><img loading=\"lazy\" decoding=\"async\" class=\"size-full wp-image-15532\" src=\"https:\/\/www.m-q.ch\/wp-content\/uploads\/2021\/11\/Depositphotos_100468552_S.jpg\" alt=\"Job notification requirement\" width=\"1000\" height=\"681\" srcset=\"https:\/\/www.m-q.ch\/wp-content\/uploads\/2021\/11\/Depositphotos_100468552_S.jpg 1000w, https:\/\/www.m-q.ch\/wp-content\/uploads\/2021\/11\/Depositphotos_100468552_S-768x523.jpg 768w, https:\/\/www.m-q.ch\/wp-content\/uploads\/2021\/11\/Depositphotos_100468552_S-16x12.jpg 16w, https:\/\/www.m-q.ch\/wp-content\/uploads\/2021\/11\/Depositphotos_100468552_S-257x175.jpg 257w, https:\/\/www.m-q.ch\/wp-content\/uploads\/2021\/11\/Depositphotos_100468552_S-514x350.jpg 514w, https:\/\/www.m-q.ch\/wp-content\/uploads\/2021\/11\/Depositphotos_100468552_S-920x627.jpg 920w, https:\/\/www.m-q.ch\/wp-content\/uploads\/2021\/11\/Depositphotos_100468552_S-300x204.jpg 300w\" sizes=\"auto, (max-width: 1000px) 100vw, 1000px\" \/><figcaption id=\"caption-attachment-15532\" class=\"wp-caption-text\">Who will fall under the job notification requirement from 2022? \u00a9 Depositphotos, Rawpixel<\/figcaption><\/figure>\n<p>The Federal Department of Economic Affairs, Education and Research (EAER) has updated the list of occupations subject to registration (<a href=\"http:\/\/www.arbeit.swiss\/secoalv\/de\/home\/menue\/unternehmen\/stellenmeldepflicht\/stellenmeldepflicht-ab-2022.html\">see also here<\/a>). The 2021 list already reflects the increase in the unemployment rate in the wake of the Covid 19 pandemic, the federal office writes. Due to this increase in unemployment, the number of occupational types that meet or exceed the job notification threshold of 5 percent will increase slightly again in 2022.<\/p>\n<h2>In addition, five types of profession<\/h2>\n<p>In 2022, five additional occupational categories with around 213,000 employees will be subject to the job registration requirement. By far the largest new occupational category subject to mandatory reporting is sales staff in retail outlets (approx. 158,000 employees), which achieved an unemployment rate of 5.3 percent in the reference period, according to Guy Parmelin's department. According to the EAER, vacancies for specialists in marketing and advertising, graphic and multimedia designers, painters and related professions as well as travel specialists must now also be reported.<\/p>\n<p><em>Reportable occupation types for 2022 can be viewed at: <a href=\"http:\/\/www.arbeit.swiss\">www.arbeit.swiss<\/a><\/em><\/p>","protected":false},"excerpt":{"rendered":"<p>Das Eidgen\u00f6ssische Departement f\u00fcr Wirtschaft, Bildung und Forschung (WBF) hat die Liste der meldepflichtigen Berufsarten aktualisiert (vgl. auch hier). Sie gilt f\u00fcr die Dauer vom 1. Januar bis 31. Dezember 2022. Bereits die Liste 2021 spiegle den Anstieg der Arbeitslosenquote im Zuge der Covid-19-Pandemie wider, schreibt das Bundesamt. Aufgrund dieses Anstiegs der Arbeitslosigkeit werde die [&hellip;]<\/p>\n","protected":false},"author":35,"featured_media":15532,"comment_status":"closed","ping_status":"closed","sticky":false,"template":"","format":"standard","meta":{"_acf_changed":false,"footnotes":""},"categories":[4448],"tags":[5179],"class_list":["post-15531","post","type-post","status-publish","format-standard","has-post-thumbnail","hentry","category-allgemein","tag-stellenmeldepflicht"],"acf":[],"yoast_head":"<!-- This site is optimized with the Yoast SEO plugin v26.2 - https:\/\/yoast.com\/wordpress\/plugins\/seo\/ -->\n<title>Meldepflichtige Berufsarten f\u00fcr 2022 - MQ Management und Qualit\u00e4t<\/title>\n<meta name=\"description\" content=\"Die Liste der meldepflichtigen Berufsarten f\u00fcr 2022 liegt vor. Sie umfasst s\u00e4mtliche Berufsarten ab einer Arbeitslosenquote von 5% und mehr.\" \/>\n<meta name=\"robots\" content=\"index, follow, max-snippet:-1, max-image-preview:large, max-video-preview:-1\" \/>\n<link rel=\"canonical\" href=\"https:\/\/www.m-q.ch\/en\/reportable-occupations-for-2022\/\" \/>\n<meta property=\"og:locale\" content=\"en_US\" \/>\n<meta property=\"og:type\" content=\"article\" \/>\n<meta property=\"og:title\" content=\"Meldepflichtige Berufsarten f\u00fcr 2022 - MQ Management und Qualit\u00e4t\" \/>\n<meta property=\"og:description\" content=\"Die Liste der meldepflichtigen Berufsarten f\u00fcr 2022 liegt vor. Sie umfasst s\u00e4mtliche Berufsarten ab einer Arbeitslosenquote von 5% und mehr.\" \/>\n<meta property=\"og:url\" content=\"https:\/\/www.m-q.ch\/en\/reportable-occupations-for-2022\/\" \/>\n<meta property=\"og:site_name\" content=\"MQ Management und Qualit\u00e4t\" \/>\n<meta property=\"article:publisher\" content=\"https:\/\/www.facebook.com\/ManagementUndQualitaet\" \/>\n<meta property=\"article:published_time\" content=\"2021-11-29T10:05:19+00:00\" \/>\n<meta property=\"article:modified_time\" content=\"2021-12-14T13:04:11+00:00\" \/>\n<meta property=\"og:image\" content=\"https:\/\/www.m-q.ch\/wp-content\/uploads\/2021\/11\/Depositphotos_100468552_S.jpg\" \/>\n\t<meta property=\"og:image:width\" content=\"1000\" \/>\n\t<meta property=\"og:image:height\" content=\"681\" \/>\n\t<meta property=\"og:image:type\" content=\"image\/jpeg\" \/>\n<meta name=\"author\" content=\"Roger Str\u00e4ssle\" \/>\n<meta name=\"twitter:card\" content=\"summary_large_image\" \/>\n<meta name=\"twitter:label1\" content=\"Written by\" \/>\n\t<meta name=\"twitter:data1\" content=\"Roger Str\u00e4ssle\" \/>\n\t<meta name=\"twitter:label2\" content=\"Est. reading time\" \/>\n\t<meta name=\"twitter:data2\" content=\"1 minute\" \/>\n<script type=\"application\/ld+json\" class=\"yoast-schema-graph\">{\"@context\":\"https:\/\/schema.org\",\"@graph\":[{\"@type\":\"Article\",\"@id\":\"https:\/\/www.m-q.ch\/meldepflichtige-berufsarten-fuer-2022\/#article\",\"isPartOf\":{\"@id\":\"https:\/\/www.m-q.ch\/meldepflichtige-berufsarten-fuer-2022\/\"},\"author\":{\"name\":\"Roger Str\u00e4ssle\",\"@id\":\"https:\/\/www.m-q.ch\/fr\/#\/schema\/person\/47d540e081acd98ccbeb69b55df653d7\"},\"headline\":\"Meldepflichtige Berufsarten f\u00fcr 2022\",\"datePublished\":\"2021-11-29T10:05:19+00:00\",\"dateModified\":\"2021-12-14T13:04:11+00:00\",\"mainEntityOfPage\":{\"@id\":\"https:\/\/www.m-q.ch\/meldepflichtige-berufsarten-fuer-2022\/\"},\"wordCount\":192,\"publisher\":{\"@id\":\"https:\/\/www.m-q.ch\/fr\/#organization\"},\"image\":{\"@id\":\"https:\/\/www.m-q.ch\/meldepflichtige-berufsarten-fuer-2022\/#primaryimage\"},\"thumbnailUrl\":\"https:\/\/www.m-q.ch\/wp-content\/uploads\/2021\/11\/Depositphotos_100468552_S.jpg\",\"keywords\":[\"Stellenmeldepflicht\"],\"articleSection\":[\"Allgemein\"],\"inLanguage\":\"en-US\"},{\"@type\":\"WebPage\",\"@id\":\"https:\/\/www.m-q.ch\/meldepflichtige-berufsarten-fuer-2022\/\",\"url\":\"https:\/\/www.m-q.ch\/meldepflichtige-berufsarten-fuer-2022\/\",\"name\":\"Meldepflichtige Berufsarten f\u00fcr 2022 - MQ Management und Qualit\u00e4t\",\"isPartOf\":{\"@id\":\"https:\/\/www.m-q.ch\/fr\/#website\"},\"primaryImageOfPage\":{\"@id\":\"https:\/\/www.m-q.ch\/meldepflichtige-berufsarten-fuer-2022\/#primaryimage\"},\"image\":{\"@id\":\"https:\/\/www.m-q.ch\/meldepflichtige-berufsarten-fuer-2022\/#primaryimage\"},\"thumbnailUrl\":\"https:\/\/www.m-q.ch\/wp-content\/uploads\/2021\/11\/Depositphotos_100468552_S.jpg\",\"datePublished\":\"2021-11-29T10:05:19+00:00\",\"dateModified\":\"2021-12-14T13:04:11+00:00\",\"description\":\"Die Liste der meldepflichtigen Berufsarten f\u00fcr 2022 liegt vor. Sie umfasst s\u00e4mtliche Berufsarten ab einer Arbeitslosenquote von 5% und mehr.\",\"breadcrumb\":{\"@id\":\"https:\/\/www.m-q.ch\/meldepflichtige-berufsarten-fuer-2022\/#breadcrumb\"},\"inLanguage\":\"en-US\",\"potentialAction\":[{\"@type\":\"ReadAction\",\"target\":[\"https:\/\/www.m-q.ch\/meldepflichtige-berufsarten-fuer-2022\/\"]}]},{\"@type\":\"ImageObject\",\"inLanguage\":\"en-US\",\"@id\":\"https:\/\/www.m-q.ch\/meldepflichtige-berufsarten-fuer-2022\/#primaryimage\",\"url\":\"https:\/\/www.m-q.ch\/wp-content\/uploads\/2021\/11\/Depositphotos_100468552_S.jpg\",\"contentUrl\":\"https:\/\/www.m-q.ch\/wp-content\/uploads\/2021\/11\/Depositphotos_100468552_S.jpg\",\"width\":1000,\"height\":681,\"caption\":\"Wer f\u00e4llt ab 2022 unter die Stellenmeldepflicht? \u00a9 Depositphotos, Rawpixel\"},{\"@type\":\"BreadcrumbList\",\"@id\":\"https:\/\/www.m-q.ch\/meldepflichtige-berufsarten-fuer-2022\/#breadcrumb\",\"itemListElement\":[{\"@type\":\"ListItem\",\"position\":1,\"name\":\"Allgemein\",\"item\":\"https:\/\/www.m-q.ch\/kategorie\/allgemein\/\"},{\"@type\":\"ListItem\",\"position\":2,\"name\":\"Meldepflichtige Berufsarten f\u00fcr 2022\"}]},{\"@type\":\"WebSite\",\"@id\":\"https:\/\/www.m-q.ch\/fr\/#website\",\"url\":\"https:\/\/www.m-q.ch\/fr\/\",\"name\":\"MQ Management und Qualit\u00e4t\",\"description\":\"Plattform f\u00fcr integrierte Managementsysteme.\",\"publisher\":{\"@id\":\"https:\/\/www.m-q.ch\/fr\/#organization\"},\"potentialAction\":[{\"@type\":\"SearchAction\",\"target\":{\"@type\":\"EntryPoint\",\"urlTemplate\":\"https:\/\/www.m-q.ch\/fr\/?s={search_term_string}\"},\"query-input\":{\"@type\":\"PropertyValueSpecification\",\"valueRequired\":true,\"valueName\":\"search_term_string\"}}],\"inLanguage\":\"en-US\"},{\"@type\":\"Organization\",\"@id\":\"https:\/\/www.m-q.ch\/fr\/#organization\",\"name\":\"Galledia Fachmedien AG\",\"url\":\"https:\/\/www.m-q.ch\/fr\/\",\"logo\":{\"@type\":\"ImageObject\",\"inLanguage\":\"en-US\",\"@id\":\"https:\/\/www.m-q.ch\/fr\/#\/schema\/logo\/image\/\",\"url\":\"https:\/\/www.m-q.ch\/wp-content\/uploads\/2020\/12\/cropped-logo_small.png\",\"contentUrl\":\"https:\/\/www.m-q.ch\/wp-content\/uploads\/2020\/12\/cropped-logo_small.png\",\"width\":512,\"height\":512,\"caption\":\"Galledia Fachmedien AG\"},\"image\":{\"@id\":\"https:\/\/www.m-q.ch\/fr\/#\/schema\/logo\/image\/\"},\"sameAs\":[\"https:\/\/www.facebook.com\/ManagementUndQualitaet\",\"https:\/\/www.linkedin.com\/showcase\/17982321\/admin\/\"]},{\"@type\":\"Person\",\"@id\":\"https:\/\/www.m-q.ch\/fr\/#\/schema\/person\/47d540e081acd98ccbeb69b55df653d7\",\"name\":\"Roger Str\u00e4ssle\",\"image\":{\"@type\":\"ImageObject\",\"inLanguage\":\"en-US\",\"@id\":\"https:\/\/www.m-q.ch\/fr\/#\/schema\/person\/image\/\",\"url\":\"https:\/\/secure.gravatar.com\/avatar\/e4dde3046d8a184d2e2d27651a418883?s=96&d=mm&r=g\",\"contentUrl\":\"https:\/\/secure.gravatar.com\/avatar\/e4dde3046d8a184d2e2d27651a418883?s=96&d=mm&r=g\",\"caption\":\"Roger Str\u00e4ssle\"},\"url\":\"https:\/\/www.m-q.ch\/en\/author\/roger-straessle\/\"}]}<\/script>\n<!-- \/ Yoast SEO plugin. -->","yoast_head_json":{"title":"Notifiable occupational types for 2022 - MQ Management and Quality","description":"The list of reportable occupational types for 2022 is available. It includes all occupational types with an unemployment rate of 5% and above.","robots":{"index":"index","follow":"follow","max-snippet":"max-snippet:-1","max-image-preview":"max-image-preview:large","max-video-preview":"max-video-preview:-1"},"canonical":"https:\/\/www.m-q.ch\/en\/reportable-occupations-for-2022\/","og_locale":"en_US","og_type":"article","og_title":"Meldepflichtige Berufsarten f\u00fcr 2022 - MQ Management und Qualit\u00e4t","og_description":"Die Liste der meldepflichtigen Berufsarten f\u00fcr 2022 liegt vor. Sie umfasst s\u00e4mtliche Berufsarten ab einer Arbeitslosenquote von 5% und mehr.","og_url":"https:\/\/www.m-q.ch\/en\/reportable-occupations-for-2022\/","og_site_name":"MQ Management und Qualit\u00e4t","article_publisher":"https:\/\/www.facebook.com\/ManagementUndQualitaet","article_published_time":"2021-11-29T10:05:19+00:00","article_modified_time":"2021-12-14T13:04:11+00:00","og_image":[{"width":1000,"height":681,"url":"https:\/\/www.m-q.ch\/wp-content\/uploads\/2021\/11\/Depositphotos_100468552_S.jpg","type":"image\/jpeg"}],"author":"Roger Str\u00e4ssle","twitter_card":"summary_large_image","twitter_misc":{"Written by":"Roger Str\u00e4ssle","Est. reading time":"1 minute"},"schema":{"@context":"https:\/\/schema.org","@graph":[{"@type":"Article","@id":"https:\/\/www.m-q.ch\/meldepflichtige-berufsarten-fuer-2022\/#article","isPartOf":{"@id":"https:\/\/www.m-q.ch\/meldepflichtige-berufsarten-fuer-2022\/"},"author":{"name":"Roger Str\u00e4ssle","@id":"https:\/\/www.m-q.ch\/fr\/#\/schema\/person\/47d540e081acd98ccbeb69b55df653d7"},"headline":"Meldepflichtige Berufsarten f\u00fcr 2022","datePublished":"2021-11-29T10:05:19+00:00","dateModified":"2021-12-14T13:04:11+00:00","mainEntityOfPage":{"@id":"https:\/\/www.m-q.ch\/meldepflichtige-berufsarten-fuer-2022\/"},"wordCount":192,"publisher":{"@id":"https:\/\/www.m-q.ch\/fr\/#organization"},"image":{"@id":"https:\/\/www.m-q.ch\/meldepflichtige-berufsarten-fuer-2022\/#primaryimage"},"thumbnailUrl":"https:\/\/www.m-q.ch\/wp-content\/uploads\/2021\/11\/Depositphotos_100468552_S.jpg","keywords":["Stellenmeldepflicht"],"articleSection":["Allgemein"],"inLanguage":"en-US"},{"@type":"WebPage","@id":"https:\/\/www.m-q.ch\/meldepflichtige-berufsarten-fuer-2022\/","url":"https:\/\/www.m-q.ch\/meldepflichtige-berufsarten-fuer-2022\/","name":"Notifiable occupational types for 2022 - MQ Management and Quality","isPartOf":{"@id":"https:\/\/www.m-q.ch\/fr\/#website"},"primaryImageOfPage":{"@id":"https:\/\/www.m-q.ch\/meldepflichtige-berufsarten-fuer-2022\/#primaryimage"},"image":{"@id":"https:\/\/www.m-q.ch\/meldepflichtige-berufsarten-fuer-2022\/#primaryimage"},"thumbnailUrl":"https:\/\/www.m-q.ch\/wp-content\/uploads\/2021\/11\/Depositphotos_100468552_S.jpg","datePublished":"2021-11-29T10:05:19+00:00","dateModified":"2021-12-14T13:04:11+00:00","description":"The list of reportable occupational types for 2022 is available. It includes all occupational types with an unemployment rate of 5% and above.","breadcrumb":{"@id":"https:\/\/www.m-q.ch\/meldepflichtige-berufsarten-fuer-2022\/#breadcrumb"},"inLanguage":"en-US","potentialAction":[{"@type":"ReadAction","target":["https:\/\/www.m-q.ch\/meldepflichtige-berufsarten-fuer-2022\/"]}]},{"@type":"ImageObject","inLanguage":"en-US","@id":"https:\/\/www.m-q.ch\/meldepflichtige-berufsarten-fuer-2022\/#primaryimage","url":"https:\/\/www.m-q.ch\/wp-content\/uploads\/2021\/11\/Depositphotos_100468552_S.jpg","contentUrl":"https:\/\/www.m-q.ch\/wp-content\/uploads\/2021\/11\/Depositphotos_100468552_S.jpg","width":1000,"height":681,"caption":"Wer f\u00e4llt ab 2022 unter die Stellenmeldepflicht? \u00a9 Depositphotos, Rawpixel"},{"@type":"BreadcrumbList","@id":"https:\/\/www.m-q.ch\/meldepflichtige-berufsarten-fuer-2022\/#breadcrumb","itemListElement":[{"@type":"ListItem","position":1,"name":"Allgemein","item":"https:\/\/www.m-q.ch\/kategorie\/allgemein\/"},{"@type":"ListItem","position":2,"name":"Meldepflichtige Berufsarten f\u00fcr 2022"}]},{"@type":"WebSite","@id":"https:\/\/www.m-q.ch\/fr\/#website","url":"https:\/\/www.m-q.ch\/fr\/","name":"MQ Management and Quality","description":"Platform for integrated management systems.","publisher":{"@id":"https:\/\/www.m-q.ch\/fr\/#organization"},"potentialAction":[{"@type":"SearchAction","target":{"@type":"EntryPoint","urlTemplate":"https:\/\/www.m-q.ch\/fr\/?s={search_term_string}"},"query-input":{"@type":"PropertyValueSpecification","valueRequired":true,"valueName":"search_term_string"}}],"inLanguage":"en-US"},{"@type":"Organization","@id":"https:\/\/www.m-q.ch\/fr\/#organization","name":"Galledia Trade Media AG","url":"https:\/\/www.m-q.ch\/fr\/","logo":{"@type":"ImageObject","inLanguage":"en-US","@id":"https:\/\/www.m-q.ch\/fr\/#\/schema\/logo\/image\/","url":"https:\/\/www.m-q.ch\/wp-content\/uploads\/2020\/12\/cropped-logo_small.png","contentUrl":"https:\/\/www.m-q.ch\/wp-content\/uploads\/2020\/12\/cropped-logo_small.png","width":512,"height":512,"caption":"Galledia Fachmedien AG"},"image":{"@id":"https:\/\/www.m-q.ch\/fr\/#\/schema\/logo\/image\/"},"sameAs":["https:\/\/www.facebook.com\/ManagementUndQualitaet","https:\/\/www.linkedin.com\/showcase\/17982321\/admin\/"]},{"@type":"Person","@id":"https:\/\/www.m-q.ch\/fr\/#\/schema\/person\/47d540e081acd98ccbeb69b55df653d7","name":"Roger Str\u00e4ssle","image":{"@type":"ImageObject","inLanguage":"en-US","@id":"https:\/\/www.m-q.ch\/fr\/#\/schema\/person\/image\/","url":"https:\/\/secure.gravatar.com\/avatar\/e4dde3046d8a184d2e2d27651a418883?s=96&d=mm&r=g","contentUrl":"https:\/\/secure.gravatar.com\/avatar\/e4dde3046d8a184d2e2d27651a418883?s=96&d=mm&r=g","caption":"Roger Str\u00e4ssle"},"url":"https:\/\/www.m-q.ch\/en\/author\/roger-straessle\/"}]}},"_links":{"self":[{"href":"https:\/\/www.m-q.ch\/en\/wp-json\/wp\/v2\/posts\/15531","targetHints":{"allow":["GET"]}}],"collection":[{"href":"https:\/\/www.m-q.ch\/en\/wp-json\/wp\/v2\/posts"}],"about":[{"href":"https:\/\/www.m-q.ch\/en\/wp-json\/wp\/v2\/types\/post"}],"author":[{"embeddable":true,"href":"https:\/\/www.m-q.ch\/en\/wp-json\/wp\/v2\/users\/35"}],"replies":[{"embeddable":true,"href":"https:\/\/www.m-q.ch\/en\/wp-json\/wp\/v2\/comments?post=15531"}],"version-history":[{"count":2,"href":"https:\/\/www.m-q.ch\/en\/wp-json\/wp\/v2\/posts\/15531\/revisions"}],"predecessor-version":[{"id":15534,"href":"https:\/\/www.m-q.ch\/en\/wp-json\/wp\/v2\/posts\/15531\/revisions\/15534"}],"wp:featuredmedia":[{"embeddable":true,"href":"https:\/\/www.m-q.ch\/en\/wp-json\/wp\/v2\/media\/15532"}],"wp:attachment":[{"href":"https:\/\/www.m-q.ch\/en\/wp-json\/wp\/v2\/media?parent=15531"}],"wp:term":[{"taxonomy":"category","embeddable":true,"href":"https:\/\/www.m-q.ch\/en\/wp-json\/wp\/v2\/categories?post=15531"},{"taxonomy":"post_tag","embeddable":true,"href":"https:\/\/www.m-q.ch\/en\/wp-json\/wp\/v2\/tags?post=15531"}],"curies":[{"name":"wp","href":"https:\/\/api.w.org\/{rel}","templated":true}]}}