{"id":15831,"date":"2022-01-27T07:32:04","date_gmt":"2022-01-27T06:32:04","guid":{"rendered":"https:\/\/www.m-q.ch\/?p=15831"},"modified":"2022-01-26T16:47:35","modified_gmt":"2022-01-26T15:47:35","slug":"digital-ethics-gaining-strategic-relevance","status":"publish","type":"post","link":"https:\/\/www.m-q.ch\/en\/digitale-ethik-gewinnt-an-strategischer-relevanz\/","title":{"rendered":"Digital ethics gains strategic relevance"},"content":{"rendered":"<figure id=\"attachment_15832\" aria-describedby=\"caption-attachment-15832\" style=\"width: 680px\" class=\"wp-caption alignnone\"><img loading=\"lazy\" decoding=\"async\" class=\"size-full wp-image-15832\" src=\"https:\/\/www.m-q.ch\/wp-content\/uploads\/2022\/01\/Digitale-Ethik-gewinnt-an-strategischer-Relevanz_MQ.jpg\" alt=\"\" width=\"680\" height=\"454\" srcset=\"https:\/\/www.m-q.ch\/wp-content\/uploads\/2022\/01\/Digitale-Ethik-gewinnt-an-strategischer-Relevanz_MQ.jpg 680w, https:\/\/www.m-q.ch\/wp-content\/uploads\/2022\/01\/Digitale-Ethik-gewinnt-an-strategischer-Relevanz_MQ-16x12.jpg 16w, https:\/\/www.m-q.ch\/wp-content\/uploads\/2022\/01\/Digitale-Ethik-gewinnt-an-strategischer-Relevanz_MQ-262x175.jpg 262w, https:\/\/www.m-q.ch\/wp-content\/uploads\/2022\/01\/Digitale-Ethik-gewinnt-an-strategischer-Relevanz_MQ-524x350.jpg 524w, https:\/\/www.m-q.ch\/wp-content\/uploads\/2022\/01\/Digitale-Ethik-gewinnt-an-strategischer-Relevanz_MQ-300x200.jpg 300w\" sizes=\"auto, (max-width: 680px) 100vw, 680px\" \/><figcaption id=\"caption-attachment-15832\" class=\"wp-caption-text\">Cornelia Diethelm, head of the CAS Digital Ethics program at the HWZ. (Image: zVg)<\/figcaption><\/figure>\n<p>The Digital Ethics Sentiment Barometer of the HWZ and the Centre for Digital Responsibility measures the digital responsibility of companies in Switzerland every year. This year's survey by Cornelia Diethelm, head of the CAS Digital Ethics at the HWZ, shows one thing: The topic of digital ethics has arrived in the consciousness of employees and managers and is considered to be relevant to the reputation of their own company.<\/p>\n<h2>Experience with ethically controversial projects<\/h2>\n<p>According to the survey, which was conducted from mid-November to the end of December 2021 and in which 225 people participated, a large majority of companies have experience with ethically controversial projects. This relates primarily to the handling of collected data, which enables data analyses and evaluations involving customer data (77%). Other experiences with controversial projects include datafication in the workplace (33%) and dealing with new technologies (32%).<\/p>\n<h2><strong>Increasing awareness of digital ethics<\/strong><\/h2>\n<p>Companies are not only sensitized to the responsible handling of data. The survey further shows that ethical issues have already been integrated into internal policies and processes in several companies: Every second person states that the data management (51%) as well as the data strategy (46%) contain corresponding specifications. An ethics policy often exists (38%) or is at least planned. In general, according to Cornelia Diethelm, head of the study: \"Large companies have guidelines for data management and data strategy, and they have an ethics policy. Regardless of size, however, many companies are working on ethical guidelines, which our new survey has once again confirmed. \"<\/p>\n<h2><strong>Digital ethics is a matter for the boss<\/strong><\/h2>\n<p>Fortunately, the survey shows that digital ethics is present at the executive level: management is one of the most important internal advocates. \"Digital ethics is digital responsibility in action. For companies, it is a far-sighted investment in good customer relations,\" says Ralph Hutter, Head of Product Development and Research at HWZ IDB.<\/p>\n<p>However, the central drivers of digital ethics in companies are people from data protection. Differences make it clear that within a company, goals are also pursued that contradict each other. \"Consciously addressing digital ethics can help to systemically address internal conflicting goals. Business practices must be brought into line with ethical guidelines that reflect the company's values and are also perceived accordingly from the outside,\" emphasizes Cornelia Diethelm.<\/p>\n<h2><strong>Customers want data security<\/strong><\/h2>\n<p>The survey makes it clear that companies take the expectations of their customers seriously. Companies can position themselves as attractive employers if they take the issue of digital ethics seriously. Those who handle data responsibly are not only investing in good customer relationships. The company can also gain a competitive advantage by positioning itself as a trustworthy company, especially in the face of foreign competitors.<\/p>\n<p><em>Source: <a href=\"http:\/\/www.fh-hwz.ch\">HWZ<\/a><\/em><\/p>","protected":false},"excerpt":{"rendered":"<p>Der Stimmungsbarometer Digitale Ethik der HWZ und des Centre for Digital Responsibility misst j\u00e4hrlich die digitale Verantwortung von Unternehmen in der Schweiz. Die diesj\u00e4hrige Umfrage der Leiterin des CAS Digital Ethics an der HWZ, Cornelia Diethelm, zeigt eines: Das Thema digitale Ethik ist im Bewusstsein der Mitarbeitenden und F\u00fchrungskr\u00e4fte angekommen und wird f\u00fcr das eigene [&hellip;]<\/p>\n","protected":false},"author":10,"featured_media":15832,"comment_status":"closed","ping_status":"closed","sticky":false,"template":"","format":"standard","meta":{"_acf_changed":false,"footnotes":""},"categories":[5],"tags":[3328,5220,3743,3362],"class_list":["post-15831","post","type-post","status-publish","format-standard","has-post-thumbnail","hentry","category-business_excellence","tag-business-excellence","tag-digitale-ethik","tag-forschung","tag-studie"],"acf":[],"yoast_head":"<!-- This site is optimized with the Yoast SEO plugin v26.2 - https:\/\/yoast.com\/wordpress\/plugins\/seo\/ -->\n<title>Digitale Ethik gewinnt an strategischer Relevanz - MQ Management und Qualit\u00e4t<\/title>\n<meta name=\"description\" content=\"Digitale Ethik ist heute ein zentrales Thema, dem sich die Unternehmen annehmen m\u00fcssen - Tendenz stark steigend wie eine Studie belegt.\" \/>\n<meta name=\"robots\" content=\"index, follow, max-snippet:-1, max-image-preview:large, max-video-preview:-1\" \/>\n<link rel=\"canonical\" href=\"https:\/\/www.m-q.ch\/en\/digital-ethics-gaining-strategic-relevance\/\" \/>\n<meta property=\"og:locale\" content=\"en_US\" \/>\n<meta property=\"og:type\" content=\"article\" \/>\n<meta property=\"og:title\" content=\"Digitale Ethik gewinnt an strategischer Relevanz\" \/>\n<meta property=\"og:description\" content=\"Digitale Ethik ist heute ein zentrales Thema, dem sich die Unternehmen annehmen m\u00fcssen - Tendenz stark steigend wie eine Studie belegt.\" \/>\n<meta property=\"og:url\" content=\"https:\/\/www.m-q.ch\/en\/digital-ethics-gaining-strategic-relevance\/\" \/>\n<meta property=\"og:site_name\" content=\"MQ Management und Qualit\u00e4t\" \/>\n<meta property=\"article:publisher\" content=\"https:\/\/www.facebook.com\/ManagementUndQualitaet\" \/>\n<meta property=\"article:published_time\" content=\"2022-01-27T06:32:04+00:00\" \/>\n<meta property=\"og:image\" content=\"https:\/\/www.m-q.ch\/wp-content\/uploads\/2022\/01\/Digitale-Ethik-gewinnt-an-strategischer-Relevanz_MQ.jpg\" \/>\n\t<meta property=\"og:image:width\" content=\"680\" \/>\n\t<meta property=\"og:image:height\" content=\"454\" \/>\n\t<meta property=\"og:image:type\" content=\"image\/jpeg\" \/>\n<meta name=\"author\" content=\"Thomas Berner\" \/>\n<meta name=\"twitter:card\" content=\"summary_large_image\" \/>\n<meta name=\"twitter:title\" content=\"Digitale #Ethik gewinnt an strategischer #Relevanz\" \/>\n<meta name=\"twitter:description\" content=\"Digitale #Ethik ist heute ein zentrales Thema, dem sich die Unternehmen annehmen m\u00fcssen - Tendenz stark steigend wie eine Studie belegt.\" \/>\n<meta name=\"twitter:image\" content=\"https:\/\/www.m-q.ch\/wp-content\/uploads\/2022\/01\/Digitale-Ethik-gewinnt-an-strategischer-Relevanz_MQ.jpg\" \/>\n<meta name=\"twitter:label1\" content=\"Written by\" \/>\n\t<meta name=\"twitter:data1\" content=\"Thomas Berner\" \/>\n\t<meta name=\"twitter:label2\" content=\"Est. reading time\" \/>\n\t<meta name=\"twitter:data2\" content=\"2 minutes\" \/>\n<script type=\"application\/ld+json\" class=\"yoast-schema-graph\">{\"@context\":\"https:\/\/schema.org\",\"@graph\":[{\"@type\":\"Article\",\"@id\":\"https:\/\/www.m-q.ch\/digitale-ethik-gewinnt-an-strategischer-relevanz\/#article\",\"isPartOf\":{\"@id\":\"https:\/\/www.m-q.ch\/digitale-ethik-gewinnt-an-strategischer-relevanz\/\"},\"author\":{\"name\":\"Thomas Berner\",\"@id\":\"https:\/\/www.m-q.ch\/fr\/#\/schema\/person\/a8711938b1cfb3f056dec70eaa0b42ab\"},\"headline\":\"Digitale Ethik gewinnt an strategischer Relevanz\",\"datePublished\":\"2022-01-27T06:32:04+00:00\",\"mainEntityOfPage\":{\"@id\":\"https:\/\/www.m-q.ch\/digitale-ethik-gewinnt-an-strategischer-relevanz\/\"},\"wordCount\":463,\"publisher\":{\"@id\":\"https:\/\/www.m-q.ch\/fr\/#organization\"},\"image\":{\"@id\":\"https:\/\/www.m-q.ch\/digitale-ethik-gewinnt-an-strategischer-relevanz\/#primaryimage\"},\"thumbnailUrl\":\"https:\/\/www.m-q.ch\/wp-content\/uploads\/2022\/01\/Digitale-Ethik-gewinnt-an-strategischer-Relevanz_MQ.jpg\",\"keywords\":[\"Business Excellence\",\"Digitale Ethik\",\"Forschung\",\"Studie\"],\"articleSection\":[\"Business Excellence\"],\"inLanguage\":\"en-US\"},{\"@type\":\"WebPage\",\"@id\":\"https:\/\/www.m-q.ch\/digitale-ethik-gewinnt-an-strategischer-relevanz\/\",\"url\":\"https:\/\/www.m-q.ch\/digitale-ethik-gewinnt-an-strategischer-relevanz\/\",\"name\":\"Digitale Ethik gewinnt an strategischer Relevanz - MQ Management und Qualit\u00e4t\",\"isPartOf\":{\"@id\":\"https:\/\/www.m-q.ch\/fr\/#website\"},\"primaryImageOfPage\":{\"@id\":\"https:\/\/www.m-q.ch\/digitale-ethik-gewinnt-an-strategischer-relevanz\/#primaryimage\"},\"image\":{\"@id\":\"https:\/\/www.m-q.ch\/digitale-ethik-gewinnt-an-strategischer-relevanz\/#primaryimage\"},\"thumbnailUrl\":\"https:\/\/www.m-q.ch\/wp-content\/uploads\/2022\/01\/Digitale-Ethik-gewinnt-an-strategischer-Relevanz_MQ.jpg\",\"datePublished\":\"2022-01-27T06:32:04+00:00\",\"description\":\"Digitale Ethik ist heute ein zentrales Thema, dem sich die Unternehmen annehmen m\u00fcssen - Tendenz stark steigend wie eine Studie belegt.\",\"breadcrumb\":{\"@id\":\"https:\/\/www.m-q.ch\/digitale-ethik-gewinnt-an-strategischer-relevanz\/#breadcrumb\"},\"inLanguage\":\"en-US\",\"potentialAction\":[{\"@type\":\"ReadAction\",\"target\":[\"https:\/\/www.m-q.ch\/digitale-ethik-gewinnt-an-strategischer-relevanz\/\"]}]},{\"@type\":\"ImageObject\",\"inLanguage\":\"en-US\",\"@id\":\"https:\/\/www.m-q.ch\/digitale-ethik-gewinnt-an-strategischer-relevanz\/#primaryimage\",\"url\":\"https:\/\/www.m-q.ch\/wp-content\/uploads\/2022\/01\/Digitale-Ethik-gewinnt-an-strategischer-Relevanz_MQ.jpg\",\"contentUrl\":\"https:\/\/www.m-q.ch\/wp-content\/uploads\/2022\/01\/Digitale-Ethik-gewinnt-an-strategischer-Relevanz_MQ.jpg\",\"width\":680,\"height\":454,\"caption\":\"Cornelia Diethelm, Studiengangsleiterin CAS Digital Ethics an der HWZ. (Bild: zVg)\"},{\"@type\":\"BreadcrumbList\",\"@id\":\"https:\/\/www.m-q.ch\/digitale-ethik-gewinnt-an-strategischer-relevanz\/#breadcrumb\",\"itemListElement\":[{\"@type\":\"ListItem\",\"position\":1,\"name\":\"Business Excellence\",\"item\":\"https:\/\/www.m-q.ch\/kategorie\/business_excellence\/\"},{\"@type\":\"ListItem\",\"position\":2,\"name\":\"Digitale Ethik gewinnt an strategischer Relevanz\"}]},{\"@type\":\"WebSite\",\"@id\":\"https:\/\/www.m-q.ch\/fr\/#website\",\"url\":\"https:\/\/www.m-q.ch\/fr\/\",\"name\":\"MQ Management und Qualit\u00e4t\",\"description\":\"Plattform f\u00fcr integrierte Managementsysteme.\",\"publisher\":{\"@id\":\"https:\/\/www.m-q.ch\/fr\/#organization\"},\"potentialAction\":[{\"@type\":\"SearchAction\",\"target\":{\"@type\":\"EntryPoint\",\"urlTemplate\":\"https:\/\/www.m-q.ch\/fr\/?s={search_term_string}\"},\"query-input\":{\"@type\":\"PropertyValueSpecification\",\"valueRequired\":true,\"valueName\":\"search_term_string\"}}],\"inLanguage\":\"en-US\"},{\"@type\":\"Organization\",\"@id\":\"https:\/\/www.m-q.ch\/fr\/#organization\",\"name\":\"Galledia Fachmedien AG\",\"url\":\"https:\/\/www.m-q.ch\/fr\/\",\"logo\":{\"@type\":\"ImageObject\",\"inLanguage\":\"en-US\",\"@id\":\"https:\/\/www.m-q.ch\/fr\/#\/schema\/logo\/image\/\",\"url\":\"https:\/\/www.m-q.ch\/wp-content\/uploads\/2020\/12\/cropped-logo_small.png\",\"contentUrl\":\"https:\/\/www.m-q.ch\/wp-content\/uploads\/2020\/12\/cropped-logo_small.png\",\"width\":512,\"height\":512,\"caption\":\"Galledia Fachmedien AG\"},\"image\":{\"@id\":\"https:\/\/www.m-q.ch\/fr\/#\/schema\/logo\/image\/\"},\"sameAs\":[\"https:\/\/www.facebook.com\/ManagementUndQualitaet\",\"https:\/\/www.linkedin.com\/showcase\/17982321\/admin\/\"]},{\"@type\":\"Person\",\"@id\":\"https:\/\/www.m-q.ch\/fr\/#\/schema\/person\/a8711938b1cfb3f056dec70eaa0b42ab\",\"name\":\"Thomas Berner\",\"image\":{\"@type\":\"ImageObject\",\"inLanguage\":\"en-US\",\"@id\":\"https:\/\/www.m-q.ch\/fr\/#\/schema\/person\/image\/\",\"url\":\"https:\/\/secure.gravatar.com\/avatar\/faea7857408f70478f976d576da10f96?s=96&d=mm&r=g\",\"contentUrl\":\"https:\/\/secure.gravatar.com\/avatar\/faea7857408f70478f976d576da10f96?s=96&d=mm&r=g\",\"caption\":\"Thomas Berner\"},\"url\":\"https:\/\/www.m-q.ch\/en\/author\/thomas-berner\/\"}]}<\/script>\n<!-- \/ Yoast SEO plugin. -->","yoast_head_json":{"title":"Digital ethics gains strategic relevance - MQ Management und Qualit\u00e4t","description":"Digital ethics is now a key issue that companies must address - and the trend is rising sharply, as a study shows.","robots":{"index":"index","follow":"follow","max-snippet":"max-snippet:-1","max-image-preview":"max-image-preview:large","max-video-preview":"max-video-preview:-1"},"canonical":"https:\/\/www.m-q.ch\/en\/digital-ethics-gaining-strategic-relevance\/","og_locale":"en_US","og_type":"article","og_title":"Digitale Ethik gewinnt an strategischer Relevanz","og_description":"Digitale Ethik ist heute ein zentrales Thema, dem sich die Unternehmen annehmen m\u00fcssen - Tendenz stark steigend wie eine Studie belegt.","og_url":"https:\/\/www.m-q.ch\/en\/digital-ethics-gaining-strategic-relevance\/","og_site_name":"MQ Management und Qualit\u00e4t","article_publisher":"https:\/\/www.facebook.com\/ManagementUndQualitaet","article_published_time":"2022-01-27T06:32:04+00:00","og_image":[{"width":680,"height":454,"url":"https:\/\/www.m-q.ch\/wp-content\/uploads\/2022\/01\/Digitale-Ethik-gewinnt-an-strategischer-Relevanz_MQ.jpg","type":"image\/jpeg"}],"author":"Thomas Berner","twitter_card":"summary_large_image","twitter_title":"Digitale #Ethik gewinnt an strategischer #Relevanz","twitter_description":"Digitale #Ethik ist heute ein zentrales Thema, dem sich die Unternehmen annehmen m\u00fcssen - Tendenz stark steigend wie eine Studie belegt.","twitter_image":"https:\/\/www.m-q.ch\/wp-content\/uploads\/2022\/01\/Digitale-Ethik-gewinnt-an-strategischer-Relevanz_MQ.jpg","twitter_misc":{"Written by":"Thomas Berner","Est. reading time":"2 minutes"},"schema":{"@context":"https:\/\/schema.org","@graph":[{"@type":"Article","@id":"https:\/\/www.m-q.ch\/digitale-ethik-gewinnt-an-strategischer-relevanz\/#article","isPartOf":{"@id":"https:\/\/www.m-q.ch\/digitale-ethik-gewinnt-an-strategischer-relevanz\/"},"author":{"name":"Thomas Berner","@id":"https:\/\/www.m-q.ch\/fr\/#\/schema\/person\/a8711938b1cfb3f056dec70eaa0b42ab"},"headline":"Digitale Ethik gewinnt an strategischer Relevanz","datePublished":"2022-01-27T06:32:04+00:00","mainEntityOfPage":{"@id":"https:\/\/www.m-q.ch\/digitale-ethik-gewinnt-an-strategischer-relevanz\/"},"wordCount":463,"publisher":{"@id":"https:\/\/www.m-q.ch\/fr\/#organization"},"image":{"@id":"https:\/\/www.m-q.ch\/digitale-ethik-gewinnt-an-strategischer-relevanz\/#primaryimage"},"thumbnailUrl":"https:\/\/www.m-q.ch\/wp-content\/uploads\/2022\/01\/Digitale-Ethik-gewinnt-an-strategischer-Relevanz_MQ.jpg","keywords":["Business Excellence","Digitale Ethik","Forschung","Studie"],"articleSection":["Business Excellence"],"inLanguage":"en-US"},{"@type":"WebPage","@id":"https:\/\/www.m-q.ch\/digitale-ethik-gewinnt-an-strategischer-relevanz\/","url":"https:\/\/www.m-q.ch\/digitale-ethik-gewinnt-an-strategischer-relevanz\/","name":"Digital ethics gains strategic relevance - MQ Management und Qualit\u00e4t","isPartOf":{"@id":"https:\/\/www.m-q.ch\/fr\/#website"},"primaryImageOfPage":{"@id":"https:\/\/www.m-q.ch\/digitale-ethik-gewinnt-an-strategischer-relevanz\/#primaryimage"},"image":{"@id":"https:\/\/www.m-q.ch\/digitale-ethik-gewinnt-an-strategischer-relevanz\/#primaryimage"},"thumbnailUrl":"https:\/\/www.m-q.ch\/wp-content\/uploads\/2022\/01\/Digitale-Ethik-gewinnt-an-strategischer-Relevanz_MQ.jpg","datePublished":"2022-01-27T06:32:04+00:00","description":"Digital ethics is now a key issue that companies must address - and the trend is rising sharply, as a study shows.","breadcrumb":{"@id":"https:\/\/www.m-q.ch\/digitale-ethik-gewinnt-an-strategischer-relevanz\/#breadcrumb"},"inLanguage":"en-US","potentialAction":[{"@type":"ReadAction","target":["https:\/\/www.m-q.ch\/digitale-ethik-gewinnt-an-strategischer-relevanz\/"]}]},{"@type":"ImageObject","inLanguage":"en-US","@id":"https:\/\/www.m-q.ch\/digitale-ethik-gewinnt-an-strategischer-relevanz\/#primaryimage","url":"https:\/\/www.m-q.ch\/wp-content\/uploads\/2022\/01\/Digitale-Ethik-gewinnt-an-strategischer-Relevanz_MQ.jpg","contentUrl":"https:\/\/www.m-q.ch\/wp-content\/uploads\/2022\/01\/Digitale-Ethik-gewinnt-an-strategischer-Relevanz_MQ.jpg","width":680,"height":454,"caption":"Cornelia Diethelm, Studiengangsleiterin CAS Digital Ethics an der HWZ. (Bild: zVg)"},{"@type":"BreadcrumbList","@id":"https:\/\/www.m-q.ch\/digitale-ethik-gewinnt-an-strategischer-relevanz\/#breadcrumb","itemListElement":[{"@type":"ListItem","position":1,"name":"Business Excellence","item":"https:\/\/www.m-q.ch\/kategorie\/business_excellence\/"},{"@type":"ListItem","position":2,"name":"Digitale Ethik gewinnt an strategischer Relevanz"}]},{"@type":"WebSite","@id":"https:\/\/www.m-q.ch\/fr\/#website","url":"https:\/\/www.m-q.ch\/fr\/","name":"MQ Management and Quality","description":"Platform for integrated management systems.","publisher":{"@id":"https:\/\/www.m-q.ch\/fr\/#organization"},"potentialAction":[{"@type":"SearchAction","target":{"@type":"EntryPoint","urlTemplate":"https:\/\/www.m-q.ch\/fr\/?s={search_term_string}"},"query-input":{"@type":"PropertyValueSpecification","valueRequired":true,"valueName":"search_term_string"}}],"inLanguage":"en-US"},{"@type":"Organization","@id":"https:\/\/www.m-q.ch\/fr\/#organization","name":"Galledia Trade Media AG","url":"https:\/\/www.m-q.ch\/fr\/","logo":{"@type":"ImageObject","inLanguage":"en-US","@id":"https:\/\/www.m-q.ch\/fr\/#\/schema\/logo\/image\/","url":"https:\/\/www.m-q.ch\/wp-content\/uploads\/2020\/12\/cropped-logo_small.png","contentUrl":"https:\/\/www.m-q.ch\/wp-content\/uploads\/2020\/12\/cropped-logo_small.png","width":512,"height":512,"caption":"Galledia Fachmedien AG"},"image":{"@id":"https:\/\/www.m-q.ch\/fr\/#\/schema\/logo\/image\/"},"sameAs":["https:\/\/www.facebook.com\/ManagementUndQualitaet","https:\/\/www.linkedin.com\/showcase\/17982321\/admin\/"]},{"@type":"Person","@id":"https:\/\/www.m-q.ch\/fr\/#\/schema\/person\/a8711938b1cfb3f056dec70eaa0b42ab","name":"Thomas Bernard","image":{"@type":"ImageObject","inLanguage":"en-US","@id":"https:\/\/www.m-q.ch\/fr\/#\/schema\/person\/image\/","url":"https:\/\/secure.gravatar.com\/avatar\/faea7857408f70478f976d576da10f96?s=96&d=mm&r=g","contentUrl":"https:\/\/secure.gravatar.com\/avatar\/faea7857408f70478f976d576da10f96?s=96&d=mm&r=g","caption":"Thomas Berner"},"url":"https:\/\/www.m-q.ch\/en\/author\/thomas-berner\/"}]}},"_links":{"self":[{"href":"https:\/\/www.m-q.ch\/en\/wp-json\/wp\/v2\/posts\/15831","targetHints":{"allow":["GET"]}}],"collection":[{"href":"https:\/\/www.m-q.ch\/en\/wp-json\/wp\/v2\/posts"}],"about":[{"href":"https:\/\/www.m-q.ch\/en\/wp-json\/wp\/v2\/types\/post"}],"author":[{"embeddable":true,"href":"https:\/\/www.m-q.ch\/en\/wp-json\/wp\/v2\/users\/10"}],"replies":[{"embeddable":true,"href":"https:\/\/www.m-q.ch\/en\/wp-json\/wp\/v2\/comments?post=15831"}],"version-history":[{"count":1,"href":"https:\/\/www.m-q.ch\/en\/wp-json\/wp\/v2\/posts\/15831\/revisions"}],"predecessor-version":[{"id":15833,"href":"https:\/\/www.m-q.ch\/en\/wp-json\/wp\/v2\/posts\/15831\/revisions\/15833"}],"wp:featuredmedia":[{"embeddable":true,"href":"https:\/\/www.m-q.ch\/en\/wp-json\/wp\/v2\/media\/15832"}],"wp:attachment":[{"href":"https:\/\/www.m-q.ch\/en\/wp-json\/wp\/v2\/media?parent=15831"}],"wp:term":[{"taxonomy":"category","embeddable":true,"href":"https:\/\/www.m-q.ch\/en\/wp-json\/wp\/v2\/categories?post=15831"},{"taxonomy":"post_tag","embeddable":true,"href":"https:\/\/www.m-q.ch\/en\/wp-json\/wp\/v2\/tags?post=15831"}],"curies":[{"name":"wp","href":"https:\/\/api.w.org\/{rel}","templated":true}]}}