{"id":16403,"date":"2022-06-01T13:57:34","date_gmt":"2022-06-01T11:57:34","guid":{"rendered":"https:\/\/www.m-q.ch\/?p=16403"},"modified":"2022-06-24T16:44:45","modified_gmt":"2022-06-24T14:44:45","slug":"first-swiss-ai-report-on-the-use-of-artificial-intelligence","status":"publish","type":"post","link":"https:\/\/www.m-q.ch\/en\/erster-swiss-ai-report-zum-einsatz-kuenstlicher-intelligenz\/","title":{"rendered":"First Swiss AI Report on the use of artificial intelligence"},"content":{"rendered":"<figure id=\"attachment_16404\" aria-describedby=\"caption-attachment-16404\" style=\"width: 680px\" class=\"wp-caption alignnone\"><img loading=\"lazy\" decoding=\"async\" class=\"size-full wp-image-16404\" src=\"https:\/\/www.m-q.ch\/wp-content\/uploads\/2022\/06\/Erster-Swiss-AI-Report-zum-Einsatz-kuenstlicher-Intelligenz_MQ.jpg\" alt=\"\" width=\"680\" height=\"489\" srcset=\"https:\/\/www.m-q.ch\/wp-content\/uploads\/2022\/06\/Erster-Swiss-AI-Report-zum-Einsatz-kuenstlicher-Intelligenz_MQ.jpg 680w, https:\/\/www.m-q.ch\/wp-content\/uploads\/2022\/06\/Erster-Swiss-AI-Report-zum-Einsatz-kuenstlicher-Intelligenz_MQ-18x12.jpg 18w, https:\/\/www.m-q.ch\/wp-content\/uploads\/2022\/06\/Erster-Swiss-AI-Report-zum-Einsatz-kuenstlicher-Intelligenz_MQ-243x175.jpg 243w, https:\/\/www.m-q.ch\/wp-content\/uploads\/2022\/06\/Erster-Swiss-AI-Report-zum-Einsatz-kuenstlicher-Intelligenz_MQ-487x350.jpg 487w, https:\/\/www.m-q.ch\/wp-content\/uploads\/2022\/06\/Erster-Swiss-AI-Report-zum-Einsatz-kuenstlicher-Intelligenz_MQ-300x216.jpg 300w\" sizes=\"auto, (max-width: 680px) 100vw, 680px\" \/><figcaption id=\"caption-attachment-16404\" class=\"wp-caption-text\">Swiss companies are investing millions in AI and focusing on research. This is the conclusion of the first Swiss AI Report. (Image: Unsplash.com)<\/figcaption><\/figure>\n<p>For the Swiss AI Report, published for the first time, 92 Swiss companies of various sizes were surveyed. The report was commissioned by the Canton of Schwyz and compiled by the think tank W.I.R.E and the Mindfire Foundation.<\/p>\n<h3>Swiss AI Report still finds a lot of catching up to do<\/h3>\n<p>The result reveals clear trends. AI is a strategic core topic in the companies. This is not a matter of course for a new technology topic, write the authors of the report. However, 56 percent of the companies still see themselves at level 1 of 5 in terms of the effective degree of automation. 47 percent of respondents do not yet see AI supporting their core business. Swiss companies are therefore still at the beginning of the development towards the systematic use of artificial intelligence, according to the Swiss AI Report.\u00a0<\/p>\n<p>At the same time, many companies want to invest in AI technologies. 75 percent intend to spend up to one million on it next year, 20 percent of the companies up to 5 million. The will to position themselves in the AI environment is particularly evident among large companies. Only around 10 percent of SMEs that proactively deal with AI applications also have a fixed AI budget. Among large companies, the figure is as high as 40 percent.<\/p>\n<h3><strong>Fruitful cooperation between science and business<\/strong><\/h3>\n<p>The report also concludes that it is very pleasing to see that cooperation between business and science in Switzerland is working. According to the report, two-thirds of the companies surveyed maintain a partnership with universities in the AI context. Just as many want to build the technical foundations for the successful use of AI themselves. Only 8 percent want to purchase these completely. Accordingly, the best talents are being courted. In view of the shortage of skilled workers, around half of the companies already offer internal training on AI.<\/p>\n<p>Many Swiss companies are apparently also aware of the risks inherent in the use of artificial intelligence. For example, 45 percent fear erroneous results when using artificial intelligence as a result of an inadequate data basis or subjective bias when training the algorithms. It is striking that only just 3 percent of respondents express concerns of an ethical nature. Also, only 1.2 percent see the growing energy demand and ecological sustainability in connection with the use of AI as a major challenge.\u00a0<\/p>\n<p><em>Source and further information: <a href=\"https:\/\/308764.eu2.cleverreach.com\/c\/72029358\/7c974fdaa09-rcslcs\">ai-con.ch<\/a> \/ <a href=\"https:\/\/www.thewire.ch\/\">www.thewire.ch<\/a><\/em><\/p>","protected":false},"excerpt":{"rendered":"<p>F\u00fcr den erstmals ver\u00f6ffentlichten Swiss AI Report wurden 92 Schweizer Unternehmen unterschiedlicher Gr\u00f6sse befragt. Der Report wurde im Auftrag des Kantons Schwyz durch den Thinktank W.I.R.E und die Stiftung Mindfire erarbeitet. Swiss AI Report ortet noch viel Aufholbedarf Das Resultat l\u00e4sst klare Tendenzen erkennen. Das Thema AI ist ein strategisches Kernthema in den Firmen. Das [&hellip;]<\/p>\n","protected":false},"author":10,"featured_media":16404,"comment_status":"closed","ping_status":"closed","sticky":false,"template":"","format":"standard","meta":{"_acf_changed":false,"footnotes":""},"categories":[4448],"tags":[3372,3435,3362],"class_list":["post-16403","post","type-post","status-publish","format-standard","has-post-thumbnail","hentry","category-allgemein","tag-digitalisierung","tag-kuenstliche-intelligenz","tag-studie"],"acf":[],"yoast_head":"<!-- This site is optimized with the Yoast SEO plugin v26.2 - https:\/\/yoast.com\/wordpress\/plugins\/seo\/ -->\n<title>Erster Swiss AI Report zum Einsatz k\u00fcnstlicher Intelligenz - MQ Management und Qualit\u00e4t<\/title>\n<meta name=\"description\" content=\"An der f\u00fchrenden Schweizer Konferenz im Bereich Artificial Intelligence (AiCon) wird der Swiss AI Report pr\u00e4sentiert.\" \/>\n<meta name=\"robots\" content=\"index, follow, max-snippet:-1, max-image-preview:large, max-video-preview:-1\" \/>\n<link rel=\"canonical\" href=\"https:\/\/www.m-q.ch\/en\/first-swiss-ai-report-on-the-use-of-artificial-intelligence\/\" \/>\n<meta property=\"og:locale\" content=\"en_US\" \/>\n<meta property=\"og:type\" content=\"article\" \/>\n<meta property=\"og:title\" content=\"Erster Swiss AI Report zum Einsatz k\u00fcnstlicher Intelligenz\" \/>\n<meta property=\"og:description\" content=\"An der f\u00fchrenden Schweizer Konferenz im Bereich Artificial Intelligence (AiCon) wird der Swiss AI Report pr\u00e4sentiert.\" \/>\n<meta property=\"og:url\" content=\"https:\/\/www.m-q.ch\/en\/first-swiss-ai-report-on-the-use-of-artificial-intelligence\/\" \/>\n<meta property=\"og:site_name\" content=\"MQ Management und Qualit\u00e4t\" \/>\n<meta property=\"article:publisher\" content=\"https:\/\/www.facebook.com\/ManagementUndQualitaet\" \/>\n<meta property=\"article:published_time\" content=\"2022-06-01T11:57:34+00:00\" \/>\n<meta property=\"article:modified_time\" content=\"2022-06-24T14:44:45+00:00\" \/>\n<meta property=\"og:image\" content=\"https:\/\/www.m-q.ch\/wp-content\/uploads\/2022\/06\/Erster-Swiss-AI-Report-zum-Einsatz-kuenstlicher-Intelligenz_MQ.jpg\" \/>\n\t<meta property=\"og:image:width\" content=\"680\" \/>\n\t<meta property=\"og:image:height\" content=\"489\" \/>\n\t<meta property=\"og:image:type\" content=\"image\/jpeg\" \/>\n<meta name=\"author\" content=\"Thomas Berner\" \/>\n<meta name=\"twitter:card\" content=\"summary_large_image\" \/>\n<meta name=\"twitter:title\" content=\"Erster Swiss #AI Report zum Einsatz k\u00fcnstlicher #Intelligenz\" \/>\n<meta name=\"twitter:description\" content=\"An der f\u00fchrenden Schweizer Konferenz im Bereich Artificial Intelligence (#AiCon) wird der Swiss AI Report pr\u00e4sentiert.\" \/>\n<meta name=\"twitter:image\" content=\"https:\/\/www.m-q.ch\/wp-content\/uploads\/2022\/06\/Erster-Swiss-AI-Report-zum-Einsatz-kuenstlicher-Intelligenz_MQ.jpg\" \/>\n<meta name=\"twitter:label1\" content=\"Written by\" \/>\n\t<meta name=\"twitter:data1\" content=\"Thomas Berner\" \/>\n\t<meta name=\"twitter:label2\" content=\"Est. reading time\" \/>\n\t<meta name=\"twitter:data2\" content=\"2 minutes\" \/>\n<script type=\"application\/ld+json\" class=\"yoast-schema-graph\">{\"@context\":\"https:\/\/schema.org\",\"@graph\":[{\"@type\":\"Article\",\"@id\":\"https:\/\/www.m-q.ch\/erster-swiss-ai-report-zum-einsatz-kuenstlicher-intelligenz\/#article\",\"isPartOf\":{\"@id\":\"https:\/\/www.m-q.ch\/erster-swiss-ai-report-zum-einsatz-kuenstlicher-intelligenz\/\"},\"author\":{\"name\":\"Thomas Berner\",\"@id\":\"https:\/\/www.m-q.ch\/fr\/#\/schema\/person\/a8711938b1cfb3f056dec70eaa0b42ab\"},\"headline\":\"Erster Swiss AI Report zum Einsatz k\u00fcnstlicher Intelligenz\",\"datePublished\":\"2022-06-01T11:57:34+00:00\",\"dateModified\":\"2022-06-24T14:44:45+00:00\",\"mainEntityOfPage\":{\"@id\":\"https:\/\/www.m-q.ch\/erster-swiss-ai-report-zum-einsatz-kuenstlicher-intelligenz\/\"},\"wordCount\":400,\"publisher\":{\"@id\":\"https:\/\/www.m-q.ch\/fr\/#organization\"},\"image\":{\"@id\":\"https:\/\/www.m-q.ch\/erster-swiss-ai-report-zum-einsatz-kuenstlicher-intelligenz\/#primaryimage\"},\"thumbnailUrl\":\"https:\/\/www.m-q.ch\/wp-content\/uploads\/2022\/06\/Erster-Swiss-AI-Report-zum-Einsatz-kuenstlicher-Intelligenz_MQ.jpg\",\"keywords\":[\"Digitalisierung\",\"K\u00fcnstliche Intelligenz\",\"Studie\"],\"articleSection\":[\"Allgemein\"],\"inLanguage\":\"en-US\"},{\"@type\":\"WebPage\",\"@id\":\"https:\/\/www.m-q.ch\/erster-swiss-ai-report-zum-einsatz-kuenstlicher-intelligenz\/\",\"url\":\"https:\/\/www.m-q.ch\/erster-swiss-ai-report-zum-einsatz-kuenstlicher-intelligenz\/\",\"name\":\"Erster Swiss AI Report zum Einsatz k\u00fcnstlicher Intelligenz - MQ Management und Qualit\u00e4t\",\"isPartOf\":{\"@id\":\"https:\/\/www.m-q.ch\/fr\/#website\"},\"primaryImageOfPage\":{\"@id\":\"https:\/\/www.m-q.ch\/erster-swiss-ai-report-zum-einsatz-kuenstlicher-intelligenz\/#primaryimage\"},\"image\":{\"@id\":\"https:\/\/www.m-q.ch\/erster-swiss-ai-report-zum-einsatz-kuenstlicher-intelligenz\/#primaryimage\"},\"thumbnailUrl\":\"https:\/\/www.m-q.ch\/wp-content\/uploads\/2022\/06\/Erster-Swiss-AI-Report-zum-Einsatz-kuenstlicher-Intelligenz_MQ.jpg\",\"datePublished\":\"2022-06-01T11:57:34+00:00\",\"dateModified\":\"2022-06-24T14:44:45+00:00\",\"description\":\"An der f\u00fchrenden Schweizer Konferenz im Bereich Artificial Intelligence (AiCon) wird der Swiss AI Report pr\u00e4sentiert.\",\"breadcrumb\":{\"@id\":\"https:\/\/www.m-q.ch\/erster-swiss-ai-report-zum-einsatz-kuenstlicher-intelligenz\/#breadcrumb\"},\"inLanguage\":\"en-US\",\"potentialAction\":[{\"@type\":\"ReadAction\",\"target\":[\"https:\/\/www.m-q.ch\/erster-swiss-ai-report-zum-einsatz-kuenstlicher-intelligenz\/\"]}]},{\"@type\":\"ImageObject\",\"inLanguage\":\"en-US\",\"@id\":\"https:\/\/www.m-q.ch\/erster-swiss-ai-report-zum-einsatz-kuenstlicher-intelligenz\/#primaryimage\",\"url\":\"https:\/\/www.m-q.ch\/wp-content\/uploads\/2022\/06\/Erster-Swiss-AI-Report-zum-Einsatz-kuenstlicher-Intelligenz_MQ.jpg\",\"contentUrl\":\"https:\/\/www.m-q.ch\/wp-content\/uploads\/2022\/06\/Erster-Swiss-AI-Report-zum-Einsatz-kuenstlicher-Intelligenz_MQ.jpg\",\"width\":680,\"height\":489,\"caption\":\"Schweizer Firmen investieren Millionen in AI und setzen auf Forschung. Zu diesem Schluss kommt der erste Swiss AI Report. (Bild: Unsplash.com)\"},{\"@type\":\"BreadcrumbList\",\"@id\":\"https:\/\/www.m-q.ch\/erster-swiss-ai-report-zum-einsatz-kuenstlicher-intelligenz\/#breadcrumb\",\"itemListElement\":[{\"@type\":\"ListItem\",\"position\":1,\"name\":\"Allgemein\",\"item\":\"https:\/\/www.m-q.ch\/kategorie\/allgemein\/\"},{\"@type\":\"ListItem\",\"position\":2,\"name\":\"Erster Swiss AI Report zum Einsatz k\u00fcnstlicher Intelligenz\"}]},{\"@type\":\"WebSite\",\"@id\":\"https:\/\/www.m-q.ch\/fr\/#website\",\"url\":\"https:\/\/www.m-q.ch\/fr\/\",\"name\":\"MQ Management und Qualit\u00e4t\",\"description\":\"Plattform f\u00fcr integrierte Managementsysteme.\",\"publisher\":{\"@id\":\"https:\/\/www.m-q.ch\/fr\/#organization\"},\"potentialAction\":[{\"@type\":\"SearchAction\",\"target\":{\"@type\":\"EntryPoint\",\"urlTemplate\":\"https:\/\/www.m-q.ch\/fr\/?s={search_term_string}\"},\"query-input\":{\"@type\":\"PropertyValueSpecification\",\"valueRequired\":true,\"valueName\":\"search_term_string\"}}],\"inLanguage\":\"en-US\"},{\"@type\":\"Organization\",\"@id\":\"https:\/\/www.m-q.ch\/fr\/#organization\",\"name\":\"Galledia Fachmedien AG\",\"url\":\"https:\/\/www.m-q.ch\/fr\/\",\"logo\":{\"@type\":\"ImageObject\",\"inLanguage\":\"en-US\",\"@id\":\"https:\/\/www.m-q.ch\/fr\/#\/schema\/logo\/image\/\",\"url\":\"https:\/\/www.m-q.ch\/wp-content\/uploads\/2020\/12\/cropped-logo_small.png\",\"contentUrl\":\"https:\/\/www.m-q.ch\/wp-content\/uploads\/2020\/12\/cropped-logo_small.png\",\"width\":512,\"height\":512,\"caption\":\"Galledia Fachmedien AG\"},\"image\":{\"@id\":\"https:\/\/www.m-q.ch\/fr\/#\/schema\/logo\/image\/\"},\"sameAs\":[\"https:\/\/www.facebook.com\/ManagementUndQualitaet\",\"https:\/\/www.linkedin.com\/showcase\/17982321\/admin\/\"]},{\"@type\":\"Person\",\"@id\":\"https:\/\/www.m-q.ch\/fr\/#\/schema\/person\/a8711938b1cfb3f056dec70eaa0b42ab\",\"name\":\"Thomas Berner\",\"image\":{\"@type\":\"ImageObject\",\"inLanguage\":\"en-US\",\"@id\":\"https:\/\/www.m-q.ch\/fr\/#\/schema\/person\/image\/\",\"url\":\"https:\/\/secure.gravatar.com\/avatar\/faea7857408f70478f976d576da10f96?s=96&d=mm&r=g\",\"contentUrl\":\"https:\/\/secure.gravatar.com\/avatar\/faea7857408f70478f976d576da10f96?s=96&d=mm&r=g\",\"caption\":\"Thomas Berner\"},\"url\":\"https:\/\/www.m-q.ch\/en\/author\/thomas-berner\/\"}]}<\/script>\n<!-- \/ Yoast SEO plugin. -->","yoast_head_json":{"title":"First Swiss AI Report on the use of artificial intelligence - MQ Management und Qualit\u00e4t","description":"The Swiss AI Report will be presented at the leading Swiss conference in the field of Artificial Intelligence (AiCon).","robots":{"index":"index","follow":"follow","max-snippet":"max-snippet:-1","max-image-preview":"max-image-preview:large","max-video-preview":"max-video-preview:-1"},"canonical":"https:\/\/www.m-q.ch\/en\/first-swiss-ai-report-on-the-use-of-artificial-intelligence\/","og_locale":"en_US","og_type":"article","og_title":"Erster Swiss AI Report zum Einsatz k\u00fcnstlicher Intelligenz","og_description":"An der f\u00fchrenden Schweizer Konferenz im Bereich Artificial Intelligence (AiCon) wird der Swiss AI Report pr\u00e4sentiert.","og_url":"https:\/\/www.m-q.ch\/en\/first-swiss-ai-report-on-the-use-of-artificial-intelligence\/","og_site_name":"MQ Management und Qualit\u00e4t","article_publisher":"https:\/\/www.facebook.com\/ManagementUndQualitaet","article_published_time":"2022-06-01T11:57:34+00:00","article_modified_time":"2022-06-24T14:44:45+00:00","og_image":[{"width":680,"height":489,"url":"https:\/\/www.m-q.ch\/wp-content\/uploads\/2022\/06\/Erster-Swiss-AI-Report-zum-Einsatz-kuenstlicher-Intelligenz_MQ.jpg","type":"image\/jpeg"}],"author":"Thomas Berner","twitter_card":"summary_large_image","twitter_title":"Erster Swiss #AI Report zum Einsatz k\u00fcnstlicher #Intelligenz","twitter_description":"An der f\u00fchrenden Schweizer Konferenz im Bereich Artificial Intelligence (#AiCon) wird der Swiss AI Report pr\u00e4sentiert.","twitter_image":"https:\/\/www.m-q.ch\/wp-content\/uploads\/2022\/06\/Erster-Swiss-AI-Report-zum-Einsatz-kuenstlicher-Intelligenz_MQ.jpg","twitter_misc":{"Written by":"Thomas Berner","Est. reading time":"2 minutes"},"schema":{"@context":"https:\/\/schema.org","@graph":[{"@type":"Article","@id":"https:\/\/www.m-q.ch\/erster-swiss-ai-report-zum-einsatz-kuenstlicher-intelligenz\/#article","isPartOf":{"@id":"https:\/\/www.m-q.ch\/erster-swiss-ai-report-zum-einsatz-kuenstlicher-intelligenz\/"},"author":{"name":"Thomas Berner","@id":"https:\/\/www.m-q.ch\/fr\/#\/schema\/person\/a8711938b1cfb3f056dec70eaa0b42ab"},"headline":"Erster Swiss AI Report zum Einsatz k\u00fcnstlicher Intelligenz","datePublished":"2022-06-01T11:57:34+00:00","dateModified":"2022-06-24T14:44:45+00:00","mainEntityOfPage":{"@id":"https:\/\/www.m-q.ch\/erster-swiss-ai-report-zum-einsatz-kuenstlicher-intelligenz\/"},"wordCount":400,"publisher":{"@id":"https:\/\/www.m-q.ch\/fr\/#organization"},"image":{"@id":"https:\/\/www.m-q.ch\/erster-swiss-ai-report-zum-einsatz-kuenstlicher-intelligenz\/#primaryimage"},"thumbnailUrl":"https:\/\/www.m-q.ch\/wp-content\/uploads\/2022\/06\/Erster-Swiss-AI-Report-zum-Einsatz-kuenstlicher-Intelligenz_MQ.jpg","keywords":["Digitalisierung","K\u00fcnstliche Intelligenz","Studie"],"articleSection":["Allgemein"],"inLanguage":"en-US"},{"@type":"WebPage","@id":"https:\/\/www.m-q.ch\/erster-swiss-ai-report-zum-einsatz-kuenstlicher-intelligenz\/","url":"https:\/\/www.m-q.ch\/erster-swiss-ai-report-zum-einsatz-kuenstlicher-intelligenz\/","name":"First Swiss AI Report on the use of artificial intelligence - MQ Management und Qualit\u00e4t","isPartOf":{"@id":"https:\/\/www.m-q.ch\/fr\/#website"},"primaryImageOfPage":{"@id":"https:\/\/www.m-q.ch\/erster-swiss-ai-report-zum-einsatz-kuenstlicher-intelligenz\/#primaryimage"},"image":{"@id":"https:\/\/www.m-q.ch\/erster-swiss-ai-report-zum-einsatz-kuenstlicher-intelligenz\/#primaryimage"},"thumbnailUrl":"https:\/\/www.m-q.ch\/wp-content\/uploads\/2022\/06\/Erster-Swiss-AI-Report-zum-Einsatz-kuenstlicher-Intelligenz_MQ.jpg","datePublished":"2022-06-01T11:57:34+00:00","dateModified":"2022-06-24T14:44:45+00:00","description":"The Swiss AI Report will be presented at the leading Swiss conference in the field of Artificial Intelligence (AiCon).","breadcrumb":{"@id":"https:\/\/www.m-q.ch\/erster-swiss-ai-report-zum-einsatz-kuenstlicher-intelligenz\/#breadcrumb"},"inLanguage":"en-US","potentialAction":[{"@type":"ReadAction","target":["https:\/\/www.m-q.ch\/erster-swiss-ai-report-zum-einsatz-kuenstlicher-intelligenz\/"]}]},{"@type":"ImageObject","inLanguage":"en-US","@id":"https:\/\/www.m-q.ch\/erster-swiss-ai-report-zum-einsatz-kuenstlicher-intelligenz\/#primaryimage","url":"https:\/\/www.m-q.ch\/wp-content\/uploads\/2022\/06\/Erster-Swiss-AI-Report-zum-Einsatz-kuenstlicher-Intelligenz_MQ.jpg","contentUrl":"https:\/\/www.m-q.ch\/wp-content\/uploads\/2022\/06\/Erster-Swiss-AI-Report-zum-Einsatz-kuenstlicher-Intelligenz_MQ.jpg","width":680,"height":489,"caption":"Schweizer Firmen investieren Millionen in AI und setzen auf Forschung. Zu diesem Schluss kommt der erste Swiss AI Report. (Bild: Unsplash.com)"},{"@type":"BreadcrumbList","@id":"https:\/\/www.m-q.ch\/erster-swiss-ai-report-zum-einsatz-kuenstlicher-intelligenz\/#breadcrumb","itemListElement":[{"@type":"ListItem","position":1,"name":"Allgemein","item":"https:\/\/www.m-q.ch\/kategorie\/allgemein\/"},{"@type":"ListItem","position":2,"name":"Erster Swiss AI Report zum Einsatz k\u00fcnstlicher Intelligenz"}]},{"@type":"WebSite","@id":"https:\/\/www.m-q.ch\/fr\/#website","url":"https:\/\/www.m-q.ch\/fr\/","name":"MQ Management and Quality","description":"Platform for integrated management systems.","publisher":{"@id":"https:\/\/www.m-q.ch\/fr\/#organization"},"potentialAction":[{"@type":"SearchAction","target":{"@type":"EntryPoint","urlTemplate":"https:\/\/www.m-q.ch\/fr\/?s={search_term_string}"},"query-input":{"@type":"PropertyValueSpecification","valueRequired":true,"valueName":"search_term_string"}}],"inLanguage":"en-US"},{"@type":"Organization","@id":"https:\/\/www.m-q.ch\/fr\/#organization","name":"Galledia Trade Media AG","url":"https:\/\/www.m-q.ch\/fr\/","logo":{"@type":"ImageObject","inLanguage":"en-US","@id":"https:\/\/www.m-q.ch\/fr\/#\/schema\/logo\/image\/","url":"https:\/\/www.m-q.ch\/wp-content\/uploads\/2020\/12\/cropped-logo_small.png","contentUrl":"https:\/\/www.m-q.ch\/wp-content\/uploads\/2020\/12\/cropped-logo_small.png","width":512,"height":512,"caption":"Galledia Fachmedien AG"},"image":{"@id":"https:\/\/www.m-q.ch\/fr\/#\/schema\/logo\/image\/"},"sameAs":["https:\/\/www.facebook.com\/ManagementUndQualitaet","https:\/\/www.linkedin.com\/showcase\/17982321\/admin\/"]},{"@type":"Person","@id":"https:\/\/www.m-q.ch\/fr\/#\/schema\/person\/a8711938b1cfb3f056dec70eaa0b42ab","name":"Thomas Bernard","image":{"@type":"ImageObject","inLanguage":"en-US","@id":"https:\/\/www.m-q.ch\/fr\/#\/schema\/person\/image\/","url":"https:\/\/secure.gravatar.com\/avatar\/faea7857408f70478f976d576da10f96?s=96&d=mm&r=g","contentUrl":"https:\/\/secure.gravatar.com\/avatar\/faea7857408f70478f976d576da10f96?s=96&d=mm&r=g","caption":"Thomas Berner"},"url":"https:\/\/www.m-q.ch\/en\/author\/thomas-berner\/"}]}},"_links":{"self":[{"href":"https:\/\/www.m-q.ch\/en\/wp-json\/wp\/v2\/posts\/16403","targetHints":{"allow":["GET"]}}],"collection":[{"href":"https:\/\/www.m-q.ch\/en\/wp-json\/wp\/v2\/posts"}],"about":[{"href":"https:\/\/www.m-q.ch\/en\/wp-json\/wp\/v2\/types\/post"}],"author":[{"embeddable":true,"href":"https:\/\/www.m-q.ch\/en\/wp-json\/wp\/v2\/users\/10"}],"replies":[{"embeddable":true,"href":"https:\/\/www.m-q.ch\/en\/wp-json\/wp\/v2\/comments?post=16403"}],"version-history":[{"count":1,"href":"https:\/\/www.m-q.ch\/en\/wp-json\/wp\/v2\/posts\/16403\/revisions"}],"predecessor-version":[{"id":16405,"href":"https:\/\/www.m-q.ch\/en\/wp-json\/wp\/v2\/posts\/16403\/revisions\/16405"}],"wp:featuredmedia":[{"embeddable":true,"href":"https:\/\/www.m-q.ch\/en\/wp-json\/wp\/v2\/media\/16404"}],"wp:attachment":[{"href":"https:\/\/www.m-q.ch\/en\/wp-json\/wp\/v2\/media?parent=16403"}],"wp:term":[{"taxonomy":"category","embeddable":true,"href":"https:\/\/www.m-q.ch\/en\/wp-json\/wp\/v2\/categories?post=16403"},{"taxonomy":"post_tag","embeddable":true,"href":"https:\/\/www.m-q.ch\/en\/wp-json\/wp\/v2\/tags?post=16403"}],"curies":[{"name":"wp","href":"https:\/\/api.w.org\/{rel}","templated":true}]}}