{"id":16524,"date":"2022-06-23T16:46:26","date_gmt":"2022-06-23T14:46:26","guid":{"rendered":"https:\/\/www.m-q.ch\/?p=16524"},"modified":"2022-06-23T16:46:26","modified_gmt":"2022-06-23T14:46:26","slug":"security-a-top-issue-for-switzerland-and-its-industry","status":"publish","type":"post","link":"https:\/\/www.m-q.ch\/en\/sicherheit-ein-topthema-fuer-die-schweiz-und-ihre-industrie\/","title":{"rendered":"Safety - a top issue for Switzerland and its industry"},"content":{"rendered":"<figure id=\"attachment_16525\" aria-describedby=\"caption-attachment-16525\" style=\"width: 680px\" class=\"wp-caption alignnone\"><img loading=\"lazy\" decoding=\"async\" class=\"size-full wp-image-16525\" src=\"https:\/\/www.m-q.ch\/wp-content\/uploads\/2022\/06\/Sicherheit-ein-Topthema-fuer-die-Schweiz-und-ihre-Industrie_MQ.jpg\" alt=\"\" width=\"680\" height=\"453\" srcset=\"https:\/\/www.m-q.ch\/wp-content\/uploads\/2022\/06\/Sicherheit-ein-Topthema-fuer-die-Schweiz-und-ihre-Industrie_MQ.jpg 680w, https:\/\/www.m-q.ch\/wp-content\/uploads\/2022\/06\/Sicherheit-ein-Topthema-fuer-die-Schweiz-und-ihre-Industrie_MQ-18x12.jpg 18w, https:\/\/www.m-q.ch\/wp-content\/uploads\/2022\/06\/Sicherheit-ein-Topthema-fuer-die-Schweiz-und-ihre-Industrie_MQ-263x175.jpg 263w, https:\/\/www.m-q.ch\/wp-content\/uploads\/2022\/06\/Sicherheit-ein-Topthema-fuer-die-Schweiz-und-ihre-Industrie_MQ-525x350.jpg 525w, https:\/\/www.m-q.ch\/wp-content\/uploads\/2022\/06\/Sicherheit-ein-Topthema-fuer-die-Schweiz-und-ihre-Industrie_MQ-300x200.jpg 300w\" sizes=\"auto, (max-width: 680px) 100vw, 680px\" \/><figcaption id=\"caption-attachment-16525\" class=\"wp-caption-text\">Swiss industrial companies are repeatedly in the crosshairs of cybercriminals. (Image: Pixabay.com)<\/figcaption><\/figure>\n<p>Former NATO Secretary General and Prime Minister of Denmark Anders Fogh Rasmussen opened the Swissmem Industry Day on June 23, 2022, and presented his analysis of the security situation in Europe. For him, it is clear: \"In the short term, an increase in tensions between autocracies and democracies is inevitable.\" Addressing entrepreneurs, he said, \"In 2022, every big company needs its own foreign minister. Only by understanding the geopolitical risks can you stay one step ahead of your competitors.\" Philippe Amon, President and CEO Sicpa, expressed similar sentiments, saying, \"Global strategic dynamics are becoming increasingly aggressive. True success lies in our ability to anticipate.\"<\/p>\n<h3>Uncomfortable situation for small states<\/h3>\n<p>Martin Hirzel, President of Swissmem, also commented on security policy: \"For years now, we have been noticing a return to protectionism, nationalism and militarism in various countries. Internationally, the law of the strongest is increasingly gaining the upper hand. For small states like Switzerland, this is particularly uncomfortable. In my view, it is high time for Switzerland to reassert its commitment to an international system based on international law, multilateralism, cooperation and trade.\"\u00a0<\/p>\n<p>Federal Councillor Ueli Maurer, head of the Federal Department of Finance, which is responsible for cybersecurity at the federal level, emphasized: \"Cybersecurity is well supported in politics across party lines.\"\u00a0 \u00a0<\/p>\n<h3>Swiss MEM companies are the target of numerous attacks\u00a0<\/h3>\n<p>In the age of digitalization, industrial companies offer particularly large attack surfaces for cybercriminals. Cyberattacks, but also physical attacks, are a constant threat today. At the Industry Day, Martin Hirzel presented the results of a survey of Swissmem member companies conducted in collaboration with the Institute of Criminal Law and Criminology at the University of Bern. They clearly show that attacks can hit any company regardless of its size. The damage potential is enormous and, in extreme cases, can endanger the existence of a company. Accordingly, awareness of these risks is high in Swissmem member companies. Targeted measures are being implemented in almost all companies. As a result, 82 percent of the attacks classified as very serious had no consequences or could be remedied in the short term. Martin Hirzel, President of Swissmem, draws the following conclusion from this: \"I am glad that there is a high level of awareness within the Swissmem membership about cyber attacks and physical threats. However, attention must not wane. Every company must always be technologically and organizationally prepared to fend off such attacks.\"\u00a0<\/p>\n<h3>Experiences with cyber attacks<\/h3>\n<p>At a panel discussion, Irina Leutwyler, CEO Wesco AG, Barend Fruithof, CEO Aebi Schmidt AG, and Andrea Roth, CEO Geobrugg AG, described their experiences and lessons learned from attacks on their companies. Representing all of them, Irina Leutwyler supported the statement of the Swissmem President: \"We are constantly preparing for the next attack. Because it will come!\"\u00a0<\/p>\n<p>The Industry Day was rounded off with a panel consisting of National Councilor Maja Riniker (FDP), National Councilor Edith Graf-Litscher (SP), National Councilor Franz Gr\u00fcter (SVP) and National Councilor Gerhard Andrey (GR\u00dcNE). \u00a0<\/p>\n<p><em>Source: <a href=\"http:\/\/www.swissmem.ch\">www.swissmem.ch<\/a><\/em><\/p>","protected":false},"excerpt":{"rendered":"<p>Der ehemalige NATO-Generalsekret\u00e4r und Premierminister D\u00e4nemarks Anders Fogh Rasmussen er\u00f6ffnete den Swissmem-Industrietag vom 23. Juni 2022 und pr\u00e4sentierte seine Analyse zur Sicherheitslage in Europa. F\u00fcr ihn ist klar: \u00abKurzfristig ist eine Zunahme der Spannungen zwischen Autokratien und Demokratien unvermeidlich.\u00bb An die Unternehmerinnen und Unternehmer gerichtet meinte er: \u00abIm Jahr 2022 braucht jedes grosse Unternehmen seinen [&hellip;]<\/p>\n","protected":false},"author":10,"featured_media":16525,"comment_status":"closed","ping_status":"closed","sticky":false,"template":"","format":"standard","meta":{"_acf_changed":false,"footnotes":""},"categories":[4],"tags":[3560,3342,5277,3359],"class_list":["post-16524","post","type-post","status-publish","format-standard","has-post-thumbnail","hentry","category-risikomanagement","tag-cybersicherheit","tag-fachkongressfachmesse","tag-sicherheitspolitik","tag-vereineverbaendeinstitutionen"],"acf":[],"yoast_head":"<!-- This site is optimized with the Yoast SEO plugin v26.2 - https:\/\/yoast.com\/wordpress\/plugins\/seo\/ -->\n<title>Sicherheit \u2013 ein Topthema f\u00fcr die Schweiz und ihre Industrie - MQ Management und Qualit\u00e4t<\/title>\n<meta name=\"description\" content=\"Unter dem Titel \u00abIm Fadenkreuz \u2013 Sicherheit und Resilienz f\u00fcr Industrie und Gesellschaft\u00bb fand am 23. 6. 22 der 15. Swissmem-Industrietag statt.\" \/>\n<meta name=\"robots\" content=\"index, follow, max-snippet:-1, max-image-preview:large, max-video-preview:-1\" \/>\n<link rel=\"canonical\" href=\"https:\/\/www.m-q.ch\/en\/security-a-top-issue-for-switzerland-and-its-industry\/\" \/>\n<meta property=\"og:locale\" content=\"en_US\" \/>\n<meta property=\"og:type\" content=\"article\" \/>\n<meta property=\"og:title\" content=\"Sicherheit \u2013 ein Topthema f\u00fcr die Schweiz und ihre Industrie\" \/>\n<meta property=\"og:description\" content=\"Unter dem Titel \u00abIm Fadenkreuz \u2013 Sicherheit und Resilienz f\u00fcr Industrie und Gesellschaft\u00bb fand am 23. 6. 22 der 15. Swissmem-Industrietag statt.\" \/>\n<meta property=\"og:url\" content=\"https:\/\/www.m-q.ch\/en\/security-a-top-issue-for-switzerland-and-its-industry\/\" \/>\n<meta property=\"og:site_name\" content=\"MQ Management und Qualit\u00e4t\" \/>\n<meta property=\"article:publisher\" content=\"https:\/\/www.facebook.com\/ManagementUndQualitaet\" \/>\n<meta property=\"article:published_time\" content=\"2022-06-23T14:46:26+00:00\" \/>\n<meta property=\"og:image\" content=\"https:\/\/www.m-q.ch\/wp-content\/uploads\/2022\/06\/Sicherheit-ein-Topthema-fuer-die-Schweiz-und-ihre-Industrie_MQ.jpg\" \/>\n\t<meta property=\"og:image:width\" content=\"680\" \/>\n\t<meta property=\"og:image:height\" content=\"453\" \/>\n\t<meta property=\"og:image:type\" content=\"image\/jpeg\" \/>\n<meta name=\"author\" content=\"Thomas Berner\" \/>\n<meta name=\"twitter:card\" content=\"summary_large_image\" \/>\n<meta name=\"twitter:title\" content=\"#Sicherheit \u2013 ein #Topthema f\u00fcr die Schweiz und ihre #Industrie\" \/>\n<meta name=\"twitter:description\" content=\"Unter dem Titel \u00abIm #Fadenkreuz \u2013 Sicherheit und #Resilienz f\u00fcr Industrie und Gesellschaft\u00bb fand am 23. 6. 22 der 15. #Swissmem-Industrietag statt.\" \/>\n<meta name=\"twitter:image\" content=\"https:\/\/www.m-q.ch\/wp-content\/uploads\/2022\/06\/Sicherheit-ein-Topthema-fuer-die-Schweiz-und-ihre-Industrie_MQ.jpg\" \/>\n<meta name=\"twitter:label1\" content=\"Written by\" \/>\n\t<meta name=\"twitter:data1\" content=\"Thomas Berner\" \/>\n\t<meta name=\"twitter:label2\" content=\"Est. reading time\" \/>\n\t<meta name=\"twitter:data2\" content=\"3 minutes\" \/>\n<script type=\"application\/ld+json\" class=\"yoast-schema-graph\">{\"@context\":\"https:\/\/schema.org\",\"@graph\":[{\"@type\":\"Article\",\"@id\":\"https:\/\/www.m-q.ch\/sicherheit-ein-topthema-fuer-die-schweiz-und-ihre-industrie\/#article\",\"isPartOf\":{\"@id\":\"https:\/\/www.m-q.ch\/sicherheit-ein-topthema-fuer-die-schweiz-und-ihre-industrie\/\"},\"author\":{\"name\":\"Thomas Berner\",\"@id\":\"https:\/\/www.m-q.ch\/fr\/#\/schema\/person\/a8711938b1cfb3f056dec70eaa0b42ab\"},\"headline\":\"Sicherheit \u2013 ein Topthema f\u00fcr die Schweiz und ihre Industrie\",\"datePublished\":\"2022-06-23T14:46:26+00:00\",\"mainEntityOfPage\":{\"@id\":\"https:\/\/www.m-q.ch\/sicherheit-ein-topthema-fuer-die-schweiz-und-ihre-industrie\/\"},\"wordCount\":528,\"publisher\":{\"@id\":\"https:\/\/www.m-q.ch\/fr\/#organization\"},\"image\":{\"@id\":\"https:\/\/www.m-q.ch\/sicherheit-ein-topthema-fuer-die-schweiz-und-ihre-industrie\/#primaryimage\"},\"thumbnailUrl\":\"https:\/\/www.m-q.ch\/wp-content\/uploads\/2022\/06\/Sicherheit-ein-Topthema-fuer-die-Schweiz-und-ihre-Industrie_MQ.jpg\",\"keywords\":[\"Cybersicherheit\",\"Fachkongress\/Fachmesse\",\"Sicherheitspolitik\",\"Vereine\/Verb\u00e4nde\/Institutionen\"],\"articleSection\":[\"Risikomanagement\"],\"inLanguage\":\"en-US\"},{\"@type\":\"WebPage\",\"@id\":\"https:\/\/www.m-q.ch\/sicherheit-ein-topthema-fuer-die-schweiz-und-ihre-industrie\/\",\"url\":\"https:\/\/www.m-q.ch\/sicherheit-ein-topthema-fuer-die-schweiz-und-ihre-industrie\/\",\"name\":\"Sicherheit \u2013 ein Topthema f\u00fcr die Schweiz und ihre Industrie - MQ Management und Qualit\u00e4t\",\"isPartOf\":{\"@id\":\"https:\/\/www.m-q.ch\/fr\/#website\"},\"primaryImageOfPage\":{\"@id\":\"https:\/\/www.m-q.ch\/sicherheit-ein-topthema-fuer-die-schweiz-und-ihre-industrie\/#primaryimage\"},\"image\":{\"@id\":\"https:\/\/www.m-q.ch\/sicherheit-ein-topthema-fuer-die-schweiz-und-ihre-industrie\/#primaryimage\"},\"thumbnailUrl\":\"https:\/\/www.m-q.ch\/wp-content\/uploads\/2022\/06\/Sicherheit-ein-Topthema-fuer-die-Schweiz-und-ihre-Industrie_MQ.jpg\",\"datePublished\":\"2022-06-23T14:46:26+00:00\",\"description\":\"Unter dem Titel \u00abIm Fadenkreuz \u2013 Sicherheit und Resilienz f\u00fcr Industrie und Gesellschaft\u00bb fand am 23. 6. 22 der 15. Swissmem-Industrietag statt.\",\"breadcrumb\":{\"@id\":\"https:\/\/www.m-q.ch\/sicherheit-ein-topthema-fuer-die-schweiz-und-ihre-industrie\/#breadcrumb\"},\"inLanguage\":\"en-US\",\"potentialAction\":[{\"@type\":\"ReadAction\",\"target\":[\"https:\/\/www.m-q.ch\/sicherheit-ein-topthema-fuer-die-schweiz-und-ihre-industrie\/\"]}]},{\"@type\":\"ImageObject\",\"inLanguage\":\"en-US\",\"@id\":\"https:\/\/www.m-q.ch\/sicherheit-ein-topthema-fuer-die-schweiz-und-ihre-industrie\/#primaryimage\",\"url\":\"https:\/\/www.m-q.ch\/wp-content\/uploads\/2022\/06\/Sicherheit-ein-Topthema-fuer-die-Schweiz-und-ihre-Industrie_MQ.jpg\",\"contentUrl\":\"https:\/\/www.m-q.ch\/wp-content\/uploads\/2022\/06\/Sicherheit-ein-Topthema-fuer-die-Schweiz-und-ihre-Industrie_MQ.jpg\",\"width\":680,\"height\":453,\"caption\":\"Die Schweizer Industrieunternehmen stehen immer wieder im Fadenkreuz von Cyberkriminellen. (Bild: Pixabay.com)\"},{\"@type\":\"BreadcrumbList\",\"@id\":\"https:\/\/www.m-q.ch\/sicherheit-ein-topthema-fuer-die-schweiz-und-ihre-industrie\/#breadcrumb\",\"itemListElement\":[{\"@type\":\"ListItem\",\"position\":1,\"name\":\"Risikomanagement\",\"item\":\"https:\/\/www.m-q.ch\/kategorie\/risikomanagement\/\"},{\"@type\":\"ListItem\",\"position\":2,\"name\":\"Sicherheit \u2013 ein Topthema f\u00fcr die Schweiz und ihre Industrie\"}]},{\"@type\":\"WebSite\",\"@id\":\"https:\/\/www.m-q.ch\/fr\/#website\",\"url\":\"https:\/\/www.m-q.ch\/fr\/\",\"name\":\"MQ Management und Qualit\u00e4t\",\"description\":\"Plattform f\u00fcr integrierte Managementsysteme.\",\"publisher\":{\"@id\":\"https:\/\/www.m-q.ch\/fr\/#organization\"},\"potentialAction\":[{\"@type\":\"SearchAction\",\"target\":{\"@type\":\"EntryPoint\",\"urlTemplate\":\"https:\/\/www.m-q.ch\/fr\/?s={search_term_string}\"},\"query-input\":{\"@type\":\"PropertyValueSpecification\",\"valueRequired\":true,\"valueName\":\"search_term_string\"}}],\"inLanguage\":\"en-US\"},{\"@type\":\"Organization\",\"@id\":\"https:\/\/www.m-q.ch\/fr\/#organization\",\"name\":\"Galledia Fachmedien AG\",\"url\":\"https:\/\/www.m-q.ch\/fr\/\",\"logo\":{\"@type\":\"ImageObject\",\"inLanguage\":\"en-US\",\"@id\":\"https:\/\/www.m-q.ch\/fr\/#\/schema\/logo\/image\/\",\"url\":\"https:\/\/www.m-q.ch\/wp-content\/uploads\/2020\/12\/cropped-logo_small.png\",\"contentUrl\":\"https:\/\/www.m-q.ch\/wp-content\/uploads\/2020\/12\/cropped-logo_small.png\",\"width\":512,\"height\":512,\"caption\":\"Galledia Fachmedien AG\"},\"image\":{\"@id\":\"https:\/\/www.m-q.ch\/fr\/#\/schema\/logo\/image\/\"},\"sameAs\":[\"https:\/\/www.facebook.com\/ManagementUndQualitaet\",\"https:\/\/www.linkedin.com\/showcase\/17982321\/admin\/\"]},{\"@type\":\"Person\",\"@id\":\"https:\/\/www.m-q.ch\/fr\/#\/schema\/person\/a8711938b1cfb3f056dec70eaa0b42ab\",\"name\":\"Thomas Berner\",\"image\":{\"@type\":\"ImageObject\",\"inLanguage\":\"en-US\",\"@id\":\"https:\/\/www.m-q.ch\/fr\/#\/schema\/person\/image\/\",\"url\":\"https:\/\/secure.gravatar.com\/avatar\/faea7857408f70478f976d576da10f96?s=96&d=mm&r=g\",\"contentUrl\":\"https:\/\/secure.gravatar.com\/avatar\/faea7857408f70478f976d576da10f96?s=96&d=mm&r=g\",\"caption\":\"Thomas Berner\"},\"url\":\"https:\/\/www.m-q.ch\/en\/author\/thomas-berner\/\"}]}<\/script>\n<!-- \/ Yoast SEO plugin. -->","yoast_head_json":{"title":"Safety - a top issue for Switzerland and its industry - MQ Management und Qualit\u00e4t","description":"Under the title \"In the Crosshairs - Security and Resilience for Industry and Society\", the 15th Swissmem Industry Day took place on 23. 6. 22.","robots":{"index":"index","follow":"follow","max-snippet":"max-snippet:-1","max-image-preview":"max-image-preview:large","max-video-preview":"max-video-preview:-1"},"canonical":"https:\/\/www.m-q.ch\/en\/security-a-top-issue-for-switzerland-and-its-industry\/","og_locale":"en_US","og_type":"article","og_title":"Sicherheit \u2013 ein Topthema f\u00fcr die Schweiz und ihre Industrie","og_description":"Unter dem Titel \u00abIm Fadenkreuz \u2013 Sicherheit und Resilienz f\u00fcr Industrie und Gesellschaft\u00bb fand am 23. 6. 22 der 15. Swissmem-Industrietag statt.","og_url":"https:\/\/www.m-q.ch\/en\/security-a-top-issue-for-switzerland-and-its-industry\/","og_site_name":"MQ Management und Qualit\u00e4t","article_publisher":"https:\/\/www.facebook.com\/ManagementUndQualitaet","article_published_time":"2022-06-23T14:46:26+00:00","og_image":[{"width":680,"height":453,"url":"https:\/\/www.m-q.ch\/wp-content\/uploads\/2022\/06\/Sicherheit-ein-Topthema-fuer-die-Schweiz-und-ihre-Industrie_MQ.jpg","type":"image\/jpeg"}],"author":"Thomas Berner","twitter_card":"summary_large_image","twitter_title":"#Sicherheit \u2013 ein #Topthema f\u00fcr die Schweiz und ihre #Industrie","twitter_description":"Unter dem Titel \u00abIm #Fadenkreuz \u2013 Sicherheit und #Resilienz f\u00fcr Industrie und Gesellschaft\u00bb fand am 23. 6. 22 der 15. #Swissmem-Industrietag statt.","twitter_image":"https:\/\/www.m-q.ch\/wp-content\/uploads\/2022\/06\/Sicherheit-ein-Topthema-fuer-die-Schweiz-und-ihre-Industrie_MQ.jpg","twitter_misc":{"Written by":"Thomas Berner","Est. reading time":"3 minutes"},"schema":{"@context":"https:\/\/schema.org","@graph":[{"@type":"Article","@id":"https:\/\/www.m-q.ch\/sicherheit-ein-topthema-fuer-die-schweiz-und-ihre-industrie\/#article","isPartOf":{"@id":"https:\/\/www.m-q.ch\/sicherheit-ein-topthema-fuer-die-schweiz-und-ihre-industrie\/"},"author":{"name":"Thomas Berner","@id":"https:\/\/www.m-q.ch\/fr\/#\/schema\/person\/a8711938b1cfb3f056dec70eaa0b42ab"},"headline":"Sicherheit \u2013 ein Topthema f\u00fcr die Schweiz und ihre Industrie","datePublished":"2022-06-23T14:46:26+00:00","mainEntityOfPage":{"@id":"https:\/\/www.m-q.ch\/sicherheit-ein-topthema-fuer-die-schweiz-und-ihre-industrie\/"},"wordCount":528,"publisher":{"@id":"https:\/\/www.m-q.ch\/fr\/#organization"},"image":{"@id":"https:\/\/www.m-q.ch\/sicherheit-ein-topthema-fuer-die-schweiz-und-ihre-industrie\/#primaryimage"},"thumbnailUrl":"https:\/\/www.m-q.ch\/wp-content\/uploads\/2022\/06\/Sicherheit-ein-Topthema-fuer-die-Schweiz-und-ihre-Industrie_MQ.jpg","keywords":["Cybersicherheit","Fachkongress\/Fachmesse","Sicherheitspolitik","Vereine\/Verb\u00e4nde\/Institutionen"],"articleSection":["Risikomanagement"],"inLanguage":"en-US"},{"@type":"WebPage","@id":"https:\/\/www.m-q.ch\/sicherheit-ein-topthema-fuer-die-schweiz-und-ihre-industrie\/","url":"https:\/\/www.m-q.ch\/sicherheit-ein-topthema-fuer-die-schweiz-und-ihre-industrie\/","name":"Safety - a top issue for Switzerland and its industry - MQ Management und Qualit\u00e4t","isPartOf":{"@id":"https:\/\/www.m-q.ch\/fr\/#website"},"primaryImageOfPage":{"@id":"https:\/\/www.m-q.ch\/sicherheit-ein-topthema-fuer-die-schweiz-und-ihre-industrie\/#primaryimage"},"image":{"@id":"https:\/\/www.m-q.ch\/sicherheit-ein-topthema-fuer-die-schweiz-und-ihre-industrie\/#primaryimage"},"thumbnailUrl":"https:\/\/www.m-q.ch\/wp-content\/uploads\/2022\/06\/Sicherheit-ein-Topthema-fuer-die-Schweiz-und-ihre-Industrie_MQ.jpg","datePublished":"2022-06-23T14:46:26+00:00","description":"Under the title \"In the Crosshairs - Security and Resilience for Industry and Society\", the 15th Swissmem Industry Day took place on 23. 6. 22.","breadcrumb":{"@id":"https:\/\/www.m-q.ch\/sicherheit-ein-topthema-fuer-die-schweiz-und-ihre-industrie\/#breadcrumb"},"inLanguage":"en-US","potentialAction":[{"@type":"ReadAction","target":["https:\/\/www.m-q.ch\/sicherheit-ein-topthema-fuer-die-schweiz-und-ihre-industrie\/"]}]},{"@type":"ImageObject","inLanguage":"en-US","@id":"https:\/\/www.m-q.ch\/sicherheit-ein-topthema-fuer-die-schweiz-und-ihre-industrie\/#primaryimage","url":"https:\/\/www.m-q.ch\/wp-content\/uploads\/2022\/06\/Sicherheit-ein-Topthema-fuer-die-Schweiz-und-ihre-Industrie_MQ.jpg","contentUrl":"https:\/\/www.m-q.ch\/wp-content\/uploads\/2022\/06\/Sicherheit-ein-Topthema-fuer-die-Schweiz-und-ihre-Industrie_MQ.jpg","width":680,"height":453,"caption":"Die Schweizer Industrieunternehmen stehen immer wieder im Fadenkreuz von Cyberkriminellen. (Bild: Pixabay.com)"},{"@type":"BreadcrumbList","@id":"https:\/\/www.m-q.ch\/sicherheit-ein-topthema-fuer-die-schweiz-und-ihre-industrie\/#breadcrumb","itemListElement":[{"@type":"ListItem","position":1,"name":"Risikomanagement","item":"https:\/\/www.m-q.ch\/kategorie\/risikomanagement\/"},{"@type":"ListItem","position":2,"name":"Sicherheit \u2013 ein Topthema f\u00fcr die Schweiz und ihre Industrie"}]},{"@type":"WebSite","@id":"https:\/\/www.m-q.ch\/fr\/#website","url":"https:\/\/www.m-q.ch\/fr\/","name":"MQ Management and Quality","description":"Platform for integrated management systems.","publisher":{"@id":"https:\/\/www.m-q.ch\/fr\/#organization"},"potentialAction":[{"@type":"SearchAction","target":{"@type":"EntryPoint","urlTemplate":"https:\/\/www.m-q.ch\/fr\/?s={search_term_string}"},"query-input":{"@type":"PropertyValueSpecification","valueRequired":true,"valueName":"search_term_string"}}],"inLanguage":"en-US"},{"@type":"Organization","@id":"https:\/\/www.m-q.ch\/fr\/#organization","name":"Galledia Trade Media AG","url":"https:\/\/www.m-q.ch\/fr\/","logo":{"@type":"ImageObject","inLanguage":"en-US","@id":"https:\/\/www.m-q.ch\/fr\/#\/schema\/logo\/image\/","url":"https:\/\/www.m-q.ch\/wp-content\/uploads\/2020\/12\/cropped-logo_small.png","contentUrl":"https:\/\/www.m-q.ch\/wp-content\/uploads\/2020\/12\/cropped-logo_small.png","width":512,"height":512,"caption":"Galledia Fachmedien AG"},"image":{"@id":"https:\/\/www.m-q.ch\/fr\/#\/schema\/logo\/image\/"},"sameAs":["https:\/\/www.facebook.com\/ManagementUndQualitaet","https:\/\/www.linkedin.com\/showcase\/17982321\/admin\/"]},{"@type":"Person","@id":"https:\/\/www.m-q.ch\/fr\/#\/schema\/person\/a8711938b1cfb3f056dec70eaa0b42ab","name":"Thomas Bernard","image":{"@type":"ImageObject","inLanguage":"en-US","@id":"https:\/\/www.m-q.ch\/fr\/#\/schema\/person\/image\/","url":"https:\/\/secure.gravatar.com\/avatar\/faea7857408f70478f976d576da10f96?s=96&d=mm&r=g","contentUrl":"https:\/\/secure.gravatar.com\/avatar\/faea7857408f70478f976d576da10f96?s=96&d=mm&r=g","caption":"Thomas Berner"},"url":"https:\/\/www.m-q.ch\/en\/author\/thomas-berner\/"}]}},"_links":{"self":[{"href":"https:\/\/www.m-q.ch\/en\/wp-json\/wp\/v2\/posts\/16524","targetHints":{"allow":["GET"]}}],"collection":[{"href":"https:\/\/www.m-q.ch\/en\/wp-json\/wp\/v2\/posts"}],"about":[{"href":"https:\/\/www.m-q.ch\/en\/wp-json\/wp\/v2\/types\/post"}],"author":[{"embeddable":true,"href":"https:\/\/www.m-q.ch\/en\/wp-json\/wp\/v2\/users\/10"}],"replies":[{"embeddable":true,"href":"https:\/\/www.m-q.ch\/en\/wp-json\/wp\/v2\/comments?post=16524"}],"version-history":[{"count":1,"href":"https:\/\/www.m-q.ch\/en\/wp-json\/wp\/v2\/posts\/16524\/revisions"}],"predecessor-version":[{"id":16526,"href":"https:\/\/www.m-q.ch\/en\/wp-json\/wp\/v2\/posts\/16524\/revisions\/16526"}],"wp:featuredmedia":[{"embeddable":true,"href":"https:\/\/www.m-q.ch\/en\/wp-json\/wp\/v2\/media\/16525"}],"wp:attachment":[{"href":"https:\/\/www.m-q.ch\/en\/wp-json\/wp\/v2\/media?parent=16524"}],"wp:term":[{"taxonomy":"category","embeddable":true,"href":"https:\/\/www.m-q.ch\/en\/wp-json\/wp\/v2\/categories?post=16524"},{"taxonomy":"post_tag","embeddable":true,"href":"https:\/\/www.m-q.ch\/en\/wp-json\/wp\/v2\/tags?post=16524"}],"curies":[{"name":"wp","href":"https:\/\/api.w.org\/{rel}","templated":true}]}}