{"id":16766,"date":"2022-08-09T13:34:04","date_gmt":"2022-08-09T11:34:04","guid":{"rendered":"https:\/\/www.m-q.ch\/?p=16766"},"modified":"2022-08-29T09:46:45","modified_gmt":"2022-08-29T07:46:45","slug":"green-it-sustainable-it-as-the-key-to-competitiveness","status":"publish","type":"post","link":"https:\/\/www.m-q.ch\/en\/green-it-nachhaltige-it-als-schluessel-zur-wettbewerbsfaehigkeit\/","title":{"rendered":"Green IT: Sustainable IT as the key to competitiveness"},"content":{"rendered":"<figure id=\"attachment_16767\" aria-describedby=\"caption-attachment-16767\" style=\"width: 680px\" class=\"wp-caption alignnone\"><img loading=\"lazy\" decoding=\"async\" class=\"size-full wp-image-16767\" src=\"https:\/\/www.m-q.ch\/wp-content\/uploads\/2022\/08\/Green-IT-Nachhaltige-IT-als-Schluessel-zur-Wettbewerbsfaehigkeit_MQ.jpg\" alt=\"\" width=\"680\" height=\"453\" srcset=\"https:\/\/www.m-q.ch\/wp-content\/uploads\/2022\/08\/Green-IT-Nachhaltige-IT-als-Schluessel-zur-Wettbewerbsfaehigkeit_MQ.jpg 680w, https:\/\/www.m-q.ch\/wp-content\/uploads\/2022\/08\/Green-IT-Nachhaltige-IT-als-Schluessel-zur-Wettbewerbsfaehigkeit_MQ-18x12.jpg 18w, https:\/\/www.m-q.ch\/wp-content\/uploads\/2022\/08\/Green-IT-Nachhaltige-IT-als-Schluessel-zur-Wettbewerbsfaehigkeit_MQ-263x175.jpg 263w, https:\/\/www.m-q.ch\/wp-content\/uploads\/2022\/08\/Green-IT-Nachhaltige-IT-als-Schluessel-zur-Wettbewerbsfaehigkeit_MQ-525x350.jpg 525w, https:\/\/www.m-q.ch\/wp-content\/uploads\/2022\/08\/Green-IT-Nachhaltige-IT-als-Schluessel-zur-Wettbewerbsfaehigkeit_MQ-300x200.jpg 300w\" sizes=\"auto, (max-width: 680px) 100vw, 680px\" \/><figcaption id=\"caption-attachment-16767\" class=\"wp-caption-text\">Philippe Picalek of Cloudera says that in addition to corporate culture, IT is in focus when it comes to sustainability. (Image: pixabay, geralt)<\/figcaption><\/figure>\n<p>While the digitization of processes saves resources in individual companies, global digital transformation leads to a <a href=\"https:\/\/www.m-q.ch\/en\/2019-brings-more-data-more-clouds-and-more-demands-on-it\/\">global exponential resource use<\/a>. There is a simple reason for this: Increasing virtual workflows are generating ever greater volumes of data that are stored in data centers - which, depending on their size and constitution, produce more or less CO2 emissions. <a href=\"https:\/\/www.climateneutralgroup.com\/en\/news\/carbon-emissions-of-data-centers\/\">Studies show that data center operations already account for 2 percent of the world's energy<\/a>.\u00a0<\/p>\n<p>It is all the more tragic when data is stored but neither analyzed nor used for the company's success. A \"loose - loose\" situation arises. The choice of storage location for data, the form of the data and the right data platform are therefore a decisive step both for corporate success and for preserving the environment. This lends immense importance to green IT, i.e., environmentally compatible information and communications technology (ICT) services and products and sustainable use.<\/p>\n<h3><strong>Initiatives, measures and certifications<\/strong><\/h3>\n<p>Measures such as the German government's Green IT initiative or the European Ecodesign Directive have succeeded in keeping electricity consumption by IT in Germany at least relatively constant since 2017 - around two percent of the country's electricity consumption. But blockchain technology or artificial intelligence (AI) are driving up the energy demand of data centers. According to a <a href=\"https:\/\/theshiftproject.org\/wp-content\/uploads\/2019\/03\/Lean-ICT-Report_The-Shift-Project_2019.pdf\">Study by The Shift Project<\/a> of 2019, however, emissions from the digital economy could already account for eight percent of total CO2 emissions in the next five years.\u00a0<\/p>\n<p>To counteract such scenarios, companies need to pay attention to their carbon footprint - especially in data centers. For example, a lot of energy can be saved in the cooling of servers, because lighting and outdoor cooling can be automated and the location of the servers also plays a role - as far apart as possible and in a cool place. <a href=\"https:\/\/www.nrel.gov\/computational-science\/measuring-efficiency-pue.html\">Overall, a power consumption effectiveness of 1.2 or less should be targeted.<\/a> In addition, many processes and applications can now be moved to the cloud. The energy supply for cloud systems tends to be lower due to the size scaling. In principle, companies can also pay attention to energy efficiency certifications when purchasing. Organizations such as TCO Certified or Energy Star, for example, test and certify factories and devices with regard to their efficiency and sustainable practices.\u00a0<\/p>\n<h3><strong>What role does Green IT play in companies?<\/strong><\/h3>\n<p>According to a\u00a0<a href=\"https:\/\/www.capgemini.com\/de-de\/news\/sustainable-it-nachhaltigkeit-studie-2021\/\">Study by Capgemini<\/a> However, green IT currently plays only a minor role in most companies - only one in five companies with a sustainability strategy takes the climate contribution of IT into account. This is due in part to a lack of expertise, according to a total of 53 percent of respondents. And only 43 percent of executives know the amount of CO2 emissions their IT generates. Only 18 percent have a comprehensive strategy with timelines and concretely defined goals; only 6 percent are already implementing sustainable IT. And this will not change in the next few years: only 22 percent of companies plan to reduce their CO2 footprint by more than a quarter through sustainable IT. And this despite the fact that\u00a0<a href=\"https:\/\/www.climateneutralgroup.com\/en\/news\/carbon-emissions-of-data-centers\/\">Data centers worldwide are estimated to consume about 3 percent of electricity<\/a> and are responsible for about 2 percent of total greenhouse gas emissions.<\/p>\n<h3><strong>Sustainable data use determines competitiveness and staff attrition<\/strong><\/h3>\n<p>Companies have recognized the relevance of sustainable business decisions based on data. According to a\u00a0<a href=\"https:\/\/www.cloudera.com\/content\/dam\/www\/marketing\/resources\/whitepapers\/cloudera-global-ai-report.pdf?daqp=true\">Study by Cloudera<\/a> more than one-fifth (21 percent) of decision-makers in German companies are already putting greater investment in environmental, social and governance (ESG) ahead of developing new products and services (18 percent) or maintaining or increasing their profits (19 percent). This is not entirely altruistic, however, because in addition to the ecological necessity, the economic benefits of sustainable IT cannot be dismissed - both in terms of the bottom line and through social reputation, brand image and customer loyalty.\u00a0<\/p>\n<p>The Cloudera study shows this in detail: when asked what the impact would be if their company did not start using data to make more sustainable business decisions over the next 3 years, nearly half of business decision makers (47 percent) said they expected growth to decline. Other consequences include increased pressure on the board and loss of business. Most interestingly, 27 percent of decision makers believe that employees will leave the company - a crucial criterion in times of skills shortages.<\/p>\n<p><em><strong>To the author:<\/strong><br \/>\nPhilippe Picalek, Regional Vice President Switzerland at Cloudera, a cloud service provider. The Cloudera Enterprise Data Cloud processes all data, regardless of where it is stored - from the edge to AI applications.\u00a0<\/em><\/p>","protected":false},"excerpt":{"rendered":"<p>W\u00e4hrend die Digitalisierung von Prozessen in einzelnen Unternehmen Ressourcen einspart, so f\u00fchrt die globale digitale Transformation zu einer weltweiten exponentiellen Ressourcennutzung. Das hat einen einfachen Grund: Durch steigende virtuelle Arbeitsabl\u00e4ufe entstehen immer gr\u00f6ssere Mengen an Daten, die in Rechenzentren gespeichert werden \u2013 die je nach Gr\u00f6sse und Konstitution mehr oder weniger CO2-Emissionen produzieren. Studien zeigen, [&hellip;]<\/p>\n","protected":false},"author":10,"featured_media":16767,"comment_status":"closed","ping_status":"closed","sticky":false,"template":"","format":"standard","meta":{"_acf_changed":false,"footnotes":""},"categories":[3303],"tags":[4192,3372,5302],"class_list":["post-16766","post","type-post","status-publish","format-standard","has-post-thumbnail","hentry","category-qualitaetsmanagement","tag-cloud-computing","tag-digitalisierung","tag-green-it"],"acf":[],"yoast_head":"<!-- This site is optimized with the Yoast SEO plugin v26.2 - https:\/\/yoast.com\/wordpress\/plugins\/seo\/ -->\n<title>Green IT: Nachhaltige IT als Schl\u00fcssel zur Wettbewerbsf\u00e4higkeit - MQ Management und Qualit\u00e4t<\/title>\n<meta name=\"description\" content=\"Bei der Nachhaltigkeit geht es auch um IT, denn gerade Rechenzentren tragen zum steigenden Energieverbrauch bei. Green IT lautet die Losung.\" \/>\n<meta name=\"robots\" content=\"index, follow, max-snippet:-1, max-image-preview:large, max-video-preview:-1\" \/>\n<link rel=\"canonical\" href=\"https:\/\/www.m-q.ch\/en\/green-it-sustainable-it-as-the-key-to-competitiveness\/\" \/>\n<meta property=\"og:locale\" content=\"en_US\" \/>\n<meta property=\"og:type\" content=\"article\" \/>\n<meta property=\"og:title\" content=\"Green IT: Nachhaltige IT als Schl\u00fcssel zur Wettbewerbsf\u00e4higkeit\" \/>\n<meta property=\"og:description\" content=\"Bei der Nachhaltigkeit geht es auch um IT, denn gerade Rechenzentren tragen zum steigenden Energieverbrauch bei. Green IT lautet die Losung.\" \/>\n<meta property=\"og:url\" content=\"https:\/\/www.m-q.ch\/en\/green-it-sustainable-it-as-the-key-to-competitiveness\/\" \/>\n<meta property=\"og:site_name\" content=\"MQ Management und Qualit\u00e4t\" \/>\n<meta property=\"article:publisher\" content=\"https:\/\/www.facebook.com\/ManagementUndQualitaet\" \/>\n<meta property=\"article:published_time\" content=\"2022-08-09T11:34:04+00:00\" \/>\n<meta property=\"article:modified_time\" content=\"2022-08-29T07:46:45+00:00\" \/>\n<meta property=\"og:image\" content=\"https:\/\/www.m-q.ch\/wp-content\/uploads\/2022\/08\/Green-IT-Nachhaltige-IT-als-Schluessel-zur-Wettbewerbsfaehigkeit_MQ.jpg\" \/>\n\t<meta property=\"og:image:width\" content=\"680\" \/>\n\t<meta property=\"og:image:height\" content=\"453\" \/>\n\t<meta property=\"og:image:type\" content=\"image\/jpeg\" \/>\n<meta name=\"author\" content=\"Thomas Berner\" \/>\n<meta name=\"twitter:card\" content=\"summary_large_image\" \/>\n<meta name=\"twitter:title\" content=\"Green IT: Nachhaltige #IT als Schl\u00fcssel zur #Wettbewerbsf\u00e4higkeit\" \/>\n<meta name=\"twitter:description\" content=\"Bei der #Nachhaltigkeit geht es auch um #IT, denn gerade #Rechenzentren tragen zum steigenden #Energieverbrauch bei. Green IT lautet die Losung.\" \/>\n<meta name=\"twitter:image\" content=\"https:\/\/www.m-q.ch\/wp-content\/uploads\/2022\/08\/Green-IT-Nachhaltige-IT-als-Schluessel-zur-Wettbewerbsfaehigkeit_MQ.jpg\" \/>\n<meta name=\"twitter:label1\" content=\"Written by\" \/>\n\t<meta name=\"twitter:data1\" content=\"Thomas Berner\" \/>\n\t<meta name=\"twitter:label2\" content=\"Est. reading time\" \/>\n\t<meta name=\"twitter:data2\" content=\"4 minutes\" \/>\n<script type=\"application\/ld+json\" class=\"yoast-schema-graph\">{\"@context\":\"https:\/\/schema.org\",\"@graph\":[{\"@type\":\"Article\",\"@id\":\"https:\/\/www.m-q.ch\/green-it-nachhaltige-it-als-schluessel-zur-wettbewerbsfaehigkeit\/#article\",\"isPartOf\":{\"@id\":\"https:\/\/www.m-q.ch\/green-it-nachhaltige-it-als-schluessel-zur-wettbewerbsfaehigkeit\/\"},\"author\":{\"name\":\"Thomas Berner\",\"@id\":\"https:\/\/www.m-q.ch\/fr\/#\/schema\/person\/a8711938b1cfb3f056dec70eaa0b42ab\"},\"headline\":\"Green IT: Nachhaltige IT als Schl\u00fcssel zur Wettbewerbsf\u00e4higkeit\",\"datePublished\":\"2022-08-09T11:34:04+00:00\",\"dateModified\":\"2022-08-29T07:46:45+00:00\",\"mainEntityOfPage\":{\"@id\":\"https:\/\/www.m-q.ch\/green-it-nachhaltige-it-als-schluessel-zur-wettbewerbsfaehigkeit\/\"},\"wordCount\":762,\"publisher\":{\"@id\":\"https:\/\/www.m-q.ch\/fr\/#organization\"},\"image\":{\"@id\":\"https:\/\/www.m-q.ch\/green-it-nachhaltige-it-als-schluessel-zur-wettbewerbsfaehigkeit\/#primaryimage\"},\"thumbnailUrl\":\"https:\/\/www.m-q.ch\/wp-content\/uploads\/2022\/08\/Green-IT-Nachhaltige-IT-als-Schluessel-zur-Wettbewerbsfaehigkeit_MQ.jpg\",\"keywords\":[\"Cloud Computing\",\"Digitalisierung\",\"Green IT\"],\"articleSection\":[\"Qualit\u00e4tsmanagement\"],\"inLanguage\":\"en-US\"},{\"@type\":\"WebPage\",\"@id\":\"https:\/\/www.m-q.ch\/green-it-nachhaltige-it-als-schluessel-zur-wettbewerbsfaehigkeit\/\",\"url\":\"https:\/\/www.m-q.ch\/green-it-nachhaltige-it-als-schluessel-zur-wettbewerbsfaehigkeit\/\",\"name\":\"Green IT: Nachhaltige IT als Schl\u00fcssel zur Wettbewerbsf\u00e4higkeit - MQ Management und Qualit\u00e4t\",\"isPartOf\":{\"@id\":\"https:\/\/www.m-q.ch\/fr\/#website\"},\"primaryImageOfPage\":{\"@id\":\"https:\/\/www.m-q.ch\/green-it-nachhaltige-it-als-schluessel-zur-wettbewerbsfaehigkeit\/#primaryimage\"},\"image\":{\"@id\":\"https:\/\/www.m-q.ch\/green-it-nachhaltige-it-als-schluessel-zur-wettbewerbsfaehigkeit\/#primaryimage\"},\"thumbnailUrl\":\"https:\/\/www.m-q.ch\/wp-content\/uploads\/2022\/08\/Green-IT-Nachhaltige-IT-als-Schluessel-zur-Wettbewerbsfaehigkeit_MQ.jpg\",\"datePublished\":\"2022-08-09T11:34:04+00:00\",\"dateModified\":\"2022-08-29T07:46:45+00:00\",\"description\":\"Bei der Nachhaltigkeit geht es auch um IT, denn gerade Rechenzentren tragen zum steigenden Energieverbrauch bei. Green IT lautet die Losung.\",\"breadcrumb\":{\"@id\":\"https:\/\/www.m-q.ch\/green-it-nachhaltige-it-als-schluessel-zur-wettbewerbsfaehigkeit\/#breadcrumb\"},\"inLanguage\":\"en-US\",\"potentialAction\":[{\"@type\":\"ReadAction\",\"target\":[\"https:\/\/www.m-q.ch\/green-it-nachhaltige-it-als-schluessel-zur-wettbewerbsfaehigkeit\/\"]}]},{\"@type\":\"ImageObject\",\"inLanguage\":\"en-US\",\"@id\":\"https:\/\/www.m-q.ch\/green-it-nachhaltige-it-als-schluessel-zur-wettbewerbsfaehigkeit\/#primaryimage\",\"url\":\"https:\/\/www.m-q.ch\/wp-content\/uploads\/2022\/08\/Green-IT-Nachhaltige-IT-als-Schluessel-zur-Wettbewerbsfaehigkeit_MQ.jpg\",\"contentUrl\":\"https:\/\/www.m-q.ch\/wp-content\/uploads\/2022\/08\/Green-IT-Nachhaltige-IT-als-Schluessel-zur-Wettbewerbsfaehigkeit_MQ.jpg\",\"width\":680,\"height\":453,\"caption\":\"Philippe Picalek von Cloudera meint, dass neben der Unternehmenskultur, die IT beim Thema Nachhaltigkeit im Fokus steht. (Bild: pixabay, geralt)\"},{\"@type\":\"BreadcrumbList\",\"@id\":\"https:\/\/www.m-q.ch\/green-it-nachhaltige-it-als-schluessel-zur-wettbewerbsfaehigkeit\/#breadcrumb\",\"itemListElement\":[{\"@type\":\"ListItem\",\"position\":1,\"name\":\"Qualit\u00e4tsmanagement\",\"item\":\"https:\/\/www.m-q.ch\/kategorie\/qualitaetsmanagement\/\"},{\"@type\":\"ListItem\",\"position\":2,\"name\":\"Green IT: Nachhaltige IT als Schl\u00fcssel zur Wettbewerbsf\u00e4higkeit\"}]},{\"@type\":\"WebSite\",\"@id\":\"https:\/\/www.m-q.ch\/fr\/#website\",\"url\":\"https:\/\/www.m-q.ch\/fr\/\",\"name\":\"MQ Management und Qualit\u00e4t\",\"description\":\"Plattform f\u00fcr integrierte Managementsysteme.\",\"publisher\":{\"@id\":\"https:\/\/www.m-q.ch\/fr\/#organization\"},\"potentialAction\":[{\"@type\":\"SearchAction\",\"target\":{\"@type\":\"EntryPoint\",\"urlTemplate\":\"https:\/\/www.m-q.ch\/fr\/?s={search_term_string}\"},\"query-input\":{\"@type\":\"PropertyValueSpecification\",\"valueRequired\":true,\"valueName\":\"search_term_string\"}}],\"inLanguage\":\"en-US\"},{\"@type\":\"Organization\",\"@id\":\"https:\/\/www.m-q.ch\/fr\/#organization\",\"name\":\"Galledia Fachmedien AG\",\"url\":\"https:\/\/www.m-q.ch\/fr\/\",\"logo\":{\"@type\":\"ImageObject\",\"inLanguage\":\"en-US\",\"@id\":\"https:\/\/www.m-q.ch\/fr\/#\/schema\/logo\/image\/\",\"url\":\"https:\/\/www.m-q.ch\/wp-content\/uploads\/2020\/12\/cropped-logo_small.png\",\"contentUrl\":\"https:\/\/www.m-q.ch\/wp-content\/uploads\/2020\/12\/cropped-logo_small.png\",\"width\":512,\"height\":512,\"caption\":\"Galledia Fachmedien AG\"},\"image\":{\"@id\":\"https:\/\/www.m-q.ch\/fr\/#\/schema\/logo\/image\/\"},\"sameAs\":[\"https:\/\/www.facebook.com\/ManagementUndQualitaet\",\"https:\/\/www.linkedin.com\/showcase\/17982321\/admin\/\"]},{\"@type\":\"Person\",\"@id\":\"https:\/\/www.m-q.ch\/fr\/#\/schema\/person\/a8711938b1cfb3f056dec70eaa0b42ab\",\"name\":\"Thomas Berner\",\"image\":{\"@type\":\"ImageObject\",\"inLanguage\":\"en-US\",\"@id\":\"https:\/\/www.m-q.ch\/fr\/#\/schema\/person\/image\/\",\"url\":\"https:\/\/secure.gravatar.com\/avatar\/faea7857408f70478f976d576da10f96?s=96&d=mm&r=g\",\"contentUrl\":\"https:\/\/secure.gravatar.com\/avatar\/faea7857408f70478f976d576da10f96?s=96&d=mm&r=g\",\"caption\":\"Thomas Berner\"},\"url\":\"https:\/\/www.m-q.ch\/en\/author\/thomas-berner\/\"}]}<\/script>\n<!-- \/ Yoast SEO plugin. -->","yoast_head_json":{"title":"Green IT: Sustainable IT as the key to competitiveness - MQ Management und Qualit\u00e4t","description":"Sustainability is also about IT, because data centers in particular are contributing to rising energy consumption. Green IT is the watchword.","robots":{"index":"index","follow":"follow","max-snippet":"max-snippet:-1","max-image-preview":"max-image-preview:large","max-video-preview":"max-video-preview:-1"},"canonical":"https:\/\/www.m-q.ch\/en\/green-it-sustainable-it-as-the-key-to-competitiveness\/","og_locale":"en_US","og_type":"article","og_title":"Green IT: Nachhaltige IT als Schl\u00fcssel zur Wettbewerbsf\u00e4higkeit","og_description":"Bei der Nachhaltigkeit geht es auch um IT, denn gerade Rechenzentren tragen zum steigenden Energieverbrauch bei. Green IT lautet die Losung.","og_url":"https:\/\/www.m-q.ch\/en\/green-it-sustainable-it-as-the-key-to-competitiveness\/","og_site_name":"MQ Management und Qualit\u00e4t","article_publisher":"https:\/\/www.facebook.com\/ManagementUndQualitaet","article_published_time":"2022-08-09T11:34:04+00:00","article_modified_time":"2022-08-29T07:46:45+00:00","og_image":[{"width":680,"height":453,"url":"https:\/\/www.m-q.ch\/wp-content\/uploads\/2022\/08\/Green-IT-Nachhaltige-IT-als-Schluessel-zur-Wettbewerbsfaehigkeit_MQ.jpg","type":"image\/jpeg"}],"author":"Thomas Berner","twitter_card":"summary_large_image","twitter_title":"Green IT: Nachhaltige #IT als Schl\u00fcssel zur #Wettbewerbsf\u00e4higkeit","twitter_description":"Bei der #Nachhaltigkeit geht es auch um #IT, denn gerade #Rechenzentren tragen zum steigenden #Energieverbrauch bei. Green IT lautet die Losung.","twitter_image":"https:\/\/www.m-q.ch\/wp-content\/uploads\/2022\/08\/Green-IT-Nachhaltige-IT-als-Schluessel-zur-Wettbewerbsfaehigkeit_MQ.jpg","twitter_misc":{"Written by":"Thomas Berner","Est. reading time":"4 minutes"},"schema":{"@context":"https:\/\/schema.org","@graph":[{"@type":"Article","@id":"https:\/\/www.m-q.ch\/green-it-nachhaltige-it-als-schluessel-zur-wettbewerbsfaehigkeit\/#article","isPartOf":{"@id":"https:\/\/www.m-q.ch\/green-it-nachhaltige-it-als-schluessel-zur-wettbewerbsfaehigkeit\/"},"author":{"name":"Thomas Berner","@id":"https:\/\/www.m-q.ch\/fr\/#\/schema\/person\/a8711938b1cfb3f056dec70eaa0b42ab"},"headline":"Green IT: Nachhaltige IT als Schl\u00fcssel zur Wettbewerbsf\u00e4higkeit","datePublished":"2022-08-09T11:34:04+00:00","dateModified":"2022-08-29T07:46:45+00:00","mainEntityOfPage":{"@id":"https:\/\/www.m-q.ch\/green-it-nachhaltige-it-als-schluessel-zur-wettbewerbsfaehigkeit\/"},"wordCount":762,"publisher":{"@id":"https:\/\/www.m-q.ch\/fr\/#organization"},"image":{"@id":"https:\/\/www.m-q.ch\/green-it-nachhaltige-it-als-schluessel-zur-wettbewerbsfaehigkeit\/#primaryimage"},"thumbnailUrl":"https:\/\/www.m-q.ch\/wp-content\/uploads\/2022\/08\/Green-IT-Nachhaltige-IT-als-Schluessel-zur-Wettbewerbsfaehigkeit_MQ.jpg","keywords":["Cloud Computing","Digitalisierung","Green IT"],"articleSection":["Qualit\u00e4tsmanagement"],"inLanguage":"en-US"},{"@type":"WebPage","@id":"https:\/\/www.m-q.ch\/green-it-nachhaltige-it-als-schluessel-zur-wettbewerbsfaehigkeit\/","url":"https:\/\/www.m-q.ch\/green-it-nachhaltige-it-als-schluessel-zur-wettbewerbsfaehigkeit\/","name":"Green IT: Sustainable IT as the key to competitiveness - MQ Management und Qualit\u00e4t","isPartOf":{"@id":"https:\/\/www.m-q.ch\/fr\/#website"},"primaryImageOfPage":{"@id":"https:\/\/www.m-q.ch\/green-it-nachhaltige-it-als-schluessel-zur-wettbewerbsfaehigkeit\/#primaryimage"},"image":{"@id":"https:\/\/www.m-q.ch\/green-it-nachhaltige-it-als-schluessel-zur-wettbewerbsfaehigkeit\/#primaryimage"},"thumbnailUrl":"https:\/\/www.m-q.ch\/wp-content\/uploads\/2022\/08\/Green-IT-Nachhaltige-IT-als-Schluessel-zur-Wettbewerbsfaehigkeit_MQ.jpg","datePublished":"2022-08-09T11:34:04+00:00","dateModified":"2022-08-29T07:46:45+00:00","description":"Sustainability is also about IT, because data centers in particular are contributing to rising energy consumption. Green IT is the watchword.","breadcrumb":{"@id":"https:\/\/www.m-q.ch\/green-it-nachhaltige-it-als-schluessel-zur-wettbewerbsfaehigkeit\/#breadcrumb"},"inLanguage":"en-US","potentialAction":[{"@type":"ReadAction","target":["https:\/\/www.m-q.ch\/green-it-nachhaltige-it-als-schluessel-zur-wettbewerbsfaehigkeit\/"]}]},{"@type":"ImageObject","inLanguage":"en-US","@id":"https:\/\/www.m-q.ch\/green-it-nachhaltige-it-als-schluessel-zur-wettbewerbsfaehigkeit\/#primaryimage","url":"https:\/\/www.m-q.ch\/wp-content\/uploads\/2022\/08\/Green-IT-Nachhaltige-IT-als-Schluessel-zur-Wettbewerbsfaehigkeit_MQ.jpg","contentUrl":"https:\/\/www.m-q.ch\/wp-content\/uploads\/2022\/08\/Green-IT-Nachhaltige-IT-als-Schluessel-zur-Wettbewerbsfaehigkeit_MQ.jpg","width":680,"height":453,"caption":"Philippe Picalek von Cloudera meint, dass neben der Unternehmenskultur, die IT beim Thema Nachhaltigkeit im Fokus steht. (Bild: pixabay, geralt)"},{"@type":"BreadcrumbList","@id":"https:\/\/www.m-q.ch\/green-it-nachhaltige-it-als-schluessel-zur-wettbewerbsfaehigkeit\/#breadcrumb","itemListElement":[{"@type":"ListItem","position":1,"name":"Qualit\u00e4tsmanagement","item":"https:\/\/www.m-q.ch\/kategorie\/qualitaetsmanagement\/"},{"@type":"ListItem","position":2,"name":"Green IT: Nachhaltige IT als Schl\u00fcssel zur Wettbewerbsf\u00e4higkeit"}]},{"@type":"WebSite","@id":"https:\/\/www.m-q.ch\/fr\/#website","url":"https:\/\/www.m-q.ch\/fr\/","name":"MQ Management and Quality","description":"Platform for integrated management systems.","publisher":{"@id":"https:\/\/www.m-q.ch\/fr\/#organization"},"potentialAction":[{"@type":"SearchAction","target":{"@type":"EntryPoint","urlTemplate":"https:\/\/www.m-q.ch\/fr\/?s={search_term_string}"},"query-input":{"@type":"PropertyValueSpecification","valueRequired":true,"valueName":"search_term_string"}}],"inLanguage":"en-US"},{"@type":"Organization","@id":"https:\/\/www.m-q.ch\/fr\/#organization","name":"Galledia Trade Media AG","url":"https:\/\/www.m-q.ch\/fr\/","logo":{"@type":"ImageObject","inLanguage":"en-US","@id":"https:\/\/www.m-q.ch\/fr\/#\/schema\/logo\/image\/","url":"https:\/\/www.m-q.ch\/wp-content\/uploads\/2020\/12\/cropped-logo_small.png","contentUrl":"https:\/\/www.m-q.ch\/wp-content\/uploads\/2020\/12\/cropped-logo_small.png","width":512,"height":512,"caption":"Galledia Fachmedien AG"},"image":{"@id":"https:\/\/www.m-q.ch\/fr\/#\/schema\/logo\/image\/"},"sameAs":["https:\/\/www.facebook.com\/ManagementUndQualitaet","https:\/\/www.linkedin.com\/showcase\/17982321\/admin\/"]},{"@type":"Person","@id":"https:\/\/www.m-q.ch\/fr\/#\/schema\/person\/a8711938b1cfb3f056dec70eaa0b42ab","name":"Thomas Bernard","image":{"@type":"ImageObject","inLanguage":"en-US","@id":"https:\/\/www.m-q.ch\/fr\/#\/schema\/person\/image\/","url":"https:\/\/secure.gravatar.com\/avatar\/faea7857408f70478f976d576da10f96?s=96&d=mm&r=g","contentUrl":"https:\/\/secure.gravatar.com\/avatar\/faea7857408f70478f976d576da10f96?s=96&d=mm&r=g","caption":"Thomas Berner"},"url":"https:\/\/www.m-q.ch\/en\/author\/thomas-berner\/"}]}},"_links":{"self":[{"href":"https:\/\/www.m-q.ch\/en\/wp-json\/wp\/v2\/posts\/16766","targetHints":{"allow":["GET"]}}],"collection":[{"href":"https:\/\/www.m-q.ch\/en\/wp-json\/wp\/v2\/posts"}],"about":[{"href":"https:\/\/www.m-q.ch\/en\/wp-json\/wp\/v2\/types\/post"}],"author":[{"embeddable":true,"href":"https:\/\/www.m-q.ch\/en\/wp-json\/wp\/v2\/users\/10"}],"replies":[{"embeddable":true,"href":"https:\/\/www.m-q.ch\/en\/wp-json\/wp\/v2\/comments?post=16766"}],"version-history":[{"count":1,"href":"https:\/\/www.m-q.ch\/en\/wp-json\/wp\/v2\/posts\/16766\/revisions"}],"predecessor-version":[{"id":16768,"href":"https:\/\/www.m-q.ch\/en\/wp-json\/wp\/v2\/posts\/16766\/revisions\/16768"}],"wp:featuredmedia":[{"embeddable":true,"href":"https:\/\/www.m-q.ch\/en\/wp-json\/wp\/v2\/media\/16767"}],"wp:attachment":[{"href":"https:\/\/www.m-q.ch\/en\/wp-json\/wp\/v2\/media?parent=16766"}],"wp:term":[{"taxonomy":"category","embeddable":true,"href":"https:\/\/www.m-q.ch\/en\/wp-json\/wp\/v2\/categories?post=16766"},{"taxonomy":"post_tag","embeddable":true,"href":"https:\/\/www.m-q.ch\/en\/wp-json\/wp\/v2\/tags?post=16766"}],"curies":[{"name":"wp","href":"https:\/\/api.w.org\/{rel}","templated":true}]}}