{"id":16871,"date":"2022-09-08T09:02:07","date_gmt":"2022-09-08T07:02:07","guid":{"rendered":"https:\/\/www.m-q.ch\/?p=16871"},"modified":"2022-09-08T09:02:07","modified_gmt":"2022-09-08T07:02:07","slug":"own-pension-provision-lack-of-knowledge-makes-more-personal-responsibility-difficult","status":"publish","type":"post","link":"https:\/\/www.m-q.ch\/en\/eigene-altersvorsorge-fehlendes-wissen-erschwert-mehr-selbstverantwortung\/","title":{"rendered":"Own pension provision: Lack of knowledge hinders more personal responsibility"},"content":{"rendered":"<figure id=\"attachment_16872\" aria-describedby=\"caption-attachment-16872\" style=\"width: 680px\" class=\"wp-caption alignnone\"><img loading=\"lazy\" decoding=\"async\" class=\"size-full wp-image-16872\" src=\"https:\/\/www.m-q.ch\/wp-content\/uploads\/2022\/09\/Eigene-Altersvorsorge-Fehlendes-Wissen-erschwert-mehr-Selbstverantwortung_MQ.jpg\" alt=\"\" width=\"680\" height=\"453\" srcset=\"https:\/\/www.m-q.ch\/wp-content\/uploads\/2022\/09\/Eigene-Altersvorsorge-Fehlendes-Wissen-erschwert-mehr-Selbstverantwortung_MQ.jpg 680w, https:\/\/www.m-q.ch\/wp-content\/uploads\/2022\/09\/Eigene-Altersvorsorge-Fehlendes-Wissen-erschwert-mehr-Selbstverantwortung_MQ-18x12.jpg 18w, https:\/\/www.m-q.ch\/wp-content\/uploads\/2022\/09\/Eigene-Altersvorsorge-Fehlendes-Wissen-erschwert-mehr-Selbstverantwortung_MQ-263x175.jpg 263w, https:\/\/www.m-q.ch\/wp-content\/uploads\/2022\/09\/Eigene-Altersvorsorge-Fehlendes-Wissen-erschwert-mehr-Selbstverantwortung_MQ-525x350.jpg 525w, https:\/\/www.m-q.ch\/wp-content\/uploads\/2022\/09\/Eigene-Altersvorsorge-Fehlendes-Wissen-erschwert-mehr-Selbstverantwortung_MQ-300x200.jpg 300w\" sizes=\"auto, (max-width: 680px) 100vw, 680px\" \/><figcaption id=\"caption-attachment-16872\" class=\"wp-caption-text\">A majority of the Swiss population does not believe it will receive enough money from the AHV and 2nd pillar in old age. Alternatives for old-age provision are attracting interest. However, the necessary knowledge is often lacking. (Image: Pixabay.com)<\/figcaption><\/figure>\n<p>Demographic change and insufficiently high returns to sustainably finance the 2nd pillar: Employees in Switzerland are aware of the challenges in retirement provision. Only just four percent of respondents to the representative HSLU study are opposed to measures to remedy the financing problems of the AHV and 2nd pillar. \"Accordingly, respondents' skepticism about pension benefits is high,\" says Yvonne Seiler Zimmermann, study director and lecturer at the Lucerne University of Applied Sciences and Arts. According to the HSLU study, around three out of five respondents do not believe that they will receive enough money from the AHV and 2nd pillar to maintain their accustomed standard of living in old age. Interestingly, women trust the pension system even less than men. Not surprisingly, younger people have less hope of receiving enough money from the AHV and 2nd pillar than older people.<\/p>\n<h3>People want to take personal responsibility for their own retirement provision<\/h3>\n<p>One of the megatrends of futurology is individualization in all areas of life. \"This trend is leading in particular to people living more self-determined lives and increasingly wanting to organize their work activities flexibly and according to their needs,\" says Seiler Zimmermann. In addition to flexible working hours and locations, many employees also increasingly want time off during their working lives for further training, sabbaticals, parental leave or to care for relatives. More and more people are also expressing the desire to retire earlier than the statutory retirement age. The study leader is certain: \"The megatrend of individualization ensures that people will also have to take on more personal responsibility when it comes to retirement planning.\" This means, in particular, that people must be able to determine the investment strategy for their own pension capital and make their own provisions for time out. \"Otherwise, an interruption in employment can result in a reduction in pensions at a later date,\" explains Seiler Zimmermann.<\/p>\n<figure id=\"attachment_16873\" aria-describedby=\"caption-attachment-16873\" style=\"width: 680px\" class=\"wp-caption alignnone\"><img loading=\"lazy\" decoding=\"async\" class=\"size-full wp-image-16873\" src=\"https:\/\/www.m-q.ch\/wp-content\/uploads\/2022\/09\/Eigene-Altersvorsorge-Fehlendes-Wissen-erschwert-mehr-Selbstverantwortung-2_MQ.jpg\" alt=\"\" width=\"680\" height=\"430\" srcset=\"https:\/\/www.m-q.ch\/wp-content\/uploads\/2022\/09\/Eigene-Altersvorsorge-Fehlendes-Wissen-erschwert-mehr-Selbstverantwortung-2_MQ.jpg 680w, https:\/\/www.m-q.ch\/wp-content\/uploads\/2022\/09\/Eigene-Altersvorsorge-Fehlendes-Wissen-erschwert-mehr-Selbstverantwortung-2_MQ-18x12.jpg 18w, https:\/\/www.m-q.ch\/wp-content\/uploads\/2022\/09\/Eigene-Altersvorsorge-Fehlendes-Wissen-erschwert-mehr-Selbstverantwortung-2_MQ-277x175.jpg 277w, https:\/\/www.m-q.ch\/wp-content\/uploads\/2022\/09\/Eigene-Altersvorsorge-Fehlendes-Wissen-erschwert-mehr-Selbstverantwortung-2_MQ-553x350.jpg 553w, https:\/\/www.m-q.ch\/wp-content\/uploads\/2022\/09\/Eigene-Altersvorsorge-Fehlendes-Wissen-erschwert-mehr-Selbstverantwortung-2_MQ-300x190.jpg 300w\" sizes=\"auto, (max-width: 680px) 100vw, 680px\" \/><figcaption id=\"caption-attachment-16873\" class=\"wp-caption-text\">(Source: Lucerne University of Applied Sciences and Arts)<\/figcaption><\/figure>\n<h3>Individual pension solutions meet with interest<\/h3>\n<p>The survey shows that, at 62 percent, the vast majority of respondents are positive about the idea of determining their own investment strategy. However, 30 percent would like good advice on determining the investment strategy and a further 24 percent would like to be able to choose from a predefined selection of alternatives.<\/p>\n<p>The clear majority of respondents would welcome being able to finance a career break with a special, additional pension account. 82 percent of them would like that. \"Most people would therefore be willing to take on more personal responsibility when it comes to retirement planning,\" says Seiler Zimmermann. \"Individual pension solutions are attracting interest.\". Most often, respondents would want to use this supplemental account to fund early retirement, followed by sabbaticals. Many respondents would also be content to have such an account without knowing exactly what they will use the money for later.<\/p>\n<h3>Ignorance of own knowledge gaps<\/h3>\n<p>A minimal level of knowledge regarding finances and retirement planning is required in order to take care of one's own financial provision. The survey results show: The respondents' knowledge of the pension system and their own pension plan is rather modest. \"The main problem here is not the lack of knowledge in and of itself, but the unawareness of one's own knowledge gaps,\" Yvonne Seiler Zimmermann specifies. \"If someone is aware that he or she doesn't know something, that person can seek advice or inform themselves,\" the HSLU expert continues. However, many people lack this awareness of their own ignorance.<\/p>\n<p>This knowledge gap is also particularly evident in the regulations on voluntary retirement provision. \"For example, a person who has decided to stop working may no longer pay into pillar 3a,\" explains Seiler Zimmermann. But many don't know that. Only just 35 percent of respondents know that not all people in Switzerland are eligible to pay into pillar 3a. \"Anyone who decides to interrupt their employment should take such factors into consideration,\" says the HSLU expert. This is just one example of many, she said, of why acquiring knowledge in the area of retirement planning is worthwhile. With this study, the study authors want to draw attention to this issue. Seiler Zimmermann: \"Public discussions about pension topics can help to improve the level of knowledge and understanding among the general population.\"<\/p>\n<p><em>Source: <a href=\"http:\/\/www.hslu.ch\">Lucerne University<\/a><\/em><\/p>","protected":false},"excerpt":{"rendered":"<p>Demographischer Wandel und ungen\u00fcgend hohe Renditen, um die 2. S\u00e4ule nachhaltig zu finanzieren: Die Arbeitnehmenden in der Schweiz sind sich den Herausforderungen in der Altersvorsorge bewusst. Nur gerade vier Prozent der Befragten, die an der repr\u00e4sentativen HSLU-Studie teilgenommen haben, stehen Massnahmen zur Behebung der Finanzierungsprobleme von AHV und 2. S\u00e4ule ablehnend gegen\u00fcber. \u00abEntsprechend ist die [&hellip;]<\/p>\n","protected":false},"author":10,"featured_media":16872,"comment_status":"closed","ping_status":"closed","sticky":false,"template":"","format":"standard","meta":{"_acf_changed":false,"footnotes":""},"categories":[5],"tags":[5314,3360,3362],"class_list":["post-16871","post","type-post","status-publish","format-standard","has-post-thumbnail","hentry","category-business_excellence","tag-altersvorsorge","tag-management-und-unternehmensfuehrung","tag-studie"],"acf":[],"yoast_head":"<!-- This site is optimized with the Yoast SEO plugin v26.2 - https:\/\/yoast.com\/wordpress\/plugins\/seo\/ -->\n<title>Eigene Altersvorsorge: Fehlendes Wissen erschwert mehr Selbstverantwortung - MQ Management und Qualit\u00e4t<\/title>\n<meta name=\"description\" content=\"Viele glauben nicht, im Alter gen\u00fcgend Geld aus der AHV und der 2. S\u00e4ule zu erhalten. Das Interesse an individueller Altersvorsorge steigt.\" \/>\n<meta name=\"robots\" content=\"index, follow, max-snippet:-1, max-image-preview:large, max-video-preview:-1\" \/>\n<link rel=\"canonical\" href=\"https:\/\/www.m-q.ch\/en\/own-pension-provision-lack-of-knowledge-makes-more-personal-responsibility-difficult\/\" \/>\n<meta property=\"og:locale\" content=\"en_US\" \/>\n<meta property=\"og:type\" content=\"article\" \/>\n<meta property=\"og:title\" content=\"Eigene Altersvorsorge: Fehlendes Wissen erschwert mehr Selbstverantwortung\" \/>\n<meta property=\"og:description\" content=\"Viele glauben nicht, im Alter gen\u00fcgend Geld aus der AHV und der 2. S\u00e4ule zu erhalten. Das Interesse an individueller Altersvorsorge steigt.\" \/>\n<meta property=\"og:url\" content=\"https:\/\/www.m-q.ch\/en\/own-pension-provision-lack-of-knowledge-makes-more-personal-responsibility-difficult\/\" \/>\n<meta property=\"og:site_name\" content=\"MQ Management und Qualit\u00e4t\" \/>\n<meta property=\"article:publisher\" content=\"https:\/\/www.facebook.com\/ManagementUndQualitaet\" \/>\n<meta property=\"article:published_time\" content=\"2022-09-08T07:02:07+00:00\" \/>\n<meta property=\"og:image\" content=\"https:\/\/www.m-q.ch\/wp-content\/uploads\/2022\/09\/Eigene-Altersvorsorge-Fehlendes-Wissen-erschwert-mehr-Selbstverantwortung_MQ.jpg\" \/>\n\t<meta property=\"og:image:width\" content=\"680\" \/>\n\t<meta property=\"og:image:height\" content=\"453\" \/>\n\t<meta property=\"og:image:type\" content=\"image\/jpeg\" \/>\n<meta name=\"author\" content=\"Thomas Berner\" \/>\n<meta name=\"twitter:card\" content=\"summary_large_image\" \/>\n<meta name=\"twitter:title\" content=\"Eigene #Altersvorsorge: Fehlendes Wissen erschwert mehr #Selbstverantwortung\" \/>\n<meta name=\"twitter:description\" content=\"Viele glauben nicht, im Alter gen\u00fcgend Geld aus der #AHV und der 2. S\u00e4ule zu erhalten. Das Interesse an individueller #Altersvorsorge steigt.\" \/>\n<meta name=\"twitter:image\" content=\"https:\/\/www.m-q.ch\/wp-content\/uploads\/2022\/09\/Eigene-Altersvorsorge-Fehlendes-Wissen-erschwert-mehr-Selbstverantwortung_MQ.jpg\" \/>\n<meta name=\"twitter:label1\" content=\"Written by\" \/>\n\t<meta name=\"twitter:data1\" content=\"Thomas Berner\" \/>\n\t<meta name=\"twitter:label2\" content=\"Est. reading time\" \/>\n\t<meta name=\"twitter:data2\" content=\"4 minutes\" \/>\n<script type=\"application\/ld+json\" class=\"yoast-schema-graph\">{\"@context\":\"https:\/\/schema.org\",\"@graph\":[{\"@type\":\"Article\",\"@id\":\"https:\/\/www.m-q.ch\/eigene-altersvorsorge-fehlendes-wissen-erschwert-mehr-selbstverantwortung\/#article\",\"isPartOf\":{\"@id\":\"https:\/\/www.m-q.ch\/eigene-altersvorsorge-fehlendes-wissen-erschwert-mehr-selbstverantwortung\/\"},\"author\":{\"name\":\"Thomas Berner\",\"@id\":\"https:\/\/www.m-q.ch\/fr\/#\/schema\/person\/a8711938b1cfb3f056dec70eaa0b42ab\"},\"headline\":\"Eigene Altersvorsorge: Fehlendes Wissen erschwert mehr Selbstverantwortung\",\"datePublished\":\"2022-09-08T07:02:07+00:00\",\"mainEntityOfPage\":{\"@id\":\"https:\/\/www.m-q.ch\/eigene-altersvorsorge-fehlendes-wissen-erschwert-mehr-selbstverantwortung\/\"},\"wordCount\":761,\"publisher\":{\"@id\":\"https:\/\/www.m-q.ch\/fr\/#organization\"},\"image\":{\"@id\":\"https:\/\/www.m-q.ch\/eigene-altersvorsorge-fehlendes-wissen-erschwert-mehr-selbstverantwortung\/#primaryimage\"},\"thumbnailUrl\":\"https:\/\/www.m-q.ch\/wp-content\/uploads\/2022\/09\/Eigene-Altersvorsorge-Fehlendes-Wissen-erschwert-mehr-Selbstverantwortung_MQ.jpg\",\"keywords\":[\"Altersvorsorge\",\"Management und Unternehmensf\u00fchrung\",\"Studie\"],\"articleSection\":[\"Business Excellence\"],\"inLanguage\":\"en-US\"},{\"@type\":\"WebPage\",\"@id\":\"https:\/\/www.m-q.ch\/eigene-altersvorsorge-fehlendes-wissen-erschwert-mehr-selbstverantwortung\/\",\"url\":\"https:\/\/www.m-q.ch\/eigene-altersvorsorge-fehlendes-wissen-erschwert-mehr-selbstverantwortung\/\",\"name\":\"Eigene Altersvorsorge: Fehlendes Wissen erschwert mehr Selbstverantwortung - MQ Management und Qualit\u00e4t\",\"isPartOf\":{\"@id\":\"https:\/\/www.m-q.ch\/fr\/#website\"},\"primaryImageOfPage\":{\"@id\":\"https:\/\/www.m-q.ch\/eigene-altersvorsorge-fehlendes-wissen-erschwert-mehr-selbstverantwortung\/#primaryimage\"},\"image\":{\"@id\":\"https:\/\/www.m-q.ch\/eigene-altersvorsorge-fehlendes-wissen-erschwert-mehr-selbstverantwortung\/#primaryimage\"},\"thumbnailUrl\":\"https:\/\/www.m-q.ch\/wp-content\/uploads\/2022\/09\/Eigene-Altersvorsorge-Fehlendes-Wissen-erschwert-mehr-Selbstverantwortung_MQ.jpg\",\"datePublished\":\"2022-09-08T07:02:07+00:00\",\"description\":\"Viele glauben nicht, im Alter gen\u00fcgend Geld aus der AHV und der 2. S\u00e4ule zu erhalten. Das Interesse an individueller Altersvorsorge steigt.\",\"breadcrumb\":{\"@id\":\"https:\/\/www.m-q.ch\/eigene-altersvorsorge-fehlendes-wissen-erschwert-mehr-selbstverantwortung\/#breadcrumb\"},\"inLanguage\":\"en-US\",\"potentialAction\":[{\"@type\":\"ReadAction\",\"target\":[\"https:\/\/www.m-q.ch\/eigene-altersvorsorge-fehlendes-wissen-erschwert-mehr-selbstverantwortung\/\"]}]},{\"@type\":\"ImageObject\",\"inLanguage\":\"en-US\",\"@id\":\"https:\/\/www.m-q.ch\/eigene-altersvorsorge-fehlendes-wissen-erschwert-mehr-selbstverantwortung\/#primaryimage\",\"url\":\"https:\/\/www.m-q.ch\/wp-content\/uploads\/2022\/09\/Eigene-Altersvorsorge-Fehlendes-Wissen-erschwert-mehr-Selbstverantwortung_MQ.jpg\",\"contentUrl\":\"https:\/\/www.m-q.ch\/wp-content\/uploads\/2022\/09\/Eigene-Altersvorsorge-Fehlendes-Wissen-erschwert-mehr-Selbstverantwortung_MQ.jpg\",\"width\":680,\"height\":453,\"caption\":\"Eine Mehrheit der Schweizer Bev\u00f6lkerung glaubt nicht, im Alter gen\u00fcgend Geld aus der AHV und der 2. S\u00e4ule zu erhalten. Alternativen f\u00fcr die Altersvorsorge stossen auf Interesse. Oft fehlt aber das dazu notwendige Wissen. (Bild: Pixabay.com)\"},{\"@type\":\"BreadcrumbList\",\"@id\":\"https:\/\/www.m-q.ch\/eigene-altersvorsorge-fehlendes-wissen-erschwert-mehr-selbstverantwortung\/#breadcrumb\",\"itemListElement\":[{\"@type\":\"ListItem\",\"position\":1,\"name\":\"Business Excellence\",\"item\":\"https:\/\/www.m-q.ch\/kategorie\/business_excellence\/\"},{\"@type\":\"ListItem\",\"position\":2,\"name\":\"Eigene Altersvorsorge: Fehlendes Wissen erschwert mehr Selbstverantwortung\"}]},{\"@type\":\"WebSite\",\"@id\":\"https:\/\/www.m-q.ch\/fr\/#website\",\"url\":\"https:\/\/www.m-q.ch\/fr\/\",\"name\":\"MQ Management und Qualit\u00e4t\",\"description\":\"Plattform f\u00fcr integrierte Managementsysteme.\",\"publisher\":{\"@id\":\"https:\/\/www.m-q.ch\/fr\/#organization\"},\"potentialAction\":[{\"@type\":\"SearchAction\",\"target\":{\"@type\":\"EntryPoint\",\"urlTemplate\":\"https:\/\/www.m-q.ch\/fr\/?s={search_term_string}\"},\"query-input\":{\"@type\":\"PropertyValueSpecification\",\"valueRequired\":true,\"valueName\":\"search_term_string\"}}],\"inLanguage\":\"en-US\"},{\"@type\":\"Organization\",\"@id\":\"https:\/\/www.m-q.ch\/fr\/#organization\",\"name\":\"Galledia Fachmedien AG\",\"url\":\"https:\/\/www.m-q.ch\/fr\/\",\"logo\":{\"@type\":\"ImageObject\",\"inLanguage\":\"en-US\",\"@id\":\"https:\/\/www.m-q.ch\/fr\/#\/schema\/logo\/image\/\",\"url\":\"https:\/\/www.m-q.ch\/wp-content\/uploads\/2020\/12\/cropped-logo_small.png\",\"contentUrl\":\"https:\/\/www.m-q.ch\/wp-content\/uploads\/2020\/12\/cropped-logo_small.png\",\"width\":512,\"height\":512,\"caption\":\"Galledia Fachmedien AG\"},\"image\":{\"@id\":\"https:\/\/www.m-q.ch\/fr\/#\/schema\/logo\/image\/\"},\"sameAs\":[\"https:\/\/www.facebook.com\/ManagementUndQualitaet\",\"https:\/\/www.linkedin.com\/showcase\/17982321\/admin\/\"]},{\"@type\":\"Person\",\"@id\":\"https:\/\/www.m-q.ch\/fr\/#\/schema\/person\/a8711938b1cfb3f056dec70eaa0b42ab\",\"name\":\"Thomas Berner\",\"image\":{\"@type\":\"ImageObject\",\"inLanguage\":\"en-US\",\"@id\":\"https:\/\/www.m-q.ch\/fr\/#\/schema\/person\/image\/\",\"url\":\"https:\/\/secure.gravatar.com\/avatar\/faea7857408f70478f976d576da10f96?s=96&d=mm&r=g\",\"contentUrl\":\"https:\/\/secure.gravatar.com\/avatar\/faea7857408f70478f976d576da10f96?s=96&d=mm&r=g\",\"caption\":\"Thomas Berner\"},\"url\":\"https:\/\/www.m-q.ch\/en\/author\/thomas-berner\/\"}]}<\/script>\n<!-- \/ Yoast SEO plugin. -->","yoast_head_json":{"title":"Own pension provision: Lack of knowledge hinders more self-responsibility - MQ Management und Qualit\u00e4t","description":"Many people do not believe they will receive enough money from the AHV and 2nd pillar in old age. Interest in individual retirement planning is growing.","robots":{"index":"index","follow":"follow","max-snippet":"max-snippet:-1","max-image-preview":"max-image-preview:large","max-video-preview":"max-video-preview:-1"},"canonical":"https:\/\/www.m-q.ch\/en\/own-pension-provision-lack-of-knowledge-makes-more-personal-responsibility-difficult\/","og_locale":"en_US","og_type":"article","og_title":"Eigene Altersvorsorge: Fehlendes Wissen erschwert mehr Selbstverantwortung","og_description":"Viele glauben nicht, im Alter gen\u00fcgend Geld aus der AHV und der 2. S\u00e4ule zu erhalten. Das Interesse an individueller Altersvorsorge steigt.","og_url":"https:\/\/www.m-q.ch\/en\/own-pension-provision-lack-of-knowledge-makes-more-personal-responsibility-difficult\/","og_site_name":"MQ Management und Qualit\u00e4t","article_publisher":"https:\/\/www.facebook.com\/ManagementUndQualitaet","article_published_time":"2022-09-08T07:02:07+00:00","og_image":[{"width":680,"height":453,"url":"https:\/\/www.m-q.ch\/wp-content\/uploads\/2022\/09\/Eigene-Altersvorsorge-Fehlendes-Wissen-erschwert-mehr-Selbstverantwortung_MQ.jpg","type":"image\/jpeg"}],"author":"Thomas Berner","twitter_card":"summary_large_image","twitter_title":"Eigene #Altersvorsorge: Fehlendes Wissen erschwert mehr #Selbstverantwortung","twitter_description":"Viele glauben nicht, im Alter gen\u00fcgend Geld aus der #AHV und der 2. S\u00e4ule zu erhalten. Das Interesse an individueller #Altersvorsorge steigt.","twitter_image":"https:\/\/www.m-q.ch\/wp-content\/uploads\/2022\/09\/Eigene-Altersvorsorge-Fehlendes-Wissen-erschwert-mehr-Selbstverantwortung_MQ.jpg","twitter_misc":{"Written by":"Thomas Berner","Est. reading time":"4 minutes"},"schema":{"@context":"https:\/\/schema.org","@graph":[{"@type":"Article","@id":"https:\/\/www.m-q.ch\/eigene-altersvorsorge-fehlendes-wissen-erschwert-mehr-selbstverantwortung\/#article","isPartOf":{"@id":"https:\/\/www.m-q.ch\/eigene-altersvorsorge-fehlendes-wissen-erschwert-mehr-selbstverantwortung\/"},"author":{"name":"Thomas Berner","@id":"https:\/\/www.m-q.ch\/fr\/#\/schema\/person\/a8711938b1cfb3f056dec70eaa0b42ab"},"headline":"Eigene Altersvorsorge: Fehlendes Wissen erschwert mehr Selbstverantwortung","datePublished":"2022-09-08T07:02:07+00:00","mainEntityOfPage":{"@id":"https:\/\/www.m-q.ch\/eigene-altersvorsorge-fehlendes-wissen-erschwert-mehr-selbstverantwortung\/"},"wordCount":761,"publisher":{"@id":"https:\/\/www.m-q.ch\/fr\/#organization"},"image":{"@id":"https:\/\/www.m-q.ch\/eigene-altersvorsorge-fehlendes-wissen-erschwert-mehr-selbstverantwortung\/#primaryimage"},"thumbnailUrl":"https:\/\/www.m-q.ch\/wp-content\/uploads\/2022\/09\/Eigene-Altersvorsorge-Fehlendes-Wissen-erschwert-mehr-Selbstverantwortung_MQ.jpg","keywords":["Altersvorsorge","Management und Unternehmensf\u00fchrung","Studie"],"articleSection":["Business Excellence"],"inLanguage":"en-US"},{"@type":"WebPage","@id":"https:\/\/www.m-q.ch\/eigene-altersvorsorge-fehlendes-wissen-erschwert-mehr-selbstverantwortung\/","url":"https:\/\/www.m-q.ch\/eigene-altersvorsorge-fehlendes-wissen-erschwert-mehr-selbstverantwortung\/","name":"Own pension provision: Lack of knowledge hinders more self-responsibility - MQ Management und Qualit\u00e4t","isPartOf":{"@id":"https:\/\/www.m-q.ch\/fr\/#website"},"primaryImageOfPage":{"@id":"https:\/\/www.m-q.ch\/eigene-altersvorsorge-fehlendes-wissen-erschwert-mehr-selbstverantwortung\/#primaryimage"},"image":{"@id":"https:\/\/www.m-q.ch\/eigene-altersvorsorge-fehlendes-wissen-erschwert-mehr-selbstverantwortung\/#primaryimage"},"thumbnailUrl":"https:\/\/www.m-q.ch\/wp-content\/uploads\/2022\/09\/Eigene-Altersvorsorge-Fehlendes-Wissen-erschwert-mehr-Selbstverantwortung_MQ.jpg","datePublished":"2022-09-08T07:02:07+00:00","description":"Many people do not believe they will receive enough money from the AHV and 2nd pillar in old age. Interest in individual retirement planning is growing.","breadcrumb":{"@id":"https:\/\/www.m-q.ch\/eigene-altersvorsorge-fehlendes-wissen-erschwert-mehr-selbstverantwortung\/#breadcrumb"},"inLanguage":"en-US","potentialAction":[{"@type":"ReadAction","target":["https:\/\/www.m-q.ch\/eigene-altersvorsorge-fehlendes-wissen-erschwert-mehr-selbstverantwortung\/"]}]},{"@type":"ImageObject","inLanguage":"en-US","@id":"https:\/\/www.m-q.ch\/eigene-altersvorsorge-fehlendes-wissen-erschwert-mehr-selbstverantwortung\/#primaryimage","url":"https:\/\/www.m-q.ch\/wp-content\/uploads\/2022\/09\/Eigene-Altersvorsorge-Fehlendes-Wissen-erschwert-mehr-Selbstverantwortung_MQ.jpg","contentUrl":"https:\/\/www.m-q.ch\/wp-content\/uploads\/2022\/09\/Eigene-Altersvorsorge-Fehlendes-Wissen-erschwert-mehr-Selbstverantwortung_MQ.jpg","width":680,"height":453,"caption":"Eine Mehrheit der Schweizer Bev\u00f6lkerung glaubt nicht, im Alter gen\u00fcgend Geld aus der AHV und der 2. S\u00e4ule zu erhalten. Alternativen f\u00fcr die Altersvorsorge stossen auf Interesse. Oft fehlt aber das dazu notwendige Wissen. (Bild: Pixabay.com)"},{"@type":"BreadcrumbList","@id":"https:\/\/www.m-q.ch\/eigene-altersvorsorge-fehlendes-wissen-erschwert-mehr-selbstverantwortung\/#breadcrumb","itemListElement":[{"@type":"ListItem","position":1,"name":"Business Excellence","item":"https:\/\/www.m-q.ch\/kategorie\/business_excellence\/"},{"@type":"ListItem","position":2,"name":"Eigene Altersvorsorge: Fehlendes Wissen erschwert mehr Selbstverantwortung"}]},{"@type":"WebSite","@id":"https:\/\/www.m-q.ch\/fr\/#website","url":"https:\/\/www.m-q.ch\/fr\/","name":"MQ Management and Quality","description":"Platform for integrated management systems.","publisher":{"@id":"https:\/\/www.m-q.ch\/fr\/#organization"},"potentialAction":[{"@type":"SearchAction","target":{"@type":"EntryPoint","urlTemplate":"https:\/\/www.m-q.ch\/fr\/?s={search_term_string}"},"query-input":{"@type":"PropertyValueSpecification","valueRequired":true,"valueName":"search_term_string"}}],"inLanguage":"en-US"},{"@type":"Organization","@id":"https:\/\/www.m-q.ch\/fr\/#organization","name":"Galledia Trade Media AG","url":"https:\/\/www.m-q.ch\/fr\/","logo":{"@type":"ImageObject","inLanguage":"en-US","@id":"https:\/\/www.m-q.ch\/fr\/#\/schema\/logo\/image\/","url":"https:\/\/www.m-q.ch\/wp-content\/uploads\/2020\/12\/cropped-logo_small.png","contentUrl":"https:\/\/www.m-q.ch\/wp-content\/uploads\/2020\/12\/cropped-logo_small.png","width":512,"height":512,"caption":"Galledia Fachmedien AG"},"image":{"@id":"https:\/\/www.m-q.ch\/fr\/#\/schema\/logo\/image\/"},"sameAs":["https:\/\/www.facebook.com\/ManagementUndQualitaet","https:\/\/www.linkedin.com\/showcase\/17982321\/admin\/"]},{"@type":"Person","@id":"https:\/\/www.m-q.ch\/fr\/#\/schema\/person\/a8711938b1cfb3f056dec70eaa0b42ab","name":"Thomas Bernard","image":{"@type":"ImageObject","inLanguage":"en-US","@id":"https:\/\/www.m-q.ch\/fr\/#\/schema\/person\/image\/","url":"https:\/\/secure.gravatar.com\/avatar\/faea7857408f70478f976d576da10f96?s=96&d=mm&r=g","contentUrl":"https:\/\/secure.gravatar.com\/avatar\/faea7857408f70478f976d576da10f96?s=96&d=mm&r=g","caption":"Thomas Berner"},"url":"https:\/\/www.m-q.ch\/en\/author\/thomas-berner\/"}]}},"_links":{"self":[{"href":"https:\/\/www.m-q.ch\/en\/wp-json\/wp\/v2\/posts\/16871","targetHints":{"allow":["GET"]}}],"collection":[{"href":"https:\/\/www.m-q.ch\/en\/wp-json\/wp\/v2\/posts"}],"about":[{"href":"https:\/\/www.m-q.ch\/en\/wp-json\/wp\/v2\/types\/post"}],"author":[{"embeddable":true,"href":"https:\/\/www.m-q.ch\/en\/wp-json\/wp\/v2\/users\/10"}],"replies":[{"embeddable":true,"href":"https:\/\/www.m-q.ch\/en\/wp-json\/wp\/v2\/comments?post=16871"}],"version-history":[{"count":1,"href":"https:\/\/www.m-q.ch\/en\/wp-json\/wp\/v2\/posts\/16871\/revisions"}],"predecessor-version":[{"id":16874,"href":"https:\/\/www.m-q.ch\/en\/wp-json\/wp\/v2\/posts\/16871\/revisions\/16874"}],"wp:featuredmedia":[{"embeddable":true,"href":"https:\/\/www.m-q.ch\/en\/wp-json\/wp\/v2\/media\/16872"}],"wp:attachment":[{"href":"https:\/\/www.m-q.ch\/en\/wp-json\/wp\/v2\/media?parent=16871"}],"wp:term":[{"taxonomy":"category","embeddable":true,"href":"https:\/\/www.m-q.ch\/en\/wp-json\/wp\/v2\/categories?post=16871"},{"taxonomy":"post_tag","embeddable":true,"href":"https:\/\/www.m-q.ch\/en\/wp-json\/wp\/v2\/tags?post=16871"}],"curies":[{"name":"wp","href":"https:\/\/api.w.org\/{rel}","templated":true}]}}