{"id":16883,"date":"2022-09-13T09:31:59","date_gmt":"2022-09-13T07:31:59","guid":{"rendered":"https:\/\/www.m-q.ch\/?p=16883"},"modified":"2022-09-13T09:31:59","modified_gmt":"2022-09-13T07:31:59","slug":"swiss-digital-initiative-sdi-with-new-management","status":"publish","type":"post","link":"https:\/\/www.m-q.ch\/en\/swiss-digital-initiative-sdi-mit-neuer-geschaeftsfuehrung\/","title":{"rendered":"Swiss Digital Initiative (SDI) with new management team"},"content":{"rendered":"<figure id=\"attachment_16884\" aria-describedby=\"caption-attachment-16884\" style=\"width: 680px\" class=\"wp-caption alignnone\"><img loading=\"lazy\" decoding=\"async\" class=\"size-full wp-image-16884\" src=\"https:\/\/www.m-q.ch\/wp-content\/uploads\/2022\/09\/Swiss-Digital-Initiative-SDI-mit-neuer-Geschaeftsfuehrung_MQ.jpg\" alt=\"\" width=\"680\" height=\"386\" srcset=\"https:\/\/www.m-q.ch\/wp-content\/uploads\/2022\/09\/Swiss-Digital-Initiative-SDI-mit-neuer-Geschaeftsfuehrung_MQ.jpg 680w, https:\/\/www.m-q.ch\/wp-content\/uploads\/2022\/09\/Swiss-Digital-Initiative-SDI-mit-neuer-Geschaeftsfuehrung_MQ-18x10.jpg 18w, https:\/\/www.m-q.ch\/wp-content\/uploads\/2022\/09\/Swiss-Digital-Initiative-SDI-mit-neuer-Geschaeftsfuehrung_MQ-308x175.jpg 308w, https:\/\/www.m-q.ch\/wp-content\/uploads\/2022\/09\/Swiss-Digital-Initiative-SDI-mit-neuer-Geschaeftsfuehrung_MQ-617x350.jpg 617w, https:\/\/www.m-q.ch\/wp-content\/uploads\/2022\/09\/Swiss-Digital-Initiative-SDI-mit-neuer-Geschaeftsfuehrung_MQ-300x170.jpg 300w\" sizes=\"auto, (max-width: 680px) 100vw, 680px\" \/><figcaption id=\"caption-attachment-16884\" class=\"wp-caption-text\">Niniane Paeffgen is leaving, Fathi Derder is coming: the Swiss Digital Initiative (SDI) is getting a new managing director. (Images: Swiss Digital Initiative)<\/figcaption><\/figure>\n<p>The Swiss Digital Initiative (SDI) is an independent, non-profit foundation based in Geneva, founded in 2020 by digitalswitzerland and under the patronage of Federal Councilor Ueli Maurer. The initiative was created in 2019 as a result of the first \"Swiss Global Digital Summit\" on ethics and fairness in the digital age. The SDI pursues concrete projects with the aim of securing ethical standards and promoting responsible conduct in the digital world. It brings together science, politics, civil society and business to find solutions that strengthen trust in digital technologies and the actors of digital transformation.<\/p>\n<h3>Digital Trust Label\" lighthouse project<\/h3>\n<p>The Swiss Digital Initiative has so far been managed by Niniane Paeffgen. After three years since its founding, a period of development and leadership, the current managing director will leave the foundation as of November 2022. She will take some time off to devote herself to new tasks afterwards. The highlight of her tenure was the launch of the world's first digital responsibility label, the \"<a href=\"https:\/\/www.m-q.ch\/en\/the-swiss-digital-initiative-unveils-the-digital-trust-label\/\">Digital Trust Label<\/a>\". The aim of this lighthouse project is to create awareness for the handling of digital data, privacy and artificial intelligence and to carry this out from Geneva into the world. With the project \"Ethics of Artificial Intelligence\" and \"Corporate Digital Responsibility in Practice\", other concrete projects have been developed and implemented with renowned partners such as HEAD Gen\u00e8ve and IMD Lausanne. Doris Leuthard, President of the Swiss Digital Initiative and former Federal Councillor: \"We sincerely thank Niniane for her tireless commitment and work for the Foundation, but also for the positioning of Switzerland and Geneva in the fields of digital ethics and trust. Thanks to her commitment, the Foundation is well positioned for the future.\"<\/p>\n<h3>Swiss Digital Initiative enters a new phase<\/h3>\n<p>Fathi Derder will drive the international positioning of the SDI and the label, according to the foundation. With the operationalization and the awarding of the label to the first twenty digital trust pioneers, the SDI is entering a new phase, it continues. A strong focus is now on the further development and international scaling of the Digital Trust Label. A committee of experts was recently recruited in an open application process. Under its leadership, the label is to become an internationally recognized standard for trustworthy digital applications.<\/p>\n<p>Fathi Derder brings expertise from the intersection of politics, business and society. As a journalist, former member of the National Council, managing director and co-founder of the Swiss Food &amp; Nutrition Valley, he possesses \"the political sensitivity, the necessary experience and motivation to write the next chapter of the Swiss Digital<br \/>\ninitiative,\" the foundation says. SDI President Doris Leuthard: \"We are proud that with Fathi Derder we were able to win such a high-caliber, as well as competent and committed personality. This confirms the high status that the SDI has achieved after only a few years.\"<\/p>\n<p><em>Source: <a href=\"https:\/\/www.swiss-digital-initiative.org\/\">https:\/\/www.swiss-digital-initiative.org\/<\/a><\/em><\/p>","protected":false},"excerpt":{"rendered":"<p>Die Swiss Digital Initiative (SDI) ist eine unabh\u00e4ngige, nicht gewinnorientierte Stiftung mit Sitz in Genf, die 2020 von digitalswitzerland gegr\u00fcndet wurde und unter dem Patronat von Bundesrat Ueli Maurer steht. Entstanden ist die Initiative im Jahr 2019 als Ergebnis aus dem ersten \u00abSwiss Global Digital Summit\u00bb zu Ethik und Fairness im digitalen Zeitalter. Die SDI [&hellip;]<\/p>\n","protected":false},"author":10,"featured_media":16884,"comment_status":"closed","ping_status":"closed","sticky":false,"template":"","format":"standard","meta":{"_acf_changed":false,"footnotes":""},"categories":[5],"tags":[5220,3372,3335,3359],"class_list":["post-16883","post","type-post","status-publish","format-standard","has-post-thumbnail","hentry","category-business_excellence","tag-digitale-ethik","tag-digitalisierung","tag-personalia","tag-vereineverbaendeinstitutionen"],"acf":[],"yoast_head":"<!-- This site is optimized with the Yoast SEO plugin v26.2 - https:\/\/yoast.com\/wordpress\/plugins\/seo\/ -->\n<title>Swiss Digital Initiative (SDI) mit neuer Gesch\u00e4ftsf\u00fchrung - MQ Management und Qualit\u00e4t<\/title>\n<meta name=\"description\" content=\"Gesch\u00e4ftsf\u00fchrerin Niniane Paeffgen verl\u00e4sst die Stiftung Swiss Digital Initiative per November 2022 . Ihr Nachfolger wird Fathi Derder.\" \/>\n<meta name=\"robots\" content=\"index, follow, max-snippet:-1, max-image-preview:large, max-video-preview:-1\" \/>\n<link rel=\"canonical\" href=\"https:\/\/www.m-q.ch\/en\/swiss-digital-initiative-sdi-with-new-management\/\" \/>\n<meta property=\"og:locale\" content=\"en_US\" \/>\n<meta property=\"og:type\" content=\"article\" \/>\n<meta property=\"og:title\" content=\"Swiss Digital Initiative (SDI) mit neuer Gesch\u00e4ftsf\u00fchrung\" \/>\n<meta property=\"og:description\" content=\"Gesch\u00e4ftsf\u00fchrerin Niniane Paeffgen verl\u00e4sst die Stiftung Swiss Digital Initiative per November 2022 . Ihr Nachfolger wird Fathi Derder.\" \/>\n<meta property=\"og:url\" content=\"https:\/\/www.m-q.ch\/en\/swiss-digital-initiative-sdi-with-new-management\/\" \/>\n<meta property=\"og:site_name\" content=\"MQ Management und Qualit\u00e4t\" \/>\n<meta property=\"article:publisher\" content=\"https:\/\/www.facebook.com\/ManagementUndQualitaet\" \/>\n<meta property=\"article:published_time\" content=\"2022-09-13T07:31:59+00:00\" \/>\n<meta property=\"og:image\" content=\"https:\/\/www.m-q.ch\/wp-content\/uploads\/2022\/09\/Swiss-Digital-Initiative-SDI-mit-neuer-Geschaeftsfuehrung_MQ.jpg\" \/>\n\t<meta property=\"og:image:width\" content=\"680\" \/>\n\t<meta property=\"og:image:height\" content=\"386\" \/>\n\t<meta property=\"og:image:type\" content=\"image\/jpeg\" \/>\n<meta name=\"author\" content=\"Thomas Berner\" \/>\n<meta name=\"twitter:card\" content=\"summary_large_image\" \/>\n<meta name=\"twitter:title\" content=\"Swiss Digital Initiative (#SDI) mit neuer #Gesch\u00e4ftsf\u00fchrung\" \/>\n<meta name=\"twitter:description\" content=\"#Gesch\u00e4ftsf\u00fchrerin Niniane #Paeffgen verl\u00e4sst die Stiftung Swiss Digital Initiative #SDI per November 2022 . Ihr Nachfolger wird Fathi #Derder.\" \/>\n<meta name=\"twitter:image\" content=\"https:\/\/www.m-q.ch\/wp-content\/uploads\/2022\/09\/Swiss-Digital-Initiative-SDI-mit-neuer-Geschaeftsfuehrung_MQ.jpg\" \/>\n<meta name=\"twitter:label1\" content=\"Written by\" \/>\n\t<meta name=\"twitter:data1\" content=\"Thomas Berner\" \/>\n\t<meta name=\"twitter:label2\" content=\"Est. reading time\" \/>\n\t<meta name=\"twitter:data2\" content=\"3 minutes\" \/>\n<script type=\"application\/ld+json\" class=\"yoast-schema-graph\">{\"@context\":\"https:\/\/schema.org\",\"@graph\":[{\"@type\":\"Article\",\"@id\":\"https:\/\/www.m-q.ch\/swiss-digital-initiative-sdi-mit-neuer-geschaeftsfuehrung\/#article\",\"isPartOf\":{\"@id\":\"https:\/\/www.m-q.ch\/swiss-digital-initiative-sdi-mit-neuer-geschaeftsfuehrung\/\"},\"author\":{\"name\":\"Thomas Berner\",\"@id\":\"https:\/\/www.m-q.ch\/fr\/#\/schema\/person\/a8711938b1cfb3f056dec70eaa0b42ab\"},\"headline\":\"Swiss Digital Initiative (SDI) mit neuer Gesch\u00e4ftsf\u00fchrung\",\"datePublished\":\"2022-09-13T07:31:59+00:00\",\"mainEntityOfPage\":{\"@id\":\"https:\/\/www.m-q.ch\/swiss-digital-initiative-sdi-mit-neuer-geschaeftsfuehrung\/\"},\"wordCount\":534,\"publisher\":{\"@id\":\"https:\/\/www.m-q.ch\/fr\/#organization\"},\"image\":{\"@id\":\"https:\/\/www.m-q.ch\/swiss-digital-initiative-sdi-mit-neuer-geschaeftsfuehrung\/#primaryimage\"},\"thumbnailUrl\":\"https:\/\/www.m-q.ch\/wp-content\/uploads\/2022\/09\/Swiss-Digital-Initiative-SDI-mit-neuer-Geschaeftsfuehrung_MQ.jpg\",\"keywords\":[\"Digitale Ethik\",\"Digitalisierung\",\"Personalia\",\"Vereine\/Verb\u00e4nde\/Institutionen\"],\"articleSection\":[\"Business Excellence\"],\"inLanguage\":\"en-US\"},{\"@type\":\"WebPage\",\"@id\":\"https:\/\/www.m-q.ch\/swiss-digital-initiative-sdi-mit-neuer-geschaeftsfuehrung\/\",\"url\":\"https:\/\/www.m-q.ch\/swiss-digital-initiative-sdi-mit-neuer-geschaeftsfuehrung\/\",\"name\":\"Swiss Digital Initiative (SDI) mit neuer Gesch\u00e4ftsf\u00fchrung - MQ Management und Qualit\u00e4t\",\"isPartOf\":{\"@id\":\"https:\/\/www.m-q.ch\/fr\/#website\"},\"primaryImageOfPage\":{\"@id\":\"https:\/\/www.m-q.ch\/swiss-digital-initiative-sdi-mit-neuer-geschaeftsfuehrung\/#primaryimage\"},\"image\":{\"@id\":\"https:\/\/www.m-q.ch\/swiss-digital-initiative-sdi-mit-neuer-geschaeftsfuehrung\/#primaryimage\"},\"thumbnailUrl\":\"https:\/\/www.m-q.ch\/wp-content\/uploads\/2022\/09\/Swiss-Digital-Initiative-SDI-mit-neuer-Geschaeftsfuehrung_MQ.jpg\",\"datePublished\":\"2022-09-13T07:31:59+00:00\",\"description\":\"Gesch\u00e4ftsf\u00fchrerin Niniane Paeffgen verl\u00e4sst die Stiftung Swiss Digital Initiative per November 2022 . Ihr Nachfolger wird Fathi Derder.\",\"breadcrumb\":{\"@id\":\"https:\/\/www.m-q.ch\/swiss-digital-initiative-sdi-mit-neuer-geschaeftsfuehrung\/#breadcrumb\"},\"inLanguage\":\"en-US\",\"potentialAction\":[{\"@type\":\"ReadAction\",\"target\":[\"https:\/\/www.m-q.ch\/swiss-digital-initiative-sdi-mit-neuer-geschaeftsfuehrung\/\"]}]},{\"@type\":\"ImageObject\",\"inLanguage\":\"en-US\",\"@id\":\"https:\/\/www.m-q.ch\/swiss-digital-initiative-sdi-mit-neuer-geschaeftsfuehrung\/#primaryimage\",\"url\":\"https:\/\/www.m-q.ch\/wp-content\/uploads\/2022\/09\/Swiss-Digital-Initiative-SDI-mit-neuer-Geschaeftsfuehrung_MQ.jpg\",\"contentUrl\":\"https:\/\/www.m-q.ch\/wp-content\/uploads\/2022\/09\/Swiss-Digital-Initiative-SDI-mit-neuer-Geschaeftsfuehrung_MQ.jpg\",\"width\":680,\"height\":386,\"caption\":\"Niniane Paeffgen geht, Fathi Derder kommt: Die Swiss Digital Initiative (SDI) erh\u00e4lt einen neuen Gesch\u00e4ftsf\u00fchrer. (Bilder: Swiss Digital Initiative)\"},{\"@type\":\"BreadcrumbList\",\"@id\":\"https:\/\/www.m-q.ch\/swiss-digital-initiative-sdi-mit-neuer-geschaeftsfuehrung\/#breadcrumb\",\"itemListElement\":[{\"@type\":\"ListItem\",\"position\":1,\"name\":\"Business Excellence\",\"item\":\"https:\/\/www.m-q.ch\/kategorie\/business_excellence\/\"},{\"@type\":\"ListItem\",\"position\":2,\"name\":\"Swiss Digital Initiative (SDI) mit neuer Gesch\u00e4ftsf\u00fchrung\"}]},{\"@type\":\"WebSite\",\"@id\":\"https:\/\/www.m-q.ch\/fr\/#website\",\"url\":\"https:\/\/www.m-q.ch\/fr\/\",\"name\":\"MQ Management und Qualit\u00e4t\",\"description\":\"Plattform f\u00fcr integrierte Managementsysteme.\",\"publisher\":{\"@id\":\"https:\/\/www.m-q.ch\/fr\/#organization\"},\"potentialAction\":[{\"@type\":\"SearchAction\",\"target\":{\"@type\":\"EntryPoint\",\"urlTemplate\":\"https:\/\/www.m-q.ch\/fr\/?s={search_term_string}\"},\"query-input\":{\"@type\":\"PropertyValueSpecification\",\"valueRequired\":true,\"valueName\":\"search_term_string\"}}],\"inLanguage\":\"en-US\"},{\"@type\":\"Organization\",\"@id\":\"https:\/\/www.m-q.ch\/fr\/#organization\",\"name\":\"Galledia Fachmedien AG\",\"url\":\"https:\/\/www.m-q.ch\/fr\/\",\"logo\":{\"@type\":\"ImageObject\",\"inLanguage\":\"en-US\",\"@id\":\"https:\/\/www.m-q.ch\/fr\/#\/schema\/logo\/image\/\",\"url\":\"https:\/\/www.m-q.ch\/wp-content\/uploads\/2020\/12\/cropped-logo_small.png\",\"contentUrl\":\"https:\/\/www.m-q.ch\/wp-content\/uploads\/2020\/12\/cropped-logo_small.png\",\"width\":512,\"height\":512,\"caption\":\"Galledia Fachmedien AG\"},\"image\":{\"@id\":\"https:\/\/www.m-q.ch\/fr\/#\/schema\/logo\/image\/\"},\"sameAs\":[\"https:\/\/www.facebook.com\/ManagementUndQualitaet\",\"https:\/\/www.linkedin.com\/showcase\/17982321\/admin\/\"]},{\"@type\":\"Person\",\"@id\":\"https:\/\/www.m-q.ch\/fr\/#\/schema\/person\/a8711938b1cfb3f056dec70eaa0b42ab\",\"name\":\"Thomas Berner\",\"image\":{\"@type\":\"ImageObject\",\"inLanguage\":\"en-US\",\"@id\":\"https:\/\/www.m-q.ch\/fr\/#\/schema\/person\/image\/\",\"url\":\"https:\/\/secure.gravatar.com\/avatar\/faea7857408f70478f976d576da10f96?s=96&d=mm&r=g\",\"contentUrl\":\"https:\/\/secure.gravatar.com\/avatar\/faea7857408f70478f976d576da10f96?s=96&d=mm&r=g\",\"caption\":\"Thomas Berner\"},\"url\":\"https:\/\/www.m-q.ch\/en\/author\/thomas-berner\/\"}]}<\/script>\n<!-- \/ Yoast SEO plugin. -->","yoast_head_json":{"title":"Swiss Digital Initiative (SDI) with new management - MQ Management und Qualit\u00e4t","description":"Executive Director Niniane Paeffgen will leave the Swiss Digital Initiative Foundation as of November 2022 . Her successor will be Fathi Derder.","robots":{"index":"index","follow":"follow","max-snippet":"max-snippet:-1","max-image-preview":"max-image-preview:large","max-video-preview":"max-video-preview:-1"},"canonical":"https:\/\/www.m-q.ch\/en\/swiss-digital-initiative-sdi-with-new-management\/","og_locale":"en_US","og_type":"article","og_title":"Swiss Digital Initiative (SDI) mit neuer Gesch\u00e4ftsf\u00fchrung","og_description":"Gesch\u00e4ftsf\u00fchrerin Niniane Paeffgen verl\u00e4sst die Stiftung Swiss Digital Initiative per November 2022 . Ihr Nachfolger wird Fathi Derder.","og_url":"https:\/\/www.m-q.ch\/en\/swiss-digital-initiative-sdi-with-new-management\/","og_site_name":"MQ Management und Qualit\u00e4t","article_publisher":"https:\/\/www.facebook.com\/ManagementUndQualitaet","article_published_time":"2022-09-13T07:31:59+00:00","og_image":[{"width":680,"height":386,"url":"https:\/\/www.m-q.ch\/wp-content\/uploads\/2022\/09\/Swiss-Digital-Initiative-SDI-mit-neuer-Geschaeftsfuehrung_MQ.jpg","type":"image\/jpeg"}],"author":"Thomas Berner","twitter_card":"summary_large_image","twitter_title":"Swiss Digital Initiative (#SDI) mit neuer #Gesch\u00e4ftsf\u00fchrung","twitter_description":"#Gesch\u00e4ftsf\u00fchrerin Niniane #Paeffgen verl\u00e4sst die Stiftung Swiss Digital Initiative #SDI per November 2022 . Ihr Nachfolger wird Fathi #Derder.","twitter_image":"https:\/\/www.m-q.ch\/wp-content\/uploads\/2022\/09\/Swiss-Digital-Initiative-SDI-mit-neuer-Geschaeftsfuehrung_MQ.jpg","twitter_misc":{"Written by":"Thomas Berner","Est. reading time":"3 minutes"},"schema":{"@context":"https:\/\/schema.org","@graph":[{"@type":"Article","@id":"https:\/\/www.m-q.ch\/swiss-digital-initiative-sdi-mit-neuer-geschaeftsfuehrung\/#article","isPartOf":{"@id":"https:\/\/www.m-q.ch\/swiss-digital-initiative-sdi-mit-neuer-geschaeftsfuehrung\/"},"author":{"name":"Thomas Berner","@id":"https:\/\/www.m-q.ch\/fr\/#\/schema\/person\/a8711938b1cfb3f056dec70eaa0b42ab"},"headline":"Swiss Digital Initiative (SDI) mit neuer Gesch\u00e4ftsf\u00fchrung","datePublished":"2022-09-13T07:31:59+00:00","mainEntityOfPage":{"@id":"https:\/\/www.m-q.ch\/swiss-digital-initiative-sdi-mit-neuer-geschaeftsfuehrung\/"},"wordCount":534,"publisher":{"@id":"https:\/\/www.m-q.ch\/fr\/#organization"},"image":{"@id":"https:\/\/www.m-q.ch\/swiss-digital-initiative-sdi-mit-neuer-geschaeftsfuehrung\/#primaryimage"},"thumbnailUrl":"https:\/\/www.m-q.ch\/wp-content\/uploads\/2022\/09\/Swiss-Digital-Initiative-SDI-mit-neuer-Geschaeftsfuehrung_MQ.jpg","keywords":["Digitale Ethik","Digitalisierung","Personalia","Vereine\/Verb\u00e4nde\/Institutionen"],"articleSection":["Business Excellence"],"inLanguage":"en-US"},{"@type":"WebPage","@id":"https:\/\/www.m-q.ch\/swiss-digital-initiative-sdi-mit-neuer-geschaeftsfuehrung\/","url":"https:\/\/www.m-q.ch\/swiss-digital-initiative-sdi-mit-neuer-geschaeftsfuehrung\/","name":"Swiss Digital Initiative (SDI) with new management - MQ Management und Qualit\u00e4t","isPartOf":{"@id":"https:\/\/www.m-q.ch\/fr\/#website"},"primaryImageOfPage":{"@id":"https:\/\/www.m-q.ch\/swiss-digital-initiative-sdi-mit-neuer-geschaeftsfuehrung\/#primaryimage"},"image":{"@id":"https:\/\/www.m-q.ch\/swiss-digital-initiative-sdi-mit-neuer-geschaeftsfuehrung\/#primaryimage"},"thumbnailUrl":"https:\/\/www.m-q.ch\/wp-content\/uploads\/2022\/09\/Swiss-Digital-Initiative-SDI-mit-neuer-Geschaeftsfuehrung_MQ.jpg","datePublished":"2022-09-13T07:31:59+00:00","description":"Executive Director Niniane Paeffgen will leave the Swiss Digital Initiative Foundation as of November 2022 . Her successor will be Fathi Derder.","breadcrumb":{"@id":"https:\/\/www.m-q.ch\/swiss-digital-initiative-sdi-mit-neuer-geschaeftsfuehrung\/#breadcrumb"},"inLanguage":"en-US","potentialAction":[{"@type":"ReadAction","target":["https:\/\/www.m-q.ch\/swiss-digital-initiative-sdi-mit-neuer-geschaeftsfuehrung\/"]}]},{"@type":"ImageObject","inLanguage":"en-US","@id":"https:\/\/www.m-q.ch\/swiss-digital-initiative-sdi-mit-neuer-geschaeftsfuehrung\/#primaryimage","url":"https:\/\/www.m-q.ch\/wp-content\/uploads\/2022\/09\/Swiss-Digital-Initiative-SDI-mit-neuer-Geschaeftsfuehrung_MQ.jpg","contentUrl":"https:\/\/www.m-q.ch\/wp-content\/uploads\/2022\/09\/Swiss-Digital-Initiative-SDI-mit-neuer-Geschaeftsfuehrung_MQ.jpg","width":680,"height":386,"caption":"Niniane Paeffgen geht, Fathi Derder kommt: Die Swiss Digital Initiative (SDI) erh\u00e4lt einen neuen Gesch\u00e4ftsf\u00fchrer. (Bilder: Swiss Digital Initiative)"},{"@type":"BreadcrumbList","@id":"https:\/\/www.m-q.ch\/swiss-digital-initiative-sdi-mit-neuer-geschaeftsfuehrung\/#breadcrumb","itemListElement":[{"@type":"ListItem","position":1,"name":"Business Excellence","item":"https:\/\/www.m-q.ch\/kategorie\/business_excellence\/"},{"@type":"ListItem","position":2,"name":"Swiss Digital Initiative (SDI) mit neuer Gesch\u00e4ftsf\u00fchrung"}]},{"@type":"WebSite","@id":"https:\/\/www.m-q.ch\/fr\/#website","url":"https:\/\/www.m-q.ch\/fr\/","name":"MQ Management and Quality","description":"Platform for integrated management systems.","publisher":{"@id":"https:\/\/www.m-q.ch\/fr\/#organization"},"potentialAction":[{"@type":"SearchAction","target":{"@type":"EntryPoint","urlTemplate":"https:\/\/www.m-q.ch\/fr\/?s={search_term_string}"},"query-input":{"@type":"PropertyValueSpecification","valueRequired":true,"valueName":"search_term_string"}}],"inLanguage":"en-US"},{"@type":"Organization","@id":"https:\/\/www.m-q.ch\/fr\/#organization","name":"Galledia Trade Media AG","url":"https:\/\/www.m-q.ch\/fr\/","logo":{"@type":"ImageObject","inLanguage":"en-US","@id":"https:\/\/www.m-q.ch\/fr\/#\/schema\/logo\/image\/","url":"https:\/\/www.m-q.ch\/wp-content\/uploads\/2020\/12\/cropped-logo_small.png","contentUrl":"https:\/\/www.m-q.ch\/wp-content\/uploads\/2020\/12\/cropped-logo_small.png","width":512,"height":512,"caption":"Galledia Fachmedien AG"},"image":{"@id":"https:\/\/www.m-q.ch\/fr\/#\/schema\/logo\/image\/"},"sameAs":["https:\/\/www.facebook.com\/ManagementUndQualitaet","https:\/\/www.linkedin.com\/showcase\/17982321\/admin\/"]},{"@type":"Person","@id":"https:\/\/www.m-q.ch\/fr\/#\/schema\/person\/a8711938b1cfb3f056dec70eaa0b42ab","name":"Thomas Bernard","image":{"@type":"ImageObject","inLanguage":"en-US","@id":"https:\/\/www.m-q.ch\/fr\/#\/schema\/person\/image\/","url":"https:\/\/secure.gravatar.com\/avatar\/faea7857408f70478f976d576da10f96?s=96&d=mm&r=g","contentUrl":"https:\/\/secure.gravatar.com\/avatar\/faea7857408f70478f976d576da10f96?s=96&d=mm&r=g","caption":"Thomas Berner"},"url":"https:\/\/www.m-q.ch\/en\/author\/thomas-berner\/"}]}},"_links":{"self":[{"href":"https:\/\/www.m-q.ch\/en\/wp-json\/wp\/v2\/posts\/16883","targetHints":{"allow":["GET"]}}],"collection":[{"href":"https:\/\/www.m-q.ch\/en\/wp-json\/wp\/v2\/posts"}],"about":[{"href":"https:\/\/www.m-q.ch\/en\/wp-json\/wp\/v2\/types\/post"}],"author":[{"embeddable":true,"href":"https:\/\/www.m-q.ch\/en\/wp-json\/wp\/v2\/users\/10"}],"replies":[{"embeddable":true,"href":"https:\/\/www.m-q.ch\/en\/wp-json\/wp\/v2\/comments?post=16883"}],"version-history":[{"count":1,"href":"https:\/\/www.m-q.ch\/en\/wp-json\/wp\/v2\/posts\/16883\/revisions"}],"predecessor-version":[{"id":16885,"href":"https:\/\/www.m-q.ch\/en\/wp-json\/wp\/v2\/posts\/16883\/revisions\/16885"}],"wp:featuredmedia":[{"embeddable":true,"href":"https:\/\/www.m-q.ch\/en\/wp-json\/wp\/v2\/media\/16884"}],"wp:attachment":[{"href":"https:\/\/www.m-q.ch\/en\/wp-json\/wp\/v2\/media?parent=16883"}],"wp:term":[{"taxonomy":"category","embeddable":true,"href":"https:\/\/www.m-q.ch\/en\/wp-json\/wp\/v2\/categories?post=16883"},{"taxonomy":"post_tag","embeddable":true,"href":"https:\/\/www.m-q.ch\/en\/wp-json\/wp\/v2\/tags?post=16883"}],"curies":[{"name":"wp","href":"https:\/\/api.w.org\/{rel}","templated":true}]}}