{"id":270,"date":"2015-12-18T16:38:12","date_gmt":"2015-12-18T15:38:12","guid":{"rendered":"http:\/\/dev.m-q.ch\/?p=270"},"modified":"2017-02-23T11:07:52","modified_gmt":"2017-02-23T10:07:52","slug":"fe-prorector-elected-for-the-ntb","status":"publish","type":"post","link":"https:\/\/www.m-q.ch\/en\/fe-prorektor-fuer-die-ntb-gewaehlt\/","title":{"rendered":"R&amp;D Prorector elected for NTB"},"content":{"rendered":"<figure id=\"attachment_116\" aria-describedby=\"caption-attachment-116\" style=\"width: 630px\" class=\"wp-caption alignnone\"><a href=\"https:\/\/m-q.ch\/wp-content\/uploads\/2016\/12\/FE-Prorektor-f\u00fcr-die-NTB-gew\u00e4hlt-management-und-qualitaet.jpg\"><img loading=\"lazy\" decoding=\"async\" class=\"wp-image-116 size-full\" src=\"https:\/\/www.m-q.ch\/wp-content\/uploads\/2016\/12\/FE-Prorektor-f\u00fcr-die-NTB-gew\u00e4hlt-management-und-qualitaet.jpg\" width=\"630\" height=\"470\" srcset=\"https:\/\/www.m-q.ch\/wp-content\/uploads\/2016\/12\/FE-Prorektor-f\u00fcr-die-NTB-gew\u00e4hlt-management-und-qualitaet.jpg 630w, https:\/\/www.m-q.ch\/wp-content\/uploads\/2016\/12\/FE-Prorektor-f\u00fcr-die-NTB-gew\u00e4hlt-management-und-qualitaet-16x12.jpg 16w, https:\/\/www.m-q.ch\/wp-content\/uploads\/2016\/12\/FE-Prorektor-f\u00fcr-die-NTB-gew\u00e4hlt-management-und-qualitaet-235x175.jpg 235w, https:\/\/www.m-q.ch\/wp-content\/uploads\/2016\/12\/FE-Prorektor-f\u00fcr-die-NTB-gew\u00e4hlt-management-und-qualitaet-469x350.jpg 469w, https:\/\/www.m-q.ch\/wp-content\/uploads\/2016\/12\/FE-Prorektor-f\u00fcr-die-NTB-gew\u00e4hlt-management-und-qualitaet-300x224.jpg 300w, https:\/\/www.m-q.ch\/wp-content\/uploads\/2016\/12\/FE-Prorektor-f\u00fcr-die-NTB-gew\u00e4hlt-management-und-qualitaet-624x466.jpg 624w\" sizes=\"auto, (max-width: 630px) 100vw, 630px\" \/><\/a><figcaption id=\"caption-attachment-116\" class=\"wp-caption-text\">Andreas Ettemeyer<\/figcaption><\/figure>\n<p>Since September 2015, Andreas Ettemeyer has been Prorector of NTB. Ettemeyer is responsible for the entire area of applied research and development. He is also deputy to the rector and a member of the five-member university management team. Until September, he was Head of Institute PWO. Andreas Ettemeyer will continue to work to ensure that NTB is the development partner for qualified engineers. Furthermore, Dr. Carsten Ziolek is the new lecturer for Photonics\/Technical Optics and successor for the institute management of PWO, Institute for Production Metrology, Materials and Optics. Dr. Ziolek will take up his position at NTB on November 1, 2015.<\/p>\n<p>For specific information, please visit pwo@ntb.ch<\/p>","protected":false},"excerpt":{"rendered":"<p>Seit September\u00a02015 ist Andreas Ettemeyer Prorektor der NTB. Ettemeyer\u00a0verantwortet den gesamten Bereich angewandte Forschung und Entwicklung. Dar\u00fcber hinaus ist er Stellvertreter des Rektors und Mitglied des f\u00fcnfk\u00f6pfigen Hochschulleitungsteams. Bis September war er Leiter Instituts PWO. Andreas Ettemeyer wird sich auch in Zukunft daf\u00fcr einsetzen, dass die NTB die Entwicklungspartnerin f\u00fcr qualifizierte Ingenieurinnen und Ingenieure bildet. [&hellip;]<\/p>\n","protected":false},"author":1,"featured_media":116,"comment_status":"open","ping_status":"open","sticky":false,"template":"","format":"standard","meta":{"_acf_changed":false,"footnotes":""},"categories":[1],"tags":[3335],"class_list":["post-270","post","type-post","status-publish","format-standard","has-post-thumbnail","hentry","category-unkategorisiert","tag-personalia"],"acf":[],"yoast_head":"<!-- This site is optimized with the Yoast SEO plugin v26.2 - https:\/\/yoast.com\/wordpress\/plugins\/seo\/ -->\n<title>F&amp;E Prorektor f\u00fcr die NTB gew\u00e4hlt - MQ Management und Qualit\u00e4t<\/title>\n<meta name=\"description\" content=\"Seit September 2015 ist Andreas Ettemeyer Prorektor der NTB. Ettemeyer verantwortet den gesamten Bereich angewandte Forschung und Entwicklung.\" \/>\n<meta name=\"robots\" content=\"index, follow, max-snippet:-1, max-image-preview:large, max-video-preview:-1\" \/>\n<link rel=\"canonical\" href=\"https:\/\/www.m-q.ch\/en\/fe-prorector-elected-for-the-ntb\/\" \/>\n<meta property=\"og:locale\" content=\"en_US\" \/>\n<meta property=\"og:type\" content=\"article\" \/>\n<meta property=\"og:title\" content=\"F&amp;E Prorektor f\u00fcr die NTB gew\u00e4hlt\" \/>\n<meta property=\"og:description\" content=\"Seit September 2015 ist Andreas Ettemeyer Prorektor der NTB. Ettemeyer verantwortet den gesamten Bereich angewandte Forschung und Entwicklung.\" \/>\n<meta property=\"og:url\" content=\"https:\/\/www.m-q.ch\/en\/fe-prorector-elected-for-the-ntb\/\" \/>\n<meta property=\"og:site_name\" content=\"MQ Management und Qualit\u00e4t\" \/>\n<meta property=\"article:publisher\" content=\"https:\/\/www.facebook.com\/ManagementUndQualitaet\" \/>\n<meta property=\"article:published_time\" content=\"2015-12-18T15:38:12+00:00\" \/>\n<meta property=\"article:modified_time\" content=\"2017-02-23T10:07:52+00:00\" \/>\n<meta property=\"og:image\" content=\"https:\/\/www.m-q.ch\/wp-content\/uploads\/2016\/12\/FE-Prorektor-f\u00fcr-die-NTB-gew\u00e4hlt-management-und-qualitaet.jpg\" \/>\n<meta name=\"author\" content=\"galledia\" \/>\n<meta name=\"twitter:card\" content=\"summary_large_image\" \/>\n<meta name=\"twitter:label1\" content=\"Written by\" \/>\n\t<meta name=\"twitter:data1\" content=\"galledia\" \/>\n\t<meta name=\"twitter:label2\" content=\"Est. reading time\" \/>\n\t<meta name=\"twitter:data2\" content=\"1 minute\" \/>\n<script type=\"application\/ld+json\" class=\"yoast-schema-graph\">{\"@context\":\"https:\/\/schema.org\",\"@graph\":[{\"@type\":\"Article\",\"@id\":\"https:\/\/www.m-q.ch\/de\/fe-prorektor-fuer-die-ntb-gewaehlt\/#article\",\"isPartOf\":{\"@id\":\"https:\/\/www.m-q.ch\/de\/fe-prorektor-fuer-die-ntb-gewaehlt\/\"},\"author\":{\"name\":\"galledia\",\"@id\":\"https:\/\/www.m-q.ch\/fr\/#\/schema\/person\/c0139a2c55a374db6df2cde78ec87148\"},\"headline\":\"F&#038;E Prorektor f\u00fcr die NTB gew\u00e4hlt\",\"datePublished\":\"2015-12-18T15:38:12+00:00\",\"dateModified\":\"2017-02-23T10:07:52+00:00\",\"mainEntityOfPage\":{\"@id\":\"https:\/\/www.m-q.ch\/de\/fe-prorektor-fuer-die-ntb-gewaehlt\/\"},\"wordCount\":126,\"commentCount\":0,\"publisher\":{\"@id\":\"https:\/\/www.m-q.ch\/fr\/#organization\"},\"image\":{\"@id\":\"https:\/\/www.m-q.ch\/de\/fe-prorektor-fuer-die-ntb-gewaehlt\/#primaryimage\"},\"thumbnailUrl\":\"https:\/\/www.m-q.ch\/wp-content\/uploads\/2016\/12\/FE-Prorektor-f\u00fcr-die-NTB-gew\u00e4hlt-management-und-qualitaet.jpg\",\"keywords\":[\"Personalia\"],\"articleSection\":[\"Unkategorisiert\"],\"inLanguage\":\"en-US\"},{\"@type\":\"WebPage\",\"@id\":\"https:\/\/www.m-q.ch\/de\/fe-prorektor-fuer-die-ntb-gewaehlt\/\",\"url\":\"https:\/\/www.m-q.ch\/de\/fe-prorektor-fuer-die-ntb-gewaehlt\/\",\"name\":\"F&E Prorektor f\u00fcr die NTB gew\u00e4hlt - MQ Management und Qualit\u00e4t\",\"isPartOf\":{\"@id\":\"https:\/\/www.m-q.ch\/fr\/#website\"},\"primaryImageOfPage\":{\"@id\":\"https:\/\/www.m-q.ch\/de\/fe-prorektor-fuer-die-ntb-gewaehlt\/#primaryimage\"},\"image\":{\"@id\":\"https:\/\/www.m-q.ch\/de\/fe-prorektor-fuer-die-ntb-gewaehlt\/#primaryimage\"},\"thumbnailUrl\":\"https:\/\/www.m-q.ch\/wp-content\/uploads\/2016\/12\/FE-Prorektor-f\u00fcr-die-NTB-gew\u00e4hlt-management-und-qualitaet.jpg\",\"datePublished\":\"2015-12-18T15:38:12+00:00\",\"dateModified\":\"2017-02-23T10:07:52+00:00\",\"description\":\"Seit September 2015 ist Andreas Ettemeyer Prorektor der NTB. Ettemeyer verantwortet den gesamten Bereich angewandte Forschung und Entwicklung.\",\"breadcrumb\":{\"@id\":\"https:\/\/www.m-q.ch\/de\/fe-prorektor-fuer-die-ntb-gewaehlt\/#breadcrumb\"},\"inLanguage\":\"en-US\",\"potentialAction\":[{\"@type\":\"ReadAction\",\"target\":[\"https:\/\/www.m-q.ch\/de\/fe-prorektor-fuer-die-ntb-gewaehlt\/\"]}]},{\"@type\":\"ImageObject\",\"inLanguage\":\"en-US\",\"@id\":\"https:\/\/www.m-q.ch\/de\/fe-prorektor-fuer-die-ntb-gewaehlt\/#primaryimage\",\"url\":\"https:\/\/www.m-q.ch\/wp-content\/uploads\/2016\/12\/FE-Prorektor-f\u00fcr-die-NTB-gew\u00e4hlt-management-und-qualitaet.jpg\",\"contentUrl\":\"https:\/\/www.m-q.ch\/wp-content\/uploads\/2016\/12\/FE-Prorektor-f\u00fcr-die-NTB-gew\u00e4hlt-management-und-qualitaet.jpg\",\"width\":630,\"height\":470,\"caption\":\"Andreas Ettemeyer\"},{\"@type\":\"BreadcrumbList\",\"@id\":\"https:\/\/www.m-q.ch\/de\/fe-prorektor-fuer-die-ntb-gewaehlt\/#breadcrumb\",\"itemListElement\":[{\"@type\":\"ListItem\",\"position\":1,\"name\":\"Unkategorisiert\",\"item\":\"https:\/\/www.m-q.ch\/it\/categoria\/senza-categoria\/\"},{\"@type\":\"ListItem\",\"position\":2,\"name\":\"F&#038;E Prorektor f\u00fcr die NTB gew\u00e4hlt\"}]},{\"@type\":\"WebSite\",\"@id\":\"https:\/\/www.m-q.ch\/fr\/#website\",\"url\":\"https:\/\/www.m-q.ch\/fr\/\",\"name\":\"MQ Management und Qualit\u00e4t\",\"description\":\"Plattform f\u00fcr integrierte Managementsysteme.\",\"publisher\":{\"@id\":\"https:\/\/www.m-q.ch\/fr\/#organization\"},\"potentialAction\":[{\"@type\":\"SearchAction\",\"target\":{\"@type\":\"EntryPoint\",\"urlTemplate\":\"https:\/\/www.m-q.ch\/fr\/?s={search_term_string}\"},\"query-input\":{\"@type\":\"PropertyValueSpecification\",\"valueRequired\":true,\"valueName\":\"search_term_string\"}}],\"inLanguage\":\"en-US\"},{\"@type\":\"Organization\",\"@id\":\"https:\/\/www.m-q.ch\/fr\/#organization\",\"name\":\"Galledia Fachmedien AG\",\"url\":\"https:\/\/www.m-q.ch\/fr\/\",\"logo\":{\"@type\":\"ImageObject\",\"inLanguage\":\"en-US\",\"@id\":\"https:\/\/www.m-q.ch\/fr\/#\/schema\/logo\/image\/\",\"url\":\"https:\/\/www.m-q.ch\/wp-content\/uploads\/2020\/12\/cropped-logo_small.png\",\"contentUrl\":\"https:\/\/www.m-q.ch\/wp-content\/uploads\/2020\/12\/cropped-logo_small.png\",\"width\":512,\"height\":512,\"caption\":\"Galledia Fachmedien AG\"},\"image\":{\"@id\":\"https:\/\/www.m-q.ch\/fr\/#\/schema\/logo\/image\/\"},\"sameAs\":[\"https:\/\/www.facebook.com\/ManagementUndQualitaet\",\"https:\/\/www.linkedin.com\/showcase\/17982321\/admin\/\"]},{\"@type\":\"Person\",\"@id\":\"https:\/\/www.m-q.ch\/fr\/#\/schema\/person\/c0139a2c55a374db6df2cde78ec87148\",\"name\":\"galledia\",\"image\":{\"@type\":\"ImageObject\",\"inLanguage\":\"en-US\",\"@id\":\"https:\/\/www.m-q.ch\/fr\/#\/schema\/person\/image\/\",\"url\":\"https:\/\/secure.gravatar.com\/avatar\/66edf527eac29e9a5eb25bcada01f61a?s=96&d=mm&r=g\",\"contentUrl\":\"https:\/\/secure.gravatar.com\/avatar\/66edf527eac29e9a5eb25bcada01f61a?s=96&d=mm&r=g\",\"caption\":\"galledia\"},\"url\":\"https:\/\/www.m-q.ch\/en\/author\/galledia\/\"}]}<\/script>\n<!-- \/ Yoast SEO plugin. -->","yoast_head_json":{"title":"R&amp;D Prorector elected for NTB - MQ Management and Quality","description":"Since September 2015, Andreas Ettemeyer has been Prorector of NTB. Ettemeyer is responsible for the entire area of applied research and development.","robots":{"index":"index","follow":"follow","max-snippet":"max-snippet:-1","max-image-preview":"max-image-preview:large","max-video-preview":"max-video-preview:-1"},"canonical":"https:\/\/www.m-q.ch\/en\/fe-prorector-elected-for-the-ntb\/","og_locale":"en_US","og_type":"article","og_title":"F&E Prorektor f\u00fcr die NTB gew\u00e4hlt","og_description":"Seit September 2015 ist Andreas Ettemeyer Prorektor der NTB. Ettemeyer verantwortet den gesamten Bereich angewandte Forschung und Entwicklung.","og_url":"https:\/\/www.m-q.ch\/en\/fe-prorector-elected-for-the-ntb\/","og_site_name":"MQ Management und Qualit\u00e4t","article_publisher":"https:\/\/www.facebook.com\/ManagementUndQualitaet","article_published_time":"2015-12-18T15:38:12+00:00","article_modified_time":"2017-02-23T10:07:52+00:00","og_image":[{"url":"https:\/\/www.m-q.ch\/wp-content\/uploads\/2016\/12\/FE-Prorektor-f\u00fcr-die-NTB-gew\u00e4hlt-management-und-qualitaet.jpg","type":"","width":"","height":""}],"author":"galledia","twitter_card":"summary_large_image","twitter_misc":{"Written by":"galledia","Est. reading time":"1 minute"},"schema":{"@context":"https:\/\/schema.org","@graph":[{"@type":"Article","@id":"https:\/\/www.m-q.ch\/de\/fe-prorektor-fuer-die-ntb-gewaehlt\/#article","isPartOf":{"@id":"https:\/\/www.m-q.ch\/de\/fe-prorektor-fuer-die-ntb-gewaehlt\/"},"author":{"name":"galledia","@id":"https:\/\/www.m-q.ch\/fr\/#\/schema\/person\/c0139a2c55a374db6df2cde78ec87148"},"headline":"F&#038;E Prorektor f\u00fcr die NTB gew\u00e4hlt","datePublished":"2015-12-18T15:38:12+00:00","dateModified":"2017-02-23T10:07:52+00:00","mainEntityOfPage":{"@id":"https:\/\/www.m-q.ch\/de\/fe-prorektor-fuer-die-ntb-gewaehlt\/"},"wordCount":126,"commentCount":0,"publisher":{"@id":"https:\/\/www.m-q.ch\/fr\/#organization"},"image":{"@id":"https:\/\/www.m-q.ch\/de\/fe-prorektor-fuer-die-ntb-gewaehlt\/#primaryimage"},"thumbnailUrl":"https:\/\/www.m-q.ch\/wp-content\/uploads\/2016\/12\/FE-Prorektor-f\u00fcr-die-NTB-gew\u00e4hlt-management-und-qualitaet.jpg","keywords":["Personalia"],"articleSection":["Unkategorisiert"],"inLanguage":"en-US"},{"@type":"WebPage","@id":"https:\/\/www.m-q.ch\/de\/fe-prorektor-fuer-die-ntb-gewaehlt\/","url":"https:\/\/www.m-q.ch\/de\/fe-prorektor-fuer-die-ntb-gewaehlt\/","name":"R&amp;D Prorector elected for NTB - MQ Management and Quality","isPartOf":{"@id":"https:\/\/www.m-q.ch\/fr\/#website"},"primaryImageOfPage":{"@id":"https:\/\/www.m-q.ch\/de\/fe-prorektor-fuer-die-ntb-gewaehlt\/#primaryimage"},"image":{"@id":"https:\/\/www.m-q.ch\/de\/fe-prorektor-fuer-die-ntb-gewaehlt\/#primaryimage"},"thumbnailUrl":"https:\/\/www.m-q.ch\/wp-content\/uploads\/2016\/12\/FE-Prorektor-f\u00fcr-die-NTB-gew\u00e4hlt-management-und-qualitaet.jpg","datePublished":"2015-12-18T15:38:12+00:00","dateModified":"2017-02-23T10:07:52+00:00","description":"Since September 2015, Andreas Ettemeyer has been Prorector of NTB. Ettemeyer is responsible for the entire area of applied research and development.","breadcrumb":{"@id":"https:\/\/www.m-q.ch\/de\/fe-prorektor-fuer-die-ntb-gewaehlt\/#breadcrumb"},"inLanguage":"en-US","potentialAction":[{"@type":"ReadAction","target":["https:\/\/www.m-q.ch\/de\/fe-prorektor-fuer-die-ntb-gewaehlt\/"]}]},{"@type":"ImageObject","inLanguage":"en-US","@id":"https:\/\/www.m-q.ch\/de\/fe-prorektor-fuer-die-ntb-gewaehlt\/#primaryimage","url":"https:\/\/www.m-q.ch\/wp-content\/uploads\/2016\/12\/FE-Prorektor-f\u00fcr-die-NTB-gew\u00e4hlt-management-und-qualitaet.jpg","contentUrl":"https:\/\/www.m-q.ch\/wp-content\/uploads\/2016\/12\/FE-Prorektor-f\u00fcr-die-NTB-gew\u00e4hlt-management-und-qualitaet.jpg","width":630,"height":470,"caption":"Andreas Ettemeyer"},{"@type":"BreadcrumbList","@id":"https:\/\/www.m-q.ch\/de\/fe-prorektor-fuer-die-ntb-gewaehlt\/#breadcrumb","itemListElement":[{"@type":"ListItem","position":1,"name":"Unkategorisiert","item":"https:\/\/www.m-q.ch\/it\/categoria\/senza-categoria\/"},{"@type":"ListItem","position":2,"name":"F&#038;E Prorektor f\u00fcr die NTB gew\u00e4hlt"}]},{"@type":"WebSite","@id":"https:\/\/www.m-q.ch\/fr\/#website","url":"https:\/\/www.m-q.ch\/fr\/","name":"MQ Management and Quality","description":"Platform for integrated management systems.","publisher":{"@id":"https:\/\/www.m-q.ch\/fr\/#organization"},"potentialAction":[{"@type":"SearchAction","target":{"@type":"EntryPoint","urlTemplate":"https:\/\/www.m-q.ch\/fr\/?s={search_term_string}"},"query-input":{"@type":"PropertyValueSpecification","valueRequired":true,"valueName":"search_term_string"}}],"inLanguage":"en-US"},{"@type":"Organization","@id":"https:\/\/www.m-q.ch\/fr\/#organization","name":"Galledia Trade Media AG","url":"https:\/\/www.m-q.ch\/fr\/","logo":{"@type":"ImageObject","inLanguage":"en-US","@id":"https:\/\/www.m-q.ch\/fr\/#\/schema\/logo\/image\/","url":"https:\/\/www.m-q.ch\/wp-content\/uploads\/2020\/12\/cropped-logo_small.png","contentUrl":"https:\/\/www.m-q.ch\/wp-content\/uploads\/2020\/12\/cropped-logo_small.png","width":512,"height":512,"caption":"Galledia Fachmedien AG"},"image":{"@id":"https:\/\/www.m-q.ch\/fr\/#\/schema\/logo\/image\/"},"sameAs":["https:\/\/www.facebook.com\/ManagementUndQualitaet","https:\/\/www.linkedin.com\/showcase\/17982321\/admin\/"]},{"@type":"Person","@id":"https:\/\/www.m-q.ch\/fr\/#\/schema\/person\/c0139a2c55a374db6df2cde78ec87148","name":"galledia","image":{"@type":"ImageObject","inLanguage":"en-US","@id":"https:\/\/www.m-q.ch\/fr\/#\/schema\/person\/image\/","url":"https:\/\/secure.gravatar.com\/avatar\/66edf527eac29e9a5eb25bcada01f61a?s=96&d=mm&r=g","contentUrl":"https:\/\/secure.gravatar.com\/avatar\/66edf527eac29e9a5eb25bcada01f61a?s=96&d=mm&r=g","caption":"galledia"},"url":"https:\/\/www.m-q.ch\/en\/author\/galledia\/"}]}},"_links":{"self":[{"href":"https:\/\/www.m-q.ch\/en\/wp-json\/wp\/v2\/posts\/270","targetHints":{"allow":["GET"]}}],"collection":[{"href":"https:\/\/www.m-q.ch\/en\/wp-json\/wp\/v2\/posts"}],"about":[{"href":"https:\/\/www.m-q.ch\/en\/wp-json\/wp\/v2\/types\/post"}],"author":[{"embeddable":true,"href":"https:\/\/www.m-q.ch\/en\/wp-json\/wp\/v2\/users\/1"}],"replies":[{"embeddable":true,"href":"https:\/\/www.m-q.ch\/en\/wp-json\/wp\/v2\/comments?post=270"}],"version-history":[{"count":2,"href":"https:\/\/www.m-q.ch\/en\/wp-json\/wp\/v2\/posts\/270\/revisions"}],"predecessor-version":[{"id":939,"href":"https:\/\/www.m-q.ch\/en\/wp-json\/wp\/v2\/posts\/270\/revisions\/939"}],"wp:featuredmedia":[{"embeddable":true,"href":"https:\/\/www.m-q.ch\/en\/wp-json\/wp\/v2\/media\/116"}],"wp:attachment":[{"href":"https:\/\/www.m-q.ch\/en\/wp-json\/wp\/v2\/media?parent=270"}],"wp:term":[{"taxonomy":"category","embeddable":true,"href":"https:\/\/www.m-q.ch\/en\/wp-json\/wp\/v2\/categories?post=270"},{"taxonomy":"post_tag","embeddable":true,"href":"https:\/\/www.m-q.ch\/en\/wp-json\/wp\/v2\/tags?post=270"}],"curies":[{"name":"wp","href":"https:\/\/api.w.org\/{rel}","templated":true}]}}