{"id":276,"date":"2015-12-20T16:41:56","date_gmt":"2015-12-20T15:41:56","guid":{"rendered":"http:\/\/dev.m-q.ch\/?p=276"},"modified":"2017-03-01T16:02:44","modified_gmt":"2017-03-01T15:02:44","slug":"swiss-institute-for-crisis-communication-founded","status":"publish","type":"post","link":"https:\/\/www.m-q.ch\/en\/schweizer-institut-fuer-krisenkommunikation-gegruendet\/","title":{"rendered":"Swiss Institute for Crisis Communication founded"},"content":{"rendered":"<figure id=\"attachment_214\" aria-describedby=\"caption-attachment-214\" style=\"width: 680px\" class=\"wp-caption alignnone\"><a href=\"https:\/\/m-q.ch\/wp-content\/uploads\/2016\/12\/Schweizer-Institut-f\u00fcr-Krisenkommunikation-gegr\u00fcndet-management-und-qualitaet.jpg\"><img loading=\"lazy\" decoding=\"async\" class=\"wp-image-214 size-medium\" src=\"https:\/\/www.m-q.ch\/wp-content\/uploads\/2016\/12\/Schweizer-Institut-f\u00fcr-Krisenkommunikation-gegr\u00fcndet-management-und-qualitaet-680x483.jpg\" width=\"680\" height=\"483\" srcset=\"https:\/\/www.m-q.ch\/wp-content\/uploads\/2016\/12\/Schweizer-Institut-f\u00fcr-Krisenkommunikation-gegr\u00fcndet-management-und-qualitaet-680x483.jpg 680w, https:\/\/www.m-q.ch\/wp-content\/uploads\/2016\/12\/Schweizer-Institut-f\u00fcr-Krisenkommunikation-gegr\u00fcndet-management-und-qualitaet-768x546.jpg 768w, https:\/\/www.m-q.ch\/wp-content\/uploads\/2016\/12\/Schweizer-Institut-f\u00fcr-Krisenkommunikation-gegr\u00fcndet-management-und-qualitaet-16x12.jpg 16w, https:\/\/www.m-q.ch\/wp-content\/uploads\/2016\/12\/Schweizer-Institut-f\u00fcr-Krisenkommunikation-gegr\u00fcndet-management-und-qualitaet-246x175.jpg 246w, https:\/\/www.m-q.ch\/wp-content\/uploads\/2016\/12\/Schweizer-Institut-f\u00fcr-Krisenkommunikation-gegr\u00fcndet-management-und-qualitaet-492x350.jpg 492w, https:\/\/www.m-q.ch\/wp-content\/uploads\/2016\/12\/Schweizer-Institut-f\u00fcr-Krisenkommunikation-gegr\u00fcndet-management-und-qualitaet-1125x800.jpg 1125w, https:\/\/www.m-q.ch\/wp-content\/uploads\/2016\/12\/Schweizer-Institut-f\u00fcr-Krisenkommunikation-gegr\u00fcndet-management-und-qualitaet-920x654.jpg 920w, https:\/\/www.m-q.ch\/wp-content\/uploads\/2016\/12\/Schweizer-Institut-f\u00fcr-Krisenkommunikation-gegr\u00fcndet-management-und-qualitaet-300x213.jpg 300w, https:\/\/www.m-q.ch\/wp-content\/uploads\/2016\/12\/Schweizer-Institut-f\u00fcr-Krisenkommunikation-gegr\u00fcndet-management-und-qualitaet-1024x728.jpg 1024w, https:\/\/www.m-q.ch\/wp-content\/uploads\/2016\/12\/Schweizer-Institut-f\u00fcr-Krisenkommunikation-gegr\u00fcndet-management-und-qualitaet-624x444.jpg 624w, https:\/\/www.m-q.ch\/wp-content\/uploads\/2016\/12\/Schweizer-Institut-f\u00fcr-Krisenkommunikation-gegr\u00fcndet-management-und-qualitaet.jpg 1221w\" sizes=\"auto, (max-width: 680px) 100vw, 680px\" \/><\/a><figcaption id=\"caption-attachment-214\" class=\"wp-caption-text\">Roland Binz, crisis manager and SKK leader.<\/figcaption><\/figure>\n<p>The SIKK seminars are characterized by a high proportion of consulting. The transfer of knowledge is based on many years of experience that has proven itself in crisis situations of all kinds. At the SIKK, we want to pass on experience one-to-one,\" explains SIKK Director Roland Binz, who co-initiated the Swiss Association for Crisis Communication in 2009.<\/p>\n<p>\"Crisis prevention and crisis communication according to thick manuals? That's largely history in the digital age. Rather, success depends on being able to overcome human misguided reflexes and change perspectives in extreme cases,\" says Roland Binz, crisis manager and SKK head. Crises can be contained through trust-building communication. Binz: \"This is a fundamental difference to crisis PR, which has little credibility.\"<\/p>\n<p>The SIKK training courses are aimed at executives, PR and communications professionals as well as public figures in Switzerland, Germany and Austria (politicians, celebrities, etc.). Another important target group is PR agencies, law firms or consultants who are confronted with crisis topics and publicly aired legal disputes (\"litigation PR\") in their work.<\/p>\n<p><a href=\"http:\/\/www.sikk.ch\" target=\"_blank\" data-cke-saved-href=\"http:\/\/www.sikk.ch\">www.sikk.ch<\/a><\/p>","protected":false},"excerpt":{"rendered":"<p>Die SIKK-Seminare zeichnen sich durch einen hohen Beratungsanteil aus. Der Wissenstransfer basiert auf langj\u00e4hriger Erfahrung, die sich in Krisensituationen aller Art bew\u00e4hrt hat. Erfahrung wollen wir am SIKK eins zu eins weitergeben\u00bb, erkl\u00e4rt SIKK-Leiter Roland Binz, der 2009 den Schweizer Verband f\u00fcr Krisenkommunikation mitinitiierte. \u00abKrisenpr\u00e4vention und Krisenkommunikation nach dicken Handb\u00fcchern? Das ist im digitalen Zeitalter [&hellip;]<\/p>\n","protected":false},"author":1,"featured_media":214,"comment_status":"open","ping_status":"open","sticky":false,"template":"","format":"standard","meta":{"_acf_changed":false,"footnotes":""},"categories":[4],"tags":[3326],"class_list":["post-276","post","type-post","status-publish","format-standard","has-post-thumbnail","hentry","category-risikomanagement","tag-risikomanagement"],"acf":[],"yoast_head":"<!-- This site is optimized with the Yoast SEO plugin v26.2 - https:\/\/yoast.com\/wordpress\/plugins\/seo\/ -->\n<title>Schweizer Institut f\u00fcr Krisenkommunikation gegr\u00fcndet - MQ Management und Qualit\u00e4t<\/title>\n<meta name=\"description\" content=\"Krisen und Skandale geh\u00f6ren zur \u00d6ffentlichkeit. Das neu gegr\u00fcndete Schweizer Institut f\u00fcr Krisenkommunikation (SIKK) bietet praxisnahe Kurse und Seminare.\" \/>\n<meta name=\"robots\" content=\"index, follow, max-snippet:-1, max-image-preview:large, max-video-preview:-1\" \/>\n<link rel=\"canonical\" href=\"https:\/\/www.m-q.ch\/en\/swiss-institute-for-crisis-communication-founded\/\" \/>\n<meta property=\"og:locale\" content=\"en_US\" \/>\n<meta property=\"og:type\" content=\"article\" \/>\n<meta property=\"og:title\" content=\"Schweizer Institut f\u00fcr Krisenkommunikation gegr\u00fcndet\" \/>\n<meta property=\"og:description\" content=\"Krisen und Skandale geh\u00f6ren zur \u00d6ffentlichkeit. In den wenigsten F\u00e4llen sind die betroffenen Exponenten in der Lage, rasch und glaubw\u00fcrdig genug zu agieren. Das neu gegr\u00fcndete Schweizer Institut f\u00fcr Krisenkommunikation (SIKK) bietet praxisnahe Kurse und Seminare.\" \/>\n<meta property=\"og:url\" content=\"https:\/\/www.m-q.ch\/en\/swiss-institute-for-crisis-communication-founded\/\" \/>\n<meta property=\"og:site_name\" content=\"MQ Management und Qualit\u00e4t\" \/>\n<meta property=\"article:publisher\" content=\"https:\/\/www.facebook.com\/ManagementUndQualitaet\" \/>\n<meta property=\"article:published_time\" content=\"2015-12-20T15:41:56+00:00\" \/>\n<meta property=\"article:modified_time\" content=\"2017-03-01T15:02:44+00:00\" \/>\n<meta property=\"og:image\" content=\"https:\/\/www.m-q.ch\/wp-content\/uploads\/2016\/12\/Schweizer-Institut-f\u00fcr-Krisenkommunikation-gegr\u00fcndet-management-und-qualitaet.jpg\" \/>\n<meta name=\"author\" content=\"galledia\" \/>\n<meta name=\"twitter:card\" content=\"summary_large_image\" \/>\n<meta name=\"twitter:label1\" content=\"Written by\" \/>\n\t<meta name=\"twitter:data1\" content=\"galledia\" \/>\n\t<meta name=\"twitter:label2\" content=\"Est. reading time\" \/>\n\t<meta name=\"twitter:data2\" content=\"1 minute\" \/>\n<script type=\"application\/ld+json\" class=\"yoast-schema-graph\">{\"@context\":\"https:\/\/schema.org\",\"@graph\":[{\"@type\":\"Article\",\"@id\":\"https:\/\/www.m-q.ch\/schweizer-institut-fuer-krisenkommunikation-gegruendet\/#article\",\"isPartOf\":{\"@id\":\"https:\/\/www.m-q.ch\/schweizer-institut-fuer-krisenkommunikation-gegruendet\/\"},\"author\":{\"name\":\"galledia\",\"@id\":\"https:\/\/www.m-q.ch\/fr\/#\/schema\/person\/c0139a2c55a374db6df2cde78ec87148\"},\"headline\":\"Schweizer Institut f\u00fcr Krisenkommunikation gegr\u00fcndet\",\"datePublished\":\"2015-12-20T15:41:56+00:00\",\"dateModified\":\"2017-03-01T15:02:44+00:00\",\"mainEntityOfPage\":{\"@id\":\"https:\/\/www.m-q.ch\/schweizer-institut-fuer-krisenkommunikation-gegruendet\/\"},\"wordCount\":180,\"commentCount\":0,\"publisher\":{\"@id\":\"https:\/\/www.m-q.ch\/fr\/#organization\"},\"image\":{\"@id\":\"https:\/\/www.m-q.ch\/schweizer-institut-fuer-krisenkommunikation-gegruendet\/#primaryimage\"},\"thumbnailUrl\":\"https:\/\/www.m-q.ch\/wp-content\/uploads\/2016\/12\/Schweizer-Institut-f\u00fcr-Krisenkommunikation-gegr\u00fcndet-management-und-qualitaet.jpg\",\"keywords\":[\"Risikomanagement\"],\"articleSection\":[\"Risikomanagement\"],\"inLanguage\":\"en-US\"},{\"@type\":\"WebPage\",\"@id\":\"https:\/\/www.m-q.ch\/schweizer-institut-fuer-krisenkommunikation-gegruendet\/\",\"url\":\"https:\/\/www.m-q.ch\/schweizer-institut-fuer-krisenkommunikation-gegruendet\/\",\"name\":\"Schweizer Institut f\u00fcr Krisenkommunikation gegr\u00fcndet - MQ Management und Qualit\u00e4t\",\"isPartOf\":{\"@id\":\"https:\/\/www.m-q.ch\/fr\/#website\"},\"primaryImageOfPage\":{\"@id\":\"https:\/\/www.m-q.ch\/schweizer-institut-fuer-krisenkommunikation-gegruendet\/#primaryimage\"},\"image\":{\"@id\":\"https:\/\/www.m-q.ch\/schweizer-institut-fuer-krisenkommunikation-gegruendet\/#primaryimage\"},\"thumbnailUrl\":\"https:\/\/www.m-q.ch\/wp-content\/uploads\/2016\/12\/Schweizer-Institut-f\u00fcr-Krisenkommunikation-gegr\u00fcndet-management-und-qualitaet.jpg\",\"datePublished\":\"2015-12-20T15:41:56+00:00\",\"dateModified\":\"2017-03-01T15:02:44+00:00\",\"description\":\"Krisen und Skandale geh\u00f6ren zur \u00d6ffentlichkeit. Das neu gegr\u00fcndete Schweizer Institut f\u00fcr Krisenkommunikation (SIKK) bietet praxisnahe Kurse und Seminare.\",\"breadcrumb\":{\"@id\":\"https:\/\/www.m-q.ch\/schweizer-institut-fuer-krisenkommunikation-gegruendet\/#breadcrumb\"},\"inLanguage\":\"en-US\",\"potentialAction\":[{\"@type\":\"ReadAction\",\"target\":[\"https:\/\/www.m-q.ch\/schweizer-institut-fuer-krisenkommunikation-gegruendet\/\"]}]},{\"@type\":\"ImageObject\",\"inLanguage\":\"en-US\",\"@id\":\"https:\/\/www.m-q.ch\/schweizer-institut-fuer-krisenkommunikation-gegruendet\/#primaryimage\",\"url\":\"https:\/\/www.m-q.ch\/wp-content\/uploads\/2016\/12\/Schweizer-Institut-f\u00fcr-Krisenkommunikation-gegr\u00fcndet-management-und-qualitaet.jpg\",\"contentUrl\":\"https:\/\/www.m-q.ch\/wp-content\/uploads\/2016\/12\/Schweizer-Institut-f\u00fcr-Krisenkommunikation-gegr\u00fcndet-management-und-qualitaet.jpg\",\"width\":1221,\"height\":868,\"caption\":\"Roland Binz, Krisenmanager und SKK-Leiter.\"},{\"@type\":\"BreadcrumbList\",\"@id\":\"https:\/\/www.m-q.ch\/schweizer-institut-fuer-krisenkommunikation-gegruendet\/#breadcrumb\",\"itemListElement\":[{\"@type\":\"ListItem\",\"position\":1,\"name\":\"Risikomanagement\",\"item\":\"https:\/\/www.m-q.ch\/kategorie\/risikomanagement\/\"},{\"@type\":\"ListItem\",\"position\":2,\"name\":\"Schweizer Institut f\u00fcr Krisenkommunikation gegr\u00fcndet\"}]},{\"@type\":\"WebSite\",\"@id\":\"https:\/\/www.m-q.ch\/fr\/#website\",\"url\":\"https:\/\/www.m-q.ch\/fr\/\",\"name\":\"MQ Management und Qualit\u00e4t\",\"description\":\"Plattform f\u00fcr integrierte Managementsysteme.\",\"publisher\":{\"@id\":\"https:\/\/www.m-q.ch\/fr\/#organization\"},\"potentialAction\":[{\"@type\":\"SearchAction\",\"target\":{\"@type\":\"EntryPoint\",\"urlTemplate\":\"https:\/\/www.m-q.ch\/fr\/?s={search_term_string}\"},\"query-input\":{\"@type\":\"PropertyValueSpecification\",\"valueRequired\":true,\"valueName\":\"search_term_string\"}}],\"inLanguage\":\"en-US\"},{\"@type\":\"Organization\",\"@id\":\"https:\/\/www.m-q.ch\/fr\/#organization\",\"name\":\"Galledia Fachmedien AG\",\"url\":\"https:\/\/www.m-q.ch\/fr\/\",\"logo\":{\"@type\":\"ImageObject\",\"inLanguage\":\"en-US\",\"@id\":\"https:\/\/www.m-q.ch\/fr\/#\/schema\/logo\/image\/\",\"url\":\"https:\/\/www.m-q.ch\/wp-content\/uploads\/2020\/12\/cropped-logo_small.png\",\"contentUrl\":\"https:\/\/www.m-q.ch\/wp-content\/uploads\/2020\/12\/cropped-logo_small.png\",\"width\":512,\"height\":512,\"caption\":\"Galledia Fachmedien AG\"},\"image\":{\"@id\":\"https:\/\/www.m-q.ch\/fr\/#\/schema\/logo\/image\/\"},\"sameAs\":[\"https:\/\/www.facebook.com\/ManagementUndQualitaet\",\"https:\/\/www.linkedin.com\/showcase\/17982321\/admin\/\"]},{\"@type\":\"Person\",\"@id\":\"https:\/\/www.m-q.ch\/fr\/#\/schema\/person\/c0139a2c55a374db6df2cde78ec87148\",\"name\":\"galledia\",\"image\":{\"@type\":\"ImageObject\",\"inLanguage\":\"en-US\",\"@id\":\"https:\/\/www.m-q.ch\/fr\/#\/schema\/person\/image\/\",\"url\":\"https:\/\/secure.gravatar.com\/avatar\/66edf527eac29e9a5eb25bcada01f61a?s=96&d=mm&r=g\",\"contentUrl\":\"https:\/\/secure.gravatar.com\/avatar\/66edf527eac29e9a5eb25bcada01f61a?s=96&d=mm&r=g\",\"caption\":\"galledia\"},\"url\":\"https:\/\/www.m-q.ch\/en\/author\/galledia\/\"}]}<\/script>\n<!-- \/ Yoast SEO plugin. -->","yoast_head_json":{"title":"Swiss Institute for Crisis Communication founded - MQ Management und Qualit\u00e4t","description":"Crises and scandals are part of public life. The newly founded Swiss Institute for Crisis Communication (SIKK) offers practical courses and seminars.","robots":{"index":"index","follow":"follow","max-snippet":"max-snippet:-1","max-image-preview":"max-image-preview:large","max-video-preview":"max-video-preview:-1"},"canonical":"https:\/\/www.m-q.ch\/en\/swiss-institute-for-crisis-communication-founded\/","og_locale":"en_US","og_type":"article","og_title":"Schweizer Institut f\u00fcr Krisenkommunikation gegr\u00fcndet","og_description":"Krisen und Skandale geh\u00f6ren zur \u00d6ffentlichkeit. In den wenigsten F\u00e4llen sind die betroffenen Exponenten in der Lage, rasch und glaubw\u00fcrdig genug zu agieren. Das neu gegr\u00fcndete Schweizer Institut f\u00fcr Krisenkommunikation (SIKK) bietet praxisnahe Kurse und Seminare.","og_url":"https:\/\/www.m-q.ch\/en\/swiss-institute-for-crisis-communication-founded\/","og_site_name":"MQ Management und Qualit\u00e4t","article_publisher":"https:\/\/www.facebook.com\/ManagementUndQualitaet","article_published_time":"2015-12-20T15:41:56+00:00","article_modified_time":"2017-03-01T15:02:44+00:00","og_image":[{"url":"https:\/\/www.m-q.ch\/wp-content\/uploads\/2016\/12\/Schweizer-Institut-f\u00fcr-Krisenkommunikation-gegr\u00fcndet-management-und-qualitaet.jpg","type":"","width":"","height":""}],"author":"galledia","twitter_card":"summary_large_image","twitter_misc":{"Written by":"galledia","Est. reading time":"1 minute"},"schema":{"@context":"https:\/\/schema.org","@graph":[{"@type":"Article","@id":"https:\/\/www.m-q.ch\/schweizer-institut-fuer-krisenkommunikation-gegruendet\/#article","isPartOf":{"@id":"https:\/\/www.m-q.ch\/schweizer-institut-fuer-krisenkommunikation-gegruendet\/"},"author":{"name":"galledia","@id":"https:\/\/www.m-q.ch\/fr\/#\/schema\/person\/c0139a2c55a374db6df2cde78ec87148"},"headline":"Schweizer Institut f\u00fcr Krisenkommunikation gegr\u00fcndet","datePublished":"2015-12-20T15:41:56+00:00","dateModified":"2017-03-01T15:02:44+00:00","mainEntityOfPage":{"@id":"https:\/\/www.m-q.ch\/schweizer-institut-fuer-krisenkommunikation-gegruendet\/"},"wordCount":180,"commentCount":0,"publisher":{"@id":"https:\/\/www.m-q.ch\/fr\/#organization"},"image":{"@id":"https:\/\/www.m-q.ch\/schweizer-institut-fuer-krisenkommunikation-gegruendet\/#primaryimage"},"thumbnailUrl":"https:\/\/www.m-q.ch\/wp-content\/uploads\/2016\/12\/Schweizer-Institut-f\u00fcr-Krisenkommunikation-gegr\u00fcndet-management-und-qualitaet.jpg","keywords":["Risikomanagement"],"articleSection":["Risikomanagement"],"inLanguage":"en-US"},{"@type":"WebPage","@id":"https:\/\/www.m-q.ch\/schweizer-institut-fuer-krisenkommunikation-gegruendet\/","url":"https:\/\/www.m-q.ch\/schweizer-institut-fuer-krisenkommunikation-gegruendet\/","name":"Swiss Institute for Crisis Communication founded - MQ Management und Qualit\u00e4t","isPartOf":{"@id":"https:\/\/www.m-q.ch\/fr\/#website"},"primaryImageOfPage":{"@id":"https:\/\/www.m-q.ch\/schweizer-institut-fuer-krisenkommunikation-gegruendet\/#primaryimage"},"image":{"@id":"https:\/\/www.m-q.ch\/schweizer-institut-fuer-krisenkommunikation-gegruendet\/#primaryimage"},"thumbnailUrl":"https:\/\/www.m-q.ch\/wp-content\/uploads\/2016\/12\/Schweizer-Institut-f\u00fcr-Krisenkommunikation-gegr\u00fcndet-management-und-qualitaet.jpg","datePublished":"2015-12-20T15:41:56+00:00","dateModified":"2017-03-01T15:02:44+00:00","description":"Crises and scandals are part of public life. The newly founded Swiss Institute for Crisis Communication (SIKK) offers practical courses and seminars.","breadcrumb":{"@id":"https:\/\/www.m-q.ch\/schweizer-institut-fuer-krisenkommunikation-gegruendet\/#breadcrumb"},"inLanguage":"en-US","potentialAction":[{"@type":"ReadAction","target":["https:\/\/www.m-q.ch\/schweizer-institut-fuer-krisenkommunikation-gegruendet\/"]}]},{"@type":"ImageObject","inLanguage":"en-US","@id":"https:\/\/www.m-q.ch\/schweizer-institut-fuer-krisenkommunikation-gegruendet\/#primaryimage","url":"https:\/\/www.m-q.ch\/wp-content\/uploads\/2016\/12\/Schweizer-Institut-f\u00fcr-Krisenkommunikation-gegr\u00fcndet-management-und-qualitaet.jpg","contentUrl":"https:\/\/www.m-q.ch\/wp-content\/uploads\/2016\/12\/Schweizer-Institut-f\u00fcr-Krisenkommunikation-gegr\u00fcndet-management-und-qualitaet.jpg","width":1221,"height":868,"caption":"Roland Binz, Krisenmanager und SKK-Leiter."},{"@type":"BreadcrumbList","@id":"https:\/\/www.m-q.ch\/schweizer-institut-fuer-krisenkommunikation-gegruendet\/#breadcrumb","itemListElement":[{"@type":"ListItem","position":1,"name":"Risikomanagement","item":"https:\/\/www.m-q.ch\/kategorie\/risikomanagement\/"},{"@type":"ListItem","position":2,"name":"Schweizer Institut f\u00fcr Krisenkommunikation gegr\u00fcndet"}]},{"@type":"WebSite","@id":"https:\/\/www.m-q.ch\/fr\/#website","url":"https:\/\/www.m-q.ch\/fr\/","name":"MQ Management and Quality","description":"Platform for integrated management systems.","publisher":{"@id":"https:\/\/www.m-q.ch\/fr\/#organization"},"potentialAction":[{"@type":"SearchAction","target":{"@type":"EntryPoint","urlTemplate":"https:\/\/www.m-q.ch\/fr\/?s={search_term_string}"},"query-input":{"@type":"PropertyValueSpecification","valueRequired":true,"valueName":"search_term_string"}}],"inLanguage":"en-US"},{"@type":"Organization","@id":"https:\/\/www.m-q.ch\/fr\/#organization","name":"Galledia Trade Media AG","url":"https:\/\/www.m-q.ch\/fr\/","logo":{"@type":"ImageObject","inLanguage":"en-US","@id":"https:\/\/www.m-q.ch\/fr\/#\/schema\/logo\/image\/","url":"https:\/\/www.m-q.ch\/wp-content\/uploads\/2020\/12\/cropped-logo_small.png","contentUrl":"https:\/\/www.m-q.ch\/wp-content\/uploads\/2020\/12\/cropped-logo_small.png","width":512,"height":512,"caption":"Galledia Fachmedien AG"},"image":{"@id":"https:\/\/www.m-q.ch\/fr\/#\/schema\/logo\/image\/"},"sameAs":["https:\/\/www.facebook.com\/ManagementUndQualitaet","https:\/\/www.linkedin.com\/showcase\/17982321\/admin\/"]},{"@type":"Person","@id":"https:\/\/www.m-q.ch\/fr\/#\/schema\/person\/c0139a2c55a374db6df2cde78ec87148","name":"galledia","image":{"@type":"ImageObject","inLanguage":"en-US","@id":"https:\/\/www.m-q.ch\/fr\/#\/schema\/person\/image\/","url":"https:\/\/secure.gravatar.com\/avatar\/66edf527eac29e9a5eb25bcada01f61a?s=96&d=mm&r=g","contentUrl":"https:\/\/secure.gravatar.com\/avatar\/66edf527eac29e9a5eb25bcada01f61a?s=96&d=mm&r=g","caption":"galledia"},"url":"https:\/\/www.m-q.ch\/en\/author\/galledia\/"}]}},"_links":{"self":[{"href":"https:\/\/www.m-q.ch\/en\/wp-json\/wp\/v2\/posts\/276","targetHints":{"allow":["GET"]}}],"collection":[{"href":"https:\/\/www.m-q.ch\/en\/wp-json\/wp\/v2\/posts"}],"about":[{"href":"https:\/\/www.m-q.ch\/en\/wp-json\/wp\/v2\/types\/post"}],"author":[{"embeddable":true,"href":"https:\/\/www.m-q.ch\/en\/wp-json\/wp\/v2\/users\/1"}],"replies":[{"embeddable":true,"href":"https:\/\/www.m-q.ch\/en\/wp-json\/wp\/v2\/comments?post=276"}],"version-history":[{"count":2,"href":"https:\/\/www.m-q.ch\/en\/wp-json\/wp\/v2\/posts\/276\/revisions"}],"predecessor-version":[{"id":951,"href":"https:\/\/www.m-q.ch\/en\/wp-json\/wp\/v2\/posts\/276\/revisions\/951"}],"wp:featuredmedia":[{"embeddable":true,"href":"https:\/\/www.m-q.ch\/en\/wp-json\/wp\/v2\/media\/214"}],"wp:attachment":[{"href":"https:\/\/www.m-q.ch\/en\/wp-json\/wp\/v2\/media?parent=276"}],"wp:term":[{"taxonomy":"category","embeddable":true,"href":"https:\/\/www.m-q.ch\/en\/wp-json\/wp\/v2\/categories?post=276"},{"taxonomy":"post_tag","embeddable":true,"href":"https:\/\/www.m-q.ch\/en\/wp-json\/wp\/v2\/tags?post=276"}],"curies":[{"name":"wp","href":"https:\/\/api.w.org\/{rel}","templated":true}]}}