{"id":280,"date":"2015-12-21T16:43:40","date_gmt":"2015-12-21T15:43:40","guid":{"rendered":"http:\/\/dev.m-q.ch\/?p=280"},"modified":"2017-03-01T16:02:18","modified_gmt":"2017-03-01T15:02:18","slug":"new-hslu-director","status":"publish","type":"post","link":"https:\/\/www.m-q.ch\/en\/neue-hslu-direktorin\/","title":{"rendered":"New HSLU Director"},"content":{"rendered":"<figure id=\"attachment_181\" aria-describedby=\"caption-attachment-181\" style=\"width: 234px\" class=\"wp-caption alignnone\"><a href=\"https:\/\/m-q.ch\/wp-content\/uploads\/2016\/12\/Neue-HSLU-Direktorin-management-und-qualitaet.jpg\"><img loading=\"lazy\" decoding=\"async\" class=\"wp-image-181 size-full\" src=\"https:\/\/www.m-q.ch\/wp-content\/uploads\/2016\/12\/Neue-HSLU-Direktorin-management-und-qualitaet.jpg\" width=\"234\" height=\"325\" srcset=\"https:\/\/www.m-q.ch\/wp-content\/uploads\/2016\/12\/Neue-HSLU-Direktorin-management-und-qualitaet.jpg 234w, https:\/\/www.m-q.ch\/wp-content\/uploads\/2016\/12\/Neue-HSLU-Direktorin-management-und-qualitaet-9x12.jpg 9w, https:\/\/www.m-q.ch\/wp-content\/uploads\/2016\/12\/Neue-HSLU-Direktorin-management-und-qualitaet-126x175.jpg 126w\" sizes=\"auto, (max-width: 234px) 100vw, 234px\" \/><\/a><figcaption id=\"caption-attachment-181\" class=\"wp-caption-text\">Dr. Christine B\u00f6ckelmann (Photo: HSLU)<\/figcaption><\/figure>\n<p>The Board of the Lucerne University of Applied Sciences and Arts has elected Dr Christine B\u00f6ckelmann as Director of the Department of Economics as of 1 April 2016. The psychologist with a scientific focus on work and organisational psychology is currently Rector of the Karlsruhe University of Education. She has diverse leadership experience in renowned educational institutions as well as an extensive network. By means of a multi-stage evaluation process, the search committee proposed Dr. Christine B\u00f6ckelmann. The HSLU chose the Zurich native to succeed Prof. Dr. Xaver B\u00fceler, who headed the department for a good eight years.<\/p>\n<p><a href=\"http:\/\/www.hslu.ch\" target=\"_blank\" data-cke-saved-href=\"http:\/\/www.hslu.ch\">http:\/\/www.hslu.ch<\/a><\/p>","protected":false},"excerpt":{"rendered":"<p>Der Fachhochschulrat der Hochschule Luzern hat Dr. Christine B\u00f6ckelmann per 1. April 2016 zur Direktorin des Departements Wirtschaft gew\u00e4hlt. Die Psychologin mit Wissenschaftlichem Schwerpunkt in Arbeits- und Organisationspsychologie ist zurzeit Rektorin der P\u00e4dagogischen Hochschule Karlsruhe. Sie verf\u00fcgt \u00fcber vielf\u00e4ltige F\u00fchrungserfahrung in renommierten Bildungsinstitutionen sowie ein weitreichendes Netzwerk. Mittels eines mehrstufigen Evaluationsverfahren hat die Findungskommission Dr. [&hellip;]<\/p>\n","protected":false},"author":1,"featured_media":181,"comment_status":"open","ping_status":"open","sticky":false,"template":"","format":"standard","meta":{"_acf_changed":false,"footnotes":""},"categories":[1],"tags":[3335],"class_list":["post-280","post","type-post","status-publish","format-standard","has-post-thumbnail","hentry","category-unkategorisiert","tag-personalia"],"acf":[],"yoast_head":"<!-- This site is optimized with the Yoast SEO plugin v26.2 - https:\/\/yoast.com\/wordpress\/plugins\/seo\/ -->\n<title>Neue HSLU-Direktorin - MQ Management und Qualit\u00e4t<\/title>\n<meta name=\"description\" content=\"Der Fachhochschulrat der Hochschule Luzern hat Dr. Christine B\u00f6ckelmann per 1. April 2016 zur Direktorin des Departements Wirtschaft gew\u00e4hlt.\" \/>\n<meta name=\"robots\" content=\"index, follow, max-snippet:-1, max-image-preview:large, max-video-preview:-1\" \/>\n<link rel=\"canonical\" href=\"https:\/\/www.m-q.ch\/en\/new-hslu-director\/\" \/>\n<meta property=\"og:locale\" content=\"en_US\" \/>\n<meta property=\"og:type\" content=\"article\" \/>\n<meta property=\"og:title\" content=\"Neue HSLU-Direktorin\" \/>\n<meta property=\"og:description\" content=\"Der Fachhochschulrat der Hochschule Luzern hat Dr. Christine B\u00f6ckelmann per 1. April 2016 zur Direktorin des Departements Wirtschaft gew\u00e4hlt.\" \/>\n<meta property=\"og:url\" content=\"https:\/\/www.m-q.ch\/en\/new-hslu-director\/\" \/>\n<meta property=\"og:site_name\" content=\"MQ Management und Qualit\u00e4t\" \/>\n<meta property=\"article:publisher\" content=\"https:\/\/www.facebook.com\/ManagementUndQualitaet\" \/>\n<meta property=\"article:published_time\" content=\"2015-12-21T15:43:40+00:00\" \/>\n<meta property=\"article:modified_time\" content=\"2017-03-01T15:02:18+00:00\" \/>\n<meta property=\"og:image\" content=\"https:\/\/www.m-q.ch\/wp-content\/uploads\/2016\/12\/Neue-HSLU-Direktorin-management-und-qualitaet.jpg\" \/>\n<meta name=\"author\" content=\"galledia\" \/>\n<meta name=\"twitter:card\" content=\"summary_large_image\" \/>\n<meta name=\"twitter:label1\" content=\"Written by\" \/>\n\t<meta name=\"twitter:data1\" content=\"galledia\" \/>\n\t<meta name=\"twitter:label2\" content=\"Est. reading time\" \/>\n\t<meta name=\"twitter:data2\" content=\"1 minute\" \/>\n<script type=\"application\/ld+json\" class=\"yoast-schema-graph\">{\"@context\":\"https:\/\/schema.org\",\"@graph\":[{\"@type\":\"Article\",\"@id\":\"https:\/\/www.m-q.ch\/de\/neue-hslu-direktorin\/#article\",\"isPartOf\":{\"@id\":\"https:\/\/www.m-q.ch\/de\/neue-hslu-direktorin\/\"},\"author\":{\"name\":\"galledia\",\"@id\":\"https:\/\/www.m-q.ch\/fr\/#\/schema\/person\/c0139a2c55a374db6df2cde78ec87148\"},\"headline\":\"Neue HSLU-Direktorin\",\"datePublished\":\"2015-12-21T15:43:40+00:00\",\"dateModified\":\"2017-03-01T15:02:18+00:00\",\"mainEntityOfPage\":{\"@id\":\"https:\/\/www.m-q.ch\/de\/neue-hslu-direktorin\/\"},\"wordCount\":107,\"commentCount\":0,\"publisher\":{\"@id\":\"https:\/\/www.m-q.ch\/fr\/#organization\"},\"image\":{\"@id\":\"https:\/\/www.m-q.ch\/de\/neue-hslu-direktorin\/#primaryimage\"},\"thumbnailUrl\":\"https:\/\/www.m-q.ch\/wp-content\/uploads\/2016\/12\/Neue-HSLU-Direktorin-management-und-qualitaet.jpg\",\"keywords\":[\"Personalia\"],\"articleSection\":[\"Unkategorisiert\"],\"inLanguage\":\"en-US\"},{\"@type\":\"WebPage\",\"@id\":\"https:\/\/www.m-q.ch\/de\/neue-hslu-direktorin\/\",\"url\":\"https:\/\/www.m-q.ch\/de\/neue-hslu-direktorin\/\",\"name\":\"Neue HSLU-Direktorin - MQ Management und Qualit\u00e4t\",\"isPartOf\":{\"@id\":\"https:\/\/www.m-q.ch\/fr\/#website\"},\"primaryImageOfPage\":{\"@id\":\"https:\/\/www.m-q.ch\/de\/neue-hslu-direktorin\/#primaryimage\"},\"image\":{\"@id\":\"https:\/\/www.m-q.ch\/de\/neue-hslu-direktorin\/#primaryimage\"},\"thumbnailUrl\":\"https:\/\/www.m-q.ch\/wp-content\/uploads\/2016\/12\/Neue-HSLU-Direktorin-management-und-qualitaet.jpg\",\"datePublished\":\"2015-12-21T15:43:40+00:00\",\"dateModified\":\"2017-03-01T15:02:18+00:00\",\"description\":\"Der Fachhochschulrat der Hochschule Luzern hat Dr. Christine B\u00f6ckelmann per 1. April 2016 zur Direktorin des Departements Wirtschaft gew\u00e4hlt.\",\"breadcrumb\":{\"@id\":\"https:\/\/www.m-q.ch\/de\/neue-hslu-direktorin\/#breadcrumb\"},\"inLanguage\":\"en-US\",\"potentialAction\":[{\"@type\":\"ReadAction\",\"target\":[\"https:\/\/www.m-q.ch\/de\/neue-hslu-direktorin\/\"]}]},{\"@type\":\"ImageObject\",\"inLanguage\":\"en-US\",\"@id\":\"https:\/\/www.m-q.ch\/de\/neue-hslu-direktorin\/#primaryimage\",\"url\":\"https:\/\/www.m-q.ch\/wp-content\/uploads\/2016\/12\/Neue-HSLU-Direktorin-management-und-qualitaet.jpg\",\"contentUrl\":\"https:\/\/www.m-q.ch\/wp-content\/uploads\/2016\/12\/Neue-HSLU-Direktorin-management-und-qualitaet.jpg\",\"width\":234,\"height\":325,\"caption\":\"Dr. Christine B\u00f6ckelmann (Foto: HSLU)\"},{\"@type\":\"BreadcrumbList\",\"@id\":\"https:\/\/www.m-q.ch\/de\/neue-hslu-direktorin\/#breadcrumb\",\"itemListElement\":[{\"@type\":\"ListItem\",\"position\":1,\"name\":\"Unkategorisiert\",\"item\":\"https:\/\/www.m-q.ch\/it\/categoria\/senza-categoria\/\"},{\"@type\":\"ListItem\",\"position\":2,\"name\":\"Neue HSLU-Direktorin\"}]},{\"@type\":\"WebSite\",\"@id\":\"https:\/\/www.m-q.ch\/fr\/#website\",\"url\":\"https:\/\/www.m-q.ch\/fr\/\",\"name\":\"MQ Management und Qualit\u00e4t\",\"description\":\"Plattform f\u00fcr integrierte Managementsysteme.\",\"publisher\":{\"@id\":\"https:\/\/www.m-q.ch\/fr\/#organization\"},\"potentialAction\":[{\"@type\":\"SearchAction\",\"target\":{\"@type\":\"EntryPoint\",\"urlTemplate\":\"https:\/\/www.m-q.ch\/fr\/?s={search_term_string}\"},\"query-input\":{\"@type\":\"PropertyValueSpecification\",\"valueRequired\":true,\"valueName\":\"search_term_string\"}}],\"inLanguage\":\"en-US\"},{\"@type\":\"Organization\",\"@id\":\"https:\/\/www.m-q.ch\/fr\/#organization\",\"name\":\"Galledia Fachmedien AG\",\"url\":\"https:\/\/www.m-q.ch\/fr\/\",\"logo\":{\"@type\":\"ImageObject\",\"inLanguage\":\"en-US\",\"@id\":\"https:\/\/www.m-q.ch\/fr\/#\/schema\/logo\/image\/\",\"url\":\"https:\/\/www.m-q.ch\/wp-content\/uploads\/2020\/12\/cropped-logo_small.png\",\"contentUrl\":\"https:\/\/www.m-q.ch\/wp-content\/uploads\/2020\/12\/cropped-logo_small.png\",\"width\":512,\"height\":512,\"caption\":\"Galledia Fachmedien AG\"},\"image\":{\"@id\":\"https:\/\/www.m-q.ch\/fr\/#\/schema\/logo\/image\/\"},\"sameAs\":[\"https:\/\/www.facebook.com\/ManagementUndQualitaet\",\"https:\/\/www.linkedin.com\/showcase\/17982321\/admin\/\"]},{\"@type\":\"Person\",\"@id\":\"https:\/\/www.m-q.ch\/fr\/#\/schema\/person\/c0139a2c55a374db6df2cde78ec87148\",\"name\":\"galledia\",\"image\":{\"@type\":\"ImageObject\",\"inLanguage\":\"en-US\",\"@id\":\"https:\/\/www.m-q.ch\/fr\/#\/schema\/person\/image\/\",\"url\":\"https:\/\/secure.gravatar.com\/avatar\/66edf527eac29e9a5eb25bcada01f61a?s=96&d=mm&r=g\",\"contentUrl\":\"https:\/\/secure.gravatar.com\/avatar\/66edf527eac29e9a5eb25bcada01f61a?s=96&d=mm&r=g\",\"caption\":\"galledia\"},\"url\":\"https:\/\/www.m-q.ch\/en\/author\/galledia\/\"}]}<\/script>\n<!-- \/ Yoast SEO plugin. -->","yoast_head_json":{"title":"New HSLU Director - MQ Management and Quality","description":"The Board of the Lucerne University of Applied Sciences and Arts has elected Dr Christine B\u00f6ckelmann as Director of the Department of Economics as of 1 April 2016.","robots":{"index":"index","follow":"follow","max-snippet":"max-snippet:-1","max-image-preview":"max-image-preview:large","max-video-preview":"max-video-preview:-1"},"canonical":"https:\/\/www.m-q.ch\/en\/new-hslu-director\/","og_locale":"en_US","og_type":"article","og_title":"Neue HSLU-Direktorin","og_description":"Der Fachhochschulrat der Hochschule Luzern hat Dr. Christine B\u00f6ckelmann per 1. April 2016 zur Direktorin des Departements Wirtschaft gew\u00e4hlt.","og_url":"https:\/\/www.m-q.ch\/en\/new-hslu-director\/","og_site_name":"MQ Management und Qualit\u00e4t","article_publisher":"https:\/\/www.facebook.com\/ManagementUndQualitaet","article_published_time":"2015-12-21T15:43:40+00:00","article_modified_time":"2017-03-01T15:02:18+00:00","og_image":[{"url":"https:\/\/www.m-q.ch\/wp-content\/uploads\/2016\/12\/Neue-HSLU-Direktorin-management-und-qualitaet.jpg","type":"","width":"","height":""}],"author":"galledia","twitter_card":"summary_large_image","twitter_misc":{"Written by":"galledia","Est. reading time":"1 minute"},"schema":{"@context":"https:\/\/schema.org","@graph":[{"@type":"Article","@id":"https:\/\/www.m-q.ch\/de\/neue-hslu-direktorin\/#article","isPartOf":{"@id":"https:\/\/www.m-q.ch\/de\/neue-hslu-direktorin\/"},"author":{"name":"galledia","@id":"https:\/\/www.m-q.ch\/fr\/#\/schema\/person\/c0139a2c55a374db6df2cde78ec87148"},"headline":"Neue HSLU-Direktorin","datePublished":"2015-12-21T15:43:40+00:00","dateModified":"2017-03-01T15:02:18+00:00","mainEntityOfPage":{"@id":"https:\/\/www.m-q.ch\/de\/neue-hslu-direktorin\/"},"wordCount":107,"commentCount":0,"publisher":{"@id":"https:\/\/www.m-q.ch\/fr\/#organization"},"image":{"@id":"https:\/\/www.m-q.ch\/de\/neue-hslu-direktorin\/#primaryimage"},"thumbnailUrl":"https:\/\/www.m-q.ch\/wp-content\/uploads\/2016\/12\/Neue-HSLU-Direktorin-management-und-qualitaet.jpg","keywords":["Personalia"],"articleSection":["Unkategorisiert"],"inLanguage":"en-US"},{"@type":"WebPage","@id":"https:\/\/www.m-q.ch\/de\/neue-hslu-direktorin\/","url":"https:\/\/www.m-q.ch\/de\/neue-hslu-direktorin\/","name":"New HSLU Director - MQ Management and Quality","isPartOf":{"@id":"https:\/\/www.m-q.ch\/fr\/#website"},"primaryImageOfPage":{"@id":"https:\/\/www.m-q.ch\/de\/neue-hslu-direktorin\/#primaryimage"},"image":{"@id":"https:\/\/www.m-q.ch\/de\/neue-hslu-direktorin\/#primaryimage"},"thumbnailUrl":"https:\/\/www.m-q.ch\/wp-content\/uploads\/2016\/12\/Neue-HSLU-Direktorin-management-und-qualitaet.jpg","datePublished":"2015-12-21T15:43:40+00:00","dateModified":"2017-03-01T15:02:18+00:00","description":"The Board of the Lucerne University of Applied Sciences and Arts has elected Dr Christine B\u00f6ckelmann as Director of the Department of Economics as of 1 April 2016.","breadcrumb":{"@id":"https:\/\/www.m-q.ch\/de\/neue-hslu-direktorin\/#breadcrumb"},"inLanguage":"en-US","potentialAction":[{"@type":"ReadAction","target":["https:\/\/www.m-q.ch\/de\/neue-hslu-direktorin\/"]}]},{"@type":"ImageObject","inLanguage":"en-US","@id":"https:\/\/www.m-q.ch\/de\/neue-hslu-direktorin\/#primaryimage","url":"https:\/\/www.m-q.ch\/wp-content\/uploads\/2016\/12\/Neue-HSLU-Direktorin-management-und-qualitaet.jpg","contentUrl":"https:\/\/www.m-q.ch\/wp-content\/uploads\/2016\/12\/Neue-HSLU-Direktorin-management-und-qualitaet.jpg","width":234,"height":325,"caption":"Dr. Christine B\u00f6ckelmann (Foto: HSLU)"},{"@type":"BreadcrumbList","@id":"https:\/\/www.m-q.ch\/de\/neue-hslu-direktorin\/#breadcrumb","itemListElement":[{"@type":"ListItem","position":1,"name":"Unkategorisiert","item":"https:\/\/www.m-q.ch\/it\/categoria\/senza-categoria\/"},{"@type":"ListItem","position":2,"name":"Neue HSLU-Direktorin"}]},{"@type":"WebSite","@id":"https:\/\/www.m-q.ch\/fr\/#website","url":"https:\/\/www.m-q.ch\/fr\/","name":"MQ Management and Quality","description":"Platform for integrated management systems.","publisher":{"@id":"https:\/\/www.m-q.ch\/fr\/#organization"},"potentialAction":[{"@type":"SearchAction","target":{"@type":"EntryPoint","urlTemplate":"https:\/\/www.m-q.ch\/fr\/?s={search_term_string}"},"query-input":{"@type":"PropertyValueSpecification","valueRequired":true,"valueName":"search_term_string"}}],"inLanguage":"en-US"},{"@type":"Organization","@id":"https:\/\/www.m-q.ch\/fr\/#organization","name":"Galledia Trade Media AG","url":"https:\/\/www.m-q.ch\/fr\/","logo":{"@type":"ImageObject","inLanguage":"en-US","@id":"https:\/\/www.m-q.ch\/fr\/#\/schema\/logo\/image\/","url":"https:\/\/www.m-q.ch\/wp-content\/uploads\/2020\/12\/cropped-logo_small.png","contentUrl":"https:\/\/www.m-q.ch\/wp-content\/uploads\/2020\/12\/cropped-logo_small.png","width":512,"height":512,"caption":"Galledia Fachmedien AG"},"image":{"@id":"https:\/\/www.m-q.ch\/fr\/#\/schema\/logo\/image\/"},"sameAs":["https:\/\/www.facebook.com\/ManagementUndQualitaet","https:\/\/www.linkedin.com\/showcase\/17982321\/admin\/"]},{"@type":"Person","@id":"https:\/\/www.m-q.ch\/fr\/#\/schema\/person\/c0139a2c55a374db6df2cde78ec87148","name":"galledia","image":{"@type":"ImageObject","inLanguage":"en-US","@id":"https:\/\/www.m-q.ch\/fr\/#\/schema\/person\/image\/","url":"https:\/\/secure.gravatar.com\/avatar\/66edf527eac29e9a5eb25bcada01f61a?s=96&d=mm&r=g","contentUrl":"https:\/\/secure.gravatar.com\/avatar\/66edf527eac29e9a5eb25bcada01f61a?s=96&d=mm&r=g","caption":"galledia"},"url":"https:\/\/www.m-q.ch\/en\/author\/galledia\/"}]}},"_links":{"self":[{"href":"https:\/\/www.m-q.ch\/en\/wp-json\/wp\/v2\/posts\/280","targetHints":{"allow":["GET"]}}],"collection":[{"href":"https:\/\/www.m-q.ch\/en\/wp-json\/wp\/v2\/posts"}],"about":[{"href":"https:\/\/www.m-q.ch\/en\/wp-json\/wp\/v2\/types\/post"}],"author":[{"embeddable":true,"href":"https:\/\/www.m-q.ch\/en\/wp-json\/wp\/v2\/users\/1"}],"replies":[{"embeddable":true,"href":"https:\/\/www.m-q.ch\/en\/wp-json\/wp\/v2\/comments?post=280"}],"version-history":[{"count":2,"href":"https:\/\/www.m-q.ch\/en\/wp-json\/wp\/v2\/posts\/280\/revisions"}],"predecessor-version":[{"id":952,"href":"https:\/\/www.m-q.ch\/en\/wp-json\/wp\/v2\/posts\/280\/revisions\/952"}],"wp:featuredmedia":[{"embeddable":true,"href":"https:\/\/www.m-q.ch\/en\/wp-json\/wp\/v2\/media\/181"}],"wp:attachment":[{"href":"https:\/\/www.m-q.ch\/en\/wp-json\/wp\/v2\/media?parent=280"}],"wp:term":[{"taxonomy":"category","embeddable":true,"href":"https:\/\/www.m-q.ch\/en\/wp-json\/wp\/v2\/categories?post=280"},{"taxonomy":"post_tag","embeddable":true,"href":"https:\/\/www.m-q.ch\/en\/wp-json\/wp\/v2\/tags?post=280"}],"curies":[{"name":"wp","href":"https:\/\/api.w.org\/{rel}","templated":true}]}}