{"id":294,"date":"2016-01-24T16:57:32","date_gmt":"2016-01-24T15:57:32","guid":{"rendered":"http:\/\/dev.m-q.ch\/?p=294"},"modified":"2017-03-01T15:34:09","modified_gmt":"2017-03-01T14:34:09","slug":"control-2016-30-years-of-quality-assurance","status":"publish","type":"post","link":"https:\/\/www.m-q.ch\/en\/control-2016-30-jahre-qualitaetssicherung\/","title":{"rendered":"Control 2016 - 30 years of quality assurance"},"content":{"rendered":"<figure id=\"attachment_78\" aria-describedby=\"caption-attachment-78\" style=\"width: 680px\" class=\"wp-caption alignnone\"><a href=\"https:\/\/m-q.ch\/wp-content\/uploads\/2016\/12\/Control-2016-\u2013-30-Jahre-Qualit\u00e4tssicherung-management-und-qualitaet.jpg\"><img loading=\"lazy\" decoding=\"async\" class=\"wp-image-78 size-medium\" src=\"https:\/\/www.m-q.ch\/wp-content\/uploads\/2016\/12\/Control-2016-\u2013-30-Jahre-Qualit\u00e4tssicherung-management-und-qualitaet-680x460.jpg\" width=\"680\" height=\"460\" srcset=\"https:\/\/www.m-q.ch\/wp-content\/uploads\/2016\/12\/Control-2016-\u2013-30-Jahre-Qualit\u00e4tssicherung-management-und-qualitaet-680x460.jpg 680w, https:\/\/www.m-q.ch\/wp-content\/uploads\/2016\/12\/Control-2016-\u2013-30-Jahre-Qualit\u00e4tssicherung-management-und-qualitaet-768x519.jpg 768w, https:\/\/www.m-q.ch\/wp-content\/uploads\/2016\/12\/Control-2016-\u2013-30-Jahre-Qualit\u00e4tssicherung-management-und-qualitaet-1536x1038.jpg 1536w, https:\/\/www.m-q.ch\/wp-content\/uploads\/2016\/12\/Control-2016-\u2013-30-Jahre-Qualit\u00e4tssicherung-management-und-qualitaet-2048x1384.jpg 2048w, https:\/\/www.m-q.ch\/wp-content\/uploads\/2016\/12\/Control-2016-\u2013-30-Jahre-Qualit\u00e4tssicherung-management-und-qualitaet-16x12.jpg 16w, https:\/\/www.m-q.ch\/wp-content\/uploads\/2016\/12\/Control-2016-\u2013-30-Jahre-Qualit\u00e4tssicherung-management-und-qualitaet-259x175.jpg 259w, https:\/\/www.m-q.ch\/wp-content\/uploads\/2016\/12\/Control-2016-\u2013-30-Jahre-Qualit\u00e4tssicherung-management-und-qualitaet-518x350.jpg 518w, https:\/\/www.m-q.ch\/wp-content\/uploads\/2016\/12\/Control-2016-\u2013-30-Jahre-Qualit\u00e4tssicherung-management-und-qualitaet-1184x800.jpg 1184w, https:\/\/www.m-q.ch\/wp-content\/uploads\/2016\/12\/Control-2016-\u2013-30-Jahre-Qualit\u00e4tssicherung-management-und-qualitaet-920x622.jpg 920w, https:\/\/www.m-q.ch\/wp-content\/uploads\/2016\/12\/Control-2016-\u2013-30-Jahre-Qualit\u00e4tssicherung-management-und-qualitaet-1400x946.jpg 1400w, https:\/\/www.m-q.ch\/wp-content\/uploads\/2016\/12\/Control-2016-\u2013-30-Jahre-Qualit\u00e4tssicherung-management-und-qualitaet-300x203.jpg 300w, https:\/\/www.m-q.ch\/wp-content\/uploads\/2016\/12\/Control-2016-\u2013-30-Jahre-Qualit\u00e4tssicherung-management-und-qualitaet-1024x692.jpg 1024w, https:\/\/www.m-q.ch\/wp-content\/uploads\/2016\/12\/Control-2016-\u2013-30-Jahre-Qualit\u00e4tssicherung-management-und-qualitaet-624x422.jpg 624w\" sizes=\"auto, (max-width: 680px) 100vw, 680px\" \/><\/a><figcaption id=\"caption-attachment-78\" class=\"wp-caption-text\">(picture: depositphotos)<\/figcaption><\/figure>\n<p>A wide range of variants, smaller quantities, efficient production in batch sizes from 1 and high deadline pressure for JIT delivery - these are some of the challenges facing production and quality assurance. Today, with almost 1,000 exhibitors from 32 nations, Control represents the world's range of technologies, components, assemblies, subsystems and complete solutions in hardware and software. Whether \"classic\" mechatronic measuring devices or 3-D measuring technology, micro- and endoscopy or image processing and vision systems, manual handling of test specimens\/individual parts or robot-supported series testing, Control 2016 will once again present relevant ways and means to ensure the rational and economical production and assembly of quality products of all kinds.<\/p>\n<p>The 30th Control - International Trade Fair for Quality Assurance - will open its doors at the Stuttgart Exhibition Centre from 26 to 29 April 2016.<\/p>\n<p><a href=\"http:\/\/www.control-messe.de\/control\/\" target=\"_blank\" data-cke-saved-href=\"http:\/\/www.control-messe.de\/control\/\">http:\/\/www.control-messe.de\/control\/<\/a><\/p>\n<p>&nbsp;<\/p>","protected":false},"excerpt":{"rendered":"<p>Variantenvielfalt, geringere St\u00fcckzahlen, effiziente Fertigung in Losgr\u00f6ssen ab 1 und ein hoher Termindruck f\u00fcr die JIT-Belieferung \u2013 das sind so einige Herausforderungen an die Produktion und Qualit\u00e4tssicherung. Heute bildet die Control mit knapp 1\u2018000 Ausstellern aus 32 Nationen das Weltangebot an Technologien, Komponenten, Baugruppen, Teilsystemen und Komplettl\u00f6sungen in Hard- und Software ab. Ob \u201eklassische\u201c mechatronische [&hellip;]<\/p>\n","protected":false},"author":1,"featured_media":78,"comment_status":"open","ping_status":"open","sticky":false,"template":"","format":"standard","meta":{"_acf_changed":false,"footnotes":""},"categories":[1],"tags":[3342,3343],"class_list":["post-294","post","type-post","status-publish","format-standard","has-post-thumbnail","hentry","category-unkategorisiert","tag-fachkongressfachmesse","tag-mess-und-warngeraete"],"acf":[],"yoast_head":"<!-- This site is optimized with the Yoast SEO plugin v26.2 - https:\/\/yoast.com\/wordpress\/plugins\/seo\/ -->\n<title>Control 2016 \u2013 30 Jahre Qualit\u00e4tssicherung - MQ Management und Qualit\u00e4t<\/title>\n<meta name=\"description\" content=\"Im Jahr 2016 feiert die Control \u2013 Internationale Fachmesse f\u00fcr Qualit\u00e4tssicherung ihren 30. Geburtstag!\" \/>\n<meta name=\"robots\" content=\"index, follow, max-snippet:-1, max-image-preview:large, max-video-preview:-1\" \/>\n<link rel=\"canonical\" href=\"https:\/\/www.m-q.ch\/en\/control-2016-30-years-of-quality-assurance\/\" \/>\n<meta property=\"og:locale\" content=\"en_US\" \/>\n<meta property=\"og:type\" content=\"article\" \/>\n<meta property=\"og:title\" content=\"Control 2016 \u2013 30 Jahre Qualit\u00e4tssicherung - MQ Management und Qualit\u00e4t\" \/>\n<meta property=\"og:description\" content=\"Im Jahr 2016 feiert die Control \u2013 Internationale Fachmesse f\u00fcr Qualit\u00e4tssicherung ihren 30. Geburtstag!\" \/>\n<meta property=\"og:url\" content=\"https:\/\/www.m-q.ch\/en\/control-2016-30-years-of-quality-assurance\/\" \/>\n<meta property=\"og:site_name\" content=\"MQ Management und Qualit\u00e4t\" \/>\n<meta property=\"article:publisher\" content=\"https:\/\/www.facebook.com\/ManagementUndQualitaet\" \/>\n<meta property=\"article:published_time\" content=\"2016-01-24T15:57:32+00:00\" \/>\n<meta property=\"article:modified_time\" content=\"2017-03-01T14:34:09+00:00\" \/>\n<meta property=\"og:image\" content=\"https:\/\/www.m-q.ch\/wp-content\/uploads\/2016\/12\/Control-2016-\u2013-30-Jahre-Qualit\u00e4tssicherung-management-und-qualitaet-scaled.jpg\" \/>\n\t<meta property=\"og:image:width\" content=\"2560\" \/>\n\t<meta property=\"og:image:height\" content=\"1730\" \/>\n\t<meta property=\"og:image:type\" content=\"image\/jpeg\" \/>\n<meta name=\"author\" content=\"galledia\" \/>\n<meta name=\"twitter:card\" content=\"summary_large_image\" \/>\n<meta name=\"twitter:label1\" content=\"Written by\" \/>\n\t<meta name=\"twitter:data1\" content=\"galledia\" \/>\n\t<meta name=\"twitter:label2\" content=\"Est. reading time\" \/>\n\t<meta name=\"twitter:data2\" content=\"1 minute\" \/>\n<script type=\"application\/ld+json\" class=\"yoast-schema-graph\">{\"@context\":\"https:\/\/schema.org\",\"@graph\":[{\"@type\":\"Article\",\"@id\":\"https:\/\/www.m-q.ch\/de\/control-2016-30-jahre-qualitaetssicherung\/#article\",\"isPartOf\":{\"@id\":\"https:\/\/www.m-q.ch\/de\/control-2016-30-jahre-qualitaetssicherung\/\"},\"author\":{\"name\":\"galledia\",\"@id\":\"https:\/\/www.m-q.ch\/fr\/#\/schema\/person\/c0139a2c55a374db6df2cde78ec87148\"},\"headline\":\"Control 2016 \u2013 30 Jahre Qualit\u00e4tssicherung\",\"datePublished\":\"2016-01-24T15:57:32+00:00\",\"dateModified\":\"2017-03-01T14:34:09+00:00\",\"mainEntityOfPage\":{\"@id\":\"https:\/\/www.m-q.ch\/de\/control-2016-30-jahre-qualitaetssicherung\/\"},\"wordCount\":136,\"commentCount\":0,\"publisher\":{\"@id\":\"https:\/\/www.m-q.ch\/fr\/#organization\"},\"image\":{\"@id\":\"https:\/\/www.m-q.ch\/de\/control-2016-30-jahre-qualitaetssicherung\/#primaryimage\"},\"thumbnailUrl\":\"https:\/\/www.m-q.ch\/wp-content\/uploads\/2016\/12\/Control-2016-\u2013-30-Jahre-Qualit\u00e4tssicherung-management-und-qualitaet-scaled.jpg\",\"keywords\":[\"Fachkongress\/Fachmesse\",\"Mess- und Warnger\u00e4te\"],\"articleSection\":[\"Unkategorisiert\"],\"inLanguage\":\"en-US\"},{\"@type\":\"WebPage\",\"@id\":\"https:\/\/www.m-q.ch\/de\/control-2016-30-jahre-qualitaetssicherung\/\",\"url\":\"https:\/\/www.m-q.ch\/de\/control-2016-30-jahre-qualitaetssicherung\/\",\"name\":\"Control 2016 \u2013 30 Jahre Qualit\u00e4tssicherung - MQ Management und Qualit\u00e4t\",\"isPartOf\":{\"@id\":\"https:\/\/www.m-q.ch\/fr\/#website\"},\"primaryImageOfPage\":{\"@id\":\"https:\/\/www.m-q.ch\/de\/control-2016-30-jahre-qualitaetssicherung\/#primaryimage\"},\"image\":{\"@id\":\"https:\/\/www.m-q.ch\/de\/control-2016-30-jahre-qualitaetssicherung\/#primaryimage\"},\"thumbnailUrl\":\"https:\/\/www.m-q.ch\/wp-content\/uploads\/2016\/12\/Control-2016-\u2013-30-Jahre-Qualit\u00e4tssicherung-management-und-qualitaet-scaled.jpg\",\"datePublished\":\"2016-01-24T15:57:32+00:00\",\"dateModified\":\"2017-03-01T14:34:09+00:00\",\"description\":\"Im Jahr 2016 feiert die Control \u2013 Internationale Fachmesse f\u00fcr Qualit\u00e4tssicherung ihren 30. Geburtstag!\",\"breadcrumb\":{\"@id\":\"https:\/\/www.m-q.ch\/de\/control-2016-30-jahre-qualitaetssicherung\/#breadcrumb\"},\"inLanguage\":\"en-US\",\"potentialAction\":[{\"@type\":\"ReadAction\",\"target\":[\"https:\/\/www.m-q.ch\/de\/control-2016-30-jahre-qualitaetssicherung\/\"]}]},{\"@type\":\"ImageObject\",\"inLanguage\":\"en-US\",\"@id\":\"https:\/\/www.m-q.ch\/de\/control-2016-30-jahre-qualitaetssicherung\/#primaryimage\",\"url\":\"https:\/\/www.m-q.ch\/wp-content\/uploads\/2016\/12\/Control-2016-\u2013-30-Jahre-Qualit\u00e4tssicherung-management-und-qualitaet-scaled.jpg\",\"contentUrl\":\"https:\/\/www.m-q.ch\/wp-content\/uploads\/2016\/12\/Control-2016-\u2013-30-Jahre-Qualit\u00e4tssicherung-management-und-qualitaet-scaled.jpg\",\"width\":2560,\"height\":1730,\"caption\":\"(Bild: depositphotos)\"},{\"@type\":\"BreadcrumbList\",\"@id\":\"https:\/\/www.m-q.ch\/de\/control-2016-30-jahre-qualitaetssicherung\/#breadcrumb\",\"itemListElement\":[{\"@type\":\"ListItem\",\"position\":1,\"name\":\"Unkategorisiert\",\"item\":\"https:\/\/www.m-q.ch\/it\/categoria\/senza-categoria\/\"},{\"@type\":\"ListItem\",\"position\":2,\"name\":\"Control 2016 \u2013 30 Jahre Qualit\u00e4tssicherung\"}]},{\"@type\":\"WebSite\",\"@id\":\"https:\/\/www.m-q.ch\/fr\/#website\",\"url\":\"https:\/\/www.m-q.ch\/fr\/\",\"name\":\"MQ Management und Qualit\u00e4t\",\"description\":\"Plattform f\u00fcr integrierte Managementsysteme.\",\"publisher\":{\"@id\":\"https:\/\/www.m-q.ch\/fr\/#organization\"},\"potentialAction\":[{\"@type\":\"SearchAction\",\"target\":{\"@type\":\"EntryPoint\",\"urlTemplate\":\"https:\/\/www.m-q.ch\/fr\/?s={search_term_string}\"},\"query-input\":{\"@type\":\"PropertyValueSpecification\",\"valueRequired\":true,\"valueName\":\"search_term_string\"}}],\"inLanguage\":\"en-US\"},{\"@type\":\"Organization\",\"@id\":\"https:\/\/www.m-q.ch\/fr\/#organization\",\"name\":\"Galledia Fachmedien AG\",\"url\":\"https:\/\/www.m-q.ch\/fr\/\",\"logo\":{\"@type\":\"ImageObject\",\"inLanguage\":\"en-US\",\"@id\":\"https:\/\/www.m-q.ch\/fr\/#\/schema\/logo\/image\/\",\"url\":\"https:\/\/www.m-q.ch\/wp-content\/uploads\/2020\/12\/cropped-logo_small.png\",\"contentUrl\":\"https:\/\/www.m-q.ch\/wp-content\/uploads\/2020\/12\/cropped-logo_small.png\",\"width\":512,\"height\":512,\"caption\":\"Galledia Fachmedien AG\"},\"image\":{\"@id\":\"https:\/\/www.m-q.ch\/fr\/#\/schema\/logo\/image\/\"},\"sameAs\":[\"https:\/\/www.facebook.com\/ManagementUndQualitaet\",\"https:\/\/www.linkedin.com\/showcase\/17982321\/admin\/\"]},{\"@type\":\"Person\",\"@id\":\"https:\/\/www.m-q.ch\/fr\/#\/schema\/person\/c0139a2c55a374db6df2cde78ec87148\",\"name\":\"galledia\",\"image\":{\"@type\":\"ImageObject\",\"inLanguage\":\"en-US\",\"@id\":\"https:\/\/www.m-q.ch\/fr\/#\/schema\/person\/image\/\",\"url\":\"https:\/\/secure.gravatar.com\/avatar\/66edf527eac29e9a5eb25bcada01f61a?s=96&d=mm&r=g\",\"contentUrl\":\"https:\/\/secure.gravatar.com\/avatar\/66edf527eac29e9a5eb25bcada01f61a?s=96&d=mm&r=g\",\"caption\":\"galledia\"},\"url\":\"https:\/\/www.m-q.ch\/en\/author\/galledia\/\"}]}<\/script>\n<!-- \/ Yoast SEO plugin. -->","yoast_head_json":{"title":"Control 2016 - 30 years of quality assurance - MQ Management und Qualit\u00e4t","description":"In 2016, Control - International Trade Fair for Quality Assurance celebrates its 30th birthday!","robots":{"index":"index","follow":"follow","max-snippet":"max-snippet:-1","max-image-preview":"max-image-preview:large","max-video-preview":"max-video-preview:-1"},"canonical":"https:\/\/www.m-q.ch\/en\/control-2016-30-years-of-quality-assurance\/","og_locale":"en_US","og_type":"article","og_title":"Control 2016 \u2013 30 Jahre Qualit\u00e4tssicherung - MQ Management und Qualit\u00e4t","og_description":"Im Jahr 2016 feiert die Control \u2013 Internationale Fachmesse f\u00fcr Qualit\u00e4tssicherung ihren 30. Geburtstag!","og_url":"https:\/\/www.m-q.ch\/en\/control-2016-30-years-of-quality-assurance\/","og_site_name":"MQ Management und Qualit\u00e4t","article_publisher":"https:\/\/www.facebook.com\/ManagementUndQualitaet","article_published_time":"2016-01-24T15:57:32+00:00","article_modified_time":"2017-03-01T14:34:09+00:00","og_image":[{"width":2560,"height":1730,"url":"https:\/\/www.m-q.ch\/wp-content\/uploads\/2016\/12\/Control-2016-\u2013-30-Jahre-Qualit\u00e4tssicherung-management-und-qualitaet-scaled.jpg","type":"image\/jpeg"}],"author":"galledia","twitter_card":"summary_large_image","twitter_misc":{"Written by":"galledia","Est. reading time":"1 minute"},"schema":{"@context":"https:\/\/schema.org","@graph":[{"@type":"Article","@id":"https:\/\/www.m-q.ch\/de\/control-2016-30-jahre-qualitaetssicherung\/#article","isPartOf":{"@id":"https:\/\/www.m-q.ch\/de\/control-2016-30-jahre-qualitaetssicherung\/"},"author":{"name":"galledia","@id":"https:\/\/www.m-q.ch\/fr\/#\/schema\/person\/c0139a2c55a374db6df2cde78ec87148"},"headline":"Control 2016 \u2013 30 Jahre Qualit\u00e4tssicherung","datePublished":"2016-01-24T15:57:32+00:00","dateModified":"2017-03-01T14:34:09+00:00","mainEntityOfPage":{"@id":"https:\/\/www.m-q.ch\/de\/control-2016-30-jahre-qualitaetssicherung\/"},"wordCount":136,"commentCount":0,"publisher":{"@id":"https:\/\/www.m-q.ch\/fr\/#organization"},"image":{"@id":"https:\/\/www.m-q.ch\/de\/control-2016-30-jahre-qualitaetssicherung\/#primaryimage"},"thumbnailUrl":"https:\/\/www.m-q.ch\/wp-content\/uploads\/2016\/12\/Control-2016-\u2013-30-Jahre-Qualit\u00e4tssicherung-management-und-qualitaet-scaled.jpg","keywords":["Fachkongress\/Fachmesse","Mess- und Warnger\u00e4te"],"articleSection":["Unkategorisiert"],"inLanguage":"en-US"},{"@type":"WebPage","@id":"https:\/\/www.m-q.ch\/de\/control-2016-30-jahre-qualitaetssicherung\/","url":"https:\/\/www.m-q.ch\/de\/control-2016-30-jahre-qualitaetssicherung\/","name":"Control 2016 - 30 years of quality assurance - MQ Management und Qualit\u00e4t","isPartOf":{"@id":"https:\/\/www.m-q.ch\/fr\/#website"},"primaryImageOfPage":{"@id":"https:\/\/www.m-q.ch\/de\/control-2016-30-jahre-qualitaetssicherung\/#primaryimage"},"image":{"@id":"https:\/\/www.m-q.ch\/de\/control-2016-30-jahre-qualitaetssicherung\/#primaryimage"},"thumbnailUrl":"https:\/\/www.m-q.ch\/wp-content\/uploads\/2016\/12\/Control-2016-\u2013-30-Jahre-Qualit\u00e4tssicherung-management-und-qualitaet-scaled.jpg","datePublished":"2016-01-24T15:57:32+00:00","dateModified":"2017-03-01T14:34:09+00:00","description":"In 2016, Control - International Trade Fair for Quality Assurance celebrates its 30th birthday!","breadcrumb":{"@id":"https:\/\/www.m-q.ch\/de\/control-2016-30-jahre-qualitaetssicherung\/#breadcrumb"},"inLanguage":"en-US","potentialAction":[{"@type":"ReadAction","target":["https:\/\/www.m-q.ch\/de\/control-2016-30-jahre-qualitaetssicherung\/"]}]},{"@type":"ImageObject","inLanguage":"en-US","@id":"https:\/\/www.m-q.ch\/de\/control-2016-30-jahre-qualitaetssicherung\/#primaryimage","url":"https:\/\/www.m-q.ch\/wp-content\/uploads\/2016\/12\/Control-2016-\u2013-30-Jahre-Qualit\u00e4tssicherung-management-und-qualitaet-scaled.jpg","contentUrl":"https:\/\/www.m-q.ch\/wp-content\/uploads\/2016\/12\/Control-2016-\u2013-30-Jahre-Qualit\u00e4tssicherung-management-und-qualitaet-scaled.jpg","width":2560,"height":1730,"caption":"(Bild: depositphotos)"},{"@type":"BreadcrumbList","@id":"https:\/\/www.m-q.ch\/de\/control-2016-30-jahre-qualitaetssicherung\/#breadcrumb","itemListElement":[{"@type":"ListItem","position":1,"name":"Unkategorisiert","item":"https:\/\/www.m-q.ch\/it\/categoria\/senza-categoria\/"},{"@type":"ListItem","position":2,"name":"Control 2016 \u2013 30 Jahre Qualit\u00e4tssicherung"}]},{"@type":"WebSite","@id":"https:\/\/www.m-q.ch\/fr\/#website","url":"https:\/\/www.m-q.ch\/fr\/","name":"MQ Management and Quality","description":"Platform for integrated management systems.","publisher":{"@id":"https:\/\/www.m-q.ch\/fr\/#organization"},"potentialAction":[{"@type":"SearchAction","target":{"@type":"EntryPoint","urlTemplate":"https:\/\/www.m-q.ch\/fr\/?s={search_term_string}"},"query-input":{"@type":"PropertyValueSpecification","valueRequired":true,"valueName":"search_term_string"}}],"inLanguage":"en-US"},{"@type":"Organization","@id":"https:\/\/www.m-q.ch\/fr\/#organization","name":"Galledia Trade Media AG","url":"https:\/\/www.m-q.ch\/fr\/","logo":{"@type":"ImageObject","inLanguage":"en-US","@id":"https:\/\/www.m-q.ch\/fr\/#\/schema\/logo\/image\/","url":"https:\/\/www.m-q.ch\/wp-content\/uploads\/2020\/12\/cropped-logo_small.png","contentUrl":"https:\/\/www.m-q.ch\/wp-content\/uploads\/2020\/12\/cropped-logo_small.png","width":512,"height":512,"caption":"Galledia Fachmedien AG"},"image":{"@id":"https:\/\/www.m-q.ch\/fr\/#\/schema\/logo\/image\/"},"sameAs":["https:\/\/www.facebook.com\/ManagementUndQualitaet","https:\/\/www.linkedin.com\/showcase\/17982321\/admin\/"]},{"@type":"Person","@id":"https:\/\/www.m-q.ch\/fr\/#\/schema\/person\/c0139a2c55a374db6df2cde78ec87148","name":"galledia","image":{"@type":"ImageObject","inLanguage":"en-US","@id":"https:\/\/www.m-q.ch\/fr\/#\/schema\/person\/image\/","url":"https:\/\/secure.gravatar.com\/avatar\/66edf527eac29e9a5eb25bcada01f61a?s=96&d=mm&r=g","contentUrl":"https:\/\/secure.gravatar.com\/avatar\/66edf527eac29e9a5eb25bcada01f61a?s=96&d=mm&r=g","caption":"galledia"},"url":"https:\/\/www.m-q.ch\/en\/author\/galledia\/"}]}},"_links":{"self":[{"href":"https:\/\/www.m-q.ch\/en\/wp-json\/wp\/v2\/posts\/294","targetHints":{"allow":["GET"]}}],"collection":[{"href":"https:\/\/www.m-q.ch\/en\/wp-json\/wp\/v2\/posts"}],"about":[{"href":"https:\/\/www.m-q.ch\/en\/wp-json\/wp\/v2\/types\/post"}],"author":[{"embeddable":true,"href":"https:\/\/www.m-q.ch\/en\/wp-json\/wp\/v2\/users\/1"}],"replies":[{"embeddable":true,"href":"https:\/\/www.m-q.ch\/en\/wp-json\/wp\/v2\/comments?post=294"}],"version-history":[{"count":3,"href":"https:\/\/www.m-q.ch\/en\/wp-json\/wp\/v2\/posts\/294\/revisions"}],"predecessor-version":[{"id":1198,"href":"https:\/\/www.m-q.ch\/en\/wp-json\/wp\/v2\/posts\/294\/revisions\/1198"}],"wp:featuredmedia":[{"embeddable":true,"href":"https:\/\/www.m-q.ch\/en\/wp-json\/wp\/v2\/media\/78"}],"wp:attachment":[{"href":"https:\/\/www.m-q.ch\/en\/wp-json\/wp\/v2\/media?parent=294"}],"wp:term":[{"taxonomy":"category","embeddable":true,"href":"https:\/\/www.m-q.ch\/en\/wp-json\/wp\/v2\/categories?post=294"},{"taxonomy":"post_tag","embeddable":true,"href":"https:\/\/www.m-q.ch\/en\/wp-json\/wp\/v2\/tags?post=294"}],"curies":[{"name":"wp","href":"https:\/\/api.w.org\/{rel}","templated":true}]}}