{"id":304,"date":"2016-02-03T17:03:00","date_gmt":"2016-02-03T16:03:00","guid":{"rendered":"http:\/\/dev.m-q.ch\/?p=304"},"modified":"2017-02-24T13:13:42","modified_gmt":"2017-02-24T12:13:42","slug":"occupational-safety-standard-introduced","status":"publish","type":"post","link":"https:\/\/www.m-q.ch\/en\/arbeitssicherheit-norm-eingeleitet\/","title":{"rendered":"Occupational safety: standard initiated"},"content":{"rendered":"<figure id=\"attachment_58\" aria-describedby=\"caption-attachment-58\" style=\"width: 680px\" class=\"wp-caption alignnone\"><a href=\"https:\/\/m-q.ch\/wp-content\/uploads\/2016\/12\/Arbeitssicherheitn-Norm-eingeleitet-management-und-qualitaet.jpg\"><img loading=\"lazy\" decoding=\"async\" class=\"wp-image-58 size-medium\" src=\"https:\/\/www.m-q.ch\/wp-content\/uploads\/2016\/12\/Arbeitssicherheitn-Norm-eingeleitet-management-und-qualitaet-680x453.jpg\" width=\"680\" height=\"453\" srcset=\"https:\/\/www.m-q.ch\/wp-content\/uploads\/2016\/12\/Arbeitssicherheitn-Norm-eingeleitet-management-und-qualitaet-680x453.jpg 680w, https:\/\/www.m-q.ch\/wp-content\/uploads\/2016\/12\/Arbeitssicherheitn-Norm-eingeleitet-management-und-qualitaet-768x512.jpg 768w, https:\/\/www.m-q.ch\/wp-content\/uploads\/2016\/12\/Arbeitssicherheitn-Norm-eingeleitet-management-und-qualitaet-16x12.jpg 16w, https:\/\/www.m-q.ch\/wp-content\/uploads\/2016\/12\/Arbeitssicherheitn-Norm-eingeleitet-management-und-qualitaet-263x175.jpg 263w, https:\/\/www.m-q.ch\/wp-content\/uploads\/2016\/12\/Arbeitssicherheitn-Norm-eingeleitet-management-und-qualitaet-525x350.jpg 525w, https:\/\/www.m-q.ch\/wp-content\/uploads\/2016\/12\/Arbeitssicherheitn-Norm-eingeleitet-management-und-qualitaet-920x613.jpg 920w, https:\/\/www.m-q.ch\/wp-content\/uploads\/2016\/12\/Arbeitssicherheitn-Norm-eingeleitet-management-und-qualitaet-300x200.jpg 300w, https:\/\/www.m-q.ch\/wp-content\/uploads\/2016\/12\/Arbeitssicherheitn-Norm-eingeleitet-management-und-qualitaet-1024x682.jpg 1024w, https:\/\/www.m-q.ch\/wp-content\/uploads\/2016\/12\/Arbeitssicherheitn-Norm-eingeleitet-management-und-qualitaet-624x416.jpg 624w, https:\/\/www.m-q.ch\/wp-content\/uploads\/2016\/12\/Arbeitssicherheitn-Norm-eingeleitet-management-und-qualitaet.jpg 1124w\" sizes=\"auto, (max-width: 680px) 100vw, 680px\" \/><\/a><figcaption id=\"caption-attachment-58\" class=\"wp-caption-text\">Every year, 2.3 million people lose their lives as a result of a workplace-related injury or illness. (ZvG: Suva)<\/figcaption><\/figure>\n<p>Every year, 2.3 million people lose their lives as a result of a workplace injury or illness. More than 300 million others suffer a non-fatal workplace accident. Such accidents and illnesses represent an enormous burden. ISO 45001 will enable industries and organizations of all sizes to optimize the health and safety of their workforce, reduce risks and develop better working conditions.<\/p>\n<p>The origins of ISO 45001 lie in OHSAS 18001, which sets out requirements and recommendations for the implementation of a system and structure to protect the workforce (reduce risks). It is designed for effective integration into existing management systems and complements related measures.<\/p>\n<p>ISO 45001 is due to be published in October 2016.<\/p>","protected":false},"excerpt":{"rendered":"<p>Jedes Jahr verlieren 2,3 Millionen Menschen infolge einer arbeitsplatzbedingten Verletzung oder Krankheit ihr Leben. Mehr als 300 Millionen weitere Menschen erleiden einen Arbeitsunfall, der nicht t\u00f6dlich ausgeht. Solche Unf\u00e4lle und Krankheiten eine enorme Belastung dar. Mittels der ISO 45001 werden Branchen und Organisationen jeder Gr\u00f6sse die Gesundheit und die Sicherheit ihrer Belegschaft optimieren, Risiken vermindern [&hellip;]<\/p>\n","protected":false},"author":1,"featured_media":58,"comment_status":"open","ping_status":"open","sticky":false,"template":"","format":"standard","meta":{"_acf_changed":false,"footnotes":""},"categories":[1],"tags":[3348],"class_list":["post-304","post","type-post","status-publish","format-standard","has-post-thumbnail","hentry","category-unkategorisiert","tag-arbeitssicherheit"],"acf":[],"yoast_head":"<!-- This site is optimized with the Yoast SEO plugin v26.2 - https:\/\/yoast.com\/wordpress\/plugins\/seo\/ -->\n<title>Arbeitssicherheit: Norm eingeleitet - MQ Management und Qualit\u00e4t<\/title>\n<meta name=\"description\" content=\"Arbeitssicherheit: ISO 45001, die erste ISO-Norm f\u00fcr Arbeitssicherheits-Managementsysteme, ist ihrer Ver\u00f6ffentlichung einen Schritt n\u00e4her.\" \/>\n<meta name=\"robots\" content=\"index, follow, max-snippet:-1, max-image-preview:large, max-video-preview:-1\" \/>\n<link rel=\"canonical\" href=\"https:\/\/www.m-q.ch\/en\/occupational-safety-standard-introduced\/\" \/>\n<meta property=\"og:locale\" content=\"en_US\" \/>\n<meta property=\"og:type\" content=\"article\" \/>\n<meta property=\"og:title\" content=\"Arbeitssicherheit: Norm eingeleitet - MQ Management und Qualit\u00e4t\" \/>\n<meta property=\"og:description\" content=\"Arbeitssicherheit: ISO 45001, die erste ISO-Norm f\u00fcr Arbeitssicherheits-Managementsysteme, ist ihrer Ver\u00f6ffentlichung einen Schritt n\u00e4her.\" \/>\n<meta property=\"og:url\" content=\"https:\/\/www.m-q.ch\/en\/occupational-safety-standard-introduced\/\" \/>\n<meta property=\"og:site_name\" content=\"MQ Management und Qualit\u00e4t\" \/>\n<meta property=\"article:publisher\" content=\"https:\/\/www.facebook.com\/ManagementUndQualitaet\" \/>\n<meta property=\"article:published_time\" content=\"2016-02-03T16:03:00+00:00\" \/>\n<meta property=\"article:modified_time\" content=\"2017-02-24T12:13:42+00:00\" \/>\n<meta property=\"og:image\" content=\"https:\/\/www.m-q.ch\/wp-content\/uploads\/2016\/12\/Arbeitssicherheitn-Norm-eingeleitet-management-und-qualitaet.jpg\" \/>\n\t<meta property=\"og:image:width\" content=\"1124\" \/>\n\t<meta property=\"og:image:height\" content=\"749\" \/>\n\t<meta property=\"og:image:type\" content=\"image\/jpeg\" \/>\n<meta name=\"author\" content=\"galledia\" \/>\n<meta name=\"twitter:card\" content=\"summary_large_image\" \/>\n<meta name=\"twitter:label1\" content=\"Written by\" \/>\n\t<meta name=\"twitter:data1\" content=\"galledia\" \/>\n\t<meta name=\"twitter:label2\" content=\"Est. reading time\" \/>\n\t<meta name=\"twitter:data2\" content=\"1 minute\" \/>\n<script type=\"application\/ld+json\" class=\"yoast-schema-graph\">{\"@context\":\"https:\/\/schema.org\",\"@graph\":[{\"@type\":\"Article\",\"@id\":\"https:\/\/www.m-q.ch\/de\/arbeitssicherheit-norm-eingeleitet\/#article\",\"isPartOf\":{\"@id\":\"https:\/\/www.m-q.ch\/de\/arbeitssicherheit-norm-eingeleitet\/\"},\"author\":{\"name\":\"galledia\",\"@id\":\"https:\/\/www.m-q.ch\/fr\/#\/schema\/person\/c0139a2c55a374db6df2cde78ec87148\"},\"headline\":\"Arbeitssicherheit: Norm eingeleitet\",\"datePublished\":\"2016-02-03T16:03:00+00:00\",\"dateModified\":\"2017-02-24T12:13:42+00:00\",\"mainEntityOfPage\":{\"@id\":\"https:\/\/www.m-q.ch\/de\/arbeitssicherheit-norm-eingeleitet\/\"},\"wordCount\":140,\"commentCount\":0,\"publisher\":{\"@id\":\"https:\/\/www.m-q.ch\/fr\/#organization\"},\"image\":{\"@id\":\"https:\/\/www.m-q.ch\/de\/arbeitssicherheit-norm-eingeleitet\/#primaryimage\"},\"thumbnailUrl\":\"https:\/\/www.m-q.ch\/wp-content\/uploads\/2016\/12\/Arbeitssicherheitn-Norm-eingeleitet-management-und-qualitaet.jpg\",\"keywords\":[\"Arbeitssicherheit\"],\"articleSection\":[\"Unkategorisiert\"],\"inLanguage\":\"en-US\"},{\"@type\":\"WebPage\",\"@id\":\"https:\/\/www.m-q.ch\/de\/arbeitssicherheit-norm-eingeleitet\/\",\"url\":\"https:\/\/www.m-q.ch\/de\/arbeitssicherheit-norm-eingeleitet\/\",\"name\":\"Arbeitssicherheit: Norm eingeleitet - MQ Management und Qualit\u00e4t\",\"isPartOf\":{\"@id\":\"https:\/\/www.m-q.ch\/fr\/#website\"},\"primaryImageOfPage\":{\"@id\":\"https:\/\/www.m-q.ch\/de\/arbeitssicherheit-norm-eingeleitet\/#primaryimage\"},\"image\":{\"@id\":\"https:\/\/www.m-q.ch\/de\/arbeitssicherheit-norm-eingeleitet\/#primaryimage\"},\"thumbnailUrl\":\"https:\/\/www.m-q.ch\/wp-content\/uploads\/2016\/12\/Arbeitssicherheitn-Norm-eingeleitet-management-und-qualitaet.jpg\",\"datePublished\":\"2016-02-03T16:03:00+00:00\",\"dateModified\":\"2017-02-24T12:13:42+00:00\",\"description\":\"Arbeitssicherheit: ISO 45001, die erste ISO-Norm f\u00fcr Arbeitssicherheits-Managementsysteme, ist ihrer Ver\u00f6ffentlichung einen Schritt n\u00e4her.\",\"breadcrumb\":{\"@id\":\"https:\/\/www.m-q.ch\/de\/arbeitssicherheit-norm-eingeleitet\/#breadcrumb\"},\"inLanguage\":\"en-US\",\"potentialAction\":[{\"@type\":\"ReadAction\",\"target\":[\"https:\/\/www.m-q.ch\/de\/arbeitssicherheit-norm-eingeleitet\/\"]}]},{\"@type\":\"ImageObject\",\"inLanguage\":\"en-US\",\"@id\":\"https:\/\/www.m-q.ch\/de\/arbeitssicherheit-norm-eingeleitet\/#primaryimage\",\"url\":\"https:\/\/www.m-q.ch\/wp-content\/uploads\/2016\/12\/Arbeitssicherheitn-Norm-eingeleitet-management-und-qualitaet.jpg\",\"contentUrl\":\"https:\/\/www.m-q.ch\/wp-content\/uploads\/2016\/12\/Arbeitssicherheitn-Norm-eingeleitet-management-und-qualitaet.jpg\",\"width\":1124,\"height\":749,\"caption\":\"J\u00e4hrlich verlieren 2,3 Millionen Menschen infolge einer arbeitsplatzbedingten Verletzung oder Krankheit ihr Leben. (ZvG: Suva)\"},{\"@type\":\"BreadcrumbList\",\"@id\":\"https:\/\/www.m-q.ch\/de\/arbeitssicherheit-norm-eingeleitet\/#breadcrumb\",\"itemListElement\":[{\"@type\":\"ListItem\",\"position\":1,\"name\":\"Unkategorisiert\",\"item\":\"https:\/\/www.m-q.ch\/it\/categoria\/senza-categoria\/\"},{\"@type\":\"ListItem\",\"position\":2,\"name\":\"Arbeitssicherheit: Norm eingeleitet\"}]},{\"@type\":\"WebSite\",\"@id\":\"https:\/\/www.m-q.ch\/fr\/#website\",\"url\":\"https:\/\/www.m-q.ch\/fr\/\",\"name\":\"MQ Management und Qualit\u00e4t\",\"description\":\"Plattform f\u00fcr integrierte Managementsysteme.\",\"publisher\":{\"@id\":\"https:\/\/www.m-q.ch\/fr\/#organization\"},\"potentialAction\":[{\"@type\":\"SearchAction\",\"target\":{\"@type\":\"EntryPoint\",\"urlTemplate\":\"https:\/\/www.m-q.ch\/fr\/?s={search_term_string}\"},\"query-input\":{\"@type\":\"PropertyValueSpecification\",\"valueRequired\":true,\"valueName\":\"search_term_string\"}}],\"inLanguage\":\"en-US\"},{\"@type\":\"Organization\",\"@id\":\"https:\/\/www.m-q.ch\/fr\/#organization\",\"name\":\"Galledia Fachmedien AG\",\"url\":\"https:\/\/www.m-q.ch\/fr\/\",\"logo\":{\"@type\":\"ImageObject\",\"inLanguage\":\"en-US\",\"@id\":\"https:\/\/www.m-q.ch\/fr\/#\/schema\/logo\/image\/\",\"url\":\"https:\/\/www.m-q.ch\/wp-content\/uploads\/2020\/12\/cropped-logo_small.png\",\"contentUrl\":\"https:\/\/www.m-q.ch\/wp-content\/uploads\/2020\/12\/cropped-logo_small.png\",\"width\":512,\"height\":512,\"caption\":\"Galledia Fachmedien AG\"},\"image\":{\"@id\":\"https:\/\/www.m-q.ch\/fr\/#\/schema\/logo\/image\/\"},\"sameAs\":[\"https:\/\/www.facebook.com\/ManagementUndQualitaet\",\"https:\/\/www.linkedin.com\/showcase\/17982321\/admin\/\"]},{\"@type\":\"Person\",\"@id\":\"https:\/\/www.m-q.ch\/fr\/#\/schema\/person\/c0139a2c55a374db6df2cde78ec87148\",\"name\":\"galledia\",\"image\":{\"@type\":\"ImageObject\",\"inLanguage\":\"en-US\",\"@id\":\"https:\/\/www.m-q.ch\/fr\/#\/schema\/person\/image\/\",\"url\":\"https:\/\/secure.gravatar.com\/avatar\/66edf527eac29e9a5eb25bcada01f61a?s=96&d=mm&r=g\",\"contentUrl\":\"https:\/\/secure.gravatar.com\/avatar\/66edf527eac29e9a5eb25bcada01f61a?s=96&d=mm&r=g\",\"caption\":\"galledia\"},\"url\":\"https:\/\/www.m-q.ch\/en\/author\/galledia\/\"}]}<\/script>\n<!-- \/ Yoast SEO plugin. -->","yoast_head_json":{"title":"Occupational safety: Standard introduced - MQ Management and quality","description":"Occupational safety: ISO 45001, the first ISO standard for occupational safety management systems, is one step closer to publication.","robots":{"index":"index","follow":"follow","max-snippet":"max-snippet:-1","max-image-preview":"max-image-preview:large","max-video-preview":"max-video-preview:-1"},"canonical":"https:\/\/www.m-q.ch\/en\/occupational-safety-standard-introduced\/","og_locale":"en_US","og_type":"article","og_title":"Arbeitssicherheit: Norm eingeleitet - MQ Management und Qualit\u00e4t","og_description":"Arbeitssicherheit: ISO 45001, die erste ISO-Norm f\u00fcr Arbeitssicherheits-Managementsysteme, ist ihrer Ver\u00f6ffentlichung einen Schritt n\u00e4her.","og_url":"https:\/\/www.m-q.ch\/en\/occupational-safety-standard-introduced\/","og_site_name":"MQ Management und Qualit\u00e4t","article_publisher":"https:\/\/www.facebook.com\/ManagementUndQualitaet","article_published_time":"2016-02-03T16:03:00+00:00","article_modified_time":"2017-02-24T12:13:42+00:00","og_image":[{"width":1124,"height":749,"url":"https:\/\/www.m-q.ch\/wp-content\/uploads\/2016\/12\/Arbeitssicherheitn-Norm-eingeleitet-management-und-qualitaet.jpg","type":"image\/jpeg"}],"author":"galledia","twitter_card":"summary_large_image","twitter_misc":{"Written by":"galledia","Est. reading time":"1 minute"},"schema":{"@context":"https:\/\/schema.org","@graph":[{"@type":"Article","@id":"https:\/\/www.m-q.ch\/de\/arbeitssicherheit-norm-eingeleitet\/#article","isPartOf":{"@id":"https:\/\/www.m-q.ch\/de\/arbeitssicherheit-norm-eingeleitet\/"},"author":{"name":"galledia","@id":"https:\/\/www.m-q.ch\/fr\/#\/schema\/person\/c0139a2c55a374db6df2cde78ec87148"},"headline":"Arbeitssicherheit: Norm eingeleitet","datePublished":"2016-02-03T16:03:00+00:00","dateModified":"2017-02-24T12:13:42+00:00","mainEntityOfPage":{"@id":"https:\/\/www.m-q.ch\/de\/arbeitssicherheit-norm-eingeleitet\/"},"wordCount":140,"commentCount":0,"publisher":{"@id":"https:\/\/www.m-q.ch\/fr\/#organization"},"image":{"@id":"https:\/\/www.m-q.ch\/de\/arbeitssicherheit-norm-eingeleitet\/#primaryimage"},"thumbnailUrl":"https:\/\/www.m-q.ch\/wp-content\/uploads\/2016\/12\/Arbeitssicherheitn-Norm-eingeleitet-management-und-qualitaet.jpg","keywords":["Arbeitssicherheit"],"articleSection":["Unkategorisiert"],"inLanguage":"en-US"},{"@type":"WebPage","@id":"https:\/\/www.m-q.ch\/de\/arbeitssicherheit-norm-eingeleitet\/","url":"https:\/\/www.m-q.ch\/de\/arbeitssicherheit-norm-eingeleitet\/","name":"Occupational safety: Standard introduced - MQ Management and quality","isPartOf":{"@id":"https:\/\/www.m-q.ch\/fr\/#website"},"primaryImageOfPage":{"@id":"https:\/\/www.m-q.ch\/de\/arbeitssicherheit-norm-eingeleitet\/#primaryimage"},"image":{"@id":"https:\/\/www.m-q.ch\/de\/arbeitssicherheit-norm-eingeleitet\/#primaryimage"},"thumbnailUrl":"https:\/\/www.m-q.ch\/wp-content\/uploads\/2016\/12\/Arbeitssicherheitn-Norm-eingeleitet-management-und-qualitaet.jpg","datePublished":"2016-02-03T16:03:00+00:00","dateModified":"2017-02-24T12:13:42+00:00","description":"Occupational safety: ISO 45001, the first ISO standard for occupational safety management systems, is one step closer to publication.","breadcrumb":{"@id":"https:\/\/www.m-q.ch\/de\/arbeitssicherheit-norm-eingeleitet\/#breadcrumb"},"inLanguage":"en-US","potentialAction":[{"@type":"ReadAction","target":["https:\/\/www.m-q.ch\/de\/arbeitssicherheit-norm-eingeleitet\/"]}]},{"@type":"ImageObject","inLanguage":"en-US","@id":"https:\/\/www.m-q.ch\/de\/arbeitssicherheit-norm-eingeleitet\/#primaryimage","url":"https:\/\/www.m-q.ch\/wp-content\/uploads\/2016\/12\/Arbeitssicherheitn-Norm-eingeleitet-management-und-qualitaet.jpg","contentUrl":"https:\/\/www.m-q.ch\/wp-content\/uploads\/2016\/12\/Arbeitssicherheitn-Norm-eingeleitet-management-und-qualitaet.jpg","width":1124,"height":749,"caption":"J\u00e4hrlich verlieren 2,3 Millionen Menschen infolge einer arbeitsplatzbedingten Verletzung oder Krankheit ihr Leben. (ZvG: Suva)"},{"@type":"BreadcrumbList","@id":"https:\/\/www.m-q.ch\/de\/arbeitssicherheit-norm-eingeleitet\/#breadcrumb","itemListElement":[{"@type":"ListItem","position":1,"name":"Unkategorisiert","item":"https:\/\/www.m-q.ch\/it\/categoria\/senza-categoria\/"},{"@type":"ListItem","position":2,"name":"Arbeitssicherheit: Norm eingeleitet"}]},{"@type":"WebSite","@id":"https:\/\/www.m-q.ch\/fr\/#website","url":"https:\/\/www.m-q.ch\/fr\/","name":"MQ Management and Quality","description":"Platform for integrated management systems.","publisher":{"@id":"https:\/\/www.m-q.ch\/fr\/#organization"},"potentialAction":[{"@type":"SearchAction","target":{"@type":"EntryPoint","urlTemplate":"https:\/\/www.m-q.ch\/fr\/?s={search_term_string}"},"query-input":{"@type":"PropertyValueSpecification","valueRequired":true,"valueName":"search_term_string"}}],"inLanguage":"en-US"},{"@type":"Organization","@id":"https:\/\/www.m-q.ch\/fr\/#organization","name":"Galledia Trade Media AG","url":"https:\/\/www.m-q.ch\/fr\/","logo":{"@type":"ImageObject","inLanguage":"en-US","@id":"https:\/\/www.m-q.ch\/fr\/#\/schema\/logo\/image\/","url":"https:\/\/www.m-q.ch\/wp-content\/uploads\/2020\/12\/cropped-logo_small.png","contentUrl":"https:\/\/www.m-q.ch\/wp-content\/uploads\/2020\/12\/cropped-logo_small.png","width":512,"height":512,"caption":"Galledia Fachmedien AG"},"image":{"@id":"https:\/\/www.m-q.ch\/fr\/#\/schema\/logo\/image\/"},"sameAs":["https:\/\/www.facebook.com\/ManagementUndQualitaet","https:\/\/www.linkedin.com\/showcase\/17982321\/admin\/"]},{"@type":"Person","@id":"https:\/\/www.m-q.ch\/fr\/#\/schema\/person\/c0139a2c55a374db6df2cde78ec87148","name":"galledia","image":{"@type":"ImageObject","inLanguage":"en-US","@id":"https:\/\/www.m-q.ch\/fr\/#\/schema\/person\/image\/","url":"https:\/\/secure.gravatar.com\/avatar\/66edf527eac29e9a5eb25bcada01f61a?s=96&d=mm&r=g","contentUrl":"https:\/\/secure.gravatar.com\/avatar\/66edf527eac29e9a5eb25bcada01f61a?s=96&d=mm&r=g","caption":"galledia"},"url":"https:\/\/www.m-q.ch\/en\/author\/galledia\/"}]}},"_links":{"self":[{"href":"https:\/\/www.m-q.ch\/en\/wp-json\/wp\/v2\/posts\/304","targetHints":{"allow":["GET"]}}],"collection":[{"href":"https:\/\/www.m-q.ch\/en\/wp-json\/wp\/v2\/posts"}],"about":[{"href":"https:\/\/www.m-q.ch\/en\/wp-json\/wp\/v2\/types\/post"}],"author":[{"embeddable":true,"href":"https:\/\/www.m-q.ch\/en\/wp-json\/wp\/v2\/users\/1"}],"replies":[{"embeddable":true,"href":"https:\/\/www.m-q.ch\/en\/wp-json\/wp\/v2\/comments?post=304"}],"version-history":[{"count":3,"href":"https:\/\/www.m-q.ch\/en\/wp-json\/wp\/v2\/posts\/304\/revisions"}],"predecessor-version":[{"id":959,"href":"https:\/\/www.m-q.ch\/en\/wp-json\/wp\/v2\/posts\/304\/revisions\/959"}],"wp:featuredmedia":[{"embeddable":true,"href":"https:\/\/www.m-q.ch\/en\/wp-json\/wp\/v2\/media\/58"}],"wp:attachment":[{"href":"https:\/\/www.m-q.ch\/en\/wp-json\/wp\/v2\/media?parent=304"}],"wp:term":[{"taxonomy":"category","embeddable":true,"href":"https:\/\/www.m-q.ch\/en\/wp-json\/wp\/v2\/categories?post=304"},{"taxonomy":"post_tag","embeddable":true,"href":"https:\/\/www.m-q.ch\/en\/wp-json\/wp\/v2\/tags?post=304"}],"curies":[{"name":"wp","href":"https:\/\/api.w.org\/{rel}","templated":true}]}}