{"id":347,"date":"2016-03-11T10:47:42","date_gmt":"2016-03-11T09:47:42","guid":{"rendered":"http:\/\/dev.m-q.ch\/?p=347"},"modified":"2017-03-01T15:05:56","modified_gmt":"2017-03-01T14:05:56","slug":"the-winners-of-the-esprix-swiss-award-for-excellence-2016","status":"publish","type":"post","link":"https:\/\/www.m-q.ch\/en\/die-sieger-des-esprix-swiss-award-for-excellence-2016\/","title":{"rendered":"The winners of the ESPRIX Swiss Award for Excellence 2016"},"content":{"rendered":"<figure id=\"attachment_91\" aria-describedby=\"caption-attachment-91\" style=\"width: 680px\" class=\"wp-caption alignnone\"><a href=\"https:\/\/m-q.ch\/wp-content\/uploads\/2016\/12\/Die-Sieger-des-ESPRIX-Swiss-Award-for-Excellence-2016-management-und-qualitaet.jpg\"><img loading=\"lazy\" decoding=\"async\" class=\"wp-image-91 size-medium\" src=\"https:\/\/www.m-q.ch\/wp-content\/uploads\/2016\/12\/Die-Sieger-des-ESPRIX-Swiss-Award-for-Excellence-2016-management-und-qualitaet-680x477.jpg\" width=\"680\" height=\"477\" srcset=\"https:\/\/www.m-q.ch\/wp-content\/uploads\/2016\/12\/Die-Sieger-des-ESPRIX-Swiss-Award-for-Excellence-2016-management-und-qualitaet-680x477.jpg 680w, https:\/\/www.m-q.ch\/wp-content\/uploads\/2016\/12\/Die-Sieger-des-ESPRIX-Swiss-Award-for-Excellence-2016-management-und-qualitaet-768x539.jpg 768w, https:\/\/www.m-q.ch\/wp-content\/uploads\/2016\/12\/Die-Sieger-des-ESPRIX-Swiss-Award-for-Excellence-2016-management-und-qualitaet-1536x1077.jpg 1536w, https:\/\/www.m-q.ch\/wp-content\/uploads\/2016\/12\/Die-Sieger-des-ESPRIX-Swiss-Award-for-Excellence-2016-management-und-qualitaet-2048x1437.jpg 2048w, https:\/\/www.m-q.ch\/wp-content\/uploads\/2016\/12\/Die-Sieger-des-ESPRIX-Swiss-Award-for-Excellence-2016-management-und-qualitaet-16x12.jpg 16w, https:\/\/www.m-q.ch\/wp-content\/uploads\/2016\/12\/Die-Sieger-des-ESPRIX-Swiss-Award-for-Excellence-2016-management-und-qualitaet-249x175.jpg 249w, https:\/\/www.m-q.ch\/wp-content\/uploads\/2016\/12\/Die-Sieger-des-ESPRIX-Swiss-Award-for-Excellence-2016-management-und-qualitaet-499x350.jpg 499w, https:\/\/www.m-q.ch\/wp-content\/uploads\/2016\/12\/Die-Sieger-des-ESPRIX-Swiss-Award-for-Excellence-2016-management-und-qualitaet-1141x800.jpg 1141w, https:\/\/www.m-q.ch\/wp-content\/uploads\/2016\/12\/Die-Sieger-des-ESPRIX-Swiss-Award-for-Excellence-2016-management-und-qualitaet-920x645.jpg 920w, https:\/\/www.m-q.ch\/wp-content\/uploads\/2016\/12\/Die-Sieger-des-ESPRIX-Swiss-Award-for-Excellence-2016-management-und-qualitaet-1400x982.jpg 1400w, https:\/\/www.m-q.ch\/wp-content\/uploads\/2016\/12\/Die-Sieger-des-ESPRIX-Swiss-Award-for-Excellence-2016-management-und-qualitaet-1996x1400.jpg 1996w, https:\/\/www.m-q.ch\/wp-content\/uploads\/2016\/12\/Die-Sieger-des-ESPRIX-Swiss-Award-for-Excellence-2016-management-und-qualitaet-300x210.jpg 300w, https:\/\/www.m-q.ch\/wp-content\/uploads\/2016\/12\/Die-Sieger-des-ESPRIX-Swiss-Award-for-Excellence-2016-management-und-qualitaet-1024x718.jpg 1024w, https:\/\/www.m-q.ch\/wp-content\/uploads\/2016\/12\/Die-Sieger-des-ESPRIX-Swiss-Award-for-Excellence-2016-management-und-qualitaet-624x438.jpg 624w\" sizes=\"auto, (max-width: 680px) 100vw, 680px\" \/><\/a><figcaption id=\"caption-attachment-91\" class=\"wp-caption-text\">BMW Zurich-Dielsdorf branch.<\/figcaption><\/figure>\n<p>\"The ESPRIX Award is a significant achievement for all employees,\" emphasizes managing director Reinhard Ahlborn.<\/p>\n<p>The excellence of the BMW Zurich-Dielsdorf branch is based on a long-term strategy and a clear mission statement. This framework describes what employees and managers are guided by in order to provide service for premium vehicles at the highest quality level and in a cost-efficient manner. It is not left to chance whether, when and how processes are improved.<\/p>\n<p>Changes are systematically managed and their success is measured. Thanks to this joint effort by managers and employees, today's tasks can be managed so efficiently that solutions for the future can be developed at the same time. The joy of this year's award winner, the BMW branch in Zurich-Dielsdorf, shows that \"the philosophy of excellence we live by works as a whole, as a team.<\/p>\n<p><strong>The ESPRIX Award<\/strong><\/p>\n<p>\"The ESPRIX Award is a significant achievement for all employees,\" praises Managing Director Reinhard Ahlborn. \"The award is a great honor and proves that we have a high level of sales innovation. A service competence that our customers can also rely on.\"<\/p>\n<p>On their way to business excellence, all companies prepared a comprehensive application. Teams of 5-7 ESPRIX assessors - all of them experienced managers and experts with practical experience - put the nominated companies through their paces. Employees were interviewed by the ESPRIX assessors during an \"on-site visit\" lasting about a week, key company figures were analyzed, and the results were compared with the findings from the application documents.<\/p>\n<p>The assessment is based on the fundamentals of the EFQM Excellence Model of the European Foundation for Quality Management (EFQM) and helps companies and organizations to improve sustainably and continuously.<\/p>\n<p>More about the ESPRIX Award at <a href=\"http:\/\/www.esprix.ch\" target=\"_blank\" data-cke-saved-href=\"http:\/\/www.esprix.ch\">www.esprix.ch<\/a><\/p>\n<p><strong>Impressions of the ESPRIX Swiss Award for Excellence<\/strong><\/p>\n<div id='gallery-1' class='gallery galleryid-347 gallery-columns-3 gallery-size-thumbnail'><figure class='gallery-item'>\n\t\t\t<div class='gallery-icon landscape'>\n\t\t\t\t<a href='https:\/\/www.m-q.ch\/en\/die-sieger-des-esprix-swiss-award-for-excellence-2016-6-management-und-qualitaet\/'><img loading=\"lazy\" decoding=\"async\" width=\"96\" height=\"96\" src=\"https:\/\/www.m-q.ch\/wp-content\/uploads\/2016\/12\/Die-Sieger-des-ESPRIX-Swiss-Award-for-Excellence-2016-6-management-und-qualitaet-220x220.jpg\" class=\"attachment-thumbnail size-thumbnail\" alt=\"\" srcset=\"https:\/\/www.m-q.ch\/wp-content\/uploads\/2016\/12\/Die-Sieger-des-ESPRIX-Swiss-Award-for-Excellence-2016-6-management-und-qualitaet-220x220.jpg 220w, https:\/\/www.m-q.ch\/wp-content\/uploads\/2016\/12\/Die-Sieger-des-ESPRIX-Swiss-Award-for-Excellence-2016-6-management-und-qualitaet-250x250.jpg 250w, https:\/\/www.m-q.ch\/wp-content\/uploads\/2016\/12\/Die-Sieger-des-ESPRIX-Swiss-Award-for-Excellence-2016-6-management-und-qualitaet-150x150.jpg 150w, https:\/\/www.m-q.ch\/wp-content\/uploads\/2016\/12\/Die-Sieger-des-ESPRIX-Swiss-Award-for-Excellence-2016-6-management-und-qualitaet-100x100.jpg 100w\" sizes=\"auto, (max-width: 96px) 100vw, 96px\" \/><\/a>\n\t\t\t<\/div><\/figure><figure class='gallery-item'>\n\t\t\t<div class='gallery-icon landscape'>\n\t\t\t\t<a href='https:\/\/www.m-q.ch\/en\/die-sieger-des-esprix-swiss-award-for-excellence-2016-5-management-und-qualitaet\/'><img loading=\"lazy\" decoding=\"async\" width=\"96\" height=\"96\" src=\"https:\/\/www.m-q.ch\/wp-content\/uploads\/2016\/12\/Die-Sieger-des-ESPRIX-Swiss-Award-for-Excellence-2016-5-management-und-qualitaet-220x220.jpg\" class=\"attachment-thumbnail size-thumbnail\" alt=\"\" srcset=\"https:\/\/www.m-q.ch\/wp-content\/uploads\/2016\/12\/Die-Sieger-des-ESPRIX-Swiss-Award-for-Excellence-2016-5-management-und-qualitaet-220x220.jpg 220w, https:\/\/www.m-q.ch\/wp-content\/uploads\/2016\/12\/Die-Sieger-des-ESPRIX-Swiss-Award-for-Excellence-2016-5-management-und-qualitaet-250x250.jpg 250w, https:\/\/www.m-q.ch\/wp-content\/uploads\/2016\/12\/Die-Sieger-des-ESPRIX-Swiss-Award-for-Excellence-2016-5-management-und-qualitaet-150x150.jpg 150w, https:\/\/www.m-q.ch\/wp-content\/uploads\/2016\/12\/Die-Sieger-des-ESPRIX-Swiss-Award-for-Excellence-2016-5-management-und-qualitaet-100x100.jpg 100w\" sizes=\"auto, (max-width: 96px) 100vw, 96px\" \/><\/a>\n\t\t\t<\/div><\/figure><figure class='gallery-item'>\n\t\t\t<div class='gallery-icon landscape'>\n\t\t\t\t<a href='https:\/\/www.m-q.ch\/en\/die-sieger-des-esprix-swiss-award-for-excellence-2016-4-management-und-qualitaet\/'><img loading=\"lazy\" decoding=\"async\" width=\"96\" height=\"96\" src=\"https:\/\/www.m-q.ch\/wp-content\/uploads\/2016\/12\/Die-Sieger-des-ESPRIX-Swiss-Award-for-Excellence-2016-4-management-und-qualitaet-220x220.jpg\" class=\"attachment-thumbnail size-thumbnail\" alt=\"\" srcset=\"https:\/\/www.m-q.ch\/wp-content\/uploads\/2016\/12\/Die-Sieger-des-ESPRIX-Swiss-Award-for-Excellence-2016-4-management-und-qualitaet-220x220.jpg 220w, https:\/\/www.m-q.ch\/wp-content\/uploads\/2016\/12\/Die-Sieger-des-ESPRIX-Swiss-Award-for-Excellence-2016-4-management-und-qualitaet-250x250.jpg 250w, https:\/\/www.m-q.ch\/wp-content\/uploads\/2016\/12\/Die-Sieger-des-ESPRIX-Swiss-Award-for-Excellence-2016-4-management-und-qualitaet-150x150.jpg 150w, https:\/\/www.m-q.ch\/wp-content\/uploads\/2016\/12\/Die-Sieger-des-ESPRIX-Swiss-Award-for-Excellence-2016-4-management-und-qualitaet-100x100.jpg 100w\" sizes=\"auto, (max-width: 96px) 100vw, 96px\" \/><\/a>\n\t\t\t<\/div><\/figure><figure class='gallery-item'>\n\t\t\t<div class='gallery-icon landscape'>\n\t\t\t\t<a href='https:\/\/www.m-q.ch\/en\/die-sieger-des-esprix-swiss-award-for-excellence-2016-3-management-und-qualitaet\/'><img loading=\"lazy\" decoding=\"async\" width=\"96\" height=\"96\" src=\"https:\/\/www.m-q.ch\/wp-content\/uploads\/2016\/12\/Die-Sieger-des-ESPRIX-Swiss-Award-for-Excellence-2016-3-management-und-qualitaet-220x220.jpg\" class=\"attachment-thumbnail size-thumbnail\" alt=\"\" srcset=\"https:\/\/www.m-q.ch\/wp-content\/uploads\/2016\/12\/Die-Sieger-des-ESPRIX-Swiss-Award-for-Excellence-2016-3-management-und-qualitaet-220x220.jpg 220w, https:\/\/www.m-q.ch\/wp-content\/uploads\/2016\/12\/Die-Sieger-des-ESPRIX-Swiss-Award-for-Excellence-2016-3-management-und-qualitaet-250x250.jpg 250w, https:\/\/www.m-q.ch\/wp-content\/uploads\/2016\/12\/Die-Sieger-des-ESPRIX-Swiss-Award-for-Excellence-2016-3-management-und-qualitaet-150x150.jpg 150w, https:\/\/www.m-q.ch\/wp-content\/uploads\/2016\/12\/Die-Sieger-des-ESPRIX-Swiss-Award-for-Excellence-2016-3-management-und-qualitaet-100x100.jpg 100w\" sizes=\"auto, (max-width: 96px) 100vw, 96px\" \/><\/a>\n\t\t\t<\/div><\/figure><figure class='gallery-item'>\n\t\t\t<div class='gallery-icon landscape'>\n\t\t\t\t<a href='https:\/\/www.m-q.ch\/en\/die-sieger-des-esprix-swiss-award-for-excellence-2016-2-management-und-qualitaet\/'><img loading=\"lazy\" decoding=\"async\" width=\"96\" height=\"96\" src=\"https:\/\/www.m-q.ch\/wp-content\/uploads\/2016\/12\/Die-Sieger-des-ESPRIX-Swiss-Award-for-Excellence-2016-2-management-und-qualitaet-220x220.jpg\" class=\"attachment-thumbnail size-thumbnail\" alt=\"\" srcset=\"https:\/\/www.m-q.ch\/wp-content\/uploads\/2016\/12\/Die-Sieger-des-ESPRIX-Swiss-Award-for-Excellence-2016-2-management-und-qualitaet-220x220.jpg 220w, https:\/\/www.m-q.ch\/wp-content\/uploads\/2016\/12\/Die-Sieger-des-ESPRIX-Swiss-Award-for-Excellence-2016-2-management-und-qualitaet-250x250.jpg 250w, https:\/\/www.m-q.ch\/wp-content\/uploads\/2016\/12\/Die-Sieger-des-ESPRIX-Swiss-Award-for-Excellence-2016-2-management-und-qualitaet-150x150.jpg 150w, https:\/\/www.m-q.ch\/wp-content\/uploads\/2016\/12\/Die-Sieger-des-ESPRIX-Swiss-Award-for-Excellence-2016-2-management-und-qualitaet-100x100.jpg 100w\" sizes=\"auto, (max-width: 96px) 100vw, 96px\" \/><\/a>\n\t\t\t<\/div><\/figure>\n\t\t<\/div>","protected":false},"excerpt":{"rendered":"<p>&#8222;Der ESPRIX Award ist ein bedeutender Leistungsausweis f\u00fcr alle Mitarbeiterinnen und Mitarbeiter&#8220;, unsterstreicht Gesch\u00e4ftsf\u00fchrer Reinhard Ahlborn. Die Exzellenz der BMW Niederlassung Z\u00fcrich-Dielsdorf basiert auf einer langfristigen Strategie und einem klaren Leitbild. Dieser Rahmen beschreibt, woran sich Mitarbeiter und F\u00fchrungskr\u00e4fte orientieren, um Service f\u00fcr Premium-Fahrzeuge auf h\u00f6chstem Qualit\u00e4tsniveau und kosteneffizient zu leisten. Dabei wird es nicht [&hellip;]<\/p>\n","protected":false},"author":1,"featured_media":91,"comment_status":"open","ping_status":"open","sticky":false,"template":"","format":"standard","meta":{"_acf_changed":false,"footnotes":""},"categories":[1],"tags":[3359],"class_list":["post-347","post","type-post","status-publish","format-standard","has-post-thumbnail","hentry","category-unkategorisiert","tag-vereineverbaendeinstitutionen"],"acf":[],"yoast_head":"<!-- This site is optimized with the Yoast SEO plugin v26.2 - https:\/\/yoast.com\/wordpress\/plugins\/seo\/ -->\n<title>Die Sieger des ESPRIX Swiss Award for Excellence 2016 - MQ Management und Qualit\u00e4t<\/title>\n<meta name=\"description\" content=\"Die BMW Niederlassung Z\u00fcrich-Dielsdorf wird mit dem &quot;ESPRIX Swiss Award for Excellence 2016&quot; ausgezeichnet.\" \/>\n<meta name=\"robots\" content=\"index, follow, max-snippet:-1, max-image-preview:large, max-video-preview:-1\" \/>\n<link rel=\"canonical\" href=\"https:\/\/www.m-q.ch\/en\/the-winners-of-esprix-swiss-award-for-excellence-2016\/\" \/>\n<meta property=\"og:locale\" content=\"en_US\" \/>\n<meta property=\"og:type\" content=\"article\" \/>\n<meta property=\"og:title\" content=\"Die Sieger des ESPRIX Swiss Award for Excellence 2016 - MQ Management und Qualit\u00e4t\" \/>\n<meta property=\"og:description\" content=\"Die BMW Niederlassung Z\u00fcrich-Dielsdorf wird mit dem &quot;ESPRIX Swiss Award for Excellence 2016&quot; ausgezeichnet.\" \/>\n<meta property=\"og:url\" content=\"https:\/\/www.m-q.ch\/en\/the-winners-of-esprix-swiss-award-for-excellence-2016\/\" \/>\n<meta property=\"og:site_name\" content=\"MQ Management und Qualit\u00e4t\" \/>\n<meta property=\"article:publisher\" content=\"https:\/\/www.facebook.com\/ManagementUndQualitaet\" \/>\n<meta property=\"article:published_time\" content=\"2016-03-11T09:47:42+00:00\" \/>\n<meta property=\"article:modified_time\" content=\"2017-03-01T14:05:56+00:00\" \/>\n<meta property=\"og:image\" content=\"https:\/\/www.m-q.ch\/wp-content\/uploads\/2016\/12\/Die-Sieger-des-ESPRIX-Swiss-Award-for-Excellence-2016-management-und-qualitaet-scaled.jpg\" \/>\n\t<meta property=\"og:image:width\" content=\"2560\" \/>\n\t<meta property=\"og:image:height\" content=\"1796\" \/>\n\t<meta property=\"og:image:type\" content=\"image\/jpeg\" \/>\n<meta name=\"author\" content=\"galledia\" \/>\n<meta name=\"twitter:card\" content=\"summary_large_image\" \/>\n<meta name=\"twitter:label1\" content=\"Written by\" \/>\n\t<meta name=\"twitter:data1\" content=\"galledia\" \/>\n\t<meta name=\"twitter:label2\" content=\"Est. reading time\" \/>\n\t<meta name=\"twitter:data2\" content=\"2 minutes\" \/>\n<script type=\"application\/ld+json\" class=\"yoast-schema-graph\">{\"@context\":\"https:\/\/schema.org\",\"@graph\":[{\"@type\":\"Article\",\"@id\":\"https:\/\/www.m-q.ch\/fr\/les-laureats-du-prix-suisse-de-lexcellence-2016\/#article\",\"isPartOf\":{\"@id\":\"https:\/\/www.m-q.ch\/fr\/les-laureats-du-prix-suisse-de-lexcellence-2016\/\"},\"author\":{\"name\":\"galledia\",\"@id\":\"https:\/\/www.m-q.ch\/fr\/#\/schema\/person\/c0139a2c55a374db6df2cde78ec87148\"},\"headline\":\"Die Sieger des ESPRIX Swiss Award for Excellence 2016\",\"datePublished\":\"2016-03-11T09:47:42+00:00\",\"dateModified\":\"2017-03-01T14:05:56+00:00\",\"mainEntityOfPage\":{\"@id\":\"https:\/\/www.m-q.ch\/fr\/les-laureats-du-prix-suisse-de-lexcellence-2016\/\"},\"wordCount\":321,\"commentCount\":0,\"publisher\":{\"@id\":\"https:\/\/www.m-q.ch\/fr\/#organization\"},\"image\":{\"@id\":\"https:\/\/www.m-q.ch\/fr\/les-laureats-du-prix-suisse-de-lexcellence-2016\/#primaryimage\"},\"thumbnailUrl\":\"https:\/\/www.m-q.ch\/wp-content\/uploads\/2016\/12\/Die-Sieger-des-ESPRIX-Swiss-Award-for-Excellence-2016-management-und-qualitaet-scaled.jpg\",\"keywords\":[\"Vereine\/Verb\u00e4nde\/Institutionen\"],\"articleSection\":[\"Unkategorisiert\"],\"inLanguage\":\"en-US\"},{\"@type\":\"WebPage\",\"@id\":\"https:\/\/www.m-q.ch\/fr\/les-laureats-du-prix-suisse-de-lexcellence-2016\/\",\"url\":\"https:\/\/www.m-q.ch\/fr\/les-laureats-du-prix-suisse-de-lexcellence-2016\/\",\"name\":\"Die Sieger des ESPRIX Swiss Award for Excellence 2016 - MQ Management und Qualit\u00e4t\",\"isPartOf\":{\"@id\":\"https:\/\/www.m-q.ch\/fr\/#website\"},\"primaryImageOfPage\":{\"@id\":\"https:\/\/www.m-q.ch\/fr\/les-laureats-du-prix-suisse-de-lexcellence-2016\/#primaryimage\"},\"image\":{\"@id\":\"https:\/\/www.m-q.ch\/fr\/les-laureats-du-prix-suisse-de-lexcellence-2016\/#primaryimage\"},\"thumbnailUrl\":\"https:\/\/www.m-q.ch\/wp-content\/uploads\/2016\/12\/Die-Sieger-des-ESPRIX-Swiss-Award-for-Excellence-2016-management-und-qualitaet-scaled.jpg\",\"datePublished\":\"2016-03-11T09:47:42+00:00\",\"dateModified\":\"2017-03-01T14:05:56+00:00\",\"description\":\"Die BMW Niederlassung Z\u00fcrich-Dielsdorf wird mit dem \\\"ESPRIX Swiss Award for Excellence 2016\\\" ausgezeichnet.\",\"breadcrumb\":{\"@id\":\"https:\/\/www.m-q.ch\/fr\/les-laureats-du-prix-suisse-de-lexcellence-2016\/#breadcrumb\"},\"inLanguage\":\"en-US\",\"potentialAction\":[{\"@type\":\"ReadAction\",\"target\":[\"https:\/\/www.m-q.ch\/fr\/les-laureats-du-prix-suisse-de-lexcellence-2016\/\"]}]},{\"@type\":\"ImageObject\",\"inLanguage\":\"en-US\",\"@id\":\"https:\/\/www.m-q.ch\/fr\/les-laureats-du-prix-suisse-de-lexcellence-2016\/#primaryimage\",\"url\":\"https:\/\/www.m-q.ch\/wp-content\/uploads\/2016\/12\/Die-Sieger-des-ESPRIX-Swiss-Award-for-Excellence-2016-management-und-qualitaet-scaled.jpg\",\"contentUrl\":\"https:\/\/www.m-q.ch\/wp-content\/uploads\/2016\/12\/Die-Sieger-des-ESPRIX-Swiss-Award-for-Excellence-2016-management-und-qualitaet-scaled.jpg\",\"width\":2560,\"height\":1796,\"caption\":\"BMW Niederlassung Z\u00fcrich-Dielsdorf.\"},{\"@type\":\"BreadcrumbList\",\"@id\":\"https:\/\/www.m-q.ch\/fr\/les-laureats-du-prix-suisse-de-lexcellence-2016\/#breadcrumb\",\"itemListElement\":[{\"@type\":\"ListItem\",\"position\":1,\"name\":\"Unkategorisiert\",\"item\":\"https:\/\/www.m-q.ch\/it\/categoria\/senza-categoria\/\"},{\"@type\":\"ListItem\",\"position\":2,\"name\":\"Die Sieger des ESPRIX Swiss Award for Excellence 2016\"}]},{\"@type\":\"WebSite\",\"@id\":\"https:\/\/www.m-q.ch\/fr\/#website\",\"url\":\"https:\/\/www.m-q.ch\/fr\/\",\"name\":\"MQ Management und Qualit\u00e4t\",\"description\":\"Plattform f\u00fcr integrierte Managementsysteme.\",\"publisher\":{\"@id\":\"https:\/\/www.m-q.ch\/fr\/#organization\"},\"potentialAction\":[{\"@type\":\"SearchAction\",\"target\":{\"@type\":\"EntryPoint\",\"urlTemplate\":\"https:\/\/www.m-q.ch\/fr\/?s={search_term_string}\"},\"query-input\":{\"@type\":\"PropertyValueSpecification\",\"valueRequired\":true,\"valueName\":\"search_term_string\"}}],\"inLanguage\":\"en-US\"},{\"@type\":\"Organization\",\"@id\":\"https:\/\/www.m-q.ch\/fr\/#organization\",\"name\":\"Galledia Fachmedien AG\",\"url\":\"https:\/\/www.m-q.ch\/fr\/\",\"logo\":{\"@type\":\"ImageObject\",\"inLanguage\":\"en-US\",\"@id\":\"https:\/\/www.m-q.ch\/fr\/#\/schema\/logo\/image\/\",\"url\":\"https:\/\/www.m-q.ch\/wp-content\/uploads\/2020\/12\/cropped-logo_small.png\",\"contentUrl\":\"https:\/\/www.m-q.ch\/wp-content\/uploads\/2020\/12\/cropped-logo_small.png\",\"width\":512,\"height\":512,\"caption\":\"Galledia Fachmedien AG\"},\"image\":{\"@id\":\"https:\/\/www.m-q.ch\/fr\/#\/schema\/logo\/image\/\"},\"sameAs\":[\"https:\/\/www.facebook.com\/ManagementUndQualitaet\",\"https:\/\/www.linkedin.com\/showcase\/17982321\/admin\/\"]},{\"@type\":\"Person\",\"@id\":\"https:\/\/www.m-q.ch\/fr\/#\/schema\/person\/c0139a2c55a374db6df2cde78ec87148\",\"name\":\"galledia\",\"image\":{\"@type\":\"ImageObject\",\"inLanguage\":\"en-US\",\"@id\":\"https:\/\/www.m-q.ch\/fr\/#\/schema\/person\/image\/\",\"url\":\"https:\/\/secure.gravatar.com\/avatar\/66edf527eac29e9a5eb25bcada01f61a?s=96&d=mm&r=g\",\"contentUrl\":\"https:\/\/secure.gravatar.com\/avatar\/66edf527eac29e9a5eb25bcada01f61a?s=96&d=mm&r=g\",\"caption\":\"galledia\"},\"url\":\"https:\/\/www.m-q.ch\/en\/author\/galledia\/\"}]}<\/script>\n<!-- \/ Yoast SEO plugin. -->","yoast_head_json":{"title":"The winners of the ESPRIX Swiss Award for Excellence 2016 - MQ Management and Quality","description":"The BMW branch in Zurich-Dielsdorf receives the \"ESPRIX Swiss Award for Excellence 2016\".","robots":{"index":"index","follow":"follow","max-snippet":"max-snippet:-1","max-image-preview":"max-image-preview:large","max-video-preview":"max-video-preview:-1"},"canonical":"https:\/\/www.m-q.ch\/en\/the-winners-of-esprix-swiss-award-for-excellence-2016\/","og_locale":"en_US","og_type":"article","og_title":"Die Sieger des ESPRIX Swiss Award for Excellence 2016 - MQ Management und Qualit\u00e4t","og_description":"Die BMW Niederlassung Z\u00fcrich-Dielsdorf wird mit dem \"ESPRIX Swiss Award for Excellence 2016\" ausgezeichnet.","og_url":"https:\/\/www.m-q.ch\/en\/the-winners-of-esprix-swiss-award-for-excellence-2016\/","og_site_name":"MQ Management und Qualit\u00e4t","article_publisher":"https:\/\/www.facebook.com\/ManagementUndQualitaet","article_published_time":"2016-03-11T09:47:42+00:00","article_modified_time":"2017-03-01T14:05:56+00:00","og_image":[{"width":2560,"height":1796,"url":"https:\/\/www.m-q.ch\/wp-content\/uploads\/2016\/12\/Die-Sieger-des-ESPRIX-Swiss-Award-for-Excellence-2016-management-und-qualitaet-scaled.jpg","type":"image\/jpeg"}],"author":"galledia","twitter_card":"summary_large_image","twitter_misc":{"Written by":"galledia","Est. reading time":"2 minutes"},"schema":{"@context":"https:\/\/schema.org","@graph":[{"@type":"Article","@id":"https:\/\/www.m-q.ch\/fr\/les-laureats-du-prix-suisse-de-lexcellence-2016\/#article","isPartOf":{"@id":"https:\/\/www.m-q.ch\/fr\/les-laureats-du-prix-suisse-de-lexcellence-2016\/"},"author":{"name":"galledia","@id":"https:\/\/www.m-q.ch\/fr\/#\/schema\/person\/c0139a2c55a374db6df2cde78ec87148"},"headline":"Die Sieger des ESPRIX Swiss Award for Excellence 2016","datePublished":"2016-03-11T09:47:42+00:00","dateModified":"2017-03-01T14:05:56+00:00","mainEntityOfPage":{"@id":"https:\/\/www.m-q.ch\/fr\/les-laureats-du-prix-suisse-de-lexcellence-2016\/"},"wordCount":321,"commentCount":0,"publisher":{"@id":"https:\/\/www.m-q.ch\/fr\/#organization"},"image":{"@id":"https:\/\/www.m-q.ch\/fr\/les-laureats-du-prix-suisse-de-lexcellence-2016\/#primaryimage"},"thumbnailUrl":"https:\/\/www.m-q.ch\/wp-content\/uploads\/2016\/12\/Die-Sieger-des-ESPRIX-Swiss-Award-for-Excellence-2016-management-und-qualitaet-scaled.jpg","keywords":["Vereine\/Verb\u00e4nde\/Institutionen"],"articleSection":["Unkategorisiert"],"inLanguage":"en-US"},{"@type":"WebPage","@id":"https:\/\/www.m-q.ch\/fr\/les-laureats-du-prix-suisse-de-lexcellence-2016\/","url":"https:\/\/www.m-q.ch\/fr\/les-laureats-du-prix-suisse-de-lexcellence-2016\/","name":"The winners of the ESPRIX Swiss Award for Excellence 2016 - MQ Management and Quality","isPartOf":{"@id":"https:\/\/www.m-q.ch\/fr\/#website"},"primaryImageOfPage":{"@id":"https:\/\/www.m-q.ch\/fr\/les-laureats-du-prix-suisse-de-lexcellence-2016\/#primaryimage"},"image":{"@id":"https:\/\/www.m-q.ch\/fr\/les-laureats-du-prix-suisse-de-lexcellence-2016\/#primaryimage"},"thumbnailUrl":"https:\/\/www.m-q.ch\/wp-content\/uploads\/2016\/12\/Die-Sieger-des-ESPRIX-Swiss-Award-for-Excellence-2016-management-und-qualitaet-scaled.jpg","datePublished":"2016-03-11T09:47:42+00:00","dateModified":"2017-03-01T14:05:56+00:00","description":"The BMW branch in Zurich-Dielsdorf receives the \"ESPRIX Swiss Award for Excellence 2016\".","breadcrumb":{"@id":"https:\/\/www.m-q.ch\/fr\/les-laureats-du-prix-suisse-de-lexcellence-2016\/#breadcrumb"},"inLanguage":"en-US","potentialAction":[{"@type":"ReadAction","target":["https:\/\/www.m-q.ch\/fr\/les-laureats-du-prix-suisse-de-lexcellence-2016\/"]}]},{"@type":"ImageObject","inLanguage":"en-US","@id":"https:\/\/www.m-q.ch\/fr\/les-laureats-du-prix-suisse-de-lexcellence-2016\/#primaryimage","url":"https:\/\/www.m-q.ch\/wp-content\/uploads\/2016\/12\/Die-Sieger-des-ESPRIX-Swiss-Award-for-Excellence-2016-management-und-qualitaet-scaled.jpg","contentUrl":"https:\/\/www.m-q.ch\/wp-content\/uploads\/2016\/12\/Die-Sieger-des-ESPRIX-Swiss-Award-for-Excellence-2016-management-und-qualitaet-scaled.jpg","width":2560,"height":1796,"caption":"BMW Niederlassung Z\u00fcrich-Dielsdorf."},{"@type":"BreadcrumbList","@id":"https:\/\/www.m-q.ch\/fr\/les-laureats-du-prix-suisse-de-lexcellence-2016\/#breadcrumb","itemListElement":[{"@type":"ListItem","position":1,"name":"Unkategorisiert","item":"https:\/\/www.m-q.ch\/it\/categoria\/senza-categoria\/"},{"@type":"ListItem","position":2,"name":"Die Sieger des ESPRIX Swiss Award for Excellence 2016"}]},{"@type":"WebSite","@id":"https:\/\/www.m-q.ch\/fr\/#website","url":"https:\/\/www.m-q.ch\/fr\/","name":"MQ Management and Quality","description":"Platform for integrated management systems.","publisher":{"@id":"https:\/\/www.m-q.ch\/fr\/#organization"},"potentialAction":[{"@type":"SearchAction","target":{"@type":"EntryPoint","urlTemplate":"https:\/\/www.m-q.ch\/fr\/?s={search_term_string}"},"query-input":{"@type":"PropertyValueSpecification","valueRequired":true,"valueName":"search_term_string"}}],"inLanguage":"en-US"},{"@type":"Organization","@id":"https:\/\/www.m-q.ch\/fr\/#organization","name":"Galledia Trade Media AG","url":"https:\/\/www.m-q.ch\/fr\/","logo":{"@type":"ImageObject","inLanguage":"en-US","@id":"https:\/\/www.m-q.ch\/fr\/#\/schema\/logo\/image\/","url":"https:\/\/www.m-q.ch\/wp-content\/uploads\/2020\/12\/cropped-logo_small.png","contentUrl":"https:\/\/www.m-q.ch\/wp-content\/uploads\/2020\/12\/cropped-logo_small.png","width":512,"height":512,"caption":"Galledia Fachmedien AG"},"image":{"@id":"https:\/\/www.m-q.ch\/fr\/#\/schema\/logo\/image\/"},"sameAs":["https:\/\/www.facebook.com\/ManagementUndQualitaet","https:\/\/www.linkedin.com\/showcase\/17982321\/admin\/"]},{"@type":"Person","@id":"https:\/\/www.m-q.ch\/fr\/#\/schema\/person\/c0139a2c55a374db6df2cde78ec87148","name":"galledia","image":{"@type":"ImageObject","inLanguage":"en-US","@id":"https:\/\/www.m-q.ch\/fr\/#\/schema\/person\/image\/","url":"https:\/\/secure.gravatar.com\/avatar\/66edf527eac29e9a5eb25bcada01f61a?s=96&d=mm&r=g","contentUrl":"https:\/\/secure.gravatar.com\/avatar\/66edf527eac29e9a5eb25bcada01f61a?s=96&d=mm&r=g","caption":"galledia"},"url":"https:\/\/www.m-q.ch\/en\/author\/galledia\/"}]}},"_links":{"self":[{"href":"https:\/\/www.m-q.ch\/en\/wp-json\/wp\/v2\/posts\/347","targetHints":{"allow":["GET"]}}],"collection":[{"href":"https:\/\/www.m-q.ch\/en\/wp-json\/wp\/v2\/posts"}],"about":[{"href":"https:\/\/www.m-q.ch\/en\/wp-json\/wp\/v2\/types\/post"}],"author":[{"embeddable":true,"href":"https:\/\/www.m-q.ch\/en\/wp-json\/wp\/v2\/users\/1"}],"replies":[{"embeddable":true,"href":"https:\/\/www.m-q.ch\/en\/wp-json\/wp\/v2\/comments?post=347"}],"version-history":[{"count":2,"href":"https:\/\/www.m-q.ch\/en\/wp-json\/wp\/v2\/posts\/347\/revisions"}],"predecessor-version":[{"id":1176,"href":"https:\/\/www.m-q.ch\/en\/wp-json\/wp\/v2\/posts\/347\/revisions\/1176"}],"wp:featuredmedia":[{"embeddable":true,"href":"https:\/\/www.m-q.ch\/en\/wp-json\/wp\/v2\/media\/91"}],"wp:attachment":[{"href":"https:\/\/www.m-q.ch\/en\/wp-json\/wp\/v2\/media?parent=347"}],"wp:term":[{"taxonomy":"category","embeddable":true,"href":"https:\/\/www.m-q.ch\/en\/wp-json\/wp\/v2\/categories?post=347"},{"taxonomy":"post_tag","embeddable":true,"href":"https:\/\/www.m-q.ch\/en\/wp-json\/wp\/v2\/tags?post=347"}],"curies":[{"name":"wp","href":"https:\/\/api.w.org\/{rel}","templated":true}]}}