{"id":359,"date":"2016-03-24T11:07:45","date_gmt":"2016-03-24T10:07:45","guid":{"rendered":"http:\/\/dev.m-q.ch\/?p=359"},"modified":"2017-03-01T14:58:48","modified_gmt":"2017-03-01T13:58:48","slug":"wave-of-extortion-by-armada-collective-in-switzerland","status":"publish","type":"post","link":"https:\/\/www.m-q.ch\/en\/erpressungswelle-durch-armada-collective-in-der-schweiz\/","title":{"rendered":"Extortion wave by Armada Collective in Switzerland"},"content":{"rendered":"<figure id=\"attachment_108\" aria-describedby=\"caption-attachment-108\" style=\"width: 680px\" class=\"wp-caption alignnone\"><a href=\"https:\/\/m-q.ch\/wp-content\/uploads\/2016\/12\/Erpressungswelle-durch-Armada-Collective-in-der-Schweiz-management-und-qualitaet.jpg\"><img loading=\"lazy\" decoding=\"async\" class=\"wp-image-108 size-medium\" src=\"https:\/\/www.m-q.ch\/wp-content\/uploads\/2016\/12\/Erpressungswelle-durch-Armada-Collective-in-der-Schweiz-management-und-qualitaet-680x481.jpg\" width=\"680\" height=\"481\" srcset=\"https:\/\/www.m-q.ch\/wp-content\/uploads\/2016\/12\/Erpressungswelle-durch-Armada-Collective-in-der-Schweiz-management-und-qualitaet-680x481.jpg 680w, https:\/\/www.m-q.ch\/wp-content\/uploads\/2016\/12\/Erpressungswelle-durch-Armada-Collective-in-der-Schweiz-management-und-qualitaet-768x544.jpg 768w, https:\/\/www.m-q.ch\/wp-content\/uploads\/2016\/12\/Erpressungswelle-durch-Armada-Collective-in-der-Schweiz-management-und-qualitaet-16x12.jpg 16w, https:\/\/www.m-q.ch\/wp-content\/uploads\/2016\/12\/Erpressungswelle-durch-Armada-Collective-in-der-Schweiz-management-und-qualitaet-247x175.jpg 247w, https:\/\/www.m-q.ch\/wp-content\/uploads\/2016\/12\/Erpressungswelle-durch-Armada-Collective-in-der-Schweiz-management-und-qualitaet-495x350.jpg 495w, https:\/\/www.m-q.ch\/wp-content\/uploads\/2016\/12\/Erpressungswelle-durch-Armada-Collective-in-der-Schweiz-management-und-qualitaet-920x651.jpg 920w, https:\/\/www.m-q.ch\/wp-content\/uploads\/2016\/12\/Erpressungswelle-durch-Armada-Collective-in-der-Schweiz-management-und-qualitaet-300x212.jpg 300w, https:\/\/www.m-q.ch\/wp-content\/uploads\/2016\/12\/Erpressungswelle-durch-Armada-Collective-in-der-Schweiz-management-und-qualitaet-624x442.jpg 624w, https:\/\/www.m-q.ch\/wp-content\/uploads\/2016\/12\/Erpressungswelle-durch-Armada-Collective-in-der-Schweiz-management-und-qualitaet.jpg 1006w\" sizes=\"auto, (max-width: 680px) 100vw, 680px\" \/><\/a><figcaption id=\"caption-attachment-108\" class=\"wp-caption-text\">The two managing directors of Link11 give Ms Merkel and Mr Schneider-Ammann real-time insight into the threat to the economy and the state from DDoS attacks. (Source Link11 GmbH)<\/figcaption><\/figure>\n<blockquote><p>Affected companies should act quickly and decisively to avoid major damage.<\/p><\/blockquote>\n<p>Just like Mr. Schneider-Ammann, every company should take the threat of DDoS attacks seriously. The warning of the Swiss Governmental Computer Emergency Response Team against new blackmailing of Swiss financial institutions by the DDoS blackmailing gang Armada Collective was published on 9 March 2016. Shortly afterwards, blackmail letters reached even large e-commerce companies, in which Armada Collective, as in the past, is demanding a high sum of now 25 Bitcoins.<\/p>\n<p>Otherwise, the company would be attacked with a DDoS attack of gigantic proportions with up to 1 Tbps and thus completely shot out of the network. Last year, Link11, an IT security provider specializing in DDoS protection, already reported in detail about Armada Collective and its approach. The DDoS protection specialists published analyses of attacks in a report, thus demonstrating the urgency of this threat.<\/p>\n<p><strong>Attacks in Switzerland<\/strong><\/p>\n<p>The new wave of blackmailing coincides with the Link11 Security Operation Center's analysis that the number of DDoS blackmailings by cyber criminals will rise sharply in 2016. In the Link11 DDoS report for the DACH region, Link11 has analysed and processed over 5,000 attacks that were carried out on companies in the DACH region in the fourth quarter of 2015. The report is available for download at this <a href=\"https:\/\/www.link11.de\/ddos-dach-report-q4-2015.html\" target=\"_blank\" data-cke-saved-href=\"https:\/\/www.link11.de\/ddos-dach-report-q4-2015.html\">Link<\/a>.<\/p>\n<p>Almost at the same time as this new wave of blackmailing began, the President of the Swiss Confederation Johann Schneider-Ammann visited the Link11 stand at this year's CeBIT in Hanover together with Chancellor Merkel to find out about the acute threat posed by DDoS and the protection options available. On site, he and the Chancellor each received a copy of the DACH Report from the two managing directors Jens-Philip Jung and Karsten Desler, which also highlights attacks on Swiss companies.<\/p>\n<p>Link11 has set up an information website free of charge for companies affected by the DDoS blackmail. <a href=\"http:\/\/www.ddos-info.de\/meldung.html\" target=\"_blank\" data-cke-saved-href=\"http:\/\/www.ddos-info.de\/meldung.html\">Here<\/a> they can register for e-mail alerts from the sensor network to receive warnings of imminent danger in advance. They can then take timely protective measures to ensure the availability of their infrastructure. From their daily practice, Link11 and the authorities advise the blackmailed companies to take the situation seriously.<\/p>\n<p>Affected companies should act quickly and decisively to avoid major damage. After all, as numerous victims have already shown, this is a serious economic threat to companies.<\/p>","protected":false},"excerpt":{"rendered":"<p>Betroffene Unternehmen sollen schnell und entschlossen handeln, um gr\u00f6ssere Sch\u00e4den zu vermeiden. So wie Herr Schneider-Ammann sollte auch jedes die Unternehmen die Gefahr durch DDoS-Angriffe ernst nehmen. Die Warnung des Swiss Governmental Computer Emergency Response Teams vor neuen Erpressungen von Schweizer Finanzinstituten durch die DDoS-Erpresserbande Armada Collective wurde am 9. M\u00e4rz 2016 ver\u00f6ffentlicht. Wenig sp\u00e4ter [&hellip;]<\/p>\n","protected":false},"author":1,"featured_media":108,"comment_status":"open","ping_status":"open","sticky":false,"template":"","format":"standard","meta":{"_acf_changed":false,"footnotes":""},"categories":[1],"tags":[3355],"class_list":["post-359","post","type-post","status-publish","format-standard","has-post-thumbnail","hentry","category-unkategorisiert","tag-cyber-crime"],"acf":[],"yoast_head":"<!-- This site is optimized with the Yoast SEO plugin v26.2 - https:\/\/yoast.com\/wordpress\/plugins\/seo\/ -->\n<title>Erpressungswelle durch Armada Collective in der Schweiz - MQ Management und Qualit\u00e4t<\/title>\n<meta name=\"description\" content=\"Erpressungswelle: Bundespr\u00e4sident Johann Schneider-Ammann informierte sich auf der CeBIT Link11 \u00fcber Schutzm\u00f6glichkeiten bei DDoS-Attacken.\" \/>\n<meta name=\"robots\" content=\"index, follow, max-snippet:-1, max-image-preview:large, max-video-preview:-1\" \/>\n<link rel=\"canonical\" href=\"https:\/\/www.m-q.ch\/en\/wave-of-blackmail-by-armada-collective-in-switzerland\/\" \/>\n<meta property=\"og:locale\" content=\"en_US\" \/>\n<meta property=\"og:type\" content=\"article\" \/>\n<meta property=\"og:title\" content=\"Erpressungswelle durch Armada Collective in der Schweiz - MQ Management und Qualit\u00e4t\" \/>\n<meta property=\"og:description\" content=\"Erpressungswelle: Bundespr\u00e4sident Johann Schneider-Ammann informierte sich auf der CeBIT Link11 \u00fcber Schutzm\u00f6glichkeiten bei DDoS-Attacken.\" \/>\n<meta property=\"og:url\" content=\"https:\/\/www.m-q.ch\/en\/wave-of-blackmail-by-armada-collective-in-switzerland\/\" \/>\n<meta property=\"og:site_name\" content=\"MQ Management und Qualit\u00e4t\" \/>\n<meta property=\"article:publisher\" content=\"https:\/\/www.facebook.com\/ManagementUndQualitaet\" \/>\n<meta property=\"article:published_time\" content=\"2016-03-24T10:07:45+00:00\" \/>\n<meta property=\"article:modified_time\" content=\"2017-03-01T13:58:48+00:00\" \/>\n<meta property=\"og:image\" content=\"https:\/\/www.m-q.ch\/wp-content\/uploads\/2016\/12\/Erpressungswelle-durch-Armada-Collective-in-der-Schweiz-management-und-qualitaet.jpg\" \/>\n\t<meta property=\"og:image:width\" content=\"1006\" \/>\n\t<meta property=\"og:image:height\" content=\"712\" \/>\n\t<meta property=\"og:image:type\" content=\"image\/jpeg\" \/>\n<meta name=\"author\" content=\"galledia\" \/>\n<meta name=\"twitter:card\" content=\"summary_large_image\" \/>\n<meta name=\"twitter:label1\" content=\"Written by\" \/>\n\t<meta name=\"twitter:data1\" content=\"galledia\" \/>\n\t<meta name=\"twitter:label2\" content=\"Est. reading time\" \/>\n\t<meta name=\"twitter:data2\" content=\"2 minutes\" \/>\n<script type=\"application\/ld+json\" class=\"yoast-schema-graph\">{\"@context\":\"https:\/\/schema.org\",\"@graph\":[{\"@type\":\"Article\",\"@id\":\"https:\/\/www.m-q.ch\/fr\/vague-dextorsion-par-larmada-collectif-en-suisse\/#article\",\"isPartOf\":{\"@id\":\"https:\/\/www.m-q.ch\/fr\/vague-dextorsion-par-larmada-collectif-en-suisse\/\"},\"author\":{\"name\":\"galledia\",\"@id\":\"https:\/\/www.m-q.ch\/fr\/#\/schema\/person\/c0139a2c55a374db6df2cde78ec87148\"},\"headline\":\"Erpressungswelle durch Armada Collective in der Schweiz\",\"datePublished\":\"2016-03-24T10:07:45+00:00\",\"dateModified\":\"2017-03-01T13:58:48+00:00\",\"mainEntityOfPage\":{\"@id\":\"https:\/\/www.m-q.ch\/fr\/vague-dextorsion-par-larmada-collectif-en-suisse\/\"},\"wordCount\":427,\"commentCount\":0,\"publisher\":{\"@id\":\"https:\/\/www.m-q.ch\/fr\/#organization\"},\"image\":{\"@id\":\"https:\/\/www.m-q.ch\/fr\/vague-dextorsion-par-larmada-collectif-en-suisse\/#primaryimage\"},\"thumbnailUrl\":\"https:\/\/www.m-q.ch\/wp-content\/uploads\/2016\/12\/Erpressungswelle-durch-Armada-Collective-in-der-Schweiz-management-und-qualitaet.jpg\",\"keywords\":[\"Cyber-Crime\"],\"articleSection\":[\"Unkategorisiert\"],\"inLanguage\":\"en-US\"},{\"@type\":\"WebPage\",\"@id\":\"https:\/\/www.m-q.ch\/fr\/vague-dextorsion-par-larmada-collectif-en-suisse\/\",\"url\":\"https:\/\/www.m-q.ch\/fr\/vague-dextorsion-par-larmada-collectif-en-suisse\/\",\"name\":\"Erpressungswelle durch Armada Collective in der Schweiz - MQ Management und Qualit\u00e4t\",\"isPartOf\":{\"@id\":\"https:\/\/www.m-q.ch\/fr\/#website\"},\"primaryImageOfPage\":{\"@id\":\"https:\/\/www.m-q.ch\/fr\/vague-dextorsion-par-larmada-collectif-en-suisse\/#primaryimage\"},\"image\":{\"@id\":\"https:\/\/www.m-q.ch\/fr\/vague-dextorsion-par-larmada-collectif-en-suisse\/#primaryimage\"},\"thumbnailUrl\":\"https:\/\/www.m-q.ch\/wp-content\/uploads\/2016\/12\/Erpressungswelle-durch-Armada-Collective-in-der-Schweiz-management-und-qualitaet.jpg\",\"datePublished\":\"2016-03-24T10:07:45+00:00\",\"dateModified\":\"2017-03-01T13:58:48+00:00\",\"description\":\"Erpressungswelle: Bundespr\u00e4sident Johann Schneider-Ammann informierte sich auf der CeBIT Link11 \u00fcber Schutzm\u00f6glichkeiten bei DDoS-Attacken.\",\"breadcrumb\":{\"@id\":\"https:\/\/www.m-q.ch\/fr\/vague-dextorsion-par-larmada-collectif-en-suisse\/#breadcrumb\"},\"inLanguage\":\"en-US\",\"potentialAction\":[{\"@type\":\"ReadAction\",\"target\":[\"https:\/\/www.m-q.ch\/fr\/vague-dextorsion-par-larmada-collectif-en-suisse\/\"]}]},{\"@type\":\"ImageObject\",\"inLanguage\":\"en-US\",\"@id\":\"https:\/\/www.m-q.ch\/fr\/vague-dextorsion-par-larmada-collectif-en-suisse\/#primaryimage\",\"url\":\"https:\/\/www.m-q.ch\/wp-content\/uploads\/2016\/12\/Erpressungswelle-durch-Armada-Collective-in-der-Schweiz-management-und-qualitaet.jpg\",\"contentUrl\":\"https:\/\/www.m-q.ch\/wp-content\/uploads\/2016\/12\/Erpressungswelle-durch-Armada-Collective-in-der-Schweiz-management-und-qualitaet.jpg\",\"width\":1006,\"height\":712,\"caption\":\"Die beiden Gesch\u00e4ftsf\u00fchrer von Link11 geben Frau Merkel und Herrn Schneider-Ammann in Echtzeit Einblick in die Bedrohung der Wirtschaft und des Staates durch DDoS-Attacken. (Quelle Link11 GmbH)\"},{\"@type\":\"BreadcrumbList\",\"@id\":\"https:\/\/www.m-q.ch\/fr\/vague-dextorsion-par-larmada-collectif-en-suisse\/#breadcrumb\",\"itemListElement\":[{\"@type\":\"ListItem\",\"position\":1,\"name\":\"Unkategorisiert\",\"item\":\"https:\/\/www.m-q.ch\/it\/categoria\/senza-categoria\/\"},{\"@type\":\"ListItem\",\"position\":2,\"name\":\"Erpressungswelle durch Armada Collective in der Schweiz\"}]},{\"@type\":\"WebSite\",\"@id\":\"https:\/\/www.m-q.ch\/fr\/#website\",\"url\":\"https:\/\/www.m-q.ch\/fr\/\",\"name\":\"MQ Management und Qualit\u00e4t\",\"description\":\"Plattform f\u00fcr integrierte Managementsysteme.\",\"publisher\":{\"@id\":\"https:\/\/www.m-q.ch\/fr\/#organization\"},\"potentialAction\":[{\"@type\":\"SearchAction\",\"target\":{\"@type\":\"EntryPoint\",\"urlTemplate\":\"https:\/\/www.m-q.ch\/fr\/?s={search_term_string}\"},\"query-input\":{\"@type\":\"PropertyValueSpecification\",\"valueRequired\":true,\"valueName\":\"search_term_string\"}}],\"inLanguage\":\"en-US\"},{\"@type\":\"Organization\",\"@id\":\"https:\/\/www.m-q.ch\/fr\/#organization\",\"name\":\"Galledia Fachmedien AG\",\"url\":\"https:\/\/www.m-q.ch\/fr\/\",\"logo\":{\"@type\":\"ImageObject\",\"inLanguage\":\"en-US\",\"@id\":\"https:\/\/www.m-q.ch\/fr\/#\/schema\/logo\/image\/\",\"url\":\"https:\/\/www.m-q.ch\/wp-content\/uploads\/2020\/12\/cropped-logo_small.png\",\"contentUrl\":\"https:\/\/www.m-q.ch\/wp-content\/uploads\/2020\/12\/cropped-logo_small.png\",\"width\":512,\"height\":512,\"caption\":\"Galledia Fachmedien AG\"},\"image\":{\"@id\":\"https:\/\/www.m-q.ch\/fr\/#\/schema\/logo\/image\/\"},\"sameAs\":[\"https:\/\/www.facebook.com\/ManagementUndQualitaet\",\"https:\/\/www.linkedin.com\/showcase\/17982321\/admin\/\"]},{\"@type\":\"Person\",\"@id\":\"https:\/\/www.m-q.ch\/fr\/#\/schema\/person\/c0139a2c55a374db6df2cde78ec87148\",\"name\":\"galledia\",\"image\":{\"@type\":\"ImageObject\",\"inLanguage\":\"en-US\",\"@id\":\"https:\/\/www.m-q.ch\/fr\/#\/schema\/person\/image\/\",\"url\":\"https:\/\/secure.gravatar.com\/avatar\/66edf527eac29e9a5eb25bcada01f61a?s=96&d=mm&r=g\",\"contentUrl\":\"https:\/\/secure.gravatar.com\/avatar\/66edf527eac29e9a5eb25bcada01f61a?s=96&d=mm&r=g\",\"caption\":\"galledia\"},\"url\":\"https:\/\/www.m-q.ch\/en\/author\/galledia\/\"}]}<\/script>\n<!-- \/ Yoast SEO plugin. -->","yoast_head_json":{"title":"Wave of extortion by Armada Collective in Switzerland - MQ Management und Qualit\u00e4t","description":"Blackmail wave: President of the Swiss Confederation Johann Schneider-Ammann learned about protection options against DDoS attacks at CeBIT Link11.","robots":{"index":"index","follow":"follow","max-snippet":"max-snippet:-1","max-image-preview":"max-image-preview:large","max-video-preview":"max-video-preview:-1"},"canonical":"https:\/\/www.m-q.ch\/en\/wave-of-blackmail-by-armada-collective-in-switzerland\/","og_locale":"en_US","og_type":"article","og_title":"Erpressungswelle durch Armada Collective in der Schweiz - MQ Management und Qualit\u00e4t","og_description":"Erpressungswelle: Bundespr\u00e4sident Johann Schneider-Ammann informierte sich auf der CeBIT Link11 \u00fcber Schutzm\u00f6glichkeiten bei DDoS-Attacken.","og_url":"https:\/\/www.m-q.ch\/en\/wave-of-blackmail-by-armada-collective-in-switzerland\/","og_site_name":"MQ Management und Qualit\u00e4t","article_publisher":"https:\/\/www.facebook.com\/ManagementUndQualitaet","article_published_time":"2016-03-24T10:07:45+00:00","article_modified_time":"2017-03-01T13:58:48+00:00","og_image":[{"width":1006,"height":712,"url":"https:\/\/www.m-q.ch\/wp-content\/uploads\/2016\/12\/Erpressungswelle-durch-Armada-Collective-in-der-Schweiz-management-und-qualitaet.jpg","type":"image\/jpeg"}],"author":"galledia","twitter_card":"summary_large_image","twitter_misc":{"Written by":"galledia","Est. reading time":"2 minutes"},"schema":{"@context":"https:\/\/schema.org","@graph":[{"@type":"Article","@id":"https:\/\/www.m-q.ch\/fr\/vague-dextorsion-par-larmada-collectif-en-suisse\/#article","isPartOf":{"@id":"https:\/\/www.m-q.ch\/fr\/vague-dextorsion-par-larmada-collectif-en-suisse\/"},"author":{"name":"galledia","@id":"https:\/\/www.m-q.ch\/fr\/#\/schema\/person\/c0139a2c55a374db6df2cde78ec87148"},"headline":"Erpressungswelle durch Armada Collective in der Schweiz","datePublished":"2016-03-24T10:07:45+00:00","dateModified":"2017-03-01T13:58:48+00:00","mainEntityOfPage":{"@id":"https:\/\/www.m-q.ch\/fr\/vague-dextorsion-par-larmada-collectif-en-suisse\/"},"wordCount":427,"commentCount":0,"publisher":{"@id":"https:\/\/www.m-q.ch\/fr\/#organization"},"image":{"@id":"https:\/\/www.m-q.ch\/fr\/vague-dextorsion-par-larmada-collectif-en-suisse\/#primaryimage"},"thumbnailUrl":"https:\/\/www.m-q.ch\/wp-content\/uploads\/2016\/12\/Erpressungswelle-durch-Armada-Collective-in-der-Schweiz-management-und-qualitaet.jpg","keywords":["Cyber-Crime"],"articleSection":["Unkategorisiert"],"inLanguage":"en-US"},{"@type":"WebPage","@id":"https:\/\/www.m-q.ch\/fr\/vague-dextorsion-par-larmada-collectif-en-suisse\/","url":"https:\/\/www.m-q.ch\/fr\/vague-dextorsion-par-larmada-collectif-en-suisse\/","name":"Wave of extortion by Armada Collective in Switzerland - MQ Management und Qualit\u00e4t","isPartOf":{"@id":"https:\/\/www.m-q.ch\/fr\/#website"},"primaryImageOfPage":{"@id":"https:\/\/www.m-q.ch\/fr\/vague-dextorsion-par-larmada-collectif-en-suisse\/#primaryimage"},"image":{"@id":"https:\/\/www.m-q.ch\/fr\/vague-dextorsion-par-larmada-collectif-en-suisse\/#primaryimage"},"thumbnailUrl":"https:\/\/www.m-q.ch\/wp-content\/uploads\/2016\/12\/Erpressungswelle-durch-Armada-Collective-in-der-Schweiz-management-und-qualitaet.jpg","datePublished":"2016-03-24T10:07:45+00:00","dateModified":"2017-03-01T13:58:48+00:00","description":"Blackmail wave: President of the Swiss Confederation Johann Schneider-Ammann learned about protection options against DDoS attacks at CeBIT Link11.","breadcrumb":{"@id":"https:\/\/www.m-q.ch\/fr\/vague-dextorsion-par-larmada-collectif-en-suisse\/#breadcrumb"},"inLanguage":"en-US","potentialAction":[{"@type":"ReadAction","target":["https:\/\/www.m-q.ch\/fr\/vague-dextorsion-par-larmada-collectif-en-suisse\/"]}]},{"@type":"ImageObject","inLanguage":"en-US","@id":"https:\/\/www.m-q.ch\/fr\/vague-dextorsion-par-larmada-collectif-en-suisse\/#primaryimage","url":"https:\/\/www.m-q.ch\/wp-content\/uploads\/2016\/12\/Erpressungswelle-durch-Armada-Collective-in-der-Schweiz-management-und-qualitaet.jpg","contentUrl":"https:\/\/www.m-q.ch\/wp-content\/uploads\/2016\/12\/Erpressungswelle-durch-Armada-Collective-in-der-Schweiz-management-und-qualitaet.jpg","width":1006,"height":712,"caption":"Die beiden Gesch\u00e4ftsf\u00fchrer von Link11 geben Frau Merkel und Herrn Schneider-Ammann in Echtzeit Einblick in die Bedrohung der Wirtschaft und des Staates durch DDoS-Attacken. (Quelle Link11 GmbH)"},{"@type":"BreadcrumbList","@id":"https:\/\/www.m-q.ch\/fr\/vague-dextorsion-par-larmada-collectif-en-suisse\/#breadcrumb","itemListElement":[{"@type":"ListItem","position":1,"name":"Unkategorisiert","item":"https:\/\/www.m-q.ch\/it\/categoria\/senza-categoria\/"},{"@type":"ListItem","position":2,"name":"Erpressungswelle durch Armada Collective in der Schweiz"}]},{"@type":"WebSite","@id":"https:\/\/www.m-q.ch\/fr\/#website","url":"https:\/\/www.m-q.ch\/fr\/","name":"MQ Management and Quality","description":"Platform for integrated management systems.","publisher":{"@id":"https:\/\/www.m-q.ch\/fr\/#organization"},"potentialAction":[{"@type":"SearchAction","target":{"@type":"EntryPoint","urlTemplate":"https:\/\/www.m-q.ch\/fr\/?s={search_term_string}"},"query-input":{"@type":"PropertyValueSpecification","valueRequired":true,"valueName":"search_term_string"}}],"inLanguage":"en-US"},{"@type":"Organization","@id":"https:\/\/www.m-q.ch\/fr\/#organization","name":"Galledia Trade Media AG","url":"https:\/\/www.m-q.ch\/fr\/","logo":{"@type":"ImageObject","inLanguage":"en-US","@id":"https:\/\/www.m-q.ch\/fr\/#\/schema\/logo\/image\/","url":"https:\/\/www.m-q.ch\/wp-content\/uploads\/2020\/12\/cropped-logo_small.png","contentUrl":"https:\/\/www.m-q.ch\/wp-content\/uploads\/2020\/12\/cropped-logo_small.png","width":512,"height":512,"caption":"Galledia Fachmedien AG"},"image":{"@id":"https:\/\/www.m-q.ch\/fr\/#\/schema\/logo\/image\/"},"sameAs":["https:\/\/www.facebook.com\/ManagementUndQualitaet","https:\/\/www.linkedin.com\/showcase\/17982321\/admin\/"]},{"@type":"Person","@id":"https:\/\/www.m-q.ch\/fr\/#\/schema\/person\/c0139a2c55a374db6df2cde78ec87148","name":"galledia","image":{"@type":"ImageObject","inLanguage":"en-US","@id":"https:\/\/www.m-q.ch\/fr\/#\/schema\/person\/image\/","url":"https:\/\/secure.gravatar.com\/avatar\/66edf527eac29e9a5eb25bcada01f61a?s=96&d=mm&r=g","contentUrl":"https:\/\/secure.gravatar.com\/avatar\/66edf527eac29e9a5eb25bcada01f61a?s=96&d=mm&r=g","caption":"galledia"},"url":"https:\/\/www.m-q.ch\/en\/author\/galledia\/"}]}},"_links":{"self":[{"href":"https:\/\/www.m-q.ch\/en\/wp-json\/wp\/v2\/posts\/359","targetHints":{"allow":["GET"]}}],"collection":[{"href":"https:\/\/www.m-q.ch\/en\/wp-json\/wp\/v2\/posts"}],"about":[{"href":"https:\/\/www.m-q.ch\/en\/wp-json\/wp\/v2\/types\/post"}],"author":[{"embeddable":true,"href":"https:\/\/www.m-q.ch\/en\/wp-json\/wp\/v2\/users\/1"}],"replies":[{"embeddable":true,"href":"https:\/\/www.m-q.ch\/en\/wp-json\/wp\/v2\/comments?post=359"}],"version-history":[{"count":3,"href":"https:\/\/www.m-q.ch\/en\/wp-json\/wp\/v2\/posts\/359\/revisions"}],"predecessor-version":[{"id":1170,"href":"https:\/\/www.m-q.ch\/en\/wp-json\/wp\/v2\/posts\/359\/revisions\/1170"}],"wp:featuredmedia":[{"embeddable":true,"href":"https:\/\/www.m-q.ch\/en\/wp-json\/wp\/v2\/media\/108"}],"wp:attachment":[{"href":"https:\/\/www.m-q.ch\/en\/wp-json\/wp\/v2\/media?parent=359"}],"wp:term":[{"taxonomy":"category","embeddable":true,"href":"https:\/\/www.m-q.ch\/en\/wp-json\/wp\/v2\/categories?post=359"},{"taxonomy":"post_tag","embeddable":true,"href":"https:\/\/www.m-q.ch\/en\/wp-json\/wp\/v2\/tags?post=359"}],"curies":[{"name":"wp","href":"https:\/\/api.w.org\/{rel}","templated":true}]}}