{"id":3609,"date":"2019-10-14T15:48:25","date_gmt":"2019-10-14T13:48:25","guid":{"rendered":"https:\/\/www.m-q.ch\/?p=3609"},"modified":"2019-10-17T15:55:13","modified_gmt":"2019-10-17T13:55:13","slug":"two-new-technology-transfer-centers","status":"publish","type":"post","link":"https:\/\/www.m-q.ch\/en\/zwei-neue-technologietransferzentren\/","title":{"rendered":"Two new technology transfer centres"},"content":{"rendered":"<figure id=\"attachment_3610\" aria-describedby=\"caption-attachment-3610\" style=\"width: 680px\" class=\"wp-caption alignnone\"><img loading=\"lazy\" decoding=\"async\" class=\"size-medium wp-image-3610\" src=\"https:\/\/www.m-q.ch\/wp-content\/uploads\/2019\/10\/Stopperbild-AM-TTC-680x382.jpg\" alt=\"\" width=\"680\" height=\"382\" srcset=\"https:\/\/www.m-q.ch\/wp-content\/uploads\/2019\/10\/Stopperbild-AM-TTC-680x382.jpg 680w, https:\/\/www.m-q.ch\/wp-content\/uploads\/2019\/10\/Stopperbild-AM-TTC-768x432.jpg 768w, https:\/\/www.m-q.ch\/wp-content\/uploads\/2019\/10\/Stopperbild-AM-TTC-16x9.jpg 16w, https:\/\/www.m-q.ch\/wp-content\/uploads\/2019\/10\/Stopperbild-AM-TTC-311x175.jpg 311w, https:\/\/www.m-q.ch\/wp-content\/uploads\/2019\/10\/Stopperbild-AM-TTC-623x350.jpg 623w, https:\/\/www.m-q.ch\/wp-content\/uploads\/2019\/10\/Stopperbild-AM-TTC-300x169.jpg 300w, https:\/\/www.m-q.ch\/wp-content\/uploads\/2019\/10\/Stopperbild-AM-TTC-624x351.jpg 624w, https:\/\/www.m-q.ch\/wp-content\/uploads\/2019\/10\/Stopperbild-AM-TTC.jpg 870w\" sizes=\"auto, (max-width: 680px) 100vw, 680px\" \/><figcaption id=\"caption-attachment-3610\" class=\"wp-caption-text\">Production technologies are a key to maintaining Switzerland as a modern production location. (Image: Empa)<\/figcaption><\/figure>\n<div class=\"std-paragraph-block\">\n<div class=\"std-art-paragraph\">\n<p>Swiss universities and research institutions regularly occupy top positions in international research rankings. Switzerland is also among the leading nations in terms of research results and the resulting patents. And yet only a few new technologies find their way from the local research laboratories into industrial application. There is a gap here.<\/p>\n<p>This is where the initiative to establish a network of Swiss technology transfer centres, the so-called \"Advanced Manufacturing Technology Transfer Centres\" (AM-TTC for short), comes in. The initiative is part of the federal government's \"Digitisation\" action plan and aims to maintain Switzerland as a modern and high-quality production location in the long term.<\/p>\n<p>It is being supported in the start-up phase with funding from the ETH Board. The initiative aims to establish infrastructures in Switzerland that will help to make technologies developed in the laboratory suitable for industrial use more quickly. The centres give companies - especially Swiss SMEs - better access to new technologies. Companies can test the technologies in the centres and then transfer them to their own production with the help of the centres.<\/p>\n<\/div>\n<\/div>\n<p><strong>Funding for two technology centres in the start-up phase 2019\/2020<\/strong><\/p>\n<div class=\"std-art-paragraph\">\n<p>At the end of September, the Board of the AM-TTC Alliance, the umbrella organisation of the initiative, decided in a comprehensive selection process to initially fund two technology transfer centres with a total of CHF 4.8 million in the start-up phase 2019 \/ 2020 from the nine centres that applied for funding in April 2019. In addition, the Board will recommend to SERI that these two centres be funded as research institutions of national importance from 2021 to 2024.<\/p>\n<p>The center\u00a0<a href=\"https:\/\/www.anaxam.ch\/\" target=\"_blank\" rel=\"noopener\">ANAXAM<\/a>which is being realised by the Paul Scherrer Institute (PSI), the University of Applied Sciences of Northwestern Switzerland (FHNW), the Swiss Nanoscience Institute (SNI) and the Canton of Aargau together with 14 industrial partners to date, will in future offer Swiss industrial companies access to state-of-the-art technologies for the analysis and characterisation of materials. In doing so, the centre builds on the PSI's globally recognised expertise in neutron and X-ray analytics.<\/p>\n<p>Access to these technologies will help Swiss companies to develop novel, highly innovative and competitive products and processes. ANAXAM is not only of great importance for Switzerland as a business location, but also for the canton of Aargau with its distinctive industrial sector.<\/p>\n<p>The second center funded in the start-up phase is the Swiss m4m Center. The mission of this center is to establish 3D printing for the production of metal medical implants in Switzerland and also to give SMEs in the Swiss medtech industry access to this innovative technology.<\/p>\n<p>The Swiss m4m Center, which was founded in a \"public-private partnership structure\" by Empa and the University of Applied Sciences of Southern Switzerland (SUPSI) as well as the industrial companies 41medical and Precipart, will start operations in the heart of the Swiss medtech industry in Bettlach, Solothurn. Through close cooperation with partners from various cantons, however, the centre will have an impact far beyond this location throughout Switzerland.<\/p>\n<\/div>\n<p>Umbrella organization \"AM-TTC-Alliance<\/p>\n<div class=\"std-art-paragraph\">\n<p>On 4 February 2019, 22 Swiss research institutions and industrial companies founded the \"AM-TTC Alliance\", the umbrella association of these technology transfer centres, at Empa in D\u00fcbendorf. Members include institutions of the ETH Domain, the universities of applied sciences and other research institutions, industrial companies such as ABB, BASF, B\u00fchler, Georg Fischer, Hilti, Oerlikon, Rolex, Richemont and Siemens, as well as the industry association Swissmem.<\/p>\n<p><a href=\"https:\/\/www.anaxam.ch\/\">www.anaxam.ch<\/a><\/p>\n<\/div>\n<p>&nbsp;<\/p>\n<p>&nbsp;<\/p>","protected":false},"excerpt":{"rendered":"<p>Schweizer Hochschulen und Forschungseinrichtungen belegen in internationalen Forschungsrankings regelm\u00e4ssig Spitzenpositionen. Auch bei den Forschungsergebnissen und den daraus resultierenden Patenten geh\u00f6rt die Schweiz zu den f\u00fchrenden Nationen. Und dennoch finden nur wenige neue Technologien ihren Weg aus den hiesigen Forschungslaboren in die industrielle Anwendung. Hier klafft eine L\u00fccke. Hier setzt die Initiative zum Aufbau eines Verbunds [&hellip;]<\/p>\n","protected":false},"author":35,"featured_media":3610,"comment_status":"open","ping_status":"open","sticky":false,"template":"","format":"standard","meta":{"_acf_changed":false,"footnotes":""},"categories":[1],"tags":[4145,4144,3743,3490,4143,4142],"class_list":["post-3609","post","type-post","status-publish","format-standard","has-post-thumbnail","hentry","category-unkategorisiert","tag-bund","tag-foerdergelder","tag-forschung","tag-schweiz","tag-technologiezentren","tag-transfer"],"acf":[],"yoast_head":"<!-- This site is optimized with the Yoast SEO plugin v26.2 - https:\/\/yoast.com\/wordpress\/plugins\/seo\/ -->\n<title>Zwei neue Technologietransferzentren - MQ Management und Qualit\u00e4t<\/title>\n<meta name=\"description\" content=\"Der Dachverband zum Aufbau von Technologietransferzentren im Bereich fortschrittlicher Fertigungstechnologien etabliert zwei neue Zentren.\" \/>\n<meta name=\"robots\" content=\"index, follow, max-snippet:-1, max-image-preview:large, max-video-preview:-1\" \/>\n<link rel=\"canonical\" href=\"https:\/\/www.m-q.ch\/en\/two-new-technology-transfer-centers\/\" \/>\n<meta property=\"og:locale\" content=\"en_US\" \/>\n<meta property=\"og:type\" content=\"article\" \/>\n<meta property=\"og:title\" content=\"Zwei neue Technologietransferzentren - MQ Management und Qualit\u00e4t\" \/>\n<meta property=\"og:description\" content=\"Der Dachverband zum Aufbau von Technologietransferzentren im Bereich fortschrittlicher Fertigungstechnologien etabliert zwei neue Zentren.\" \/>\n<meta property=\"og:url\" content=\"https:\/\/www.m-q.ch\/en\/two-new-technology-transfer-centers\/\" \/>\n<meta property=\"og:site_name\" content=\"MQ Management und Qualit\u00e4t\" \/>\n<meta property=\"article:publisher\" content=\"https:\/\/www.facebook.com\/ManagementUndQualitaet\" \/>\n<meta property=\"article:published_time\" content=\"2019-10-14T13:48:25+00:00\" \/>\n<meta property=\"article:modified_time\" content=\"2019-10-17T13:55:13+00:00\" \/>\n<meta property=\"og:image\" content=\"https:\/\/www.m-q.ch\/wp-content\/uploads\/2019\/10\/Stopperbild-AM-TTC.jpg\" \/>\n\t<meta property=\"og:image:width\" content=\"870\" \/>\n\t<meta property=\"og:image:height\" content=\"489\" \/>\n\t<meta property=\"og:image:type\" content=\"image\/jpeg\" \/>\n<meta name=\"author\" content=\"Roger Str\u00e4ssle\" \/>\n<meta name=\"twitter:card\" content=\"summary_large_image\" \/>\n<meta name=\"twitter:label1\" content=\"Written by\" \/>\n\t<meta name=\"twitter:data1\" content=\"Roger Str\u00e4ssle\" \/>\n\t<meta name=\"twitter:label2\" content=\"Est. reading time\" \/>\n\t<meta name=\"twitter:data2\" content=\"3 minutes\" \/>\n<script type=\"application\/ld+json\" class=\"yoast-schema-graph\">{\"@context\":\"https:\/\/schema.org\",\"@graph\":[{\"@type\":\"Article\",\"@id\":\"https:\/\/www.m-q.ch\/de\/zwei-neue-technologietransferzentren\/#article\",\"isPartOf\":{\"@id\":\"https:\/\/www.m-q.ch\/de\/zwei-neue-technologietransferzentren\/\"},\"author\":{\"name\":\"Roger Str\u00e4ssle\",\"@id\":\"https:\/\/www.m-q.ch\/fr\/#\/schema\/person\/47d540e081acd98ccbeb69b55df653d7\"},\"headline\":\"Zwei neue Technologietransferzentren\",\"datePublished\":\"2019-10-14T13:48:25+00:00\",\"dateModified\":\"2019-10-17T13:55:13+00:00\",\"mainEntityOfPage\":{\"@id\":\"https:\/\/www.m-q.ch\/de\/zwei-neue-technologietransferzentren\/\"},\"wordCount\":547,\"commentCount\":0,\"publisher\":{\"@id\":\"https:\/\/www.m-q.ch\/fr\/#organization\"},\"image\":{\"@id\":\"https:\/\/www.m-q.ch\/de\/zwei-neue-technologietransferzentren\/#primaryimage\"},\"thumbnailUrl\":\"https:\/\/www.m-q.ch\/wp-content\/uploads\/2019\/10\/Stopperbild-AM-TTC.jpg\",\"keywords\":[\"Bund\",\"F\u00f6rdergelder\",\"Forschung\",\"Schweiz\",\"Technologiezentren\",\"Transfer\"],\"articleSection\":[\"Unkategorisiert\"],\"inLanguage\":\"en-US\"},{\"@type\":\"WebPage\",\"@id\":\"https:\/\/www.m-q.ch\/de\/zwei-neue-technologietransferzentren\/\",\"url\":\"https:\/\/www.m-q.ch\/de\/zwei-neue-technologietransferzentren\/\",\"name\":\"Zwei neue Technologietransferzentren - MQ Management und Qualit\u00e4t\",\"isPartOf\":{\"@id\":\"https:\/\/www.m-q.ch\/fr\/#website\"},\"primaryImageOfPage\":{\"@id\":\"https:\/\/www.m-q.ch\/de\/zwei-neue-technologietransferzentren\/#primaryimage\"},\"image\":{\"@id\":\"https:\/\/www.m-q.ch\/de\/zwei-neue-technologietransferzentren\/#primaryimage\"},\"thumbnailUrl\":\"https:\/\/www.m-q.ch\/wp-content\/uploads\/2019\/10\/Stopperbild-AM-TTC.jpg\",\"datePublished\":\"2019-10-14T13:48:25+00:00\",\"dateModified\":\"2019-10-17T13:55:13+00:00\",\"description\":\"Der Dachverband zum Aufbau von Technologietransferzentren im Bereich fortschrittlicher Fertigungstechnologien etabliert zwei neue Zentren.\",\"breadcrumb\":{\"@id\":\"https:\/\/www.m-q.ch\/de\/zwei-neue-technologietransferzentren\/#breadcrumb\"},\"inLanguage\":\"en-US\",\"potentialAction\":[{\"@type\":\"ReadAction\",\"target\":[\"https:\/\/www.m-q.ch\/de\/zwei-neue-technologietransferzentren\/\"]}]},{\"@type\":\"ImageObject\",\"inLanguage\":\"en-US\",\"@id\":\"https:\/\/www.m-q.ch\/de\/zwei-neue-technologietransferzentren\/#primaryimage\",\"url\":\"https:\/\/www.m-q.ch\/wp-content\/uploads\/2019\/10\/Stopperbild-AM-TTC.jpg\",\"contentUrl\":\"https:\/\/www.m-q.ch\/wp-content\/uploads\/2019\/10\/Stopperbild-AM-TTC.jpg\",\"width\":870,\"height\":489,\"caption\":\"Produktionstechnologien sind ein Schl\u00fcssel, um die Schweiz als modernen Produktionsstandort zu erhalten. (Bild: Empa)\"},{\"@type\":\"BreadcrumbList\",\"@id\":\"https:\/\/www.m-q.ch\/de\/zwei-neue-technologietransferzentren\/#breadcrumb\",\"itemListElement\":[{\"@type\":\"ListItem\",\"position\":1,\"name\":\"Unkategorisiert\",\"item\":\"https:\/\/www.m-q.ch\/it\/categoria\/senza-categoria\/\"},{\"@type\":\"ListItem\",\"position\":2,\"name\":\"Zwei neue Technologietransferzentren\"}]},{\"@type\":\"WebSite\",\"@id\":\"https:\/\/www.m-q.ch\/fr\/#website\",\"url\":\"https:\/\/www.m-q.ch\/fr\/\",\"name\":\"MQ Management und Qualit\u00e4t\",\"description\":\"Plattform f\u00fcr integrierte Managementsysteme.\",\"publisher\":{\"@id\":\"https:\/\/www.m-q.ch\/fr\/#organization\"},\"potentialAction\":[{\"@type\":\"SearchAction\",\"target\":{\"@type\":\"EntryPoint\",\"urlTemplate\":\"https:\/\/www.m-q.ch\/fr\/?s={search_term_string}\"},\"query-input\":{\"@type\":\"PropertyValueSpecification\",\"valueRequired\":true,\"valueName\":\"search_term_string\"}}],\"inLanguage\":\"en-US\"},{\"@type\":\"Organization\",\"@id\":\"https:\/\/www.m-q.ch\/fr\/#organization\",\"name\":\"Galledia Fachmedien AG\",\"url\":\"https:\/\/www.m-q.ch\/fr\/\",\"logo\":{\"@type\":\"ImageObject\",\"inLanguage\":\"en-US\",\"@id\":\"https:\/\/www.m-q.ch\/fr\/#\/schema\/logo\/image\/\",\"url\":\"https:\/\/www.m-q.ch\/wp-content\/uploads\/2020\/12\/cropped-logo_small.png\",\"contentUrl\":\"https:\/\/www.m-q.ch\/wp-content\/uploads\/2020\/12\/cropped-logo_small.png\",\"width\":512,\"height\":512,\"caption\":\"Galledia Fachmedien AG\"},\"image\":{\"@id\":\"https:\/\/www.m-q.ch\/fr\/#\/schema\/logo\/image\/\"},\"sameAs\":[\"https:\/\/www.facebook.com\/ManagementUndQualitaet\",\"https:\/\/www.linkedin.com\/showcase\/17982321\/admin\/\"]},{\"@type\":\"Person\",\"@id\":\"https:\/\/www.m-q.ch\/fr\/#\/schema\/person\/47d540e081acd98ccbeb69b55df653d7\",\"name\":\"Roger Str\u00e4ssle\",\"image\":{\"@type\":\"ImageObject\",\"inLanguage\":\"en-US\",\"@id\":\"https:\/\/www.m-q.ch\/fr\/#\/schema\/person\/image\/\",\"url\":\"https:\/\/secure.gravatar.com\/avatar\/e4dde3046d8a184d2e2d27651a418883?s=96&d=mm&r=g\",\"contentUrl\":\"https:\/\/secure.gravatar.com\/avatar\/e4dde3046d8a184d2e2d27651a418883?s=96&d=mm&r=g\",\"caption\":\"Roger Str\u00e4ssle\"},\"url\":\"https:\/\/www.m-q.ch\/en\/author\/roger-straessle\/\"}]}<\/script>\n<!-- \/ Yoast SEO plugin. -->","yoast_head_json":{"title":"Two new technology transfer centres - MQ Management and Quality","description":"The umbrella organization for the development of technology transfer centers in the field of advanced manufacturing technologies establishes two new centers.","robots":{"index":"index","follow":"follow","max-snippet":"max-snippet:-1","max-image-preview":"max-image-preview:large","max-video-preview":"max-video-preview:-1"},"canonical":"https:\/\/www.m-q.ch\/en\/two-new-technology-transfer-centers\/","og_locale":"en_US","og_type":"article","og_title":"Zwei neue Technologietransferzentren - MQ Management und Qualit\u00e4t","og_description":"Der Dachverband zum Aufbau von Technologietransferzentren im Bereich fortschrittlicher Fertigungstechnologien etabliert zwei neue Zentren.","og_url":"https:\/\/www.m-q.ch\/en\/two-new-technology-transfer-centers\/","og_site_name":"MQ Management und Qualit\u00e4t","article_publisher":"https:\/\/www.facebook.com\/ManagementUndQualitaet","article_published_time":"2019-10-14T13:48:25+00:00","article_modified_time":"2019-10-17T13:55:13+00:00","og_image":[{"width":870,"height":489,"url":"https:\/\/www.m-q.ch\/wp-content\/uploads\/2019\/10\/Stopperbild-AM-TTC.jpg","type":"image\/jpeg"}],"author":"Roger Str\u00e4ssle","twitter_card":"summary_large_image","twitter_misc":{"Written by":"Roger Str\u00e4ssle","Est. reading time":"3 minutes"},"schema":{"@context":"https:\/\/schema.org","@graph":[{"@type":"Article","@id":"https:\/\/www.m-q.ch\/de\/zwei-neue-technologietransferzentren\/#article","isPartOf":{"@id":"https:\/\/www.m-q.ch\/de\/zwei-neue-technologietransferzentren\/"},"author":{"name":"Roger Str\u00e4ssle","@id":"https:\/\/www.m-q.ch\/fr\/#\/schema\/person\/47d540e081acd98ccbeb69b55df653d7"},"headline":"Zwei neue Technologietransferzentren","datePublished":"2019-10-14T13:48:25+00:00","dateModified":"2019-10-17T13:55:13+00:00","mainEntityOfPage":{"@id":"https:\/\/www.m-q.ch\/de\/zwei-neue-technologietransferzentren\/"},"wordCount":547,"commentCount":0,"publisher":{"@id":"https:\/\/www.m-q.ch\/fr\/#organization"},"image":{"@id":"https:\/\/www.m-q.ch\/de\/zwei-neue-technologietransferzentren\/#primaryimage"},"thumbnailUrl":"https:\/\/www.m-q.ch\/wp-content\/uploads\/2019\/10\/Stopperbild-AM-TTC.jpg","keywords":["Bund","F\u00f6rdergelder","Forschung","Schweiz","Technologiezentren","Transfer"],"articleSection":["Unkategorisiert"],"inLanguage":"en-US"},{"@type":"WebPage","@id":"https:\/\/www.m-q.ch\/de\/zwei-neue-technologietransferzentren\/","url":"https:\/\/www.m-q.ch\/de\/zwei-neue-technologietransferzentren\/","name":"Two new technology transfer centres - MQ Management and Quality","isPartOf":{"@id":"https:\/\/www.m-q.ch\/fr\/#website"},"primaryImageOfPage":{"@id":"https:\/\/www.m-q.ch\/de\/zwei-neue-technologietransferzentren\/#primaryimage"},"image":{"@id":"https:\/\/www.m-q.ch\/de\/zwei-neue-technologietransferzentren\/#primaryimage"},"thumbnailUrl":"https:\/\/www.m-q.ch\/wp-content\/uploads\/2019\/10\/Stopperbild-AM-TTC.jpg","datePublished":"2019-10-14T13:48:25+00:00","dateModified":"2019-10-17T13:55:13+00:00","description":"The umbrella organization for the development of technology transfer centers in the field of advanced manufacturing technologies establishes two new centers.","breadcrumb":{"@id":"https:\/\/www.m-q.ch\/de\/zwei-neue-technologietransferzentren\/#breadcrumb"},"inLanguage":"en-US","potentialAction":[{"@type":"ReadAction","target":["https:\/\/www.m-q.ch\/de\/zwei-neue-technologietransferzentren\/"]}]},{"@type":"ImageObject","inLanguage":"en-US","@id":"https:\/\/www.m-q.ch\/de\/zwei-neue-technologietransferzentren\/#primaryimage","url":"https:\/\/www.m-q.ch\/wp-content\/uploads\/2019\/10\/Stopperbild-AM-TTC.jpg","contentUrl":"https:\/\/www.m-q.ch\/wp-content\/uploads\/2019\/10\/Stopperbild-AM-TTC.jpg","width":870,"height":489,"caption":"Produktionstechnologien sind ein Schl\u00fcssel, um die Schweiz als modernen Produktionsstandort zu erhalten. (Bild: Empa)"},{"@type":"BreadcrumbList","@id":"https:\/\/www.m-q.ch\/de\/zwei-neue-technologietransferzentren\/#breadcrumb","itemListElement":[{"@type":"ListItem","position":1,"name":"Unkategorisiert","item":"https:\/\/www.m-q.ch\/it\/categoria\/senza-categoria\/"},{"@type":"ListItem","position":2,"name":"Zwei neue Technologietransferzentren"}]},{"@type":"WebSite","@id":"https:\/\/www.m-q.ch\/fr\/#website","url":"https:\/\/www.m-q.ch\/fr\/","name":"MQ Management and Quality","description":"Platform for integrated management systems.","publisher":{"@id":"https:\/\/www.m-q.ch\/fr\/#organization"},"potentialAction":[{"@type":"SearchAction","target":{"@type":"EntryPoint","urlTemplate":"https:\/\/www.m-q.ch\/fr\/?s={search_term_string}"},"query-input":{"@type":"PropertyValueSpecification","valueRequired":true,"valueName":"search_term_string"}}],"inLanguage":"en-US"},{"@type":"Organization","@id":"https:\/\/www.m-q.ch\/fr\/#organization","name":"Galledia Trade Media AG","url":"https:\/\/www.m-q.ch\/fr\/","logo":{"@type":"ImageObject","inLanguage":"en-US","@id":"https:\/\/www.m-q.ch\/fr\/#\/schema\/logo\/image\/","url":"https:\/\/www.m-q.ch\/wp-content\/uploads\/2020\/12\/cropped-logo_small.png","contentUrl":"https:\/\/www.m-q.ch\/wp-content\/uploads\/2020\/12\/cropped-logo_small.png","width":512,"height":512,"caption":"Galledia Fachmedien AG"},"image":{"@id":"https:\/\/www.m-q.ch\/fr\/#\/schema\/logo\/image\/"},"sameAs":["https:\/\/www.facebook.com\/ManagementUndQualitaet","https:\/\/www.linkedin.com\/showcase\/17982321\/admin\/"]},{"@type":"Person","@id":"https:\/\/www.m-q.ch\/fr\/#\/schema\/person\/47d540e081acd98ccbeb69b55df653d7","name":"Roger Str\u00e4ssle","image":{"@type":"ImageObject","inLanguage":"en-US","@id":"https:\/\/www.m-q.ch\/fr\/#\/schema\/person\/image\/","url":"https:\/\/secure.gravatar.com\/avatar\/e4dde3046d8a184d2e2d27651a418883?s=96&d=mm&r=g","contentUrl":"https:\/\/secure.gravatar.com\/avatar\/e4dde3046d8a184d2e2d27651a418883?s=96&d=mm&r=g","caption":"Roger Str\u00e4ssle"},"url":"https:\/\/www.m-q.ch\/en\/author\/roger-straessle\/"}]}},"_links":{"self":[{"href":"https:\/\/www.m-q.ch\/en\/wp-json\/wp\/v2\/posts\/3609","targetHints":{"allow":["GET"]}}],"collection":[{"href":"https:\/\/www.m-q.ch\/en\/wp-json\/wp\/v2\/posts"}],"about":[{"href":"https:\/\/www.m-q.ch\/en\/wp-json\/wp\/v2\/types\/post"}],"author":[{"embeddable":true,"href":"https:\/\/www.m-q.ch\/en\/wp-json\/wp\/v2\/users\/35"}],"replies":[{"embeddable":true,"href":"https:\/\/www.m-q.ch\/en\/wp-json\/wp\/v2\/comments?post=3609"}],"version-history":[{"count":1,"href":"https:\/\/www.m-q.ch\/en\/wp-json\/wp\/v2\/posts\/3609\/revisions"}],"predecessor-version":[{"id":3611,"href":"https:\/\/www.m-q.ch\/en\/wp-json\/wp\/v2\/posts\/3609\/revisions\/3611"}],"wp:featuredmedia":[{"embeddable":true,"href":"https:\/\/www.m-q.ch\/en\/wp-json\/wp\/v2\/media\/3610"}],"wp:attachment":[{"href":"https:\/\/www.m-q.ch\/en\/wp-json\/wp\/v2\/media?parent=3609"}],"wp:term":[{"taxonomy":"category","embeddable":true,"href":"https:\/\/www.m-q.ch\/en\/wp-json\/wp\/v2\/categories?post=3609"},{"taxonomy":"post_tag","embeddable":true,"href":"https:\/\/www.m-q.ch\/en\/wp-json\/wp\/v2\/tags?post=3609"}],"curies":[{"name":"wp","href":"https:\/\/api.w.org\/{rel}","templated":true}]}}