{"id":381,"date":"2016-04-20T11:26:18","date_gmt":"2016-04-20T09:26:18","guid":{"rendered":"http:\/\/dev.m-q.ch\/?p=381"},"modified":"2017-02-24T13:19:15","modified_gmt":"2017-02-24T12:19:15","slug":"corporate-responsibility-pays-off-for-companies","status":"publish","type":"post","link":"https:\/\/www.m-q.ch\/en\/corporate-responsability-rechnet-sich-fuer-unternehmen\/","title":{"rendered":"Corporate responsability pays off for companies"},"content":{"rendered":"<p><a href=\"https:\/\/m-q.ch\/wp-content\/uploads\/2016\/12\/Corporate-Responsability-rechnet-sich-f\u00fcr-Unternehmen-management-und-qualitaet.jpg\"><img loading=\"lazy\" decoding=\"async\" class=\"alignnone wp-image-79 size-full\" src=\"https:\/\/www.m-q.ch\/wp-content\/uploads\/2016\/12\/Corporate-Responsability-rechnet-sich-f\u00fcr-Unternehmen-management-und-qualitaet.jpg\" width=\"600\" height=\"400\" srcset=\"https:\/\/www.m-q.ch\/wp-content\/uploads\/2016\/12\/Corporate-Responsability-rechnet-sich-f\u00fcr-Unternehmen-management-und-qualitaet.jpg 600w, https:\/\/www.m-q.ch\/wp-content\/uploads\/2016\/12\/Corporate-Responsability-rechnet-sich-f\u00fcr-Unternehmen-management-und-qualitaet-16x12.jpg 16w, https:\/\/www.m-q.ch\/wp-content\/uploads\/2016\/12\/Corporate-Responsability-rechnet-sich-f\u00fcr-Unternehmen-management-und-qualitaet-263x175.jpg 263w, https:\/\/www.m-q.ch\/wp-content\/uploads\/2016\/12\/Corporate-Responsability-rechnet-sich-f\u00fcr-Unternehmen-management-und-qualitaet-525x350.jpg 525w, https:\/\/www.m-q.ch\/wp-content\/uploads\/2016\/12\/Corporate-Responsability-rechnet-sich-f\u00fcr-Unternehmen-management-und-qualitaet-300x200.jpg 300w\" sizes=\"auto, (max-width: 600px) 100vw, 600px\" \/><\/a><\/p>\n<p>Companies that focus on sustainability (NH) and corporate responsibility (CR) benefit economically. This is one of the key findings of a recent survey conducted by the Terra Institute in major Swiss companies. \"This result refutes a widespread prejudice of many bosses that sustainable thinking and acting is expensive, but that it does not bring any economic benefits,\" explains Ralf Nacke, who, together with Hans W. Steisslinger and G\u00fcnter Lenz, interviewed the managers responsible for CR and sustainability at companies such as COOP, Migros, Ikea, Die Post, Swiss Federal Railways, Swisscom, Swiss Re, Zurich Versicherung and Z\u00fcricher Kantonalbank.<\/p>\n<p><strong>Top management must support goals<\/strong><\/p>\n<p>The main advantages that companies associate with their NH\/CR commitment are<\/p>\n<ol>\n<li>Reputation\/Image<\/li>\n<li>Securing the future viability<\/li>\n<li>Greater employer attractiveness<\/li>\n<li>Cost savings<\/li>\n<\/ol>\n<p>To actually realize these advantages, this commitment must be lived in the organization and consistently supported by top management. The respondents explained that short-term thinking, cost pressure and the pressure to grow could lead to conflicting goals. Another problem, they said, is that the concepts of sustainability and corporate responsibility alone can hardly be applied to employees and customers. However, positive examples, such as those from Coop and Migros, would show that this can certainly be achieved with interesting topics. According to G\u00fcnter Lenz, a professional communication strategy is therefore required to give CR\/NH activities the desired impact.<\/p>\n<p><strong>Identify market potential at an early stage<\/strong><\/p>\n<p>The Terra Institute study, in the course of which 14 success factors were examined, also illustrates why sustainably acting companies are often more successful on the market than their conventional competitors. \"The pioneers recognize customer needs earlier and have more committed employees. They also act more value-oriented and know how to combine ecological sustainability goals and climate protection with cost savings and the use of new product and market potential,\" confirms Hans W. Steisslinger.<\/p>\n<p><strong>Desire and reality <\/strong><\/p>\n<p>The survey also reveals the reasons why there may be a gap between desire and reality with regard to sustainability and corporate responsibility in companies. The consultants found, for example, that these issues are still insufficiently anchored in corporate culture. Sometimes the human resources departments also do not sufficiently mobilise employees. In order to give companies the opportunity to better reconcile desire and reality, interested parties can download the detailed information on the results of this study and on the master's thesis \"Zielkonflikte zum CR\/NH-Engagement von Unternehmen wissenschaftlich beleuchtet\" (\"Conflicts of Objectives on Corporate CR\/NH Commitment\").<\/p>\n<p>via the websites <a href=\"http:\/\/www.terra-institute.eu\" target=\"_blank\" data-cke-saved-href=\"http:\/\/www.terra-institute.eu\">www.terra-institute.eu<\/a> and <a href=\"http:\/\/www.cmpartners.ch\/terra-institute-schweiz\/studie-erfolgsfaktoren\" target=\"_blank\" data-cke-saved-href=\"http:\/\/www.cmpartners.ch\/terra-institute-schweiz\/studie-erfolgsfaktoren\">www.cmpartners.ch\/terra-institute-schweiz\/studie-erfolgsfaktoren<\/a> request.<\/p>\n<p>Here they will also find articles on how to involve top management in sustainability projects, on CR fields of action and anchoring, as well as on corporate culture and NH\/CR communication.<\/p>\n<p>&nbsp;<\/p>","protected":false},"excerpt":{"rendered":"<p>Konzerne, die auf Nachhaltigkeit (NH) und Corporate Responsibility (CR) setzen, profitieren wirtschaftlich. Dies ist eine zentrale Erkenntnis einer Erhebung, die das Terra Institute j\u00fcngst in Schweizer Grossunternehmen durchgef\u00fchrt hat. &#8222;Dieses Ergebnis widerlegt ein verbreitetes Vorurteil vieler Chefs, dass nachhaltiges Denken und Handeln teuer sei, wirtschaftlich aber nichts bringe\u201c, erkl\u00e4rt Ralf Nacke, der gemeinsam mit Hans [&hellip;]<\/p>\n","protected":false},"author":1,"featured_media":79,"comment_status":"open","ping_status":"open","sticky":false,"template":"","format":"standard","meta":{"_acf_changed":false,"footnotes":""},"categories":[1],"tags":[3367],"class_list":["post-381","post","type-post","status-publish","format-standard","has-post-thumbnail","hentry","category-unkategorisiert","tag-nachhaltige-wirtschaft"],"acf":[],"yoast_head":"<!-- This site is optimized with the Yoast SEO plugin v26.2 - https:\/\/yoast.com\/wordpress\/plugins\/seo\/ -->\n<title>Corporate Responsability rechnet sich f\u00fcr Unternehmen - MQ Management und Qualit\u00e4t<\/title>\n<meta name=\"description\" content=\"Corporate Responsability: Der Erhalt der Zukunftsf\u00e4higkeit dank Wettbewerbs-, Image- und Kostenvorteile sind die wirtschaftlichen Effekte.\" \/>\n<meta name=\"robots\" content=\"index, follow, max-snippet:-1, max-image-preview:large, max-video-preview:-1\" \/>\n<link rel=\"canonical\" href=\"https:\/\/www.m-q.ch\/en\/corporate-responsibility-pays-off-for-companies\/\" \/>\n<meta property=\"og:locale\" content=\"en_US\" \/>\n<meta property=\"og:type\" content=\"article\" \/>\n<meta property=\"og:title\" content=\"Corporate Responsability rechnet sich f\u00fcr Unternehmen - MQ Management und Qualit\u00e4t\" \/>\n<meta property=\"og:description\" content=\"Corporate Responsability: Der Erhalt der Zukunftsf\u00e4higkeit dank Wettbewerbs-, Image- und Kostenvorteile sind die wirtschaftlichen Effekte.\" \/>\n<meta property=\"og:url\" content=\"https:\/\/www.m-q.ch\/en\/corporate-responsibility-pays-off-for-companies\/\" \/>\n<meta property=\"og:site_name\" content=\"MQ Management und Qualit\u00e4t\" \/>\n<meta property=\"article:publisher\" content=\"https:\/\/www.facebook.com\/ManagementUndQualitaet\" \/>\n<meta property=\"article:published_time\" content=\"2016-04-20T09:26:18+00:00\" \/>\n<meta property=\"article:modified_time\" content=\"2017-02-24T12:19:15+00:00\" \/>\n<meta property=\"og:image\" content=\"https:\/\/www.m-q.ch\/wp-content\/uploads\/2016\/12\/Corporate-Responsability-rechnet-sich-f\u00fcr-Unternehmen-management-und-qualitaet.jpg\" \/>\n\t<meta property=\"og:image:width\" content=\"600\" \/>\n\t<meta property=\"og:image:height\" content=\"400\" \/>\n\t<meta property=\"og:image:type\" content=\"image\/jpeg\" \/>\n<meta name=\"author\" content=\"galledia\" \/>\n<meta name=\"twitter:card\" content=\"summary_large_image\" \/>\n<meta name=\"twitter:label1\" content=\"Written by\" \/>\n\t<meta name=\"twitter:data1\" content=\"galledia\" \/>\n\t<meta name=\"twitter:label2\" content=\"Est. reading time\" \/>\n\t<meta name=\"twitter:data2\" content=\"2 minutes\" \/>\n<script type=\"application\/ld+json\" class=\"yoast-schema-graph\">{\"@context\":\"https:\/\/schema.org\",\"@graph\":[{\"@type\":\"Article\",\"@id\":\"https:\/\/www.m-q.ch\/de\/corporate-responsability-rechnet-sich-fuer-unternehmen\/#article\",\"isPartOf\":{\"@id\":\"https:\/\/www.m-q.ch\/de\/corporate-responsability-rechnet-sich-fuer-unternehmen\/\"},\"author\":{\"name\":\"galledia\",\"@id\":\"https:\/\/www.m-q.ch\/fr\/#\/schema\/person\/c0139a2c55a374db6df2cde78ec87148\"},\"headline\":\"Corporate Responsability rechnet sich f\u00fcr Unternehmen\",\"datePublished\":\"2016-04-20T09:26:18+00:00\",\"dateModified\":\"2017-02-24T12:19:15+00:00\",\"mainEntityOfPage\":{\"@id\":\"https:\/\/www.m-q.ch\/de\/corporate-responsability-rechnet-sich-fuer-unternehmen\/\"},\"wordCount\":425,\"commentCount\":0,\"publisher\":{\"@id\":\"https:\/\/www.m-q.ch\/fr\/#organization\"},\"image\":{\"@id\":\"https:\/\/www.m-q.ch\/de\/corporate-responsability-rechnet-sich-fuer-unternehmen\/#primaryimage\"},\"thumbnailUrl\":\"https:\/\/www.m-q.ch\/wp-content\/uploads\/2016\/12\/Corporate-Responsability-rechnet-sich-f\u00fcr-Unternehmen-management-und-qualitaet.jpg\",\"keywords\":[\"Nachhaltige Wirtschaft\"],\"articleSection\":[\"Unkategorisiert\"],\"inLanguage\":\"en-US\"},{\"@type\":\"WebPage\",\"@id\":\"https:\/\/www.m-q.ch\/de\/corporate-responsability-rechnet-sich-fuer-unternehmen\/\",\"url\":\"https:\/\/www.m-q.ch\/de\/corporate-responsability-rechnet-sich-fuer-unternehmen\/\",\"name\":\"Corporate Responsability rechnet sich f\u00fcr Unternehmen - MQ Management und Qualit\u00e4t\",\"isPartOf\":{\"@id\":\"https:\/\/www.m-q.ch\/fr\/#website\"},\"primaryImageOfPage\":{\"@id\":\"https:\/\/www.m-q.ch\/de\/corporate-responsability-rechnet-sich-fuer-unternehmen\/#primaryimage\"},\"image\":{\"@id\":\"https:\/\/www.m-q.ch\/de\/corporate-responsability-rechnet-sich-fuer-unternehmen\/#primaryimage\"},\"thumbnailUrl\":\"https:\/\/www.m-q.ch\/wp-content\/uploads\/2016\/12\/Corporate-Responsability-rechnet-sich-f\u00fcr-Unternehmen-management-und-qualitaet.jpg\",\"datePublished\":\"2016-04-20T09:26:18+00:00\",\"dateModified\":\"2017-02-24T12:19:15+00:00\",\"description\":\"Corporate Responsability: Der Erhalt der Zukunftsf\u00e4higkeit dank Wettbewerbs-, Image- und Kostenvorteile sind die wirtschaftlichen Effekte.\",\"breadcrumb\":{\"@id\":\"https:\/\/www.m-q.ch\/de\/corporate-responsability-rechnet-sich-fuer-unternehmen\/#breadcrumb\"},\"inLanguage\":\"en-US\",\"potentialAction\":[{\"@type\":\"ReadAction\",\"target\":[\"https:\/\/www.m-q.ch\/de\/corporate-responsability-rechnet-sich-fuer-unternehmen\/\"]}]},{\"@type\":\"ImageObject\",\"inLanguage\":\"en-US\",\"@id\":\"https:\/\/www.m-q.ch\/de\/corporate-responsability-rechnet-sich-fuer-unternehmen\/#primaryimage\",\"url\":\"https:\/\/www.m-q.ch\/wp-content\/uploads\/2016\/12\/Corporate-Responsability-rechnet-sich-f\u00fcr-Unternehmen-management-und-qualitaet.jpg\",\"contentUrl\":\"https:\/\/www.m-q.ch\/wp-content\/uploads\/2016\/12\/Corporate-Responsability-rechnet-sich-f\u00fcr-Unternehmen-management-und-qualitaet.jpg\",\"width\":600,\"height\":400},{\"@type\":\"BreadcrumbList\",\"@id\":\"https:\/\/www.m-q.ch\/de\/corporate-responsability-rechnet-sich-fuer-unternehmen\/#breadcrumb\",\"itemListElement\":[{\"@type\":\"ListItem\",\"position\":1,\"name\":\"Unkategorisiert\",\"item\":\"https:\/\/www.m-q.ch\/it\/categoria\/senza-categoria\/\"},{\"@type\":\"ListItem\",\"position\":2,\"name\":\"Corporate Responsability rechnet sich f\u00fcr Unternehmen\"}]},{\"@type\":\"WebSite\",\"@id\":\"https:\/\/www.m-q.ch\/fr\/#website\",\"url\":\"https:\/\/www.m-q.ch\/fr\/\",\"name\":\"MQ Management und Qualit\u00e4t\",\"description\":\"Plattform f\u00fcr integrierte Managementsysteme.\",\"publisher\":{\"@id\":\"https:\/\/www.m-q.ch\/fr\/#organization\"},\"potentialAction\":[{\"@type\":\"SearchAction\",\"target\":{\"@type\":\"EntryPoint\",\"urlTemplate\":\"https:\/\/www.m-q.ch\/fr\/?s={search_term_string}\"},\"query-input\":{\"@type\":\"PropertyValueSpecification\",\"valueRequired\":true,\"valueName\":\"search_term_string\"}}],\"inLanguage\":\"en-US\"},{\"@type\":\"Organization\",\"@id\":\"https:\/\/www.m-q.ch\/fr\/#organization\",\"name\":\"Galledia Fachmedien AG\",\"url\":\"https:\/\/www.m-q.ch\/fr\/\",\"logo\":{\"@type\":\"ImageObject\",\"inLanguage\":\"en-US\",\"@id\":\"https:\/\/www.m-q.ch\/fr\/#\/schema\/logo\/image\/\",\"url\":\"https:\/\/www.m-q.ch\/wp-content\/uploads\/2020\/12\/cropped-logo_small.png\",\"contentUrl\":\"https:\/\/www.m-q.ch\/wp-content\/uploads\/2020\/12\/cropped-logo_small.png\",\"width\":512,\"height\":512,\"caption\":\"Galledia Fachmedien AG\"},\"image\":{\"@id\":\"https:\/\/www.m-q.ch\/fr\/#\/schema\/logo\/image\/\"},\"sameAs\":[\"https:\/\/www.facebook.com\/ManagementUndQualitaet\",\"https:\/\/www.linkedin.com\/showcase\/17982321\/admin\/\"]},{\"@type\":\"Person\",\"@id\":\"https:\/\/www.m-q.ch\/fr\/#\/schema\/person\/c0139a2c55a374db6df2cde78ec87148\",\"name\":\"galledia\",\"image\":{\"@type\":\"ImageObject\",\"inLanguage\":\"en-US\",\"@id\":\"https:\/\/www.m-q.ch\/fr\/#\/schema\/person\/image\/\",\"url\":\"https:\/\/secure.gravatar.com\/avatar\/66edf527eac29e9a5eb25bcada01f61a?s=96&d=mm&r=g\",\"contentUrl\":\"https:\/\/secure.gravatar.com\/avatar\/66edf527eac29e9a5eb25bcada01f61a?s=96&d=mm&r=g\",\"caption\":\"galledia\"},\"url\":\"https:\/\/www.m-q.ch\/en\/author\/galledia\/\"}]}<\/script>\n<!-- \/ Yoast SEO plugin. -->","yoast_head_json":{"title":"Corporate Responsibility pays off for companies - MQ Management und Qualit\u00e4t","description":"Corporate Responsibility: Maintaining future viability thanks to competitive, image and cost advantages are the economic effects.","robots":{"index":"index","follow":"follow","max-snippet":"max-snippet:-1","max-image-preview":"max-image-preview:large","max-video-preview":"max-video-preview:-1"},"canonical":"https:\/\/www.m-q.ch\/en\/corporate-responsibility-pays-off-for-companies\/","og_locale":"en_US","og_type":"article","og_title":"Corporate Responsability rechnet sich f\u00fcr Unternehmen - MQ Management und Qualit\u00e4t","og_description":"Corporate Responsability: Der Erhalt der Zukunftsf\u00e4higkeit dank Wettbewerbs-, Image- und Kostenvorteile sind die wirtschaftlichen Effekte.","og_url":"https:\/\/www.m-q.ch\/en\/corporate-responsibility-pays-off-for-companies\/","og_site_name":"MQ Management und Qualit\u00e4t","article_publisher":"https:\/\/www.facebook.com\/ManagementUndQualitaet","article_published_time":"2016-04-20T09:26:18+00:00","article_modified_time":"2017-02-24T12:19:15+00:00","og_image":[{"width":600,"height":400,"url":"https:\/\/www.m-q.ch\/wp-content\/uploads\/2016\/12\/Corporate-Responsability-rechnet-sich-f\u00fcr-Unternehmen-management-und-qualitaet.jpg","type":"image\/jpeg"}],"author":"galledia","twitter_card":"summary_large_image","twitter_misc":{"Written by":"galledia","Est. reading time":"2 minutes"},"schema":{"@context":"https:\/\/schema.org","@graph":[{"@type":"Article","@id":"https:\/\/www.m-q.ch\/de\/corporate-responsability-rechnet-sich-fuer-unternehmen\/#article","isPartOf":{"@id":"https:\/\/www.m-q.ch\/de\/corporate-responsability-rechnet-sich-fuer-unternehmen\/"},"author":{"name":"galledia","@id":"https:\/\/www.m-q.ch\/fr\/#\/schema\/person\/c0139a2c55a374db6df2cde78ec87148"},"headline":"Corporate Responsability rechnet sich f\u00fcr Unternehmen","datePublished":"2016-04-20T09:26:18+00:00","dateModified":"2017-02-24T12:19:15+00:00","mainEntityOfPage":{"@id":"https:\/\/www.m-q.ch\/de\/corporate-responsability-rechnet-sich-fuer-unternehmen\/"},"wordCount":425,"commentCount":0,"publisher":{"@id":"https:\/\/www.m-q.ch\/fr\/#organization"},"image":{"@id":"https:\/\/www.m-q.ch\/de\/corporate-responsability-rechnet-sich-fuer-unternehmen\/#primaryimage"},"thumbnailUrl":"https:\/\/www.m-q.ch\/wp-content\/uploads\/2016\/12\/Corporate-Responsability-rechnet-sich-f\u00fcr-Unternehmen-management-und-qualitaet.jpg","keywords":["Nachhaltige Wirtschaft"],"articleSection":["Unkategorisiert"],"inLanguage":"en-US"},{"@type":"WebPage","@id":"https:\/\/www.m-q.ch\/de\/corporate-responsability-rechnet-sich-fuer-unternehmen\/","url":"https:\/\/www.m-q.ch\/de\/corporate-responsability-rechnet-sich-fuer-unternehmen\/","name":"Corporate Responsibility pays off for companies - MQ Management und Qualit\u00e4t","isPartOf":{"@id":"https:\/\/www.m-q.ch\/fr\/#website"},"primaryImageOfPage":{"@id":"https:\/\/www.m-q.ch\/de\/corporate-responsability-rechnet-sich-fuer-unternehmen\/#primaryimage"},"image":{"@id":"https:\/\/www.m-q.ch\/de\/corporate-responsability-rechnet-sich-fuer-unternehmen\/#primaryimage"},"thumbnailUrl":"https:\/\/www.m-q.ch\/wp-content\/uploads\/2016\/12\/Corporate-Responsability-rechnet-sich-f\u00fcr-Unternehmen-management-und-qualitaet.jpg","datePublished":"2016-04-20T09:26:18+00:00","dateModified":"2017-02-24T12:19:15+00:00","description":"Corporate Responsibility: Maintaining future viability thanks to competitive, image and cost advantages are the economic effects.","breadcrumb":{"@id":"https:\/\/www.m-q.ch\/de\/corporate-responsability-rechnet-sich-fuer-unternehmen\/#breadcrumb"},"inLanguage":"en-US","potentialAction":[{"@type":"ReadAction","target":["https:\/\/www.m-q.ch\/de\/corporate-responsability-rechnet-sich-fuer-unternehmen\/"]}]},{"@type":"ImageObject","inLanguage":"en-US","@id":"https:\/\/www.m-q.ch\/de\/corporate-responsability-rechnet-sich-fuer-unternehmen\/#primaryimage","url":"https:\/\/www.m-q.ch\/wp-content\/uploads\/2016\/12\/Corporate-Responsability-rechnet-sich-f\u00fcr-Unternehmen-management-und-qualitaet.jpg","contentUrl":"https:\/\/www.m-q.ch\/wp-content\/uploads\/2016\/12\/Corporate-Responsability-rechnet-sich-f\u00fcr-Unternehmen-management-und-qualitaet.jpg","width":600,"height":400},{"@type":"BreadcrumbList","@id":"https:\/\/www.m-q.ch\/de\/corporate-responsability-rechnet-sich-fuer-unternehmen\/#breadcrumb","itemListElement":[{"@type":"ListItem","position":1,"name":"Unkategorisiert","item":"https:\/\/www.m-q.ch\/it\/categoria\/senza-categoria\/"},{"@type":"ListItem","position":2,"name":"Corporate Responsability rechnet sich f\u00fcr Unternehmen"}]},{"@type":"WebSite","@id":"https:\/\/www.m-q.ch\/fr\/#website","url":"https:\/\/www.m-q.ch\/fr\/","name":"MQ Management and Quality","description":"Platform for integrated management systems.","publisher":{"@id":"https:\/\/www.m-q.ch\/fr\/#organization"},"potentialAction":[{"@type":"SearchAction","target":{"@type":"EntryPoint","urlTemplate":"https:\/\/www.m-q.ch\/fr\/?s={search_term_string}"},"query-input":{"@type":"PropertyValueSpecification","valueRequired":true,"valueName":"search_term_string"}}],"inLanguage":"en-US"},{"@type":"Organization","@id":"https:\/\/www.m-q.ch\/fr\/#organization","name":"Galledia Trade Media AG","url":"https:\/\/www.m-q.ch\/fr\/","logo":{"@type":"ImageObject","inLanguage":"en-US","@id":"https:\/\/www.m-q.ch\/fr\/#\/schema\/logo\/image\/","url":"https:\/\/www.m-q.ch\/wp-content\/uploads\/2020\/12\/cropped-logo_small.png","contentUrl":"https:\/\/www.m-q.ch\/wp-content\/uploads\/2020\/12\/cropped-logo_small.png","width":512,"height":512,"caption":"Galledia Fachmedien AG"},"image":{"@id":"https:\/\/www.m-q.ch\/fr\/#\/schema\/logo\/image\/"},"sameAs":["https:\/\/www.facebook.com\/ManagementUndQualitaet","https:\/\/www.linkedin.com\/showcase\/17982321\/admin\/"]},{"@type":"Person","@id":"https:\/\/www.m-q.ch\/fr\/#\/schema\/person\/c0139a2c55a374db6df2cde78ec87148","name":"galledia","image":{"@type":"ImageObject","inLanguage":"en-US","@id":"https:\/\/www.m-q.ch\/fr\/#\/schema\/person\/image\/","url":"https:\/\/secure.gravatar.com\/avatar\/66edf527eac29e9a5eb25bcada01f61a?s=96&d=mm&r=g","contentUrl":"https:\/\/secure.gravatar.com\/avatar\/66edf527eac29e9a5eb25bcada01f61a?s=96&d=mm&r=g","caption":"galledia"},"url":"https:\/\/www.m-q.ch\/en\/author\/galledia\/"}]}},"_links":{"self":[{"href":"https:\/\/www.m-q.ch\/en\/wp-json\/wp\/v2\/posts\/381","targetHints":{"allow":["GET"]}}],"collection":[{"href":"https:\/\/www.m-q.ch\/en\/wp-json\/wp\/v2\/posts"}],"about":[{"href":"https:\/\/www.m-q.ch\/en\/wp-json\/wp\/v2\/types\/post"}],"author":[{"embeddable":true,"href":"https:\/\/www.m-q.ch\/en\/wp-json\/wp\/v2\/users\/1"}],"replies":[{"embeddable":true,"href":"https:\/\/www.m-q.ch\/en\/wp-json\/wp\/v2\/comments?post=381"}],"version-history":[{"count":2,"href":"https:\/\/www.m-q.ch\/en\/wp-json\/wp\/v2\/posts\/381\/revisions"}],"predecessor-version":[{"id":965,"href":"https:\/\/www.m-q.ch\/en\/wp-json\/wp\/v2\/posts\/381\/revisions\/965"}],"wp:featuredmedia":[{"embeddable":true,"href":"https:\/\/www.m-q.ch\/en\/wp-json\/wp\/v2\/media\/79"}],"wp:attachment":[{"href":"https:\/\/www.m-q.ch\/en\/wp-json\/wp\/v2\/media?parent=381"}],"wp:term":[{"taxonomy":"category","embeddable":true,"href":"https:\/\/www.m-q.ch\/en\/wp-json\/wp\/v2\/categories?post=381"},{"taxonomy":"post_tag","embeddable":true,"href":"https:\/\/www.m-q.ch\/en\/wp-json\/wp\/v2\/tags?post=381"}],"curies":[{"name":"wp","href":"https:\/\/api.w.org\/{rel}","templated":true}]}}